{"id":84588,"date":"2019-12-05T16:25:18","date_gmt":"2019-12-05T16:25:18","guid":{"rendered":"https:\/\/raed.academy\/?p=84588"},"modified":"2019-12-06T12:36:04","modified_gmt":"2019-12-06T12:36:04","slug":"academics-de-la-nostra-historia-centenaria-jorge-xifra-heras","status":"publish","type":"post","link":"https:\/\/raed.academy\/ca\/academics-de-la-nostra-historia-centenaria-jorge-xifra-heras\/","title":{"rendered":"Acad\u00e8mics de la nostra hist\u00f2ria centen\u00e0ria: Jorge Xifra Heras"},"content":{"rendered":"<p><img loading=\"lazy\" decoding=\"async\" class=\"circular alignleft wp-image-84433 size-full\" src=\"https:\/\/raed.academy\/wp-content\/uploads\/2019\/12\/Jorge-Xifra-Heras-caja-circ.jpg\" sizes=\"(max-width: 190px) 100vw, 190px\" srcset=\"https:\/\/raed.academy\/wp-content\/uploads\/2019\/12\/Jorge-Xifra-Heras-caja-circ.jpg 190w, https:\/\/raed.academy\/wp-content\/uploads\/2019\/12\/Jorge-Xifra-Heras-caja-circ-150x150.jpg 150w\" alt=\"Jorge Xifra Heras\" width=\"190\" height=\"190\" data-attachment-id=\"84433\" data-permalink=\"https:\/\/raed.academy\/academicos-de-nuestra-historia-centenaria-jorge-xifra-heras\/jorge-xifra-heras-caja-circ-2\/\" data-orig-file=\"https:\/\/raed.academy\/wp-content\/uploads\/2019\/12\/Jorge-Xifra-Heras-caja-circ.jpg\" data-orig-size=\"190,190\" data-comments-opened=\"0\" data-image-meta=\"{&quot;aperture&quot;:&quot;0&quot;,&quot;credit&quot;:&quot;&quot;,&quot;camera&quot;:&quot;&quot;,&quot;caption&quot;:&quot;&quot;,&quot;created_timestamp&quot;:&quot;0&quot;,&quot;copyright&quot;:&quot;&quot;,&quot;focal_length&quot;:&quot;0&quot;,&quot;iso&quot;:&quot;0&quot;,&quot;shutter_speed&quot;:&quot;0&quot;,&quot;title&quot;:&quot;&quot;,&quot;orientation&quot;:&quot;0&quot;}\" data-image-title=\"Jorge Xifra Heras caja-circ\" data-image-description=\"\" data-medium-file=\"https:\/\/raed.academy\/wp-content\/uploads\/2019\/12\/Jorge-Xifra-Heras-caja-circ.jpg\" data-large-file=\"https:\/\/raed.academy\/wp-content\/uploads\/2019\/12\/Jorge-Xifra-Heras-caja-circ.jpg\" \/>La <strong>Reial Acad\u00e8mia Europea de Doctors-Barcelona 1914<\/strong> (RAED) prossegueix amb la s\u00e8rie que dedica als acad\u00e8mics m\u00e9s notables de la seva centen\u00e0ria hist\u00f2ria i dedica aquest vint\u00e8 lliurament, com els tres anteriors, al quart dels presidents que ha tingut des de la seva fundaci\u00f3 a principis de segle XX fins a completar un cicle dedicat a tots els seus m\u00e0xims representants institucionals ja desapareguts. En aquest cas es recorda la figura de <strong>Jorge Xifra Heras<\/strong>, que va ocupar el c\u00e0rrec de deg\u00e0-president de la ja anomenada Acad\u00e8mia de Doctors del Districte Universitari de Barcelona entre el 1964 i el 1979. Una altra de les grans figures de la ci\u00e8ncia i el pensament que han format part de la RAED i que l&#8217;actual Junta de Govern vol agrair, recon\u00e8ixer i reivindicar, en el convenciment que qui no t\u00e9 mem\u00f2ria, no t\u00e9 futur. La selecci\u00f3 d&#8217;aquests selectes acad\u00e8mics, de tots els \u00e0mbits del coneixement, \u00e9s fruit de la investigaci\u00f3 duta a terme per la publicaci\u00f3 del <strong>&#8220;Llibre de l&#8217;Centenari&#8221;<\/strong> de la Reial Acad\u00e8mia, editat fa ja tres anys. Personalitats que transcendeixen el seu context hist\u00f2ric per apar\u00e8ixer avui en dia com a referents del coneixement.<\/p>\n<p>Nascut a Figueres el 1926, Xifra es va doctorar en Dret i en Ci\u00e8ncies Pol\u00edtiques i va assumir la <strong>C\u00e0tedra de Dret P\u00fablic, Teoria de l&#8217;Estat i Sociologia<\/strong> de la <a href=\"http:\/\/www.ub.edu\" target=\"_blank\" rel=\"noopener noreferrer\"><strong>Universitat de Barcelona<\/strong><\/a>. Aix\u00ed mateix, el 1963 va ser designat director de l&#8217;<strong>Institut de Ci\u00e8ncies Socials<\/strong> de la <a href=\"http:\/\/www.diba.cat\" target=\"_blank\" rel=\"noopener noreferrer\"><strong>Diputaci\u00f3 de Barcelona<\/strong><\/a> i de l&#8217;<strong>Escola Superior de Relacions P\u00fabliques<\/strong> de la Universitat de Barcelona, \u200b\u200buna instituci\u00f3 molt vinculada a l&#8217;acad\u00e8mia durant els seus anys com a president. Va ser tamb\u00e9 vicepresident de la delegaci\u00f3 espanyola de l&#8217;<strong>Associaci\u00f3 Internacional d&#8217;Estudis i Investigacions sobre la Informaci\u00f3<\/strong>. \u00c9s autor d&#8217;obres de refer\u00e8ncia com ara <strong>&#8220;El condado (the county) en el Reino Unido y en los Estados Unidos&#8221;<\/strong>, <strong>&#8220;Formas y fuerzas pol\u00edticas&#8221;<\/strong>, <strong>&#8220;La informaci\u00f3n. An\u00e1lisis de una libertad frustrada&#8221;<\/strong>, <strong>&#8220;Instituciones y sistemas pol\u00edticos. La estructura constitucional de Espa\u00f1a&#8221;<\/strong>, <strong>&#8220;Introducci\u00f3n al estudio de las modernas tendencias pol\u00edticas: ensayo sobre la intensidad y subjetivaci\u00f3n del poder&#8221;<\/strong>, <strong>&#8220;Las ideolog\u00edas del poder en la antig\u00fcedad&#8221;<\/strong>, <strong>&#8220;Constitucions, partits i autonomies (1808-1978)&#8221;<\/strong> o <strong>&#8220;Introducci\u00f3n al estudio de las modernas tendencias pol\u00edticas&#8221;<\/strong>, entre d&#8217;altres. La seva tasca docent i investigadora li van valer el reconeixement amb l&#8217;<strong>Ordre d&#8217;Isabel la Cat\u00f2lica<\/strong>.<\/p>\n<p>Elegit president de l&#8217;Acad\u00e8mia despr\u00e9s de la desaparici\u00f3 de <strong>Guillermo de Benavent<\/strong>, la seva tasca es va centrar en dotar la instituci\u00f3 d&#8217;un cicle d&#8217;activitats de contingut acad\u00e8mic amb destacades figures de tots els camps del coneixement, l&#8217;edici\u00f3 dels primers <strong>Anuaris<\/strong> amb els treballs cient\u00edfics presentats i la posada en marxa d&#8217;una intensa activitat interna mitjan\u00e7ant la convocat\u00f2ria regular de juntes generals ordin\u00e0ries i extraordin\u00e0ries. En aquesta \u00e8poca, l&#8217;Acad\u00e8mia inicia una relaci\u00f3 institucional fluida amb l&#8217;<a href=\"https:\/\/ajuntament.barcelona.cat\" target=\"_blank\" rel=\"noopener noreferrer\"><strong>Ajuntament<\/strong><\/a> i la Universitat de Barcelona, \u200b\u200bon estableix la seva seu.<\/p>\n<p>El mandat Xifra va destacar tamb\u00e9 per l&#8217;activaci\u00f3 de l&#8217;Acad\u00e8mia augmentant el nombre de membres, que van arribar a superar els 250 acad\u00e8mics numeraris i els 50 d&#8217;honor, i dotant-la d&#8217;un pressupost d&#8217;acord amb la seva activitat. S\u00f3n anys en qu\u00e8 la Junta de Govern aprova l&#8217;ingr\u00e9s com acad\u00e8mics d&#8217;honor de destacades figures i que la instituci\u00f3 es professionalitza puntualment i realitza els seus primers contractes per a l&#8217;organitzaci\u00f3 d&#8217;alguns esdeveniments, com el primer <strong>Simposi del Doctorat<\/strong>, i en qu\u00e8 les inauguracions de cada curs acad\u00e8mic es consoliden com un esdeveniment de refer\u00e8ncia. El 1977, encara sota la presid\u00e8ncia de Xifra, la instituci\u00f3 passa a denominar-se Acad\u00e8mia de Doctors de Catalunya i Balears.<\/p>\n<p>&nbsp;<\/p>\n<div id=\"attachment_84436\" style=\"width: 1089px\" class=\"wp-caption aligncenter\"><img loading=\"lazy\" decoding=\"async\" aria-describedby=\"caption-attachment-84436\" class=\"wp-image-84436 size-full\" src=\"https:\/\/raed.academy\/wp-content\/uploads\/2019\/12\/Dr-Jorge-Xifra-Heras-preside-conferencia.jpg\" sizes=\"(max-width: 1079px) 100vw, 1079px\" srcset=\"https:\/\/raed.academy\/wp-content\/uploads\/2019\/12\/Dr-Jorge-Xifra-Heras-preside-conferencia.jpg 1079w, https:\/\/raed.academy\/wp-content\/uploads\/2019\/12\/Dr-Jorge-Xifra-Heras-preside-conferencia-768x339.jpg 768w\" alt=\"El decano Dr. Jorge Xifra Heras presidiendo una conferencia\" width=\"1079\" height=\"476\" aria-describedby=\"caption-attachment-84436\" data-attachment-id=\"84436\" data-permalink=\"https:\/\/raed.academy\/academicos-de-nuestra-historia-centenaria-jorge-xifra-heras\/dr-jorge-xifra-heras-preside-conferencia-2\/\" data-orig-file=\"https:\/\/raed.academy\/wp-content\/uploads\/2019\/12\/Dr-Jorge-Xifra-Heras-preside-conferencia.jpg\" data-orig-size=\"1079,476\" data-comments-opened=\"0\" data-image-meta=\"{&quot;aperture&quot;:&quot;0&quot;,&quot;credit&quot;:&quot;&quot;,&quot;camera&quot;:&quot;&quot;,&quot;caption&quot;:&quot;&quot;,&quot;created_timestamp&quot;:&quot;0&quot;,&quot;copyright&quot;:&quot;&quot;,&quot;focal_length&quot;:&quot;0&quot;,&quot;iso&quot;:&quot;0&quot;,&quot;shutter_speed&quot;:&quot;0&quot;,&quot;title&quot;:&quot;&quot;,&quot;orientation&quot;:&quot;0&quot;}\" data-image-title=\"Dr-Jorge-Xifra-Heras-preside-conferencia\" data-image-description=\"\" data-medium-file=\"https:\/\/raed.academy\/wp-content\/uploads\/2019\/12\/Dr-Jorge-Xifra-Heras-preside-conferencia.jpg\" data-large-file=\"https:\/\/raed.academy\/wp-content\/uploads\/2019\/12\/Dr-Jorge-Xifra-Heras-preside-conferencia.jpg\" \/><p id=\"caption-attachment-84436\" class=\"wp-caption-text\">El deg\u00e0 Dr. Xifra presidint una de les confer\u00e8ncies celebrades durant la primera etapa del seu mandat.<\/p><\/div>\n<div id=\"attachment_84439\" style=\"width: 1087px\" class=\"wp-caption aligncenter\"><img loading=\"lazy\" decoding=\"async\" aria-describedby=\"caption-attachment-84439\" class=\"wp-image-84439 size-full\" src=\"https:\/\/raed.academy\/wp-content\/uploads\/2019\/12\/Mesa-presidencial-de-la-apertura-del-curso-acad\u00e9mico-1967-1968.jpg\" sizes=\"(max-width: 1077px) 100vw, 1077px\" srcset=\"https:\/\/raed.academy\/wp-content\/uploads\/2019\/12\/Mesa-presidencial-de-la-apertura-del-curso-acad\u00e9mico-1967-1968.jpg 1077w, https:\/\/raed.academy\/wp-content\/uploads\/2019\/12\/Mesa-presidencial-de-la-apertura-del-curso-acad\u00e9mico-1967-1968-768x239.jpg 768w\" alt=\"Mesa presidencial de la apertura del curso acad\u00e9mico 1967-1968 celebrada en el parainfo de la Universidad de Barcelona.\" width=\"1077\" height=\"335\" aria-describedby=\"caption-attachment-84439\" data-attachment-id=\"84439\" data-permalink=\"https:\/\/raed.academy\/academicos-de-nuestra-historia-centenaria-jorge-xifra-heras\/mesa-presidencial-de-la-apertura-del-curso-academico-1967-1968-2\/\" data-orig-file=\"https:\/\/raed.academy\/wp-content\/uploads\/2019\/12\/Mesa-presidencial-de-la-apertura-del-curso-acad\u00e9mico-1967-1968.jpg\" data-orig-size=\"1077,335\" data-comments-opened=\"0\" data-image-meta=\"{&quot;aperture&quot;:&quot;0&quot;,&quot;credit&quot;:&quot;&quot;,&quot;camera&quot;:&quot;&quot;,&quot;caption&quot;:&quot;&quot;,&quot;created_timestamp&quot;:&quot;0&quot;,&quot;copyright&quot;:&quot;&quot;,&quot;focal_length&quot;:&quot;0&quot;,&quot;iso&quot;:&quot;0&quot;,&quot;shutter_speed&quot;:&quot;0&quot;,&quot;title&quot;:&quot;&quot;,&quot;orientation&quot;:&quot;0&quot;}\" data-image-title=\"Mesa-presidencial-de-la-apertura-del-curso-acad\u00e9mico-1967-1968\" data-image-description=\"\" data-medium-file=\"https:\/\/raed.academy\/wp-content\/uploads\/2019\/12\/Mesa-presidencial-de-la-apertura-del-curso-acad\u00e9mico-1967-1968.jpg\" data-large-file=\"https:\/\/raed.academy\/wp-content\/uploads\/2019\/12\/Mesa-presidencial-de-la-apertura-del-curso-acad\u00e9mico-1967-1968.jpg\" \/><p id=\"caption-attachment-84439\" class=\"wp-caption-text\">Taula presidencial de l&#8217;obertura de el curs acad\u00e8mic 1967-1968 celebrada al parainfo de la Universitat de Barcelona.<\/p><\/div>\n","protected":false},"excerpt":{"rendered":"<p>La Reial Acad\u00e8mia Europea de Doctors-Barcelona 1914 (RAED) prossegueix amb la s\u00e8rie que dedica als acad\u00e8mics m\u00e9s notables de la seva centen\u00e0ria hist\u00f2ria i dedica aquest vint\u00e8 lliurament, com els tres anteriors, al quart dels presidents que ha tingut des de la seva fundaci\u00f3 a principis de segle XX fins a completar un cicle dedicat [&hellip;]<\/p>\n","protected":false},"author":12,"featured_media":84435,"comment_status":"closed","ping_status":"closed","sticky":false,"template":"","format":"standard","meta":{"_et_pb_use_builder":"","_et_pb_old_content":"","_et_gb_content_width":"","footnotes":""},"categories":[266],"tags":[],"class_list":["post-84588","post","type-post","status-publish","format-standard","has-post-thumbnail","hentry","category-categ-academics-de-la-nostra-historia-centenaria","et-has-post-format-content","et_post_format-et-post-format-standard"],"yoast_head":"<!-- This site is optimized with the Yoast SEO plugin v27.4 - https:\/\/yoast.com\/product\/yoast-seo-wordpress\/ -->\n<title>Acad\u00e8mics de la nostra hist\u00f2ria centen\u00e0ria: Jorge Xifra Heras - Reial Acad\u00e8mia Europea de Doctors<\/title>\n<meta name=\"description\" content=\"Jorge Xifra Heras va ser deg\u00e0-president de la ja anomenada Acad\u00e8mia de Doctors del Districte Universitari de Barcelona entre el 1964 i el 1979.\" \/>\n<meta name=\"robots\" content=\"index, follow, max-snippet:-1, max-image-preview:large, max-video-preview:-1\" \/>\n<link rel=\"canonical\" href=\"https:\/\/raed.academy\/ca\/academics-de-la-nostra-historia-centenaria-jorge-xifra-heras\/\" \/>\n<meta property=\"og:locale\" content=\"ca_ES\" \/>\n<meta property=\"og:type\" content=\"article\" \/>\n<meta property=\"og:title\" content=\"Acad\u00e8mics de la nostra hist\u00f2ria centen\u00e0ria: Jorge Xifra Heras - Reial Acad\u00e8mia Europea de Doctors\" \/>\n<meta property=\"og:description\" content=\"Jorge Xifra Heras va ser deg\u00e0-president de la ja anomenada Acad\u00e8mia de Doctors del Districte Universitari de Barcelona entre el 1964 i el 1979.\" \/>\n<meta property=\"og:url\" content=\"https:\/\/raed.academy\/ca\/academics-de-la-nostra-historia-centenaria-jorge-xifra-heras\/\" \/>\n<meta property=\"og:site_name\" content=\"Reial Acad\u00e8mia Europea de Doctors\" \/>\n<meta property=\"article:publisher\" content=\"http:\/\/fb.me\/raed.academy\" \/>\n<meta property=\"article:published_time\" content=\"2019-12-05T16:25:18+00:00\" \/>\n<meta property=\"article:modified_time\" content=\"2019-12-06T12:36:04+00:00\" \/>\n<meta property=\"og:image\" content=\"https:\/\/raed.academy\/wp-content\/uploads\/2019\/12\/Dr-Jorge-Xifra-Heras-preside-conferencia.jpg\" \/>\n\t<meta property=\"og:image:width\" content=\"1079\" \/>\n\t<meta property=\"og:image:height\" content=\"476\" \/>\n\t<meta property=\"og:image:type\" content=\"image\/jpeg\" \/>\n<meta name=\"author\" content=\"RAED\" \/>\n<meta name=\"twitter:card\" content=\"summary_large_image\" \/>\n<meta name=\"twitter:creator\" content=\"@raedacademy\" \/>\n<meta name=\"twitter:site\" content=\"@raedacademy\" \/>\n<meta name=\"twitter:label1\" content=\"Written by\" \/>\n\t<meta name=\"twitter:data1\" content=\"RAED\" \/>\n\t<meta name=\"twitter:label2\" content=\"Est. reading time\" \/>\n\t<meta name=\"twitter:data2\" content=\"3 minutes\" \/>\n<script type=\"application\/ld+json\" class=\"yoast-schema-graph\">{\"@context\":\"https:\\\/\\\/schema.org\",\"@graph\":[{\"@type\":\"Article\",\"@id\":\"https:\\\/\\\/raed.academy\\\/ca\\\/academics-de-la-nostra-historia-centenaria-jorge-xifra-heras\\\/#article\",\"isPartOf\":{\"@id\":\"https:\\\/\\\/raed.academy\\\/ca\\\/academics-de-la-nostra-historia-centenaria-jorge-xifra-heras\\\/\"},\"author\":{\"name\":\"RAED\",\"@id\":\"https:\\\/\\\/raed.academy\\\/ca\\\/#\\\/schema\\\/person\\\/5a755da80d1d979fd66ba745c8702927\"},\"headline\":\"Acad\u00e8mics de la nostra hist\u00f2ria centen\u00e0ria: Jorge Xifra Heras\",\"datePublished\":\"2019-12-05T16:25:18+00:00\",\"dateModified\":\"2019-12-06T12:36:04+00:00\",\"mainEntityOfPage\":{\"@id\":\"https:\\\/\\\/raed.academy\\\/ca\\\/academics-de-la-nostra-historia-centenaria-jorge-xifra-heras\\\/\"},\"wordCount\":721,\"publisher\":{\"@id\":\"https:\\\/\\\/raed.academy\\\/ca\\\/#organization\"},\"image\":{\"@id\":\"https:\\\/\\\/raed.academy\\\/ca\\\/academics-de-la-nostra-historia-centenaria-jorge-xifra-heras\\\/#primaryimage\"},\"thumbnailUrl\":\"https:\\\/\\\/raed.academy\\\/wp-content\\\/uploads\\\/2019\\\/12\\\/Dr-Jorge-Xifra-Heras-preside-conferencia.jpg\",\"articleSection\":[\"Acad\u00e8mics de la nostra hist\u00f2ria centen\u00e0ria\"],\"inLanguage\":\"ca-ES\"},{\"@type\":\"WebPage\",\"@id\":\"https:\\\/\\\/raed.academy\\\/ca\\\/academics-de-la-nostra-historia-centenaria-jorge-xifra-heras\\\/\",\"url\":\"https:\\\/\\\/raed.academy\\\/ca\\\/academics-de-la-nostra-historia-centenaria-jorge-xifra-heras\\\/\",\"name\":\"Acad\u00e8mics de la nostra hist\u00f2ria centen\u00e0ria: Jorge Xifra Heras - Reial Acad\u00e8mia Europea de Doctors\",\"isPartOf\":{\"@id\":\"https:\\\/\\\/raed.academy\\\/ca\\\/#website\"},\"primaryImageOfPage\":{\"@id\":\"https:\\\/\\\/raed.academy\\\/ca\\\/academics-de-la-nostra-historia-centenaria-jorge-xifra-heras\\\/#primaryimage\"},\"image\":{\"@id\":\"https:\\\/\\\/raed.academy\\\/ca\\\/academics-de-la-nostra-historia-centenaria-jorge-xifra-heras\\\/#primaryimage\"},\"thumbnailUrl\":\"https:\\\/\\\/raed.academy\\\/wp-content\\\/uploads\\\/2019\\\/12\\\/Dr-Jorge-Xifra-Heras-preside-conferencia.jpg\",\"datePublished\":\"2019-12-05T16:25:18+00:00\",\"dateModified\":\"2019-12-06T12:36:04+00:00\",\"description\":\"Jorge Xifra Heras va ser deg\u00e0-president de la ja anomenada Acad\u00e8mia de Doctors del Districte Universitari de Barcelona entre el 1964 i el 1979.\",\"breadcrumb\":{\"@id\":\"https:\\\/\\\/raed.academy\\\/ca\\\/academics-de-la-nostra-historia-centenaria-jorge-xifra-heras\\\/#breadcrumb\"},\"inLanguage\":\"ca-ES\",\"potentialAction\":[{\"@type\":\"ReadAction\",\"target\":[\"https:\\\/\\\/raed.academy\\\/ca\\\/academics-de-la-nostra-historia-centenaria-jorge-xifra-heras\\\/\"]}]},{\"@type\":\"ImageObject\",\"inLanguage\":\"ca-ES\",\"@id\":\"https:\\\/\\\/raed.academy\\\/ca\\\/academics-de-la-nostra-historia-centenaria-jorge-xifra-heras\\\/#primaryimage\",\"url\":\"https:\\\/\\\/raed.academy\\\/wp-content\\\/uploads\\\/2019\\\/12\\\/Dr-Jorge-Xifra-Heras-preside-conferencia.jpg\",\"contentUrl\":\"https:\\\/\\\/raed.academy\\\/wp-content\\\/uploads\\\/2019\\\/12\\\/Dr-Jorge-Xifra-Heras-preside-conferencia.jpg\",\"width\":1079,\"height\":476,\"caption\":\"El decano Dr. Jorge Xifra Heras presidiendo una conferencia\"},{\"@type\":\"BreadcrumbList\",\"@id\":\"https:\\\/\\\/raed.academy\\\/ca\\\/academics-de-la-nostra-historia-centenaria-jorge-xifra-heras\\\/#breadcrumb\",\"itemListElement\":[{\"@type\":\"ListItem\",\"position\":1,\"name\":\"Inicio\",\"item\":\"https:\\\/\\\/raed.academy\\\/ca\\\/\"},{\"@type\":\"ListItem\",\"position\":2,\"name\":\"Acad\u00e8mics de la nostra hist\u00f2ria centen\u00e0ria: Jorge Xifra Heras\"}]},{\"@type\":\"WebSite\",\"@id\":\"https:\\\/\\\/raed.academy\\\/ca\\\/#website\",\"url\":\"https:\\\/\\\/raed.academy\\\/ca\\\/\",\"name\":\"Reial Acad\u00e8mia Europea de Doctors\",\"description\":\"Corporaci\u00f3n de derecho p\u00fablico de car\u00e1cter cient\u00edfico, t\u00e9cnico y art\u00edstico, que tiene por objeto la investigaci\u00f3n, el estudio, el fomento y la extensi\u00f3n del conocimiento en su sentido m\u00e1s amplio\",\"publisher\":{\"@id\":\"https:\\\/\\\/raed.academy\\\/ca\\\/#organization\"},\"potentialAction\":[{\"@type\":\"SearchAction\",\"target\":{\"@type\":\"EntryPoint\",\"urlTemplate\":\"https:\\\/\\\/raed.academy\\\/ca\\\/?s={search_term_string}\"},\"query-input\":{\"@type\":\"PropertyValueSpecification\",\"valueRequired\":true,\"valueName\":\"search_term_string\"}}],\"inLanguage\":\"ca-ES\"},{\"@type\":\"Organization\",\"@id\":\"https:\\\/\\\/raed.academy\\\/ca\\\/#organization\",\"name\":\"Real Academia Europea de Doctores\",\"url\":\"https:\\\/\\\/raed.academy\\\/ca\\\/\",\"logo\":{\"@type\":\"ImageObject\",\"inLanguage\":\"ca-ES\",\"@id\":\"https:\\\/\\\/raed.academy\\\/ca\\\/#\\\/schema\\\/logo\\\/image\\\/\",\"url\":\"https:\\\/\\\/raed.academy\\\/wp-content\\\/uploads\\\/2017\\\/01\\\/cropped-logo_raed.png\",\"contentUrl\":\"https:\\\/\\\/raed.academy\\\/wp-content\\\/uploads\\\/2017\\\/01\\\/cropped-logo_raed.png\",\"width\":512,\"height\":512,\"caption\":\"Real Academia Europea de Doctores\"},\"image\":{\"@id\":\"https:\\\/\\\/raed.academy\\\/ca\\\/#\\\/schema\\\/logo\\\/image\\\/\"},\"sameAs\":[\"http:\\\/\\\/fb.me\\\/raed.academy\",\"https:\\\/\\\/x.com\\\/raedacademy\",\"https:\\\/\\\/www.instagram.com\\\/raed.academy\\\/\",\"https:\\\/\\\/www.youtube.com\\\/channel\\\/UCUYQwW2KrdirNWihxMDObwg\"]},{\"@type\":\"Person\",\"@id\":\"https:\\\/\\\/raed.academy\\\/ca\\\/#\\\/schema\\\/person\\\/5a755da80d1d979fd66ba745c8702927\",\"name\":\"RAED\",\"image\":{\"@type\":\"ImageObject\",\"inLanguage\":\"ca-ES\",\"@id\":\"https:\\\/\\\/secure.gravatar.com\\\/avatar\\\/19fdfdc0d67fb9c45714b703a2ac82251c4fcea3637f002ac3c9b74c0183583c?s=96&d=mm&r=g\",\"url\":\"https:\\\/\\\/secure.gravatar.com\\\/avatar\\\/19fdfdc0d67fb9c45714b703a2ac82251c4fcea3637f002ac3c9b74c0183583c?s=96&d=mm&r=g\",\"contentUrl\":\"https:\\\/\\\/secure.gravatar.com\\\/avatar\\\/19fdfdc0d67fb9c45714b703a2ac82251c4fcea3637f002ac3c9b74c0183583c?s=96&d=mm&r=g\",\"caption\":\"RAED\"}}]}<\/script>\n<!-- \/ Yoast SEO plugin. -->","yoast_head_json":{"title":"Acad\u00e8mics de la nostra hist\u00f2ria centen\u00e0ria: Jorge Xifra Heras - Reial Acad\u00e8mia Europea de Doctors","description":"Jorge Xifra Heras va ser deg\u00e0-president de la ja anomenada Acad\u00e8mia de Doctors del Districte Universitari de Barcelona entre el 1964 i el 1979.","robots":{"index":"index","follow":"follow","max-snippet":"max-snippet:-1","max-image-preview":"max-image-preview:large","max-video-preview":"max-video-preview:-1"},"canonical":"https:\/\/raed.academy\/ca\/academics-de-la-nostra-historia-centenaria-jorge-xifra-heras\/","og_locale":"ca_ES","og_type":"article","og_title":"Acad\u00e8mics de la nostra hist\u00f2ria centen\u00e0ria: Jorge Xifra Heras - Reial Acad\u00e8mia Europea de Doctors","og_description":"Jorge Xifra Heras va ser deg\u00e0-president de la ja anomenada Acad\u00e8mia de Doctors del Districte Universitari de Barcelona entre el 1964 i el 1979.","og_url":"https:\/\/raed.academy\/ca\/academics-de-la-nostra-historia-centenaria-jorge-xifra-heras\/","og_site_name":"Reial Acad\u00e8mia Europea de Doctors","article_publisher":"http:\/\/fb.me\/raed.academy","article_published_time":"2019-12-05T16:25:18+00:00","article_modified_time":"2019-12-06T12:36:04+00:00","og_image":[{"width":1079,"height":476,"url":"https:\/\/raed.academy\/wp-content\/uploads\/2019\/12\/Dr-Jorge-Xifra-Heras-preside-conferencia.jpg","type":"image\/jpeg"}],"author":"RAED","twitter_card":"summary_large_image","twitter_creator":"@raedacademy","twitter_site":"@raedacademy","twitter_misc":{"Written by":"RAED","Est. reading time":"3 minutes"},"schema":{"@context":"https:\/\/schema.org","@graph":[{"@type":"Article","@id":"https:\/\/raed.academy\/ca\/academics-de-la-nostra-historia-centenaria-jorge-xifra-heras\/#article","isPartOf":{"@id":"https:\/\/raed.academy\/ca\/academics-de-la-nostra-historia-centenaria-jorge-xifra-heras\/"},"author":{"name":"RAED","@id":"https:\/\/raed.academy\/ca\/#\/schema\/person\/5a755da80d1d979fd66ba745c8702927"},"headline":"Acad\u00e8mics de la nostra hist\u00f2ria centen\u00e0ria: Jorge Xifra Heras","datePublished":"2019-12-05T16:25:18+00:00","dateModified":"2019-12-06T12:36:04+00:00","mainEntityOfPage":{"@id":"https:\/\/raed.academy\/ca\/academics-de-la-nostra-historia-centenaria-jorge-xifra-heras\/"},"wordCount":721,"publisher":{"@id":"https:\/\/raed.academy\/ca\/#organization"},"image":{"@id":"https:\/\/raed.academy\/ca\/academics-de-la-nostra-historia-centenaria-jorge-xifra-heras\/#primaryimage"},"thumbnailUrl":"https:\/\/raed.academy\/wp-content\/uploads\/2019\/12\/Dr-Jorge-Xifra-Heras-preside-conferencia.jpg","articleSection":["Acad\u00e8mics de la nostra hist\u00f2ria centen\u00e0ria"],"inLanguage":"ca-ES"},{"@type":"WebPage","@id":"https:\/\/raed.academy\/ca\/academics-de-la-nostra-historia-centenaria-jorge-xifra-heras\/","url":"https:\/\/raed.academy\/ca\/academics-de-la-nostra-historia-centenaria-jorge-xifra-heras\/","name":"Acad\u00e8mics de la nostra hist\u00f2ria centen\u00e0ria: Jorge Xifra Heras - Reial Acad\u00e8mia Europea de Doctors","isPartOf":{"@id":"https:\/\/raed.academy\/ca\/#website"},"primaryImageOfPage":{"@id":"https:\/\/raed.academy\/ca\/academics-de-la-nostra-historia-centenaria-jorge-xifra-heras\/#primaryimage"},"image":{"@id":"https:\/\/raed.academy\/ca\/academics-de-la-nostra-historia-centenaria-jorge-xifra-heras\/#primaryimage"},"thumbnailUrl":"https:\/\/raed.academy\/wp-content\/uploads\/2019\/12\/Dr-Jorge-Xifra-Heras-preside-conferencia.jpg","datePublished":"2019-12-05T16:25:18+00:00","dateModified":"2019-12-06T12:36:04+00:00","description":"Jorge Xifra Heras va ser deg\u00e0-president de la ja anomenada Acad\u00e8mia de Doctors del Districte Universitari de Barcelona entre el 1964 i el 1979.","breadcrumb":{"@id":"https:\/\/raed.academy\/ca\/academics-de-la-nostra-historia-centenaria-jorge-xifra-heras\/#breadcrumb"},"inLanguage":"ca-ES","potentialAction":[{"@type":"ReadAction","target":["https:\/\/raed.academy\/ca\/academics-de-la-nostra-historia-centenaria-jorge-xifra-heras\/"]}]},{"@type":"ImageObject","inLanguage":"ca-ES","@id":"https:\/\/raed.academy\/ca\/academics-de-la-nostra-historia-centenaria-jorge-xifra-heras\/#primaryimage","url":"https:\/\/raed.academy\/wp-content\/uploads\/2019\/12\/Dr-Jorge-Xifra-Heras-preside-conferencia.jpg","contentUrl":"https:\/\/raed.academy\/wp-content\/uploads\/2019\/12\/Dr-Jorge-Xifra-Heras-preside-conferencia.jpg","width":1079,"height":476,"caption":"El decano Dr. Jorge Xifra Heras presidiendo una conferencia"},{"@type":"BreadcrumbList","@id":"https:\/\/raed.academy\/ca\/academics-de-la-nostra-historia-centenaria-jorge-xifra-heras\/#breadcrumb","itemListElement":[{"@type":"ListItem","position":1,"name":"Inicio","item":"https:\/\/raed.academy\/ca\/"},{"@type":"ListItem","position":2,"name":"Acad\u00e8mics de la nostra hist\u00f2ria centen\u00e0ria: Jorge Xifra Heras"}]},{"@type":"WebSite","@id":"https:\/\/raed.academy\/ca\/#website","url":"https:\/\/raed.academy\/ca\/","name":"Reial Acad\u00e8mia Europea de Doctors","description":"Corporaci\u00f3n de derecho p\u00fablico de car\u00e1cter cient\u00edfico, t\u00e9cnico y art\u00edstico, que tiene por objeto la investigaci\u00f3n, el estudio, el fomento y la extensi\u00f3n del conocimiento en su sentido m\u00e1s amplio","publisher":{"@id":"https:\/\/raed.academy\/ca\/#organization"},"potentialAction":[{"@type":"SearchAction","target":{"@type":"EntryPoint","urlTemplate":"https:\/\/raed.academy\/ca\/?s={search_term_string}"},"query-input":{"@type":"PropertyValueSpecification","valueRequired":true,"valueName":"search_term_string"}}],"inLanguage":"ca-ES"},{"@type":"Organization","@id":"https:\/\/raed.academy\/ca\/#organization","name":"Real Academia Europea de Doctores","url":"https:\/\/raed.academy\/ca\/","logo":{"@type":"ImageObject","inLanguage":"ca-ES","@id":"https:\/\/raed.academy\/ca\/#\/schema\/logo\/image\/","url":"https:\/\/raed.academy\/wp-content\/uploads\/2017\/01\/cropped-logo_raed.png","contentUrl":"https:\/\/raed.academy\/wp-content\/uploads\/2017\/01\/cropped-logo_raed.png","width":512,"height":512,"caption":"Real Academia Europea de Doctores"},"image":{"@id":"https:\/\/raed.academy\/ca\/#\/schema\/logo\/image\/"},"sameAs":["http:\/\/fb.me\/raed.academy","https:\/\/x.com\/raedacademy","https:\/\/www.instagram.com\/raed.academy\/","https:\/\/www.youtube.com\/channel\/UCUYQwW2KrdirNWihxMDObwg"]},{"@type":"Person","@id":"https:\/\/raed.academy\/ca\/#\/schema\/person\/5a755da80d1d979fd66ba745c8702927","name":"RAED","image":{"@type":"ImageObject","inLanguage":"ca-ES","@id":"https:\/\/secure.gravatar.com\/avatar\/19fdfdc0d67fb9c45714b703a2ac82251c4fcea3637f002ac3c9b74c0183583c?s=96&d=mm&r=g","url":"https:\/\/secure.gravatar.com\/avatar\/19fdfdc0d67fb9c45714b703a2ac82251c4fcea3637f002ac3c9b74c0183583c?s=96&d=mm&r=g","contentUrl":"https:\/\/secure.gravatar.com\/avatar\/19fdfdc0d67fb9c45714b703a2ac82251c4fcea3637f002ac3c9b74c0183583c?s=96&d=mm&r=g","caption":"RAED"}}]}},"_links":{"self":[{"href":"https:\/\/raed.academy\/ca\/wp-json\/wp\/v2\/posts\/84588","targetHints":{"allow":["GET"]}}],"collection":[{"href":"https:\/\/raed.academy\/ca\/wp-json\/wp\/v2\/posts"}],"about":[{"href":"https:\/\/raed.academy\/ca\/wp-json\/wp\/v2\/types\/post"}],"author":[{"embeddable":true,"href":"https:\/\/raed.academy\/ca\/wp-json\/wp\/v2\/users\/12"}],"replies":[{"embeddable":true,"href":"https:\/\/raed.academy\/ca\/wp-json\/wp\/v2\/comments?post=84588"}],"version-history":[{"count":0,"href":"https:\/\/raed.academy\/ca\/wp-json\/wp\/v2\/posts\/84588\/revisions"}],"wp:featuredmedia":[{"embeddable":true,"href":"https:\/\/raed.academy\/ca\/wp-json\/wp\/v2\/media\/84435"}],"wp:attachment":[{"href":"https:\/\/raed.academy\/ca\/wp-json\/wp\/v2\/media?parent=84588"}],"wp:term":[{"taxonomy":"category","embeddable":true,"href":"https:\/\/raed.academy\/ca\/wp-json\/wp\/v2\/categories?post=84588"},{"taxonomy":"post_tag","embeddable":true,"href":"https:\/\/raed.academy\/ca\/wp-json\/wp\/v2\/tags?post=84588"}],"curies":[{"name":"wp","href":"https:\/\/api.w.org\/{rel}","templated":true}]}}