{"id":83716,"date":"2019-11-22T19:25:16","date_gmt":"2019-11-22T19:25:16","guid":{"rendered":"https:\/\/raed.academy\/?p=83716"},"modified":"2019-11-23T15:16:41","modified_gmt":"2019-11-23T15:16:41","slug":"col%c2%b7legiada-de-merit-montserrat-casanovas","status":"publish","type":"post","link":"https:\/\/raed.academy\/ca\/col%c2%b7legiada-de-merit-montserrat-casanovas\/","title":{"rendered":"Col\u00b7legiada de M\u00e8rit"},"content":{"rendered":"<p><a href=\"https:\/\/raed.academy\/ca\/academics\/dra-montserrat-casanovas-ramon\/\" target=\"_blank\" rel=\"noopener noreferrer\"><strong>Montserrat Casanovas<\/strong><\/a>, catedr\u00e0tica d&#8217;Economia Financera i Comptabilitat de la <a href=\"http:\/\/ub.edu\" target=\"_blank\" rel=\"noopener noreferrer\"><strong>Universitat de Barcelona<\/strong><\/a> i acad\u00e8mica de n\u00famero de la <strong>Reial Acad\u00e8mia Europea de Doctors-Barcelona 1914<\/strong> (RAED), ha estat designada<strong> Col\u00b7legiada de M\u00e8rit<\/strong> del <a href=\"http:\/\/www.coleconomistes.cat\" target=\"_blank\" rel=\"noopener noreferrer\"><strong>Col\u00b7legi d&#8217;Economistes de Catalunya<\/strong><\/a> per les seves aportacions en mercats financers, valoraci\u00f3 d&#8217;empreses, finan\u00e7ament empresarial i la seva destacada tasca docent. Casanovas \u00e9s la presidenta de la <strong>Comissi\u00f3 d&#8217;Economistes Docents i Investigadors<\/strong> i del <strong>F\u00f2rum d&#8217;Economistes en Mercats Financers<\/strong> d&#8217;aquesta instituci\u00f3, a m\u00e9s de vicepresidenta de la <strong>Comissi\u00f3 Financera del Registre d&#8217;Economistes Assessors Financers<\/strong> del <a href=\"http:\/\/www.economistas.es\" target=\"_blank\" rel=\"noopener noreferrer\"><strong>Consell General d&#8217;Economistes d&#8217;Espanya<\/strong><\/a> i coordinadora del seu <strong>Observatori Financer<\/strong>.<\/p>\n<p><img loading=\"lazy\" decoding=\"async\" class=\"size-full wp-image-83625 alignright\" src=\"https:\/\/raed.academy\/wp-content\/uploads\/2019\/11\/col-legi-Economistes-Catalunya-dstNtc.jpg\" alt=\"\" width=\"600\" height=\"400\" data-attachment-id=\"83625\" data-permalink=\"https:\/\/raed.academy\/montserrat-casanovas-colegiada-de-merito\/col-legi-economistes-catalunya-dstntc\/\" data-orig-file=\"https:\/\/raed.academy\/wp-content\/uploads\/2019\/11\/col-legi-Economistes-Catalunya-dstNtc.jpg\" data-orig-size=\"600,400\" data-comments-opened=\"0\" data-image-meta=\"{&quot;aperture&quot;:&quot;0&quot;,&quot;credit&quot;:&quot;&quot;,&quot;camera&quot;:&quot;&quot;,&quot;caption&quot;:&quot;&quot;,&quot;created_timestamp&quot;:&quot;0&quot;,&quot;copyright&quot;:&quot;&quot;,&quot;focal_length&quot;:&quot;0&quot;,&quot;iso&quot;:&quot;0&quot;,&quot;shutter_speed&quot;:&quot;0&quot;,&quot;title&quot;:&quot;&quot;,&quot;orientation&quot;:&quot;0&quot;}\" data-image-title=\"col-legi-Economistes-Catalunya-dstNtc\" data-image-description=\"\" data-medium-file=\"https:\/\/raed.academy\/wp-content\/uploads\/2019\/11\/col-legi-Economistes-Catalunya-dstNtc.jpg\" data-large-file=\"https:\/\/raed.academy\/wp-content\/uploads\/2019\/11\/col-legi-Economistes-Catalunya-dstNtc.jpg\" \/>La Junta de Govern de Col\u00b7legi d&#8217;Economistes de Catalunya destaca la tasca docent de l&#8217;acad\u00e8mica de la RAED i el seu mestratge en la formaci\u00f3 de moltes promocions de nous economistes, a m\u00e9s del seu suport a la professi\u00f3 d&#8217;economista i la seva constant col\u00b7laboraci\u00f3 i implicaci\u00f3 amb l&#8217;organitzaci\u00f3 col\u00b7legial dels economistes a Espanya als seus organismes de representaci\u00f3. Vicepresidenta de l&#8217;<a href=\"https:\/\/accid.org\" target=\"_blank\" rel=\"noopener noreferrer\"><strong>Associaci\u00f3 Catalana de Comptabilitat i Direcci\u00f3<\/strong><\/a>, Casanovas ha realitzat al llarg de tota la seva traject\u00f2ria professional i docent una tasca de divulgaci\u00f3 sobre la import\u00e0ncia del gestor i assessor financer, fins i tot per al petit inversor, i ha intervingut en diversos mitjans de comunicaci\u00f3 explicant la tasca d&#8217;aquests professionals. &#8220;A Espanya no estem acostumats a comptar amb un assessor financer, a difer\u00e8ncia de pa\u00efsos com els Estats Units. Gaireb\u00e9 tothom acaba recorrent a l&#8217;assessor fiscal, i de la mateixa manera l&#8217;assessor financer \u00e9s de gran utilitat per al petit estalviador&#8221;, assenyala.<\/p>\n<p>Montserrat Casanovas va ingressar com acad\u00e8mica de n\u00famero de la Reial Acad\u00e8mia Europea de Doctors el 2017 amb el discurs <a href=\"https:\/\/raed.academy\/wp-content\/uploads\/2017\/08\/discurso-Montserrat-Casanovas-El-asesoramiento-financiero-la-figura-del-Asesor-Financiero-y-de-las-E.A.F.I.s.pdf\" target=\"_blank\" rel=\"noopener noreferrer\"><strong>&#8220;El asesoramiento financiero, la figura del asesor financiero y de las EAFI&#8221;<\/strong><\/a>. Li va respondre en nom de la RAED l&#8217;acad\u00e8mic de n\u00famero <a href=\"https:\/\/raed.academy\/ca\/academics\/dr-jose-maria-gay-de-liebana-saludas\/\" target=\"_blank\" rel=\"noopener noreferrer\"><strong>Jos\u00e9 Mar\u00eda Gay de Li\u00e9bana<\/strong><\/a>, un dels avaladors del seu reconeixement per part del Col\u00b7legi d&#8217;Economistes. \u00c9s autora de nombroses publicacions sobre finances i mercats financers i vocal dels consells editorials de diverses revistes nacionals i internacionals.<\/p>\n<p>&nbsp;<\/p>\n\n\t\t<style type=\"text\/css\">\n\t\t\t#gallery-1 {\n\t\t\t\tmargin: auto;\n\t\t\t}\n\t\t\t#gallery-1 .gallery-item {\n\t\t\t\tfloat: left;\n\t\t\t\tmargin-top: 10px;\n\t\t\t\ttext-align: center;\n\t\t\t\twidth: 50%;\n\t\t\t}\n\t\t\t#gallery-1 img {\n\t\t\t\tborder: 2px solid #cfcfcf;\n\t\t\t}\n\t\t\t#gallery-1 .gallery-caption {\n\t\t\t\tmargin-left: 0;\n\t\t\t}\n\t\t\t\/* see gallery_shortcode() in wp-includes\/media.php *\/\n\t\t<\/style>\n\t\t<div id='gallery-1' class='gallery galleryid-83716 gallery-columns-2 gallery-size-full'><dl class='gallery-item'>\n\t\t\t<dt class='gallery-icon landscape'>\n\t\t\t\t<a href='https:\/\/raed.academy\/wp-content\/uploads\/2019\/11\/Montserrat-Casanovas-CEC-Sopar-dels-Economistes-133.jpg'><img loading=\"lazy\" decoding=\"async\" width=\"800\" height=\"533\" src=\"https:\/\/raed.academy\/wp-content\/uploads\/2019\/11\/Montserrat-Casanovas-CEC-Sopar-dels-Economistes-133.jpg\" class=\"attachment-full size-full\" alt=\"\" srcset=\"https:\/\/raed.academy\/wp-content\/uploads\/2019\/11\/Montserrat-Casanovas-CEC-Sopar-dels-Economistes-133.jpg 800w, https:\/\/raed.academy\/wp-content\/uploads\/2019\/11\/Montserrat-Casanovas-CEC-Sopar-dels-Economistes-133-768x512.jpg 768w\" sizes=\"(max-width: 800px) 100vw, 800px\" \/><\/a>\n\t\t\t<\/dt><\/dl><dl class='gallery-item'>\n\t\t\t<dt class='gallery-icon landscape'>\n\t\t\t\t<a href='https:\/\/raed.academy\/wp-content\/uploads\/2019\/11\/191030-CEC-Sopar-dels-Economistes-137.jpg'><img loading=\"lazy\" decoding=\"async\" width=\"970\" height=\"646\" src=\"https:\/\/raed.academy\/wp-content\/uploads\/2019\/11\/191030-CEC-Sopar-dels-Economistes-137.jpg\" class=\"attachment-full size-full\" alt=\"\" srcset=\"https:\/\/raed.academy\/wp-content\/uploads\/2019\/11\/191030-CEC-Sopar-dels-Economistes-137.jpg 970w, https:\/\/raed.academy\/wp-content\/uploads\/2019\/11\/191030-CEC-Sopar-dels-Economistes-137-768x511.jpg 768w\" sizes=\"(max-width: 970px) 100vw, 970px\" \/><\/a>\n\t\t\t<\/dt><\/dl><br style=\"clear: both\" \/>\n\t\t<\/div>\n\n","protected":false},"excerpt":{"rendered":"<p>Montserrat Casanovas, catedr\u00e0tica d&#8217;Economia Financera i Comptabilitat de la Universitat de Barcelona i acad\u00e8mica de n\u00famero de la Reial Acad\u00e8mia Europea de Doctors-Barcelona 1914 (RAED), ha estat designada Col\u00b7legiada de M\u00e8rit del Col\u00b7legi d&#8217;Economistes de Catalunya per les seves aportacions en mercats financers, valoraci\u00f3 d&#8217;empreses, finan\u00e7ament empresarial i la seva destacada tasca docent. Casanovas \u00e9s [&hellip;]<\/p>\n","protected":false},"author":12,"featured_media":83626,"comment_status":"closed","ping_status":"closed","sticky":false,"template":"","format":"standard","meta":{"_et_pb_use_builder":"","_et_pb_old_content":"","_et_gb_content_width":"","footnotes":""},"categories":[233,168],"tags":[],"class_list":["post-83716","post","type-post","status-publish","format-standard","has-post-thumbnail","hentry","category-economiques-i-empresarials","category-premis-distincions-i-nomenaments","et-has-post-format-content","et_post_format-et-post-format-standard"],"yoast_head":"<!-- This site is optimized with the Yoast SEO plugin v27.5 - https:\/\/yoast.com\/product\/yoast-seo-wordpress\/ -->\n<title>Col\u00b7legiada de M\u00e8rit - Reial Acad\u00e8mia Europea de Doctors<\/title>\n<meta name=\"description\" content=\"Montserrat Casanovas ha estat designada Col\u00b7legiada de M\u00e8rit del Col\u00b7legi d&#039;Economistes de Catalunya per les seves aportacions en mercats financers, valoraci\u00f3 d&#039;empreses, tasca docent...\" \/>\n<meta name=\"robots\" content=\"index, follow, max-snippet:-1, max-image-preview:large, max-video-preview:-1\" \/>\n<link rel=\"canonical\" href=\"https:\/\/raed.academy\/ca\/col%c2%b7legiada-de-merit-montserrat-casanovas\/\" \/>\n<meta property=\"og:locale\" content=\"ca_ES\" \/>\n<meta property=\"og:type\" content=\"article\" \/>\n<meta property=\"og:title\" content=\"Col\u00b7legiada de M\u00e8rit - Reial Acad\u00e8mia Europea de Doctors\" \/>\n<meta property=\"og:description\" content=\"Montserrat Casanovas ha estat designada Col\u00b7legiada de M\u00e8rit del Col\u00b7legi d&#039;Economistes de Catalunya per les seves aportacions en mercats financers, valoraci\u00f3 d&#039;empreses, tasca docent...\" \/>\n<meta property=\"og:url\" content=\"https:\/\/raed.academy\/ca\/col%c2%b7legiada-de-merit-montserrat-casanovas\/\" \/>\n<meta property=\"og:site_name\" content=\"Reial Acad\u00e8mia Europea de Doctors\" \/>\n<meta property=\"article:publisher\" content=\"http:\/\/fb.me\/raed.academy\" \/>\n<meta property=\"article:published_time\" content=\"2019-11-22T19:25:16+00:00\" \/>\n<meta property=\"article:modified_time\" content=\"2019-11-23T15:16:41+00:00\" \/>\n<meta property=\"og:image\" content=\"https:\/\/raed.academy\/wp-content\/uploads\/2019\/11\/col-legi-Economistes-Catalunya-dstNtc.jpg\" \/>\n\t<meta property=\"og:image:width\" content=\"600\" \/>\n\t<meta property=\"og:image:height\" content=\"400\" \/>\n\t<meta property=\"og:image:type\" content=\"image\/jpeg\" \/>\n<meta name=\"author\" content=\"RAED\" \/>\n<meta name=\"twitter:card\" content=\"summary_large_image\" \/>\n<meta name=\"twitter:creator\" content=\"@raedacademy\" \/>\n<meta name=\"twitter:site\" content=\"@raedacademy\" \/>\n<meta name=\"twitter:label1\" content=\"Written by\" \/>\n\t<meta name=\"twitter:data1\" content=\"RAED\" \/>\n\t<meta name=\"twitter:label2\" content=\"Est. reading time\" \/>\n\t<meta name=\"twitter:data2\" content=\"2 minutes\" \/>\n<script type=\"application\/ld+json\" class=\"yoast-schema-graph\">{\"@context\":\"https:\\\/\\\/schema.org\",\"@graph\":[{\"@type\":\"Article\",\"@id\":\"https:\\\/\\\/raed.academy\\\/ca\\\/col%c2%b7legiada-de-merit-montserrat-casanovas\\\/#article\",\"isPartOf\":{\"@id\":\"https:\\\/\\\/raed.academy\\\/ca\\\/col%c2%b7legiada-de-merit-montserrat-casanovas\\\/\"},\"author\":{\"name\":\"RAED\",\"@id\":\"https:\\\/\\\/raed.academy\\\/ca\\\/#\\\/schema\\\/person\\\/5a755da80d1d979fd66ba745c8702927\"},\"headline\":\"Col\u00b7legiada de M\u00e8rit\",\"datePublished\":\"2019-11-22T19:25:16+00:00\",\"dateModified\":\"2019-11-23T15:16:41+00:00\",\"mainEntityOfPage\":{\"@id\":\"https:\\\/\\\/raed.academy\\\/ca\\\/col%c2%b7legiada-de-merit-montserrat-casanovas\\\/\"},\"wordCount\":390,\"publisher\":{\"@id\":\"https:\\\/\\\/raed.academy\\\/ca\\\/#organization\"},\"image\":{\"@id\":\"https:\\\/\\\/raed.academy\\\/ca\\\/col%c2%b7legiada-de-merit-montserrat-casanovas\\\/#primaryimage\"},\"thumbnailUrl\":\"https:\\\/\\\/raed.academy\\\/wp-content\\\/uploads\\\/2019\\\/11\\\/col-legi-Economistes-Catalunya-dstNtc.jpg\",\"articleSection\":[\"Econ\u00f2miques i Empresarials\",\"Premis, distincions i nomenaments\"],\"inLanguage\":\"ca-ES\"},{\"@type\":\"WebPage\",\"@id\":\"https:\\\/\\\/raed.academy\\\/ca\\\/col%c2%b7legiada-de-merit-montserrat-casanovas\\\/\",\"url\":\"https:\\\/\\\/raed.academy\\\/ca\\\/col%c2%b7legiada-de-merit-montserrat-casanovas\\\/\",\"name\":\"Col\u00b7legiada de M\u00e8rit - Reial Acad\u00e8mia Europea de Doctors\",\"isPartOf\":{\"@id\":\"https:\\\/\\\/raed.academy\\\/ca\\\/#website\"},\"primaryImageOfPage\":{\"@id\":\"https:\\\/\\\/raed.academy\\\/ca\\\/col%c2%b7legiada-de-merit-montserrat-casanovas\\\/#primaryimage\"},\"image\":{\"@id\":\"https:\\\/\\\/raed.academy\\\/ca\\\/col%c2%b7legiada-de-merit-montserrat-casanovas\\\/#primaryimage\"},\"thumbnailUrl\":\"https:\\\/\\\/raed.academy\\\/wp-content\\\/uploads\\\/2019\\\/11\\\/col-legi-Economistes-Catalunya-dstNtc.jpg\",\"datePublished\":\"2019-11-22T19:25:16+00:00\",\"dateModified\":\"2019-11-23T15:16:41+00:00\",\"description\":\"Montserrat Casanovas ha estat designada Col\u00b7legiada de M\u00e8rit del Col\u00b7legi d'Economistes de Catalunya per les seves aportacions en mercats financers, valoraci\u00f3 d'empreses, tasca docent...\",\"breadcrumb\":{\"@id\":\"https:\\\/\\\/raed.academy\\\/ca\\\/col%c2%b7legiada-de-merit-montserrat-casanovas\\\/#breadcrumb\"},\"inLanguage\":\"ca-ES\",\"potentialAction\":[{\"@type\":\"ReadAction\",\"target\":[\"https:\\\/\\\/raed.academy\\\/ca\\\/col%c2%b7legiada-de-merit-montserrat-casanovas\\\/\"]}]},{\"@type\":\"ImageObject\",\"inLanguage\":\"ca-ES\",\"@id\":\"https:\\\/\\\/raed.academy\\\/ca\\\/col%c2%b7legiada-de-merit-montserrat-casanovas\\\/#primaryimage\",\"url\":\"https:\\\/\\\/raed.academy\\\/wp-content\\\/uploads\\\/2019\\\/11\\\/col-legi-Economistes-Catalunya-dstNtc.jpg\",\"contentUrl\":\"https:\\\/\\\/raed.academy\\\/wp-content\\\/uploads\\\/2019\\\/11\\\/col-legi-Economistes-Catalunya-dstNtc.jpg\",\"width\":600,\"height\":400},{\"@type\":\"BreadcrumbList\",\"@id\":\"https:\\\/\\\/raed.academy\\\/ca\\\/col%c2%b7legiada-de-merit-montserrat-casanovas\\\/#breadcrumb\",\"itemListElement\":[{\"@type\":\"ListItem\",\"position\":1,\"name\":\"Inicio\",\"item\":\"https:\\\/\\\/raed.academy\\\/ca\\\/\"},{\"@type\":\"ListItem\",\"position\":2,\"name\":\"Col\u00b7legiada de M\u00e8rit\"}]},{\"@type\":\"WebSite\",\"@id\":\"https:\\\/\\\/raed.academy\\\/ca\\\/#website\",\"url\":\"https:\\\/\\\/raed.academy\\\/ca\\\/\",\"name\":\"Reial Acad\u00e8mia Europea de Doctors\",\"description\":\"Corporaci\u00f3n de derecho p\u00fablico de car\u00e1cter cient\u00edfico, t\u00e9cnico y art\u00edstico, que tiene por objeto la investigaci\u00f3n, el estudio, el fomento y la extensi\u00f3n del conocimiento en su sentido m\u00e1s amplio\",\"publisher\":{\"@id\":\"https:\\\/\\\/raed.academy\\\/ca\\\/#organization\"},\"potentialAction\":[{\"@type\":\"SearchAction\",\"target\":{\"@type\":\"EntryPoint\",\"urlTemplate\":\"https:\\\/\\\/raed.academy\\\/ca\\\/?s={search_term_string}\"},\"query-input\":{\"@type\":\"PropertyValueSpecification\",\"valueRequired\":true,\"valueName\":\"search_term_string\"}}],\"inLanguage\":\"ca-ES\"},{\"@type\":\"Organization\",\"@id\":\"https:\\\/\\\/raed.academy\\\/ca\\\/#organization\",\"name\":\"Real Academia Europea de Doctores\",\"url\":\"https:\\\/\\\/raed.academy\\\/ca\\\/\",\"logo\":{\"@type\":\"ImageObject\",\"inLanguage\":\"ca-ES\",\"@id\":\"https:\\\/\\\/raed.academy\\\/ca\\\/#\\\/schema\\\/logo\\\/image\\\/\",\"url\":\"https:\\\/\\\/raed.academy\\\/wp-content\\\/uploads\\\/2017\\\/01\\\/cropped-logo_raed.png\",\"contentUrl\":\"https:\\\/\\\/raed.academy\\\/wp-content\\\/uploads\\\/2017\\\/01\\\/cropped-logo_raed.png\",\"width\":512,\"height\":512,\"caption\":\"Real Academia Europea de Doctores\"},\"image\":{\"@id\":\"https:\\\/\\\/raed.academy\\\/ca\\\/#\\\/schema\\\/logo\\\/image\\\/\"},\"sameAs\":[\"http:\\\/\\\/fb.me\\\/raed.academy\",\"https:\\\/\\\/x.com\\\/raedacademy\",\"https:\\\/\\\/www.instagram.com\\\/raed.academy\\\/\",\"https:\\\/\\\/www.youtube.com\\\/channel\\\/UCUYQwW2KrdirNWihxMDObwg\"]},{\"@type\":\"Person\",\"@id\":\"https:\\\/\\\/raed.academy\\\/ca\\\/#\\\/schema\\\/person\\\/5a755da80d1d979fd66ba745c8702927\",\"name\":\"RAED\",\"image\":{\"@type\":\"ImageObject\",\"inLanguage\":\"ca-ES\",\"@id\":\"https:\\\/\\\/secure.gravatar.com\\\/avatar\\\/19fdfdc0d67fb9c45714b703a2ac82251c4fcea3637f002ac3c9b74c0183583c?s=96&d=mm&r=g\",\"url\":\"https:\\\/\\\/secure.gravatar.com\\\/avatar\\\/19fdfdc0d67fb9c45714b703a2ac82251c4fcea3637f002ac3c9b74c0183583c?s=96&d=mm&r=g\",\"contentUrl\":\"https:\\\/\\\/secure.gravatar.com\\\/avatar\\\/19fdfdc0d67fb9c45714b703a2ac82251c4fcea3637f002ac3c9b74c0183583c?s=96&d=mm&r=g\",\"caption\":\"RAED\"}}]}<\/script>\n<!-- \/ Yoast SEO plugin. -->","yoast_head_json":{"title":"Col\u00b7legiada de M\u00e8rit - Reial Acad\u00e8mia Europea de Doctors","description":"Montserrat Casanovas ha estat designada Col\u00b7legiada de M\u00e8rit del Col\u00b7legi d'Economistes de Catalunya per les seves aportacions en mercats financers, valoraci\u00f3 d'empreses, tasca docent...","robots":{"index":"index","follow":"follow","max-snippet":"max-snippet:-1","max-image-preview":"max-image-preview:large","max-video-preview":"max-video-preview:-1"},"canonical":"https:\/\/raed.academy\/ca\/col%c2%b7legiada-de-merit-montserrat-casanovas\/","og_locale":"ca_ES","og_type":"article","og_title":"Col\u00b7legiada de M\u00e8rit - Reial Acad\u00e8mia Europea de Doctors","og_description":"Montserrat Casanovas ha estat designada Col\u00b7legiada de M\u00e8rit del Col\u00b7legi d'Economistes de Catalunya per les seves aportacions en mercats financers, valoraci\u00f3 d'empreses, tasca docent...","og_url":"https:\/\/raed.academy\/ca\/col%c2%b7legiada-de-merit-montserrat-casanovas\/","og_site_name":"Reial Acad\u00e8mia Europea de Doctors","article_publisher":"http:\/\/fb.me\/raed.academy","article_published_time":"2019-11-22T19:25:16+00:00","article_modified_time":"2019-11-23T15:16:41+00:00","og_image":[{"width":600,"height":400,"url":"https:\/\/raed.academy\/wp-content\/uploads\/2019\/11\/col-legi-Economistes-Catalunya-dstNtc.jpg","type":"image\/jpeg"}],"author":"RAED","twitter_card":"summary_large_image","twitter_creator":"@raedacademy","twitter_site":"@raedacademy","twitter_misc":{"Written by":"RAED","Est. reading time":"2 minutes"},"schema":{"@context":"https:\/\/schema.org","@graph":[{"@type":"Article","@id":"https:\/\/raed.academy\/ca\/col%c2%b7legiada-de-merit-montserrat-casanovas\/#article","isPartOf":{"@id":"https:\/\/raed.academy\/ca\/col%c2%b7legiada-de-merit-montserrat-casanovas\/"},"author":{"name":"RAED","@id":"https:\/\/raed.academy\/ca\/#\/schema\/person\/5a755da80d1d979fd66ba745c8702927"},"headline":"Col\u00b7legiada de M\u00e8rit","datePublished":"2019-11-22T19:25:16+00:00","dateModified":"2019-11-23T15:16:41+00:00","mainEntityOfPage":{"@id":"https:\/\/raed.academy\/ca\/col%c2%b7legiada-de-merit-montserrat-casanovas\/"},"wordCount":390,"publisher":{"@id":"https:\/\/raed.academy\/ca\/#organization"},"image":{"@id":"https:\/\/raed.academy\/ca\/col%c2%b7legiada-de-merit-montserrat-casanovas\/#primaryimage"},"thumbnailUrl":"https:\/\/raed.academy\/wp-content\/uploads\/2019\/11\/col-legi-Economistes-Catalunya-dstNtc.jpg","articleSection":["Econ\u00f2miques i Empresarials","Premis, distincions i nomenaments"],"inLanguage":"ca-ES"},{"@type":"WebPage","@id":"https:\/\/raed.academy\/ca\/col%c2%b7legiada-de-merit-montserrat-casanovas\/","url":"https:\/\/raed.academy\/ca\/col%c2%b7legiada-de-merit-montserrat-casanovas\/","name":"Col\u00b7legiada de M\u00e8rit - Reial Acad\u00e8mia Europea de Doctors","isPartOf":{"@id":"https:\/\/raed.academy\/ca\/#website"},"primaryImageOfPage":{"@id":"https:\/\/raed.academy\/ca\/col%c2%b7legiada-de-merit-montserrat-casanovas\/#primaryimage"},"image":{"@id":"https:\/\/raed.academy\/ca\/col%c2%b7legiada-de-merit-montserrat-casanovas\/#primaryimage"},"thumbnailUrl":"https:\/\/raed.academy\/wp-content\/uploads\/2019\/11\/col-legi-Economistes-Catalunya-dstNtc.jpg","datePublished":"2019-11-22T19:25:16+00:00","dateModified":"2019-11-23T15:16:41+00:00","description":"Montserrat Casanovas ha estat designada Col\u00b7legiada de M\u00e8rit del Col\u00b7legi d'Economistes de Catalunya per les seves aportacions en mercats financers, valoraci\u00f3 d'empreses, tasca docent...","breadcrumb":{"@id":"https:\/\/raed.academy\/ca\/col%c2%b7legiada-de-merit-montserrat-casanovas\/#breadcrumb"},"inLanguage":"ca-ES","potentialAction":[{"@type":"ReadAction","target":["https:\/\/raed.academy\/ca\/col%c2%b7legiada-de-merit-montserrat-casanovas\/"]}]},{"@type":"ImageObject","inLanguage":"ca-ES","@id":"https:\/\/raed.academy\/ca\/col%c2%b7legiada-de-merit-montserrat-casanovas\/#primaryimage","url":"https:\/\/raed.academy\/wp-content\/uploads\/2019\/11\/col-legi-Economistes-Catalunya-dstNtc.jpg","contentUrl":"https:\/\/raed.academy\/wp-content\/uploads\/2019\/11\/col-legi-Economistes-Catalunya-dstNtc.jpg","width":600,"height":400},{"@type":"BreadcrumbList","@id":"https:\/\/raed.academy\/ca\/col%c2%b7legiada-de-merit-montserrat-casanovas\/#breadcrumb","itemListElement":[{"@type":"ListItem","position":1,"name":"Inicio","item":"https:\/\/raed.academy\/ca\/"},{"@type":"ListItem","position":2,"name":"Col\u00b7legiada de M\u00e8rit"}]},{"@type":"WebSite","@id":"https:\/\/raed.academy\/ca\/#website","url":"https:\/\/raed.academy\/ca\/","name":"Reial Acad\u00e8mia Europea de Doctors","description":"Corporaci\u00f3n de derecho p\u00fablico de car\u00e1cter cient\u00edfico, t\u00e9cnico y art\u00edstico, que tiene por objeto la investigaci\u00f3n, el estudio, el fomento y la extensi\u00f3n del conocimiento en su sentido m\u00e1s amplio","publisher":{"@id":"https:\/\/raed.academy\/ca\/#organization"},"potentialAction":[{"@type":"SearchAction","target":{"@type":"EntryPoint","urlTemplate":"https:\/\/raed.academy\/ca\/?s={search_term_string}"},"query-input":{"@type":"PropertyValueSpecification","valueRequired":true,"valueName":"search_term_string"}}],"inLanguage":"ca-ES"},{"@type":"Organization","@id":"https:\/\/raed.academy\/ca\/#organization","name":"Real Academia Europea de Doctores","url":"https:\/\/raed.academy\/ca\/","logo":{"@type":"ImageObject","inLanguage":"ca-ES","@id":"https:\/\/raed.academy\/ca\/#\/schema\/logo\/image\/","url":"https:\/\/raed.academy\/wp-content\/uploads\/2017\/01\/cropped-logo_raed.png","contentUrl":"https:\/\/raed.academy\/wp-content\/uploads\/2017\/01\/cropped-logo_raed.png","width":512,"height":512,"caption":"Real Academia Europea de Doctores"},"image":{"@id":"https:\/\/raed.academy\/ca\/#\/schema\/logo\/image\/"},"sameAs":["http:\/\/fb.me\/raed.academy","https:\/\/x.com\/raedacademy","https:\/\/www.instagram.com\/raed.academy\/","https:\/\/www.youtube.com\/channel\/UCUYQwW2KrdirNWihxMDObwg"]},{"@type":"Person","@id":"https:\/\/raed.academy\/ca\/#\/schema\/person\/5a755da80d1d979fd66ba745c8702927","name":"RAED","image":{"@type":"ImageObject","inLanguage":"ca-ES","@id":"https:\/\/secure.gravatar.com\/avatar\/19fdfdc0d67fb9c45714b703a2ac82251c4fcea3637f002ac3c9b74c0183583c?s=96&d=mm&r=g","url":"https:\/\/secure.gravatar.com\/avatar\/19fdfdc0d67fb9c45714b703a2ac82251c4fcea3637f002ac3c9b74c0183583c?s=96&d=mm&r=g","contentUrl":"https:\/\/secure.gravatar.com\/avatar\/19fdfdc0d67fb9c45714b703a2ac82251c4fcea3637f002ac3c9b74c0183583c?s=96&d=mm&r=g","caption":"RAED"}}]}},"_links":{"self":[{"href":"https:\/\/raed.academy\/ca\/wp-json\/wp\/v2\/posts\/83716","targetHints":{"allow":["GET"]}}],"collection":[{"href":"https:\/\/raed.academy\/ca\/wp-json\/wp\/v2\/posts"}],"about":[{"href":"https:\/\/raed.academy\/ca\/wp-json\/wp\/v2\/types\/post"}],"author":[{"embeddable":true,"href":"https:\/\/raed.academy\/ca\/wp-json\/wp\/v2\/users\/12"}],"replies":[{"embeddable":true,"href":"https:\/\/raed.academy\/ca\/wp-json\/wp\/v2\/comments?post=83716"}],"version-history":[{"count":0,"href":"https:\/\/raed.academy\/ca\/wp-json\/wp\/v2\/posts\/83716\/revisions"}],"wp:featuredmedia":[{"embeddable":true,"href":"https:\/\/raed.academy\/ca\/wp-json\/wp\/v2\/media\/83626"}],"wp:attachment":[{"href":"https:\/\/raed.academy\/ca\/wp-json\/wp\/v2\/media?parent=83716"}],"wp:term":[{"taxonomy":"category","embeddable":true,"href":"https:\/\/raed.academy\/ca\/wp-json\/wp\/v2\/categories?post=83716"},{"taxonomy":"post_tag","embeddable":true,"href":"https:\/\/raed.academy\/ca\/wp-json\/wp\/v2\/tags?post=83716"}],"curies":[{"name":"wp","href":"https:\/\/api.w.org\/{rel}","templated":true}]}}