{"id":83710,"date":"2019-11-22T18:55:41","date_gmt":"2019-11-22T18:55:41","guid":{"rendered":"https:\/\/raed.academy\/?p=83710"},"modified":"2019-11-25T18:24:25","modified_gmt":"2019-11-25T18:24:25","slug":"salut-i-intel%c2%b7ligencia-artificial","status":"publish","type":"post","link":"https:\/\/raed.academy\/ca\/salut-i-intel%c2%b7ligencia-artificial\/","title":{"rendered":"Salut i Intel\u00b7lig\u00e8ncia Artificial"},"content":{"rendered":"<p><a href=\"https:\/\/raed.academy\/ca\/academics\/dra-maria-dels-angels-calvo-torras\/\" target=\"_blank\" rel=\"noopener noreferrer\"><strong>Maria \u00c0ngels Calvo<\/strong><\/a>, acad\u00e8mica de n\u00famero i vicepresidenta de la <strong>Reial Acad\u00e8mia Europea de Doctors-Barcelona 1914<\/strong> (RAED) i al seu torn acad\u00e8mica numer\u00e0ria de la <a href=\"http:\/\/www.ramc.cat\" target=\"_blank\" rel=\"noopener noreferrer\"><strong>Reial Acad\u00e8mia de Medicina de Catalunya<\/strong><\/a>, de la <a href=\"http:\/\/rafc.cat\" target=\"_blank\" rel=\"noopener noreferrer\"><strong>Reial Acad\u00e8mia de Farm\u00e0cia de Catalunya<\/strong><\/a>, de l&#8217;<a href=\"http:\/\/www.acvc.cat\" target=\"_blank\" rel=\"noopener noreferrer\"><strong>Acad\u00e8mia de Ci\u00e8ncies Veterin\u00e0ries de Catalunya<\/strong><\/a> i de la <a href=\"http:\/\/www.radoctores.es\" target=\"_blank\" rel=\"noopener noreferrer\"><strong>Reial Acad\u00e8mia de Doctors d&#8217;Espanya<\/strong><\/a>, va participar el passat 6 de novembre juntament amb <strong>Vivian Hartmann<\/strong>, directora de departament de Desenvolupament Corporatiu i Relacions Institucionals de la <strong>Fundaci\u00f3 Pro Reial Acad\u00e8mia Europea de Doctors<\/strong>, a la jornada <strong>&#8220;L&#8217;oportunitat del Big Data i la Intel\u00b7lig\u00e8ncia Artificial en la presa de decisions cl\u00edniques i d&#8217;avaluaci\u00f3 en Sanitat&#8221;<\/strong>, que es va celebrar a la Facultat de Medicina de la <a href=\"http:\/\/ub.edu\" target=\"_blank\" rel=\"noopener noreferrer\"><strong>Universitat de Barcelona<\/strong><\/a>.<\/p>\n<p>La jornada cient\u00edfica ha estat organitzada per l&#8217;<a href=\"http:\/\/www.bioinformaticsbarcelona.eu\/\" target=\"_blank\" rel=\"noopener noreferrer\"><strong>Associaci\u00f3 Bioinformatics Barcelona (BIB)<\/strong><\/a>, la <a href=\"http:\/\/www.se-fc.org\/\" target=\"_blank\" rel=\"noopener noreferrer\"><strong>Societat Espanyola de Farmacologia Cl\u00ednica<\/strong><\/a> i la <a href=\"http:\/\/www.ub.edu\/\" target=\"_blank\" rel=\"noopener noreferrer\"><strong>Universitat de Barcelona<\/strong><\/a>, promoguda per <a href=\"https:\/\/www.leti.com\/es\" target=\"_blank\" rel=\"noopener noreferrer\"><strong>Laboratoris LETI<\/strong><\/a> amb la col\u00b7laboraci\u00f3 de la <a href=\"https:\/\/www.institutoroche.es\/\" target=\"_blank\" rel=\"noopener noreferrer\"><strong>Fundaci\u00f3 Institut Roche<\/strong><\/a>, la <strong>Reial Acad\u00e8mia Europea de Doctors<\/strong> i la <a href=\"https:\/\/espa\u00f1asalud.org\" target=\"_blank\" rel=\"noopener noreferrer\"><strong>Fundaci\u00f3 Espanya salut<\/strong><\/a>, amb una audi\u00e8ncia de m\u00e9s de quatre-centes persones relacionades amb el sector de la salut. En aquest esdeveniment es van analitzar els aven\u00e7os en l&#8217;\u00e0mbit cl\u00ednic i assistencial, les q\u00fcestions que cal abordar des del punt de vista jur\u00eddic, social i \u00e8tic, aix\u00ed com l&#8217;estat de la q\u00fcesti\u00f3 des del punt de vista de la investigaci\u00f3 cl\u00ednica i de la regulaci\u00f3 de medicaments i productes sanitaris.<\/p>\n<p><img loading=\"lazy\" decoding=\"async\" class=\"alignright wp-image-83649\" src=\"https:\/\/raed.academy\/wp-content\/uploads\/2019\/11\/big-data-dstNtc.jpg\" alt=\"\" width=\"470\" height=\"313\" \/><\/p>\n<p>Com a oportunitat de present i de futur complement\u00e0ria a l&#8217;assaig cl\u00ednic, la creixent disponibilitat de dades massives (Big Data) sobre les intervencions en sanitat i la digitalitzaci\u00f3 de la medicina ofereixen l&#8217;oportunitat d&#8217;ampliar el coneixement sobre els medicaments i productes sanitaris d&#8217;una manera exponencial, aix\u00ed com la possibilitat de potenciar la medicina de precisi\u00f3 millorant la relaci\u00f3 benefici-risc no nom\u00e9s a nivell mostral o poblacional, sin\u00f3 per a cada pacient individual. Per a aix\u00f2 van considerar essencial impulsar l&#8217;aplicaci\u00f3 del Big Data i la Intel\u00b7lig\u00e8ncia Artificial, tot i que amb est\u00e0ndards \u00e8tics i metodol\u00f2gics.<\/p>\n<p>Bioinformatics Barcelona \u00e9s una associaci\u00f3 sense \u00e0nim de lucre constitu\u00efda el 2015 i que actualment compta amb m\u00e9s de 50 entitats membre en l&#8217;\u00e0mbit de la bioinform\u00e0tica, entre elles universitats, centres de recerca, instituts de recerca hospital\u00e0ria, grans infraestructures cient\u00edfiques, empreses i altres entitats, que treballen en els \u00e0mbits de salut, agroalimentari i tecnol\u00f2gic. El seu objectiu \u00e9s dinamitzar iniciatives a tots els nivells: formatiu, de recerca i transfer\u00e8ncia, competitivitat industrial, divulgaci\u00f3, aix\u00ed com fer visible el potencial de qu\u00e8 disposem per convertir-nos en un node internacional de refer\u00e8ncia en l&#8217;\u00e0mbit de la bioinform\u00e0tica.<\/p>\n<p>Arran d&#8217;aquesta jornada, el deg\u00e0 de la Facultat de Medicina, <strong>Antonio Trilla<\/strong>, ha ofert a la RAED la possibilitat de futures col\u00b7laboracions en jornades relacionades amb la salut i el Big Data i noves tecnologies que podrien desenvolupar-se.<\/p>\n<p>&nbsp;<\/p>\n\n\t\t<style type=\"text\/css\">\n\t\t\t#gallery-1 {\n\t\t\t\tmargin: auto;\n\t\t\t}\n\t\t\t#gallery-1 .gallery-item {\n\t\t\t\tfloat: left;\n\t\t\t\tmargin-top: 10px;\n\t\t\t\ttext-align: center;\n\t\t\t\twidth: 50%;\n\t\t\t}\n\t\t\t#gallery-1 img {\n\t\t\t\tborder: 2px solid #cfcfcf;\n\t\t\t}\n\t\t\t#gallery-1 .gallery-caption {\n\t\t\t\tmargin-left: 0;\n\t\t\t}\n\t\t\t\/* see gallery_shortcode() in wp-includes\/media.php *\/\n\t\t<\/style>\n\t\t<div id='gallery-1' class='gallery galleryid-83710 gallery-columns-2 gallery-size-full'><dl class='gallery-item'>\n\t\t\t<dt class='gallery-icon landscape'>\n\t\t\t\t<a href='https:\/\/raed.academy\/wp-content\/uploads\/2019\/11\/I-jornada-Big-Data-y-la-Inteligencia-Artificial-en-la-toma-de-decisiones.jpg'><img loading=\"lazy\" decoding=\"async\" width=\"970\" height=\"728\" src=\"https:\/\/raed.academy\/wp-content\/uploads\/2019\/11\/I-jornada-Big-Data-y-la-Inteligencia-Artificial-en-la-toma-de-decisiones.jpg\" class=\"attachment-full size-full\" alt=\"\" srcset=\"https:\/\/raed.academy\/wp-content\/uploads\/2019\/11\/I-jornada-Big-Data-y-la-Inteligencia-Artificial-en-la-toma-de-decisiones.jpg 970w, https:\/\/raed.academy\/wp-content\/uploads\/2019\/11\/I-jornada-Big-Data-y-la-Inteligencia-Artificial-en-la-toma-de-decisiones-768x576.jpg 768w\" sizes=\"(max-width: 970px) 100vw, 970px\" \/><\/a>\n\t\t\t<\/dt><\/dl><dl class='gallery-item'>\n\t\t\t<dt class='gallery-icon landscape'>\n\t\t\t\t<a href='https:\/\/raed.academy\/wp-content\/uploads\/2019\/11\/I-jornada-Big-Data-y-la-Inteligencia-Artificial-en-la-toma-de-decisiones-2.jpg'><img loading=\"lazy\" decoding=\"async\" width=\"900\" height=\"675\" src=\"https:\/\/raed.academy\/wp-content\/uploads\/2019\/11\/I-jornada-Big-Data-y-la-Inteligencia-Artificial-en-la-toma-de-decisiones-2.jpg\" class=\"attachment-full size-full\" alt=\"\" srcset=\"https:\/\/raed.academy\/wp-content\/uploads\/2019\/11\/I-jornada-Big-Data-y-la-Inteligencia-Artificial-en-la-toma-de-decisiones-2.jpg 900w, https:\/\/raed.academy\/wp-content\/uploads\/2019\/11\/I-jornada-Big-Data-y-la-Inteligencia-Artificial-en-la-toma-de-decisiones-2-768x576.jpg 768w\" sizes=\"(max-width: 900px) 100vw, 900px\" \/><\/a>\n\t\t\t<\/dt><\/dl><br style=\"clear: both\" \/>\n\t\t<\/div>\n\n","protected":false},"excerpt":{"rendered":"<p>Maria \u00c0ngels Calvo, acad\u00e8mica de n\u00famero i vicepresidenta de la Reial Acad\u00e8mia Europea de Doctors-Barcelona 1914 (RAED) i al seu torn acad\u00e8mica numer\u00e0ria de la Reial Acad\u00e8mia de Medicina de Catalunya, de la Reial Acad\u00e8mia de Farm\u00e0cia de Catalunya, de l&#8217;Acad\u00e8mia de Ci\u00e8ncies Veterin\u00e0ries de Catalunya i de la Reial Acad\u00e8mia de Doctors d&#8217;Espanya, va [&hellip;]<\/p>\n","protected":false},"author":12,"featured_media":83650,"comment_status":"closed","ping_status":"closed","sticky":false,"template":"","format":"standard","meta":{"_et_pb_use_builder":"","_et_pb_old_content":"","_et_gb_content_width":"","footnotes":""},"categories":[213],"tags":[],"class_list":["post-83710","post","type-post","status-publish","format-standard","has-post-thumbnail","hentry","category-medicina-i-cirurgia","et-has-post-format-content","et_post_format-et-post-format-standard"],"yoast_head":"<!-- This site is optimized with the Yoast SEO plugin v27.4 - https:\/\/yoast.com\/product\/yoast-seo-wordpress\/ -->\n<title>Salut i Intel\u00b7lig\u00e8ncia Artificial - Reial Acad\u00e8mia Europea de Doctors<\/title>\n<meta name=\"description\" content=\"Maria \u00c0ngels Calvo i Vivian Hartmann participen a la jornada &quot;L&#039;oportunitat del Big Data i la Intel\u00b7lig\u00e8ncia Artificial en la presa de decisions cl\u00edniques i d&#039;avaluaci\u00f3 en Sanitat&quot;\" \/>\n<meta name=\"robots\" content=\"index, follow, max-snippet:-1, max-image-preview:large, max-video-preview:-1\" \/>\n<link rel=\"canonical\" href=\"https:\/\/raed.academy\/ca\/salut-i-intel%c2%b7ligencia-artificial\/\" \/>\n<meta property=\"og:locale\" content=\"ca_ES\" \/>\n<meta property=\"og:type\" content=\"article\" \/>\n<meta property=\"og:title\" content=\"Salut i Intel\u00b7lig\u00e8ncia Artificial - Reial Acad\u00e8mia Europea de Doctors\" \/>\n<meta property=\"og:description\" content=\"Maria \u00c0ngels Calvo i Vivian Hartmann participen a la jornada &quot;L&#039;oportunitat del Big Data i la Intel\u00b7lig\u00e8ncia Artificial en la presa de decisions cl\u00edniques i d&#039;avaluaci\u00f3 en Sanitat&quot;\" \/>\n<meta property=\"og:url\" content=\"https:\/\/raed.academy\/ca\/salut-i-intel%c2%b7ligencia-artificial\/\" \/>\n<meta property=\"og:site_name\" content=\"Reial Acad\u00e8mia Europea de Doctors\" \/>\n<meta property=\"article:publisher\" content=\"http:\/\/fb.me\/raed.academy\" \/>\n<meta property=\"article:published_time\" content=\"2019-11-22T18:55:41+00:00\" \/>\n<meta property=\"article:modified_time\" content=\"2019-11-25T18:24:25+00:00\" \/>\n<meta property=\"og:image\" content=\"https:\/\/raed.academy\/wp-content\/uploads\/2019\/11\/big-data-dstNtc.jpg\" \/>\n\t<meta property=\"og:image:width\" content=\"600\" \/>\n\t<meta property=\"og:image:height\" content=\"400\" \/>\n\t<meta property=\"og:image:type\" content=\"image\/jpeg\" \/>\n<meta name=\"author\" content=\"RAED\" \/>\n<meta name=\"twitter:card\" content=\"summary_large_image\" \/>\n<meta name=\"twitter:creator\" content=\"@raedacademy\" \/>\n<meta name=\"twitter:site\" content=\"@raedacademy\" \/>\n<meta name=\"twitter:label1\" content=\"Written by\" \/>\n\t<meta name=\"twitter:data1\" content=\"RAED\" \/>\n\t<meta name=\"twitter:label2\" content=\"Est. reading time\" \/>\n\t<meta name=\"twitter:data2\" content=\"3 minutes\" \/>\n<script type=\"application\/ld+json\" class=\"yoast-schema-graph\">{\"@context\":\"https:\\\/\\\/schema.org\",\"@graph\":[{\"@type\":\"Article\",\"@id\":\"https:\\\/\\\/raed.academy\\\/ca\\\/salut-i-intel%c2%b7ligencia-artificial\\\/#article\",\"isPartOf\":{\"@id\":\"https:\\\/\\\/raed.academy\\\/ca\\\/salut-i-intel%c2%b7ligencia-artificial\\\/\"},\"author\":{\"name\":\"RAED\",\"@id\":\"https:\\\/\\\/raed.academy\\\/ca\\\/#\\\/schema\\\/person\\\/5a755da80d1d979fd66ba745c8702927\"},\"headline\":\"Salut i Intel\u00b7lig\u00e8ncia Artificial\",\"datePublished\":\"2019-11-22T18:55:41+00:00\",\"dateModified\":\"2019-11-25T18:24:25+00:00\",\"mainEntityOfPage\":{\"@id\":\"https:\\\/\\\/raed.academy\\\/ca\\\/salut-i-intel%c2%b7ligencia-artificial\\\/\"},\"wordCount\":528,\"publisher\":{\"@id\":\"https:\\\/\\\/raed.academy\\\/ca\\\/#organization\"},\"image\":{\"@id\":\"https:\\\/\\\/raed.academy\\\/ca\\\/salut-i-intel%c2%b7ligencia-artificial\\\/#primaryimage\"},\"thumbnailUrl\":\"https:\\\/\\\/raed.academy\\\/wp-content\\\/uploads\\\/2019\\\/11\\\/big-data-dstNtc.jpg\",\"articleSection\":[\"Medicina i cirurgia\"],\"inLanguage\":\"ca-ES\"},{\"@type\":\"WebPage\",\"@id\":\"https:\\\/\\\/raed.academy\\\/ca\\\/salut-i-intel%c2%b7ligencia-artificial\\\/\",\"url\":\"https:\\\/\\\/raed.academy\\\/ca\\\/salut-i-intel%c2%b7ligencia-artificial\\\/\",\"name\":\"Salut i Intel\u00b7lig\u00e8ncia Artificial - Reial Acad\u00e8mia Europea de Doctors\",\"isPartOf\":{\"@id\":\"https:\\\/\\\/raed.academy\\\/ca\\\/#website\"},\"primaryImageOfPage\":{\"@id\":\"https:\\\/\\\/raed.academy\\\/ca\\\/salut-i-intel%c2%b7ligencia-artificial\\\/#primaryimage\"},\"image\":{\"@id\":\"https:\\\/\\\/raed.academy\\\/ca\\\/salut-i-intel%c2%b7ligencia-artificial\\\/#primaryimage\"},\"thumbnailUrl\":\"https:\\\/\\\/raed.academy\\\/wp-content\\\/uploads\\\/2019\\\/11\\\/big-data-dstNtc.jpg\",\"datePublished\":\"2019-11-22T18:55:41+00:00\",\"dateModified\":\"2019-11-25T18:24:25+00:00\",\"description\":\"Maria \u00c0ngels Calvo i Vivian Hartmann participen a la jornada \\\"L'oportunitat del Big Data i la Intel\u00b7lig\u00e8ncia Artificial en la presa de decisions cl\u00edniques i d'avaluaci\u00f3 en Sanitat\\\"\",\"breadcrumb\":{\"@id\":\"https:\\\/\\\/raed.academy\\\/ca\\\/salut-i-intel%c2%b7ligencia-artificial\\\/#breadcrumb\"},\"inLanguage\":\"ca-ES\",\"potentialAction\":[{\"@type\":\"ReadAction\",\"target\":[\"https:\\\/\\\/raed.academy\\\/ca\\\/salut-i-intel%c2%b7ligencia-artificial\\\/\"]}]},{\"@type\":\"ImageObject\",\"inLanguage\":\"ca-ES\",\"@id\":\"https:\\\/\\\/raed.academy\\\/ca\\\/salut-i-intel%c2%b7ligencia-artificial\\\/#primaryimage\",\"url\":\"https:\\\/\\\/raed.academy\\\/wp-content\\\/uploads\\\/2019\\\/11\\\/big-data-dstNtc.jpg\",\"contentUrl\":\"https:\\\/\\\/raed.academy\\\/wp-content\\\/uploads\\\/2019\\\/11\\\/big-data-dstNtc.jpg\",\"width\":600,\"height\":400},{\"@type\":\"BreadcrumbList\",\"@id\":\"https:\\\/\\\/raed.academy\\\/ca\\\/salut-i-intel%c2%b7ligencia-artificial\\\/#breadcrumb\",\"itemListElement\":[{\"@type\":\"ListItem\",\"position\":1,\"name\":\"Inicio\",\"item\":\"https:\\\/\\\/raed.academy\\\/ca\\\/\"},{\"@type\":\"ListItem\",\"position\":2,\"name\":\"Salut i Intel\u00b7lig\u00e8ncia Artificial\"}]},{\"@type\":\"WebSite\",\"@id\":\"https:\\\/\\\/raed.academy\\\/ca\\\/#website\",\"url\":\"https:\\\/\\\/raed.academy\\\/ca\\\/\",\"name\":\"Reial Acad\u00e8mia Europea de Doctors\",\"description\":\"Corporaci\u00f3n de derecho p\u00fablico de car\u00e1cter cient\u00edfico, t\u00e9cnico y art\u00edstico, que tiene por objeto la investigaci\u00f3n, el estudio, el fomento y la extensi\u00f3n del conocimiento en su sentido m\u00e1s amplio\",\"publisher\":{\"@id\":\"https:\\\/\\\/raed.academy\\\/ca\\\/#organization\"},\"potentialAction\":[{\"@type\":\"SearchAction\",\"target\":{\"@type\":\"EntryPoint\",\"urlTemplate\":\"https:\\\/\\\/raed.academy\\\/ca\\\/?s={search_term_string}\"},\"query-input\":{\"@type\":\"PropertyValueSpecification\",\"valueRequired\":true,\"valueName\":\"search_term_string\"}}],\"inLanguage\":\"ca-ES\"},{\"@type\":\"Organization\",\"@id\":\"https:\\\/\\\/raed.academy\\\/ca\\\/#organization\",\"name\":\"Real Academia Europea de Doctores\",\"url\":\"https:\\\/\\\/raed.academy\\\/ca\\\/\",\"logo\":{\"@type\":\"ImageObject\",\"inLanguage\":\"ca-ES\",\"@id\":\"https:\\\/\\\/raed.academy\\\/ca\\\/#\\\/schema\\\/logo\\\/image\\\/\",\"url\":\"https:\\\/\\\/raed.academy\\\/wp-content\\\/uploads\\\/2017\\\/01\\\/cropped-logo_raed.png\",\"contentUrl\":\"https:\\\/\\\/raed.academy\\\/wp-content\\\/uploads\\\/2017\\\/01\\\/cropped-logo_raed.png\",\"width\":512,\"height\":512,\"caption\":\"Real Academia Europea de Doctores\"},\"image\":{\"@id\":\"https:\\\/\\\/raed.academy\\\/ca\\\/#\\\/schema\\\/logo\\\/image\\\/\"},\"sameAs\":[\"http:\\\/\\\/fb.me\\\/raed.academy\",\"https:\\\/\\\/x.com\\\/raedacademy\",\"https:\\\/\\\/www.instagram.com\\\/raed.academy\\\/\",\"https:\\\/\\\/www.youtube.com\\\/channel\\\/UCUYQwW2KrdirNWihxMDObwg\"]},{\"@type\":\"Person\",\"@id\":\"https:\\\/\\\/raed.academy\\\/ca\\\/#\\\/schema\\\/person\\\/5a755da80d1d979fd66ba745c8702927\",\"name\":\"RAED\",\"image\":{\"@type\":\"ImageObject\",\"inLanguage\":\"ca-ES\",\"@id\":\"https:\\\/\\\/secure.gravatar.com\\\/avatar\\\/19fdfdc0d67fb9c45714b703a2ac82251c4fcea3637f002ac3c9b74c0183583c?s=96&d=mm&r=g\",\"url\":\"https:\\\/\\\/secure.gravatar.com\\\/avatar\\\/19fdfdc0d67fb9c45714b703a2ac82251c4fcea3637f002ac3c9b74c0183583c?s=96&d=mm&r=g\",\"contentUrl\":\"https:\\\/\\\/secure.gravatar.com\\\/avatar\\\/19fdfdc0d67fb9c45714b703a2ac82251c4fcea3637f002ac3c9b74c0183583c?s=96&d=mm&r=g\",\"caption\":\"RAED\"}}]}<\/script>\n<!-- \/ Yoast SEO plugin. -->","yoast_head_json":{"title":"Salut i Intel\u00b7lig\u00e8ncia Artificial - Reial Acad\u00e8mia Europea de Doctors","description":"Maria \u00c0ngels Calvo i Vivian Hartmann participen a la jornada \"L'oportunitat del Big Data i la Intel\u00b7lig\u00e8ncia Artificial en la presa de decisions cl\u00edniques i d'avaluaci\u00f3 en Sanitat\"","robots":{"index":"index","follow":"follow","max-snippet":"max-snippet:-1","max-image-preview":"max-image-preview:large","max-video-preview":"max-video-preview:-1"},"canonical":"https:\/\/raed.academy\/ca\/salut-i-intel%c2%b7ligencia-artificial\/","og_locale":"ca_ES","og_type":"article","og_title":"Salut i Intel\u00b7lig\u00e8ncia Artificial - Reial Acad\u00e8mia Europea de Doctors","og_description":"Maria \u00c0ngels Calvo i Vivian Hartmann participen a la jornada \"L'oportunitat del Big Data i la Intel\u00b7lig\u00e8ncia Artificial en la presa de decisions cl\u00edniques i d'avaluaci\u00f3 en Sanitat\"","og_url":"https:\/\/raed.academy\/ca\/salut-i-intel%c2%b7ligencia-artificial\/","og_site_name":"Reial Acad\u00e8mia Europea de Doctors","article_publisher":"http:\/\/fb.me\/raed.academy","article_published_time":"2019-11-22T18:55:41+00:00","article_modified_time":"2019-11-25T18:24:25+00:00","og_image":[{"width":600,"height":400,"url":"https:\/\/raed.academy\/wp-content\/uploads\/2019\/11\/big-data-dstNtc.jpg","type":"image\/jpeg"}],"author":"RAED","twitter_card":"summary_large_image","twitter_creator":"@raedacademy","twitter_site":"@raedacademy","twitter_misc":{"Written by":"RAED","Est. reading time":"3 minutes"},"schema":{"@context":"https:\/\/schema.org","@graph":[{"@type":"Article","@id":"https:\/\/raed.academy\/ca\/salut-i-intel%c2%b7ligencia-artificial\/#article","isPartOf":{"@id":"https:\/\/raed.academy\/ca\/salut-i-intel%c2%b7ligencia-artificial\/"},"author":{"name":"RAED","@id":"https:\/\/raed.academy\/ca\/#\/schema\/person\/5a755da80d1d979fd66ba745c8702927"},"headline":"Salut i Intel\u00b7lig\u00e8ncia Artificial","datePublished":"2019-11-22T18:55:41+00:00","dateModified":"2019-11-25T18:24:25+00:00","mainEntityOfPage":{"@id":"https:\/\/raed.academy\/ca\/salut-i-intel%c2%b7ligencia-artificial\/"},"wordCount":528,"publisher":{"@id":"https:\/\/raed.academy\/ca\/#organization"},"image":{"@id":"https:\/\/raed.academy\/ca\/salut-i-intel%c2%b7ligencia-artificial\/#primaryimage"},"thumbnailUrl":"https:\/\/raed.academy\/wp-content\/uploads\/2019\/11\/big-data-dstNtc.jpg","articleSection":["Medicina i cirurgia"],"inLanguage":"ca-ES"},{"@type":"WebPage","@id":"https:\/\/raed.academy\/ca\/salut-i-intel%c2%b7ligencia-artificial\/","url":"https:\/\/raed.academy\/ca\/salut-i-intel%c2%b7ligencia-artificial\/","name":"Salut i Intel\u00b7lig\u00e8ncia Artificial - Reial Acad\u00e8mia Europea de Doctors","isPartOf":{"@id":"https:\/\/raed.academy\/ca\/#website"},"primaryImageOfPage":{"@id":"https:\/\/raed.academy\/ca\/salut-i-intel%c2%b7ligencia-artificial\/#primaryimage"},"image":{"@id":"https:\/\/raed.academy\/ca\/salut-i-intel%c2%b7ligencia-artificial\/#primaryimage"},"thumbnailUrl":"https:\/\/raed.academy\/wp-content\/uploads\/2019\/11\/big-data-dstNtc.jpg","datePublished":"2019-11-22T18:55:41+00:00","dateModified":"2019-11-25T18:24:25+00:00","description":"Maria \u00c0ngels Calvo i Vivian Hartmann participen a la jornada \"L'oportunitat del Big Data i la Intel\u00b7lig\u00e8ncia Artificial en la presa de decisions cl\u00edniques i d'avaluaci\u00f3 en Sanitat\"","breadcrumb":{"@id":"https:\/\/raed.academy\/ca\/salut-i-intel%c2%b7ligencia-artificial\/#breadcrumb"},"inLanguage":"ca-ES","potentialAction":[{"@type":"ReadAction","target":["https:\/\/raed.academy\/ca\/salut-i-intel%c2%b7ligencia-artificial\/"]}]},{"@type":"ImageObject","inLanguage":"ca-ES","@id":"https:\/\/raed.academy\/ca\/salut-i-intel%c2%b7ligencia-artificial\/#primaryimage","url":"https:\/\/raed.academy\/wp-content\/uploads\/2019\/11\/big-data-dstNtc.jpg","contentUrl":"https:\/\/raed.academy\/wp-content\/uploads\/2019\/11\/big-data-dstNtc.jpg","width":600,"height":400},{"@type":"BreadcrumbList","@id":"https:\/\/raed.academy\/ca\/salut-i-intel%c2%b7ligencia-artificial\/#breadcrumb","itemListElement":[{"@type":"ListItem","position":1,"name":"Inicio","item":"https:\/\/raed.academy\/ca\/"},{"@type":"ListItem","position":2,"name":"Salut i Intel\u00b7lig\u00e8ncia Artificial"}]},{"@type":"WebSite","@id":"https:\/\/raed.academy\/ca\/#website","url":"https:\/\/raed.academy\/ca\/","name":"Reial Acad\u00e8mia Europea de Doctors","description":"Corporaci\u00f3n de derecho p\u00fablico de car\u00e1cter cient\u00edfico, t\u00e9cnico y art\u00edstico, que tiene por objeto la investigaci\u00f3n, el estudio, el fomento y la extensi\u00f3n del conocimiento en su sentido m\u00e1s amplio","publisher":{"@id":"https:\/\/raed.academy\/ca\/#organization"},"potentialAction":[{"@type":"SearchAction","target":{"@type":"EntryPoint","urlTemplate":"https:\/\/raed.academy\/ca\/?s={search_term_string}"},"query-input":{"@type":"PropertyValueSpecification","valueRequired":true,"valueName":"search_term_string"}}],"inLanguage":"ca-ES"},{"@type":"Organization","@id":"https:\/\/raed.academy\/ca\/#organization","name":"Real Academia Europea de Doctores","url":"https:\/\/raed.academy\/ca\/","logo":{"@type":"ImageObject","inLanguage":"ca-ES","@id":"https:\/\/raed.academy\/ca\/#\/schema\/logo\/image\/","url":"https:\/\/raed.academy\/wp-content\/uploads\/2017\/01\/cropped-logo_raed.png","contentUrl":"https:\/\/raed.academy\/wp-content\/uploads\/2017\/01\/cropped-logo_raed.png","width":512,"height":512,"caption":"Real Academia Europea de Doctores"},"image":{"@id":"https:\/\/raed.academy\/ca\/#\/schema\/logo\/image\/"},"sameAs":["http:\/\/fb.me\/raed.academy","https:\/\/x.com\/raedacademy","https:\/\/www.instagram.com\/raed.academy\/","https:\/\/www.youtube.com\/channel\/UCUYQwW2KrdirNWihxMDObwg"]},{"@type":"Person","@id":"https:\/\/raed.academy\/ca\/#\/schema\/person\/5a755da80d1d979fd66ba745c8702927","name":"RAED","image":{"@type":"ImageObject","inLanguage":"ca-ES","@id":"https:\/\/secure.gravatar.com\/avatar\/19fdfdc0d67fb9c45714b703a2ac82251c4fcea3637f002ac3c9b74c0183583c?s=96&d=mm&r=g","url":"https:\/\/secure.gravatar.com\/avatar\/19fdfdc0d67fb9c45714b703a2ac82251c4fcea3637f002ac3c9b74c0183583c?s=96&d=mm&r=g","contentUrl":"https:\/\/secure.gravatar.com\/avatar\/19fdfdc0d67fb9c45714b703a2ac82251c4fcea3637f002ac3c9b74c0183583c?s=96&d=mm&r=g","caption":"RAED"}}]}},"_links":{"self":[{"href":"https:\/\/raed.academy\/ca\/wp-json\/wp\/v2\/posts\/83710","targetHints":{"allow":["GET"]}}],"collection":[{"href":"https:\/\/raed.academy\/ca\/wp-json\/wp\/v2\/posts"}],"about":[{"href":"https:\/\/raed.academy\/ca\/wp-json\/wp\/v2\/types\/post"}],"author":[{"embeddable":true,"href":"https:\/\/raed.academy\/ca\/wp-json\/wp\/v2\/users\/12"}],"replies":[{"embeddable":true,"href":"https:\/\/raed.academy\/ca\/wp-json\/wp\/v2\/comments?post=83710"}],"version-history":[{"count":0,"href":"https:\/\/raed.academy\/ca\/wp-json\/wp\/v2\/posts\/83710\/revisions"}],"wp:featuredmedia":[{"embeddable":true,"href":"https:\/\/raed.academy\/ca\/wp-json\/wp\/v2\/media\/83650"}],"wp:attachment":[{"href":"https:\/\/raed.academy\/ca\/wp-json\/wp\/v2\/media?parent=83710"}],"wp:term":[{"taxonomy":"category","embeddable":true,"href":"https:\/\/raed.academy\/ca\/wp-json\/wp\/v2\/categories?post=83710"},{"taxonomy":"post_tag","embeddable":true,"href":"https:\/\/raed.academy\/ca\/wp-json\/wp\/v2\/tags?post=83710"}],"curies":[{"name":"wp","href":"https:\/\/api.w.org\/{rel}","templated":true}]}}