{"id":82151,"date":"2019-10-31T18:42:37","date_gmt":"2019-10-31T18:42:37","guid":{"rendered":"https:\/\/raed.academy\/?p=82151"},"modified":"2019-11-01T16:22:12","modified_gmt":"2019-11-01T16:22:12","slug":"agricultura-4-0","status":"publish","type":"post","link":"https:\/\/raed.academy\/ca\/agricultura-4-0\/","title":{"rendered":"Agricultura 4.0"},"content":{"rendered":"<h2>Emilio Gil Moya, director de la Unitat de Mecanitzaci\u00f3 Agr\u00e0ria de la Universitat Polit\u00e8cnica de Catalunya, ingressa a la Reial Acad\u00e8mia<\/h2>\n<p><a href=\"https:\/\/raed.academy\/ca\/academics\/dr-emilio-gil-moya\/\" target=\"_blank\" rel=\"noopener noreferrer\"><strong>Emilio Gil Moya<\/strong><\/a>, catedr\u00e0tic del Departament d&#8217;Enginyeria Agroaliment\u00e0ria i Biotecnologia i director de la <strong>Unitat de Mecanitzaci\u00f3 Agr\u00e0ria<\/strong> de la <a href=\"http:\/\/www.upc.edu\" target=\"_blank\" rel=\"noopener noreferrer\"><strong>Universitat Polit\u00e8cnica de Catalunya<\/strong><\/a>, va ingressar com a acad\u00e8mic de n\u00famero de la <strong>Reial Acad\u00e8mia Europea de Doctors-Barcelona 1914<\/strong> (RAED) durant una cerim\u00f2nia que es va celebrar dilluns passat, 28 d&#8217;octubre, al Sal\u00f3 d&#8217;Actes de <a href=\"http:\/\/www.foment.com\" target=\"_blank\" rel=\"noopener noreferrer\"><strong>Foment del Treball Nacional<\/strong><\/a>, seu de la RAED. El recipiendari va llegir el discurs d&#8217;ingr\u00e9s <a href=\"https:\/\/raed.academy\/wp-content\/uploads\/2019\/10\/discurso-ingreso-Emilio-Gil-Moya-Dias-de-campo-compr.pdf\" target=\"_blank\" rel=\"noopener noreferrer\"><strong>&#8220;D\u00edas de campo&#8221;<\/strong><\/a>. Li va respondre en nom de la Reial Corporaci\u00f3 l&#8217;acad\u00e8mic de n\u00famero i rector de la <a href=\"http:\/\/www.uic.es\" target=\"_blank\" rel=\"noopener noreferrer\"><strong>Universitat Internacional de Catalunya<\/strong><\/a> <a href=\"https:\/\/raed.academy\/ca\/academics\/dr-javier-gil-mur\/\" target=\"_blank\" rel=\"noopener noreferrer\"><strong>Javier Gil Mur<\/strong><\/a>. Hi van assistir a l&#8217;acte m\u00e9s de 200 persones i 20 acad\u00e8mics togats.<\/p>\n<p>Doctor en Enginyeria Agr\u00f2noma, el nou acad\u00e8mic va plantejar d&#8217;entrada el contrast que es d\u00f3na a dia d&#8217;avui entre la tecnologia i la investigaci\u00f3 que ha perm\u00e8s encunyar el concepte d&#8217;agricultura 4.0 i els pocs recursos i mala imatge que encara t\u00e9 el sector primari, especialment a Espanya: &#8220;L&#8217;agricultura no ven. No ven entre els joves quan han de decidir el seu futur professional i aix\u00f2 es reflecteix en les preocupants xifres d&#8217;ingr\u00e9s en les m\u00faltiples (massa diria jo) universitats d&#8217;agricultura al nostre pa\u00eds; no ven en els mitjans de comunicaci\u00f3 en qu\u00e8 el sector agrari \u00e9s not\u00edcia nom\u00e9s quan esdevenen problemes; no ven entre la classe pol\u00edtica tot i que tots ells asseguren que es tracta d&#8217;un sector estrat\u00e8gic, no ven en l&#8217;\u00e0mbit de la investigaci\u00f3: els que ens dediquem a aix\u00f2 patim cont\u00ednuament les greus desavantatges d&#8217;enfrontar-nos en convocat\u00f2ries competitives amb altres col\u00b7legues d&#8217;altres sectors la investigaci\u00f3 dels quals \u00e9s molt m\u00e9s atractiva i medi\u00e0tica i, en conseq\u00fc\u00e8ncia, molt m\u00e9s rica i m\u00e9s dotada. I aquest \u00e9s un peix que es mossega la cua: les difer\u00e8ncies entre els grups de recerca s\u00f3n cada vegada m\u00e9s grans i les oportunitats dels petits cada vegada menors. En definitiva, som un sector petit i poc medi\u00e0tic amb l&#8217;enorme responsabilitat d&#8217;alimentar una poblaci\u00f3 cada vegada m\u00e9s exigent&#8221;.<\/p>\n<p>Arran d&#8217;aquesta reflexi\u00f3 inicial, Gil Moya va abordar les innovacions que han de permetre al sector afrontar la seva necess\u00e0ria reconversi\u00f3 i posada al dia, estudiades i en bona mesura impulsades per la Unitat de Mecanitzaci\u00f3 Agr\u00e0ria creada fa ja 15 anys i que ell mateix dirigeix. \u00c9s el cas dels nous m\u00e8todes electr\u00f2nics per a la caracteritzaci\u00f3 de la vegetaci\u00f3, les aplicacions variables en temps real amb sensors de proximitat i drons, l&#8217;aplicaci\u00f3 variable basant-se en mapes, l&#8217;app <strong>Dosavi\u00f1a<\/strong> o els projectes <strong>H2020-OPTIMA<\/strong> de recerca avan\u00e7ada en protecci\u00f3 de cultius i <strong>Innoseta<\/strong>, una plataforma europea per a l&#8217;agricultor. Innovacions que el nou acad\u00e8mic ha seguit de prop en el sector agrari espanyol i que s&#8217;han implementat amb \u00e8xit.<\/p>\n<p>&#8220;Els resultats obtinguts despr\u00e9s d&#8217;aquesta llarga s\u00e8rie d&#8217;anys d&#8217;activitats de recerca, transfer\u00e8ncia i formaci\u00f3 en el sector agrari per part del grup de recerca de la universitat s\u00f3n encoratjadors, per\u00f2 alhora dif\u00edcils de quantificar -va assenyalar Gil Moya-. D&#8217;acord amb les dades disponibles, s&#8217;observa una reducci\u00f3 generalitzada en l&#8217;\u00fas de plaguicides. Aquesta reducci\u00f3 s&#8217;estima entre un 20% i un 30% en funci\u00f3 de la zona i el cultiu, sent molt m\u00e9s interessant en el cas de cultius fruiters i olivera, on les dosis de producte es mantenien en uns nivells molt elevats en comparaci\u00f3 amb el que recomana. S&#8217;ha observat tamb\u00e9 un notable increment en l&#8217;\u00fas de noves tecnologies per a la reducci\u00f3 de la deriva, com la utilitzaci\u00f3 de filtres d&#8217;injecci\u00f3 d&#8217;aire, o la creixent utilitzaci\u00f3 d&#8217;eines com Dosavi\u00f1a, que faciliten enormement la tasca de l&#8217;agricultor. Tamb\u00e9 cal destacar una millora del proc\u00e9s global de regulaci\u00f3 dels equips, amb una reducci\u00f3 progressiva dels volums de l\u00edquid fet servir, la qual cosa redueix de forma directa el risc de contaminaci\u00f3&#8221;.<\/p>\n<p>El nou acad\u00e8mic va insistir en la necessitat de seguir impulsant i desenvolupant el sector mitjan\u00e7ant fons p\u00fablics i privats. &#8220;Tot aquest treball ha estat possible gr\u00e0cies a aquest grup de joves (i no tan joves) investigadors que, tot i les res atractives circumst\u00e0ncies que envolten des de fa ja massa temps a la universitat p\u00fablica espanyola, han aportat tota la seva energia, passi\u00f3 i entusiasme. Ll\u00e0stima que molts d&#8217;aquests investigadors, amb un potencial certament envejable, hagin hagut de buscar alternatives a la carrera professional lluny del m\u00f3n acad\u00e8mic. Una cosa ha de canviar en el sistema universitari p\u00fablic per evitar aquestes situacions&#8221;, va concloure.<\/p>\n<h3><a href=\"https:\/\/raed.academy\/wp-content\/uploads\/2019\/10\/discurso-ingreso-Emilio-Gil-Moya-Dias-de-campo-compr.pdf\" target=\"_blank\" rel=\"noopener noreferrer\">Discurs d&#8217;ingr\u00e9s<\/a><\/h3>\n\n\t\t<style type=\"text\/css\">\n\t\t\t#gallery-1 {\n\t\t\t\tmargin: auto;\n\t\t\t}\n\t\t\t#gallery-1 .gallery-item {\n\t\t\t\tfloat: left;\n\t\t\t\tmargin-top: 10px;\n\t\t\t\ttext-align: center;\n\t\t\t\twidth: 33%;\n\t\t\t}\n\t\t\t#gallery-1 img {\n\t\t\t\tborder: 2px solid #cfcfcf;\n\t\t\t}\n\t\t\t#gallery-1 .gallery-caption {\n\t\t\t\tmargin-left: 0;\n\t\t\t}\n\t\t\t\/* see gallery_shortcode() in wp-includes\/media.php *\/\n\t\t<\/style>\n\t\t<div id='gallery-1' class='gallery galleryid-82151 gallery-columns-3 gallery-size-full'><dl class='gallery-item'>\n\t\t\t<dt class='gallery-icon landscape'>\n\t\t\t\t<a href='https:\/\/raed.academy\/wp-content\/uploads\/2019\/10\/acto-ingreso-RAED-Emilio-Gil-Moya-1.jpg'><img loading=\"lazy\" decoding=\"async\" width=\"800\" height=\"534\" src=\"https:\/\/raed.academy\/wp-content\/uploads\/2019\/10\/acto-ingreso-RAED-Emilio-Gil-Moya-1.jpg\" class=\"attachment-full size-full\" alt=\"acto de ingreso en la RAED del Dr. Emilio Gil Moya\" srcset=\"https:\/\/raed.academy\/wp-content\/uploads\/2019\/10\/acto-ingreso-RAED-Emilio-Gil-Moya-1.jpg 800w, https:\/\/raed.academy\/wp-content\/uploads\/2019\/10\/acto-ingreso-RAED-Emilio-Gil-Moya-1-768x513.jpg 768w\" sizes=\"(max-width: 800px) 100vw, 800px\" \/><\/a>\n\t\t\t<\/dt><\/dl><dl class='gallery-item'>\n\t\t\t<dt class='gallery-icon landscape'>\n\t\t\t\t<a href='https:\/\/raed.academy\/wp-content\/uploads\/2019\/10\/acto-ingreso-RAED-Emilio-Gil-Moya-2.jpg'><img loading=\"lazy\" decoding=\"async\" width=\"800\" height=\"534\" src=\"https:\/\/raed.academy\/wp-content\/uploads\/2019\/10\/acto-ingreso-RAED-Emilio-Gil-Moya-2.jpg\" class=\"attachment-full size-full\" alt=\"acto de ingreso en la RAED del Dr. Emilio Gil Moya\" srcset=\"https:\/\/raed.academy\/wp-content\/uploads\/2019\/10\/acto-ingreso-RAED-Emilio-Gil-Moya-2.jpg 800w, https:\/\/raed.academy\/wp-content\/uploads\/2019\/10\/acto-ingreso-RAED-Emilio-Gil-Moya-2-768x513.jpg 768w\" sizes=\"(max-width: 800px) 100vw, 800px\" \/><\/a>\n\t\t\t<\/dt><\/dl><dl class='gallery-item'>\n\t\t\t<dt class='gallery-icon landscape'>\n\t\t\t\t<a href='https:\/\/raed.academy\/wp-content\/uploads\/2019\/10\/acto-ingreso-RAED-Emilio-Gil-Moya-3.jpg'><img loading=\"lazy\" decoding=\"async\" width=\"1000\" height=\"667\" src=\"https:\/\/raed.academy\/wp-content\/uploads\/2019\/10\/acto-ingreso-RAED-Emilio-Gil-Moya-3.jpg\" class=\"attachment-full size-full\" alt=\"acto de ingreso en la RAED del Dr. Emilio Gil Moya\" srcset=\"https:\/\/raed.academy\/wp-content\/uploads\/2019\/10\/acto-ingreso-RAED-Emilio-Gil-Moya-3.jpg 1000w, https:\/\/raed.academy\/wp-content\/uploads\/2019\/10\/acto-ingreso-RAED-Emilio-Gil-Moya-3-768x512.jpg 768w\" sizes=\"(max-width: 1000px) 100vw, 1000px\" \/><\/a>\n\t\t\t<\/dt><\/dl><br style=\"clear: both\" \/><dl class='gallery-item'>\n\t\t\t<dt class='gallery-icon landscape'>\n\t\t\t\t<a href='https:\/\/raed.academy\/wp-content\/uploads\/2019\/10\/acto-ingreso-RAED-Emilio-Gil-Moya-5.jpg'><img loading=\"lazy\" decoding=\"async\" width=\"900\" height=\"600\" src=\"https:\/\/raed.academy\/wp-content\/uploads\/2019\/10\/acto-ingreso-RAED-Emilio-Gil-Moya-5.jpg\" class=\"attachment-full size-full\" alt=\"acto de ingreso en la RAED del Dr. Emilio Gil Moya\" srcset=\"https:\/\/raed.academy\/wp-content\/uploads\/2019\/10\/acto-ingreso-RAED-Emilio-Gil-Moya-5.jpg 900w, https:\/\/raed.academy\/wp-content\/uploads\/2019\/10\/acto-ingreso-RAED-Emilio-Gil-Moya-5-768x512.jpg 768w\" sizes=\"(max-width: 900px) 100vw, 900px\" \/><\/a>\n\t\t\t<\/dt><\/dl><dl class='gallery-item'>\n\t\t\t<dt class='gallery-icon landscape'>\n\t\t\t\t<a href='https:\/\/raed.academy\/wp-content\/uploads\/2019\/10\/acto-ingreso-RAED-Emilio-Gil-Moya-6.jpg'><img loading=\"lazy\" decoding=\"async\" width=\"900\" height=\"600\" src=\"https:\/\/raed.academy\/wp-content\/uploads\/2019\/10\/acto-ingreso-RAED-Emilio-Gil-Moya-6.jpg\" class=\"attachment-full size-full\" alt=\"acto de ingreso en la RAED del Dr. Emilio Gil Moya\" srcset=\"https:\/\/raed.academy\/wp-content\/uploads\/2019\/10\/acto-ingreso-RAED-Emilio-Gil-Moya-6.jpg 900w, https:\/\/raed.academy\/wp-content\/uploads\/2019\/10\/acto-ingreso-RAED-Emilio-Gil-Moya-6-768x512.jpg 768w\" sizes=\"(max-width: 900px) 100vw, 900px\" \/><\/a>\n\t\t\t<\/dt><\/dl><dl class='gallery-item'>\n\t\t\t<dt class='gallery-icon landscape'>\n\t\t\t\t<a href='https:\/\/raed.academy\/wp-content\/uploads\/2019\/10\/acto-ingreso-RAED-Emilio-Gil-Moya-7.jpg'><img loading=\"lazy\" decoding=\"async\" width=\"850\" height=\"567\" src=\"https:\/\/raed.academy\/wp-content\/uploads\/2019\/10\/acto-ingreso-RAED-Emilio-Gil-Moya-7.jpg\" class=\"attachment-full size-full\" alt=\"acto de ingreso en la RAED del Dr. Emilio Gil Moya\" srcset=\"https:\/\/raed.academy\/wp-content\/uploads\/2019\/10\/acto-ingreso-RAED-Emilio-Gil-Moya-7.jpg 850w, https:\/\/raed.academy\/wp-content\/uploads\/2019\/10\/acto-ingreso-RAED-Emilio-Gil-Moya-7-768x512.jpg 768w\" sizes=\"(max-width: 850px) 100vw, 850px\" \/><\/a>\n\t\t\t<\/dt><\/dl><br style=\"clear: both\" \/><dl class='gallery-item'>\n\t\t\t<dt class='gallery-icon landscape'>\n\t\t\t\t<a href='https:\/\/raed.academy\/wp-content\/uploads\/2019\/10\/acto-ingreso-RAED-Emilio-Gil-Moya-8.jpg'><img loading=\"lazy\" decoding=\"async\" width=\"870\" height=\"580\" src=\"https:\/\/raed.academy\/wp-content\/uploads\/2019\/10\/acto-ingreso-RAED-Emilio-Gil-Moya-8.jpg\" class=\"attachment-full size-full\" alt=\"acto de ingreso en la RAED del Dr. Emilio Gil Moya\" srcset=\"https:\/\/raed.academy\/wp-content\/uploads\/2019\/10\/acto-ingreso-RAED-Emilio-Gil-Moya-8.jpg 870w, https:\/\/raed.academy\/wp-content\/uploads\/2019\/10\/acto-ingreso-RAED-Emilio-Gil-Moya-8-768x512.jpg 768w\" sizes=\"(max-width: 870px) 100vw, 870px\" \/><\/a>\n\t\t\t<\/dt><\/dl><dl class='gallery-item'>\n\t\t\t<dt class='gallery-icon landscape'>\n\t\t\t\t<a href='https:\/\/raed.academy\/wp-content\/uploads\/2019\/10\/acto-ingreso-RAED-Emilio-Gil-Moya-9.jpg'><img loading=\"lazy\" decoding=\"async\" width=\"800\" height=\"534\" src=\"https:\/\/raed.academy\/wp-content\/uploads\/2019\/10\/acto-ingreso-RAED-Emilio-Gil-Moya-9.jpg\" class=\"attachment-full size-full\" alt=\"acto de ingreso en la RAED del Dr. Emilio Gil Moya\" srcset=\"https:\/\/raed.academy\/wp-content\/uploads\/2019\/10\/acto-ingreso-RAED-Emilio-Gil-Moya-9.jpg 800w, https:\/\/raed.academy\/wp-content\/uploads\/2019\/10\/acto-ingreso-RAED-Emilio-Gil-Moya-9-768x513.jpg 768w\" sizes=\"(max-width: 800px) 100vw, 800px\" \/><\/a>\n\t\t\t<\/dt><\/dl><dl class='gallery-item'>\n\t\t\t<dt class='gallery-icon landscape'>\n\t\t\t\t<a href='https:\/\/raed.academy\/wp-content\/uploads\/2019\/10\/acto-ingreso-RAED-Emilio-Gil-Moya-10.jpg'><img loading=\"lazy\" decoding=\"async\" width=\"920\" height=\"614\" src=\"https:\/\/raed.academy\/wp-content\/uploads\/2019\/10\/acto-ingreso-RAED-Emilio-Gil-Moya-10.jpg\" class=\"attachment-full size-full\" alt=\"acto de ingreso en la RAED del Dr. Emilio Gil Moya\" srcset=\"https:\/\/raed.academy\/wp-content\/uploads\/2019\/10\/acto-ingreso-RAED-Emilio-Gil-Moya-10.jpg 920w, https:\/\/raed.academy\/wp-content\/uploads\/2019\/10\/acto-ingreso-RAED-Emilio-Gil-Moya-10-768x513.jpg 768w\" sizes=\"(max-width: 920px) 100vw, 920px\" \/><\/a>\n\t\t\t<\/dt><\/dl><br style=\"clear: both\" \/><dl class='gallery-item'>\n\t\t\t<dt class='gallery-icon landscape'>\n\t\t\t\t<a href='https:\/\/raed.academy\/wp-content\/uploads\/2019\/10\/acto-ingreso-RAED-Emilio-Gil-Moya-11.jpg'><img loading=\"lazy\" decoding=\"async\" width=\"850\" height=\"567\" src=\"https:\/\/raed.academy\/wp-content\/uploads\/2019\/10\/acto-ingreso-RAED-Emilio-Gil-Moya-11.jpg\" class=\"attachment-full size-full\" alt=\"acto de ingreso en la RAED del Dr. Emilio Gil Moya\" srcset=\"https:\/\/raed.academy\/wp-content\/uploads\/2019\/10\/acto-ingreso-RAED-Emilio-Gil-Moya-11.jpg 850w, https:\/\/raed.academy\/wp-content\/uploads\/2019\/10\/acto-ingreso-RAED-Emilio-Gil-Moya-11-768x512.jpg 768w\" sizes=\"(max-width: 850px) 100vw, 850px\" \/><\/a>\n\t\t\t<\/dt><\/dl><dl class='gallery-item'>\n\t\t\t<dt class='gallery-icon landscape'>\n\t\t\t\t<a href='https:\/\/raed.academy\/wp-content\/uploads\/2019\/10\/acto-ingreso-RAED-Emilio-Gil-Moya-12.jpg'><img loading=\"lazy\" decoding=\"async\" width=\"1100\" height=\"734\" src=\"https:\/\/raed.academy\/wp-content\/uploads\/2019\/10\/acto-ingreso-RAED-Emilio-Gil-Moya-12.jpg\" class=\"attachment-full size-full\" alt=\"acto de ingreso en la RAED del Dr. Emilio Gil Moya\" srcset=\"https:\/\/raed.academy\/wp-content\/uploads\/2019\/10\/acto-ingreso-RAED-Emilio-Gil-Moya-12.jpg 1100w, https:\/\/raed.academy\/wp-content\/uploads\/2019\/10\/acto-ingreso-RAED-Emilio-Gil-Moya-12-768x512.jpg 768w, https:\/\/raed.academy\/wp-content\/uploads\/2019\/10\/acto-ingreso-RAED-Emilio-Gil-Moya-12-1080x721.jpg 1080w\" sizes=\"(max-width: 1100px) 100vw, 1100px\" \/><\/a>\n\t\t\t<\/dt><\/dl><dl class='gallery-item'>\n\t\t\t<dt class='gallery-icon landscape'>\n\t\t\t\t<a href='https:\/\/raed.academy\/wp-content\/uploads\/2019\/10\/acto-ingreso-RAED-Emilio-Gil-Moya-13.jpg'><img loading=\"lazy\" decoding=\"async\" width=\"900\" height=\"600\" src=\"https:\/\/raed.academy\/wp-content\/uploads\/2019\/10\/acto-ingreso-RAED-Emilio-Gil-Moya-13.jpg\" class=\"attachment-full size-full\" alt=\"acto de ingreso en la RAED del Dr. Emilio Gil Moya\" srcset=\"https:\/\/raed.academy\/wp-content\/uploads\/2019\/10\/acto-ingreso-RAED-Emilio-Gil-Moya-13.jpg 900w, https:\/\/raed.academy\/wp-content\/uploads\/2019\/10\/acto-ingreso-RAED-Emilio-Gil-Moya-13-768x512.jpg 768w\" sizes=\"(max-width: 900px) 100vw, 900px\" \/><\/a>\n\t\t\t<\/dt><\/dl><br style=\"clear: both\" \/><dl class='gallery-item'>\n\t\t\t<dt class='gallery-icon landscape'>\n\t\t\t\t<a href='https:\/\/raed.academy\/wp-content\/uploads\/2019\/10\/acto-ingreso-RAED-Emilio-Gil-Moya-14.jpg'><img loading=\"lazy\" decoding=\"async\" width=\"900\" height=\"600\" src=\"https:\/\/raed.academy\/wp-content\/uploads\/2019\/10\/acto-ingreso-RAED-Emilio-Gil-Moya-14.jpg\" class=\"attachment-full size-full\" alt=\"acto de ingreso en la RAED del Dr. Emilio Gil Moya\" srcset=\"https:\/\/raed.academy\/wp-content\/uploads\/2019\/10\/acto-ingreso-RAED-Emilio-Gil-Moya-14.jpg 900w, https:\/\/raed.academy\/wp-content\/uploads\/2019\/10\/acto-ingreso-RAED-Emilio-Gil-Moya-14-768x512.jpg 768w\" sizes=\"(max-width: 900px) 100vw, 900px\" \/><\/a>\n\t\t\t<\/dt><\/dl><dl class='gallery-item'>\n\t\t\t<dt class='gallery-icon landscape'>\n\t\t\t\t<a href='https:\/\/raed.academy\/wp-content\/uploads\/2019\/10\/acto-ingreso-RAED-Emilio-Gil-Moya-15.jpg'><img loading=\"lazy\" decoding=\"async\" width=\"1000\" height=\"667\" src=\"https:\/\/raed.academy\/wp-content\/uploads\/2019\/10\/acto-ingreso-RAED-Emilio-Gil-Moya-15.jpg\" class=\"attachment-full size-full\" alt=\"acto de ingreso en la RAED del Dr. Emilio Gil Moya\" srcset=\"https:\/\/raed.academy\/wp-content\/uploads\/2019\/10\/acto-ingreso-RAED-Emilio-Gil-Moya-15.jpg 1000w, https:\/\/raed.academy\/wp-content\/uploads\/2019\/10\/acto-ingreso-RAED-Emilio-Gil-Moya-15-768x512.jpg 768w\" sizes=\"(max-width: 1000px) 100vw, 1000px\" \/><\/a>\n\t\t\t<\/dt><\/dl><dl class='gallery-item'>\n\t\t\t<dt class='gallery-icon landscape'>\n\t\t\t\t<a href='https:\/\/raed.academy\/wp-content\/uploads\/2019\/10\/acto-ingreso-RAED-Emilio-Gil-Moya-16.jpg'><img loading=\"lazy\" decoding=\"async\" width=\"800\" height=\"534\" src=\"https:\/\/raed.academy\/wp-content\/uploads\/2019\/10\/acto-ingreso-RAED-Emilio-Gil-Moya-16.jpg\" class=\"attachment-full size-full\" alt=\"acto de ingreso en la RAED del Dr. Emilio Gil Moya\" srcset=\"https:\/\/raed.academy\/wp-content\/uploads\/2019\/10\/acto-ingreso-RAED-Emilio-Gil-Moya-16.jpg 800w, https:\/\/raed.academy\/wp-content\/uploads\/2019\/10\/acto-ingreso-RAED-Emilio-Gil-Moya-16-768x513.jpg 768w\" sizes=\"(max-width: 800px) 100vw, 800px\" \/><\/a>\n\t\t\t<\/dt><\/dl><br style=\"clear: both\" \/><dl class='gallery-item'>\n\t\t\t<dt class='gallery-icon landscape'>\n\t\t\t\t<a href='https:\/\/raed.academy\/wp-content\/uploads\/2019\/10\/acto-ingreso-RAED-Emilio-Gil-Moya-17.jpg'><img loading=\"lazy\" decoding=\"async\" width=\"800\" height=\"534\" src=\"https:\/\/raed.academy\/wp-content\/uploads\/2019\/10\/acto-ingreso-RAED-Emilio-Gil-Moya-17.jpg\" class=\"attachment-full size-full\" alt=\"acto de ingreso en la RAED del Dr. Emilio Gil Moya\" srcset=\"https:\/\/raed.academy\/wp-content\/uploads\/2019\/10\/acto-ingreso-RAED-Emilio-Gil-Moya-17.jpg 800w, https:\/\/raed.academy\/wp-content\/uploads\/2019\/10\/acto-ingreso-RAED-Emilio-Gil-Moya-17-768x513.jpg 768w\" sizes=\"(max-width: 800px) 100vw, 800px\" \/><\/a>\n\t\t\t<\/dt><\/dl><dl class='gallery-item'>\n\t\t\t<dt class='gallery-icon landscape'>\n\t\t\t\t<a href='https:\/\/raed.academy\/wp-content\/uploads\/2019\/10\/acto-ingreso-RAED-Emilio-Gil-Moya-18.jpg'><img loading=\"lazy\" decoding=\"async\" width=\"1240\" height=\"827\" src=\"https:\/\/raed.academy\/wp-content\/uploads\/2019\/10\/acto-ingreso-RAED-Emilio-Gil-Moya-18.jpg\" class=\"attachment-full size-full\" alt=\"acto de ingreso en la RAED del Dr. Emilio Gil Moya\" srcset=\"https:\/\/raed.academy\/wp-content\/uploads\/2019\/10\/acto-ingreso-RAED-Emilio-Gil-Moya-18.jpg 1240w, https:\/\/raed.academy\/wp-content\/uploads\/2019\/10\/acto-ingreso-RAED-Emilio-Gil-Moya-18-768x512.jpg 768w, https:\/\/raed.academy\/wp-content\/uploads\/2019\/10\/acto-ingreso-RAED-Emilio-Gil-Moya-18-1080x720.jpg 1080w\" sizes=\"(max-width: 1240px) 100vw, 1240px\" \/><\/a>\n\t\t\t<\/dt><\/dl><dl class='gallery-item'>\n\t\t\t<dt class='gallery-icon landscape'>\n\t\t\t\t<a href='https:\/\/raed.academy\/wp-content\/uploads\/2019\/10\/acto-ingreso-RAED-Emilio-Gil-Moya-19.jpg'><img loading=\"lazy\" decoding=\"async\" width=\"800\" height=\"534\" src=\"https:\/\/raed.academy\/wp-content\/uploads\/2019\/10\/acto-ingreso-RAED-Emilio-Gil-Moya-19.jpg\" class=\"attachment-full size-full\" alt=\"acto de ingreso en la RAED del Dr. Emilio Gil Moya\" srcset=\"https:\/\/raed.academy\/wp-content\/uploads\/2019\/10\/acto-ingreso-RAED-Emilio-Gil-Moya-19.jpg 800w, https:\/\/raed.academy\/wp-content\/uploads\/2019\/10\/acto-ingreso-RAED-Emilio-Gil-Moya-19-768x513.jpg 768w\" sizes=\"(max-width: 800px) 100vw, 800px\" \/><\/a>\n\t\t\t<\/dt><\/dl><br style=\"clear: both\" \/>\n\t\t<\/div>\n\n","protected":false},"excerpt":{"rendered":"<p>Emilio Gil Moya, director de la Unitat de Mecanitzaci\u00f3 Agr\u00e0ria de la Universitat Polit\u00e8cnica de Catalunya, ingressa a la Reial Acad\u00e8mia Emilio Gil Moya, catedr\u00e0tic del Departament d&#8217;Enginyeria Agroaliment\u00e0ria i Biotecnologia i director de la Unitat de Mecanitzaci\u00f3 Agr\u00e0ria de la Universitat Polit\u00e8cnica de Catalunya, va ingressar com a acad\u00e8mic de n\u00famero de la Reial [&hellip;]<\/p>\n","protected":false},"author":12,"featured_media":81857,"comment_status":"closed","ping_status":"closed","sticky":false,"template":"","format":"standard","meta":{"_et_pb_use_builder":"","_et_pb_old_content":"","_et_gb_content_width":"","footnotes":""},"categories":[],"tags":[475],"class_list":["post-82151","post","type-post","status-publish","format-standard","has-post-thumbnail","hentry","tag-ingressos-academics","et-has-post-format-content","et_post_format-et-post-format-standard"],"yoast_head":"<!-- This site is optimized with the Yoast SEO plugin v27.4 - https:\/\/yoast.com\/product\/yoast-seo-wordpress\/ -->\n<title>Agricultura 4.0 - Reial Acad\u00e8mia Europea de Doctors<\/title>\n<meta name=\"description\" content=\"Emilio Gil Moya, director de la Unitat de Mecanitzaci\u00f3 Agr\u00e0ria de la Universitat Polit\u00e8cnica de Catalunya, ingressa a la Reial Acad\u00e8mia\" \/>\n<meta name=\"robots\" content=\"index, follow, max-snippet:-1, max-image-preview:large, max-video-preview:-1\" \/>\n<link rel=\"canonical\" href=\"https:\/\/raed.academy\/ca\/agricultura-4-0\/\" \/>\n<meta property=\"og:locale\" content=\"ca_ES\" \/>\n<meta property=\"og:type\" content=\"article\" \/>\n<meta property=\"og:title\" content=\"Agricultura 4.0 - Reial Acad\u00e8mia Europea de Doctors\" \/>\n<meta property=\"og:description\" content=\"Emilio Gil Moya, director de la Unitat de Mecanitzaci\u00f3 Agr\u00e0ria de la Universitat Polit\u00e8cnica de Catalunya, ingressa a la Reial Acad\u00e8mia\" \/>\n<meta property=\"og:url\" content=\"https:\/\/raed.academy\/ca\/agricultura-4-0\/\" \/>\n<meta property=\"og:site_name\" content=\"Reial Acad\u00e8mia Europea de Doctors\" \/>\n<meta property=\"article:publisher\" content=\"http:\/\/fb.me\/raed.academy\" \/>\n<meta property=\"article:published_time\" content=\"2019-10-31T18:42:37+00:00\" \/>\n<meta property=\"article:modified_time\" content=\"2019-11-01T16:22:12+00:00\" \/>\n<meta property=\"og:image\" content=\"https:\/\/raed.academy\/wp-content\/uploads\/2019\/10\/shutt_campo-rural-cultivo-dst.jpg\" \/>\n\t<meta property=\"og:image:width\" content=\"1000\" \/>\n\t<meta property=\"og:image:height\" content=\"420\" \/>\n\t<meta property=\"og:image:type\" content=\"image\/jpeg\" \/>\n<meta name=\"author\" content=\"RAED\" \/>\n<meta name=\"twitter:card\" content=\"summary_large_image\" \/>\n<meta name=\"twitter:creator\" content=\"@raedacademy\" \/>\n<meta name=\"twitter:site\" content=\"@raedacademy\" \/>\n<meta name=\"twitter:label1\" content=\"Written by\" \/>\n\t<meta name=\"twitter:data1\" content=\"RAED\" \/>\n\t<meta name=\"twitter:label2\" content=\"Est. reading time\" \/>\n\t<meta name=\"twitter:data2\" content=\"4 minutes\" \/>\n<script type=\"application\/ld+json\" class=\"yoast-schema-graph\">{\"@context\":\"https:\\\/\\\/schema.org\",\"@graph\":[{\"@type\":\"Article\",\"@id\":\"https:\\\/\\\/raed.academy\\\/ca\\\/agricultura-4-0\\\/#article\",\"isPartOf\":{\"@id\":\"https:\\\/\\\/raed.academy\\\/ca\\\/agricultura-4-0\\\/\"},\"author\":{\"name\":\"RAED\",\"@id\":\"https:\\\/\\\/raed.academy\\\/ca\\\/#\\\/schema\\\/person\\\/5a755da80d1d979fd66ba745c8702927\"},\"headline\":\"Agricultura 4.0\",\"datePublished\":\"2019-10-31T18:42:37+00:00\",\"dateModified\":\"2019-11-01T16:22:12+00:00\",\"mainEntityOfPage\":{\"@id\":\"https:\\\/\\\/raed.academy\\\/ca\\\/agricultura-4-0\\\/\"},\"wordCount\":849,\"publisher\":{\"@id\":\"https:\\\/\\\/raed.academy\\\/ca\\\/#organization\"},\"image\":{\"@id\":\"https:\\\/\\\/raed.academy\\\/ca\\\/agricultura-4-0\\\/#primaryimage\"},\"thumbnailUrl\":\"https:\\\/\\\/raed.academy\\\/wp-content\\\/uploads\\\/2019\\\/10\\\/shutt_campo-rural-cultivo-dst.jpg\",\"keywords\":[\"Ingressos acad\u00e8mics\"],\"inLanguage\":\"ca-ES\"},{\"@type\":\"WebPage\",\"@id\":\"https:\\\/\\\/raed.academy\\\/ca\\\/agricultura-4-0\\\/\",\"url\":\"https:\\\/\\\/raed.academy\\\/ca\\\/agricultura-4-0\\\/\",\"name\":\"Agricultura 4.0 - Reial Acad\u00e8mia Europea de Doctors\",\"isPartOf\":{\"@id\":\"https:\\\/\\\/raed.academy\\\/ca\\\/#website\"},\"primaryImageOfPage\":{\"@id\":\"https:\\\/\\\/raed.academy\\\/ca\\\/agricultura-4-0\\\/#primaryimage\"},\"image\":{\"@id\":\"https:\\\/\\\/raed.academy\\\/ca\\\/agricultura-4-0\\\/#primaryimage\"},\"thumbnailUrl\":\"https:\\\/\\\/raed.academy\\\/wp-content\\\/uploads\\\/2019\\\/10\\\/shutt_campo-rural-cultivo-dst.jpg\",\"datePublished\":\"2019-10-31T18:42:37+00:00\",\"dateModified\":\"2019-11-01T16:22:12+00:00\",\"description\":\"Emilio Gil Moya, director de la Unitat de Mecanitzaci\u00f3 Agr\u00e0ria de la Universitat Polit\u00e8cnica de Catalunya, ingressa a la Reial Acad\u00e8mia\",\"breadcrumb\":{\"@id\":\"https:\\\/\\\/raed.academy\\\/ca\\\/agricultura-4-0\\\/#breadcrumb\"},\"inLanguage\":\"ca-ES\",\"potentialAction\":[{\"@type\":\"ReadAction\",\"target\":[\"https:\\\/\\\/raed.academy\\\/ca\\\/agricultura-4-0\\\/\"]}]},{\"@type\":\"ImageObject\",\"inLanguage\":\"ca-ES\",\"@id\":\"https:\\\/\\\/raed.academy\\\/ca\\\/agricultura-4-0\\\/#primaryimage\",\"url\":\"https:\\\/\\\/raed.academy\\\/wp-content\\\/uploads\\\/2019\\\/10\\\/shutt_campo-rural-cultivo-dst.jpg\",\"contentUrl\":\"https:\\\/\\\/raed.academy\\\/wp-content\\\/uploads\\\/2019\\\/10\\\/shutt_campo-rural-cultivo-dst.jpg\",\"width\":1000,\"height\":420},{\"@type\":\"BreadcrumbList\",\"@id\":\"https:\\\/\\\/raed.academy\\\/ca\\\/agricultura-4-0\\\/#breadcrumb\",\"itemListElement\":[{\"@type\":\"ListItem\",\"position\":1,\"name\":\"Inicio\",\"item\":\"https:\\\/\\\/raed.academy\\\/ca\\\/\"},{\"@type\":\"ListItem\",\"position\":2,\"name\":\"Agricultura 4.0\"}]},{\"@type\":\"WebSite\",\"@id\":\"https:\\\/\\\/raed.academy\\\/ca\\\/#website\",\"url\":\"https:\\\/\\\/raed.academy\\\/ca\\\/\",\"name\":\"Reial Acad\u00e8mia Europea de Doctors\",\"description\":\"Corporaci\u00f3n de derecho p\u00fablico de car\u00e1cter cient\u00edfico, t\u00e9cnico y art\u00edstico, que tiene por objeto la investigaci\u00f3n, el estudio, el fomento y la extensi\u00f3n del conocimiento en su sentido m\u00e1s amplio\",\"publisher\":{\"@id\":\"https:\\\/\\\/raed.academy\\\/ca\\\/#organization\"},\"potentialAction\":[{\"@type\":\"SearchAction\",\"target\":{\"@type\":\"EntryPoint\",\"urlTemplate\":\"https:\\\/\\\/raed.academy\\\/ca\\\/?s={search_term_string}\"},\"query-input\":{\"@type\":\"PropertyValueSpecification\",\"valueRequired\":true,\"valueName\":\"search_term_string\"}}],\"inLanguage\":\"ca-ES\"},{\"@type\":\"Organization\",\"@id\":\"https:\\\/\\\/raed.academy\\\/ca\\\/#organization\",\"name\":\"Real Academia Europea de Doctores\",\"url\":\"https:\\\/\\\/raed.academy\\\/ca\\\/\",\"logo\":{\"@type\":\"ImageObject\",\"inLanguage\":\"ca-ES\",\"@id\":\"https:\\\/\\\/raed.academy\\\/ca\\\/#\\\/schema\\\/logo\\\/image\\\/\",\"url\":\"https:\\\/\\\/raed.academy\\\/wp-content\\\/uploads\\\/2017\\\/01\\\/cropped-logo_raed.png\",\"contentUrl\":\"https:\\\/\\\/raed.academy\\\/wp-content\\\/uploads\\\/2017\\\/01\\\/cropped-logo_raed.png\",\"width\":512,\"height\":512,\"caption\":\"Real Academia Europea de Doctores\"},\"image\":{\"@id\":\"https:\\\/\\\/raed.academy\\\/ca\\\/#\\\/schema\\\/logo\\\/image\\\/\"},\"sameAs\":[\"http:\\\/\\\/fb.me\\\/raed.academy\",\"https:\\\/\\\/x.com\\\/raedacademy\",\"https:\\\/\\\/www.instagram.com\\\/raed.academy\\\/\",\"https:\\\/\\\/www.youtube.com\\\/channel\\\/UCUYQwW2KrdirNWihxMDObwg\"]},{\"@type\":\"Person\",\"@id\":\"https:\\\/\\\/raed.academy\\\/ca\\\/#\\\/schema\\\/person\\\/5a755da80d1d979fd66ba745c8702927\",\"name\":\"RAED\",\"image\":{\"@type\":\"ImageObject\",\"inLanguage\":\"ca-ES\",\"@id\":\"https:\\\/\\\/secure.gravatar.com\\\/avatar\\\/19fdfdc0d67fb9c45714b703a2ac82251c4fcea3637f002ac3c9b74c0183583c?s=96&d=mm&r=g\",\"url\":\"https:\\\/\\\/secure.gravatar.com\\\/avatar\\\/19fdfdc0d67fb9c45714b703a2ac82251c4fcea3637f002ac3c9b74c0183583c?s=96&d=mm&r=g\",\"contentUrl\":\"https:\\\/\\\/secure.gravatar.com\\\/avatar\\\/19fdfdc0d67fb9c45714b703a2ac82251c4fcea3637f002ac3c9b74c0183583c?s=96&d=mm&r=g\",\"caption\":\"RAED\"}}]}<\/script>\n<!-- \/ Yoast SEO plugin. -->","yoast_head_json":{"title":"Agricultura 4.0 - Reial Acad\u00e8mia Europea de Doctors","description":"Emilio Gil Moya, director de la Unitat de Mecanitzaci\u00f3 Agr\u00e0ria de la Universitat Polit\u00e8cnica de Catalunya, ingressa a la Reial Acad\u00e8mia","robots":{"index":"index","follow":"follow","max-snippet":"max-snippet:-1","max-image-preview":"max-image-preview:large","max-video-preview":"max-video-preview:-1"},"canonical":"https:\/\/raed.academy\/ca\/agricultura-4-0\/","og_locale":"ca_ES","og_type":"article","og_title":"Agricultura 4.0 - Reial Acad\u00e8mia Europea de Doctors","og_description":"Emilio Gil Moya, director de la Unitat de Mecanitzaci\u00f3 Agr\u00e0ria de la Universitat Polit\u00e8cnica de Catalunya, ingressa a la Reial Acad\u00e8mia","og_url":"https:\/\/raed.academy\/ca\/agricultura-4-0\/","og_site_name":"Reial Acad\u00e8mia Europea de Doctors","article_publisher":"http:\/\/fb.me\/raed.academy","article_published_time":"2019-10-31T18:42:37+00:00","article_modified_time":"2019-11-01T16:22:12+00:00","og_image":[{"width":1000,"height":420,"url":"https:\/\/raed.academy\/wp-content\/uploads\/2019\/10\/shutt_campo-rural-cultivo-dst.jpg","type":"image\/jpeg"}],"author":"RAED","twitter_card":"summary_large_image","twitter_creator":"@raedacademy","twitter_site":"@raedacademy","twitter_misc":{"Written by":"RAED","Est. reading time":"4 minutes"},"schema":{"@context":"https:\/\/schema.org","@graph":[{"@type":"Article","@id":"https:\/\/raed.academy\/ca\/agricultura-4-0\/#article","isPartOf":{"@id":"https:\/\/raed.academy\/ca\/agricultura-4-0\/"},"author":{"name":"RAED","@id":"https:\/\/raed.academy\/ca\/#\/schema\/person\/5a755da80d1d979fd66ba745c8702927"},"headline":"Agricultura 4.0","datePublished":"2019-10-31T18:42:37+00:00","dateModified":"2019-11-01T16:22:12+00:00","mainEntityOfPage":{"@id":"https:\/\/raed.academy\/ca\/agricultura-4-0\/"},"wordCount":849,"publisher":{"@id":"https:\/\/raed.academy\/ca\/#organization"},"image":{"@id":"https:\/\/raed.academy\/ca\/agricultura-4-0\/#primaryimage"},"thumbnailUrl":"https:\/\/raed.academy\/wp-content\/uploads\/2019\/10\/shutt_campo-rural-cultivo-dst.jpg","keywords":["Ingressos acad\u00e8mics"],"inLanguage":"ca-ES"},{"@type":"WebPage","@id":"https:\/\/raed.academy\/ca\/agricultura-4-0\/","url":"https:\/\/raed.academy\/ca\/agricultura-4-0\/","name":"Agricultura 4.0 - Reial Acad\u00e8mia Europea de Doctors","isPartOf":{"@id":"https:\/\/raed.academy\/ca\/#website"},"primaryImageOfPage":{"@id":"https:\/\/raed.academy\/ca\/agricultura-4-0\/#primaryimage"},"image":{"@id":"https:\/\/raed.academy\/ca\/agricultura-4-0\/#primaryimage"},"thumbnailUrl":"https:\/\/raed.academy\/wp-content\/uploads\/2019\/10\/shutt_campo-rural-cultivo-dst.jpg","datePublished":"2019-10-31T18:42:37+00:00","dateModified":"2019-11-01T16:22:12+00:00","description":"Emilio Gil Moya, director de la Unitat de Mecanitzaci\u00f3 Agr\u00e0ria de la Universitat Polit\u00e8cnica de Catalunya, ingressa a la Reial Acad\u00e8mia","breadcrumb":{"@id":"https:\/\/raed.academy\/ca\/agricultura-4-0\/#breadcrumb"},"inLanguage":"ca-ES","potentialAction":[{"@type":"ReadAction","target":["https:\/\/raed.academy\/ca\/agricultura-4-0\/"]}]},{"@type":"ImageObject","inLanguage":"ca-ES","@id":"https:\/\/raed.academy\/ca\/agricultura-4-0\/#primaryimage","url":"https:\/\/raed.academy\/wp-content\/uploads\/2019\/10\/shutt_campo-rural-cultivo-dst.jpg","contentUrl":"https:\/\/raed.academy\/wp-content\/uploads\/2019\/10\/shutt_campo-rural-cultivo-dst.jpg","width":1000,"height":420},{"@type":"BreadcrumbList","@id":"https:\/\/raed.academy\/ca\/agricultura-4-0\/#breadcrumb","itemListElement":[{"@type":"ListItem","position":1,"name":"Inicio","item":"https:\/\/raed.academy\/ca\/"},{"@type":"ListItem","position":2,"name":"Agricultura 4.0"}]},{"@type":"WebSite","@id":"https:\/\/raed.academy\/ca\/#website","url":"https:\/\/raed.academy\/ca\/","name":"Reial Acad\u00e8mia Europea de Doctors","description":"Corporaci\u00f3n de derecho p\u00fablico de car\u00e1cter cient\u00edfico, t\u00e9cnico y art\u00edstico, que tiene por objeto la investigaci\u00f3n, el estudio, el fomento y la extensi\u00f3n del conocimiento en su sentido m\u00e1s amplio","publisher":{"@id":"https:\/\/raed.academy\/ca\/#organization"},"potentialAction":[{"@type":"SearchAction","target":{"@type":"EntryPoint","urlTemplate":"https:\/\/raed.academy\/ca\/?s={search_term_string}"},"query-input":{"@type":"PropertyValueSpecification","valueRequired":true,"valueName":"search_term_string"}}],"inLanguage":"ca-ES"},{"@type":"Organization","@id":"https:\/\/raed.academy\/ca\/#organization","name":"Real Academia Europea de Doctores","url":"https:\/\/raed.academy\/ca\/","logo":{"@type":"ImageObject","inLanguage":"ca-ES","@id":"https:\/\/raed.academy\/ca\/#\/schema\/logo\/image\/","url":"https:\/\/raed.academy\/wp-content\/uploads\/2017\/01\/cropped-logo_raed.png","contentUrl":"https:\/\/raed.academy\/wp-content\/uploads\/2017\/01\/cropped-logo_raed.png","width":512,"height":512,"caption":"Real Academia Europea de Doctores"},"image":{"@id":"https:\/\/raed.academy\/ca\/#\/schema\/logo\/image\/"},"sameAs":["http:\/\/fb.me\/raed.academy","https:\/\/x.com\/raedacademy","https:\/\/www.instagram.com\/raed.academy\/","https:\/\/www.youtube.com\/channel\/UCUYQwW2KrdirNWihxMDObwg"]},{"@type":"Person","@id":"https:\/\/raed.academy\/ca\/#\/schema\/person\/5a755da80d1d979fd66ba745c8702927","name":"RAED","image":{"@type":"ImageObject","inLanguage":"ca-ES","@id":"https:\/\/secure.gravatar.com\/avatar\/19fdfdc0d67fb9c45714b703a2ac82251c4fcea3637f002ac3c9b74c0183583c?s=96&d=mm&r=g","url":"https:\/\/secure.gravatar.com\/avatar\/19fdfdc0d67fb9c45714b703a2ac82251c4fcea3637f002ac3c9b74c0183583c?s=96&d=mm&r=g","contentUrl":"https:\/\/secure.gravatar.com\/avatar\/19fdfdc0d67fb9c45714b703a2ac82251c4fcea3637f002ac3c9b74c0183583c?s=96&d=mm&r=g","caption":"RAED"}}]}},"_links":{"self":[{"href":"https:\/\/raed.academy\/ca\/wp-json\/wp\/v2\/posts\/82151","targetHints":{"allow":["GET"]}}],"collection":[{"href":"https:\/\/raed.academy\/ca\/wp-json\/wp\/v2\/posts"}],"about":[{"href":"https:\/\/raed.academy\/ca\/wp-json\/wp\/v2\/types\/post"}],"author":[{"embeddable":true,"href":"https:\/\/raed.academy\/ca\/wp-json\/wp\/v2\/users\/12"}],"replies":[{"embeddable":true,"href":"https:\/\/raed.academy\/ca\/wp-json\/wp\/v2\/comments?post=82151"}],"version-history":[{"count":0,"href":"https:\/\/raed.academy\/ca\/wp-json\/wp\/v2\/posts\/82151\/revisions"}],"wp:featuredmedia":[{"embeddable":true,"href":"https:\/\/raed.academy\/ca\/wp-json\/wp\/v2\/media\/81857"}],"wp:attachment":[{"href":"https:\/\/raed.academy\/ca\/wp-json\/wp\/v2\/media?parent=82151"}],"wp:term":[{"taxonomy":"category","embeddable":true,"href":"https:\/\/raed.academy\/ca\/wp-json\/wp\/v2\/categories?post=82151"},{"taxonomy":"post_tag","embeddable":true,"href":"https:\/\/raed.academy\/ca\/wp-json\/wp\/v2\/tags?post=82151"}],"curies":[{"name":"wp","href":"https:\/\/api.w.org\/{rel}","templated":true}]}}