{"id":82149,"date":"2019-10-31T18:33:27","date_gmt":"2019-10-31T18:33:27","guid":{"rendered":"https:\/\/raed.academy\/?p=82149"},"modified":"2019-11-01T17:18:32","modified_gmt":"2019-11-01T17:18:32","slug":"catalunya-des-de-la-xina","status":"publish","type":"post","link":"https:\/\/raed.academy\/ca\/catalunya-des-de-la-xina\/","title":{"rendered":"Catalunya des de la Xina"},"content":{"rendered":"<h2>Pedro Nueno alerta de la mala imatge que ofereixen a l&#8217;estranger els aldarulls de Barcelona<\/h2>\n<div style=\"width: 440px\" class=\"wp-caption alignright\"><img loading=\"lazy\" decoding=\"async\" src=\"https:\/\/raed.academy\/wp-content\/uploads\/2019\/10\/Pedro-Nueno-Iniesta-cp.jpg\" alt=\"Dr. Pedro Nueno\" width=\"430\" height=\"242\" \/><p class=\"wp-caption-text\">Dr. Pedro Nueno<\/p><\/div>\n<p><a href=\"https:\/\/raed.academy\/ca\/academics\/dr-pedro-nueno-iniesta\/\" target=\"_blank\" rel=\"noopener noreferrer\"><strong>Pedro Nueno<\/strong><\/a>, titular de la <strong>C\u00e0tedra Fundaci\u00f3 Bertr\u00e1n d&#8217;Iniciativa Empresarial<\/strong> de l&#8217;Escola de Negocis <a href=\"http:\/\/www.iese.edu\" target=\"_blank\" rel=\"noopener noreferrer\"><strong>IESE<\/strong><\/a>, president de l&#8217;<strong>Escola de Negocis Internacional Xina-Europa<\/strong> i acad\u00e8mic de n\u00famero de la <strong>Reial Acad\u00e8mia Europea de Doctors-Barcelona 1914<\/strong> (RAED), reflexiona arran d&#8217;un recent viatge a la Xina al diari <strong>&#8220;La Vanguardia&#8221;<\/strong> sobre la mala imatge que produeix a l&#8217;estranger els conflictes que s&#8217;han viscut aquests dies a Catalunya i, de forma espec\u00edfica, a Barcelona. Les seves consideracions apareixen en l&#8217;article <strong>&#8220;Comparant&#8221;<\/strong>, publicat a l&#8217;edici\u00f3 del passat 27 d&#8217;octubre.<\/p>\n<p>&#8220;Estem destruint, potser ja hem destru\u00eft, Barcelona. De ser una de les millors ciutats del m\u00f3n est\u00e0 passant a ser un lloc on fins i tot \u00e9s millor no anar-hi. No nom\u00e9s ens marxaran empreses. Algunes que haurien vingut no vindran i les que s\u00f3n aqu\u00ed no invertiran m\u00e9s. No esperem tampoc que vinguin turistes. I si f\u00f3ssiu els pares d\u2019un noi o una noia xinesos, us hagu\u00e9ssiu cuidat que fes una bona carrera i ara pens\u00e9s marxar a Europa a fer un m\u00e0ster, el deixar\u00edeu anar a Barcelona? Pensem en els nostres fills o nets? Quins llocs de treball quedaran per aqu\u00ed? Com caur\u00e0 el turisme? D\u2019on sortiran els diners per a les pensions? Com millorarem el tractament m\u00e8dic? Quan veus com se\u2019n preocupen alguns l\u00edders pol\u00edtics al m\u00f3n, per\u00f2 aqu\u00ed ning\u00fa no ens explica com resoldr\u00e0 aquests problemes, veus la poca qualitat dels nostres l\u00edders&#8221;, reflexiona.<\/p>\n<p>Nueno explica com les autoritats de Xangai aprofiten un esdeveniment anual organitzat a la ciutat per trobar-se amb els alts directius d&#8217;importants empreses internacionals i mostrar-los el seu suport. I com fins i tot el president de la Xina, <strong>Xi Jinping<\/strong>, es reuneix peri\u00f2dicament amb empresaris locals i estrangers perqu\u00e8 donin suport a la seva ambiciosa nova <strong>Ruta de la Seda<\/strong>, que obrir\u00e0 el pa\u00eds a noves empreses estrangeres i servir\u00e0 d&#8217;est\u00edmul a les empreses xineses a sortir al m\u00f3n. &#8220;El resultat de totes aquestes coses \u00e9s que l&#8217;economia de Xangai va cr\u00e9ixer l&#8217;any passat gaireb\u00e9 un 10% -afegeix-. En aquesta mateixa trobada va ser on l&#8217;alcalde em va demanar que present\u00e9s el meu projecte d&#8217;una escola de direcci\u00f3 d&#8217;empreses i, quan vaig acabar de presentar-lo, es va aixecar i va dir: &#8216;jo recolzo aquest projecte&#8217; i ens va regalar uns terrenys fant\u00e0stics en el que avui \u00e9s una de les millors zones de Xangai perqu\u00e8 constru\u00edssim all\u00e0 el nostre campus&#8221;.<\/p>\n<p>&#8220;Em dol veure com els l\u00edders de pa\u00efsos com la Xina, que vaig con\u00e8ixer en un estat de profunda pobresa als vuitanta, tenen projectes per desenvolupar una economia digital que ja ha integrat m\u00e9s d\u2019un 60% de la seva poblaci\u00f3 \u2013i continuen creant llocs de treball cada vegada de m\u00e9s qualitat\u2013, mentre que nosaltres no tenim res d\u2019aix\u00f2 i als nostres l\u00edders no els preocupa&#8221;, conclou.<\/p>\n","protected":false},"excerpt":{"rendered":"<p>Pedro Nueno alerta de la mala imatge que ofereixen a l&#8217;estranger els aldarulls de Barcelona Pedro Nueno, titular de la C\u00e0tedra Fundaci\u00f3 Bertr\u00e1n d&#8217;Iniciativa Empresarial de l&#8217;Escola de Negocis IESE, president de l&#8217;Escola de Negocis Internacional Xina-Europa i acad\u00e8mic de n\u00famero de la Reial Acad\u00e8mia Europea de Doctors-Barcelona 1914 (RAED), reflexiona arran d&#8217;un recent viatge [&hellip;]<\/p>\n","protected":false},"author":12,"featured_media":81866,"comment_status":"closed","ping_status":"closed","sticky":false,"template":"","format":"standard","meta":{"_et_pb_use_builder":"","_et_pb_old_content":"","_et_gb_content_width":"","footnotes":""},"categories":[233],"tags":[],"class_list":["post-82149","post","type-post","status-publish","format-standard","has-post-thumbnail","hentry","category-economiques-i-empresarials","et-has-post-format-content","et_post_format-et-post-format-standard"],"yoast_head":"<!-- This site is optimized with the Yoast SEO plugin v27.5 - https:\/\/yoast.com\/product\/yoast-seo-wordpress\/ -->\n<title>Catalunya des de la Xina - Reial Acad\u00e8mia Europea de Doctors<\/title>\n<meta name=\"description\" content=\"Pedro Nueno alerta de la mala imatge que ofereixen a l&#039;estranger els aldarulls de Barcelona\" \/>\n<meta name=\"robots\" content=\"index, follow, max-snippet:-1, max-image-preview:large, max-video-preview:-1\" \/>\n<link rel=\"canonical\" href=\"https:\/\/raed.academy\/ca\/catalunya-des-de-la-xina\/\" \/>\n<meta property=\"og:locale\" content=\"ca_ES\" \/>\n<meta property=\"og:type\" content=\"article\" \/>\n<meta property=\"og:title\" content=\"Catalunya des de la Xina - Reial Acad\u00e8mia Europea de Doctors\" \/>\n<meta property=\"og:description\" content=\"Pedro Nueno alerta de la mala imatge que ofereixen a l&#039;estranger els aldarulls de Barcelona\" \/>\n<meta property=\"og:url\" content=\"https:\/\/raed.academy\/ca\/catalunya-des-de-la-xina\/\" \/>\n<meta property=\"og:site_name\" content=\"Reial Acad\u00e8mia Europea de Doctors\" \/>\n<meta property=\"article:publisher\" content=\"http:\/\/fb.me\/raed.academy\" \/>\n<meta property=\"article:published_time\" content=\"2019-10-31T18:33:27+00:00\" \/>\n<meta property=\"article:modified_time\" content=\"2019-11-01T17:18:32+00:00\" \/>\n<meta property=\"og:image\" content=\"https:\/\/raed.academy\/wp-content\/uploads\/2019\/10\/shutt_Barcelona-dst.jpg\" \/>\n\t<meta property=\"og:image:width\" content=\"1000\" \/>\n\t<meta property=\"og:image:height\" content=\"420\" \/>\n\t<meta property=\"og:image:type\" content=\"image\/jpeg\" \/>\n<meta name=\"author\" content=\"RAED\" \/>\n<meta name=\"twitter:card\" content=\"summary_large_image\" \/>\n<meta name=\"twitter:creator\" content=\"@raedacademy\" \/>\n<meta name=\"twitter:site\" content=\"@raedacademy\" \/>\n<meta name=\"twitter:label1\" content=\"Written by\" \/>\n\t<meta name=\"twitter:data1\" content=\"RAED\" \/>\n\t<meta name=\"twitter:label2\" content=\"Est. reading time\" \/>\n\t<meta name=\"twitter:data2\" content=\"3 minutes\" \/>\n<script type=\"application\/ld+json\" class=\"yoast-schema-graph\">{\"@context\":\"https:\\\/\\\/schema.org\",\"@graph\":[{\"@type\":\"Article\",\"@id\":\"https:\\\/\\\/raed.academy\\\/ca\\\/catalunya-des-de-la-xina\\\/#article\",\"isPartOf\":{\"@id\":\"https:\\\/\\\/raed.academy\\\/ca\\\/catalunya-des-de-la-xina\\\/\"},\"author\":{\"name\":\"RAED\",\"@id\":\"https:\\\/\\\/raed.academy\\\/ca\\\/#\\\/schema\\\/person\\\/5a755da80d1d979fd66ba745c8702927\"},\"headline\":\"Catalunya des de la Xina\",\"datePublished\":\"2019-10-31T18:33:27+00:00\",\"dateModified\":\"2019-11-01T17:18:32+00:00\",\"mainEntityOfPage\":{\"@id\":\"https:\\\/\\\/raed.academy\\\/ca\\\/catalunya-des-de-la-xina\\\/\"},\"wordCount\":541,\"publisher\":{\"@id\":\"https:\\\/\\\/raed.academy\\\/ca\\\/#organization\"},\"image\":{\"@id\":\"https:\\\/\\\/raed.academy\\\/ca\\\/catalunya-des-de-la-xina\\\/#primaryimage\"},\"thumbnailUrl\":\"https:\\\/\\\/raed.academy\\\/wp-content\\\/uploads\\\/2019\\\/10\\\/shutt_Barcelona-dst.jpg\",\"articleSection\":[\"Econ\u00f2miques i Empresarials\"],\"inLanguage\":\"ca-ES\"},{\"@type\":\"WebPage\",\"@id\":\"https:\\\/\\\/raed.academy\\\/ca\\\/catalunya-des-de-la-xina\\\/\",\"url\":\"https:\\\/\\\/raed.academy\\\/ca\\\/catalunya-des-de-la-xina\\\/\",\"name\":\"Catalunya des de la Xina - Reial Acad\u00e8mia Europea de Doctors\",\"isPartOf\":{\"@id\":\"https:\\\/\\\/raed.academy\\\/ca\\\/#website\"},\"primaryImageOfPage\":{\"@id\":\"https:\\\/\\\/raed.academy\\\/ca\\\/catalunya-des-de-la-xina\\\/#primaryimage\"},\"image\":{\"@id\":\"https:\\\/\\\/raed.academy\\\/ca\\\/catalunya-des-de-la-xina\\\/#primaryimage\"},\"thumbnailUrl\":\"https:\\\/\\\/raed.academy\\\/wp-content\\\/uploads\\\/2019\\\/10\\\/shutt_Barcelona-dst.jpg\",\"datePublished\":\"2019-10-31T18:33:27+00:00\",\"dateModified\":\"2019-11-01T17:18:32+00:00\",\"description\":\"Pedro Nueno alerta de la mala imatge que ofereixen a l'estranger els aldarulls de Barcelona\",\"breadcrumb\":{\"@id\":\"https:\\\/\\\/raed.academy\\\/ca\\\/catalunya-des-de-la-xina\\\/#breadcrumb\"},\"inLanguage\":\"ca-ES\",\"potentialAction\":[{\"@type\":\"ReadAction\",\"target\":[\"https:\\\/\\\/raed.academy\\\/ca\\\/catalunya-des-de-la-xina\\\/\"]}]},{\"@type\":\"ImageObject\",\"inLanguage\":\"ca-ES\",\"@id\":\"https:\\\/\\\/raed.academy\\\/ca\\\/catalunya-des-de-la-xina\\\/#primaryimage\",\"url\":\"https:\\\/\\\/raed.academy\\\/wp-content\\\/uploads\\\/2019\\\/10\\\/shutt_Barcelona-dst.jpg\",\"contentUrl\":\"https:\\\/\\\/raed.academy\\\/wp-content\\\/uploads\\\/2019\\\/10\\\/shutt_Barcelona-dst.jpg\",\"width\":1000,\"height\":420},{\"@type\":\"BreadcrumbList\",\"@id\":\"https:\\\/\\\/raed.academy\\\/ca\\\/catalunya-des-de-la-xina\\\/#breadcrumb\",\"itemListElement\":[{\"@type\":\"ListItem\",\"position\":1,\"name\":\"Inicio\",\"item\":\"https:\\\/\\\/raed.academy\\\/ca\\\/\"},{\"@type\":\"ListItem\",\"position\":2,\"name\":\"Catalunya des de la Xina\"}]},{\"@type\":\"WebSite\",\"@id\":\"https:\\\/\\\/raed.academy\\\/ca\\\/#website\",\"url\":\"https:\\\/\\\/raed.academy\\\/ca\\\/\",\"name\":\"Reial Acad\u00e8mia Europea de Doctors\",\"description\":\"Corporaci\u00f3n de derecho p\u00fablico de car\u00e1cter cient\u00edfico, t\u00e9cnico y art\u00edstico, que tiene por objeto la investigaci\u00f3n, el estudio, el fomento y la extensi\u00f3n del conocimiento en su sentido m\u00e1s amplio\",\"publisher\":{\"@id\":\"https:\\\/\\\/raed.academy\\\/ca\\\/#organization\"},\"potentialAction\":[{\"@type\":\"SearchAction\",\"target\":{\"@type\":\"EntryPoint\",\"urlTemplate\":\"https:\\\/\\\/raed.academy\\\/ca\\\/?s={search_term_string}\"},\"query-input\":{\"@type\":\"PropertyValueSpecification\",\"valueRequired\":true,\"valueName\":\"search_term_string\"}}],\"inLanguage\":\"ca-ES\"},{\"@type\":\"Organization\",\"@id\":\"https:\\\/\\\/raed.academy\\\/ca\\\/#organization\",\"name\":\"Real Academia Europea de Doctores\",\"url\":\"https:\\\/\\\/raed.academy\\\/ca\\\/\",\"logo\":{\"@type\":\"ImageObject\",\"inLanguage\":\"ca-ES\",\"@id\":\"https:\\\/\\\/raed.academy\\\/ca\\\/#\\\/schema\\\/logo\\\/image\\\/\",\"url\":\"https:\\\/\\\/raed.academy\\\/wp-content\\\/uploads\\\/2017\\\/01\\\/cropped-logo_raed.png\",\"contentUrl\":\"https:\\\/\\\/raed.academy\\\/wp-content\\\/uploads\\\/2017\\\/01\\\/cropped-logo_raed.png\",\"width\":512,\"height\":512,\"caption\":\"Real Academia Europea de Doctores\"},\"image\":{\"@id\":\"https:\\\/\\\/raed.academy\\\/ca\\\/#\\\/schema\\\/logo\\\/image\\\/\"},\"sameAs\":[\"http:\\\/\\\/fb.me\\\/raed.academy\",\"https:\\\/\\\/x.com\\\/raedacademy\",\"https:\\\/\\\/www.instagram.com\\\/raed.academy\\\/\",\"https:\\\/\\\/www.youtube.com\\\/channel\\\/UCUYQwW2KrdirNWihxMDObwg\"]},{\"@type\":\"Person\",\"@id\":\"https:\\\/\\\/raed.academy\\\/ca\\\/#\\\/schema\\\/person\\\/5a755da80d1d979fd66ba745c8702927\",\"name\":\"RAED\",\"image\":{\"@type\":\"ImageObject\",\"inLanguage\":\"ca-ES\",\"@id\":\"https:\\\/\\\/secure.gravatar.com\\\/avatar\\\/19fdfdc0d67fb9c45714b703a2ac82251c4fcea3637f002ac3c9b74c0183583c?s=96&d=mm&r=g\",\"url\":\"https:\\\/\\\/secure.gravatar.com\\\/avatar\\\/19fdfdc0d67fb9c45714b703a2ac82251c4fcea3637f002ac3c9b74c0183583c?s=96&d=mm&r=g\",\"contentUrl\":\"https:\\\/\\\/secure.gravatar.com\\\/avatar\\\/19fdfdc0d67fb9c45714b703a2ac82251c4fcea3637f002ac3c9b74c0183583c?s=96&d=mm&r=g\",\"caption\":\"RAED\"}}]}<\/script>\n<!-- \/ Yoast SEO plugin. -->","yoast_head_json":{"title":"Catalunya des de la Xina - Reial Acad\u00e8mia Europea de Doctors","description":"Pedro Nueno alerta de la mala imatge que ofereixen a l'estranger els aldarulls de Barcelona","robots":{"index":"index","follow":"follow","max-snippet":"max-snippet:-1","max-image-preview":"max-image-preview:large","max-video-preview":"max-video-preview:-1"},"canonical":"https:\/\/raed.academy\/ca\/catalunya-des-de-la-xina\/","og_locale":"ca_ES","og_type":"article","og_title":"Catalunya des de la Xina - Reial Acad\u00e8mia Europea de Doctors","og_description":"Pedro Nueno alerta de la mala imatge que ofereixen a l'estranger els aldarulls de Barcelona","og_url":"https:\/\/raed.academy\/ca\/catalunya-des-de-la-xina\/","og_site_name":"Reial Acad\u00e8mia Europea de Doctors","article_publisher":"http:\/\/fb.me\/raed.academy","article_published_time":"2019-10-31T18:33:27+00:00","article_modified_time":"2019-11-01T17:18:32+00:00","og_image":[{"width":1000,"height":420,"url":"https:\/\/raed.academy\/wp-content\/uploads\/2019\/10\/shutt_Barcelona-dst.jpg","type":"image\/jpeg"}],"author":"RAED","twitter_card":"summary_large_image","twitter_creator":"@raedacademy","twitter_site":"@raedacademy","twitter_misc":{"Written by":"RAED","Est. reading time":"3 minutes"},"schema":{"@context":"https:\/\/schema.org","@graph":[{"@type":"Article","@id":"https:\/\/raed.academy\/ca\/catalunya-des-de-la-xina\/#article","isPartOf":{"@id":"https:\/\/raed.academy\/ca\/catalunya-des-de-la-xina\/"},"author":{"name":"RAED","@id":"https:\/\/raed.academy\/ca\/#\/schema\/person\/5a755da80d1d979fd66ba745c8702927"},"headline":"Catalunya des de la Xina","datePublished":"2019-10-31T18:33:27+00:00","dateModified":"2019-11-01T17:18:32+00:00","mainEntityOfPage":{"@id":"https:\/\/raed.academy\/ca\/catalunya-des-de-la-xina\/"},"wordCount":541,"publisher":{"@id":"https:\/\/raed.academy\/ca\/#organization"},"image":{"@id":"https:\/\/raed.academy\/ca\/catalunya-des-de-la-xina\/#primaryimage"},"thumbnailUrl":"https:\/\/raed.academy\/wp-content\/uploads\/2019\/10\/shutt_Barcelona-dst.jpg","articleSection":["Econ\u00f2miques i Empresarials"],"inLanguage":"ca-ES"},{"@type":"WebPage","@id":"https:\/\/raed.academy\/ca\/catalunya-des-de-la-xina\/","url":"https:\/\/raed.academy\/ca\/catalunya-des-de-la-xina\/","name":"Catalunya des de la Xina - Reial Acad\u00e8mia Europea de Doctors","isPartOf":{"@id":"https:\/\/raed.academy\/ca\/#website"},"primaryImageOfPage":{"@id":"https:\/\/raed.academy\/ca\/catalunya-des-de-la-xina\/#primaryimage"},"image":{"@id":"https:\/\/raed.academy\/ca\/catalunya-des-de-la-xina\/#primaryimage"},"thumbnailUrl":"https:\/\/raed.academy\/wp-content\/uploads\/2019\/10\/shutt_Barcelona-dst.jpg","datePublished":"2019-10-31T18:33:27+00:00","dateModified":"2019-11-01T17:18:32+00:00","description":"Pedro Nueno alerta de la mala imatge que ofereixen a l'estranger els aldarulls de Barcelona","breadcrumb":{"@id":"https:\/\/raed.academy\/ca\/catalunya-des-de-la-xina\/#breadcrumb"},"inLanguage":"ca-ES","potentialAction":[{"@type":"ReadAction","target":["https:\/\/raed.academy\/ca\/catalunya-des-de-la-xina\/"]}]},{"@type":"ImageObject","inLanguage":"ca-ES","@id":"https:\/\/raed.academy\/ca\/catalunya-des-de-la-xina\/#primaryimage","url":"https:\/\/raed.academy\/wp-content\/uploads\/2019\/10\/shutt_Barcelona-dst.jpg","contentUrl":"https:\/\/raed.academy\/wp-content\/uploads\/2019\/10\/shutt_Barcelona-dst.jpg","width":1000,"height":420},{"@type":"BreadcrumbList","@id":"https:\/\/raed.academy\/ca\/catalunya-des-de-la-xina\/#breadcrumb","itemListElement":[{"@type":"ListItem","position":1,"name":"Inicio","item":"https:\/\/raed.academy\/ca\/"},{"@type":"ListItem","position":2,"name":"Catalunya des de la Xina"}]},{"@type":"WebSite","@id":"https:\/\/raed.academy\/ca\/#website","url":"https:\/\/raed.academy\/ca\/","name":"Reial Acad\u00e8mia Europea de Doctors","description":"Corporaci\u00f3n de derecho p\u00fablico de car\u00e1cter cient\u00edfico, t\u00e9cnico y art\u00edstico, que tiene por objeto la investigaci\u00f3n, el estudio, el fomento y la extensi\u00f3n del conocimiento en su sentido m\u00e1s amplio","publisher":{"@id":"https:\/\/raed.academy\/ca\/#organization"},"potentialAction":[{"@type":"SearchAction","target":{"@type":"EntryPoint","urlTemplate":"https:\/\/raed.academy\/ca\/?s={search_term_string}"},"query-input":{"@type":"PropertyValueSpecification","valueRequired":true,"valueName":"search_term_string"}}],"inLanguage":"ca-ES"},{"@type":"Organization","@id":"https:\/\/raed.academy\/ca\/#organization","name":"Real Academia Europea de Doctores","url":"https:\/\/raed.academy\/ca\/","logo":{"@type":"ImageObject","inLanguage":"ca-ES","@id":"https:\/\/raed.academy\/ca\/#\/schema\/logo\/image\/","url":"https:\/\/raed.academy\/wp-content\/uploads\/2017\/01\/cropped-logo_raed.png","contentUrl":"https:\/\/raed.academy\/wp-content\/uploads\/2017\/01\/cropped-logo_raed.png","width":512,"height":512,"caption":"Real Academia Europea de Doctores"},"image":{"@id":"https:\/\/raed.academy\/ca\/#\/schema\/logo\/image\/"},"sameAs":["http:\/\/fb.me\/raed.academy","https:\/\/x.com\/raedacademy","https:\/\/www.instagram.com\/raed.academy\/","https:\/\/www.youtube.com\/channel\/UCUYQwW2KrdirNWihxMDObwg"]},{"@type":"Person","@id":"https:\/\/raed.academy\/ca\/#\/schema\/person\/5a755da80d1d979fd66ba745c8702927","name":"RAED","image":{"@type":"ImageObject","inLanguage":"ca-ES","@id":"https:\/\/secure.gravatar.com\/avatar\/19fdfdc0d67fb9c45714b703a2ac82251c4fcea3637f002ac3c9b74c0183583c?s=96&d=mm&r=g","url":"https:\/\/secure.gravatar.com\/avatar\/19fdfdc0d67fb9c45714b703a2ac82251c4fcea3637f002ac3c9b74c0183583c?s=96&d=mm&r=g","contentUrl":"https:\/\/secure.gravatar.com\/avatar\/19fdfdc0d67fb9c45714b703a2ac82251c4fcea3637f002ac3c9b74c0183583c?s=96&d=mm&r=g","caption":"RAED"}}]}},"_links":{"self":[{"href":"https:\/\/raed.academy\/ca\/wp-json\/wp\/v2\/posts\/82149","targetHints":{"allow":["GET"]}}],"collection":[{"href":"https:\/\/raed.academy\/ca\/wp-json\/wp\/v2\/posts"}],"about":[{"href":"https:\/\/raed.academy\/ca\/wp-json\/wp\/v2\/types\/post"}],"author":[{"embeddable":true,"href":"https:\/\/raed.academy\/ca\/wp-json\/wp\/v2\/users\/12"}],"replies":[{"embeddable":true,"href":"https:\/\/raed.academy\/ca\/wp-json\/wp\/v2\/comments?post=82149"}],"version-history":[{"count":0,"href":"https:\/\/raed.academy\/ca\/wp-json\/wp\/v2\/posts\/82149\/revisions"}],"wp:featuredmedia":[{"embeddable":true,"href":"https:\/\/raed.academy\/ca\/wp-json\/wp\/v2\/media\/81866"}],"wp:attachment":[{"href":"https:\/\/raed.academy\/ca\/wp-json\/wp\/v2\/media?parent=82149"}],"wp:term":[{"taxonomy":"category","embeddable":true,"href":"https:\/\/raed.academy\/ca\/wp-json\/wp\/v2\/categories?post=82149"},{"taxonomy":"post_tag","embeddable":true,"href":"https:\/\/raed.academy\/ca\/wp-json\/wp\/v2\/tags?post=82149"}],"curies":[{"name":"wp","href":"https:\/\/api.w.org\/{rel}","templated":true}]}}