{"id":80860,"date":"2019-10-17T11:28:12","date_gmt":"2019-10-17T11:28:12","guid":{"rendered":"https:\/\/raed.academy\/?p=80860"},"modified":"2019-10-17T15:46:32","modified_gmt":"2019-10-17T15:46:32","slug":"academics-de-la-nostra-historia-centenaria-antonio-puigvert-gorro","status":"publish","type":"post","link":"https:\/\/raed.academy\/ca\/academics-de-la-nostra-historia-centenaria-antonio-puigvert-gorro\/","title":{"rendered":"Acad\u00e8mics de la nostra hist\u00f2ria centen\u00e0ria: Antonio Puigvert Gorro"},"content":{"rendered":"<p><img loading=\"lazy\" decoding=\"async\" class=\"circular alignleft wp-image-80878 size-full\" src=\"https:\/\/raed.academy\/wp-content\/uploads\/2019\/10\/Antonio-Puigvert-Gorro-caja-circ-v2.jpg\" sizes=\"(max-width: 190px) 100vw, 190px\" srcset=\"https:\/\/raed.academy\/wp-content\/uploads\/2019\/10\/Antonio-Puigvert-Gorro-caja-circ-v2.jpg 190w, https:\/\/raed.academy\/wp-content\/uploads\/2019\/10\/Antonio-Puigvert-Gorro-caja-circ-v2-150x150.jpg 150w\" alt=\"\" width=\"190\" height=\"190\" data-attachment-id=\"80878\" data-permalink=\"https:\/\/raed.academy\/academicos-de-nuestra-historia-centenaria-antonio-puigvert-gorro\/antonio-puigvert-gorro-caja-circ-v2-2\/\" data-orig-file=\"https:\/\/raed.academy\/wp-content\/uploads\/2019\/10\/Antonio-Puigvert-Gorro-caja-circ-v2.jpg\" data-orig-size=\"190,190\" data-comments-opened=\"0\" data-image-meta=\"{&quot;aperture&quot;:&quot;0&quot;,&quot;credit&quot;:&quot;&quot;,&quot;camera&quot;:&quot;&quot;,&quot;caption&quot;:&quot;&quot;,&quot;created_timestamp&quot;:&quot;0&quot;,&quot;copyright&quot;:&quot;&quot;,&quot;focal_length&quot;:&quot;0&quot;,&quot;iso&quot;:&quot;0&quot;,&quot;shutter_speed&quot;:&quot;0&quot;,&quot;title&quot;:&quot;&quot;,&quot;orientation&quot;:&quot;0&quot;}\" data-image-title=\"Antonio-Puigvert-Gorro-caja-circ-v2\" data-image-description=\"\" data-medium-file=\"https:\/\/raed.academy\/wp-content\/uploads\/2019\/10\/Antonio-Puigvert-Gorro-caja-circ-v2.jpg\" data-large-file=\"https:\/\/raed.academy\/wp-content\/uploads\/2019\/10\/Antonio-Puigvert-Gorro-caja-circ-v2.jpg\" \/>La <strong>Reial Acad\u00e8mia Europea de Doctors-Barcelona 1914<\/strong> (RAED) presenta la tretzena entrega de la s\u00e8rie que dedica als acad\u00e8mics m\u00e9s notables de la seva centen\u00e0ria hist\u00f2ria. En aquesta ocasi\u00f3, a un altre dels seus personatges il\u00b7lustres: el reconegut ur\u00f2leg i benefactor catal\u00e0 <strong>Antonio Puigvert<\/strong> (1905-1990). Una altra de les grans figures de la ci\u00e8ncia i el pensament que han format part de la RAED i que l&#8217;actual Junta de Govern vol agrair, recon\u00e8ixer i reivindicar, en el convenciment que qui no t\u00e9 mem\u00f2ria, no t\u00e9 futur. La selecci\u00f3 d&#8217;aquests selectes acad\u00e8mics, de tots els \u00e0mbits del coneixement, \u00e9s fruit de la investigaci\u00f3 duta a terme per la publicaci\u00f3 del<strong> &#8220;Llibre del Centenari&#8221;<\/strong> de la Reial Acad\u00e8mia, editat ja fa tres anys. Personalitats que transcendeixen el seu context hist\u00f2ric per apar\u00e8ixer avui en dia com a referents del saber.<\/p>\n<p>Considerat internacionalment el fundador de la urologia moderna, la personalitat i traject\u00f2ria professional de Puigvert va estar molt marcada per l&#8217;exemple del seu pare, un metge rural de Lleida. Malgrat els escassos recursos de la fam\u00edlia, la seva tenacitat el va portar a estudiar Medicina a la <a href=\"http:\/\/ub.edu\" target=\"_blank\" rel=\"noopener noreferrer\"><strong>Universitat de Barcelona<\/strong><\/a>, \u200b\u200bon es va llicenciar el 1928. L&#8217;any 1933 va ingressar en el Servei d&#8217;Urologia de l&#8217;<a href=\"https:\/\/www.santpaubarcelona.org\" target=\"_blank\" rel=\"noopener noreferrer\"><strong>Hospital de la Santa Creu i Sant Pau<\/strong><\/a> de Barcelona, \u200b\u200bque va dirigir a partir de 1951. Abans havia fundat un <strong>Institut d&#8217;Urologia<\/strong> amb una escola d&#8217;especialitzaci\u00f3 que acabaria esdevenint la reconeguda <a href=\"https:\/\/www.fundacio-puigvert.es\" target=\"_blank\" rel=\"noopener noreferrer\"><strong>Fundaci\u00f3 Puigvert<\/strong><\/a>.<\/p>\n<p><img loading=\"lazy\" decoding=\"async\" class=\"alignright size-full wp-image-80856\" src=\"https:\/\/raed.academy\/wp-content\/uploads\/2019\/10\/Antonio-Puigvert-Gorro-dstNtc-1.jpg\" alt=\"\" width=\"400\" height=\"316\" data-attachment-id=\"80856\" data-permalink=\"https:\/\/raed.academy\/academicos-de-nuestra-historia-centenaria-antonio-puigvert-gorro\/antonio-puigvert-gorro-dstntc\/\" data-orig-file=\"https:\/\/raed.academy\/wp-content\/uploads\/2019\/10\/Antonio-Puigvert-Gorro-dstNtc-1.jpg\" data-orig-size=\"400,316\" data-comments-opened=\"0\" data-image-meta=\"{&quot;aperture&quot;:&quot;0&quot;,&quot;credit&quot;:&quot;&quot;,&quot;camera&quot;:&quot;&quot;,&quot;caption&quot;:&quot;&quot;,&quot;created_timestamp&quot;:&quot;0&quot;,&quot;copyright&quot;:&quot;&quot;,&quot;focal_length&quot;:&quot;0&quot;,&quot;iso&quot;:&quot;0&quot;,&quot;shutter_speed&quot;:&quot;0&quot;,&quot;title&quot;:&quot;&quot;,&quot;orientation&quot;:&quot;0&quot;}\" data-image-title=\"Antonio-Puigvert-Gorro-dstNtc\" data-image-description=\"\" data-medium-file=\"https:\/\/raed.academy\/wp-content\/uploads\/2019\/10\/Antonio-Puigvert-Gorro-dstNtc-1.jpg\" data-large-file=\"https:\/\/raed.academy\/wp-content\/uploads\/2019\/10\/Antonio-Puigvert-Gorro-dstNtc-1.jpg\" \/>A m\u00e9s de la seva tasca com a metge i docent, Puigvert va fer importants aportacions a la urologia i va inventar nombrosos instruments quir\u00fargics, com la sonda de <strong>B\u00e9niqu\u00e9<\/strong>, la b\u00e0scula per a la cirurgia prostatoperineal, la xeringa per a la pielografia, la coneguda sonda tutor de Puigvert, la pin\u00e7a de manetes desiguals, el separador doble i la pin\u00e7a de dissecci\u00f3 i sutura.<\/p>\n<p>El 1967, la llavors Acad\u00e8mia de Doctors del Districte Universitari de Barcelona el va recon\u00e8ixer com acad\u00e8mics d&#8217;honor i el 1971 va ser designat catedr\u00e0tic d&#8217;Urologia de la <a href=\"http:\/\/www.uab.edu\" target=\"_blank\" rel=\"noopener noreferrer\"><strong>Universitat Aut\u00f2noma de Barcelona<\/strong><\/a>. Tot i mantenir bones relacions amb el r\u00e8gim franquista i el mateix <strong>Francisco Franco<\/strong>, amb qui va intercedir per l&#8217;anarquista <strong>Salvador Puig Antich<\/strong>, a les eleccions al <a href=\"http:\/\/www.parlament.cat\" target=\"_blank\" rel=\"noopener noreferrer\"><strong>Parlament de Catalunya<\/strong><\/a> de 1980 va ser elegit diputat per <a href=\"https:\/\/www.esquerra.cat\" target=\"_blank\" rel=\"noopener noreferrer\"><strong>Esquerra Republicana de Catalunya<\/strong><\/a>.<\/p>\n<p>Entre els seus reconeixements p\u00fablics destaquen la <strong>Creu de Sant Jordi<\/strong> que atorga la <a href=\"http:\/\/www.gencat.cat\" target=\"_blank\" rel=\"noopener noreferrer\"><strong>Generalitat de Catalunya<\/strong><\/a>, la <strong>Medalla d&#8217;Or<\/strong> de l&#8217;<a href=\"https:\/\/ajuntament.barcelona.cat\" target=\"_blank\" rel=\"noopener noreferrer\"><strong>Ajuntament de Barcelona<\/strong><\/a>, \u200b\u200bl&#8217;ordre de <strong>Cavaller de la Legi\u00f3 d&#8217;Honor<\/strong> de Fran\u00e7a, la <strong>Gran Creu<\/strong> de l&#8217;<strong>Ordre d&#8217;Isabel la Cat\u00f2lica<\/strong> i la <strong>Gran Creu<\/strong> de l&#8217;<strong>Ordre d&#8217;Alfons X el Savi<\/strong>.<\/p>\n","protected":false},"excerpt":{"rendered":"<p>La Reial Acad\u00e8mia Europea de Doctors-Barcelona 1914 (RAED) presenta la tretzena entrega de la s\u00e8rie que dedica als acad\u00e8mics m\u00e9s notables de la seva centen\u00e0ria hist\u00f2ria. En aquesta ocasi\u00f3, a un altre dels seus personatges il\u00b7lustres: el reconegut ur\u00f2leg i benefactor catal\u00e0 Antonio Puigvert (1905-1990). Una altra de les grans figures de la ci\u00e8ncia i [&hellip;]<\/p>\n","protected":false},"author":12,"featured_media":80857,"comment_status":"closed","ping_status":"closed","sticky":false,"template":"","format":"standard","meta":{"_et_pb_use_builder":"","_et_pb_old_content":"","_et_gb_content_width":"","footnotes":""},"categories":[266,213],"tags":[],"class_list":["post-80860","post","type-post","status-publish","format-standard","has-post-thumbnail","hentry","category-categ-academics-de-la-nostra-historia-centenaria","category-medicina-i-cirurgia","et-has-post-format-content","et_post_format-et-post-format-standard"],"yoast_head":"<!-- This site is optimized with the Yoast SEO plugin v27.4 - https:\/\/yoast.com\/product\/yoast-seo-wordpress\/ -->\n<title>Acad\u00e8mics de la nostra hist\u00f2ria centen\u00e0ria: Antonio Puigvert Gorro - Reial Acad\u00e8mia Europea de Doctors<\/title>\n<meta name=\"description\" content=\"El reconegut ur\u00f2leg i benefactor catal\u00e0 Antonio Puigvert (1905-1990), una altra de les grans figures de la ci\u00e8ncia i el pensament que han format part de la RAED\" \/>\n<meta name=\"robots\" content=\"index, follow, max-snippet:-1, max-image-preview:large, max-video-preview:-1\" \/>\n<link rel=\"canonical\" href=\"https:\/\/raed.academy\/ca\/academics-de-la-nostra-historia-centenaria-antonio-puigvert-gorro\/\" \/>\n<meta property=\"og:locale\" content=\"ca_ES\" \/>\n<meta property=\"og:type\" content=\"article\" \/>\n<meta property=\"og:title\" content=\"Acad\u00e8mics de la nostra hist\u00f2ria centen\u00e0ria: Antonio Puigvert Gorro - Reial Acad\u00e8mia Europea de Doctors\" \/>\n<meta property=\"og:description\" content=\"El reconegut ur\u00f2leg i benefactor catal\u00e0 Antonio Puigvert (1905-1990), una altra de les grans figures de la ci\u00e8ncia i el pensament que han format part de la RAED\" \/>\n<meta property=\"og:url\" content=\"https:\/\/raed.academy\/ca\/academics-de-la-nostra-historia-centenaria-antonio-puigvert-gorro\/\" \/>\n<meta property=\"og:site_name\" content=\"Reial Acad\u00e8mia Europea de Doctors\" \/>\n<meta property=\"article:publisher\" content=\"http:\/\/fb.me\/raed.academy\" \/>\n<meta property=\"article:published_time\" content=\"2019-10-17T11:28:12+00:00\" \/>\n<meta property=\"article:modified_time\" content=\"2019-10-17T15:46:32+00:00\" \/>\n<meta property=\"og:image\" content=\"https:\/\/raed.academy\/wp-content\/uploads\/2019\/10\/Antonio-Puigvert-Gorro-dstNtc-1.jpg\" \/>\n\t<meta property=\"og:image:width\" content=\"400\" \/>\n\t<meta property=\"og:image:height\" content=\"316\" \/>\n\t<meta property=\"og:image:type\" content=\"image\/jpeg\" \/>\n<meta name=\"author\" content=\"RAED\" \/>\n<meta name=\"twitter:card\" content=\"summary_large_image\" \/>\n<meta name=\"twitter:creator\" content=\"@raedacademy\" \/>\n<meta name=\"twitter:site\" content=\"@raedacademy\" \/>\n<meta name=\"twitter:label1\" content=\"Written by\" \/>\n\t<meta name=\"twitter:data1\" content=\"RAED\" \/>\n\t<meta name=\"twitter:label2\" content=\"Est. reading time\" \/>\n\t<meta name=\"twitter:data2\" content=\"2 minutes\" \/>\n<script type=\"application\/ld+json\" class=\"yoast-schema-graph\">{\"@context\":\"https:\\\/\\\/schema.org\",\"@graph\":[{\"@type\":\"Article\",\"@id\":\"https:\\\/\\\/raed.academy\\\/ca\\\/academics-de-la-nostra-historia-centenaria-antonio-puigvert-gorro\\\/#article\",\"isPartOf\":{\"@id\":\"https:\\\/\\\/raed.academy\\\/ca\\\/academics-de-la-nostra-historia-centenaria-antonio-puigvert-gorro\\\/\"},\"author\":{\"name\":\"RAED\",\"@id\":\"https:\\\/\\\/raed.academy\\\/ca\\\/#\\\/schema\\\/person\\\/5a755da80d1d979fd66ba745c8702927\"},\"headline\":\"Acad\u00e8mics de la nostra hist\u00f2ria centen\u00e0ria: Antonio Puigvert Gorro\",\"datePublished\":\"2019-10-17T11:28:12+00:00\",\"dateModified\":\"2019-10-17T15:46:32+00:00\",\"mainEntityOfPage\":{\"@id\":\"https:\\\/\\\/raed.academy\\\/ca\\\/academics-de-la-nostra-historia-centenaria-antonio-puigvert-gorro\\\/\"},\"wordCount\":481,\"publisher\":{\"@id\":\"https:\\\/\\\/raed.academy\\\/ca\\\/#organization\"},\"image\":{\"@id\":\"https:\\\/\\\/raed.academy\\\/ca\\\/academics-de-la-nostra-historia-centenaria-antonio-puigvert-gorro\\\/#primaryimage\"},\"thumbnailUrl\":\"https:\\\/\\\/raed.academy\\\/wp-content\\\/uploads\\\/2019\\\/10\\\/Antonio-Puigvert-Gorro-dstNtc-1.jpg\",\"articleSection\":[\"Acad\u00e8mics de la nostra hist\u00f2ria centen\u00e0ria\",\"Medicina i cirurgia\"],\"inLanguage\":\"ca-ES\"},{\"@type\":\"WebPage\",\"@id\":\"https:\\\/\\\/raed.academy\\\/ca\\\/academics-de-la-nostra-historia-centenaria-antonio-puigvert-gorro\\\/\",\"url\":\"https:\\\/\\\/raed.academy\\\/ca\\\/academics-de-la-nostra-historia-centenaria-antonio-puigvert-gorro\\\/\",\"name\":\"Acad\u00e8mics de la nostra hist\u00f2ria centen\u00e0ria: Antonio Puigvert Gorro - Reial Acad\u00e8mia Europea de Doctors\",\"isPartOf\":{\"@id\":\"https:\\\/\\\/raed.academy\\\/ca\\\/#website\"},\"primaryImageOfPage\":{\"@id\":\"https:\\\/\\\/raed.academy\\\/ca\\\/academics-de-la-nostra-historia-centenaria-antonio-puigvert-gorro\\\/#primaryimage\"},\"image\":{\"@id\":\"https:\\\/\\\/raed.academy\\\/ca\\\/academics-de-la-nostra-historia-centenaria-antonio-puigvert-gorro\\\/#primaryimage\"},\"thumbnailUrl\":\"https:\\\/\\\/raed.academy\\\/wp-content\\\/uploads\\\/2019\\\/10\\\/Antonio-Puigvert-Gorro-dstNtc-1.jpg\",\"datePublished\":\"2019-10-17T11:28:12+00:00\",\"dateModified\":\"2019-10-17T15:46:32+00:00\",\"description\":\"El reconegut ur\u00f2leg i benefactor catal\u00e0 Antonio Puigvert (1905-1990), una altra de les grans figures de la ci\u00e8ncia i el pensament que han format part de la RAED\",\"breadcrumb\":{\"@id\":\"https:\\\/\\\/raed.academy\\\/ca\\\/academics-de-la-nostra-historia-centenaria-antonio-puigvert-gorro\\\/#breadcrumb\"},\"inLanguage\":\"ca-ES\",\"potentialAction\":[{\"@type\":\"ReadAction\",\"target\":[\"https:\\\/\\\/raed.academy\\\/ca\\\/academics-de-la-nostra-historia-centenaria-antonio-puigvert-gorro\\\/\"]}]},{\"@type\":\"ImageObject\",\"inLanguage\":\"ca-ES\",\"@id\":\"https:\\\/\\\/raed.academy\\\/ca\\\/academics-de-la-nostra-historia-centenaria-antonio-puigvert-gorro\\\/#primaryimage\",\"url\":\"https:\\\/\\\/raed.academy\\\/wp-content\\\/uploads\\\/2019\\\/10\\\/Antonio-Puigvert-Gorro-dstNtc-1.jpg\",\"contentUrl\":\"https:\\\/\\\/raed.academy\\\/wp-content\\\/uploads\\\/2019\\\/10\\\/Antonio-Puigvert-Gorro-dstNtc-1.jpg\",\"width\":400,\"height\":316},{\"@type\":\"BreadcrumbList\",\"@id\":\"https:\\\/\\\/raed.academy\\\/ca\\\/academics-de-la-nostra-historia-centenaria-antonio-puigvert-gorro\\\/#breadcrumb\",\"itemListElement\":[{\"@type\":\"ListItem\",\"position\":1,\"name\":\"Inicio\",\"item\":\"https:\\\/\\\/raed.academy\\\/ca\\\/\"},{\"@type\":\"ListItem\",\"position\":2,\"name\":\"Acad\u00e8mics de la nostra hist\u00f2ria centen\u00e0ria: Antonio Puigvert Gorro\"}]},{\"@type\":\"WebSite\",\"@id\":\"https:\\\/\\\/raed.academy\\\/ca\\\/#website\",\"url\":\"https:\\\/\\\/raed.academy\\\/ca\\\/\",\"name\":\"Reial Acad\u00e8mia Europea de Doctors\",\"description\":\"Corporaci\u00f3n de derecho p\u00fablico de car\u00e1cter cient\u00edfico, t\u00e9cnico y art\u00edstico, que tiene por objeto la investigaci\u00f3n, el estudio, el fomento y la extensi\u00f3n del conocimiento en su sentido m\u00e1s amplio\",\"publisher\":{\"@id\":\"https:\\\/\\\/raed.academy\\\/ca\\\/#organization\"},\"potentialAction\":[{\"@type\":\"SearchAction\",\"target\":{\"@type\":\"EntryPoint\",\"urlTemplate\":\"https:\\\/\\\/raed.academy\\\/ca\\\/?s={search_term_string}\"},\"query-input\":{\"@type\":\"PropertyValueSpecification\",\"valueRequired\":true,\"valueName\":\"search_term_string\"}}],\"inLanguage\":\"ca-ES\"},{\"@type\":\"Organization\",\"@id\":\"https:\\\/\\\/raed.academy\\\/ca\\\/#organization\",\"name\":\"Real Academia Europea de Doctores\",\"url\":\"https:\\\/\\\/raed.academy\\\/ca\\\/\",\"logo\":{\"@type\":\"ImageObject\",\"inLanguage\":\"ca-ES\",\"@id\":\"https:\\\/\\\/raed.academy\\\/ca\\\/#\\\/schema\\\/logo\\\/image\\\/\",\"url\":\"https:\\\/\\\/raed.academy\\\/wp-content\\\/uploads\\\/2017\\\/01\\\/cropped-logo_raed.png\",\"contentUrl\":\"https:\\\/\\\/raed.academy\\\/wp-content\\\/uploads\\\/2017\\\/01\\\/cropped-logo_raed.png\",\"width\":512,\"height\":512,\"caption\":\"Real Academia Europea de Doctores\"},\"image\":{\"@id\":\"https:\\\/\\\/raed.academy\\\/ca\\\/#\\\/schema\\\/logo\\\/image\\\/\"},\"sameAs\":[\"http:\\\/\\\/fb.me\\\/raed.academy\",\"https:\\\/\\\/x.com\\\/raedacademy\",\"https:\\\/\\\/www.instagram.com\\\/raed.academy\\\/\",\"https:\\\/\\\/www.youtube.com\\\/channel\\\/UCUYQwW2KrdirNWihxMDObwg\"]},{\"@type\":\"Person\",\"@id\":\"https:\\\/\\\/raed.academy\\\/ca\\\/#\\\/schema\\\/person\\\/5a755da80d1d979fd66ba745c8702927\",\"name\":\"RAED\",\"image\":{\"@type\":\"ImageObject\",\"inLanguage\":\"ca-ES\",\"@id\":\"https:\\\/\\\/secure.gravatar.com\\\/avatar\\\/19fdfdc0d67fb9c45714b703a2ac82251c4fcea3637f002ac3c9b74c0183583c?s=96&d=mm&r=g\",\"url\":\"https:\\\/\\\/secure.gravatar.com\\\/avatar\\\/19fdfdc0d67fb9c45714b703a2ac82251c4fcea3637f002ac3c9b74c0183583c?s=96&d=mm&r=g\",\"contentUrl\":\"https:\\\/\\\/secure.gravatar.com\\\/avatar\\\/19fdfdc0d67fb9c45714b703a2ac82251c4fcea3637f002ac3c9b74c0183583c?s=96&d=mm&r=g\",\"caption\":\"RAED\"}}]}<\/script>\n<!-- \/ Yoast SEO plugin. -->","yoast_head_json":{"title":"Acad\u00e8mics de la nostra hist\u00f2ria centen\u00e0ria: Antonio Puigvert Gorro - Reial Acad\u00e8mia Europea de Doctors","description":"El reconegut ur\u00f2leg i benefactor catal\u00e0 Antonio Puigvert (1905-1990), una altra de les grans figures de la ci\u00e8ncia i el pensament que han format part de la RAED","robots":{"index":"index","follow":"follow","max-snippet":"max-snippet:-1","max-image-preview":"max-image-preview:large","max-video-preview":"max-video-preview:-1"},"canonical":"https:\/\/raed.academy\/ca\/academics-de-la-nostra-historia-centenaria-antonio-puigvert-gorro\/","og_locale":"ca_ES","og_type":"article","og_title":"Acad\u00e8mics de la nostra hist\u00f2ria centen\u00e0ria: Antonio Puigvert Gorro - Reial Acad\u00e8mia Europea de Doctors","og_description":"El reconegut ur\u00f2leg i benefactor catal\u00e0 Antonio Puigvert (1905-1990), una altra de les grans figures de la ci\u00e8ncia i el pensament que han format part de la RAED","og_url":"https:\/\/raed.academy\/ca\/academics-de-la-nostra-historia-centenaria-antonio-puigvert-gorro\/","og_site_name":"Reial Acad\u00e8mia Europea de Doctors","article_publisher":"http:\/\/fb.me\/raed.academy","article_published_time":"2019-10-17T11:28:12+00:00","article_modified_time":"2019-10-17T15:46:32+00:00","og_image":[{"width":400,"height":316,"url":"https:\/\/raed.academy\/wp-content\/uploads\/2019\/10\/Antonio-Puigvert-Gorro-dstNtc-1.jpg","type":"image\/jpeg"}],"author":"RAED","twitter_card":"summary_large_image","twitter_creator":"@raedacademy","twitter_site":"@raedacademy","twitter_misc":{"Written by":"RAED","Est. reading time":"2 minutes"},"schema":{"@context":"https:\/\/schema.org","@graph":[{"@type":"Article","@id":"https:\/\/raed.academy\/ca\/academics-de-la-nostra-historia-centenaria-antonio-puigvert-gorro\/#article","isPartOf":{"@id":"https:\/\/raed.academy\/ca\/academics-de-la-nostra-historia-centenaria-antonio-puigvert-gorro\/"},"author":{"name":"RAED","@id":"https:\/\/raed.academy\/ca\/#\/schema\/person\/5a755da80d1d979fd66ba745c8702927"},"headline":"Acad\u00e8mics de la nostra hist\u00f2ria centen\u00e0ria: Antonio Puigvert Gorro","datePublished":"2019-10-17T11:28:12+00:00","dateModified":"2019-10-17T15:46:32+00:00","mainEntityOfPage":{"@id":"https:\/\/raed.academy\/ca\/academics-de-la-nostra-historia-centenaria-antonio-puigvert-gorro\/"},"wordCount":481,"publisher":{"@id":"https:\/\/raed.academy\/ca\/#organization"},"image":{"@id":"https:\/\/raed.academy\/ca\/academics-de-la-nostra-historia-centenaria-antonio-puigvert-gorro\/#primaryimage"},"thumbnailUrl":"https:\/\/raed.academy\/wp-content\/uploads\/2019\/10\/Antonio-Puigvert-Gorro-dstNtc-1.jpg","articleSection":["Acad\u00e8mics de la nostra hist\u00f2ria centen\u00e0ria","Medicina i cirurgia"],"inLanguage":"ca-ES"},{"@type":"WebPage","@id":"https:\/\/raed.academy\/ca\/academics-de-la-nostra-historia-centenaria-antonio-puigvert-gorro\/","url":"https:\/\/raed.academy\/ca\/academics-de-la-nostra-historia-centenaria-antonio-puigvert-gorro\/","name":"Acad\u00e8mics de la nostra hist\u00f2ria centen\u00e0ria: Antonio Puigvert Gorro - Reial Acad\u00e8mia Europea de Doctors","isPartOf":{"@id":"https:\/\/raed.academy\/ca\/#website"},"primaryImageOfPage":{"@id":"https:\/\/raed.academy\/ca\/academics-de-la-nostra-historia-centenaria-antonio-puigvert-gorro\/#primaryimage"},"image":{"@id":"https:\/\/raed.academy\/ca\/academics-de-la-nostra-historia-centenaria-antonio-puigvert-gorro\/#primaryimage"},"thumbnailUrl":"https:\/\/raed.academy\/wp-content\/uploads\/2019\/10\/Antonio-Puigvert-Gorro-dstNtc-1.jpg","datePublished":"2019-10-17T11:28:12+00:00","dateModified":"2019-10-17T15:46:32+00:00","description":"El reconegut ur\u00f2leg i benefactor catal\u00e0 Antonio Puigvert (1905-1990), una altra de les grans figures de la ci\u00e8ncia i el pensament que han format part de la RAED","breadcrumb":{"@id":"https:\/\/raed.academy\/ca\/academics-de-la-nostra-historia-centenaria-antonio-puigvert-gorro\/#breadcrumb"},"inLanguage":"ca-ES","potentialAction":[{"@type":"ReadAction","target":["https:\/\/raed.academy\/ca\/academics-de-la-nostra-historia-centenaria-antonio-puigvert-gorro\/"]}]},{"@type":"ImageObject","inLanguage":"ca-ES","@id":"https:\/\/raed.academy\/ca\/academics-de-la-nostra-historia-centenaria-antonio-puigvert-gorro\/#primaryimage","url":"https:\/\/raed.academy\/wp-content\/uploads\/2019\/10\/Antonio-Puigvert-Gorro-dstNtc-1.jpg","contentUrl":"https:\/\/raed.academy\/wp-content\/uploads\/2019\/10\/Antonio-Puigvert-Gorro-dstNtc-1.jpg","width":400,"height":316},{"@type":"BreadcrumbList","@id":"https:\/\/raed.academy\/ca\/academics-de-la-nostra-historia-centenaria-antonio-puigvert-gorro\/#breadcrumb","itemListElement":[{"@type":"ListItem","position":1,"name":"Inicio","item":"https:\/\/raed.academy\/ca\/"},{"@type":"ListItem","position":2,"name":"Acad\u00e8mics de la nostra hist\u00f2ria centen\u00e0ria: Antonio Puigvert Gorro"}]},{"@type":"WebSite","@id":"https:\/\/raed.academy\/ca\/#website","url":"https:\/\/raed.academy\/ca\/","name":"Reial Acad\u00e8mia Europea de Doctors","description":"Corporaci\u00f3n de derecho p\u00fablico de car\u00e1cter cient\u00edfico, t\u00e9cnico y art\u00edstico, que tiene por objeto la investigaci\u00f3n, el estudio, el fomento y la extensi\u00f3n del conocimiento en su sentido m\u00e1s amplio","publisher":{"@id":"https:\/\/raed.academy\/ca\/#organization"},"potentialAction":[{"@type":"SearchAction","target":{"@type":"EntryPoint","urlTemplate":"https:\/\/raed.academy\/ca\/?s={search_term_string}"},"query-input":{"@type":"PropertyValueSpecification","valueRequired":true,"valueName":"search_term_string"}}],"inLanguage":"ca-ES"},{"@type":"Organization","@id":"https:\/\/raed.academy\/ca\/#organization","name":"Real Academia Europea de Doctores","url":"https:\/\/raed.academy\/ca\/","logo":{"@type":"ImageObject","inLanguage":"ca-ES","@id":"https:\/\/raed.academy\/ca\/#\/schema\/logo\/image\/","url":"https:\/\/raed.academy\/wp-content\/uploads\/2017\/01\/cropped-logo_raed.png","contentUrl":"https:\/\/raed.academy\/wp-content\/uploads\/2017\/01\/cropped-logo_raed.png","width":512,"height":512,"caption":"Real Academia Europea de Doctores"},"image":{"@id":"https:\/\/raed.academy\/ca\/#\/schema\/logo\/image\/"},"sameAs":["http:\/\/fb.me\/raed.academy","https:\/\/x.com\/raedacademy","https:\/\/www.instagram.com\/raed.academy\/","https:\/\/www.youtube.com\/channel\/UCUYQwW2KrdirNWihxMDObwg"]},{"@type":"Person","@id":"https:\/\/raed.academy\/ca\/#\/schema\/person\/5a755da80d1d979fd66ba745c8702927","name":"RAED","image":{"@type":"ImageObject","inLanguage":"ca-ES","@id":"https:\/\/secure.gravatar.com\/avatar\/19fdfdc0d67fb9c45714b703a2ac82251c4fcea3637f002ac3c9b74c0183583c?s=96&d=mm&r=g","url":"https:\/\/secure.gravatar.com\/avatar\/19fdfdc0d67fb9c45714b703a2ac82251c4fcea3637f002ac3c9b74c0183583c?s=96&d=mm&r=g","contentUrl":"https:\/\/secure.gravatar.com\/avatar\/19fdfdc0d67fb9c45714b703a2ac82251c4fcea3637f002ac3c9b74c0183583c?s=96&d=mm&r=g","caption":"RAED"}}]}},"_links":{"self":[{"href":"https:\/\/raed.academy\/ca\/wp-json\/wp\/v2\/posts\/80860","targetHints":{"allow":["GET"]}}],"collection":[{"href":"https:\/\/raed.academy\/ca\/wp-json\/wp\/v2\/posts"}],"about":[{"href":"https:\/\/raed.academy\/ca\/wp-json\/wp\/v2\/types\/post"}],"author":[{"embeddable":true,"href":"https:\/\/raed.academy\/ca\/wp-json\/wp\/v2\/users\/12"}],"replies":[{"embeddable":true,"href":"https:\/\/raed.academy\/ca\/wp-json\/wp\/v2\/comments?post=80860"}],"version-history":[{"count":0,"href":"https:\/\/raed.academy\/ca\/wp-json\/wp\/v2\/posts\/80860\/revisions"}],"wp:featuredmedia":[{"embeddable":true,"href":"https:\/\/raed.academy\/ca\/wp-json\/wp\/v2\/media\/80857"}],"wp:attachment":[{"href":"https:\/\/raed.academy\/ca\/wp-json\/wp\/v2\/media?parent=80860"}],"wp:term":[{"taxonomy":"category","embeddable":true,"href":"https:\/\/raed.academy\/ca\/wp-json\/wp\/v2\/categories?post=80860"},{"taxonomy":"post_tag","embeddable":true,"href":"https:\/\/raed.academy\/ca\/wp-json\/wp\/v2\/tags?post=80860"}],"curies":[{"name":"wp","href":"https:\/\/api.w.org\/{rel}","templated":true}]}}