{"id":80542,"date":"2019-10-11T09:24:09","date_gmt":"2019-10-11T09:24:09","guid":{"rendered":"https:\/\/raed.academy\/?p=80542"},"modified":"2019-10-11T11:25:01","modified_gmt":"2019-10-11T11:25:01","slug":"quo-artis-cronistes-dun-somni","status":"publish","type":"post","link":"https:\/\/raed.academy\/ca\/quo-artis-cronistes-dun-somni\/","title":{"rendered":"Cronistes d&#8217;un somni"},"content":{"rendered":"<h2>La Fundaci\u00f3 Quo Artis presenta els artistes que acompanyaran la Reial Acad\u00e8mia en la seva Expedici\u00f3 a les Illes Gal\u00e1pagos<\/h2>\n<p>Els artistes <strong>Vik Muniz<\/strong>, <strong>Joan Fontcuberta<\/strong>, <strong>Robertina Sebjanic<\/strong>, <strong>Sputniko!<\/strong>, <strong>Victoria Vesna<\/strong> i l&#8217;escriptor <strong>Jorge Carri\u00f3n<\/strong> seran els integrants de la delegaci\u00f3 amb la qual la <a href=\"http:\/\/quoartis.org\" target=\"_blank\" rel=\"noopener noreferrer\"><strong>Fundaci\u00f3 Quo Artis<\/strong> <\/a>participar\u00e0 a l&#8217;<strong>Expedici\u00f3 Cient\u00edfica<\/strong> que la <strong>Reial Acad\u00e8mia Europea de Docotres-Barcelona 1914<\/strong> ( RAED) realitzar\u00e0 l&#8217;any que ve a les Illes Gal\u00e1pagos al costat de <a href=\"http:\/\/www.nationalgeographic.com\" target=\"_blank\" rel=\"noopener noreferrer\"><strong>National Geographic<\/strong><\/a> i la <a href=\"http:\/\/www.fidal-amlat.org\" target=\"_blank\" rel=\"noopener noreferrer\"><strong>Fundaci\u00f3 per al Desenvolupament d&#8217;Am\u00e8rica Llatina<\/strong><\/a> i amb la col\u00b7laboraci\u00f3 de la <a href=\"https:\/\/www.usfq.edu.ec\" target=\"_blank\" rel=\"noopener noreferrer\"><strong>Universitat de Sant Francesc de Quito<\/strong><\/a>. Al retorn d&#8217;aquesta missi\u00f3 art\u00edstico-cient\u00edfica, els artistes produiran obres inspirades en el viatge i en les seves converses amb els cient\u00edfics que seran presentades en una exposici\u00f3 conjunta. Per la seva banda, Carri\u00f3n editar\u00e0 un llibre amb entrevistes, impressions i el diari del viatge. D&#8217;aquesta manera, el vaixell es convertir\u00e0 en un laboratori d&#8217;idees, on artistes i cient\u00edfics reflexionaran sobre el futur de la humanitat i de les esp\u00e8cies no humanes mitjan\u00e7ant una s\u00e8rie de confer\u00e8ncies i un cicle de debats.<\/p>\n<p>La Fundaci\u00f3 Quo Artis \u00e9s una organitzaci\u00f3 internacional sense \u00e0nim de lucre que busca generar connexions entre art, ci\u00e8ncia i tecnologia, actuant com un pont entre professionals en aquests camps. Fundada el 2015 i amb seu a Barcelona, \u200b\u200borganitza exposicions internacionals, confer\u00e8ncies, expedicions d&#8217;art i ci\u00e8ncia, tallers i dirigeix \u200b\u200bla producci\u00f3 de treballs per enc\u00e0rrec. Entre els col\u00b7laboradors de Quo Artis es troben la <a href=\"https:\/\/unesco.org\" target=\"_blank\" rel=\"noopener noreferrer\"><strong>Unesco<\/strong><\/a>, el <a href=\"https:\/\/www.media.mit.edu\" target=\"_blank\" rel=\"noopener noreferrer\"><strong>MIT Media Lab<\/strong><\/a> de l&#8217;<strong>Escola d&#8217;Arquitectura i Planificaci\u00f3<\/strong> de l&#8217;<a href=\"http:\/\/www.mit.edu\" target=\"_blank\" rel=\"noopener noreferrer\"><strong>Institut de Tecnologia de Massachusetts<\/strong><\/a>, el <a href=\"https:\/\/www.santpaubarcelona.org\" target=\"_blank\" rel=\"noopener noreferrer\"><strong>Recinte Modernista de Sant Pau<\/strong><\/a> de Barcelona, \u200b\u200bl&#8217;<a href=\"https:\/\/www.irbbarcelona.org\" target=\"_blank\" rel=\"noopener noreferrer\"><strong>Institut de Recerca Biom\u00e8dica de Barcelona<\/strong><\/a>, \u200b\u200bel <a href=\"http:\/\/www.cccb.org\" target=\"_blank\" rel=\"noopener noreferrer\"><strong>Centre de Cultura contempor\u00e0nia de Barcelona<\/strong><\/a> i l&#8217;<a href=\"https:\/\/www.esa.int\" target=\"_blank\" rel=\"noopener noreferrer\"><strong>Ag\u00e8ncia Espacial Europea<\/strong><\/a>, entre d&#8217;altres organitzacions espanyoles i internacionals de primer nivell.<\/p>\n<p>&nbsp;<\/p>\n<p><img loading=\"lazy\" decoding=\"async\" class=\"aligncenter size-full wp-image-80446\" src=\"https:\/\/raed.academy\/wp-content\/uploads\/2019\/10\/oficinas-Quo-Artis-Recinto-Modernista-Sant-Pau-int.jpeg\" sizes=\"(max-width: 970px) 100vw, 970px\" srcset=\"https:\/\/raed.academy\/wp-content\/uploads\/2019\/10\/oficinas-Quo-Artis-Recinto-Modernista-Sant-Pau-int.jpeg 970w, https:\/\/raed.academy\/wp-content\/uploads\/2019\/10\/oficinas-Quo-Artis-Recinto-Modernista-Sant-Pau-int-768x512.jpeg 768w\" alt=\"\" width=\"970\" height=\"647\" data-attachment-id=\"80446\" data-permalink=\"https:\/\/raed.academy\/quo-artis-cronistas-de-un-sueno\/oficinas-quo-artis-recinto-modernista-sant-pau-int-2\/\" data-orig-file=\"https:\/\/raed.academy\/wp-content\/uploads\/2019\/10\/oficinas-Quo-Artis-Recinto-Modernista-Sant-Pau-int.jpeg\" data-orig-size=\"970,647\" data-comments-opened=\"0\" data-image-meta=\"{&quot;aperture&quot;:&quot;0&quot;,&quot;credit&quot;:&quot;&quot;,&quot;camera&quot;:&quot;&quot;,&quot;caption&quot;:&quot;&quot;,&quot;created_timestamp&quot;:&quot;0&quot;,&quot;copyright&quot;:&quot;&quot;,&quot;focal_length&quot;:&quot;0&quot;,&quot;iso&quot;:&quot;0&quot;,&quot;shutter_speed&quot;:&quot;0&quot;,&quot;title&quot;:&quot;&quot;,&quot;orientation&quot;:&quot;0&quot;}\" data-image-title=\"oficinas-Quo-Artis-Recinto-Modernista-Sant-Pau-int\" data-image-description=\"\" data-medium-file=\"https:\/\/raed.academy\/wp-content\/uploads\/2019\/10\/oficinas-Quo-Artis-Recinto-Modernista-Sant-Pau-int.jpeg\" data-large-file=\"https:\/\/raed.academy\/wp-content\/uploads\/2019\/10\/oficinas-Quo-Artis-Recinto-Modernista-Sant-Pau-int.jpeg\" \/><\/p>\n<p>Entre el projectes anteriors de Quo Artis cal destacar la primera <strong>Biennal de l&#8217;Ant\u00e0rtida<\/strong>, un projecte intercultural i supranacional que va tenir lloc a l&#8217;Ant\u00e0rtida el mar\u00e7 del 2017, <strong>&#8220;The Zero-Gravity Band&#8221;<\/strong>, una instal\u00b7laci\u00f3 audiovisual immersiva presentada al festival <strong>S\u00f3nar+D<\/strong> de Barcelona el juny del 2018, o <strong>&#8220;Art Made of Science-Microspheres&#8221;<\/strong>, una exposici\u00f3 de l&#8217;artista<strong> Ayse G\u00fcl Suter<\/strong> realitzada al Recinte Modernista de Sant Pau el febrer de 2019. Al primer cas, Quo Artis va ser la productora de l&#8217;expedici\u00f3 a l&#8217;Ant\u00e0rtida i va reunir artistes i cient\u00edfics de tot el m\u00f3n per reflexionar sobre el canvi clim\u00e0tic i el desgla\u00e7 ant\u00e0rtic. Els artistes van exhibir les seves instal\u00b7lacions i van realitzar performances, concerts i projeccions. El projecte va comptar amb el patrocini de la Unesco. &#8220;The Zero-Gravity Band&#8221; \u00e9s un projecte art\u00edstic-cient\u00edfic creat per <strong>Albert Barqu\u00e9-Dur\u00e1n<\/strong> i <strong>Marc Marzenit<\/strong> que explora com la producci\u00f3 art\u00edstica i la percepci\u00f3 est\u00e8tica estan influenciades per les forces gravitacionals de la Terra. La m\u00fasica de la instal\u00b7laci\u00f3 va ser composta per Marc Marzenit durant un vol parab\u00f2lic. &#8220;Art Made of Science &#8211; Microspheres&#8221;, primera exposici\u00f3 d&#8217;art i ci\u00e8ncia a Sant Pau, investigava les difer\u00e8ncies visuals entre teixits sans i malalts a trav\u00e9s d&#8217;una instal\u00b7laci\u00f3 a l&#8217;antic quir\u00f2fan de l&#8217;antic recinte hospitalari. La instal\u00b7laci\u00f3 comprenia imatges i dades cient\u00edfiques obtingudes durant la resid\u00e8ncia de l&#8217;artista a l&#8217;Institut d&#8217;Investigaci\u00f3 en Biomedicina.<\/p>\n<p>Recentment, la fundaci\u00f3 va produir l&#8217;exposici\u00f3 <strong>&#8220;Postnature. The future is present&#8221;<\/strong> per al festival <strong>Ars Electronica<\/strong> de Linz, \u00c0ustria. El projecte indagava en els conceptes de futur, naturalesa i antropoc\u00e8 a trav\u00e9s de les obres dels artistes <strong>Brandon Balleng\u00e9e<\/strong>, <strong>Joaqu\u00edn Fargas<\/strong>, <strong>Q.R*3<\/strong> (<strong>Quimera Rosa<\/strong>, <strong>Roger Rabbitch<\/strong> i <strong>Rebeca Pau<\/strong>) i <strong>Maja Smrekar<\/strong>.<\/p>\n","protected":false},"excerpt":{"rendered":"<p>La Fundaci\u00f3 Quo Artis presenta els artistes que acompanyaran la Reial Acad\u00e8mia en la seva Expedici\u00f3 a les Illes Gal\u00e1pagos Els artistes Vik Muniz, Joan Fontcuberta, Robertina Sebjanic, Sputniko!, Victoria Vesna i l&#8217;escriptor Jorge Carri\u00f3n seran els integrants de la delegaci\u00f3 amb la qual la Fundaci\u00f3 Quo Artis participar\u00e0 a l&#8217;Expedici\u00f3 Cient\u00edfica que la Reial [&hellip;]<\/p>\n","protected":false},"author":12,"featured_media":80447,"comment_status":"closed","ping_status":"closed","sticky":false,"template":"","format":"standard","meta":{"_et_pb_use_builder":"","_et_pb_old_content":"","_et_gb_content_width":"","footnotes":""},"categories":[229],"tags":[],"class_list":["post-80542","post","type-post","status-publish","format-standard","has-post-thumbnail","hentry","category-art","et-has-post-format-content","et_post_format-et-post-format-standard"],"yoast_head":"<!-- This site is optimized with the Yoast SEO plugin v27.4 - https:\/\/yoast.com\/product\/yoast-seo-wordpress\/ -->\n<title>Cronistes d&#039;un somni - Reial Acad\u00e8mia Europea de Doctors<\/title>\n<meta name=\"description\" content=\"La Fundaci\u00f3 Quo Artis presenta els artistes que acompanyaran la Reial Acad\u00e8mia en la seva Expedici\u00f3 a les Illes Gal\u00e1pagos\" \/>\n<meta name=\"robots\" content=\"index, follow, max-snippet:-1, max-image-preview:large, max-video-preview:-1\" \/>\n<link rel=\"canonical\" href=\"https:\/\/raed.academy\/ca\/quo-artis-cronistes-dun-somni\/\" \/>\n<meta property=\"og:locale\" content=\"ca_ES\" \/>\n<meta property=\"og:type\" content=\"article\" \/>\n<meta property=\"og:title\" content=\"Cronistes d&#039;un somni - Reial Acad\u00e8mia Europea de Doctors\" \/>\n<meta property=\"og:description\" content=\"La Fundaci\u00f3 Quo Artis presenta els artistes que acompanyaran la Reial Acad\u00e8mia en la seva Expedici\u00f3 a les Illes Gal\u00e1pagos\" \/>\n<meta property=\"og:url\" content=\"https:\/\/raed.academy\/ca\/quo-artis-cronistes-dun-somni\/\" \/>\n<meta property=\"og:site_name\" content=\"Reial Acad\u00e8mia Europea de Doctors\" \/>\n<meta property=\"article:publisher\" content=\"http:\/\/fb.me\/raed.academy\" \/>\n<meta property=\"article:published_time\" content=\"2019-10-11T09:24:09+00:00\" \/>\n<meta property=\"article:modified_time\" content=\"2019-10-11T11:25:01+00:00\" \/>\n<meta property=\"og:image\" content=\"https:\/\/raed.academy\/wp-content\/uploads\/2019\/10\/shutt_arte-ciencia-y-tecnologia-dst.jpg\" \/>\n\t<meta property=\"og:image:width\" content=\"1000\" \/>\n\t<meta property=\"og:image:height\" content=\"344\" \/>\n\t<meta property=\"og:image:type\" content=\"image\/jpeg\" \/>\n<meta name=\"author\" content=\"RAED\" \/>\n<meta name=\"twitter:card\" content=\"summary_large_image\" \/>\n<meta name=\"twitter:creator\" content=\"@raedacademy\" \/>\n<meta name=\"twitter:site\" content=\"@raedacademy\" \/>\n<meta name=\"twitter:label1\" content=\"Written by\" \/>\n\t<meta name=\"twitter:data1\" content=\"RAED\" \/>\n\t<meta name=\"twitter:label2\" content=\"Est. reading time\" \/>\n\t<meta name=\"twitter:data2\" content=\"3 minutes\" \/>\n<script type=\"application\/ld+json\" class=\"yoast-schema-graph\">{\"@context\":\"https:\\\/\\\/schema.org\",\"@graph\":[{\"@type\":\"Article\",\"@id\":\"https:\\\/\\\/raed.academy\\\/ca\\\/quo-artis-cronistes-dun-somni\\\/#article\",\"isPartOf\":{\"@id\":\"https:\\\/\\\/raed.academy\\\/ca\\\/quo-artis-cronistes-dun-somni\\\/\"},\"author\":{\"name\":\"RAED\",\"@id\":\"https:\\\/\\\/raed.academy\\\/ca\\\/#\\\/schema\\\/person\\\/5a755da80d1d979fd66ba745c8702927\"},\"headline\":\"Cronistes d&#8217;un somni\",\"datePublished\":\"2019-10-11T09:24:09+00:00\",\"dateModified\":\"2019-10-11T11:25:01+00:00\",\"mainEntityOfPage\":{\"@id\":\"https:\\\/\\\/raed.academy\\\/ca\\\/quo-artis-cronistes-dun-somni\\\/\"},\"wordCount\":652,\"publisher\":{\"@id\":\"https:\\\/\\\/raed.academy\\\/ca\\\/#organization\"},\"image\":{\"@id\":\"https:\\\/\\\/raed.academy\\\/ca\\\/quo-artis-cronistes-dun-somni\\\/#primaryimage\"},\"thumbnailUrl\":\"https:\\\/\\\/raed.academy\\\/wp-content\\\/uploads\\\/2019\\\/10\\\/shutt_arte-ciencia-y-tecnologia-dst.jpg\",\"articleSection\":[\"Art\"],\"inLanguage\":\"ca-ES\"},{\"@type\":\"WebPage\",\"@id\":\"https:\\\/\\\/raed.academy\\\/ca\\\/quo-artis-cronistes-dun-somni\\\/\",\"url\":\"https:\\\/\\\/raed.academy\\\/ca\\\/quo-artis-cronistes-dun-somni\\\/\",\"name\":\"Cronistes d'un somni - Reial Acad\u00e8mia Europea de Doctors\",\"isPartOf\":{\"@id\":\"https:\\\/\\\/raed.academy\\\/ca\\\/#website\"},\"primaryImageOfPage\":{\"@id\":\"https:\\\/\\\/raed.academy\\\/ca\\\/quo-artis-cronistes-dun-somni\\\/#primaryimage\"},\"image\":{\"@id\":\"https:\\\/\\\/raed.academy\\\/ca\\\/quo-artis-cronistes-dun-somni\\\/#primaryimage\"},\"thumbnailUrl\":\"https:\\\/\\\/raed.academy\\\/wp-content\\\/uploads\\\/2019\\\/10\\\/shutt_arte-ciencia-y-tecnologia-dst.jpg\",\"datePublished\":\"2019-10-11T09:24:09+00:00\",\"dateModified\":\"2019-10-11T11:25:01+00:00\",\"description\":\"La Fundaci\u00f3 Quo Artis presenta els artistes que acompanyaran la Reial Acad\u00e8mia en la seva Expedici\u00f3 a les Illes Gal\u00e1pagos\",\"breadcrumb\":{\"@id\":\"https:\\\/\\\/raed.academy\\\/ca\\\/quo-artis-cronistes-dun-somni\\\/#breadcrumb\"},\"inLanguage\":\"ca-ES\",\"potentialAction\":[{\"@type\":\"ReadAction\",\"target\":[\"https:\\\/\\\/raed.academy\\\/ca\\\/quo-artis-cronistes-dun-somni\\\/\"]}]},{\"@type\":\"ImageObject\",\"inLanguage\":\"ca-ES\",\"@id\":\"https:\\\/\\\/raed.academy\\\/ca\\\/quo-artis-cronistes-dun-somni\\\/#primaryimage\",\"url\":\"https:\\\/\\\/raed.academy\\\/wp-content\\\/uploads\\\/2019\\\/10\\\/shutt_arte-ciencia-y-tecnologia-dst.jpg\",\"contentUrl\":\"https:\\\/\\\/raed.academy\\\/wp-content\\\/uploads\\\/2019\\\/10\\\/shutt_arte-ciencia-y-tecnologia-dst.jpg\",\"width\":1000,\"height\":344},{\"@type\":\"BreadcrumbList\",\"@id\":\"https:\\\/\\\/raed.academy\\\/ca\\\/quo-artis-cronistes-dun-somni\\\/#breadcrumb\",\"itemListElement\":[{\"@type\":\"ListItem\",\"position\":1,\"name\":\"Inicio\",\"item\":\"https:\\\/\\\/raed.academy\\\/ca\\\/\"},{\"@type\":\"ListItem\",\"position\":2,\"name\":\"Cronistes d&#8217;un somni\"}]},{\"@type\":\"WebSite\",\"@id\":\"https:\\\/\\\/raed.academy\\\/ca\\\/#website\",\"url\":\"https:\\\/\\\/raed.academy\\\/ca\\\/\",\"name\":\"Reial Acad\u00e8mia Europea de Doctors\",\"description\":\"Corporaci\u00f3n de derecho p\u00fablico de car\u00e1cter cient\u00edfico, t\u00e9cnico y art\u00edstico, que tiene por objeto la investigaci\u00f3n, el estudio, el fomento y la extensi\u00f3n del conocimiento en su sentido m\u00e1s amplio\",\"publisher\":{\"@id\":\"https:\\\/\\\/raed.academy\\\/ca\\\/#organization\"},\"potentialAction\":[{\"@type\":\"SearchAction\",\"target\":{\"@type\":\"EntryPoint\",\"urlTemplate\":\"https:\\\/\\\/raed.academy\\\/ca\\\/?s={search_term_string}\"},\"query-input\":{\"@type\":\"PropertyValueSpecification\",\"valueRequired\":true,\"valueName\":\"search_term_string\"}}],\"inLanguage\":\"ca-ES\"},{\"@type\":\"Organization\",\"@id\":\"https:\\\/\\\/raed.academy\\\/ca\\\/#organization\",\"name\":\"Real Academia Europea de Doctores\",\"url\":\"https:\\\/\\\/raed.academy\\\/ca\\\/\",\"logo\":{\"@type\":\"ImageObject\",\"inLanguage\":\"ca-ES\",\"@id\":\"https:\\\/\\\/raed.academy\\\/ca\\\/#\\\/schema\\\/logo\\\/image\\\/\",\"url\":\"https:\\\/\\\/raed.academy\\\/wp-content\\\/uploads\\\/2017\\\/01\\\/cropped-logo_raed.png\",\"contentUrl\":\"https:\\\/\\\/raed.academy\\\/wp-content\\\/uploads\\\/2017\\\/01\\\/cropped-logo_raed.png\",\"width\":512,\"height\":512,\"caption\":\"Real Academia Europea de Doctores\"},\"image\":{\"@id\":\"https:\\\/\\\/raed.academy\\\/ca\\\/#\\\/schema\\\/logo\\\/image\\\/\"},\"sameAs\":[\"http:\\\/\\\/fb.me\\\/raed.academy\",\"https:\\\/\\\/x.com\\\/raedacademy\",\"https:\\\/\\\/www.instagram.com\\\/raed.academy\\\/\",\"https:\\\/\\\/www.youtube.com\\\/channel\\\/UCUYQwW2KrdirNWihxMDObwg\"]},{\"@type\":\"Person\",\"@id\":\"https:\\\/\\\/raed.academy\\\/ca\\\/#\\\/schema\\\/person\\\/5a755da80d1d979fd66ba745c8702927\",\"name\":\"RAED\",\"image\":{\"@type\":\"ImageObject\",\"inLanguage\":\"ca-ES\",\"@id\":\"https:\\\/\\\/secure.gravatar.com\\\/avatar\\\/19fdfdc0d67fb9c45714b703a2ac82251c4fcea3637f002ac3c9b74c0183583c?s=96&d=mm&r=g\",\"url\":\"https:\\\/\\\/secure.gravatar.com\\\/avatar\\\/19fdfdc0d67fb9c45714b703a2ac82251c4fcea3637f002ac3c9b74c0183583c?s=96&d=mm&r=g\",\"contentUrl\":\"https:\\\/\\\/secure.gravatar.com\\\/avatar\\\/19fdfdc0d67fb9c45714b703a2ac82251c4fcea3637f002ac3c9b74c0183583c?s=96&d=mm&r=g\",\"caption\":\"RAED\"}}]}<\/script>\n<!-- \/ Yoast SEO plugin. -->","yoast_head_json":{"title":"Cronistes d'un somni - Reial Acad\u00e8mia Europea de Doctors","description":"La Fundaci\u00f3 Quo Artis presenta els artistes que acompanyaran la Reial Acad\u00e8mia en la seva Expedici\u00f3 a les Illes Gal\u00e1pagos","robots":{"index":"index","follow":"follow","max-snippet":"max-snippet:-1","max-image-preview":"max-image-preview:large","max-video-preview":"max-video-preview:-1"},"canonical":"https:\/\/raed.academy\/ca\/quo-artis-cronistes-dun-somni\/","og_locale":"ca_ES","og_type":"article","og_title":"Cronistes d'un somni - Reial Acad\u00e8mia Europea de Doctors","og_description":"La Fundaci\u00f3 Quo Artis presenta els artistes que acompanyaran la Reial Acad\u00e8mia en la seva Expedici\u00f3 a les Illes Gal\u00e1pagos","og_url":"https:\/\/raed.academy\/ca\/quo-artis-cronistes-dun-somni\/","og_site_name":"Reial Acad\u00e8mia Europea de Doctors","article_publisher":"http:\/\/fb.me\/raed.academy","article_published_time":"2019-10-11T09:24:09+00:00","article_modified_time":"2019-10-11T11:25:01+00:00","og_image":[{"width":1000,"height":344,"url":"https:\/\/raed.academy\/wp-content\/uploads\/2019\/10\/shutt_arte-ciencia-y-tecnologia-dst.jpg","type":"image\/jpeg"}],"author":"RAED","twitter_card":"summary_large_image","twitter_creator":"@raedacademy","twitter_site":"@raedacademy","twitter_misc":{"Written by":"RAED","Est. reading time":"3 minutes"},"schema":{"@context":"https:\/\/schema.org","@graph":[{"@type":"Article","@id":"https:\/\/raed.academy\/ca\/quo-artis-cronistes-dun-somni\/#article","isPartOf":{"@id":"https:\/\/raed.academy\/ca\/quo-artis-cronistes-dun-somni\/"},"author":{"name":"RAED","@id":"https:\/\/raed.academy\/ca\/#\/schema\/person\/5a755da80d1d979fd66ba745c8702927"},"headline":"Cronistes d&#8217;un somni","datePublished":"2019-10-11T09:24:09+00:00","dateModified":"2019-10-11T11:25:01+00:00","mainEntityOfPage":{"@id":"https:\/\/raed.academy\/ca\/quo-artis-cronistes-dun-somni\/"},"wordCount":652,"publisher":{"@id":"https:\/\/raed.academy\/ca\/#organization"},"image":{"@id":"https:\/\/raed.academy\/ca\/quo-artis-cronistes-dun-somni\/#primaryimage"},"thumbnailUrl":"https:\/\/raed.academy\/wp-content\/uploads\/2019\/10\/shutt_arte-ciencia-y-tecnologia-dst.jpg","articleSection":["Art"],"inLanguage":"ca-ES"},{"@type":"WebPage","@id":"https:\/\/raed.academy\/ca\/quo-artis-cronistes-dun-somni\/","url":"https:\/\/raed.academy\/ca\/quo-artis-cronistes-dun-somni\/","name":"Cronistes d'un somni - Reial Acad\u00e8mia Europea de Doctors","isPartOf":{"@id":"https:\/\/raed.academy\/ca\/#website"},"primaryImageOfPage":{"@id":"https:\/\/raed.academy\/ca\/quo-artis-cronistes-dun-somni\/#primaryimage"},"image":{"@id":"https:\/\/raed.academy\/ca\/quo-artis-cronistes-dun-somni\/#primaryimage"},"thumbnailUrl":"https:\/\/raed.academy\/wp-content\/uploads\/2019\/10\/shutt_arte-ciencia-y-tecnologia-dst.jpg","datePublished":"2019-10-11T09:24:09+00:00","dateModified":"2019-10-11T11:25:01+00:00","description":"La Fundaci\u00f3 Quo Artis presenta els artistes que acompanyaran la Reial Acad\u00e8mia en la seva Expedici\u00f3 a les Illes Gal\u00e1pagos","breadcrumb":{"@id":"https:\/\/raed.academy\/ca\/quo-artis-cronistes-dun-somni\/#breadcrumb"},"inLanguage":"ca-ES","potentialAction":[{"@type":"ReadAction","target":["https:\/\/raed.academy\/ca\/quo-artis-cronistes-dun-somni\/"]}]},{"@type":"ImageObject","inLanguage":"ca-ES","@id":"https:\/\/raed.academy\/ca\/quo-artis-cronistes-dun-somni\/#primaryimage","url":"https:\/\/raed.academy\/wp-content\/uploads\/2019\/10\/shutt_arte-ciencia-y-tecnologia-dst.jpg","contentUrl":"https:\/\/raed.academy\/wp-content\/uploads\/2019\/10\/shutt_arte-ciencia-y-tecnologia-dst.jpg","width":1000,"height":344},{"@type":"BreadcrumbList","@id":"https:\/\/raed.academy\/ca\/quo-artis-cronistes-dun-somni\/#breadcrumb","itemListElement":[{"@type":"ListItem","position":1,"name":"Inicio","item":"https:\/\/raed.academy\/ca\/"},{"@type":"ListItem","position":2,"name":"Cronistes d&#8217;un somni"}]},{"@type":"WebSite","@id":"https:\/\/raed.academy\/ca\/#website","url":"https:\/\/raed.academy\/ca\/","name":"Reial Acad\u00e8mia Europea de Doctors","description":"Corporaci\u00f3n de derecho p\u00fablico de car\u00e1cter cient\u00edfico, t\u00e9cnico y art\u00edstico, que tiene por objeto la investigaci\u00f3n, el estudio, el fomento y la extensi\u00f3n del conocimiento en su sentido m\u00e1s amplio","publisher":{"@id":"https:\/\/raed.academy\/ca\/#organization"},"potentialAction":[{"@type":"SearchAction","target":{"@type":"EntryPoint","urlTemplate":"https:\/\/raed.academy\/ca\/?s={search_term_string}"},"query-input":{"@type":"PropertyValueSpecification","valueRequired":true,"valueName":"search_term_string"}}],"inLanguage":"ca-ES"},{"@type":"Organization","@id":"https:\/\/raed.academy\/ca\/#organization","name":"Real Academia Europea de Doctores","url":"https:\/\/raed.academy\/ca\/","logo":{"@type":"ImageObject","inLanguage":"ca-ES","@id":"https:\/\/raed.academy\/ca\/#\/schema\/logo\/image\/","url":"https:\/\/raed.academy\/wp-content\/uploads\/2017\/01\/cropped-logo_raed.png","contentUrl":"https:\/\/raed.academy\/wp-content\/uploads\/2017\/01\/cropped-logo_raed.png","width":512,"height":512,"caption":"Real Academia Europea de Doctores"},"image":{"@id":"https:\/\/raed.academy\/ca\/#\/schema\/logo\/image\/"},"sameAs":["http:\/\/fb.me\/raed.academy","https:\/\/x.com\/raedacademy","https:\/\/www.instagram.com\/raed.academy\/","https:\/\/www.youtube.com\/channel\/UCUYQwW2KrdirNWihxMDObwg"]},{"@type":"Person","@id":"https:\/\/raed.academy\/ca\/#\/schema\/person\/5a755da80d1d979fd66ba745c8702927","name":"RAED","image":{"@type":"ImageObject","inLanguage":"ca-ES","@id":"https:\/\/secure.gravatar.com\/avatar\/19fdfdc0d67fb9c45714b703a2ac82251c4fcea3637f002ac3c9b74c0183583c?s=96&d=mm&r=g","url":"https:\/\/secure.gravatar.com\/avatar\/19fdfdc0d67fb9c45714b703a2ac82251c4fcea3637f002ac3c9b74c0183583c?s=96&d=mm&r=g","contentUrl":"https:\/\/secure.gravatar.com\/avatar\/19fdfdc0d67fb9c45714b703a2ac82251c4fcea3637f002ac3c9b74c0183583c?s=96&d=mm&r=g","caption":"RAED"}}]}},"_links":{"self":[{"href":"https:\/\/raed.academy\/ca\/wp-json\/wp\/v2\/posts\/80542","targetHints":{"allow":["GET"]}}],"collection":[{"href":"https:\/\/raed.academy\/ca\/wp-json\/wp\/v2\/posts"}],"about":[{"href":"https:\/\/raed.academy\/ca\/wp-json\/wp\/v2\/types\/post"}],"author":[{"embeddable":true,"href":"https:\/\/raed.academy\/ca\/wp-json\/wp\/v2\/users\/12"}],"replies":[{"embeddable":true,"href":"https:\/\/raed.academy\/ca\/wp-json\/wp\/v2\/comments?post=80542"}],"version-history":[{"count":0,"href":"https:\/\/raed.academy\/ca\/wp-json\/wp\/v2\/posts\/80542\/revisions"}],"wp:featuredmedia":[{"embeddable":true,"href":"https:\/\/raed.academy\/ca\/wp-json\/wp\/v2\/media\/80447"}],"wp:attachment":[{"href":"https:\/\/raed.academy\/ca\/wp-json\/wp\/v2\/media?parent=80542"}],"wp:term":[{"taxonomy":"category","embeddable":true,"href":"https:\/\/raed.academy\/ca\/wp-json\/wp\/v2\/categories?post=80542"},{"taxonomy":"post_tag","embeddable":true,"href":"https:\/\/raed.academy\/ca\/wp-json\/wp\/v2\/tags?post=80542"}],"curies":[{"name":"wp","href":"https:\/\/api.w.org\/{rel}","templated":true}]}}