{"id":80532,"date":"2019-10-11T08:57:03","date_gmt":"2019-10-11T08:57:03","guid":{"rendered":"https:\/\/raed.academy\/?p=80532"},"modified":"2019-10-11T11:06:17","modified_gmt":"2019-10-11T11:06:17","slug":"nuria-montserrat-reconeguda-premi-inigo-alvarez-de-toledo","status":"publish","type":"post","link":"https:\/\/raed.academy\/ca\/nuria-montserrat-reconeguda-premi-inigo-alvarez-de-toledo\/","title":{"rendered":"El valor d&#8217;un rony\u00f3"},"content":{"rendered":"<p><strong>N\u00faria Montserrat<\/strong>, investigadora de la <a href=\"https:\/\/www.icrea.cat\" target=\"_blank\" rel=\"noopener noreferrer\"><strong>Instituci\u00f3 Catalana de Recerca i Estudis Avan\u00e7ats<\/strong><\/a> (Icrea) i de l&#8217;<a href=\"http:\/\/www.ibecbarcelona.eu\" target=\"_blank\" rel=\"noopener noreferrer\"><strong>Institut de Bioenginyeria de Catalunya<\/strong><\/a> i acad\u00e8mica de n\u00famero electa de la <strong>Reial Acad\u00e8mia Europea de Doctors-Barcelona 1914<\/strong> (RAED), ha estat reconeguda amb el <strong>Premi I\u00f1igo \u00c1lvarez de Toledo<\/strong> a la Recerca B\u00e0sica o Experimental, atorgat per la <a href=\"https:\/\/fundacionrenal.com\" target=\"_blank\" rel=\"noopener noreferrer\"><strong>Fundaci\u00f3 Renal \u00cd\u00f1igo \u00c1lvarez de Toledo<\/strong><\/a>, pel seu treball <strong>&#8220;Fine tuning the derivation of kidnay organoids from human pluripotent stem cell&#8221;<\/strong>, on explica com el grup de recerca que lidera ha aconseguit crear per primera vegada cultius tridimensionals, coneguts entre la comunitat cient\u00edfica com organoides, a partir de c\u00e8l\u00b7lules mare pluripotents. Aquestes estructures s&#8217;assemblen a teixit embrionari de rony\u00f3 hum\u00e0 durant el segon trimestre de gestaci\u00f3.<\/p>\n<div id=\"attachment_80464\" style=\"width: 510px\" class=\"wp-caption alignleft\"><img loading=\"lazy\" decoding=\"async\" aria-describedby=\"caption-attachment-80464\" class=\"wp-image-80464 size-full\" src=\"https:\/\/raed.academy\/wp-content\/uploads\/2019\/10\/Nuria-Montserrat.jpg\" alt=\"Dra. Nuria Montserrat\" width=\"500\" height=\"323\" aria-describedby=\"caption-attachment-80464\" data-attachment-id=\"80464\" data-permalink=\"https:\/\/raed.academy\/nuria-montserrat-2-2\/\" data-orig-file=\"https:\/\/raed.academy\/wp-content\/uploads\/2019\/10\/Nuria-Montserrat.jpg\" data-orig-size=\"500,323\" data-comments-opened=\"0\" data-image-meta=\"{&quot;aperture&quot;:&quot;0&quot;,&quot;credit&quot;:&quot;&quot;,&quot;camera&quot;:&quot;&quot;,&quot;caption&quot;:&quot;&quot;,&quot;created_timestamp&quot;:&quot;0&quot;,&quot;copyright&quot;:&quot;&quot;,&quot;focal_length&quot;:&quot;0&quot;,&quot;iso&quot;:&quot;0&quot;,&quot;shutter_speed&quot;:&quot;0&quot;,&quot;title&quot;:&quot;&quot;,&quot;orientation&quot;:&quot;0&quot;}\" data-image-title=\"Nuria Montserrat\" data-image-description=\"\" data-medium-file=\"https:\/\/raed.academy\/wp-content\/uploads\/2019\/10\/Nuria-Montserrat.jpg\" data-large-file=\"https:\/\/raed.academy\/wp-content\/uploads\/2019\/10\/Nuria-Montserrat.jpg\" \/><p id=\"caption-attachment-80464\" class=\"wp-caption-text\">Dra. Nuria Montserrat<\/p><\/div>\n<p>El treball revela que aquests cultius tridimensionals mimetitzen aspectes fonamentals durant la formaci\u00f3 del rony\u00f3, com la distribuci\u00f3, funcionalitat i organitzaci\u00f3 espec\u00edfica de les c\u00e8l\u00b7lules. Aix\u00ed mateix, l&#8217;estudi permet generar un coneixement fonamental sobre com es desenvolupa aquest \u00f2rgan i, al seu torn, facilita el disseny d&#8217;experiments focalitzats en el cribratge de compostos terap\u00e8utics destinats a la regeneraci\u00f3 renal. Per dur a terme aquest proc\u00e9s, els investigadors, majorit\u00e0riament dones, han fet servir c\u00e8l\u00b7lules mare pluripotents amb les que han aconseguit recapitular el desenvolupament embrionari del rony\u00f3 i han generat els minirri\u00f1ones simulant la duresa del microambient embrionari mitjan\u00e7ant l&#8217;\u00fas de biomaterials seguint els estudis del reconegut bi\u00f2leg espanyol <strong>Juan Carlos Izpis\u00faa<\/strong>.<\/p>\n<p>La Fundaci\u00f3 Renal \u00cd\u00f1igo \u00c1lvarez de Toledo \u00e9s una entitat sense \u00e0nim de lucre que treballa pel benestar i la qualitat de vida dels malalts renals. Al llarg de les seves quatre d\u00e8cades d&#8217;activitat ha prestat el seu suport als pacients, la vida dels quals queda afectada en tots els sentits: sanitari, personal, social, econ\u00f2mic i laboral. Les seves necessitats van molt m\u00e9s enll\u00e0 del tractament m\u00e8dic, i per assistir-los de manera integral compta amb professionals que conformen complets equips multidisciplinaris: metges, infermers, nutricionistes, psic\u00f2legs, auxiliars, treballadors socials i t\u00e8cnics de l&#8217;esport. A m\u00e9s del seu treball en els 16 centres de di\u00e0lisi que t\u00e9 a Espanya, la Fundaci\u00f3 fomenta la investigaci\u00f3 nefrol\u00f2gica per progressar en la prevenci\u00f3 i curaci\u00f3 de les malalties del rony\u00f3. Compta, a m\u00e9s, amb la seva pr\u00f2pia entitat investigadora: l&#8217;<strong>Institut de Recerca Reina Sofia<\/strong>.<\/p>\n<p>A la seva tasca investigadora, Montserrat suma la seva tasca com a divulgadora cient\u00edfica i \u00e9s la comiss\u00e0ria de la<strong> Biennal Ciutat i Ci\u00e8ncia<\/strong> que se celebra a Barcelona centrada en les joves investigadores sota el t\u00edtol <strong>&#8220;100t\u00edfiques&#8221;<\/strong>. La iniciativa pret\u00e9n donar visibilitat a la rellev\u00e0ncia de les dones en la ci\u00e8ncia i la tecnologia, tant en la investigaci\u00f3 p\u00fablica com privada, i motivar especialment a les nenes, tot i que tamb\u00e9 els nens, a l&#8217;estudi de la ci\u00e8ncia i la tecnologia.<\/p>\n","protected":false},"excerpt":{"rendered":"<p>N\u00faria Montserrat, investigadora de la Instituci\u00f3 Catalana de Recerca i Estudis Avan\u00e7ats (Icrea) i de l&#8217;Institut de Bioenginyeria de Catalunya i acad\u00e8mica de n\u00famero electa de la Reial Acad\u00e8mia Europea de Doctors-Barcelona 1914 (RAED), ha estat reconeguda amb el Premi I\u00f1igo \u00c1lvarez de Toledo a la Recerca B\u00e0sica o Experimental, atorgat per la Fundaci\u00f3 Renal [&hellip;]<\/p>\n","protected":false},"author":12,"featured_media":80465,"comment_status":"closed","ping_status":"closed","sticky":false,"template":"","format":"standard","meta":{"_et_pb_use_builder":"","_et_pb_old_content":"","_et_gb_content_width":"","footnotes":""},"categories":[176,213],"tags":[],"class_list":["post-80532","post","type-post","status-publish","format-standard","has-post-thumbnail","hentry","category-academics-a-la-societat","category-medicina-i-cirurgia","et-has-post-format-content","et_post_format-et-post-format-standard"],"yoast_head":"<!-- This site is optimized with the Yoast SEO plugin v27.4 - https:\/\/yoast.com\/product\/yoast-seo-wordpress\/ -->\n<title>Reconeixement a N\u00faria Montserrat - Reial Acad\u00e8mia Europea de Doctors<\/title>\n<meta name=\"description\" content=\"N\u00faria Montserrat, reconeguda amb el Premi I\u00f1igo \u00c1lvarez de Toledo a la Recerca B\u00e0sica o Experimental\" \/>\n<meta name=\"robots\" content=\"index, follow, max-snippet:-1, max-image-preview:large, max-video-preview:-1\" \/>\n<link rel=\"canonical\" href=\"https:\/\/raed.academy\/ca\/nuria-montserrat-reconeguda-premi-inigo-alvarez-de-toledo\/\" \/>\n<meta property=\"og:locale\" content=\"ca_ES\" \/>\n<meta property=\"og:type\" content=\"article\" \/>\n<meta property=\"og:title\" content=\"Reconeixement a N\u00faria Montserrat - Reial Acad\u00e8mia Europea de Doctors\" \/>\n<meta property=\"og:description\" content=\"N\u00faria Montserrat, reconeguda amb el Premi I\u00f1igo \u00c1lvarez de Toledo a la Recerca B\u00e0sica o Experimental\" \/>\n<meta property=\"og:url\" content=\"https:\/\/raed.academy\/ca\/nuria-montserrat-reconeguda-premi-inigo-alvarez-de-toledo\/\" \/>\n<meta property=\"og:site_name\" content=\"Reial Acad\u00e8mia Europea de Doctors\" \/>\n<meta property=\"article:publisher\" content=\"http:\/\/fb.me\/raed.academy\" \/>\n<meta property=\"article:published_time\" content=\"2019-10-11T08:57:03+00:00\" \/>\n<meta property=\"article:modified_time\" content=\"2019-10-11T11:06:17+00:00\" \/>\n<meta property=\"og:image\" content=\"https:\/\/raed.academy\/wp-content\/uploads\/2019\/10\/premios-I\u00f1igo-Alvarez-de-Toledo-dstNtc.jpg\" \/>\n\t<meta property=\"og:image:width\" content=\"350\" \/>\n\t<meta property=\"og:image:height\" content=\"210\" \/>\n\t<meta property=\"og:image:type\" content=\"image\/jpeg\" \/>\n<meta name=\"author\" content=\"RAED\" \/>\n<meta name=\"twitter:card\" content=\"summary_large_image\" \/>\n<meta name=\"twitter:creator\" content=\"@raedacademy\" \/>\n<meta name=\"twitter:site\" content=\"@raedacademy\" \/>\n<meta name=\"twitter:label1\" content=\"Written by\" \/>\n\t<meta name=\"twitter:data1\" content=\"RAED\" \/>\n\t<meta name=\"twitter:label2\" content=\"Est. reading time\" \/>\n\t<meta name=\"twitter:data2\" content=\"3 minutes\" \/>\n<script type=\"application\/ld+json\" class=\"yoast-schema-graph\">{\"@context\":\"https:\\\/\\\/schema.org\",\"@graph\":[{\"@type\":\"Article\",\"@id\":\"https:\\\/\\\/raed.academy\\\/ca\\\/nuria-montserrat-reconeguda-premi-inigo-alvarez-de-toledo\\\/#article\",\"isPartOf\":{\"@id\":\"https:\\\/\\\/raed.academy\\\/ca\\\/nuria-montserrat-reconeguda-premi-inigo-alvarez-de-toledo\\\/\"},\"author\":{\"name\":\"RAED\",\"@id\":\"https:\\\/\\\/raed.academy\\\/ca\\\/#\\\/schema\\\/person\\\/5a755da80d1d979fd66ba745c8702927\"},\"headline\":\"El valor d&#8217;un rony\u00f3\",\"datePublished\":\"2019-10-11T08:57:03+00:00\",\"dateModified\":\"2019-10-11T11:06:17+00:00\",\"mainEntityOfPage\":{\"@id\":\"https:\\\/\\\/raed.academy\\\/ca\\\/nuria-montserrat-reconeguda-premi-inigo-alvarez-de-toledo\\\/\"},\"wordCount\":516,\"publisher\":{\"@id\":\"https:\\\/\\\/raed.academy\\\/ca\\\/#organization\"},\"image\":{\"@id\":\"https:\\\/\\\/raed.academy\\\/ca\\\/nuria-montserrat-reconeguda-premi-inigo-alvarez-de-toledo\\\/#primaryimage\"},\"thumbnailUrl\":\"https:\\\/\\\/raed.academy\\\/wp-content\\\/uploads\\\/2019\\\/10\\\/premios-I\u00f1igo-Alvarez-de-Toledo-dstNtc.jpg\",\"articleSection\":[\"Acad\u00e8mics a la societat\",\"Medicina i cirurgia\"],\"inLanguage\":\"ca-ES\"},{\"@type\":\"WebPage\",\"@id\":\"https:\\\/\\\/raed.academy\\\/ca\\\/nuria-montserrat-reconeguda-premi-inigo-alvarez-de-toledo\\\/\",\"url\":\"https:\\\/\\\/raed.academy\\\/ca\\\/nuria-montserrat-reconeguda-premi-inigo-alvarez-de-toledo\\\/\",\"name\":\"Reconeixement a N\u00faria Montserrat - Reial Acad\u00e8mia Europea de Doctors\",\"isPartOf\":{\"@id\":\"https:\\\/\\\/raed.academy\\\/ca\\\/#website\"},\"primaryImageOfPage\":{\"@id\":\"https:\\\/\\\/raed.academy\\\/ca\\\/nuria-montserrat-reconeguda-premi-inigo-alvarez-de-toledo\\\/#primaryimage\"},\"image\":{\"@id\":\"https:\\\/\\\/raed.academy\\\/ca\\\/nuria-montserrat-reconeguda-premi-inigo-alvarez-de-toledo\\\/#primaryimage\"},\"thumbnailUrl\":\"https:\\\/\\\/raed.academy\\\/wp-content\\\/uploads\\\/2019\\\/10\\\/premios-I\u00f1igo-Alvarez-de-Toledo-dstNtc.jpg\",\"datePublished\":\"2019-10-11T08:57:03+00:00\",\"dateModified\":\"2019-10-11T11:06:17+00:00\",\"description\":\"N\u00faria Montserrat, reconeguda amb el Premi I\u00f1igo \u00c1lvarez de Toledo a la Recerca B\u00e0sica o Experimental\",\"breadcrumb\":{\"@id\":\"https:\\\/\\\/raed.academy\\\/ca\\\/nuria-montserrat-reconeguda-premi-inigo-alvarez-de-toledo\\\/#breadcrumb\"},\"inLanguage\":\"ca-ES\",\"potentialAction\":[{\"@type\":\"ReadAction\",\"target\":[\"https:\\\/\\\/raed.academy\\\/ca\\\/nuria-montserrat-reconeguda-premi-inigo-alvarez-de-toledo\\\/\"]}]},{\"@type\":\"ImageObject\",\"inLanguage\":\"ca-ES\",\"@id\":\"https:\\\/\\\/raed.academy\\\/ca\\\/nuria-montserrat-reconeguda-premi-inigo-alvarez-de-toledo\\\/#primaryimage\",\"url\":\"https:\\\/\\\/raed.academy\\\/wp-content\\\/uploads\\\/2019\\\/10\\\/premios-I\u00f1igo-Alvarez-de-Toledo-dstNtc.jpg\",\"contentUrl\":\"https:\\\/\\\/raed.academy\\\/wp-content\\\/uploads\\\/2019\\\/10\\\/premios-I\u00f1igo-Alvarez-de-Toledo-dstNtc.jpg\",\"width\":350,\"height\":210},{\"@type\":\"BreadcrumbList\",\"@id\":\"https:\\\/\\\/raed.academy\\\/ca\\\/nuria-montserrat-reconeguda-premi-inigo-alvarez-de-toledo\\\/#breadcrumb\",\"itemListElement\":[{\"@type\":\"ListItem\",\"position\":1,\"name\":\"Inicio\",\"item\":\"https:\\\/\\\/raed.academy\\\/ca\\\/\"},{\"@type\":\"ListItem\",\"position\":2,\"name\":\"El valor d&#8217;un rony\u00f3\"}]},{\"@type\":\"WebSite\",\"@id\":\"https:\\\/\\\/raed.academy\\\/ca\\\/#website\",\"url\":\"https:\\\/\\\/raed.academy\\\/ca\\\/\",\"name\":\"Reial Acad\u00e8mia Europea de Doctors\",\"description\":\"Corporaci\u00f3n de derecho p\u00fablico de car\u00e1cter cient\u00edfico, t\u00e9cnico y art\u00edstico, que tiene por objeto la investigaci\u00f3n, el estudio, el fomento y la extensi\u00f3n del conocimiento en su sentido m\u00e1s amplio\",\"publisher\":{\"@id\":\"https:\\\/\\\/raed.academy\\\/ca\\\/#organization\"},\"potentialAction\":[{\"@type\":\"SearchAction\",\"target\":{\"@type\":\"EntryPoint\",\"urlTemplate\":\"https:\\\/\\\/raed.academy\\\/ca\\\/?s={search_term_string}\"},\"query-input\":{\"@type\":\"PropertyValueSpecification\",\"valueRequired\":true,\"valueName\":\"search_term_string\"}}],\"inLanguage\":\"ca-ES\"},{\"@type\":\"Organization\",\"@id\":\"https:\\\/\\\/raed.academy\\\/ca\\\/#organization\",\"name\":\"Real Academia Europea de Doctores\",\"url\":\"https:\\\/\\\/raed.academy\\\/ca\\\/\",\"logo\":{\"@type\":\"ImageObject\",\"inLanguage\":\"ca-ES\",\"@id\":\"https:\\\/\\\/raed.academy\\\/ca\\\/#\\\/schema\\\/logo\\\/image\\\/\",\"url\":\"https:\\\/\\\/raed.academy\\\/wp-content\\\/uploads\\\/2017\\\/01\\\/cropped-logo_raed.png\",\"contentUrl\":\"https:\\\/\\\/raed.academy\\\/wp-content\\\/uploads\\\/2017\\\/01\\\/cropped-logo_raed.png\",\"width\":512,\"height\":512,\"caption\":\"Real Academia Europea de Doctores\"},\"image\":{\"@id\":\"https:\\\/\\\/raed.academy\\\/ca\\\/#\\\/schema\\\/logo\\\/image\\\/\"},\"sameAs\":[\"http:\\\/\\\/fb.me\\\/raed.academy\",\"https:\\\/\\\/x.com\\\/raedacademy\",\"https:\\\/\\\/www.instagram.com\\\/raed.academy\\\/\",\"https:\\\/\\\/www.youtube.com\\\/channel\\\/UCUYQwW2KrdirNWihxMDObwg\"]},{\"@type\":\"Person\",\"@id\":\"https:\\\/\\\/raed.academy\\\/ca\\\/#\\\/schema\\\/person\\\/5a755da80d1d979fd66ba745c8702927\",\"name\":\"RAED\",\"image\":{\"@type\":\"ImageObject\",\"inLanguage\":\"ca-ES\",\"@id\":\"https:\\\/\\\/secure.gravatar.com\\\/avatar\\\/19fdfdc0d67fb9c45714b703a2ac82251c4fcea3637f002ac3c9b74c0183583c?s=96&d=mm&r=g\",\"url\":\"https:\\\/\\\/secure.gravatar.com\\\/avatar\\\/19fdfdc0d67fb9c45714b703a2ac82251c4fcea3637f002ac3c9b74c0183583c?s=96&d=mm&r=g\",\"contentUrl\":\"https:\\\/\\\/secure.gravatar.com\\\/avatar\\\/19fdfdc0d67fb9c45714b703a2ac82251c4fcea3637f002ac3c9b74c0183583c?s=96&d=mm&r=g\",\"caption\":\"RAED\"}}]}<\/script>\n<!-- \/ Yoast SEO plugin. -->","yoast_head_json":{"title":"Reconeixement a N\u00faria Montserrat - Reial Acad\u00e8mia Europea de Doctors","description":"N\u00faria Montserrat, reconeguda amb el Premi I\u00f1igo \u00c1lvarez de Toledo a la Recerca B\u00e0sica o Experimental","robots":{"index":"index","follow":"follow","max-snippet":"max-snippet:-1","max-image-preview":"max-image-preview:large","max-video-preview":"max-video-preview:-1"},"canonical":"https:\/\/raed.academy\/ca\/nuria-montserrat-reconeguda-premi-inigo-alvarez-de-toledo\/","og_locale":"ca_ES","og_type":"article","og_title":"Reconeixement a N\u00faria Montserrat - Reial Acad\u00e8mia Europea de Doctors","og_description":"N\u00faria Montserrat, reconeguda amb el Premi I\u00f1igo \u00c1lvarez de Toledo a la Recerca B\u00e0sica o Experimental","og_url":"https:\/\/raed.academy\/ca\/nuria-montserrat-reconeguda-premi-inigo-alvarez-de-toledo\/","og_site_name":"Reial Acad\u00e8mia Europea de Doctors","article_publisher":"http:\/\/fb.me\/raed.academy","article_published_time":"2019-10-11T08:57:03+00:00","article_modified_time":"2019-10-11T11:06:17+00:00","og_image":[{"width":350,"height":210,"url":"https:\/\/raed.academy\/wp-content\/uploads\/2019\/10\/premios-I\u00f1igo-Alvarez-de-Toledo-dstNtc.jpg","type":"image\/jpeg"}],"author":"RAED","twitter_card":"summary_large_image","twitter_creator":"@raedacademy","twitter_site":"@raedacademy","twitter_misc":{"Written by":"RAED","Est. reading time":"3 minutes"},"schema":{"@context":"https:\/\/schema.org","@graph":[{"@type":"Article","@id":"https:\/\/raed.academy\/ca\/nuria-montserrat-reconeguda-premi-inigo-alvarez-de-toledo\/#article","isPartOf":{"@id":"https:\/\/raed.academy\/ca\/nuria-montserrat-reconeguda-premi-inigo-alvarez-de-toledo\/"},"author":{"name":"RAED","@id":"https:\/\/raed.academy\/ca\/#\/schema\/person\/5a755da80d1d979fd66ba745c8702927"},"headline":"El valor d&#8217;un rony\u00f3","datePublished":"2019-10-11T08:57:03+00:00","dateModified":"2019-10-11T11:06:17+00:00","mainEntityOfPage":{"@id":"https:\/\/raed.academy\/ca\/nuria-montserrat-reconeguda-premi-inigo-alvarez-de-toledo\/"},"wordCount":516,"publisher":{"@id":"https:\/\/raed.academy\/ca\/#organization"},"image":{"@id":"https:\/\/raed.academy\/ca\/nuria-montserrat-reconeguda-premi-inigo-alvarez-de-toledo\/#primaryimage"},"thumbnailUrl":"https:\/\/raed.academy\/wp-content\/uploads\/2019\/10\/premios-I\u00f1igo-Alvarez-de-Toledo-dstNtc.jpg","articleSection":["Acad\u00e8mics a la societat","Medicina i cirurgia"],"inLanguage":"ca-ES"},{"@type":"WebPage","@id":"https:\/\/raed.academy\/ca\/nuria-montserrat-reconeguda-premi-inigo-alvarez-de-toledo\/","url":"https:\/\/raed.academy\/ca\/nuria-montserrat-reconeguda-premi-inigo-alvarez-de-toledo\/","name":"Reconeixement a N\u00faria Montserrat - Reial Acad\u00e8mia Europea de Doctors","isPartOf":{"@id":"https:\/\/raed.academy\/ca\/#website"},"primaryImageOfPage":{"@id":"https:\/\/raed.academy\/ca\/nuria-montserrat-reconeguda-premi-inigo-alvarez-de-toledo\/#primaryimage"},"image":{"@id":"https:\/\/raed.academy\/ca\/nuria-montserrat-reconeguda-premi-inigo-alvarez-de-toledo\/#primaryimage"},"thumbnailUrl":"https:\/\/raed.academy\/wp-content\/uploads\/2019\/10\/premios-I\u00f1igo-Alvarez-de-Toledo-dstNtc.jpg","datePublished":"2019-10-11T08:57:03+00:00","dateModified":"2019-10-11T11:06:17+00:00","description":"N\u00faria Montserrat, reconeguda amb el Premi I\u00f1igo \u00c1lvarez de Toledo a la Recerca B\u00e0sica o Experimental","breadcrumb":{"@id":"https:\/\/raed.academy\/ca\/nuria-montserrat-reconeguda-premi-inigo-alvarez-de-toledo\/#breadcrumb"},"inLanguage":"ca-ES","potentialAction":[{"@type":"ReadAction","target":["https:\/\/raed.academy\/ca\/nuria-montserrat-reconeguda-premi-inigo-alvarez-de-toledo\/"]}]},{"@type":"ImageObject","inLanguage":"ca-ES","@id":"https:\/\/raed.academy\/ca\/nuria-montserrat-reconeguda-premi-inigo-alvarez-de-toledo\/#primaryimage","url":"https:\/\/raed.academy\/wp-content\/uploads\/2019\/10\/premios-I\u00f1igo-Alvarez-de-Toledo-dstNtc.jpg","contentUrl":"https:\/\/raed.academy\/wp-content\/uploads\/2019\/10\/premios-I\u00f1igo-Alvarez-de-Toledo-dstNtc.jpg","width":350,"height":210},{"@type":"BreadcrumbList","@id":"https:\/\/raed.academy\/ca\/nuria-montserrat-reconeguda-premi-inigo-alvarez-de-toledo\/#breadcrumb","itemListElement":[{"@type":"ListItem","position":1,"name":"Inicio","item":"https:\/\/raed.academy\/ca\/"},{"@type":"ListItem","position":2,"name":"El valor d&#8217;un rony\u00f3"}]},{"@type":"WebSite","@id":"https:\/\/raed.academy\/ca\/#website","url":"https:\/\/raed.academy\/ca\/","name":"Reial Acad\u00e8mia Europea de Doctors","description":"Corporaci\u00f3n de derecho p\u00fablico de car\u00e1cter cient\u00edfico, t\u00e9cnico y art\u00edstico, que tiene por objeto la investigaci\u00f3n, el estudio, el fomento y la extensi\u00f3n del conocimiento en su sentido m\u00e1s amplio","publisher":{"@id":"https:\/\/raed.academy\/ca\/#organization"},"potentialAction":[{"@type":"SearchAction","target":{"@type":"EntryPoint","urlTemplate":"https:\/\/raed.academy\/ca\/?s={search_term_string}"},"query-input":{"@type":"PropertyValueSpecification","valueRequired":true,"valueName":"search_term_string"}}],"inLanguage":"ca-ES"},{"@type":"Organization","@id":"https:\/\/raed.academy\/ca\/#organization","name":"Real Academia Europea de Doctores","url":"https:\/\/raed.academy\/ca\/","logo":{"@type":"ImageObject","inLanguage":"ca-ES","@id":"https:\/\/raed.academy\/ca\/#\/schema\/logo\/image\/","url":"https:\/\/raed.academy\/wp-content\/uploads\/2017\/01\/cropped-logo_raed.png","contentUrl":"https:\/\/raed.academy\/wp-content\/uploads\/2017\/01\/cropped-logo_raed.png","width":512,"height":512,"caption":"Real Academia Europea de Doctores"},"image":{"@id":"https:\/\/raed.academy\/ca\/#\/schema\/logo\/image\/"},"sameAs":["http:\/\/fb.me\/raed.academy","https:\/\/x.com\/raedacademy","https:\/\/www.instagram.com\/raed.academy\/","https:\/\/www.youtube.com\/channel\/UCUYQwW2KrdirNWihxMDObwg"]},{"@type":"Person","@id":"https:\/\/raed.academy\/ca\/#\/schema\/person\/5a755da80d1d979fd66ba745c8702927","name":"RAED","image":{"@type":"ImageObject","inLanguage":"ca-ES","@id":"https:\/\/secure.gravatar.com\/avatar\/19fdfdc0d67fb9c45714b703a2ac82251c4fcea3637f002ac3c9b74c0183583c?s=96&d=mm&r=g","url":"https:\/\/secure.gravatar.com\/avatar\/19fdfdc0d67fb9c45714b703a2ac82251c4fcea3637f002ac3c9b74c0183583c?s=96&d=mm&r=g","contentUrl":"https:\/\/secure.gravatar.com\/avatar\/19fdfdc0d67fb9c45714b703a2ac82251c4fcea3637f002ac3c9b74c0183583c?s=96&d=mm&r=g","caption":"RAED"}}]}},"_links":{"self":[{"href":"https:\/\/raed.academy\/ca\/wp-json\/wp\/v2\/posts\/80532","targetHints":{"allow":["GET"]}}],"collection":[{"href":"https:\/\/raed.academy\/ca\/wp-json\/wp\/v2\/posts"}],"about":[{"href":"https:\/\/raed.academy\/ca\/wp-json\/wp\/v2\/types\/post"}],"author":[{"embeddable":true,"href":"https:\/\/raed.academy\/ca\/wp-json\/wp\/v2\/users\/12"}],"replies":[{"embeddable":true,"href":"https:\/\/raed.academy\/ca\/wp-json\/wp\/v2\/comments?post=80532"}],"version-history":[{"count":0,"href":"https:\/\/raed.academy\/ca\/wp-json\/wp\/v2\/posts\/80532\/revisions"}],"wp:featuredmedia":[{"embeddable":true,"href":"https:\/\/raed.academy\/ca\/wp-json\/wp\/v2\/media\/80465"}],"wp:attachment":[{"href":"https:\/\/raed.academy\/ca\/wp-json\/wp\/v2\/media?parent=80532"}],"wp:term":[{"taxonomy":"category","embeddable":true,"href":"https:\/\/raed.academy\/ca\/wp-json\/wp\/v2\/categories?post=80532"},{"taxonomy":"post_tag","embeddable":true,"href":"https:\/\/raed.academy\/ca\/wp-json\/wp\/v2\/tags?post=80532"}],"curies":[{"name":"wp","href":"https:\/\/api.w.org\/{rel}","templated":true}]}}