{"id":79948,"date":"2019-10-03T06:01:16","date_gmt":"2019-10-03T06:01:16","guid":{"rendered":"https:\/\/raed.academy\/?p=79948"},"modified":"2019-10-03T15:41:01","modified_gmt":"2019-10-03T15:41:01","slug":"la-visio-artificial","status":"publish","type":"post","link":"https:\/\/raed.academy\/ca\/la-visio-artificial\/","title":{"rendered":"La visi\u00f3 artificial"},"content":{"rendered":"<p><img loading=\"lazy\" decoding=\"async\" class=\"alignright size-full wp-image-80020\" src=\"https:\/\/raed.academy\/wp-content\/uploads\/2019\/10\/vision-artificial-Borja-Corcostegui-dstNtc.jpg\" alt=\"\" width=\"430\" height=\"258\" data-attachment-id=\"80020\" data-permalink=\"https:\/\/raed.academy\/la-vision-artificial\/vision-artificial-borja-corcostegui-dstntc\/\" data-orig-file=\"https:\/\/raed.academy\/wp-content\/uploads\/2019\/10\/vision-artificial-Borja-Corcostegui-dstNtc.jpg\" data-orig-size=\"430,258\" data-comments-opened=\"0\" data-image-meta=\"{&quot;aperture&quot;:&quot;0&quot;,&quot;credit&quot;:&quot;&quot;,&quot;camera&quot;:&quot;&quot;,&quot;caption&quot;:&quot;&quot;,&quot;created_timestamp&quot;:&quot;0&quot;,&quot;copyright&quot;:&quot;&quot;,&quot;focal_length&quot;:&quot;0&quot;,&quot;iso&quot;:&quot;0&quot;,&quot;shutter_speed&quot;:&quot;0&quot;,&quot;title&quot;:&quot;&quot;,&quot;orientation&quot;:&quot;0&quot;}\" data-image-title=\"vision-artificial-Borja-Corcostegui-dstNtc\" data-image-description=\"&lt;p&gt;Foto facilitada por el Dr. Corc\u00f3stegui&lt;\/p&gt;\n\" data-medium-file=\"https:\/\/raed.academy\/wp-content\/uploads\/2019\/10\/vision-artificial-Borja-Corcostegui-dstNtc.jpg\" data-large-file=\"https:\/\/raed.academy\/wp-content\/uploads\/2019\/10\/vision-artificial-Borja-Corcostegui-dstNtc.jpg\" \/><a href=\"https:\/\/raed.academy\/ca\/academics\/dr-borja-corcostegui-guraya\/\" target=\"_blank\" rel=\"noopener noreferrer\"><strong>Borja Corc\u00f3stegui<\/strong><\/a>, cofundador i director m\u00e8dic i cient\u00edfic de l&#8217;<a href=\"http:\/\/www.imo.es\" target=\"_blank\" rel=\"noopener noreferrer\"><strong>Institut de Microcirurgia Ocular<\/strong><\/a> i de l&#8217;<a href=\"http:\/\/www.esaso.org\" target=\"_blank\" rel=\"noopener noreferrer\"><strong>Escola Europea d&#8217;Estudis Avan\u00e7ats en Oftalmologia<\/strong><\/a> i acad\u00e8mic de n\u00famero de la <strong>Reial Acad\u00e8mia Europea de Doctors-Barcelona 1914<\/strong> (RAED), va desenvolupar durant el <strong>II Congr\u00e9s Interdisciplinari<\/strong> de la RAED, celebrat el passat mes de febrer a l&#8217;<a href=\"https:\/\/www.hotelbalnearivichycatalan.cat\" target=\"_blank\" rel=\"noopener noreferrer\"><strong>Hotel Balneari Vichy Catal\u00e1n<\/strong><\/a>, a Caldes de Malavella (Girona), l&#8217;actual concepte de visi\u00f3 artificial basada en els \u00faltims estudis amb c\u00e8l\u00b7lules mare, ter\u00e0pia g\u00e8nica i el desenvolupament de la retina electr\u00f2nica amb una pon\u00e8ncia que va portar precisament aquest t\u00edtol: <strong>&#8220;Visi\u00f3n artificial&#8221;<\/strong>.<\/p>\n<p>Pioner en la introducci\u00f3 i desenvolupament de la vitrectomia a Europa i precursor en la uni\u00f3 de la recerca cl\u00ednica i gen\u00e8tica de retina, Corc\u00f3stegui va explicar de forma succinta i did\u00e0ctica els actuals tractaments amb c\u00e8l\u00b7lules mare, ter\u00e0pia g\u00e8nica i implants retinians perqu\u00e8 persones amb escassa o nul\u00b7la visi\u00f3 aconsegueixin recuperar la vista.<\/p>\n<div id=\"attachment_80017\" style=\"width: 380px\" class=\"wp-caption alignleft\"><img loading=\"lazy\" decoding=\"async\" aria-describedby=\"caption-attachment-80017\" class=\"wp-image-80017 size-full\" src=\"https:\/\/raed.academy\/wp-content\/uploads\/2019\/10\/Borja-Corcostegui.jpg\" alt=\"Dr. Borja Corc\u00f3stegui\" width=\"370\" height=\"208\" aria-describedby=\"caption-attachment-80017\" data-attachment-id=\"80017\" data-permalink=\"https:\/\/raed.academy\/la-vision-artificial\/borja-corcostegui\/\" data-orig-file=\"https:\/\/raed.academy\/wp-content\/uploads\/2019\/10\/Borja-Corcostegui.jpg\" data-orig-size=\"370,208\" data-comments-opened=\"0\" data-image-meta=\"{&quot;aperture&quot;:&quot;0&quot;,&quot;credit&quot;:&quot;&quot;,&quot;camera&quot;:&quot;&quot;,&quot;caption&quot;:&quot;&quot;,&quot;created_timestamp&quot;:&quot;0&quot;,&quot;copyright&quot;:&quot;&quot;,&quot;focal_length&quot;:&quot;0&quot;,&quot;iso&quot;:&quot;0&quot;,&quot;shutter_speed&quot;:&quot;0&quot;,&quot;title&quot;:&quot;&quot;,&quot;orientation&quot;:&quot;0&quot;}\" data-image-title=\"Dr. Borja Corc\u00f3stegui\" data-image-description=\"\" data-medium-file=\"https:\/\/raed.academy\/wp-content\/uploads\/2019\/10\/Borja-Corcostegui.jpg\" data-large-file=\"https:\/\/raed.academy\/wp-content\/uploads\/2019\/10\/Borja-Corcostegui.jpg\" \/><p id=\"caption-attachment-80017\" class=\"wp-caption-text\">Dr. Borja Corc\u00f3stegui<\/p><\/div>\n<p>&#8220;Els requisits per poder fer servir qualsevol dels sistemes de visi\u00f3 artificial esmentats \u00e9s que l&#8217;anatomia multicapes de la retina tingui una certa integritat de les c\u00e8l\u00b7lules transmissores i que les condicions de les c\u00e8l\u00b7lules bipolars i c\u00e8l\u00b7lules ganglionars tinguin un grau de funcionalitat per poder transmetre les sensacions lluminoses a trav\u00e9s del nervi \u00f2ptic. \u00c9s a dir, que estiguin alterats els fotoreceptors, i que la p\u00e8rdua de visi\u00f3 sigui per una falta d&#8217;integritat de les c\u00e8l\u00b7lules fotoreceptores i de les c\u00e8l\u00b7lules de l&#8217;epiteli pigmentat que ajuden tamb\u00e9 en la funci\u00f3 receptora de manera fonamental. Moltes vegades tamb\u00e9 hi ha alteraci\u00f3 dels petits vasos coroides formen un conjunt amb les estructures cel\u00b7lulars&#8221;, va assenyalar abans d&#8217;abordar el desenvolupament de les diferents t\u00e8cniques.<\/p>\n<p>Corc\u00f3stegui va explicar com l&#8217;ull \u00e9s un model terap\u00e8utic ideal per estimular les c\u00e8l\u00b7lules supervivents en un proc\u00e9s patol\u00f2gic mitjan\u00e7ant els nous tractaments biol\u00f2gics. &#8220;Com que, amb la retina sana, tenim un privilegi immunol\u00f2gic que ens d\u00f3na de forma natural la barrera vascular retiniana, tamb\u00e9 la facilitat i objectivitat de les mesures funcionals de l&#8217;ull facilita la valoraci\u00f3 de la seva efic\u00e0cia de la ter\u00e0pia. La possibilitat d&#8217;una valoraci\u00f3 de forma directa de les estructures retinianes fa que tamb\u00e9 l&#8217;ull contra-lateral pot actuar com a \u00f2rgan de control en no ser tractat si t\u00e9 una malaltia sim\u00e8trica i, a m\u00e9s, \u00e9s un \u00f2rgan a\u00efllat en certa manera a la resta d&#8217;organisme&#8221;, va detallar.<\/p>\n","protected":false},"excerpt":{"rendered":"<p>Borja Corc\u00f3stegui, cofundador i director m\u00e8dic i cient\u00edfic de l&#8217;Institut de Microcirurgia Ocular i de l&#8217;Escola Europea d&#8217;Estudis Avan\u00e7ats en Oftalmologia i acad\u00e8mic de n\u00famero de la Reial Acad\u00e8mia Europea de Doctors-Barcelona 1914 (RAED), va desenvolupar durant el II Congr\u00e9s Interdisciplinari de la RAED, celebrat el passat mes de febrer a l&#8217;Hotel Balneari Vichy Catal\u00e1n, [&hellip;]<\/p>\n","protected":false},"author":12,"featured_media":80021,"comment_status":"closed","ping_status":"closed","sticky":false,"template":"","format":"standard","meta":{"_et_pb_use_builder":"","_et_pb_old_content":"","_et_gb_content_width":"","footnotes":""},"categories":[213],"tags":[],"class_list":["post-79948","post","type-post","status-publish","format-standard","has-post-thumbnail","hentry","category-medicina-i-cirurgia","et-has-post-format-content","et_post_format-et-post-format-standard"],"yoast_head":"<!-- This site is optimized with the Yoast SEO plugin v27.4 - https:\/\/yoast.com\/product\/yoast-seo-wordpress\/ -->\n<title>La visi\u00f3 artificial - Reial Acad\u00e8mia Europea de Doctors<\/title>\n<meta name=\"robots\" content=\"index, follow, max-snippet:-1, max-image-preview:large, max-video-preview:-1\" \/>\n<link rel=\"canonical\" href=\"https:\/\/raed.academy\/ca\/la-visio-artificial\/\" \/>\n<meta property=\"og:locale\" content=\"ca_ES\" \/>\n<meta property=\"og:type\" content=\"article\" \/>\n<meta property=\"og:title\" content=\"La visi\u00f3 artificial - Reial Acad\u00e8mia Europea de Doctors\" \/>\n<meta property=\"og:description\" content=\"Borja Corc\u00f3stegui, cofundador i director m\u00e8dic i cient\u00edfic de l&#8217;Institut de Microcirurgia Ocular i de l&#8217;Escola Europea d&#8217;Estudis Avan\u00e7ats en Oftalmologia i acad\u00e8mic de n\u00famero de la Reial Acad\u00e8mia Europea de Doctors-Barcelona 1914 (RAED), va desenvolupar durant el II Congr\u00e9s Interdisciplinari de la RAED, celebrat el passat mes de febrer a l&#8217;Hotel Balneari Vichy Catal\u00e1n, [&hellip;]\" \/>\n<meta property=\"og:url\" content=\"https:\/\/raed.academy\/ca\/la-visio-artificial\/\" \/>\n<meta property=\"og:site_name\" content=\"Reial Acad\u00e8mia Europea de Doctors\" \/>\n<meta property=\"article:publisher\" content=\"http:\/\/fb.me\/raed.academy\" \/>\n<meta property=\"article:published_time\" content=\"2019-10-03T06:01:16+00:00\" \/>\n<meta property=\"article:modified_time\" content=\"2019-10-03T15:41:01+00:00\" \/>\n<meta property=\"og:image\" content=\"https:\/\/raed.academy\/wp-content\/uploads\/2019\/10\/vision-artificial-Borja-Corcostegui-dstNtc.jpg\" \/>\n\t<meta property=\"og:image:width\" content=\"430\" \/>\n\t<meta property=\"og:image:height\" content=\"258\" \/>\n\t<meta property=\"og:image:type\" content=\"image\/jpeg\" \/>\n<meta name=\"author\" content=\"RAED\" \/>\n<meta name=\"twitter:card\" content=\"summary_large_image\" \/>\n<meta name=\"twitter:creator\" content=\"@raedacademy\" \/>\n<meta name=\"twitter:site\" content=\"@raedacademy\" \/>\n<meta name=\"twitter:label1\" content=\"Written by\" \/>\n\t<meta name=\"twitter:data1\" content=\"RAED\" \/>\n\t<meta name=\"twitter:label2\" content=\"Est. reading time\" \/>\n\t<meta name=\"twitter:data2\" content=\"2 minutes\" \/>\n<script type=\"application\/ld+json\" class=\"yoast-schema-graph\">{\"@context\":\"https:\\\/\\\/schema.org\",\"@graph\":[{\"@type\":\"Article\",\"@id\":\"https:\\\/\\\/raed.academy\\\/ca\\\/la-visio-artificial\\\/#article\",\"isPartOf\":{\"@id\":\"https:\\\/\\\/raed.academy\\\/ca\\\/la-visio-artificial\\\/\"},\"author\":{\"name\":\"RAED\",\"@id\":\"https:\\\/\\\/raed.academy\\\/ca\\\/#\\\/schema\\\/person\\\/5a755da80d1d979fd66ba745c8702927\"},\"headline\":\"La visi\u00f3 artificial\",\"datePublished\":\"2019-10-03T06:01:16+00:00\",\"dateModified\":\"2019-10-03T15:41:01+00:00\",\"mainEntityOfPage\":{\"@id\":\"https:\\\/\\\/raed.academy\\\/ca\\\/la-visio-artificial\\\/\"},\"wordCount\":464,\"publisher\":{\"@id\":\"https:\\\/\\\/raed.academy\\\/ca\\\/#organization\"},\"image\":{\"@id\":\"https:\\\/\\\/raed.academy\\\/ca\\\/la-visio-artificial\\\/#primaryimage\"},\"thumbnailUrl\":\"https:\\\/\\\/raed.academy\\\/wp-content\\\/uploads\\\/2019\\\/10\\\/vision-artificial-Borja-Corcostegui-dstNtc.jpg\",\"articleSection\":[\"Medicina i cirurgia\"],\"inLanguage\":\"ca-ES\"},{\"@type\":\"WebPage\",\"@id\":\"https:\\\/\\\/raed.academy\\\/ca\\\/la-visio-artificial\\\/\",\"url\":\"https:\\\/\\\/raed.academy\\\/ca\\\/la-visio-artificial\\\/\",\"name\":\"La visi\u00f3 artificial - Reial Acad\u00e8mia Europea de Doctors\",\"isPartOf\":{\"@id\":\"https:\\\/\\\/raed.academy\\\/ca\\\/#website\"},\"primaryImageOfPage\":{\"@id\":\"https:\\\/\\\/raed.academy\\\/ca\\\/la-visio-artificial\\\/#primaryimage\"},\"image\":{\"@id\":\"https:\\\/\\\/raed.academy\\\/ca\\\/la-visio-artificial\\\/#primaryimage\"},\"thumbnailUrl\":\"https:\\\/\\\/raed.academy\\\/wp-content\\\/uploads\\\/2019\\\/10\\\/vision-artificial-Borja-Corcostegui-dstNtc.jpg\",\"datePublished\":\"2019-10-03T06:01:16+00:00\",\"dateModified\":\"2019-10-03T15:41:01+00:00\",\"breadcrumb\":{\"@id\":\"https:\\\/\\\/raed.academy\\\/ca\\\/la-visio-artificial\\\/#breadcrumb\"},\"inLanguage\":\"ca-ES\",\"potentialAction\":[{\"@type\":\"ReadAction\",\"target\":[\"https:\\\/\\\/raed.academy\\\/ca\\\/la-visio-artificial\\\/\"]}]},{\"@type\":\"ImageObject\",\"inLanguage\":\"ca-ES\",\"@id\":\"https:\\\/\\\/raed.academy\\\/ca\\\/la-visio-artificial\\\/#primaryimage\",\"url\":\"https:\\\/\\\/raed.academy\\\/wp-content\\\/uploads\\\/2019\\\/10\\\/vision-artificial-Borja-Corcostegui-dstNtc.jpg\",\"contentUrl\":\"https:\\\/\\\/raed.academy\\\/wp-content\\\/uploads\\\/2019\\\/10\\\/vision-artificial-Borja-Corcostegui-dstNtc.jpg\",\"width\":430,\"height\":258},{\"@type\":\"BreadcrumbList\",\"@id\":\"https:\\\/\\\/raed.academy\\\/ca\\\/la-visio-artificial\\\/#breadcrumb\",\"itemListElement\":[{\"@type\":\"ListItem\",\"position\":1,\"name\":\"Inicio\",\"item\":\"https:\\\/\\\/raed.academy\\\/ca\\\/\"},{\"@type\":\"ListItem\",\"position\":2,\"name\":\"La visi\u00f3 artificial\"}]},{\"@type\":\"WebSite\",\"@id\":\"https:\\\/\\\/raed.academy\\\/ca\\\/#website\",\"url\":\"https:\\\/\\\/raed.academy\\\/ca\\\/\",\"name\":\"Reial Acad\u00e8mia Europea de Doctors\",\"description\":\"Corporaci\u00f3n de derecho p\u00fablico de car\u00e1cter cient\u00edfico, t\u00e9cnico y art\u00edstico, que tiene por objeto la investigaci\u00f3n, el estudio, el fomento y la extensi\u00f3n del conocimiento en su sentido m\u00e1s amplio\",\"publisher\":{\"@id\":\"https:\\\/\\\/raed.academy\\\/ca\\\/#organization\"},\"potentialAction\":[{\"@type\":\"SearchAction\",\"target\":{\"@type\":\"EntryPoint\",\"urlTemplate\":\"https:\\\/\\\/raed.academy\\\/ca\\\/?s={search_term_string}\"},\"query-input\":{\"@type\":\"PropertyValueSpecification\",\"valueRequired\":true,\"valueName\":\"search_term_string\"}}],\"inLanguage\":\"ca-ES\"},{\"@type\":\"Organization\",\"@id\":\"https:\\\/\\\/raed.academy\\\/ca\\\/#organization\",\"name\":\"Real Academia Europea de Doctores\",\"url\":\"https:\\\/\\\/raed.academy\\\/ca\\\/\",\"logo\":{\"@type\":\"ImageObject\",\"inLanguage\":\"ca-ES\",\"@id\":\"https:\\\/\\\/raed.academy\\\/ca\\\/#\\\/schema\\\/logo\\\/image\\\/\",\"url\":\"https:\\\/\\\/raed.academy\\\/wp-content\\\/uploads\\\/2017\\\/01\\\/cropped-logo_raed.png\",\"contentUrl\":\"https:\\\/\\\/raed.academy\\\/wp-content\\\/uploads\\\/2017\\\/01\\\/cropped-logo_raed.png\",\"width\":512,\"height\":512,\"caption\":\"Real Academia Europea de Doctores\"},\"image\":{\"@id\":\"https:\\\/\\\/raed.academy\\\/ca\\\/#\\\/schema\\\/logo\\\/image\\\/\"},\"sameAs\":[\"http:\\\/\\\/fb.me\\\/raed.academy\",\"https:\\\/\\\/x.com\\\/raedacademy\",\"https:\\\/\\\/www.instagram.com\\\/raed.academy\\\/\",\"https:\\\/\\\/www.youtube.com\\\/channel\\\/UCUYQwW2KrdirNWihxMDObwg\"]},{\"@type\":\"Person\",\"@id\":\"https:\\\/\\\/raed.academy\\\/ca\\\/#\\\/schema\\\/person\\\/5a755da80d1d979fd66ba745c8702927\",\"name\":\"RAED\",\"image\":{\"@type\":\"ImageObject\",\"inLanguage\":\"ca-ES\",\"@id\":\"https:\\\/\\\/secure.gravatar.com\\\/avatar\\\/19fdfdc0d67fb9c45714b703a2ac82251c4fcea3637f002ac3c9b74c0183583c?s=96&d=mm&r=g\",\"url\":\"https:\\\/\\\/secure.gravatar.com\\\/avatar\\\/19fdfdc0d67fb9c45714b703a2ac82251c4fcea3637f002ac3c9b74c0183583c?s=96&d=mm&r=g\",\"contentUrl\":\"https:\\\/\\\/secure.gravatar.com\\\/avatar\\\/19fdfdc0d67fb9c45714b703a2ac82251c4fcea3637f002ac3c9b74c0183583c?s=96&d=mm&r=g\",\"caption\":\"RAED\"}}]}<\/script>\n<!-- \/ Yoast SEO plugin. -->","yoast_head_json":{"title":"La visi\u00f3 artificial - Reial Acad\u00e8mia Europea de Doctors","robots":{"index":"index","follow":"follow","max-snippet":"max-snippet:-1","max-image-preview":"max-image-preview:large","max-video-preview":"max-video-preview:-1"},"canonical":"https:\/\/raed.academy\/ca\/la-visio-artificial\/","og_locale":"ca_ES","og_type":"article","og_title":"La visi\u00f3 artificial - Reial Acad\u00e8mia Europea de Doctors","og_description":"Borja Corc\u00f3stegui, cofundador i director m\u00e8dic i cient\u00edfic de l&#8217;Institut de Microcirurgia Ocular i de l&#8217;Escola Europea d&#8217;Estudis Avan\u00e7ats en Oftalmologia i acad\u00e8mic de n\u00famero de la Reial Acad\u00e8mia Europea de Doctors-Barcelona 1914 (RAED), va desenvolupar durant el II Congr\u00e9s Interdisciplinari de la RAED, celebrat el passat mes de febrer a l&#8217;Hotel Balneari Vichy Catal\u00e1n, [&hellip;]","og_url":"https:\/\/raed.academy\/ca\/la-visio-artificial\/","og_site_name":"Reial Acad\u00e8mia Europea de Doctors","article_publisher":"http:\/\/fb.me\/raed.academy","article_published_time":"2019-10-03T06:01:16+00:00","article_modified_time":"2019-10-03T15:41:01+00:00","og_image":[{"width":430,"height":258,"url":"https:\/\/raed.academy\/wp-content\/uploads\/2019\/10\/vision-artificial-Borja-Corcostegui-dstNtc.jpg","type":"image\/jpeg"}],"author":"RAED","twitter_card":"summary_large_image","twitter_creator":"@raedacademy","twitter_site":"@raedacademy","twitter_misc":{"Written by":"RAED","Est. reading time":"2 minutes"},"schema":{"@context":"https:\/\/schema.org","@graph":[{"@type":"Article","@id":"https:\/\/raed.academy\/ca\/la-visio-artificial\/#article","isPartOf":{"@id":"https:\/\/raed.academy\/ca\/la-visio-artificial\/"},"author":{"name":"RAED","@id":"https:\/\/raed.academy\/ca\/#\/schema\/person\/5a755da80d1d979fd66ba745c8702927"},"headline":"La visi\u00f3 artificial","datePublished":"2019-10-03T06:01:16+00:00","dateModified":"2019-10-03T15:41:01+00:00","mainEntityOfPage":{"@id":"https:\/\/raed.academy\/ca\/la-visio-artificial\/"},"wordCount":464,"publisher":{"@id":"https:\/\/raed.academy\/ca\/#organization"},"image":{"@id":"https:\/\/raed.academy\/ca\/la-visio-artificial\/#primaryimage"},"thumbnailUrl":"https:\/\/raed.academy\/wp-content\/uploads\/2019\/10\/vision-artificial-Borja-Corcostegui-dstNtc.jpg","articleSection":["Medicina i cirurgia"],"inLanguage":"ca-ES"},{"@type":"WebPage","@id":"https:\/\/raed.academy\/ca\/la-visio-artificial\/","url":"https:\/\/raed.academy\/ca\/la-visio-artificial\/","name":"La visi\u00f3 artificial - Reial Acad\u00e8mia Europea de Doctors","isPartOf":{"@id":"https:\/\/raed.academy\/ca\/#website"},"primaryImageOfPage":{"@id":"https:\/\/raed.academy\/ca\/la-visio-artificial\/#primaryimage"},"image":{"@id":"https:\/\/raed.academy\/ca\/la-visio-artificial\/#primaryimage"},"thumbnailUrl":"https:\/\/raed.academy\/wp-content\/uploads\/2019\/10\/vision-artificial-Borja-Corcostegui-dstNtc.jpg","datePublished":"2019-10-03T06:01:16+00:00","dateModified":"2019-10-03T15:41:01+00:00","breadcrumb":{"@id":"https:\/\/raed.academy\/ca\/la-visio-artificial\/#breadcrumb"},"inLanguage":"ca-ES","potentialAction":[{"@type":"ReadAction","target":["https:\/\/raed.academy\/ca\/la-visio-artificial\/"]}]},{"@type":"ImageObject","inLanguage":"ca-ES","@id":"https:\/\/raed.academy\/ca\/la-visio-artificial\/#primaryimage","url":"https:\/\/raed.academy\/wp-content\/uploads\/2019\/10\/vision-artificial-Borja-Corcostegui-dstNtc.jpg","contentUrl":"https:\/\/raed.academy\/wp-content\/uploads\/2019\/10\/vision-artificial-Borja-Corcostegui-dstNtc.jpg","width":430,"height":258},{"@type":"BreadcrumbList","@id":"https:\/\/raed.academy\/ca\/la-visio-artificial\/#breadcrumb","itemListElement":[{"@type":"ListItem","position":1,"name":"Inicio","item":"https:\/\/raed.academy\/ca\/"},{"@type":"ListItem","position":2,"name":"La visi\u00f3 artificial"}]},{"@type":"WebSite","@id":"https:\/\/raed.academy\/ca\/#website","url":"https:\/\/raed.academy\/ca\/","name":"Reial Acad\u00e8mia Europea de Doctors","description":"Corporaci\u00f3n de derecho p\u00fablico de car\u00e1cter cient\u00edfico, t\u00e9cnico y art\u00edstico, que tiene por objeto la investigaci\u00f3n, el estudio, el fomento y la extensi\u00f3n del conocimiento en su sentido m\u00e1s amplio","publisher":{"@id":"https:\/\/raed.academy\/ca\/#organization"},"potentialAction":[{"@type":"SearchAction","target":{"@type":"EntryPoint","urlTemplate":"https:\/\/raed.academy\/ca\/?s={search_term_string}"},"query-input":{"@type":"PropertyValueSpecification","valueRequired":true,"valueName":"search_term_string"}}],"inLanguage":"ca-ES"},{"@type":"Organization","@id":"https:\/\/raed.academy\/ca\/#organization","name":"Real Academia Europea de Doctores","url":"https:\/\/raed.academy\/ca\/","logo":{"@type":"ImageObject","inLanguage":"ca-ES","@id":"https:\/\/raed.academy\/ca\/#\/schema\/logo\/image\/","url":"https:\/\/raed.academy\/wp-content\/uploads\/2017\/01\/cropped-logo_raed.png","contentUrl":"https:\/\/raed.academy\/wp-content\/uploads\/2017\/01\/cropped-logo_raed.png","width":512,"height":512,"caption":"Real Academia Europea de Doctores"},"image":{"@id":"https:\/\/raed.academy\/ca\/#\/schema\/logo\/image\/"},"sameAs":["http:\/\/fb.me\/raed.academy","https:\/\/x.com\/raedacademy","https:\/\/www.instagram.com\/raed.academy\/","https:\/\/www.youtube.com\/channel\/UCUYQwW2KrdirNWihxMDObwg"]},{"@type":"Person","@id":"https:\/\/raed.academy\/ca\/#\/schema\/person\/5a755da80d1d979fd66ba745c8702927","name":"RAED","image":{"@type":"ImageObject","inLanguage":"ca-ES","@id":"https:\/\/secure.gravatar.com\/avatar\/19fdfdc0d67fb9c45714b703a2ac82251c4fcea3637f002ac3c9b74c0183583c?s=96&d=mm&r=g","url":"https:\/\/secure.gravatar.com\/avatar\/19fdfdc0d67fb9c45714b703a2ac82251c4fcea3637f002ac3c9b74c0183583c?s=96&d=mm&r=g","contentUrl":"https:\/\/secure.gravatar.com\/avatar\/19fdfdc0d67fb9c45714b703a2ac82251c4fcea3637f002ac3c9b74c0183583c?s=96&d=mm&r=g","caption":"RAED"}}]}},"_links":{"self":[{"href":"https:\/\/raed.academy\/ca\/wp-json\/wp\/v2\/posts\/79948","targetHints":{"allow":["GET"]}}],"collection":[{"href":"https:\/\/raed.academy\/ca\/wp-json\/wp\/v2\/posts"}],"about":[{"href":"https:\/\/raed.academy\/ca\/wp-json\/wp\/v2\/types\/post"}],"author":[{"embeddable":true,"href":"https:\/\/raed.academy\/ca\/wp-json\/wp\/v2\/users\/12"}],"replies":[{"embeddable":true,"href":"https:\/\/raed.academy\/ca\/wp-json\/wp\/v2\/comments?post=79948"}],"version-history":[{"count":0,"href":"https:\/\/raed.academy\/ca\/wp-json\/wp\/v2\/posts\/79948\/revisions"}],"wp:featuredmedia":[{"embeddable":true,"href":"https:\/\/raed.academy\/ca\/wp-json\/wp\/v2\/media\/80021"}],"wp:attachment":[{"href":"https:\/\/raed.academy\/ca\/wp-json\/wp\/v2\/media?parent=79948"}],"wp:term":[{"taxonomy":"category","embeddable":true,"href":"https:\/\/raed.academy\/ca\/wp-json\/wp\/v2\/categories?post=79948"},{"taxonomy":"post_tag","embeddable":true,"href":"https:\/\/raed.academy\/ca\/wp-json\/wp\/v2\/tags?post=79948"}],"curies":[{"name":"wp","href":"https:\/\/api.w.org\/{rel}","templated":true}]}}