{"id":79372,"date":"2019-09-20T05:53:46","date_gmt":"2019-09-20T05:53:46","guid":{"rendered":"https:\/\/raed.academy\/?p=79372"},"modified":"2019-09-20T09:51:51","modified_gmt":"2019-09-20T09:51:51","slug":"catalunya-des-de-madrid","status":"publish","type":"post","link":"https:\/\/raed.academy\/ca\/catalunya-des-de-madrid\/","title":{"rendered":"Catalunya des de Madrid"},"content":{"rendered":"<div id=\"attachment_79048\" style=\"width: 290px\" class=\"wp-caption alignright\"><img loading=\"lazy\" decoding=\"async\" aria-describedby=\"caption-attachment-79048\" class=\"wp-image-79048\" src=\"https:\/\/raed.academy\/wp-content\/uploads\/2019\/09\/Ignacio-Buqueras-1.jpg\" alt=\"Ignacio Buqueras\" width=\"280\" height=\"420\" aria-describedby=\"caption-attachment-79048\" data-attachment-id=\"79048\" data-permalink=\"https:\/\/raed.academy\/cataluna-desde-madrid\/ignacio-buqueras-7\/\" data-orig-file=\"https:\/\/raed.academy\/wp-content\/uploads\/2019\/09\/Ignacio-Buqueras-1.jpg\" data-orig-size=\"300,450\" data-comments-opened=\"0\" data-image-meta=\"{&quot;aperture&quot;:&quot;0&quot;,&quot;credit&quot;:&quot;&quot;,&quot;camera&quot;:&quot;&quot;,&quot;caption&quot;:&quot;&quot;,&quot;created_timestamp&quot;:&quot;0&quot;,&quot;copyright&quot;:&quot;&quot;,&quot;focal_length&quot;:&quot;0&quot;,&quot;iso&quot;:&quot;0&quot;,&quot;shutter_speed&quot;:&quot;0&quot;,&quot;title&quot;:&quot;&quot;,&quot;orientation&quot;:&quot;0&quot;}\" data-image-title=\"Ignacio Buqueras\" data-image-description=\"\" data-medium-file=\"https:\/\/raed.academy\/wp-content\/uploads\/2019\/09\/Ignacio-Buqueras-1.jpg\" data-large-file=\"https:\/\/raed.academy\/wp-content\/uploads\/2019\/09\/Ignacio-Buqueras-1.jpg\" \/><p id=\"caption-attachment-79048\" class=\"wp-caption-text\">Dr. Ignacio Buqueras<\/p><\/div>\n<p><a href=\"https:\/\/raed.academy\/ca\/academics\/dr-ignacio-buqueras-bach\/\" target=\"_blank\" rel=\"noopener noreferrer\"><strong>Ignacio Buqueras<\/strong><\/a>, president de l&#8217;<strong>Associaci\u00f3 per a la Difusi\u00f3 i Promoci\u00f3 del Patrimoni Mundial d&#8217;Espanya<\/strong> i acad\u00e8mic de n\u00famero de la <strong>Reial Acad\u00e8mia Europea de Doctors-Barcelona 1914<\/strong> (RAED), va presentar el passat 10 de setembre al <strong>Cercle Catal\u00e0 de Madrid<\/strong> la seva \u00faltima obra: <strong>&#8220;Catalu\u00f1a en Madrid. Una visi\u00f3n de Catalu\u00f1a desde Madrid&#8221;<\/strong>, on recull precisament la seva etapa com a president del Cercle Catal\u00e0 i les columnes que escrivia al diari <strong>&#8220;ABC&#8221;<\/strong> sobre l&#8217;activitat dels catalans a la capital. A la presentaci\u00f3 van participar <a href=\"https:\/\/raed.academy\/ca\/academics\/dr-aldo-olcese-santonja\/\" target=\"_blank\" rel=\"noopener noreferrer\"><strong>Aldo Olcese<\/strong><\/a>, acad\u00e8mic de n\u00famero i vicepresident de la RAED i president de la <a href=\"http:\/\/www.fundacionindependiente.es\" target=\"_blank\" rel=\"noopener noreferrer\"><strong>Fundaci\u00f3 Independent<\/strong><\/a>;<img loading=\"lazy\" decoding=\"async\" class=\"img-mrg-superior alignleft wp-image-79045\" src=\"https:\/\/raed.academy\/wp-content\/uploads\/2019\/09\/Catalu\u00f1a-en-Madrid-portada-libro-Ignacio-Buqueras.jpg\" alt=\"Catalu\u00f1a en Madrid\" width=\"380\" height=\"543\" data-attachment-id=\"79045\" data-permalink=\"https:\/\/raed.academy\/cataluna-desde-madrid\/cataluna-en-madrid-portada-libro-ignacio-buqueras\/\" data-orig-file=\"https:\/\/raed.academy\/wp-content\/uploads\/2019\/09\/Catalu\u00f1a-en-Madrid-portada-libro-Ignacio-Buqueras.jpg\" data-orig-size=\"400,572\" data-comments-opened=\"0\" data-image-meta=\"{&quot;aperture&quot;:&quot;0&quot;,&quot;credit&quot;:&quot;&quot;,&quot;camera&quot;:&quot;&quot;,&quot;caption&quot;:&quot;&quot;,&quot;created_timestamp&quot;:&quot;0&quot;,&quot;copyright&quot;:&quot;&quot;,&quot;focal_length&quot;:&quot;0&quot;,&quot;iso&quot;:&quot;0&quot;,&quot;shutter_speed&quot;:&quot;0&quot;,&quot;title&quot;:&quot;&quot;,&quot;orientation&quot;:&quot;0&quot;}\" data-image-title=\"Catalu\u00f1a-en-Madrid-portada-libro-Ignacio-Buqueras\" data-image-description=\"\" data-medium-file=\"https:\/\/raed.academy\/wp-content\/uploads\/2019\/09\/Catalu\u00f1a-en-Madrid-portada-libro-Ignacio-Buqueras.jpg\" data-large-file=\"https:\/\/raed.academy\/wp-content\/uploads\/2019\/09\/Catalu\u00f1a-en-Madrid-portada-libro-Ignacio-Buqueras.jpg\" \/> <strong>Mar\u00eda Jos\u00e9 Rubio<\/strong>, directora de la <a href=\"https:\/\/www.accioncultural.es\/es\/sociedad_bicentenario_general_prim_2014\" target=\"_blank\" rel=\"noopener noreferrer\"><strong>Societat Bicentenari del General Prim<\/strong><\/a>, una iniciativa d&#8217;<a href=\"https:\/\/www.accioncultural.es\" target=\"_blank\" rel=\"noopener noreferrer\"><strong>Acci\u00f3 Cultural Espanyola<\/strong><\/a>, i <strong>Rafael Guardans<\/strong>, president de la <a href=\"https:\/\/fies.es\" target=\"_blank\" rel=\"noopener noreferrer\"><strong>Fundaci\u00f3 Institucional Espanyola<\/strong><\/a> (FIES), a m\u00e9s del propi Buqueras. A Barcelona, \u200b\u200bl&#8217;obra es presentar\u00e0 a <a href=\"http:\/\/www.foment.com\" target=\"_blank\" rel=\"noopener noreferrer\"><strong>Foment del Treball Nacional<\/strong><\/a>, seu de la RAED, el proper 15 d&#8217;octubre.<\/p>\n<p>A l&#8217;obra, l&#8217;acad\u00e8mic aporta les seves viv\u00e8ncies, experi\u00e8ncies i reflexions durant m\u00e9s de quatre d\u00e8cades de les cinc que ha viscut a Madrid, on es va traslladar des del seu Reus natal. En aquest per\u00edode va exercir, durant quatre anys, la presid\u00e8ncia del Cercle Catal\u00e0 (1980-1984), va publicar durant cinc anys la columna dominical d'&#8221;ABC&#8221; (1983-1988), va publicar un llibre sobre la hist\u00f2ria del Cercle Catal\u00e0 amb el mateix t\u00edtol que ara fa servir per a la seva nova obra i la seva admiraci\u00f3 per <strong>Josep Pla<\/strong> el va portar tamb\u00e9 a publicar el 1985 una interessant biografia sobre un dels autors de refer\u00e8ncia de les lletres catalanes contempor\u00e0nies. Aix\u00ed mateix, en aquest per\u00edode va publicar una biografia sobre <strong>Francesc Camb\u00f3<\/strong> per actualitzar la figura d&#8217;una de les personalitats m\u00e9s atractives del segle XX. Totes dues obres es van reeditar el 2018.<\/p>\n<p>Buqueras ha promogut i participat activament en les efem\u00e8rides que, des de Madrid, s&#8217;han dedicat a dos grans personalitats catalanes: <strong>Antoni Gaud\u00ed<\/strong> i el general <strong>Prim<\/strong>, ambdues de Reus com l&#8217;autor. A tots dos se&#8217;ls va dedicar un cicle de sis taules rodones celebrades en sis llocs emblem\u00e0tics madrilenys, amb moderadors i ponents de destacat relleu. Cada cicle va suposar l&#8217;edici\u00f3 d&#8217;un llibre de gran valor. &#8220;Amb el llibre &#8216;Catalu\u00f1a en Madrid. Una visi\u00f3n de Catalu\u00f1a desde Madrid&#8217; vull deixar testimoni del que s&#8217;ha fet mitjan\u00e7ant els meus comentaris sobre la base de diversos llibres que he promogut i activitats que he impulsat i viscut&#8221;, assenyala l&#8217;acad\u00e8mic al pr\u00f2leg d&#8217;aquesta nova obra.<\/p>\n","protected":false},"excerpt":{"rendered":"<p>Ignacio Buqueras, president de l&#8217;Associaci\u00f3 per a la Difusi\u00f3 i Promoci\u00f3 del Patrimoni Mundial d&#8217;Espanya i acad\u00e8mic de n\u00famero de la Reial Acad\u00e8mia Europea de Doctors-Barcelona 1914 (RAED), va presentar el passat 10 de setembre al Cercle Catal\u00e0 de Madrid la seva \u00faltima obra: &#8220;Catalu\u00f1a en Madrid. Una visi\u00f3n de Catalu\u00f1a desde Madrid&#8221;, on recull [&hellip;]<\/p>\n","protected":false},"author":12,"featured_media":79046,"comment_status":"closed","ping_status":"closed","sticky":false,"template":"","format":"standard","meta":{"_et_pb_use_builder":"","_et_pb_old_content":"","_et_gb_content_width":"","footnotes":""},"categories":[242],"tags":[],"class_list":["post-79372","post","type-post","status-publish","format-standard","has-post-thumbnail","hentry","category-categ-historia","et-has-post-format-content","et_post_format-et-post-format-standard"],"yoast_head":"<!-- This site is optimized with the Yoast SEO plugin v27.4 - https:\/\/yoast.com\/product\/yoast-seo-wordpress\/ -->\n<title>Catalunya des de Madrid - Reial Acad\u00e8mia Europea de Doctors<\/title>\n<meta name=\"robots\" content=\"index, follow, max-snippet:-1, max-image-preview:large, max-video-preview:-1\" \/>\n<link rel=\"canonical\" href=\"https:\/\/raed.academy\/ca\/catalunya-des-de-madrid\/\" \/>\n<meta property=\"og:locale\" content=\"ca_ES\" \/>\n<meta property=\"og:type\" content=\"article\" \/>\n<meta property=\"og:title\" content=\"Catalunya des de Madrid - Reial Acad\u00e8mia Europea de Doctors\" \/>\n<meta property=\"og:description\" content=\"Ignacio Buqueras, president de l&#8217;Associaci\u00f3 per a la Difusi\u00f3 i Promoci\u00f3 del Patrimoni Mundial d&#8217;Espanya i acad\u00e8mic de n\u00famero de la Reial Acad\u00e8mia Europea de Doctors-Barcelona 1914 (RAED), va presentar el passat 10 de setembre al Cercle Catal\u00e0 de Madrid la seva \u00faltima obra: &#8220;Catalu\u00f1a en Madrid. Una visi\u00f3n de Catalu\u00f1a desde Madrid&#8221;, on recull [&hellip;]\" \/>\n<meta property=\"og:url\" content=\"https:\/\/raed.academy\/ca\/catalunya-des-de-madrid\/\" \/>\n<meta property=\"og:site_name\" content=\"Reial Acad\u00e8mia Europea de Doctors\" \/>\n<meta property=\"article:publisher\" content=\"http:\/\/fb.me\/raed.academy\" \/>\n<meta property=\"article:published_time\" content=\"2019-09-20T05:53:46+00:00\" \/>\n<meta property=\"article:modified_time\" content=\"2019-09-20T09:51:51+00:00\" \/>\n<meta property=\"og:image\" content=\"https:\/\/raed.academy\/wp-content\/uploads\/2019\/09\/Catalu\u00f1a-en-Madrid-portada-libro-Ignacio-Buqueras.jpg\" \/>\n\t<meta property=\"og:image:width\" content=\"400\" \/>\n\t<meta property=\"og:image:height\" content=\"572\" \/>\n\t<meta property=\"og:image:type\" content=\"image\/jpeg\" \/>\n<meta name=\"author\" content=\"RAED\" \/>\n<meta name=\"twitter:card\" content=\"summary_large_image\" \/>\n<meta name=\"twitter:creator\" content=\"@raedacademy\" \/>\n<meta name=\"twitter:site\" content=\"@raedacademy\" \/>\n<meta name=\"twitter:label1\" content=\"Written by\" \/>\n\t<meta name=\"twitter:data1\" content=\"RAED\" \/>\n\t<meta name=\"twitter:label2\" content=\"Est. reading time\" \/>\n\t<meta name=\"twitter:data2\" content=\"2 minutes\" \/>\n<script type=\"application\/ld+json\" class=\"yoast-schema-graph\">{\"@context\":\"https:\\\/\\\/schema.org\",\"@graph\":[{\"@type\":\"Article\",\"@id\":\"https:\\\/\\\/raed.academy\\\/ca\\\/catalunya-des-de-madrid\\\/#article\",\"isPartOf\":{\"@id\":\"https:\\\/\\\/raed.academy\\\/ca\\\/catalunya-des-de-madrid\\\/\"},\"author\":{\"name\":\"RAED\",\"@id\":\"https:\\\/\\\/raed.academy\\\/ca\\\/#\\\/schema\\\/person\\\/5a755da80d1d979fd66ba745c8702927\"},\"headline\":\"Catalunya des de Madrid\",\"datePublished\":\"2019-09-20T05:53:46+00:00\",\"dateModified\":\"2019-09-20T09:51:51+00:00\",\"mainEntityOfPage\":{\"@id\":\"https:\\\/\\\/raed.academy\\\/ca\\\/catalunya-des-de-madrid\\\/\"},\"wordCount\":462,\"publisher\":{\"@id\":\"https:\\\/\\\/raed.academy\\\/ca\\\/#organization\"},\"image\":{\"@id\":\"https:\\\/\\\/raed.academy\\\/ca\\\/catalunya-des-de-madrid\\\/#primaryimage\"},\"thumbnailUrl\":\"https:\\\/\\\/raed.academy\\\/wp-content\\\/uploads\\\/2019\\\/09\\\/Catalu\u00f1a-en-Madrid-portada-libro-Ignacio-Buqueras.jpg\",\"articleSection\":[\"Hist\u00f2ria\"],\"inLanguage\":\"ca-ES\"},{\"@type\":\"WebPage\",\"@id\":\"https:\\\/\\\/raed.academy\\\/ca\\\/catalunya-des-de-madrid\\\/\",\"url\":\"https:\\\/\\\/raed.academy\\\/ca\\\/catalunya-des-de-madrid\\\/\",\"name\":\"Catalunya des de Madrid - Reial Acad\u00e8mia Europea de Doctors\",\"isPartOf\":{\"@id\":\"https:\\\/\\\/raed.academy\\\/ca\\\/#website\"},\"primaryImageOfPage\":{\"@id\":\"https:\\\/\\\/raed.academy\\\/ca\\\/catalunya-des-de-madrid\\\/#primaryimage\"},\"image\":{\"@id\":\"https:\\\/\\\/raed.academy\\\/ca\\\/catalunya-des-de-madrid\\\/#primaryimage\"},\"thumbnailUrl\":\"https:\\\/\\\/raed.academy\\\/wp-content\\\/uploads\\\/2019\\\/09\\\/Catalu\u00f1a-en-Madrid-portada-libro-Ignacio-Buqueras.jpg\",\"datePublished\":\"2019-09-20T05:53:46+00:00\",\"dateModified\":\"2019-09-20T09:51:51+00:00\",\"breadcrumb\":{\"@id\":\"https:\\\/\\\/raed.academy\\\/ca\\\/catalunya-des-de-madrid\\\/#breadcrumb\"},\"inLanguage\":\"ca-ES\",\"potentialAction\":[{\"@type\":\"ReadAction\",\"target\":[\"https:\\\/\\\/raed.academy\\\/ca\\\/catalunya-des-de-madrid\\\/\"]}]},{\"@type\":\"ImageObject\",\"inLanguage\":\"ca-ES\",\"@id\":\"https:\\\/\\\/raed.academy\\\/ca\\\/catalunya-des-de-madrid\\\/#primaryimage\",\"url\":\"https:\\\/\\\/raed.academy\\\/wp-content\\\/uploads\\\/2019\\\/09\\\/Catalu\u00f1a-en-Madrid-portada-libro-Ignacio-Buqueras.jpg\",\"contentUrl\":\"https:\\\/\\\/raed.academy\\\/wp-content\\\/uploads\\\/2019\\\/09\\\/Catalu\u00f1a-en-Madrid-portada-libro-Ignacio-Buqueras.jpg\",\"width\":400,\"height\":572},{\"@type\":\"BreadcrumbList\",\"@id\":\"https:\\\/\\\/raed.academy\\\/ca\\\/catalunya-des-de-madrid\\\/#breadcrumb\",\"itemListElement\":[{\"@type\":\"ListItem\",\"position\":1,\"name\":\"Inicio\",\"item\":\"https:\\\/\\\/raed.academy\\\/ca\\\/\"},{\"@type\":\"ListItem\",\"position\":2,\"name\":\"Catalunya des de Madrid\"}]},{\"@type\":\"WebSite\",\"@id\":\"https:\\\/\\\/raed.academy\\\/ca\\\/#website\",\"url\":\"https:\\\/\\\/raed.academy\\\/ca\\\/\",\"name\":\"Reial Acad\u00e8mia Europea de Doctors\",\"description\":\"Corporaci\u00f3n de derecho p\u00fablico de car\u00e1cter cient\u00edfico, t\u00e9cnico y art\u00edstico, que tiene por objeto la investigaci\u00f3n, el estudio, el fomento y la extensi\u00f3n del conocimiento en su sentido m\u00e1s amplio\",\"publisher\":{\"@id\":\"https:\\\/\\\/raed.academy\\\/ca\\\/#organization\"},\"potentialAction\":[{\"@type\":\"SearchAction\",\"target\":{\"@type\":\"EntryPoint\",\"urlTemplate\":\"https:\\\/\\\/raed.academy\\\/ca\\\/?s={search_term_string}\"},\"query-input\":{\"@type\":\"PropertyValueSpecification\",\"valueRequired\":true,\"valueName\":\"search_term_string\"}}],\"inLanguage\":\"ca-ES\"},{\"@type\":\"Organization\",\"@id\":\"https:\\\/\\\/raed.academy\\\/ca\\\/#organization\",\"name\":\"Real Academia Europea de Doctores\",\"url\":\"https:\\\/\\\/raed.academy\\\/ca\\\/\",\"logo\":{\"@type\":\"ImageObject\",\"inLanguage\":\"ca-ES\",\"@id\":\"https:\\\/\\\/raed.academy\\\/ca\\\/#\\\/schema\\\/logo\\\/image\\\/\",\"url\":\"https:\\\/\\\/raed.academy\\\/wp-content\\\/uploads\\\/2017\\\/01\\\/cropped-logo_raed.png\",\"contentUrl\":\"https:\\\/\\\/raed.academy\\\/wp-content\\\/uploads\\\/2017\\\/01\\\/cropped-logo_raed.png\",\"width\":512,\"height\":512,\"caption\":\"Real Academia Europea de Doctores\"},\"image\":{\"@id\":\"https:\\\/\\\/raed.academy\\\/ca\\\/#\\\/schema\\\/logo\\\/image\\\/\"},\"sameAs\":[\"http:\\\/\\\/fb.me\\\/raed.academy\",\"https:\\\/\\\/x.com\\\/raedacademy\",\"https:\\\/\\\/www.instagram.com\\\/raed.academy\\\/\",\"https:\\\/\\\/www.youtube.com\\\/channel\\\/UCUYQwW2KrdirNWihxMDObwg\"]},{\"@type\":\"Person\",\"@id\":\"https:\\\/\\\/raed.academy\\\/ca\\\/#\\\/schema\\\/person\\\/5a755da80d1d979fd66ba745c8702927\",\"name\":\"RAED\",\"image\":{\"@type\":\"ImageObject\",\"inLanguage\":\"ca-ES\",\"@id\":\"https:\\\/\\\/secure.gravatar.com\\\/avatar\\\/19fdfdc0d67fb9c45714b703a2ac82251c4fcea3637f002ac3c9b74c0183583c?s=96&d=mm&r=g\",\"url\":\"https:\\\/\\\/secure.gravatar.com\\\/avatar\\\/19fdfdc0d67fb9c45714b703a2ac82251c4fcea3637f002ac3c9b74c0183583c?s=96&d=mm&r=g\",\"contentUrl\":\"https:\\\/\\\/secure.gravatar.com\\\/avatar\\\/19fdfdc0d67fb9c45714b703a2ac82251c4fcea3637f002ac3c9b74c0183583c?s=96&d=mm&r=g\",\"caption\":\"RAED\"}}]}<\/script>\n<!-- \/ Yoast SEO plugin. -->","yoast_head_json":{"title":"Catalunya des de Madrid - Reial Acad\u00e8mia Europea de Doctors","robots":{"index":"index","follow":"follow","max-snippet":"max-snippet:-1","max-image-preview":"max-image-preview:large","max-video-preview":"max-video-preview:-1"},"canonical":"https:\/\/raed.academy\/ca\/catalunya-des-de-madrid\/","og_locale":"ca_ES","og_type":"article","og_title":"Catalunya des de Madrid - Reial Acad\u00e8mia Europea de Doctors","og_description":"Ignacio Buqueras, president de l&#8217;Associaci\u00f3 per a la Difusi\u00f3 i Promoci\u00f3 del Patrimoni Mundial d&#8217;Espanya i acad\u00e8mic de n\u00famero de la Reial Acad\u00e8mia Europea de Doctors-Barcelona 1914 (RAED), va presentar el passat 10 de setembre al Cercle Catal\u00e0 de Madrid la seva \u00faltima obra: &#8220;Catalu\u00f1a en Madrid. Una visi\u00f3n de Catalu\u00f1a desde Madrid&#8221;, on recull [&hellip;]","og_url":"https:\/\/raed.academy\/ca\/catalunya-des-de-madrid\/","og_site_name":"Reial Acad\u00e8mia Europea de Doctors","article_publisher":"http:\/\/fb.me\/raed.academy","article_published_time":"2019-09-20T05:53:46+00:00","article_modified_time":"2019-09-20T09:51:51+00:00","og_image":[{"width":400,"height":572,"url":"https:\/\/raed.academy\/wp-content\/uploads\/2019\/09\/Catalu\u00f1a-en-Madrid-portada-libro-Ignacio-Buqueras.jpg","type":"image\/jpeg"}],"author":"RAED","twitter_card":"summary_large_image","twitter_creator":"@raedacademy","twitter_site":"@raedacademy","twitter_misc":{"Written by":"RAED","Est. reading time":"2 minutes"},"schema":{"@context":"https:\/\/schema.org","@graph":[{"@type":"Article","@id":"https:\/\/raed.academy\/ca\/catalunya-des-de-madrid\/#article","isPartOf":{"@id":"https:\/\/raed.academy\/ca\/catalunya-des-de-madrid\/"},"author":{"name":"RAED","@id":"https:\/\/raed.academy\/ca\/#\/schema\/person\/5a755da80d1d979fd66ba745c8702927"},"headline":"Catalunya des de Madrid","datePublished":"2019-09-20T05:53:46+00:00","dateModified":"2019-09-20T09:51:51+00:00","mainEntityOfPage":{"@id":"https:\/\/raed.academy\/ca\/catalunya-des-de-madrid\/"},"wordCount":462,"publisher":{"@id":"https:\/\/raed.academy\/ca\/#organization"},"image":{"@id":"https:\/\/raed.academy\/ca\/catalunya-des-de-madrid\/#primaryimage"},"thumbnailUrl":"https:\/\/raed.academy\/wp-content\/uploads\/2019\/09\/Catalu\u00f1a-en-Madrid-portada-libro-Ignacio-Buqueras.jpg","articleSection":["Hist\u00f2ria"],"inLanguage":"ca-ES"},{"@type":"WebPage","@id":"https:\/\/raed.academy\/ca\/catalunya-des-de-madrid\/","url":"https:\/\/raed.academy\/ca\/catalunya-des-de-madrid\/","name":"Catalunya des de Madrid - Reial Acad\u00e8mia Europea de Doctors","isPartOf":{"@id":"https:\/\/raed.academy\/ca\/#website"},"primaryImageOfPage":{"@id":"https:\/\/raed.academy\/ca\/catalunya-des-de-madrid\/#primaryimage"},"image":{"@id":"https:\/\/raed.academy\/ca\/catalunya-des-de-madrid\/#primaryimage"},"thumbnailUrl":"https:\/\/raed.academy\/wp-content\/uploads\/2019\/09\/Catalu\u00f1a-en-Madrid-portada-libro-Ignacio-Buqueras.jpg","datePublished":"2019-09-20T05:53:46+00:00","dateModified":"2019-09-20T09:51:51+00:00","breadcrumb":{"@id":"https:\/\/raed.academy\/ca\/catalunya-des-de-madrid\/#breadcrumb"},"inLanguage":"ca-ES","potentialAction":[{"@type":"ReadAction","target":["https:\/\/raed.academy\/ca\/catalunya-des-de-madrid\/"]}]},{"@type":"ImageObject","inLanguage":"ca-ES","@id":"https:\/\/raed.academy\/ca\/catalunya-des-de-madrid\/#primaryimage","url":"https:\/\/raed.academy\/wp-content\/uploads\/2019\/09\/Catalu\u00f1a-en-Madrid-portada-libro-Ignacio-Buqueras.jpg","contentUrl":"https:\/\/raed.academy\/wp-content\/uploads\/2019\/09\/Catalu\u00f1a-en-Madrid-portada-libro-Ignacio-Buqueras.jpg","width":400,"height":572},{"@type":"BreadcrumbList","@id":"https:\/\/raed.academy\/ca\/catalunya-des-de-madrid\/#breadcrumb","itemListElement":[{"@type":"ListItem","position":1,"name":"Inicio","item":"https:\/\/raed.academy\/ca\/"},{"@type":"ListItem","position":2,"name":"Catalunya des de Madrid"}]},{"@type":"WebSite","@id":"https:\/\/raed.academy\/ca\/#website","url":"https:\/\/raed.academy\/ca\/","name":"Reial Acad\u00e8mia Europea de Doctors","description":"Corporaci\u00f3n de derecho p\u00fablico de car\u00e1cter cient\u00edfico, t\u00e9cnico y art\u00edstico, que tiene por objeto la investigaci\u00f3n, el estudio, el fomento y la extensi\u00f3n del conocimiento en su sentido m\u00e1s amplio","publisher":{"@id":"https:\/\/raed.academy\/ca\/#organization"},"potentialAction":[{"@type":"SearchAction","target":{"@type":"EntryPoint","urlTemplate":"https:\/\/raed.academy\/ca\/?s={search_term_string}"},"query-input":{"@type":"PropertyValueSpecification","valueRequired":true,"valueName":"search_term_string"}}],"inLanguage":"ca-ES"},{"@type":"Organization","@id":"https:\/\/raed.academy\/ca\/#organization","name":"Real Academia Europea de Doctores","url":"https:\/\/raed.academy\/ca\/","logo":{"@type":"ImageObject","inLanguage":"ca-ES","@id":"https:\/\/raed.academy\/ca\/#\/schema\/logo\/image\/","url":"https:\/\/raed.academy\/wp-content\/uploads\/2017\/01\/cropped-logo_raed.png","contentUrl":"https:\/\/raed.academy\/wp-content\/uploads\/2017\/01\/cropped-logo_raed.png","width":512,"height":512,"caption":"Real Academia Europea de Doctores"},"image":{"@id":"https:\/\/raed.academy\/ca\/#\/schema\/logo\/image\/"},"sameAs":["http:\/\/fb.me\/raed.academy","https:\/\/x.com\/raedacademy","https:\/\/www.instagram.com\/raed.academy\/","https:\/\/www.youtube.com\/channel\/UCUYQwW2KrdirNWihxMDObwg"]},{"@type":"Person","@id":"https:\/\/raed.academy\/ca\/#\/schema\/person\/5a755da80d1d979fd66ba745c8702927","name":"RAED","image":{"@type":"ImageObject","inLanguage":"ca-ES","@id":"https:\/\/secure.gravatar.com\/avatar\/19fdfdc0d67fb9c45714b703a2ac82251c4fcea3637f002ac3c9b74c0183583c?s=96&d=mm&r=g","url":"https:\/\/secure.gravatar.com\/avatar\/19fdfdc0d67fb9c45714b703a2ac82251c4fcea3637f002ac3c9b74c0183583c?s=96&d=mm&r=g","contentUrl":"https:\/\/secure.gravatar.com\/avatar\/19fdfdc0d67fb9c45714b703a2ac82251c4fcea3637f002ac3c9b74c0183583c?s=96&d=mm&r=g","caption":"RAED"}}]}},"_links":{"self":[{"href":"https:\/\/raed.academy\/ca\/wp-json\/wp\/v2\/posts\/79372","targetHints":{"allow":["GET"]}}],"collection":[{"href":"https:\/\/raed.academy\/ca\/wp-json\/wp\/v2\/posts"}],"about":[{"href":"https:\/\/raed.academy\/ca\/wp-json\/wp\/v2\/types\/post"}],"author":[{"embeddable":true,"href":"https:\/\/raed.academy\/ca\/wp-json\/wp\/v2\/users\/12"}],"replies":[{"embeddable":true,"href":"https:\/\/raed.academy\/ca\/wp-json\/wp\/v2\/comments?post=79372"}],"version-history":[{"count":0,"href":"https:\/\/raed.academy\/ca\/wp-json\/wp\/v2\/posts\/79372\/revisions"}],"wp:featuredmedia":[{"embeddable":true,"href":"https:\/\/raed.academy\/ca\/wp-json\/wp\/v2\/media\/79046"}],"wp:attachment":[{"href":"https:\/\/raed.academy\/ca\/wp-json\/wp\/v2\/media?parent=79372"}],"wp:term":[{"taxonomy":"category","embeddable":true,"href":"https:\/\/raed.academy\/ca\/wp-json\/wp\/v2\/categories?post=79372"},{"taxonomy":"post_tag","embeddable":true,"href":"https:\/\/raed.academy\/ca\/wp-json\/wp\/v2\/tags?post=79372"}],"curies":[{"name":"wp","href":"https:\/\/api.w.org\/{rel}","templated":true}]}}