{"id":79369,"date":"2019-09-20T05:42:14","date_gmt":"2019-09-20T05:42:14","guid":{"rendered":"https:\/\/raed.academy\/?p=79369"},"modified":"2019-09-20T09:43:35","modified_gmt":"2019-09-20T09:43:35","slug":"el-nen-i-el-seu-entorn","status":"publish","type":"post","link":"https:\/\/raed.academy\/ca\/el-nen-i-el-seu-entorn\/","title":{"rendered":"El nen i el seu entorn"},"content":{"rendered":"<p><img loading=\"lazy\" decoding=\"async\" class=\"alignleft size-full wp-image-79051\" src=\"https:\/\/raed.academy\/wp-content\/uploads\/2019\/09\/el-entorno-social-ni\u00f1o-y-adolescente-libro-Joaquin-Callabed.jpg\" alt=\"el entorno social ni\u00f1o y adolescente libro Joaquin Callabed\" width=\"370\" height=\"526\" data-attachment-id=\"79051\" data-permalink=\"https:\/\/raed.academy\/el-nino-y-su-entorno\/el-entorno-social-nino-y-adolescente-libro-joaquin-callabed\/\" data-orig-file=\"https:\/\/raed.academy\/wp-content\/uploads\/2019\/09\/el-entorno-social-ni\u00f1o-y-adolescente-libro-Joaquin-Callabed.jpg\" data-orig-size=\"370,526\" data-comments-opened=\"0\" data-image-meta=\"{&quot;aperture&quot;:&quot;0&quot;,&quot;credit&quot;:&quot;&quot;,&quot;camera&quot;:&quot;&quot;,&quot;caption&quot;:&quot;&quot;,&quot;created_timestamp&quot;:&quot;0&quot;,&quot;copyright&quot;:&quot;&quot;,&quot;focal_length&quot;:&quot;0&quot;,&quot;iso&quot;:&quot;0&quot;,&quot;shutter_speed&quot;:&quot;0&quot;,&quot;title&quot;:&quot;&quot;,&quot;orientation&quot;:&quot;0&quot;}\" data-image-title=\"el entorno social ni\u00f1o y adolescente libro Joaquin Callabed\" data-image-description=\"\" data-medium-file=\"https:\/\/raed.academy\/wp-content\/uploads\/2019\/09\/el-entorno-social-ni\u00f1o-y-adolescente-libro-Joaquin-Callabed.jpg\" data-large-file=\"https:\/\/raed.academy\/wp-content\/uploads\/2019\/09\/el-entorno-social-ni\u00f1o-y-adolescente-libro-Joaquin-Callabed.jpg\" \/><a href=\"https:\/\/raed.academy\/ca\/academics\/dr-joaquin-callabed-carracedo\/\" target=\"_blank\" rel=\"noopener noreferrer\"><strong>Joaqu\u00edn Callabed<\/strong><\/a>, acad\u00e8mic de n\u00famero de la <strong>Reial Acad\u00e8mia Europea de Doctors-Barcelona 1914<\/strong> (RAED) i president del <strong>Club de Pediatria Social<\/strong>, ha donat a la Biblioteca de l&#8217;Acad\u00e8mia el llibre <strong>&#8220;El entorno social, ni\u00f1o y adolescente. Familia, adolescencia, adopci\u00f3n e inmigraci\u00f3n&#8221;<\/strong> (Editorial Laertes), coordinat i escrit en bona part pel propi Callabed al costat de <strong>Mar\u00eda Jes\u00fas Comellas<\/strong> i <strong>Mar\u00eda Jes\u00fas Mardomingo<\/strong>, entre d&#8217;altres autors especialistes en diferents disciplines. L&#8217;obra, de fet, aborda des d&#8217;un enfocament pluridisciplinar la important influ\u00e8ncia que t\u00e9 en el menor el seu context familiar i social, posant l&#8217;accent en entorns complexos com ara l&#8217;adopci\u00f3 o la immigraci\u00f3.<\/p>\n<p>Al llarg de gaireb\u00e9 300 p\u00e0gines, diversos professionals, des de pediatres, diplomats d&#8217;infermeria, pedagogs, psic\u00f2legs i psiquiatres fins a juristes o epidemi\u00f2legs, fan les seves aportacions sobre aquests temes d&#8217;actualitat sota les directrius marcades pel Club de Pediatria Social. El contingut abasta estudis sobre la fam\u00edlia, la lact\u00e0ncia materna, l&#8217;adopci\u00f3, l&#8217;adolesc\u00e8ncia, la immigraci\u00f3, la psicofarmacologia i el medi ambient, juntament amb algunes reflexions filos\u00f2fiques i human\u00edstiques. Els temes analitzats s&#8217;agrupen en tres grans blocs: aspectes legals, psicol\u00f2gics i pedi\u00e0trics.<\/p>\n<p>Doctor en Medicina i Cirurgia i especialista en l&#8217;estudi pluridisciplinari dels problemes que afecten la inf\u00e0ncia i l&#8217;adolesc\u00e8ncia i membre de 12 societats cient\u00edfiques nacionals i internacionals, Callabed \u00e9s autor de m\u00e9s d&#8217;una vintena de llibres dedicats a la mat\u00e8ria i un referent en l&#8217;atenci\u00f3 integral als menors. Maria Jes\u00fas Comellas \u00e9s doctora en Psicologia, professora em\u00e8rita titular d&#8217;Orientaci\u00f3 Educativa del Departament de Pedagogia Aplicada de la <a href=\"http:\/\/www.uab.edu\" target=\"_blank\" rel=\"noopener noreferrer\"><strong>Universitat Aut\u00f2noma de Barcelona<\/strong><\/a> i directora del seu <strong>Grup de Recerca, Orientaci\u00f3 i Desenvolupament Educatiu<\/strong>. Maria Jes\u00fas Mardomingo, per la seva banda, \u00e9s responsable de Psiquiatria i Psicologia Infantil de l&#8217;<a href=\"http:\/\/www.madrid.org\/cs\/Satellite?pagename=HospitalGregorioMaranon\/Page\/HGMA_home\" target=\"_blank\" rel=\"noopener noreferrer\"><strong>Hospital General Universitari Gregorio Mara\u00f1\u00f3n<\/strong><\/a> de Madrid i professora de la <a href=\"http:\/\/www.ucm.es\" target=\"_blank\" rel=\"noopener noreferrer\"><strong>Universitat Complutense de Madrid<\/strong><\/a>.<\/p>\n","protected":false},"excerpt":{"rendered":"<p>Joaqu\u00edn Callabed, acad\u00e8mic de n\u00famero de la Reial Acad\u00e8mia Europea de Doctors-Barcelona 1914 (RAED) i president del Club de Pediatria Social, ha donat a la Biblioteca de l&#8217;Acad\u00e8mia el llibre &#8220;El entorno social, ni\u00f1o y adolescente. Familia, adolescencia, adopci\u00f3n e inmigraci\u00f3n&#8221; (Editorial Laertes), coordinat i escrit en bona part pel propi Callabed al costat de [&hellip;]<\/p>\n","protected":false},"author":12,"featured_media":60506,"comment_status":"closed","ping_status":"closed","sticky":false,"template":"","format":"standard","meta":{"_et_pb_use_builder":"","_et_pb_old_content":"","_et_gb_content_width":"","footnotes":""},"categories":[213],"tags":[],"class_list":["post-79369","post","type-post","status-publish","format-standard","has-post-thumbnail","hentry","category-medicina-i-cirurgia","et-has-post-format-content","et_post_format-et-post-format-standard"],"yoast_head":"<!-- This site is optimized with the Yoast SEO plugin v27.4 - https:\/\/yoast.com\/product\/yoast-seo-wordpress\/ -->\n<title>El nen i el seu entorn - Reial Acad\u00e8mia Europea de Doctors<\/title>\n<meta name=\"robots\" content=\"index, follow, max-snippet:-1, max-image-preview:large, max-video-preview:-1\" \/>\n<link rel=\"canonical\" href=\"https:\/\/raed.academy\/ca\/el-nen-i-el-seu-entorn\/\" \/>\n<meta property=\"og:locale\" content=\"ca_ES\" \/>\n<meta property=\"og:type\" content=\"article\" \/>\n<meta property=\"og:title\" content=\"El nen i el seu entorn - Reial Acad\u00e8mia Europea de Doctors\" \/>\n<meta property=\"og:description\" content=\"Joaqu\u00edn Callabed, acad\u00e8mic de n\u00famero de la Reial Acad\u00e8mia Europea de Doctors-Barcelona 1914 (RAED) i president del Club de Pediatria Social, ha donat a la Biblioteca de l&#8217;Acad\u00e8mia el llibre &#8220;El entorno social, ni\u00f1o y adolescente. Familia, adolescencia, adopci\u00f3n e inmigraci\u00f3n&#8221; (Editorial Laertes), coordinat i escrit en bona part pel propi Callabed al costat de [&hellip;]\" \/>\n<meta property=\"og:url\" content=\"https:\/\/raed.academy\/ca\/el-nen-i-el-seu-entorn\/\" \/>\n<meta property=\"og:site_name\" content=\"Reial Acad\u00e8mia Europea de Doctors\" \/>\n<meta property=\"article:publisher\" content=\"http:\/\/fb.me\/raed.academy\" \/>\n<meta property=\"article:published_time\" content=\"2019-09-20T05:42:14+00:00\" \/>\n<meta property=\"article:modified_time\" content=\"2019-09-20T09:43:35+00:00\" \/>\n<meta property=\"og:image\" content=\"https:\/\/raed.academy\/wp-content\/uploads\/2018\/10\/Joaquin-Callabed.jpg\" \/>\n\t<meta property=\"og:image:width\" content=\"400\" \/>\n\t<meta property=\"og:image:height\" content=\"288\" \/>\n\t<meta property=\"og:image:type\" content=\"image\/jpeg\" \/>\n<meta name=\"author\" content=\"RAED\" \/>\n<meta name=\"twitter:card\" content=\"summary_large_image\" \/>\n<meta name=\"twitter:creator\" content=\"@raedacademy\" \/>\n<meta name=\"twitter:site\" content=\"@raedacademy\" \/>\n<meta name=\"twitter:label1\" content=\"Written by\" \/>\n\t<meta name=\"twitter:data1\" content=\"RAED\" \/>\n\t<meta name=\"twitter:label2\" content=\"Est. reading time\" \/>\n\t<meta name=\"twitter:data2\" content=\"2 minutes\" \/>\n<script type=\"application\/ld+json\" class=\"yoast-schema-graph\">{\"@context\":\"https:\\\/\\\/schema.org\",\"@graph\":[{\"@type\":\"Article\",\"@id\":\"https:\\\/\\\/raed.academy\\\/ca\\\/el-nen-i-el-seu-entorn\\\/#article\",\"isPartOf\":{\"@id\":\"https:\\\/\\\/raed.academy\\\/ca\\\/el-nen-i-el-seu-entorn\\\/\"},\"author\":{\"name\":\"RAED\",\"@id\":\"https:\\\/\\\/raed.academy\\\/ca\\\/#\\\/schema\\\/person\\\/5a755da80d1d979fd66ba745c8702927\"},\"headline\":\"El nen i el seu entorn\",\"datePublished\":\"2019-09-20T05:42:14+00:00\",\"dateModified\":\"2019-09-20T09:43:35+00:00\",\"mainEntityOfPage\":{\"@id\":\"https:\\\/\\\/raed.academy\\\/ca\\\/el-nen-i-el-seu-entorn\\\/\"},\"wordCount\":346,\"publisher\":{\"@id\":\"https:\\\/\\\/raed.academy\\\/ca\\\/#organization\"},\"image\":{\"@id\":\"https:\\\/\\\/raed.academy\\\/ca\\\/el-nen-i-el-seu-entorn\\\/#primaryimage\"},\"thumbnailUrl\":\"https:\\\/\\\/raed.academy\\\/wp-content\\\/uploads\\\/2018\\\/10\\\/Joaquin-Callabed.jpg\",\"articleSection\":[\"Medicina i cirurgia\"],\"inLanguage\":\"ca-ES\"},{\"@type\":\"WebPage\",\"@id\":\"https:\\\/\\\/raed.academy\\\/ca\\\/el-nen-i-el-seu-entorn\\\/\",\"url\":\"https:\\\/\\\/raed.academy\\\/ca\\\/el-nen-i-el-seu-entorn\\\/\",\"name\":\"El nen i el seu entorn - Reial Acad\u00e8mia Europea de Doctors\",\"isPartOf\":{\"@id\":\"https:\\\/\\\/raed.academy\\\/ca\\\/#website\"},\"primaryImageOfPage\":{\"@id\":\"https:\\\/\\\/raed.academy\\\/ca\\\/el-nen-i-el-seu-entorn\\\/#primaryimage\"},\"image\":{\"@id\":\"https:\\\/\\\/raed.academy\\\/ca\\\/el-nen-i-el-seu-entorn\\\/#primaryimage\"},\"thumbnailUrl\":\"https:\\\/\\\/raed.academy\\\/wp-content\\\/uploads\\\/2018\\\/10\\\/Joaquin-Callabed.jpg\",\"datePublished\":\"2019-09-20T05:42:14+00:00\",\"dateModified\":\"2019-09-20T09:43:35+00:00\",\"breadcrumb\":{\"@id\":\"https:\\\/\\\/raed.academy\\\/ca\\\/el-nen-i-el-seu-entorn\\\/#breadcrumb\"},\"inLanguage\":\"ca-ES\",\"potentialAction\":[{\"@type\":\"ReadAction\",\"target\":[\"https:\\\/\\\/raed.academy\\\/ca\\\/el-nen-i-el-seu-entorn\\\/\"]}]},{\"@type\":\"ImageObject\",\"inLanguage\":\"ca-ES\",\"@id\":\"https:\\\/\\\/raed.academy\\\/ca\\\/el-nen-i-el-seu-entorn\\\/#primaryimage\",\"url\":\"https:\\\/\\\/raed.academy\\\/wp-content\\\/uploads\\\/2018\\\/10\\\/Joaquin-Callabed.jpg\",\"contentUrl\":\"https:\\\/\\\/raed.academy\\\/wp-content\\\/uploads\\\/2018\\\/10\\\/Joaquin-Callabed.jpg\",\"width\":400,\"height\":288,\"caption\":\"Joaqu\u00edn Callabed\"},{\"@type\":\"BreadcrumbList\",\"@id\":\"https:\\\/\\\/raed.academy\\\/ca\\\/el-nen-i-el-seu-entorn\\\/#breadcrumb\",\"itemListElement\":[{\"@type\":\"ListItem\",\"position\":1,\"name\":\"Inicio\",\"item\":\"https:\\\/\\\/raed.academy\\\/ca\\\/\"},{\"@type\":\"ListItem\",\"position\":2,\"name\":\"El nen i el seu entorn\"}]},{\"@type\":\"WebSite\",\"@id\":\"https:\\\/\\\/raed.academy\\\/ca\\\/#website\",\"url\":\"https:\\\/\\\/raed.academy\\\/ca\\\/\",\"name\":\"Reial Acad\u00e8mia Europea de Doctors\",\"description\":\"Corporaci\u00f3n de derecho p\u00fablico de car\u00e1cter cient\u00edfico, t\u00e9cnico y art\u00edstico, que tiene por objeto la investigaci\u00f3n, el estudio, el fomento y la extensi\u00f3n del conocimiento en su sentido m\u00e1s amplio\",\"publisher\":{\"@id\":\"https:\\\/\\\/raed.academy\\\/ca\\\/#organization\"},\"potentialAction\":[{\"@type\":\"SearchAction\",\"target\":{\"@type\":\"EntryPoint\",\"urlTemplate\":\"https:\\\/\\\/raed.academy\\\/ca\\\/?s={search_term_string}\"},\"query-input\":{\"@type\":\"PropertyValueSpecification\",\"valueRequired\":true,\"valueName\":\"search_term_string\"}}],\"inLanguage\":\"ca-ES\"},{\"@type\":\"Organization\",\"@id\":\"https:\\\/\\\/raed.academy\\\/ca\\\/#organization\",\"name\":\"Real Academia Europea de Doctores\",\"url\":\"https:\\\/\\\/raed.academy\\\/ca\\\/\",\"logo\":{\"@type\":\"ImageObject\",\"inLanguage\":\"ca-ES\",\"@id\":\"https:\\\/\\\/raed.academy\\\/ca\\\/#\\\/schema\\\/logo\\\/image\\\/\",\"url\":\"https:\\\/\\\/raed.academy\\\/wp-content\\\/uploads\\\/2017\\\/01\\\/cropped-logo_raed.png\",\"contentUrl\":\"https:\\\/\\\/raed.academy\\\/wp-content\\\/uploads\\\/2017\\\/01\\\/cropped-logo_raed.png\",\"width\":512,\"height\":512,\"caption\":\"Real Academia Europea de Doctores\"},\"image\":{\"@id\":\"https:\\\/\\\/raed.academy\\\/ca\\\/#\\\/schema\\\/logo\\\/image\\\/\"},\"sameAs\":[\"http:\\\/\\\/fb.me\\\/raed.academy\",\"https:\\\/\\\/x.com\\\/raedacademy\",\"https:\\\/\\\/www.instagram.com\\\/raed.academy\\\/\",\"https:\\\/\\\/www.youtube.com\\\/channel\\\/UCUYQwW2KrdirNWihxMDObwg\"]},{\"@type\":\"Person\",\"@id\":\"https:\\\/\\\/raed.academy\\\/ca\\\/#\\\/schema\\\/person\\\/5a755da80d1d979fd66ba745c8702927\",\"name\":\"RAED\",\"image\":{\"@type\":\"ImageObject\",\"inLanguage\":\"ca-ES\",\"@id\":\"https:\\\/\\\/secure.gravatar.com\\\/avatar\\\/19fdfdc0d67fb9c45714b703a2ac82251c4fcea3637f002ac3c9b74c0183583c?s=96&d=mm&r=g\",\"url\":\"https:\\\/\\\/secure.gravatar.com\\\/avatar\\\/19fdfdc0d67fb9c45714b703a2ac82251c4fcea3637f002ac3c9b74c0183583c?s=96&d=mm&r=g\",\"contentUrl\":\"https:\\\/\\\/secure.gravatar.com\\\/avatar\\\/19fdfdc0d67fb9c45714b703a2ac82251c4fcea3637f002ac3c9b74c0183583c?s=96&d=mm&r=g\",\"caption\":\"RAED\"}}]}<\/script>\n<!-- \/ Yoast SEO plugin. -->","yoast_head_json":{"title":"El nen i el seu entorn - Reial Acad\u00e8mia Europea de Doctors","robots":{"index":"index","follow":"follow","max-snippet":"max-snippet:-1","max-image-preview":"max-image-preview:large","max-video-preview":"max-video-preview:-1"},"canonical":"https:\/\/raed.academy\/ca\/el-nen-i-el-seu-entorn\/","og_locale":"ca_ES","og_type":"article","og_title":"El nen i el seu entorn - Reial Acad\u00e8mia Europea de Doctors","og_description":"Joaqu\u00edn Callabed, acad\u00e8mic de n\u00famero de la Reial Acad\u00e8mia Europea de Doctors-Barcelona 1914 (RAED) i president del Club de Pediatria Social, ha donat a la Biblioteca de l&#8217;Acad\u00e8mia el llibre &#8220;El entorno social, ni\u00f1o y adolescente. Familia, adolescencia, adopci\u00f3n e inmigraci\u00f3n&#8221; (Editorial Laertes), coordinat i escrit en bona part pel propi Callabed al costat de [&hellip;]","og_url":"https:\/\/raed.academy\/ca\/el-nen-i-el-seu-entorn\/","og_site_name":"Reial Acad\u00e8mia Europea de Doctors","article_publisher":"http:\/\/fb.me\/raed.academy","article_published_time":"2019-09-20T05:42:14+00:00","article_modified_time":"2019-09-20T09:43:35+00:00","og_image":[{"width":400,"height":288,"url":"https:\/\/raed.academy\/wp-content\/uploads\/2018\/10\/Joaquin-Callabed.jpg","type":"image\/jpeg"}],"author":"RAED","twitter_card":"summary_large_image","twitter_creator":"@raedacademy","twitter_site":"@raedacademy","twitter_misc":{"Written by":"RAED","Est. reading time":"2 minutes"},"schema":{"@context":"https:\/\/schema.org","@graph":[{"@type":"Article","@id":"https:\/\/raed.academy\/ca\/el-nen-i-el-seu-entorn\/#article","isPartOf":{"@id":"https:\/\/raed.academy\/ca\/el-nen-i-el-seu-entorn\/"},"author":{"name":"RAED","@id":"https:\/\/raed.academy\/ca\/#\/schema\/person\/5a755da80d1d979fd66ba745c8702927"},"headline":"El nen i el seu entorn","datePublished":"2019-09-20T05:42:14+00:00","dateModified":"2019-09-20T09:43:35+00:00","mainEntityOfPage":{"@id":"https:\/\/raed.academy\/ca\/el-nen-i-el-seu-entorn\/"},"wordCount":346,"publisher":{"@id":"https:\/\/raed.academy\/ca\/#organization"},"image":{"@id":"https:\/\/raed.academy\/ca\/el-nen-i-el-seu-entorn\/#primaryimage"},"thumbnailUrl":"https:\/\/raed.academy\/wp-content\/uploads\/2018\/10\/Joaquin-Callabed.jpg","articleSection":["Medicina i cirurgia"],"inLanguage":"ca-ES"},{"@type":"WebPage","@id":"https:\/\/raed.academy\/ca\/el-nen-i-el-seu-entorn\/","url":"https:\/\/raed.academy\/ca\/el-nen-i-el-seu-entorn\/","name":"El nen i el seu entorn - Reial Acad\u00e8mia Europea de Doctors","isPartOf":{"@id":"https:\/\/raed.academy\/ca\/#website"},"primaryImageOfPage":{"@id":"https:\/\/raed.academy\/ca\/el-nen-i-el-seu-entorn\/#primaryimage"},"image":{"@id":"https:\/\/raed.academy\/ca\/el-nen-i-el-seu-entorn\/#primaryimage"},"thumbnailUrl":"https:\/\/raed.academy\/wp-content\/uploads\/2018\/10\/Joaquin-Callabed.jpg","datePublished":"2019-09-20T05:42:14+00:00","dateModified":"2019-09-20T09:43:35+00:00","breadcrumb":{"@id":"https:\/\/raed.academy\/ca\/el-nen-i-el-seu-entorn\/#breadcrumb"},"inLanguage":"ca-ES","potentialAction":[{"@type":"ReadAction","target":["https:\/\/raed.academy\/ca\/el-nen-i-el-seu-entorn\/"]}]},{"@type":"ImageObject","inLanguage":"ca-ES","@id":"https:\/\/raed.academy\/ca\/el-nen-i-el-seu-entorn\/#primaryimage","url":"https:\/\/raed.academy\/wp-content\/uploads\/2018\/10\/Joaquin-Callabed.jpg","contentUrl":"https:\/\/raed.academy\/wp-content\/uploads\/2018\/10\/Joaquin-Callabed.jpg","width":400,"height":288,"caption":"Joaqu\u00edn Callabed"},{"@type":"BreadcrumbList","@id":"https:\/\/raed.academy\/ca\/el-nen-i-el-seu-entorn\/#breadcrumb","itemListElement":[{"@type":"ListItem","position":1,"name":"Inicio","item":"https:\/\/raed.academy\/ca\/"},{"@type":"ListItem","position":2,"name":"El nen i el seu entorn"}]},{"@type":"WebSite","@id":"https:\/\/raed.academy\/ca\/#website","url":"https:\/\/raed.academy\/ca\/","name":"Reial Acad\u00e8mia Europea de Doctors","description":"Corporaci\u00f3n de derecho p\u00fablico de car\u00e1cter cient\u00edfico, t\u00e9cnico y art\u00edstico, que tiene por objeto la investigaci\u00f3n, el estudio, el fomento y la extensi\u00f3n del conocimiento en su sentido m\u00e1s amplio","publisher":{"@id":"https:\/\/raed.academy\/ca\/#organization"},"potentialAction":[{"@type":"SearchAction","target":{"@type":"EntryPoint","urlTemplate":"https:\/\/raed.academy\/ca\/?s={search_term_string}"},"query-input":{"@type":"PropertyValueSpecification","valueRequired":true,"valueName":"search_term_string"}}],"inLanguage":"ca-ES"},{"@type":"Organization","@id":"https:\/\/raed.academy\/ca\/#organization","name":"Real Academia Europea de Doctores","url":"https:\/\/raed.academy\/ca\/","logo":{"@type":"ImageObject","inLanguage":"ca-ES","@id":"https:\/\/raed.academy\/ca\/#\/schema\/logo\/image\/","url":"https:\/\/raed.academy\/wp-content\/uploads\/2017\/01\/cropped-logo_raed.png","contentUrl":"https:\/\/raed.academy\/wp-content\/uploads\/2017\/01\/cropped-logo_raed.png","width":512,"height":512,"caption":"Real Academia Europea de Doctores"},"image":{"@id":"https:\/\/raed.academy\/ca\/#\/schema\/logo\/image\/"},"sameAs":["http:\/\/fb.me\/raed.academy","https:\/\/x.com\/raedacademy","https:\/\/www.instagram.com\/raed.academy\/","https:\/\/www.youtube.com\/channel\/UCUYQwW2KrdirNWihxMDObwg"]},{"@type":"Person","@id":"https:\/\/raed.academy\/ca\/#\/schema\/person\/5a755da80d1d979fd66ba745c8702927","name":"RAED","image":{"@type":"ImageObject","inLanguage":"ca-ES","@id":"https:\/\/secure.gravatar.com\/avatar\/19fdfdc0d67fb9c45714b703a2ac82251c4fcea3637f002ac3c9b74c0183583c?s=96&d=mm&r=g","url":"https:\/\/secure.gravatar.com\/avatar\/19fdfdc0d67fb9c45714b703a2ac82251c4fcea3637f002ac3c9b74c0183583c?s=96&d=mm&r=g","contentUrl":"https:\/\/secure.gravatar.com\/avatar\/19fdfdc0d67fb9c45714b703a2ac82251c4fcea3637f002ac3c9b74c0183583c?s=96&d=mm&r=g","caption":"RAED"}}]}},"_links":{"self":[{"href":"https:\/\/raed.academy\/ca\/wp-json\/wp\/v2\/posts\/79369","targetHints":{"allow":["GET"]}}],"collection":[{"href":"https:\/\/raed.academy\/ca\/wp-json\/wp\/v2\/posts"}],"about":[{"href":"https:\/\/raed.academy\/ca\/wp-json\/wp\/v2\/types\/post"}],"author":[{"embeddable":true,"href":"https:\/\/raed.academy\/ca\/wp-json\/wp\/v2\/users\/12"}],"replies":[{"embeddable":true,"href":"https:\/\/raed.academy\/ca\/wp-json\/wp\/v2\/comments?post=79369"}],"version-history":[{"count":0,"href":"https:\/\/raed.academy\/ca\/wp-json\/wp\/v2\/posts\/79369\/revisions"}],"wp:featuredmedia":[{"embeddable":true,"href":"https:\/\/raed.academy\/ca\/wp-json\/wp\/v2\/media\/60506"}],"wp:attachment":[{"href":"https:\/\/raed.academy\/ca\/wp-json\/wp\/v2\/media?parent=79369"}],"wp:term":[{"taxonomy":"category","embeddable":true,"href":"https:\/\/raed.academy\/ca\/wp-json\/wp\/v2\/categories?post=79369"},{"taxonomy":"post_tag","embeddable":true,"href":"https:\/\/raed.academy\/ca\/wp-json\/wp\/v2\/tags?post=79369"}],"curies":[{"name":"wp","href":"https:\/\/api.w.org\/{rel}","templated":true}]}}