{"id":78495,"date":"2019-09-06T08:21:18","date_gmt":"2019-09-06T08:21:18","guid":{"rendered":"https:\/\/raed.academy\/?p=78495"},"modified":"2019-09-06T11:02:48","modified_gmt":"2019-09-06T11:02:48","slug":"jose-daniel-barquero-catedratic-a-la-salle","status":"publish","type":"post","link":"https:\/\/raed.academy\/ca\/jose-daniel-barquero-catedratic-a-la-salle\/","title":{"rendered":"Barquero, catedr\u00e0tic a La Salle"},"content":{"rendered":"<p><img loading=\"lazy\" decoding=\"async\" class=\"alignright size-full wp-image-75828 jetpack-lazy-image jetpack-lazy-image--handled\" src=\"https:\/\/raed.academy\/wp-content\/uploads\/2019\/07\/logo-La-Salle-dstNtc.jpg\" alt=\"\" width=\"350\" height=\"210\" data-attachment-id=\"75828\" data-permalink=\"https:\/\/raed.academy\/medalla-del-centenario-a-la-salle\/logo-la-salle-dstntc\/\" data-orig-file=\"https:\/\/raed.academy\/wp-content\/uploads\/2019\/07\/logo-La-Salle-dstNtc.jpg\" data-orig-size=\"350,210\" data-comments-opened=\"0\" data-image-meta=\"{&quot;aperture&quot;:&quot;0&quot;,&quot;credit&quot;:&quot;&quot;,&quot;camera&quot;:&quot;&quot;,&quot;caption&quot;:&quot;&quot;,&quot;created_timestamp&quot;:&quot;0&quot;,&quot;copyright&quot;:&quot;&quot;,&quot;focal_length&quot;:&quot;0&quot;,&quot;iso&quot;:&quot;0&quot;,&quot;shutter_speed&quot;:&quot;0&quot;,&quot;title&quot;:&quot;&quot;,&quot;orientation&quot;:&quot;0&quot;}\" data-image-title=\"logo-La-Salle-dstNtc\" data-image-description=\"\" data-medium-file=\"https:\/\/raed.academy\/wp-content\/uploads\/2019\/07\/logo-La-Salle-dstNtc.jpg\" data-large-file=\"https:\/\/raed.academy\/wp-content\/uploads\/2019\/07\/logo-La-Salle-dstNtc.jpg\" data-lazy-loaded=\"1\" \/><a href=\"https:\/\/raed.academy\/ca\/academics\/dr-jose-daniel-barquero-cabrero\/\" target=\"_blank\" rel=\"noopener noreferrer\"><strong>Jos\u00e9 Daniel Barquero<\/strong><\/a>, acad\u00e8mic de n\u00famero de la <strong>Reial Acad\u00e8mia Europea de Doctors-Barcelona 1914<\/strong> (RAED) i director general de <a href=\"https:\/\/es.eserp.com\/\" target=\"_blank\" rel=\"noopener noreferrer\"><strong>ESERP Business &amp; Law School<\/strong><\/a>, va obtenir el passat 17 de juliol la C\u00e0tedra d&#8217;Economia i Empresa a la <a href=\"http:\/\/www.uols.org\" target=\"_blank\" rel=\"noopener noreferrer\"><strong>Universitat Oberta La Salle<\/strong><\/a> despr\u00e9s de superar el corresponent examen davant un distingit tribunal de catedr\u00e0tics acreditats pel <a href=\"http:\/\/www.educacionyfp.gob.es\" target=\"_blank\" rel=\"noopener noreferrer\"><strong>Ministeri d&#8217;Educaci\u00f3 i Formaci\u00f3 Professional<\/strong><\/a>. Barquero exercir\u00e0 la C\u00e0tedra des de Madrid.<\/p>\n<p>Barquero ha dedicat la seva vida a l&#8217;estudi, a la investigaci\u00f3 cient\u00edfica i a la doc\u00e8ncia i ha merescut l&#8217;encomana de l&#8217;<strong>Ordre del M\u00e8rit Civil<\/strong>, el t\u00edtol de doctor honoris causa per universitats d&#8217;Europa, \u00c0sia i \u00c0frica i la <strong>Creu Europea d&#8217;Or<\/strong> que atorga la <a href=\"http:\/\/aefe.es\" target=\"_blank\" rel=\"noopener noreferrer\"><strong>Fundaci\u00f3 de Foment Europeu<\/strong><\/a>. Es va doctorar amb excel\u00b7lent cum laude en les \u00e0rees de Ci\u00e8ncies Econ\u00f2miques, Ci\u00e8ncies Jur\u00eddiques, Ci\u00e8ncies Socials i Ci\u00e8ncies de la Comunicaci\u00f3 per la <a href=\"http:\/\/www.uic.es\" target=\"_blank\" rel=\"noopener noreferrer\"><strong>Universitat Internacional de Catalunya<\/strong><\/a>, la <a href=\"http:\/\/www.ucjc.edu\" target=\"_blank\" rel=\"noopener noreferrer\"><strong>Universitat Camilo Jos\u00e9 Cela<\/strong><\/a>, la <a href=\"http:\/\/www.uadec.mx\" target=\"_blank\" rel=\"noopener noreferrer\"><strong>Universitat Aut\u00f2noma de Coahuila<\/strong><\/a> i, amb car\u00e0cter interuniversitari i de forma conjunta, la <a href=\"https:\/\/www.uma.es\" target=\"_blank\" rel=\"noopener noreferrer\"><strong>Universitat de M\u00e0laga<\/strong><\/a>, la <a href=\"http:\/\/www.us.es\" target=\"_blank\" rel=\"noopener noreferrer\"><strong>Universitat de Sevilla<\/strong><\/a>, la <a href=\"http:\/\/www.uhu.es\" target=\"_blank\" rel=\"noopener noreferrer\"><strong>Universitat d&#8217;Huelva<\/strong><\/a> i la <a href=\"http:\/\/www.uca.es\" target=\"_blank\" rel=\"noopener noreferrer\"><strong>Universitat de Cadis<\/strong><\/a>.<\/p>\n<p>\u00c9s president honor\u00edfic del <a href=\"http:\/\/www.consedoc.com\" target=\"_blank\" rel=\"noopener noreferrer\"><strong>Consell Superior Europeu de Doctors<\/strong><\/a>, acad\u00e8mic de la <a href=\"http:\/\/www.racef.es\" target=\"_blank\" rel=\"noopener noreferrer\"><strong>Reial Acad\u00e8mia de Ci\u00e8ncies Econ\u00f2miques i Financeres d&#8217;Espanya<\/strong><\/a>, acad\u00e8mic de la Reial Acad\u00e8mia Europea de Doctors, acad\u00e8mic de la <a href=\"http:\/\/iaidres.org.mx\" target=\"_blank\" rel=\"noopener noreferrer\"><strong>Il\u00b7lustre Acad\u00e8mia Iberoamericana de Doctors<\/strong><\/a> i acad\u00e8mic de l&#8217;<a href=\"https:\/\/academiaculturaeuropea.es\" target=\"_blank\" rel=\"noopener noreferrer\"><strong>Acad\u00e8mia de Cultura Europea<\/strong><\/a>, institucions totes de les que formen part nombrosos premis Nobel. A nivell internacional, ha investigat i treballat als Estats Units amb el professor <strong>Edward L. Bernays Freud<\/strong>, assessor de presidents dels Estats Units i de la <strong>Casa Blanca<\/strong>, i amb el professor sir <strong>Sam Black<\/strong>, assessor de la Reina d&#8217;Anglaterra i de significatives empreses brit\u00e0niques, amb qui ha publicat el resultat de les seves investigacions en editorials com ara <strong>Deusto<\/strong>, <strong>McGraw-Hill<\/strong> i <strong>Planeta<\/strong>.<\/p>\n<div id=\"attachment_78390\" style=\"width: 460px\" class=\"wp-caption alignleft\"><img loading=\"lazy\" decoding=\"async\" aria-describedby=\"caption-attachment-78390\" class=\"jetpack-lazy-image jetpack-lazy-image--handled wp-image-78390 size-full\" src=\"https:\/\/raed.academy\/wp-content\/uploads\/2019\/09\/Jose-Daniel-Barquero.jpg\" sizes=\"(max-width: 450px) 100vw, 450px\" srcset=\"https:\/\/raed.academy\/wp-content\/uploads\/2019\/09\/Jose-Daniel-Barquero.jpg 450w, https:\/\/raed.academy\/wp-content\/uploads\/2019\/09\/Jose-Daniel-Barquero-150x150.jpg 150w, https:\/\/raed.academy\/wp-content\/uploads\/2019\/09\/Jose-Daniel-Barquero-440x440.jpg 440w\" alt=\"Dr. Jos\u00e9 Daniel Barquero\" width=\"450\" height=\"450\" aria-describedby=\"caption-attachment-78390\" data-attachment-id=\"78390\" data-permalink=\"https:\/\/raed.academy\/barquero-catedratico-en-la-salle\/jose-daniel-barquero-2-2\/\" data-orig-file=\"https:\/\/raed.academy\/wp-content\/uploads\/2019\/09\/Jose-Daniel-Barquero.jpg\" data-orig-size=\"450,450\" data-comments-opened=\"0\" data-image-meta=\"{&quot;aperture&quot;:&quot;0&quot;,&quot;credit&quot;:&quot;&quot;,&quot;camera&quot;:&quot;&quot;,&quot;caption&quot;:&quot;&quot;,&quot;created_timestamp&quot;:&quot;0&quot;,&quot;copyright&quot;:&quot;&quot;,&quot;focal_length&quot;:&quot;0&quot;,&quot;iso&quot;:&quot;0&quot;,&quot;shutter_speed&quot;:&quot;0&quot;,&quot;title&quot;:&quot;&quot;,&quot;orientation&quot;:&quot;0&quot;}\" data-image-title=\"Jose-Daniel-Barquero\" data-image-description=\"\" data-medium-file=\"https:\/\/raed.academy\/wp-content\/uploads\/2019\/09\/Jose-Daniel-Barquero.jpg\" data-large-file=\"https:\/\/raed.academy\/wp-content\/uploads\/2019\/09\/Jose-Daniel-Barquero.jpg\" data-lazy-loaded=\"1\" \/><p id=\"caption-attachment-78390\" class=\"wp-caption-text\">Dr. Jos\u00e9 Daniel Barquero<\/p><\/div>\n<p>Les seves investigacions han estat publicades en m\u00e9s de 40 llibres. Els m\u00e9s recents han estat publicats en set pa\u00efsos: <strong>&#8220;C\u00f3mo mantener, fidelizar y conseguir nuevos clientes&#8221;<\/strong> (McGraw-Hill), <strong>&#8220;How to Avoid the Clash of Cultures and Civilizations&#8221;<\/strong> (Staffordshire University), <strong>&#8220;Relaciones P\u00fablicas Empresariales&#8221;<\/strong> (Ediciones Dielo), <strong>&#8220;20 competencias profesionales para la pr\u00e1ctica docente&#8221;<\/strong> (Editorial Trillas), <strong>&#8220;Economy and Society&#8221;<\/strong> (Editorial ESERP), <strong>&#8220;O libro de Ouro das Rela\u00e7oes P\u00fablicas&#8221;<\/strong> (Porto Editora), o <strong>&#8220;Manual de Banca y Finanzas&#8221;<\/strong> (Planeta). Per la seva obra <strong>&#8220;Los Estados Unidos de Europa&#8221;<\/strong> va rebre la <strong>Creu Europea d&#8217;Or<\/strong> de la Fundaci\u00f3 de Foment Europeu en reconeixement a les seves aportacions a la unitat d&#8217;Europa.<\/p>\n<p>&#8220;Com a catedr\u00e0tic en Economia i Empresa de la Universitat Oberta La Salle el meu objectiu \u00e9s compartir els coneixements que les meves recerques en aquesta \u00e0rea m&#8217;han proporcionat. A les meves classes universit\u00e0ries de grau, m\u00e0ster i doctorat em baso en el lema del professor que ensenya partint de zero a realitzar un Business Plan, que contempla plans estrat\u00e8gics de Direcci\u00f3 General, Relacions P\u00fabliques i el respecte pels p\u00fablics dels quals depenem, el M\u00e0rqueting, amb els seus avantatges i amb les seves dificultats, plantejant problemes reals. Arran d&#8217;aqu\u00ed, el propi alumnat identifica les necessitats d&#8217;aprenentatge, busca la informaci\u00f3 necess\u00e0ria per a la seva soluci\u00f3 i finalment torna al problema, el qual debat en base a les solucions. Una metodologia centrada en l&#8217;aprenentatge real, amb els estudiants universitaris com a principals protagonistes. El meu comprom\u00eds cap a la investigaci\u00f3 i el treball docent em motiva constantment&#8221;, va assenyalar Barquero despr\u00e9s d&#8217;obtenir la C\u00e0tedra.<\/p>\n","protected":false},"excerpt":{"rendered":"<p>Jos\u00e9 Daniel Barquero, acad\u00e8mic de n\u00famero de la Reial Acad\u00e8mia Europea de Doctors-Barcelona 1914 (RAED) i director general de ESERP Business &amp; Law School, va obtenir el passat 17 de juliol la C\u00e0tedra d&#8217;Economia i Empresa a la Universitat Oberta La Salle despr\u00e9s de superar el corresponent examen davant un distingit tribunal de catedr\u00e0tics acreditats [&hellip;]<\/p>\n","protected":false},"author":12,"featured_media":75829,"comment_status":"closed","ping_status":"closed","sticky":false,"template":"","format":"standard","meta":{"_et_pb_use_builder":"","_et_pb_old_content":"","_et_gb_content_width":"","footnotes":""},"categories":[176,233],"tags":[],"class_list":["post-78495","post","type-post","status-publish","format-standard","has-post-thumbnail","hentry","category-academics-a-la-societat","category-economiques-i-empresarials","et-has-post-format-content","et_post_format-et-post-format-standard"],"yoast_head":"<!-- This site is optimized with the Yoast SEO plugin v27.4 - https:\/\/yoast.com\/product\/yoast-seo-wordpress\/ -->\n<title>Barquero, catedr\u00e0tic a La Salle - Reial Acad\u00e8mia Europea de Doctors<\/title>\n<meta name=\"description\" content=\"Jos\u00e9 Daniel Barquero obt\u00e9 la C\u00e0tedra d&#039;Economia i Empresa a la Universitat Oberta La Salle\" \/>\n<meta name=\"robots\" content=\"index, follow, max-snippet:-1, max-image-preview:large, max-video-preview:-1\" \/>\n<link rel=\"canonical\" href=\"https:\/\/raed.academy\/ca\/jose-daniel-barquero-catedratic-a-la-salle\/\" \/>\n<meta property=\"og:locale\" content=\"ca_ES\" \/>\n<meta property=\"og:type\" content=\"article\" \/>\n<meta property=\"og:title\" content=\"Barquero, catedr\u00e0tic a La Salle - Reial Acad\u00e8mia Europea de Doctors\" \/>\n<meta property=\"og:description\" content=\"Jos\u00e9 Daniel Barquero obt\u00e9 la C\u00e0tedra d&#039;Economia i Empresa a la Universitat Oberta La Salle\" \/>\n<meta property=\"og:url\" content=\"https:\/\/raed.academy\/ca\/jose-daniel-barquero-catedratic-a-la-salle\/\" \/>\n<meta property=\"og:site_name\" content=\"Reial Acad\u00e8mia Europea de Doctors\" \/>\n<meta property=\"article:publisher\" content=\"http:\/\/fb.me\/raed.academy\" \/>\n<meta property=\"article:published_time\" content=\"2019-09-06T08:21:18+00:00\" \/>\n<meta property=\"article:modified_time\" content=\"2019-09-06T11:02:48+00:00\" \/>\n<meta property=\"og:image\" content=\"https:\/\/raed.academy\/wp-content\/uploads\/2019\/07\/logo-La-Salle-dstNtc.jpg\" \/>\n\t<meta property=\"og:image:width\" content=\"350\" \/>\n\t<meta property=\"og:image:height\" content=\"210\" \/>\n\t<meta property=\"og:image:type\" content=\"image\/jpeg\" \/>\n<meta name=\"author\" content=\"RAED\" \/>\n<meta name=\"twitter:card\" content=\"summary_large_image\" \/>\n<meta name=\"twitter:creator\" content=\"@raedacademy\" \/>\n<meta name=\"twitter:site\" content=\"@raedacademy\" \/>\n<meta name=\"twitter:label1\" content=\"Written by\" \/>\n\t<meta name=\"twitter:data1\" content=\"RAED\" \/>\n\t<meta name=\"twitter:label2\" content=\"Est. reading time\" \/>\n\t<meta name=\"twitter:data2\" content=\"3 minutes\" \/>\n<script type=\"application\/ld+json\" class=\"yoast-schema-graph\">{\"@context\":\"https:\\\/\\\/schema.org\",\"@graph\":[{\"@type\":\"Article\",\"@id\":\"https:\\\/\\\/raed.academy\\\/ca\\\/jose-daniel-barquero-catedratic-a-la-salle\\\/#article\",\"isPartOf\":{\"@id\":\"https:\\\/\\\/raed.academy\\\/ca\\\/jose-daniel-barquero-catedratic-a-la-salle\\\/\"},\"author\":{\"name\":\"RAED\",\"@id\":\"https:\\\/\\\/raed.academy\\\/ca\\\/#\\\/schema\\\/person\\\/5a755da80d1d979fd66ba745c8702927\"},\"headline\":\"Barquero, catedr\u00e0tic a La Salle\",\"datePublished\":\"2019-09-06T08:21:18+00:00\",\"dateModified\":\"2019-09-06T11:02:48+00:00\",\"mainEntityOfPage\":{\"@id\":\"https:\\\/\\\/raed.academy\\\/ca\\\/jose-daniel-barquero-catedratic-a-la-salle\\\/\"},\"wordCount\":637,\"publisher\":{\"@id\":\"https:\\\/\\\/raed.academy\\\/ca\\\/#organization\"},\"image\":{\"@id\":\"https:\\\/\\\/raed.academy\\\/ca\\\/jose-daniel-barquero-catedratic-a-la-salle\\\/#primaryimage\"},\"thumbnailUrl\":\"https:\\\/\\\/raed.academy\\\/wp-content\\\/uploads\\\/2019\\\/07\\\/logo-La-Salle-dstNtc.jpg\",\"articleSection\":[\"Acad\u00e8mics a la societat\",\"Econ\u00f2miques i Empresarials\"],\"inLanguage\":\"ca-ES\"},{\"@type\":\"WebPage\",\"@id\":\"https:\\\/\\\/raed.academy\\\/ca\\\/jose-daniel-barquero-catedratic-a-la-salle\\\/\",\"url\":\"https:\\\/\\\/raed.academy\\\/ca\\\/jose-daniel-barquero-catedratic-a-la-salle\\\/\",\"name\":\"Barquero, catedr\u00e0tic a La Salle - Reial Acad\u00e8mia Europea de Doctors\",\"isPartOf\":{\"@id\":\"https:\\\/\\\/raed.academy\\\/ca\\\/#website\"},\"primaryImageOfPage\":{\"@id\":\"https:\\\/\\\/raed.academy\\\/ca\\\/jose-daniel-barquero-catedratic-a-la-salle\\\/#primaryimage\"},\"image\":{\"@id\":\"https:\\\/\\\/raed.academy\\\/ca\\\/jose-daniel-barquero-catedratic-a-la-salle\\\/#primaryimage\"},\"thumbnailUrl\":\"https:\\\/\\\/raed.academy\\\/wp-content\\\/uploads\\\/2019\\\/07\\\/logo-La-Salle-dstNtc.jpg\",\"datePublished\":\"2019-09-06T08:21:18+00:00\",\"dateModified\":\"2019-09-06T11:02:48+00:00\",\"description\":\"Jos\u00e9 Daniel Barquero obt\u00e9 la C\u00e0tedra d'Economia i Empresa a la Universitat Oberta La Salle\",\"breadcrumb\":{\"@id\":\"https:\\\/\\\/raed.academy\\\/ca\\\/jose-daniel-barquero-catedratic-a-la-salle\\\/#breadcrumb\"},\"inLanguage\":\"ca-ES\",\"potentialAction\":[{\"@type\":\"ReadAction\",\"target\":[\"https:\\\/\\\/raed.academy\\\/ca\\\/jose-daniel-barquero-catedratic-a-la-salle\\\/\"]}]},{\"@type\":\"ImageObject\",\"inLanguage\":\"ca-ES\",\"@id\":\"https:\\\/\\\/raed.academy\\\/ca\\\/jose-daniel-barquero-catedratic-a-la-salle\\\/#primaryimage\",\"url\":\"https:\\\/\\\/raed.academy\\\/wp-content\\\/uploads\\\/2019\\\/07\\\/logo-La-Salle-dstNtc.jpg\",\"contentUrl\":\"https:\\\/\\\/raed.academy\\\/wp-content\\\/uploads\\\/2019\\\/07\\\/logo-La-Salle-dstNtc.jpg\",\"width\":350,\"height\":210},{\"@type\":\"BreadcrumbList\",\"@id\":\"https:\\\/\\\/raed.academy\\\/ca\\\/jose-daniel-barquero-catedratic-a-la-salle\\\/#breadcrumb\",\"itemListElement\":[{\"@type\":\"ListItem\",\"position\":1,\"name\":\"Inicio\",\"item\":\"https:\\\/\\\/raed.academy\\\/ca\\\/\"},{\"@type\":\"ListItem\",\"position\":2,\"name\":\"Barquero, catedr\u00e0tic a La Salle\"}]},{\"@type\":\"WebSite\",\"@id\":\"https:\\\/\\\/raed.academy\\\/ca\\\/#website\",\"url\":\"https:\\\/\\\/raed.academy\\\/ca\\\/\",\"name\":\"Reial Acad\u00e8mia Europea de Doctors\",\"description\":\"Corporaci\u00f3n de derecho p\u00fablico de car\u00e1cter cient\u00edfico, t\u00e9cnico y art\u00edstico, que tiene por objeto la investigaci\u00f3n, el estudio, el fomento y la extensi\u00f3n del conocimiento en su sentido m\u00e1s amplio\",\"publisher\":{\"@id\":\"https:\\\/\\\/raed.academy\\\/ca\\\/#organization\"},\"potentialAction\":[{\"@type\":\"SearchAction\",\"target\":{\"@type\":\"EntryPoint\",\"urlTemplate\":\"https:\\\/\\\/raed.academy\\\/ca\\\/?s={search_term_string}\"},\"query-input\":{\"@type\":\"PropertyValueSpecification\",\"valueRequired\":true,\"valueName\":\"search_term_string\"}}],\"inLanguage\":\"ca-ES\"},{\"@type\":\"Organization\",\"@id\":\"https:\\\/\\\/raed.academy\\\/ca\\\/#organization\",\"name\":\"Real Academia Europea de Doctores\",\"url\":\"https:\\\/\\\/raed.academy\\\/ca\\\/\",\"logo\":{\"@type\":\"ImageObject\",\"inLanguage\":\"ca-ES\",\"@id\":\"https:\\\/\\\/raed.academy\\\/ca\\\/#\\\/schema\\\/logo\\\/image\\\/\",\"url\":\"https:\\\/\\\/raed.academy\\\/wp-content\\\/uploads\\\/2017\\\/01\\\/cropped-logo_raed.png\",\"contentUrl\":\"https:\\\/\\\/raed.academy\\\/wp-content\\\/uploads\\\/2017\\\/01\\\/cropped-logo_raed.png\",\"width\":512,\"height\":512,\"caption\":\"Real Academia Europea de Doctores\"},\"image\":{\"@id\":\"https:\\\/\\\/raed.academy\\\/ca\\\/#\\\/schema\\\/logo\\\/image\\\/\"},\"sameAs\":[\"http:\\\/\\\/fb.me\\\/raed.academy\",\"https:\\\/\\\/x.com\\\/raedacademy\",\"https:\\\/\\\/www.instagram.com\\\/raed.academy\\\/\",\"https:\\\/\\\/www.youtube.com\\\/channel\\\/UCUYQwW2KrdirNWihxMDObwg\"]},{\"@type\":\"Person\",\"@id\":\"https:\\\/\\\/raed.academy\\\/ca\\\/#\\\/schema\\\/person\\\/5a755da80d1d979fd66ba745c8702927\",\"name\":\"RAED\",\"image\":{\"@type\":\"ImageObject\",\"inLanguage\":\"ca-ES\",\"@id\":\"https:\\\/\\\/secure.gravatar.com\\\/avatar\\\/19fdfdc0d67fb9c45714b703a2ac82251c4fcea3637f002ac3c9b74c0183583c?s=96&d=mm&r=g\",\"url\":\"https:\\\/\\\/secure.gravatar.com\\\/avatar\\\/19fdfdc0d67fb9c45714b703a2ac82251c4fcea3637f002ac3c9b74c0183583c?s=96&d=mm&r=g\",\"contentUrl\":\"https:\\\/\\\/secure.gravatar.com\\\/avatar\\\/19fdfdc0d67fb9c45714b703a2ac82251c4fcea3637f002ac3c9b74c0183583c?s=96&d=mm&r=g\",\"caption\":\"RAED\"}}]}<\/script>\n<!-- \/ Yoast SEO plugin. -->","yoast_head_json":{"title":"Barquero, catedr\u00e0tic a La Salle - Reial Acad\u00e8mia Europea de Doctors","description":"Jos\u00e9 Daniel Barquero obt\u00e9 la C\u00e0tedra d'Economia i Empresa a la Universitat Oberta La Salle","robots":{"index":"index","follow":"follow","max-snippet":"max-snippet:-1","max-image-preview":"max-image-preview:large","max-video-preview":"max-video-preview:-1"},"canonical":"https:\/\/raed.academy\/ca\/jose-daniel-barquero-catedratic-a-la-salle\/","og_locale":"ca_ES","og_type":"article","og_title":"Barquero, catedr\u00e0tic a La Salle - Reial Acad\u00e8mia Europea de Doctors","og_description":"Jos\u00e9 Daniel Barquero obt\u00e9 la C\u00e0tedra d'Economia i Empresa a la Universitat Oberta La Salle","og_url":"https:\/\/raed.academy\/ca\/jose-daniel-barquero-catedratic-a-la-salle\/","og_site_name":"Reial Acad\u00e8mia Europea de Doctors","article_publisher":"http:\/\/fb.me\/raed.academy","article_published_time":"2019-09-06T08:21:18+00:00","article_modified_time":"2019-09-06T11:02:48+00:00","og_image":[{"width":350,"height":210,"url":"https:\/\/raed.academy\/wp-content\/uploads\/2019\/07\/logo-La-Salle-dstNtc.jpg","type":"image\/jpeg"}],"author":"RAED","twitter_card":"summary_large_image","twitter_creator":"@raedacademy","twitter_site":"@raedacademy","twitter_misc":{"Written by":"RAED","Est. reading time":"3 minutes"},"schema":{"@context":"https:\/\/schema.org","@graph":[{"@type":"Article","@id":"https:\/\/raed.academy\/ca\/jose-daniel-barquero-catedratic-a-la-salle\/#article","isPartOf":{"@id":"https:\/\/raed.academy\/ca\/jose-daniel-barquero-catedratic-a-la-salle\/"},"author":{"name":"RAED","@id":"https:\/\/raed.academy\/ca\/#\/schema\/person\/5a755da80d1d979fd66ba745c8702927"},"headline":"Barquero, catedr\u00e0tic a La Salle","datePublished":"2019-09-06T08:21:18+00:00","dateModified":"2019-09-06T11:02:48+00:00","mainEntityOfPage":{"@id":"https:\/\/raed.academy\/ca\/jose-daniel-barquero-catedratic-a-la-salle\/"},"wordCount":637,"publisher":{"@id":"https:\/\/raed.academy\/ca\/#organization"},"image":{"@id":"https:\/\/raed.academy\/ca\/jose-daniel-barquero-catedratic-a-la-salle\/#primaryimage"},"thumbnailUrl":"https:\/\/raed.academy\/wp-content\/uploads\/2019\/07\/logo-La-Salle-dstNtc.jpg","articleSection":["Acad\u00e8mics a la societat","Econ\u00f2miques i Empresarials"],"inLanguage":"ca-ES"},{"@type":"WebPage","@id":"https:\/\/raed.academy\/ca\/jose-daniel-barquero-catedratic-a-la-salle\/","url":"https:\/\/raed.academy\/ca\/jose-daniel-barquero-catedratic-a-la-salle\/","name":"Barquero, catedr\u00e0tic a La Salle - Reial Acad\u00e8mia Europea de Doctors","isPartOf":{"@id":"https:\/\/raed.academy\/ca\/#website"},"primaryImageOfPage":{"@id":"https:\/\/raed.academy\/ca\/jose-daniel-barquero-catedratic-a-la-salle\/#primaryimage"},"image":{"@id":"https:\/\/raed.academy\/ca\/jose-daniel-barquero-catedratic-a-la-salle\/#primaryimage"},"thumbnailUrl":"https:\/\/raed.academy\/wp-content\/uploads\/2019\/07\/logo-La-Salle-dstNtc.jpg","datePublished":"2019-09-06T08:21:18+00:00","dateModified":"2019-09-06T11:02:48+00:00","description":"Jos\u00e9 Daniel Barquero obt\u00e9 la C\u00e0tedra d'Economia i Empresa a la Universitat Oberta La Salle","breadcrumb":{"@id":"https:\/\/raed.academy\/ca\/jose-daniel-barquero-catedratic-a-la-salle\/#breadcrumb"},"inLanguage":"ca-ES","potentialAction":[{"@type":"ReadAction","target":["https:\/\/raed.academy\/ca\/jose-daniel-barquero-catedratic-a-la-salle\/"]}]},{"@type":"ImageObject","inLanguage":"ca-ES","@id":"https:\/\/raed.academy\/ca\/jose-daniel-barquero-catedratic-a-la-salle\/#primaryimage","url":"https:\/\/raed.academy\/wp-content\/uploads\/2019\/07\/logo-La-Salle-dstNtc.jpg","contentUrl":"https:\/\/raed.academy\/wp-content\/uploads\/2019\/07\/logo-La-Salle-dstNtc.jpg","width":350,"height":210},{"@type":"BreadcrumbList","@id":"https:\/\/raed.academy\/ca\/jose-daniel-barquero-catedratic-a-la-salle\/#breadcrumb","itemListElement":[{"@type":"ListItem","position":1,"name":"Inicio","item":"https:\/\/raed.academy\/ca\/"},{"@type":"ListItem","position":2,"name":"Barquero, catedr\u00e0tic a La Salle"}]},{"@type":"WebSite","@id":"https:\/\/raed.academy\/ca\/#website","url":"https:\/\/raed.academy\/ca\/","name":"Reial Acad\u00e8mia Europea de Doctors","description":"Corporaci\u00f3n de derecho p\u00fablico de car\u00e1cter cient\u00edfico, t\u00e9cnico y art\u00edstico, que tiene por objeto la investigaci\u00f3n, el estudio, el fomento y la extensi\u00f3n del conocimiento en su sentido m\u00e1s amplio","publisher":{"@id":"https:\/\/raed.academy\/ca\/#organization"},"potentialAction":[{"@type":"SearchAction","target":{"@type":"EntryPoint","urlTemplate":"https:\/\/raed.academy\/ca\/?s={search_term_string}"},"query-input":{"@type":"PropertyValueSpecification","valueRequired":true,"valueName":"search_term_string"}}],"inLanguage":"ca-ES"},{"@type":"Organization","@id":"https:\/\/raed.academy\/ca\/#organization","name":"Real Academia Europea de Doctores","url":"https:\/\/raed.academy\/ca\/","logo":{"@type":"ImageObject","inLanguage":"ca-ES","@id":"https:\/\/raed.academy\/ca\/#\/schema\/logo\/image\/","url":"https:\/\/raed.academy\/wp-content\/uploads\/2017\/01\/cropped-logo_raed.png","contentUrl":"https:\/\/raed.academy\/wp-content\/uploads\/2017\/01\/cropped-logo_raed.png","width":512,"height":512,"caption":"Real Academia Europea de Doctores"},"image":{"@id":"https:\/\/raed.academy\/ca\/#\/schema\/logo\/image\/"},"sameAs":["http:\/\/fb.me\/raed.academy","https:\/\/x.com\/raedacademy","https:\/\/www.instagram.com\/raed.academy\/","https:\/\/www.youtube.com\/channel\/UCUYQwW2KrdirNWihxMDObwg"]},{"@type":"Person","@id":"https:\/\/raed.academy\/ca\/#\/schema\/person\/5a755da80d1d979fd66ba745c8702927","name":"RAED","image":{"@type":"ImageObject","inLanguage":"ca-ES","@id":"https:\/\/secure.gravatar.com\/avatar\/19fdfdc0d67fb9c45714b703a2ac82251c4fcea3637f002ac3c9b74c0183583c?s=96&d=mm&r=g","url":"https:\/\/secure.gravatar.com\/avatar\/19fdfdc0d67fb9c45714b703a2ac82251c4fcea3637f002ac3c9b74c0183583c?s=96&d=mm&r=g","contentUrl":"https:\/\/secure.gravatar.com\/avatar\/19fdfdc0d67fb9c45714b703a2ac82251c4fcea3637f002ac3c9b74c0183583c?s=96&d=mm&r=g","caption":"RAED"}}]}},"_links":{"self":[{"href":"https:\/\/raed.academy\/ca\/wp-json\/wp\/v2\/posts\/78495","targetHints":{"allow":["GET"]}}],"collection":[{"href":"https:\/\/raed.academy\/ca\/wp-json\/wp\/v2\/posts"}],"about":[{"href":"https:\/\/raed.academy\/ca\/wp-json\/wp\/v2\/types\/post"}],"author":[{"embeddable":true,"href":"https:\/\/raed.academy\/ca\/wp-json\/wp\/v2\/users\/12"}],"replies":[{"embeddable":true,"href":"https:\/\/raed.academy\/ca\/wp-json\/wp\/v2\/comments?post=78495"}],"version-history":[{"count":0,"href":"https:\/\/raed.academy\/ca\/wp-json\/wp\/v2\/posts\/78495\/revisions"}],"wp:featuredmedia":[{"embeddable":true,"href":"https:\/\/raed.academy\/ca\/wp-json\/wp\/v2\/media\/75829"}],"wp:attachment":[{"href":"https:\/\/raed.academy\/ca\/wp-json\/wp\/v2\/media?parent=78495"}],"wp:term":[{"taxonomy":"category","embeddable":true,"href":"https:\/\/raed.academy\/ca\/wp-json\/wp\/v2\/categories?post=78495"},{"taxonomy":"post_tag","embeddable":true,"href":"https:\/\/raed.academy\/ca\/wp-json\/wp\/v2\/tags?post=78495"}],"curies":[{"name":"wp","href":"https:\/\/api.w.org\/{rel}","templated":true}]}}