{"id":76328,"date":"2019-07-23T21:30:30","date_gmt":"2019-07-23T21:30:30","guid":{"rendered":"https:\/\/raed.academy\/?p=76328"},"modified":"2019-07-25T16:38:36","modified_gmt":"2019-07-25T16:38:36","slug":"emprendre-a-la-jubilacio-pedro-nueno","status":"publish","type":"post","link":"https:\/\/raed.academy\/ca\/emprendre-a-la-jubilacio-pedro-nueno\/","title":{"rendered":"Pensionistes amb futur"},"content":{"rendered":"<h2>Pedro Nueno, acad\u00e8mic electe de la RAED, presenta l&#8217;obra &#8220;Jubilado. \u00bfY ahora qu\u00e9? Emprender en la jubilaci\u00f3n&#8221;<\/h2>\n<p><strong><img loading=\"lazy\" decoding=\"async\" class=\"alignleft wp-image-76275 size-full jetpack-lazy-image jetpack-lazy-image--handled\" src=\"https:\/\/raed.academy\/wp-content\/uploads\/2019\/07\/libro-Pedro-Nueno-Jubilado-\u00bfY-ahora-que.jpg\" alt=\"&quot;Jubilado \u00bfY ahora qu\u00e9? Emprender en la jubilaci\u00f3n&quot; libro de Pedro Nueno\" width=\"340\" height=\"547\" data-attachment-id=\"76275\" data-permalink=\"https:\/\/raed.academy\/emprender-en-la-jubilacion-pedro-nueno\/libro-pedro-nueno-jubilado-y-ahora-que-2\/\" data-orig-file=\"https:\/\/raed.academy\/wp-content\/uploads\/2019\/07\/libro-Pedro-Nueno-Jubilado-\u00bfY-ahora-que.jpg\" data-orig-size=\"340,547\" data-comments-opened=\"0\" data-image-meta=\"{&quot;aperture&quot;:&quot;0&quot;,&quot;credit&quot;:&quot;&quot;,&quot;camera&quot;:&quot;&quot;,&quot;caption&quot;:&quot;&quot;,&quot;created_timestamp&quot;:&quot;0&quot;,&quot;copyright&quot;:&quot;&quot;,&quot;focal_length&quot;:&quot;0&quot;,&quot;iso&quot;:&quot;0&quot;,&quot;shutter_speed&quot;:&quot;0&quot;,&quot;title&quot;:&quot;&quot;,&quot;orientation&quot;:&quot;0&quot;}\" data-image-title=\"libro-Pedro-Nueno-Jubilado-\u00bfY-ahora-que?\" data-image-description=\"\" data-medium-file=\"https:\/\/raed.academy\/wp-content\/uploads\/2019\/07\/libro-Pedro-Nueno-Jubilado-\u00bfY-ahora-que.jpg\" data-large-file=\"https:\/\/raed.academy\/wp-content\/uploads\/2019\/07\/libro-Pedro-Nueno-Jubilado-\u00bfY-ahora-que.jpg\" data-lazy-loaded=\"1\" \/>Pedro Nueno<\/strong>, titular de la <strong>C\u00e0tedra Fundaci\u00f3 Bertr\u00e1n d&#8217;Iniciativa Empresarial<\/strong> de l&#8217;Escola de Negocis <a href=\"http:\/\/www.iese.edu\" target=\"_blank\" rel=\"noopener noreferrer\"><strong>IESE<\/strong><\/a>, president de l&#8217;<a href=\"http:\/\/www.ceibs.edu\" target=\"_blank\" rel=\"noopener noreferrer\"><strong>Escola de Negocis Internacional Xina-Europa<\/strong><\/a> i acad\u00e8mic de n\u00famero electe de la <strong>Reial Acad\u00e8mia Europea de Doctors-Barcelona 1914<\/strong> (RAED), ha publicat el llibre <strong>&#8220;Jubilado. \u00bfY ahora qu\u00e9? Emprender en la jubilaci\u00f3n&#8221;<\/strong>, on explica les possibilitats productives de la jubilaci\u00f3 donat l&#8217;augment de l&#8217;esperan\u00e7a i la qualitat de vida. &#8220;La jubilaci\u00f3 \u00e9s una edat d&#8217;or per afrontar nous reptes en els quals seguir aplicant el bagatge de coneixements i experi\u00e8ncies acumulats al llarg de tota una vida d&#8217;intensa dedicaci\u00f3 professional. Aix\u00ed, s&#8217;obre davant nostre un horitz\u00f3 estimulant en qu\u00e8 podem exercir com &#8216;business angels&#8217; o donar suport al sorgiment d&#8217;una &#8216;start-up'&#8221;, explica l&#8217;autor.<\/p>\n<p>L&#8217;obra aporta les claus i consells per establir un pla de negoci perfecte per despr\u00e9s de la jubilaci\u00f3. Lluny de convertir el tancament d&#8217;una dilatada traject\u00f2ria en un punt i final el llibre orienta el jubilat a valorar de forma adequada i realista totes les possibilitats i opcions que se li obren en l&#8217;\u00e0mbit de la inversi\u00f3 i l&#8217;emprenedoria, convertint aix\u00ed aquesta etapa en una oportunitat per assolir nous \u00e8xits. Aix\u00ed mateix, el llibre aborda el problema que suposar\u00e0 mantenir el sistema de pensions a mig termini en nombrosos pa\u00efsos com ara Espanya, on la poblaci\u00f3 activa i l&#8217;esperan\u00e7a de vida caminen en sentit contrari.<\/p>\n<div id=\"attachment_76278\" style=\"width: 480px\" class=\"wp-caption alignright\"><img loading=\"lazy\" decoding=\"async\" aria-describedby=\"caption-attachment-76278\" class=\"jetpack-lazy-image jetpack-lazy-image--handled wp-image-76278 size-full\" src=\"https:\/\/raed.academy\/wp-content\/uploads\/2019\/07\/Pedro-Nueno.jpg\" alt=\"Dr. Pedro Nueno\" width=\"470\" height=\"313\" aria-describedby=\"caption-attachment-76278\" data-attachment-id=\"76278\" data-permalink=\"https:\/\/raed.academy\/emprender-en-la-jubilacion-pedro-nueno\/pedro-nueno-3\/\" data-orig-file=\"https:\/\/raed.academy\/wp-content\/uploads\/2019\/07\/Pedro-Nueno.jpg\" data-orig-size=\"470,313\" data-comments-opened=\"0\" data-image-meta=\"{&quot;aperture&quot;:&quot;0&quot;,&quot;credit&quot;:&quot;&quot;,&quot;camera&quot;:&quot;&quot;,&quot;caption&quot;:&quot;&quot;,&quot;created_timestamp&quot;:&quot;0&quot;,&quot;copyright&quot;:&quot;&quot;,&quot;focal_length&quot;:&quot;0&quot;,&quot;iso&quot;:&quot;0&quot;,&quot;shutter_speed&quot;:&quot;0&quot;,&quot;title&quot;:&quot;&quot;,&quot;orientation&quot;:&quot;0&quot;}\" data-image-title=\"Pedro-Nueno\" data-image-description=\"\" data-medium-file=\"https:\/\/raed.academy\/wp-content\/uploads\/2019\/07\/Pedro-Nueno.jpg\" data-large-file=\"https:\/\/raed.academy\/wp-content\/uploads\/2019\/07\/Pedro-Nueno.jpg\" data-lazy-loaded=\"1\" \/><p id=\"caption-attachment-76278\" class=\"wp-caption-text\">Dr. Pedro Nueno<\/p><\/div>\n<p>Nueno articula el concepte de pla de pensions emprenedor. Un sistema paral\u00b7lel a la incerta evoluci\u00f3 del sistema p\u00fablic de pensions basat en la inversi\u00f3 privada. &#8220;Una manera de cobrir aquest futur incert \u00e9s comptar amb participacions en empreses que incrementin el seu valor a mesura que passa el temps. La dificultat del tema pot disminuir amb un cert treball en equip de diversos inversors, &#8216;business angels&#8217;, ben preparats, que comparteixin la inversi\u00f3 i complementin les seves idees, experi\u00e8ncies i contactes. Tant per enriquir la imatge del projecte com per obrir portes als emprenedors&#8221;, assenyala Nueno.<\/p>\n<p>Per a l&#8217;autor, fundador i president de <strong>Finaves<\/strong>, societat de capital risc associada a l&#8217;activitat emprenedora que ha impulsat a m\u00e9s de 40 empreses amb m\u00e9s de 3.000 llocs de treball directes, aquest pla de pensions emprenedor ha de perfilar-se ja abans de la jubilaci\u00f3 per definir \u00e0rees, companys de viatge, models de treball i tot tipus d&#8217;assessors. &#8220;Recomano diversificar en els temes d&#8217;inversi\u00f3 tot i que s\u00f3c conscient que molts experts recomanen just el contrari: enfocar-se en un tema -assenyala-. Sens dubte, \u00e9s m\u00e9s dif\u00edcil invertir, assessorar i supervisar un conjunt d&#8217;inversions diversificades que si totes pertanyen al mateix sector, per\u00f2 un sector determinat pot ser radicalment afectat per un canvi tecnol\u00f2gic i pensem que estem tractant de muntar un projecte a llarg termini&#8221;.<\/p>\n","protected":false},"excerpt":{"rendered":"<p>Pedro Nueno, acad\u00e8mic electe de la RAED, presenta l&#8217;obra &#8220;Jubilado. \u00bfY ahora qu\u00e9? Emprender en la jubilaci\u00f3n&#8221; Pedro Nueno, titular de la C\u00e0tedra Fundaci\u00f3 Bertr\u00e1n d&#8217;Iniciativa Empresarial de l&#8217;Escola de Negocis IESE, president de l&#8217;Escola de Negocis Internacional Xina-Europa i acad\u00e8mic de n\u00famero electe de la Reial Acad\u00e8mia Europea de Doctors-Barcelona 1914 (RAED), ha publicat [&hellip;]<\/p>\n","protected":false},"author":12,"featured_media":76268,"comment_status":"closed","ping_status":"closed","sticky":false,"template":"","format":"standard","meta":{"_et_pb_use_builder":"","_et_pb_old_content":"","_et_gb_content_width":"","footnotes":""},"categories":[233],"tags":[],"class_list":["post-76328","post","type-post","status-publish","format-standard","has-post-thumbnail","hentry","category-economiques-i-empresarials","et-has-post-format-content","et_post_format-et-post-format-standard"],"yoast_head":"<!-- This site is optimized with the Yoast SEO plugin v27.4 - https:\/\/yoast.com\/product\/yoast-seo-wordpress\/ -->\n<title>Emprendre a la jubilaci\u00f3, per Pedro Nueno - Reial Acad\u00e8mia Europea de Doctors<\/title>\n<meta name=\"description\" content=\"Pedro Nueno, acad\u00e8mic electe de la RAED, presenta l&#039;obra &quot;Jubilado. \u00bfY ahora qu\u00e9? Emprender en la jubilaci\u00f3n&quot;\" \/>\n<meta name=\"robots\" content=\"index, follow, max-snippet:-1, max-image-preview:large, max-video-preview:-1\" \/>\n<link rel=\"canonical\" href=\"https:\/\/raed.academy\/ca\/emprendre-a-la-jubilacio-pedro-nueno\/\" \/>\n<meta property=\"og:locale\" content=\"ca_ES\" \/>\n<meta property=\"og:type\" content=\"article\" \/>\n<meta property=\"og:title\" content=\"Emprendre a la jubilaci\u00f3, per Pedro Nueno - Reial Acad\u00e8mia Europea de Doctors\" \/>\n<meta property=\"og:description\" content=\"Pedro Nueno, acad\u00e8mic electe de la RAED, presenta l&#039;obra &quot;Jubilado. \u00bfY ahora qu\u00e9? Emprender en la jubilaci\u00f3n&quot;\" \/>\n<meta property=\"og:url\" content=\"https:\/\/raed.academy\/ca\/emprendre-a-la-jubilacio-pedro-nueno\/\" \/>\n<meta property=\"og:site_name\" content=\"Reial Acad\u00e8mia Europea de Doctors\" \/>\n<meta property=\"article:publisher\" content=\"http:\/\/fb.me\/raed.academy\" \/>\n<meta property=\"article:published_time\" content=\"2019-07-23T21:30:30+00:00\" \/>\n<meta property=\"article:modified_time\" content=\"2019-07-25T16:38:36+00:00\" \/>\n<meta property=\"og:image\" content=\"https:\/\/raed.academy\/wp-content\/uploads\/2019\/07\/2.libro-Pedro-Nueno-emprender-jubilacion-shutt-dstNtc.jpg\" \/>\n\t<meta property=\"og:image:width\" content=\"950\" \/>\n\t<meta property=\"og:image:height\" content=\"444\" \/>\n\t<meta property=\"og:image:type\" content=\"image\/jpeg\" \/>\n<meta name=\"author\" content=\"RAED\" \/>\n<meta name=\"twitter:card\" content=\"summary_large_image\" \/>\n<meta name=\"twitter:creator\" content=\"@raedacademy\" \/>\n<meta name=\"twitter:site\" content=\"@raedacademy\" \/>\n<meta name=\"twitter:label1\" content=\"Written by\" \/>\n\t<meta name=\"twitter:data1\" content=\"RAED\" \/>\n\t<meta name=\"twitter:label2\" content=\"Est. reading time\" \/>\n\t<meta name=\"twitter:data2\" content=\"2 minutes\" \/>\n<script type=\"application\/ld+json\" class=\"yoast-schema-graph\">{\"@context\":\"https:\\\/\\\/schema.org\",\"@graph\":[{\"@type\":\"Article\",\"@id\":\"https:\\\/\\\/raed.academy\\\/ca\\\/emprendre-a-la-jubilacio-pedro-nueno\\\/#article\",\"isPartOf\":{\"@id\":\"https:\\\/\\\/raed.academy\\\/ca\\\/emprendre-a-la-jubilacio-pedro-nueno\\\/\"},\"author\":{\"name\":\"RAED\",\"@id\":\"https:\\\/\\\/raed.academy\\\/ca\\\/#\\\/schema\\\/person\\\/5a755da80d1d979fd66ba745c8702927\"},\"headline\":\"Pensionistes amb futur\",\"datePublished\":\"2019-07-23T21:30:30+00:00\",\"dateModified\":\"2019-07-25T16:38:36+00:00\",\"mainEntityOfPage\":{\"@id\":\"https:\\\/\\\/raed.academy\\\/ca\\\/emprendre-a-la-jubilacio-pedro-nueno\\\/\"},\"wordCount\":516,\"publisher\":{\"@id\":\"https:\\\/\\\/raed.academy\\\/ca\\\/#organization\"},\"image\":{\"@id\":\"https:\\\/\\\/raed.academy\\\/ca\\\/emprendre-a-la-jubilacio-pedro-nueno\\\/#primaryimage\"},\"thumbnailUrl\":\"https:\\\/\\\/raed.academy\\\/wp-content\\\/uploads\\\/2019\\\/07\\\/2.libro-Pedro-Nueno-emprender-jubilacion-shutt-dstNtc.jpg\",\"articleSection\":[\"Econ\u00f2miques i Empresarials\"],\"inLanguage\":\"ca-ES\"},{\"@type\":\"WebPage\",\"@id\":\"https:\\\/\\\/raed.academy\\\/ca\\\/emprendre-a-la-jubilacio-pedro-nueno\\\/\",\"url\":\"https:\\\/\\\/raed.academy\\\/ca\\\/emprendre-a-la-jubilacio-pedro-nueno\\\/\",\"name\":\"Emprendre a la jubilaci\u00f3, per Pedro Nueno - Reial Acad\u00e8mia Europea de Doctors\",\"isPartOf\":{\"@id\":\"https:\\\/\\\/raed.academy\\\/ca\\\/#website\"},\"primaryImageOfPage\":{\"@id\":\"https:\\\/\\\/raed.academy\\\/ca\\\/emprendre-a-la-jubilacio-pedro-nueno\\\/#primaryimage\"},\"image\":{\"@id\":\"https:\\\/\\\/raed.academy\\\/ca\\\/emprendre-a-la-jubilacio-pedro-nueno\\\/#primaryimage\"},\"thumbnailUrl\":\"https:\\\/\\\/raed.academy\\\/wp-content\\\/uploads\\\/2019\\\/07\\\/2.libro-Pedro-Nueno-emprender-jubilacion-shutt-dstNtc.jpg\",\"datePublished\":\"2019-07-23T21:30:30+00:00\",\"dateModified\":\"2019-07-25T16:38:36+00:00\",\"description\":\"Pedro Nueno, acad\u00e8mic electe de la RAED, presenta l'obra \\\"Jubilado. \u00bfY ahora qu\u00e9? Emprender en la jubilaci\u00f3n\\\"\",\"breadcrumb\":{\"@id\":\"https:\\\/\\\/raed.academy\\\/ca\\\/emprendre-a-la-jubilacio-pedro-nueno\\\/#breadcrumb\"},\"inLanguage\":\"ca-ES\",\"potentialAction\":[{\"@type\":\"ReadAction\",\"target\":[\"https:\\\/\\\/raed.academy\\\/ca\\\/emprendre-a-la-jubilacio-pedro-nueno\\\/\"]}]},{\"@type\":\"ImageObject\",\"inLanguage\":\"ca-ES\",\"@id\":\"https:\\\/\\\/raed.academy\\\/ca\\\/emprendre-a-la-jubilacio-pedro-nueno\\\/#primaryimage\",\"url\":\"https:\\\/\\\/raed.academy\\\/wp-content\\\/uploads\\\/2019\\\/07\\\/2.libro-Pedro-Nueno-emprender-jubilacion-shutt-dstNtc.jpg\",\"contentUrl\":\"https:\\\/\\\/raed.academy\\\/wp-content\\\/uploads\\\/2019\\\/07\\\/2.libro-Pedro-Nueno-emprender-jubilacion-shutt-dstNtc.jpg\",\"width\":950,\"height\":444},{\"@type\":\"BreadcrumbList\",\"@id\":\"https:\\\/\\\/raed.academy\\\/ca\\\/emprendre-a-la-jubilacio-pedro-nueno\\\/#breadcrumb\",\"itemListElement\":[{\"@type\":\"ListItem\",\"position\":1,\"name\":\"Inicio\",\"item\":\"https:\\\/\\\/raed.academy\\\/ca\\\/\"},{\"@type\":\"ListItem\",\"position\":2,\"name\":\"Pensionistes amb futur\"}]},{\"@type\":\"WebSite\",\"@id\":\"https:\\\/\\\/raed.academy\\\/ca\\\/#website\",\"url\":\"https:\\\/\\\/raed.academy\\\/ca\\\/\",\"name\":\"Reial Acad\u00e8mia Europea de Doctors\",\"description\":\"Corporaci\u00f3n de derecho p\u00fablico de car\u00e1cter cient\u00edfico, t\u00e9cnico y art\u00edstico, que tiene por objeto la investigaci\u00f3n, el estudio, el fomento y la extensi\u00f3n del conocimiento en su sentido m\u00e1s amplio\",\"publisher\":{\"@id\":\"https:\\\/\\\/raed.academy\\\/ca\\\/#organization\"},\"potentialAction\":[{\"@type\":\"SearchAction\",\"target\":{\"@type\":\"EntryPoint\",\"urlTemplate\":\"https:\\\/\\\/raed.academy\\\/ca\\\/?s={search_term_string}\"},\"query-input\":{\"@type\":\"PropertyValueSpecification\",\"valueRequired\":true,\"valueName\":\"search_term_string\"}}],\"inLanguage\":\"ca-ES\"},{\"@type\":\"Organization\",\"@id\":\"https:\\\/\\\/raed.academy\\\/ca\\\/#organization\",\"name\":\"Real Academia Europea de Doctores\",\"url\":\"https:\\\/\\\/raed.academy\\\/ca\\\/\",\"logo\":{\"@type\":\"ImageObject\",\"inLanguage\":\"ca-ES\",\"@id\":\"https:\\\/\\\/raed.academy\\\/ca\\\/#\\\/schema\\\/logo\\\/image\\\/\",\"url\":\"https:\\\/\\\/raed.academy\\\/wp-content\\\/uploads\\\/2017\\\/01\\\/cropped-logo_raed.png\",\"contentUrl\":\"https:\\\/\\\/raed.academy\\\/wp-content\\\/uploads\\\/2017\\\/01\\\/cropped-logo_raed.png\",\"width\":512,\"height\":512,\"caption\":\"Real Academia Europea de Doctores\"},\"image\":{\"@id\":\"https:\\\/\\\/raed.academy\\\/ca\\\/#\\\/schema\\\/logo\\\/image\\\/\"},\"sameAs\":[\"http:\\\/\\\/fb.me\\\/raed.academy\",\"https:\\\/\\\/x.com\\\/raedacademy\",\"https:\\\/\\\/www.instagram.com\\\/raed.academy\\\/\",\"https:\\\/\\\/www.youtube.com\\\/channel\\\/UCUYQwW2KrdirNWihxMDObwg\"]},{\"@type\":\"Person\",\"@id\":\"https:\\\/\\\/raed.academy\\\/ca\\\/#\\\/schema\\\/person\\\/5a755da80d1d979fd66ba745c8702927\",\"name\":\"RAED\",\"image\":{\"@type\":\"ImageObject\",\"inLanguage\":\"ca-ES\",\"@id\":\"https:\\\/\\\/secure.gravatar.com\\\/avatar\\\/19fdfdc0d67fb9c45714b703a2ac82251c4fcea3637f002ac3c9b74c0183583c?s=96&d=mm&r=g\",\"url\":\"https:\\\/\\\/secure.gravatar.com\\\/avatar\\\/19fdfdc0d67fb9c45714b703a2ac82251c4fcea3637f002ac3c9b74c0183583c?s=96&d=mm&r=g\",\"contentUrl\":\"https:\\\/\\\/secure.gravatar.com\\\/avatar\\\/19fdfdc0d67fb9c45714b703a2ac82251c4fcea3637f002ac3c9b74c0183583c?s=96&d=mm&r=g\",\"caption\":\"RAED\"}}]}<\/script>\n<!-- \/ Yoast SEO plugin. -->","yoast_head_json":{"title":"Emprendre a la jubilaci\u00f3, per Pedro Nueno - Reial Acad\u00e8mia Europea de Doctors","description":"Pedro Nueno, acad\u00e8mic electe de la RAED, presenta l'obra \"Jubilado. \u00bfY ahora qu\u00e9? Emprender en la jubilaci\u00f3n\"","robots":{"index":"index","follow":"follow","max-snippet":"max-snippet:-1","max-image-preview":"max-image-preview:large","max-video-preview":"max-video-preview:-1"},"canonical":"https:\/\/raed.academy\/ca\/emprendre-a-la-jubilacio-pedro-nueno\/","og_locale":"ca_ES","og_type":"article","og_title":"Emprendre a la jubilaci\u00f3, per Pedro Nueno - Reial Acad\u00e8mia Europea de Doctors","og_description":"Pedro Nueno, acad\u00e8mic electe de la RAED, presenta l'obra \"Jubilado. \u00bfY ahora qu\u00e9? Emprender en la jubilaci\u00f3n\"","og_url":"https:\/\/raed.academy\/ca\/emprendre-a-la-jubilacio-pedro-nueno\/","og_site_name":"Reial Acad\u00e8mia Europea de Doctors","article_publisher":"http:\/\/fb.me\/raed.academy","article_published_time":"2019-07-23T21:30:30+00:00","article_modified_time":"2019-07-25T16:38:36+00:00","og_image":[{"width":950,"height":444,"url":"https:\/\/raed.academy\/wp-content\/uploads\/2019\/07\/2.libro-Pedro-Nueno-emprender-jubilacion-shutt-dstNtc.jpg","type":"image\/jpeg"}],"author":"RAED","twitter_card":"summary_large_image","twitter_creator":"@raedacademy","twitter_site":"@raedacademy","twitter_misc":{"Written by":"RAED","Est. reading time":"2 minutes"},"schema":{"@context":"https:\/\/schema.org","@graph":[{"@type":"Article","@id":"https:\/\/raed.academy\/ca\/emprendre-a-la-jubilacio-pedro-nueno\/#article","isPartOf":{"@id":"https:\/\/raed.academy\/ca\/emprendre-a-la-jubilacio-pedro-nueno\/"},"author":{"name":"RAED","@id":"https:\/\/raed.academy\/ca\/#\/schema\/person\/5a755da80d1d979fd66ba745c8702927"},"headline":"Pensionistes amb futur","datePublished":"2019-07-23T21:30:30+00:00","dateModified":"2019-07-25T16:38:36+00:00","mainEntityOfPage":{"@id":"https:\/\/raed.academy\/ca\/emprendre-a-la-jubilacio-pedro-nueno\/"},"wordCount":516,"publisher":{"@id":"https:\/\/raed.academy\/ca\/#organization"},"image":{"@id":"https:\/\/raed.academy\/ca\/emprendre-a-la-jubilacio-pedro-nueno\/#primaryimage"},"thumbnailUrl":"https:\/\/raed.academy\/wp-content\/uploads\/2019\/07\/2.libro-Pedro-Nueno-emprender-jubilacion-shutt-dstNtc.jpg","articleSection":["Econ\u00f2miques i Empresarials"],"inLanguage":"ca-ES"},{"@type":"WebPage","@id":"https:\/\/raed.academy\/ca\/emprendre-a-la-jubilacio-pedro-nueno\/","url":"https:\/\/raed.academy\/ca\/emprendre-a-la-jubilacio-pedro-nueno\/","name":"Emprendre a la jubilaci\u00f3, per Pedro Nueno - Reial Acad\u00e8mia Europea de Doctors","isPartOf":{"@id":"https:\/\/raed.academy\/ca\/#website"},"primaryImageOfPage":{"@id":"https:\/\/raed.academy\/ca\/emprendre-a-la-jubilacio-pedro-nueno\/#primaryimage"},"image":{"@id":"https:\/\/raed.academy\/ca\/emprendre-a-la-jubilacio-pedro-nueno\/#primaryimage"},"thumbnailUrl":"https:\/\/raed.academy\/wp-content\/uploads\/2019\/07\/2.libro-Pedro-Nueno-emprender-jubilacion-shutt-dstNtc.jpg","datePublished":"2019-07-23T21:30:30+00:00","dateModified":"2019-07-25T16:38:36+00:00","description":"Pedro Nueno, acad\u00e8mic electe de la RAED, presenta l'obra \"Jubilado. \u00bfY ahora qu\u00e9? Emprender en la jubilaci\u00f3n\"","breadcrumb":{"@id":"https:\/\/raed.academy\/ca\/emprendre-a-la-jubilacio-pedro-nueno\/#breadcrumb"},"inLanguage":"ca-ES","potentialAction":[{"@type":"ReadAction","target":["https:\/\/raed.academy\/ca\/emprendre-a-la-jubilacio-pedro-nueno\/"]}]},{"@type":"ImageObject","inLanguage":"ca-ES","@id":"https:\/\/raed.academy\/ca\/emprendre-a-la-jubilacio-pedro-nueno\/#primaryimage","url":"https:\/\/raed.academy\/wp-content\/uploads\/2019\/07\/2.libro-Pedro-Nueno-emprender-jubilacion-shutt-dstNtc.jpg","contentUrl":"https:\/\/raed.academy\/wp-content\/uploads\/2019\/07\/2.libro-Pedro-Nueno-emprender-jubilacion-shutt-dstNtc.jpg","width":950,"height":444},{"@type":"BreadcrumbList","@id":"https:\/\/raed.academy\/ca\/emprendre-a-la-jubilacio-pedro-nueno\/#breadcrumb","itemListElement":[{"@type":"ListItem","position":1,"name":"Inicio","item":"https:\/\/raed.academy\/ca\/"},{"@type":"ListItem","position":2,"name":"Pensionistes amb futur"}]},{"@type":"WebSite","@id":"https:\/\/raed.academy\/ca\/#website","url":"https:\/\/raed.academy\/ca\/","name":"Reial Acad\u00e8mia Europea de Doctors","description":"Corporaci\u00f3n de derecho p\u00fablico de car\u00e1cter cient\u00edfico, t\u00e9cnico y art\u00edstico, que tiene por objeto la investigaci\u00f3n, el estudio, el fomento y la extensi\u00f3n del conocimiento en su sentido m\u00e1s amplio","publisher":{"@id":"https:\/\/raed.academy\/ca\/#organization"},"potentialAction":[{"@type":"SearchAction","target":{"@type":"EntryPoint","urlTemplate":"https:\/\/raed.academy\/ca\/?s={search_term_string}"},"query-input":{"@type":"PropertyValueSpecification","valueRequired":true,"valueName":"search_term_string"}}],"inLanguage":"ca-ES"},{"@type":"Organization","@id":"https:\/\/raed.academy\/ca\/#organization","name":"Real Academia Europea de Doctores","url":"https:\/\/raed.academy\/ca\/","logo":{"@type":"ImageObject","inLanguage":"ca-ES","@id":"https:\/\/raed.academy\/ca\/#\/schema\/logo\/image\/","url":"https:\/\/raed.academy\/wp-content\/uploads\/2017\/01\/cropped-logo_raed.png","contentUrl":"https:\/\/raed.academy\/wp-content\/uploads\/2017\/01\/cropped-logo_raed.png","width":512,"height":512,"caption":"Real Academia Europea de Doctores"},"image":{"@id":"https:\/\/raed.academy\/ca\/#\/schema\/logo\/image\/"},"sameAs":["http:\/\/fb.me\/raed.academy","https:\/\/x.com\/raedacademy","https:\/\/www.instagram.com\/raed.academy\/","https:\/\/www.youtube.com\/channel\/UCUYQwW2KrdirNWihxMDObwg"]},{"@type":"Person","@id":"https:\/\/raed.academy\/ca\/#\/schema\/person\/5a755da80d1d979fd66ba745c8702927","name":"RAED","image":{"@type":"ImageObject","inLanguage":"ca-ES","@id":"https:\/\/secure.gravatar.com\/avatar\/19fdfdc0d67fb9c45714b703a2ac82251c4fcea3637f002ac3c9b74c0183583c?s=96&d=mm&r=g","url":"https:\/\/secure.gravatar.com\/avatar\/19fdfdc0d67fb9c45714b703a2ac82251c4fcea3637f002ac3c9b74c0183583c?s=96&d=mm&r=g","contentUrl":"https:\/\/secure.gravatar.com\/avatar\/19fdfdc0d67fb9c45714b703a2ac82251c4fcea3637f002ac3c9b74c0183583c?s=96&d=mm&r=g","caption":"RAED"}}]}},"_links":{"self":[{"href":"https:\/\/raed.academy\/ca\/wp-json\/wp\/v2\/posts\/76328","targetHints":{"allow":["GET"]}}],"collection":[{"href":"https:\/\/raed.academy\/ca\/wp-json\/wp\/v2\/posts"}],"about":[{"href":"https:\/\/raed.academy\/ca\/wp-json\/wp\/v2\/types\/post"}],"author":[{"embeddable":true,"href":"https:\/\/raed.academy\/ca\/wp-json\/wp\/v2\/users\/12"}],"replies":[{"embeddable":true,"href":"https:\/\/raed.academy\/ca\/wp-json\/wp\/v2\/comments?post=76328"}],"version-history":[{"count":0,"href":"https:\/\/raed.academy\/ca\/wp-json\/wp\/v2\/posts\/76328\/revisions"}],"wp:featuredmedia":[{"embeddable":true,"href":"https:\/\/raed.academy\/ca\/wp-json\/wp\/v2\/media\/76268"}],"wp:attachment":[{"href":"https:\/\/raed.academy\/ca\/wp-json\/wp\/v2\/media?parent=76328"}],"wp:term":[{"taxonomy":"category","embeddable":true,"href":"https:\/\/raed.academy\/ca\/wp-json\/wp\/v2\/categories?post=76328"},{"taxonomy":"post_tag","embeddable":true,"href":"https:\/\/raed.academy\/ca\/wp-json\/wp\/v2\/tags?post=76328"}],"curies":[{"name":"wp","href":"https:\/\/api.w.org\/{rel}","templated":true}]}}