{"id":76265,"date":"2019-07-23T16:31:47","date_gmt":"2019-07-23T16:31:47","guid":{"rendered":"https:\/\/raed.academy\/?p=76265"},"modified":"2019-07-24T16:28:43","modified_gmt":"2019-07-24T16:28:43","slug":"de-barcelona-a-la-lluna","status":"publish","type":"post","link":"https:\/\/raed.academy\/ca\/de-barcelona-a-la-lluna\/","title":{"rendered":"De Barcelona a la Lluna"},"content":{"rendered":"<h2>Vivian Hartmann, directora de Desenvolupament Corporatiu de la RAED, explica l&#8217;origen catal\u00e0 del cartell que Armstrong i Aldrin van deixar al Mar de la Tranquil\u00b7litat<\/h2>\n<div id=\"attachment_76287\" style=\"width: 560px\" class=\"wp-caption alignright\"><img loading=\"lazy\" decoding=\"async\" aria-describedby=\"caption-attachment-76287\" class=\"jetpack-lazy-image jetpack-lazy-image--handled wp-image-76287 size-full\" src=\"https:\/\/raed.academy\/wp-content\/uploads\/2019\/07\/wolfgang-viviane-hartmann-barcelona.jpg\" alt=\"Wolfgang y Vivian Hartmann\" width=\"550\" height=\"307\" aria-describedby=\"caption-attachment-76287\" data-attachment-id=\"76287\" data-permalink=\"https:\/\/raed.academy\/de-barcelona-a-la-luna\/wolfgang-viviane-hartmann-barcelona-2\/\" data-orig-file=\"https:\/\/raed.academy\/wp-content\/uploads\/2019\/07\/wolfgang-viviane-hartmann-barcelona.jpg\" data-orig-size=\"550,307\" data-comments-opened=\"0\" data-image-meta=\"{&quot;aperture&quot;:&quot;0&quot;,&quot;credit&quot;:&quot;&quot;,&quot;camera&quot;:&quot;&quot;,&quot;caption&quot;:&quot;&quot;,&quot;created_timestamp&quot;:&quot;0&quot;,&quot;copyright&quot;:&quot;&quot;,&quot;focal_length&quot;:&quot;0&quot;,&quot;iso&quot;:&quot;0&quot;,&quot;shutter_speed&quot;:&quot;0&quot;,&quot;title&quot;:&quot;&quot;,&quot;orientation&quot;:&quot;0&quot;}\" data-image-title=\"wolfgang-viviane-hartmann-barcelona\" data-image-description=\"\" data-medium-file=\"https:\/\/raed.academy\/wp-content\/uploads\/2019\/07\/wolfgang-viviane-hartmann-barcelona.jpg\" data-large-file=\"https:\/\/raed.academy\/wp-content\/uploads\/2019\/07\/wolfgang-viviane-hartmann-barcelona.jpg\" data-lazy-loaded=\"1\" \/><p id=\"caption-attachment-76287\" class=\"wp-caption-text\">Wolfgang y Vivian Hartmann<\/p><\/div>\n<p><strong>Vivian Hartmann<\/strong>, directora de Desenvolupament Corporatiu i Relacions Institucionals de la <strong>Reial Acad\u00e8mia Europea de Doctors-Barcelona 1914<\/strong> (RAED) i directora de l&#8217;empresa de tipografia <strong>BauerTypes<\/strong>, explica com els tipus de tipografia Futura en qu\u00e8 es va imprimir el text de la placa que <strong>Neil Armstrong<\/strong> i <strong>Buzz Aldrin<\/strong> van dipositar a la Lluna el 1969 es van fondre a Barcelona a l&#8217;empresa que dirigia el seu pare, <strong>Wolfgang Hartmann<\/strong>. L&#8217;hist\u00f2ric text, en maj\u00fascules i en angl\u00e8s, diu &#8220;Aqu\u00ed homes del planeta Terra van posar peu a la Lluna per primera vegada el juliol de 1969 d.C. Vam venir en pau en nom de tota la humanitat&#8221;.<\/p>\n<p>La tipografia Futura va ser creada per <strong>Paul Renner<\/strong> i fosa per primera vegada per la <strong>Bauersche Giesserei<\/strong> d&#8217;Alemanya en l&#8217;any 1927. La firma, que va obtenir els drets en exclusiva de la Futura, era propietat de <strong>Georg Hartmann<\/strong>. El seu fill, <strong>Carlos Hartmann<\/strong>, dirigia a Barcelona l&#8217;empresa <strong>Fundici\u00f3n Tipogr\u00e1fica Neufville<\/strong>, coneguda per representar als principals fabricants de maquin\u00e0ria d&#8217;impressi\u00f3 d&#8217;Alemanya, per\u00f2 tamb\u00e9 per fondre els mateixos tipus com els de la Bauersche Giesserei.<\/p>\n<p>En comen\u00e7ar la Segona Guerra Mundial, a causa que els pa\u00efsos en conflicte amb Alemanya havien prohibit la importaci\u00f3 de productes d&#8217;aquest pa\u00eds, es va convenir entre pare i fill que la Futura seria fosa a la Fundici\u00f3n Tipogr\u00e0fica Neufville i exportada des d&#8217;all\u00e0 als Estats Units. Per aix\u00f2, els tipus Futura que adquirien les impremtes americanes procedien de l&#8217;empresa espanyola. L&#8217;any 1963 Wolfgang Hartmann, fill de Carlos, es faria c\u00e0rrec de la direcci\u00f3 de la Fundici\u00f3n Tipogr\u00e0fica Neufville, que anys despr\u00e9s es va refundar com a BauerTypes. La seva formaci\u00f3 pr\u00e8via a la Bauersche Giesserei li va permetre con\u00e8ixer a fons tot el relacionat amb la fosa de tipus. Va seguir mantenint relacions internacionals amb tots els actors del sector a trav\u00e9s de l&#8217;<a href=\"https:\/\/www.atypi.org\" target=\"_blank\" rel=\"noopener noreferrer\"><strong>Associaci\u00f3 Tipogr\u00e0fica Internacional<\/strong><\/a>, de la qual va arribar a ser vicepresident.<\/p>\n<p>Moltes prestigioses marques van adoptar la Futura fosa per Neufville per a les seves campanyes de publicitat: <a href=\"https:\/\/www.volkswagen.com\" target=\"_blank\" rel=\"noopener noreferrer\"><strong>Volkswagen<\/strong><\/a>, <a href=\"http:\/\/www.nike.com\" target=\"_blank\" rel=\"noopener noreferrer\"><strong>Nike<\/strong><\/a>, <a href=\"https:\/\/www.hp.com\" target=\"_blank\" rel=\"noopener noreferrer\"><strong>Hewlett-Packard<\/strong><\/a>, <a href=\"http:\/\/www.vignelli.com\" target=\"_blank\" rel=\"noopener noreferrer\"><strong>Massimo Vignelli<\/strong><\/a>, <a href=\"https:\/\/www.shell.com\" target=\"_blank\" rel=\"noopener noreferrer\"><strong>Shell<\/strong><\/a>&#8230; Havia estat tamb\u00e9 la tipografia preferida d&#8217;<strong>Stanley Kubrick<\/strong>, qui el 1968, un any abans de l&#8217;arribada de l&#8217;<strong>Apollo 11<\/strong> a la Lluna, va presentar la pel\u00b7l\u00edcula <strong>&#8220;2001: Una Odissea a l&#8217;Espai&#8221;<\/strong>. El film va inspirar als responsables del gravat del text a la placa de la Lluna, tot i que la Futura ja es feia a l&#8217;Ex\u00e8rcit dels Estats Units per a la impressi\u00f3 d&#8217;etiquetes col\u00b7locades en instruments que necessitaven ser molt llegibles.<\/p>\n","protected":false},"excerpt":{"rendered":"<p>Vivian Hartmann, directora de Desenvolupament Corporatiu de la RAED, explica l&#8217;origen catal\u00e0 del cartell que Armstrong i Aldrin van deixar al Mar de la Tranquil\u00b7litat Vivian Hartmann, directora de Desenvolupament Corporatiu i Relacions Institucionals de la Reial Acad\u00e8mia Europea de Doctors-Barcelona 1914 (RAED) i directora de l&#8217;empresa de tipografia BauerTypes, explica com els tipus de [&hellip;]<\/p>\n","protected":false},"author":12,"featured_media":76280,"comment_status":"closed","ping_status":"closed","sticky":false,"template":"","format":"standard","meta":{"_et_pb_use_builder":"","_et_pb_old_content":"","_et_gb_content_width":"","footnotes":""},"categories":[242],"tags":[],"class_list":["post-76265","post","type-post","status-publish","format-standard","has-post-thumbnail","hentry","category-categ-historia","et-has-post-format-content","et_post_format-et-post-format-standard"],"yoast_head":"<!-- This site is optimized with the Yoast SEO plugin v27.4 - https:\/\/yoast.com\/product\/yoast-seo-wordpress\/ -->\n<title>De Barcelona a la Lluna - Reial Acad\u00e8mia Europea de Doctors<\/title>\n<meta name=\"description\" content=\"Vivian Hartmann, directora de Desenvolupament Corporatiu de la RAED, explica l&#039;origen catal\u00e0 del cartell que Armstrong i Aldrin van deixar al Mar de la Tranquil\u00b7litat\" \/>\n<meta name=\"robots\" content=\"index, follow, max-snippet:-1, max-image-preview:large, max-video-preview:-1\" \/>\n<link rel=\"canonical\" href=\"https:\/\/raed.academy\/ca\/de-barcelona-a-la-lluna\/\" \/>\n<meta property=\"og:locale\" content=\"ca_ES\" \/>\n<meta property=\"og:type\" content=\"article\" \/>\n<meta property=\"og:title\" content=\"De Barcelona a la Lluna - Reial Acad\u00e8mia Europea de Doctors\" \/>\n<meta property=\"og:description\" content=\"Vivian Hartmann, directora de Desenvolupament Corporatiu de la RAED, explica l&#039;origen catal\u00e0 del cartell que Armstrong i Aldrin van deixar al Mar de la Tranquil\u00b7litat\" \/>\n<meta property=\"og:url\" content=\"https:\/\/raed.academy\/ca\/de-barcelona-a-la-lluna\/\" \/>\n<meta property=\"og:site_name\" content=\"Reial Acad\u00e8mia Europea de Doctors\" \/>\n<meta property=\"article:publisher\" content=\"http:\/\/fb.me\/raed.academy\" \/>\n<meta property=\"article:published_time\" content=\"2019-07-23T16:31:47+00:00\" \/>\n<meta property=\"article:modified_time\" content=\"2019-07-24T16:28:43+00:00\" \/>\n<meta property=\"og:image\" content=\"https:\/\/raed.academy\/wp-content\/uploads\/2019\/07\/luna-Vivian-Hartmann-shutt-dstNtc.jpg\" \/>\n\t<meta property=\"og:image:width\" content=\"970\" \/>\n\t<meta property=\"og:image:height\" content=\"333\" \/>\n\t<meta property=\"og:image:type\" content=\"image\/jpeg\" \/>\n<meta name=\"author\" content=\"RAED\" \/>\n<meta name=\"twitter:card\" content=\"summary_large_image\" \/>\n<meta name=\"twitter:creator\" content=\"@raedacademy\" \/>\n<meta name=\"twitter:site\" content=\"@raedacademy\" \/>\n<meta name=\"twitter:label1\" content=\"Written by\" \/>\n\t<meta name=\"twitter:data1\" content=\"RAED\" \/>\n\t<meta name=\"twitter:label2\" content=\"Est. reading time\" \/>\n\t<meta name=\"twitter:data2\" content=\"2 minutes\" \/>\n<script type=\"application\/ld+json\" class=\"yoast-schema-graph\">{\"@context\":\"https:\\\/\\\/schema.org\",\"@graph\":[{\"@type\":\"Article\",\"@id\":\"https:\\\/\\\/raed.academy\\\/ca\\\/de-barcelona-a-la-lluna\\\/#article\",\"isPartOf\":{\"@id\":\"https:\\\/\\\/raed.academy\\\/ca\\\/de-barcelona-a-la-lluna\\\/\"},\"author\":{\"name\":\"RAED\",\"@id\":\"https:\\\/\\\/raed.academy\\\/ca\\\/#\\\/schema\\\/person\\\/5a755da80d1d979fd66ba745c8702927\"},\"headline\":\"De Barcelona a la Lluna\",\"datePublished\":\"2019-07-23T16:31:47+00:00\",\"dateModified\":\"2019-07-24T16:28:43+00:00\",\"mainEntityOfPage\":{\"@id\":\"https:\\\/\\\/raed.academy\\\/ca\\\/de-barcelona-a-la-lluna\\\/\"},\"wordCount\":490,\"publisher\":{\"@id\":\"https:\\\/\\\/raed.academy\\\/ca\\\/#organization\"},\"image\":{\"@id\":\"https:\\\/\\\/raed.academy\\\/ca\\\/de-barcelona-a-la-lluna\\\/#primaryimage\"},\"thumbnailUrl\":\"https:\\\/\\\/raed.academy\\\/wp-content\\\/uploads\\\/2019\\\/07\\\/luna-Vivian-Hartmann-shutt-dstNtc.jpg\",\"articleSection\":[\"Hist\u00f2ria\"],\"inLanguage\":\"ca-ES\"},{\"@type\":\"WebPage\",\"@id\":\"https:\\\/\\\/raed.academy\\\/ca\\\/de-barcelona-a-la-lluna\\\/\",\"url\":\"https:\\\/\\\/raed.academy\\\/ca\\\/de-barcelona-a-la-lluna\\\/\",\"name\":\"De Barcelona a la Lluna - Reial Acad\u00e8mia Europea de Doctors\",\"isPartOf\":{\"@id\":\"https:\\\/\\\/raed.academy\\\/ca\\\/#website\"},\"primaryImageOfPage\":{\"@id\":\"https:\\\/\\\/raed.academy\\\/ca\\\/de-barcelona-a-la-lluna\\\/#primaryimage\"},\"image\":{\"@id\":\"https:\\\/\\\/raed.academy\\\/ca\\\/de-barcelona-a-la-lluna\\\/#primaryimage\"},\"thumbnailUrl\":\"https:\\\/\\\/raed.academy\\\/wp-content\\\/uploads\\\/2019\\\/07\\\/luna-Vivian-Hartmann-shutt-dstNtc.jpg\",\"datePublished\":\"2019-07-23T16:31:47+00:00\",\"dateModified\":\"2019-07-24T16:28:43+00:00\",\"description\":\"Vivian Hartmann, directora de Desenvolupament Corporatiu de la RAED, explica l'origen catal\u00e0 del cartell que Armstrong i Aldrin van deixar al Mar de la Tranquil\u00b7litat\",\"breadcrumb\":{\"@id\":\"https:\\\/\\\/raed.academy\\\/ca\\\/de-barcelona-a-la-lluna\\\/#breadcrumb\"},\"inLanguage\":\"ca-ES\",\"potentialAction\":[{\"@type\":\"ReadAction\",\"target\":[\"https:\\\/\\\/raed.academy\\\/ca\\\/de-barcelona-a-la-lluna\\\/\"]}]},{\"@type\":\"ImageObject\",\"inLanguage\":\"ca-ES\",\"@id\":\"https:\\\/\\\/raed.academy\\\/ca\\\/de-barcelona-a-la-lluna\\\/#primaryimage\",\"url\":\"https:\\\/\\\/raed.academy\\\/wp-content\\\/uploads\\\/2019\\\/07\\\/luna-Vivian-Hartmann-shutt-dstNtc.jpg\",\"contentUrl\":\"https:\\\/\\\/raed.academy\\\/wp-content\\\/uploads\\\/2019\\\/07\\\/luna-Vivian-Hartmann-shutt-dstNtc.jpg\",\"width\":970,\"height\":333},{\"@type\":\"BreadcrumbList\",\"@id\":\"https:\\\/\\\/raed.academy\\\/ca\\\/de-barcelona-a-la-lluna\\\/#breadcrumb\",\"itemListElement\":[{\"@type\":\"ListItem\",\"position\":1,\"name\":\"Inicio\",\"item\":\"https:\\\/\\\/raed.academy\\\/ca\\\/\"},{\"@type\":\"ListItem\",\"position\":2,\"name\":\"De Barcelona a la Lluna\"}]},{\"@type\":\"WebSite\",\"@id\":\"https:\\\/\\\/raed.academy\\\/ca\\\/#website\",\"url\":\"https:\\\/\\\/raed.academy\\\/ca\\\/\",\"name\":\"Reial Acad\u00e8mia Europea de Doctors\",\"description\":\"Corporaci\u00f3n de derecho p\u00fablico de car\u00e1cter cient\u00edfico, t\u00e9cnico y art\u00edstico, que tiene por objeto la investigaci\u00f3n, el estudio, el fomento y la extensi\u00f3n del conocimiento en su sentido m\u00e1s amplio\",\"publisher\":{\"@id\":\"https:\\\/\\\/raed.academy\\\/ca\\\/#organization\"},\"potentialAction\":[{\"@type\":\"SearchAction\",\"target\":{\"@type\":\"EntryPoint\",\"urlTemplate\":\"https:\\\/\\\/raed.academy\\\/ca\\\/?s={search_term_string}\"},\"query-input\":{\"@type\":\"PropertyValueSpecification\",\"valueRequired\":true,\"valueName\":\"search_term_string\"}}],\"inLanguage\":\"ca-ES\"},{\"@type\":\"Organization\",\"@id\":\"https:\\\/\\\/raed.academy\\\/ca\\\/#organization\",\"name\":\"Real Academia Europea de Doctores\",\"url\":\"https:\\\/\\\/raed.academy\\\/ca\\\/\",\"logo\":{\"@type\":\"ImageObject\",\"inLanguage\":\"ca-ES\",\"@id\":\"https:\\\/\\\/raed.academy\\\/ca\\\/#\\\/schema\\\/logo\\\/image\\\/\",\"url\":\"https:\\\/\\\/raed.academy\\\/wp-content\\\/uploads\\\/2017\\\/01\\\/cropped-logo_raed.png\",\"contentUrl\":\"https:\\\/\\\/raed.academy\\\/wp-content\\\/uploads\\\/2017\\\/01\\\/cropped-logo_raed.png\",\"width\":512,\"height\":512,\"caption\":\"Real Academia Europea de Doctores\"},\"image\":{\"@id\":\"https:\\\/\\\/raed.academy\\\/ca\\\/#\\\/schema\\\/logo\\\/image\\\/\"},\"sameAs\":[\"http:\\\/\\\/fb.me\\\/raed.academy\",\"https:\\\/\\\/x.com\\\/raedacademy\",\"https:\\\/\\\/www.instagram.com\\\/raed.academy\\\/\",\"https:\\\/\\\/www.youtube.com\\\/channel\\\/UCUYQwW2KrdirNWihxMDObwg\"]},{\"@type\":\"Person\",\"@id\":\"https:\\\/\\\/raed.academy\\\/ca\\\/#\\\/schema\\\/person\\\/5a755da80d1d979fd66ba745c8702927\",\"name\":\"RAED\",\"image\":{\"@type\":\"ImageObject\",\"inLanguage\":\"ca-ES\",\"@id\":\"https:\\\/\\\/secure.gravatar.com\\\/avatar\\\/19fdfdc0d67fb9c45714b703a2ac82251c4fcea3637f002ac3c9b74c0183583c?s=96&d=mm&r=g\",\"url\":\"https:\\\/\\\/secure.gravatar.com\\\/avatar\\\/19fdfdc0d67fb9c45714b703a2ac82251c4fcea3637f002ac3c9b74c0183583c?s=96&d=mm&r=g\",\"contentUrl\":\"https:\\\/\\\/secure.gravatar.com\\\/avatar\\\/19fdfdc0d67fb9c45714b703a2ac82251c4fcea3637f002ac3c9b74c0183583c?s=96&d=mm&r=g\",\"caption\":\"RAED\"}}]}<\/script>\n<!-- \/ Yoast SEO plugin. -->","yoast_head_json":{"title":"De Barcelona a la Lluna - Reial Acad\u00e8mia Europea de Doctors","description":"Vivian Hartmann, directora de Desenvolupament Corporatiu de la RAED, explica l'origen catal\u00e0 del cartell que Armstrong i Aldrin van deixar al Mar de la Tranquil\u00b7litat","robots":{"index":"index","follow":"follow","max-snippet":"max-snippet:-1","max-image-preview":"max-image-preview:large","max-video-preview":"max-video-preview:-1"},"canonical":"https:\/\/raed.academy\/ca\/de-barcelona-a-la-lluna\/","og_locale":"ca_ES","og_type":"article","og_title":"De Barcelona a la Lluna - Reial Acad\u00e8mia Europea de Doctors","og_description":"Vivian Hartmann, directora de Desenvolupament Corporatiu de la RAED, explica l'origen catal\u00e0 del cartell que Armstrong i Aldrin van deixar al Mar de la Tranquil\u00b7litat","og_url":"https:\/\/raed.academy\/ca\/de-barcelona-a-la-lluna\/","og_site_name":"Reial Acad\u00e8mia Europea de Doctors","article_publisher":"http:\/\/fb.me\/raed.academy","article_published_time":"2019-07-23T16:31:47+00:00","article_modified_time":"2019-07-24T16:28:43+00:00","og_image":[{"width":970,"height":333,"url":"https:\/\/raed.academy\/wp-content\/uploads\/2019\/07\/luna-Vivian-Hartmann-shutt-dstNtc.jpg","type":"image\/jpeg"}],"author":"RAED","twitter_card":"summary_large_image","twitter_creator":"@raedacademy","twitter_site":"@raedacademy","twitter_misc":{"Written by":"RAED","Est. reading time":"2 minutes"},"schema":{"@context":"https:\/\/schema.org","@graph":[{"@type":"Article","@id":"https:\/\/raed.academy\/ca\/de-barcelona-a-la-lluna\/#article","isPartOf":{"@id":"https:\/\/raed.academy\/ca\/de-barcelona-a-la-lluna\/"},"author":{"name":"RAED","@id":"https:\/\/raed.academy\/ca\/#\/schema\/person\/5a755da80d1d979fd66ba745c8702927"},"headline":"De Barcelona a la Lluna","datePublished":"2019-07-23T16:31:47+00:00","dateModified":"2019-07-24T16:28:43+00:00","mainEntityOfPage":{"@id":"https:\/\/raed.academy\/ca\/de-barcelona-a-la-lluna\/"},"wordCount":490,"publisher":{"@id":"https:\/\/raed.academy\/ca\/#organization"},"image":{"@id":"https:\/\/raed.academy\/ca\/de-barcelona-a-la-lluna\/#primaryimage"},"thumbnailUrl":"https:\/\/raed.academy\/wp-content\/uploads\/2019\/07\/luna-Vivian-Hartmann-shutt-dstNtc.jpg","articleSection":["Hist\u00f2ria"],"inLanguage":"ca-ES"},{"@type":"WebPage","@id":"https:\/\/raed.academy\/ca\/de-barcelona-a-la-lluna\/","url":"https:\/\/raed.academy\/ca\/de-barcelona-a-la-lluna\/","name":"De Barcelona a la Lluna - Reial Acad\u00e8mia Europea de Doctors","isPartOf":{"@id":"https:\/\/raed.academy\/ca\/#website"},"primaryImageOfPage":{"@id":"https:\/\/raed.academy\/ca\/de-barcelona-a-la-lluna\/#primaryimage"},"image":{"@id":"https:\/\/raed.academy\/ca\/de-barcelona-a-la-lluna\/#primaryimage"},"thumbnailUrl":"https:\/\/raed.academy\/wp-content\/uploads\/2019\/07\/luna-Vivian-Hartmann-shutt-dstNtc.jpg","datePublished":"2019-07-23T16:31:47+00:00","dateModified":"2019-07-24T16:28:43+00:00","description":"Vivian Hartmann, directora de Desenvolupament Corporatiu de la RAED, explica l'origen catal\u00e0 del cartell que Armstrong i Aldrin van deixar al Mar de la Tranquil\u00b7litat","breadcrumb":{"@id":"https:\/\/raed.academy\/ca\/de-barcelona-a-la-lluna\/#breadcrumb"},"inLanguage":"ca-ES","potentialAction":[{"@type":"ReadAction","target":["https:\/\/raed.academy\/ca\/de-barcelona-a-la-lluna\/"]}]},{"@type":"ImageObject","inLanguage":"ca-ES","@id":"https:\/\/raed.academy\/ca\/de-barcelona-a-la-lluna\/#primaryimage","url":"https:\/\/raed.academy\/wp-content\/uploads\/2019\/07\/luna-Vivian-Hartmann-shutt-dstNtc.jpg","contentUrl":"https:\/\/raed.academy\/wp-content\/uploads\/2019\/07\/luna-Vivian-Hartmann-shutt-dstNtc.jpg","width":970,"height":333},{"@type":"BreadcrumbList","@id":"https:\/\/raed.academy\/ca\/de-barcelona-a-la-lluna\/#breadcrumb","itemListElement":[{"@type":"ListItem","position":1,"name":"Inicio","item":"https:\/\/raed.academy\/ca\/"},{"@type":"ListItem","position":2,"name":"De Barcelona a la Lluna"}]},{"@type":"WebSite","@id":"https:\/\/raed.academy\/ca\/#website","url":"https:\/\/raed.academy\/ca\/","name":"Reial Acad\u00e8mia Europea de Doctors","description":"Corporaci\u00f3n de derecho p\u00fablico de car\u00e1cter cient\u00edfico, t\u00e9cnico y art\u00edstico, que tiene por objeto la investigaci\u00f3n, el estudio, el fomento y la extensi\u00f3n del conocimiento en su sentido m\u00e1s amplio","publisher":{"@id":"https:\/\/raed.academy\/ca\/#organization"},"potentialAction":[{"@type":"SearchAction","target":{"@type":"EntryPoint","urlTemplate":"https:\/\/raed.academy\/ca\/?s={search_term_string}"},"query-input":{"@type":"PropertyValueSpecification","valueRequired":true,"valueName":"search_term_string"}}],"inLanguage":"ca-ES"},{"@type":"Organization","@id":"https:\/\/raed.academy\/ca\/#organization","name":"Real Academia Europea de Doctores","url":"https:\/\/raed.academy\/ca\/","logo":{"@type":"ImageObject","inLanguage":"ca-ES","@id":"https:\/\/raed.academy\/ca\/#\/schema\/logo\/image\/","url":"https:\/\/raed.academy\/wp-content\/uploads\/2017\/01\/cropped-logo_raed.png","contentUrl":"https:\/\/raed.academy\/wp-content\/uploads\/2017\/01\/cropped-logo_raed.png","width":512,"height":512,"caption":"Real Academia Europea de Doctores"},"image":{"@id":"https:\/\/raed.academy\/ca\/#\/schema\/logo\/image\/"},"sameAs":["http:\/\/fb.me\/raed.academy","https:\/\/x.com\/raedacademy","https:\/\/www.instagram.com\/raed.academy\/","https:\/\/www.youtube.com\/channel\/UCUYQwW2KrdirNWihxMDObwg"]},{"@type":"Person","@id":"https:\/\/raed.academy\/ca\/#\/schema\/person\/5a755da80d1d979fd66ba745c8702927","name":"RAED","image":{"@type":"ImageObject","inLanguage":"ca-ES","@id":"https:\/\/secure.gravatar.com\/avatar\/19fdfdc0d67fb9c45714b703a2ac82251c4fcea3637f002ac3c9b74c0183583c?s=96&d=mm&r=g","url":"https:\/\/secure.gravatar.com\/avatar\/19fdfdc0d67fb9c45714b703a2ac82251c4fcea3637f002ac3c9b74c0183583c?s=96&d=mm&r=g","contentUrl":"https:\/\/secure.gravatar.com\/avatar\/19fdfdc0d67fb9c45714b703a2ac82251c4fcea3637f002ac3c9b74c0183583c?s=96&d=mm&r=g","caption":"RAED"}}]}},"_links":{"self":[{"href":"https:\/\/raed.academy\/ca\/wp-json\/wp\/v2\/posts\/76265","targetHints":{"allow":["GET"]}}],"collection":[{"href":"https:\/\/raed.academy\/ca\/wp-json\/wp\/v2\/posts"}],"about":[{"href":"https:\/\/raed.academy\/ca\/wp-json\/wp\/v2\/types\/post"}],"author":[{"embeddable":true,"href":"https:\/\/raed.academy\/ca\/wp-json\/wp\/v2\/users\/12"}],"replies":[{"embeddable":true,"href":"https:\/\/raed.academy\/ca\/wp-json\/wp\/v2\/comments?post=76265"}],"version-history":[{"count":0,"href":"https:\/\/raed.academy\/ca\/wp-json\/wp\/v2\/posts\/76265\/revisions"}],"wp:featuredmedia":[{"embeddable":true,"href":"https:\/\/raed.academy\/ca\/wp-json\/wp\/v2\/media\/76280"}],"wp:attachment":[{"href":"https:\/\/raed.academy\/ca\/wp-json\/wp\/v2\/media?parent=76265"}],"wp:term":[{"taxonomy":"category","embeddable":true,"href":"https:\/\/raed.academy\/ca\/wp-json\/wp\/v2\/categories?post=76265"},{"taxonomy":"post_tag","embeddable":true,"href":"https:\/\/raed.academy\/ca\/wp-json\/wp\/v2\/tags?post=76265"}],"curies":[{"name":"wp","href":"https:\/\/api.w.org\/{rel}","templated":true}]}}