{"id":7273,"date":"2016-06-29T14:50:59","date_gmt":"2016-06-29T14:50:59","guid":{"rendered":"http:\/\/radd.eu\/?p=7273"},"modified":"2017-05-15T14:28:04","modified_gmt":"2017-05-15T14:28:04","slug":"anoveros-obte-el-doctorat-en-economiques-amb-una-tesi-sobre-leconomia-al-quixot","status":"publish","type":"post","link":"https:\/\/raed.academy\/ca\/anoveros-obte-el-doctorat-en-economiques-amb-una-tesi-sobre-leconomia-al-quixot\/","title":{"rendered":"A\u00f1overos obt\u00e9 el doctorat en Econ\u00f2miques amb una tesi sobre l&#8217;economia al Quixot"},"content":{"rendered":"<h3><a href=\"http:\/\/raed.academy\/ca\/academics\/dr-xabier-anoveros-trias-de-bes\/\" target=\"_blank\"><strong>Xabier A\u00f1overos Tr\u00edas de Bes<\/strong><\/a>, acad\u00e8mic de n\u00famero de la <strong>Reial Acad\u00e8mia Europea de Doctors-Barcelona 1914<\/strong> (RAED), va defensar el passat 22 de juny a la <a href=\"http:\/\/www.ucjc.edu\" target=\"_blank\"><strong>Universitat Camilo Jos\u00e9 Cela<\/strong><\/a> <span id=\"result_box\" class=\"\" lang=\"ca\">la seva tesi doctoral en Ci\u00e8ncies Econ\u00f2miques <strong>&#8220;Conceptos, ideas y contenidos econ\u00f3micos en el Quijote&#8221;<\/strong>. El tribunal, presidit pel professor <strong>Ram\u00f3n Tamames<\/strong>, li va atorgar la qualificaci\u00f3 d&#8217;Excel\u00b7lent Cum Laude.<\/h3>\n<h3><span id=\"result_box\" class=\"\" lang=\"ca\">Doctor en Dret, A\u00f1overos \u00e9s advocat en exercici des de fa m\u00e9s de quaranta anys i ha defensat causes <span class=\"\">de clients a tot<\/span> tipus de tribunals, incl\u00f2s el Tribunal Suprem. Autor de diversos llibres i m\u00e9s de trenta treballs publicats a revistes jur\u00eddiques especialitzades, sobre temes de Dret Contractual, Dret de Societats, T\u00edtols Valors i Dret Bancari.<\/h3>\n<p style=\"text-align: center;\"><a href=\"http:\/\/raed.academy\/wp-content\/uploads\/2016\/06\/foto-A\u00f1overos.jpg\"><img loading=\"lazy\" decoding=\"async\" class=\"alignnone size-medium wp-image-7291\" src=\"http:\/\/raed.academy\/wp-content\/uploads\/2016\/06\/foto-A\u00f1overos-300x141.jpg\" alt=\"foto A\u00f1overos\" width=\"300\" height=\"141\" \/><\/a><\/p>\n","protected":false},"excerpt":{"rendered":"<p>Xabier A\u00f1overos Tr\u00edas de Bes, acad\u00e8mic de n\u00famero de la Reial Acad\u00e8mia Europea de Doctors-Barcelona 1914 (RAED), va defensar el passat 22 de juny a la Universitat Camilo Jos\u00e9 Cela la seva tesi doctoral en Ci\u00e8ncies Econ\u00f2miques &#8220;Conceptos, ideas y contenidos econ\u00f3micos en el Quijote&#8221;. El tribunal, presidit pel professor Ram\u00f3n Tamames, li va atorgar [&hellip;]<\/p>\n","protected":false},"author":12,"featured_media":0,"comment_status":"closed","ping_status":"closed","sticky":false,"template":"","format":"standard","meta":{"_et_pb_use_builder":"","_et_pb_old_content":"","_et_gb_content_width":"","footnotes":""},"categories":[72],"tags":[],"class_list":["post-7273","post","type-post","status-publish","format-standard","hentry","category-uncategorized-ca","et-doesnt-have-format-content","et_post_format-et-post-format-standard"],"yoast_head":"<!-- This site is optimized with the Yoast SEO plugin v27.5 - https:\/\/yoast.com\/product\/yoast-seo-wordpress\/ -->\n<title>A\u00f1overos obt\u00e9 el doctorat en Econ\u00f2miques amb una tesi sobre l&#039;economia al Quixot - Reial Acad\u00e8mia Europea de Doctors<\/title>\n<meta name=\"robots\" content=\"index, follow, max-snippet:-1, max-image-preview:large, max-video-preview:-1\" \/>\n<link rel=\"canonical\" href=\"https:\/\/raed.academy\/ca\/anoveros-obte-el-doctorat-en-economiques-amb-una-tesi-sobre-leconomia-al-quixot\/\" \/>\n<meta property=\"og:locale\" content=\"ca_ES\" \/>\n<meta property=\"og:type\" content=\"article\" \/>\n<meta property=\"og:title\" content=\"A\u00f1overos obt\u00e9 el doctorat en Econ\u00f2miques amb una tesi sobre l&#039;economia al Quixot - Reial Acad\u00e8mia Europea de Doctors\" \/>\n<meta property=\"og:description\" content=\"Xabier A\u00f1overos Tr\u00edas de Bes, acad\u00e8mic de n\u00famero de la Reial Acad\u00e8mia Europea de Doctors-Barcelona 1914 (RAED), va defensar el passat 22 de juny a la Universitat Camilo Jos\u00e9 Cela la seva tesi doctoral en Ci\u00e8ncies Econ\u00f2miques &#8220;Conceptos, ideas y contenidos econ\u00f3micos en el Quijote&#8221;. El tribunal, presidit pel professor Ram\u00f3n Tamames, li va atorgar [&hellip;]\" \/>\n<meta property=\"og:url\" content=\"https:\/\/raed.academy\/ca\/anoveros-obte-el-doctorat-en-economiques-amb-una-tesi-sobre-leconomia-al-quixot\/\" \/>\n<meta property=\"og:site_name\" content=\"Reial Acad\u00e8mia Europea de Doctors\" \/>\n<meta property=\"article:publisher\" content=\"http:\/\/fb.me\/raed.academy\" \/>\n<meta property=\"article:published_time\" content=\"2016-06-29T14:50:59+00:00\" \/>\n<meta property=\"article:modified_time\" content=\"2017-05-15T14:28:04+00:00\" \/>\n<meta property=\"og:image\" content=\"http:\/\/raed.academy\/wp-content\/uploads\/2016\/06\/foto-A\u00f1overos-300x141.jpg\" \/>\n<meta name=\"author\" content=\"RAED\" \/>\n<meta name=\"twitter:card\" content=\"summary_large_image\" \/>\n<meta name=\"twitter:creator\" content=\"@raedacademy\" \/>\n<meta name=\"twitter:site\" content=\"@raedacademy\" \/>\n<meta name=\"twitter:label1\" content=\"Written by\" \/>\n\t<meta name=\"twitter:data1\" content=\"RAED\" \/>\n\t<meta name=\"twitter:label2\" content=\"Est. reading time\" \/>\n\t<meta name=\"twitter:data2\" content=\"1 minute\" \/>\n<script type=\"application\/ld+json\" class=\"yoast-schema-graph\">{\"@context\":\"https:\\\/\\\/schema.org\",\"@graph\":[{\"@type\":\"Article\",\"@id\":\"https:\\\/\\\/raed.academy\\\/ca\\\/anoveros-obte-el-doctorat-en-economiques-amb-una-tesi-sobre-leconomia-al-quixot\\\/#article\",\"isPartOf\":{\"@id\":\"https:\\\/\\\/raed.academy\\\/ca\\\/anoveros-obte-el-doctorat-en-economiques-amb-una-tesi-sobre-leconomia-al-quixot\\\/\"},\"author\":{\"name\":\"RAED\",\"@id\":\"https:\\\/\\\/raed.academy\\\/ca\\\/#\\\/schema\\\/person\\\/5a755da80d1d979fd66ba745c8702927\"},\"headline\":\"A\u00f1overos obt\u00e9 el doctorat en Econ\u00f2miques amb una tesi sobre l&#8217;economia al Quixot\",\"datePublished\":\"2016-06-29T14:50:59+00:00\",\"dateModified\":\"2017-05-15T14:28:04+00:00\",\"mainEntityOfPage\":{\"@id\":\"https:\\\/\\\/raed.academy\\\/ca\\\/anoveros-obte-el-doctorat-en-economiques-amb-una-tesi-sobre-leconomia-al-quixot\\\/\"},\"wordCount\":148,\"publisher\":{\"@id\":\"https:\\\/\\\/raed.academy\\\/ca\\\/#organization\"},\"articleSection\":[\"Uncategorized @ca\"],\"inLanguage\":\"ca-ES\"},{\"@type\":\"WebPage\",\"@id\":\"https:\\\/\\\/raed.academy\\\/ca\\\/anoveros-obte-el-doctorat-en-economiques-amb-una-tesi-sobre-leconomia-al-quixot\\\/\",\"url\":\"https:\\\/\\\/raed.academy\\\/ca\\\/anoveros-obte-el-doctorat-en-economiques-amb-una-tesi-sobre-leconomia-al-quixot\\\/\",\"name\":\"A\u00f1overos obt\u00e9 el doctorat en Econ\u00f2miques amb una tesi sobre l'economia al Quixot - Reial Acad\u00e8mia Europea de Doctors\",\"isPartOf\":{\"@id\":\"https:\\\/\\\/raed.academy\\\/ca\\\/#website\"},\"datePublished\":\"2016-06-29T14:50:59+00:00\",\"dateModified\":\"2017-05-15T14:28:04+00:00\",\"breadcrumb\":{\"@id\":\"https:\\\/\\\/raed.academy\\\/ca\\\/anoveros-obte-el-doctorat-en-economiques-amb-una-tesi-sobre-leconomia-al-quixot\\\/#breadcrumb\"},\"inLanguage\":\"ca-ES\",\"potentialAction\":[{\"@type\":\"ReadAction\",\"target\":[\"https:\\\/\\\/raed.academy\\\/ca\\\/anoveros-obte-el-doctorat-en-economiques-amb-una-tesi-sobre-leconomia-al-quixot\\\/\"]}]},{\"@type\":\"BreadcrumbList\",\"@id\":\"https:\\\/\\\/raed.academy\\\/ca\\\/anoveros-obte-el-doctorat-en-economiques-amb-una-tesi-sobre-leconomia-al-quixot\\\/#breadcrumb\",\"itemListElement\":[{\"@type\":\"ListItem\",\"position\":1,\"name\":\"Inicio\",\"item\":\"https:\\\/\\\/raed.academy\\\/ca\\\/\"},{\"@type\":\"ListItem\",\"position\":2,\"name\":\"A\u00f1overos obt\u00e9 el doctorat en Econ\u00f2miques amb una tesi sobre l&#8217;economia al Quixot\"}]},{\"@type\":\"WebSite\",\"@id\":\"https:\\\/\\\/raed.academy\\\/ca\\\/#website\",\"url\":\"https:\\\/\\\/raed.academy\\\/ca\\\/\",\"name\":\"Reial Acad\u00e8mia Europea de Doctors\",\"description\":\"Corporaci\u00f3n de derecho p\u00fablico de car\u00e1cter cient\u00edfico, t\u00e9cnico y art\u00edstico, que tiene por objeto la investigaci\u00f3n, el estudio, el fomento y la extensi\u00f3n del conocimiento en su sentido m\u00e1s amplio\",\"publisher\":{\"@id\":\"https:\\\/\\\/raed.academy\\\/ca\\\/#organization\"},\"potentialAction\":[{\"@type\":\"SearchAction\",\"target\":{\"@type\":\"EntryPoint\",\"urlTemplate\":\"https:\\\/\\\/raed.academy\\\/ca\\\/?s={search_term_string}\"},\"query-input\":{\"@type\":\"PropertyValueSpecification\",\"valueRequired\":true,\"valueName\":\"search_term_string\"}}],\"inLanguage\":\"ca-ES\"},{\"@type\":\"Organization\",\"@id\":\"https:\\\/\\\/raed.academy\\\/ca\\\/#organization\",\"name\":\"Real Academia Europea de Doctores\",\"url\":\"https:\\\/\\\/raed.academy\\\/ca\\\/\",\"logo\":{\"@type\":\"ImageObject\",\"inLanguage\":\"ca-ES\",\"@id\":\"https:\\\/\\\/raed.academy\\\/ca\\\/#\\\/schema\\\/logo\\\/image\\\/\",\"url\":\"https:\\\/\\\/raed.academy\\\/wp-content\\\/uploads\\\/2017\\\/01\\\/cropped-logo_raed.png\",\"contentUrl\":\"https:\\\/\\\/raed.academy\\\/wp-content\\\/uploads\\\/2017\\\/01\\\/cropped-logo_raed.png\",\"width\":512,\"height\":512,\"caption\":\"Real Academia Europea de Doctores\"},\"image\":{\"@id\":\"https:\\\/\\\/raed.academy\\\/ca\\\/#\\\/schema\\\/logo\\\/image\\\/\"},\"sameAs\":[\"http:\\\/\\\/fb.me\\\/raed.academy\",\"https:\\\/\\\/x.com\\\/raedacademy\",\"https:\\\/\\\/www.instagram.com\\\/raed.academy\\\/\",\"https:\\\/\\\/www.youtube.com\\\/channel\\\/UCUYQwW2KrdirNWihxMDObwg\"]},{\"@type\":\"Person\",\"@id\":\"https:\\\/\\\/raed.academy\\\/ca\\\/#\\\/schema\\\/person\\\/5a755da80d1d979fd66ba745c8702927\",\"name\":\"RAED\",\"image\":{\"@type\":\"ImageObject\",\"inLanguage\":\"ca-ES\",\"@id\":\"https:\\\/\\\/secure.gravatar.com\\\/avatar\\\/19fdfdc0d67fb9c45714b703a2ac82251c4fcea3637f002ac3c9b74c0183583c?s=96&d=mm&r=g\",\"url\":\"https:\\\/\\\/secure.gravatar.com\\\/avatar\\\/19fdfdc0d67fb9c45714b703a2ac82251c4fcea3637f002ac3c9b74c0183583c?s=96&d=mm&r=g\",\"contentUrl\":\"https:\\\/\\\/secure.gravatar.com\\\/avatar\\\/19fdfdc0d67fb9c45714b703a2ac82251c4fcea3637f002ac3c9b74c0183583c?s=96&d=mm&r=g\",\"caption\":\"RAED\"}}]}<\/script>\n<!-- \/ Yoast SEO plugin. -->","yoast_head_json":{"title":"A\u00f1overos obt\u00e9 el doctorat en Econ\u00f2miques amb una tesi sobre l'economia al Quixot - Reial Acad\u00e8mia Europea de Doctors","robots":{"index":"index","follow":"follow","max-snippet":"max-snippet:-1","max-image-preview":"max-image-preview:large","max-video-preview":"max-video-preview:-1"},"canonical":"https:\/\/raed.academy\/ca\/anoveros-obte-el-doctorat-en-economiques-amb-una-tesi-sobre-leconomia-al-quixot\/","og_locale":"ca_ES","og_type":"article","og_title":"A\u00f1overos obt\u00e9 el doctorat en Econ\u00f2miques amb una tesi sobre l'economia al Quixot - Reial Acad\u00e8mia Europea de Doctors","og_description":"Xabier A\u00f1overos Tr\u00edas de Bes, acad\u00e8mic de n\u00famero de la Reial Acad\u00e8mia Europea de Doctors-Barcelona 1914 (RAED), va defensar el passat 22 de juny a la Universitat Camilo Jos\u00e9 Cela la seva tesi doctoral en Ci\u00e8ncies Econ\u00f2miques &#8220;Conceptos, ideas y contenidos econ\u00f3micos en el Quijote&#8221;. El tribunal, presidit pel professor Ram\u00f3n Tamames, li va atorgar [&hellip;]","og_url":"https:\/\/raed.academy\/ca\/anoveros-obte-el-doctorat-en-economiques-amb-una-tesi-sobre-leconomia-al-quixot\/","og_site_name":"Reial Acad\u00e8mia Europea de Doctors","article_publisher":"http:\/\/fb.me\/raed.academy","article_published_time":"2016-06-29T14:50:59+00:00","article_modified_time":"2017-05-15T14:28:04+00:00","og_image":[{"url":"http:\/\/raed.academy\/wp-content\/uploads\/2016\/06\/foto-A\u00f1overos-300x141.jpg","type":"","width":"","height":""}],"author":"RAED","twitter_card":"summary_large_image","twitter_creator":"@raedacademy","twitter_site":"@raedacademy","twitter_misc":{"Written by":"RAED","Est. reading time":"1 minute"},"schema":{"@context":"https:\/\/schema.org","@graph":[{"@type":"Article","@id":"https:\/\/raed.academy\/ca\/anoveros-obte-el-doctorat-en-economiques-amb-una-tesi-sobre-leconomia-al-quixot\/#article","isPartOf":{"@id":"https:\/\/raed.academy\/ca\/anoveros-obte-el-doctorat-en-economiques-amb-una-tesi-sobre-leconomia-al-quixot\/"},"author":{"name":"RAED","@id":"https:\/\/raed.academy\/ca\/#\/schema\/person\/5a755da80d1d979fd66ba745c8702927"},"headline":"A\u00f1overos obt\u00e9 el doctorat en Econ\u00f2miques amb una tesi sobre l&#8217;economia al Quixot","datePublished":"2016-06-29T14:50:59+00:00","dateModified":"2017-05-15T14:28:04+00:00","mainEntityOfPage":{"@id":"https:\/\/raed.academy\/ca\/anoveros-obte-el-doctorat-en-economiques-amb-una-tesi-sobre-leconomia-al-quixot\/"},"wordCount":148,"publisher":{"@id":"https:\/\/raed.academy\/ca\/#organization"},"articleSection":["Uncategorized @ca"],"inLanguage":"ca-ES"},{"@type":"WebPage","@id":"https:\/\/raed.academy\/ca\/anoveros-obte-el-doctorat-en-economiques-amb-una-tesi-sobre-leconomia-al-quixot\/","url":"https:\/\/raed.academy\/ca\/anoveros-obte-el-doctorat-en-economiques-amb-una-tesi-sobre-leconomia-al-quixot\/","name":"A\u00f1overos obt\u00e9 el doctorat en Econ\u00f2miques amb una tesi sobre l'economia al Quixot - Reial Acad\u00e8mia Europea de Doctors","isPartOf":{"@id":"https:\/\/raed.academy\/ca\/#website"},"datePublished":"2016-06-29T14:50:59+00:00","dateModified":"2017-05-15T14:28:04+00:00","breadcrumb":{"@id":"https:\/\/raed.academy\/ca\/anoveros-obte-el-doctorat-en-economiques-amb-una-tesi-sobre-leconomia-al-quixot\/#breadcrumb"},"inLanguage":"ca-ES","potentialAction":[{"@type":"ReadAction","target":["https:\/\/raed.academy\/ca\/anoveros-obte-el-doctorat-en-economiques-amb-una-tesi-sobre-leconomia-al-quixot\/"]}]},{"@type":"BreadcrumbList","@id":"https:\/\/raed.academy\/ca\/anoveros-obte-el-doctorat-en-economiques-amb-una-tesi-sobre-leconomia-al-quixot\/#breadcrumb","itemListElement":[{"@type":"ListItem","position":1,"name":"Inicio","item":"https:\/\/raed.academy\/ca\/"},{"@type":"ListItem","position":2,"name":"A\u00f1overos obt\u00e9 el doctorat en Econ\u00f2miques amb una tesi sobre l&#8217;economia al Quixot"}]},{"@type":"WebSite","@id":"https:\/\/raed.academy\/ca\/#website","url":"https:\/\/raed.academy\/ca\/","name":"Reial Acad\u00e8mia Europea de Doctors","description":"Corporaci\u00f3n de derecho p\u00fablico de car\u00e1cter cient\u00edfico, t\u00e9cnico y art\u00edstico, que tiene por objeto la investigaci\u00f3n, el estudio, el fomento y la extensi\u00f3n del conocimiento en su sentido m\u00e1s amplio","publisher":{"@id":"https:\/\/raed.academy\/ca\/#organization"},"potentialAction":[{"@type":"SearchAction","target":{"@type":"EntryPoint","urlTemplate":"https:\/\/raed.academy\/ca\/?s={search_term_string}"},"query-input":{"@type":"PropertyValueSpecification","valueRequired":true,"valueName":"search_term_string"}}],"inLanguage":"ca-ES"},{"@type":"Organization","@id":"https:\/\/raed.academy\/ca\/#organization","name":"Real Academia Europea de Doctores","url":"https:\/\/raed.academy\/ca\/","logo":{"@type":"ImageObject","inLanguage":"ca-ES","@id":"https:\/\/raed.academy\/ca\/#\/schema\/logo\/image\/","url":"https:\/\/raed.academy\/wp-content\/uploads\/2017\/01\/cropped-logo_raed.png","contentUrl":"https:\/\/raed.academy\/wp-content\/uploads\/2017\/01\/cropped-logo_raed.png","width":512,"height":512,"caption":"Real Academia Europea de Doctores"},"image":{"@id":"https:\/\/raed.academy\/ca\/#\/schema\/logo\/image\/"},"sameAs":["http:\/\/fb.me\/raed.academy","https:\/\/x.com\/raedacademy","https:\/\/www.instagram.com\/raed.academy\/","https:\/\/www.youtube.com\/channel\/UCUYQwW2KrdirNWihxMDObwg"]},{"@type":"Person","@id":"https:\/\/raed.academy\/ca\/#\/schema\/person\/5a755da80d1d979fd66ba745c8702927","name":"RAED","image":{"@type":"ImageObject","inLanguage":"ca-ES","@id":"https:\/\/secure.gravatar.com\/avatar\/19fdfdc0d67fb9c45714b703a2ac82251c4fcea3637f002ac3c9b74c0183583c?s=96&d=mm&r=g","url":"https:\/\/secure.gravatar.com\/avatar\/19fdfdc0d67fb9c45714b703a2ac82251c4fcea3637f002ac3c9b74c0183583c?s=96&d=mm&r=g","contentUrl":"https:\/\/secure.gravatar.com\/avatar\/19fdfdc0d67fb9c45714b703a2ac82251c4fcea3637f002ac3c9b74c0183583c?s=96&d=mm&r=g","caption":"RAED"}}]}},"_links":{"self":[{"href":"https:\/\/raed.academy\/ca\/wp-json\/wp\/v2\/posts\/7273","targetHints":{"allow":["GET"]}}],"collection":[{"href":"https:\/\/raed.academy\/ca\/wp-json\/wp\/v2\/posts"}],"about":[{"href":"https:\/\/raed.academy\/ca\/wp-json\/wp\/v2\/types\/post"}],"author":[{"embeddable":true,"href":"https:\/\/raed.academy\/ca\/wp-json\/wp\/v2\/users\/12"}],"replies":[{"embeddable":true,"href":"https:\/\/raed.academy\/ca\/wp-json\/wp\/v2\/comments?post=7273"}],"version-history":[{"count":0,"href":"https:\/\/raed.academy\/ca\/wp-json\/wp\/v2\/posts\/7273\/revisions"}],"wp:attachment":[{"href":"https:\/\/raed.academy\/ca\/wp-json\/wp\/v2\/media?parent=7273"}],"wp:term":[{"taxonomy":"category","embeddable":true,"href":"https:\/\/raed.academy\/ca\/wp-json\/wp\/v2\/categories?post=7273"},{"taxonomy":"post_tag","embeddable":true,"href":"https:\/\/raed.academy\/ca\/wp-json\/wp\/v2\/tags?post=7273"}],"curies":[{"name":"wp","href":"https:\/\/api.w.org\/{rel}","templated":true}]}}