{"id":72666,"date":"2019-05-31T07:02:42","date_gmt":"2019-05-31T07:02:42","guid":{"rendered":"https:\/\/raed.academy\/?p=72666"},"modified":"2019-06-01T19:43:17","modified_gmt":"2019-06-01T19:43:17","slug":"el-manifest-de-laguardia","status":"publish","type":"post","link":"https:\/\/raed.academy\/ca\/el-manifest-de-laguardia\/","title":{"rendered":"El Manifest de Laguardia"},"content":{"rendered":"<p>[et_pb_section fb_built=&#8221;1&#8243; admin_label=&#8221;section&#8221; _builder_version=&#8221;3.22.3&#8243;][et_pb_row admin_label=&#8221;row&#8221; _builder_version=&#8221;3.22.3&#8243; background_size=&#8221;initial&#8221; background_position=&#8221;top_left&#8221; background_repeat=&#8221;repeat&#8221;][et_pb_column type=&#8221;4_4&#8243; _builder_version=&#8221;3.0.47&#8243;][et_pb_text admin_label=&#8221;Text&#8221; _builder_version=&#8221;3.22.7&#8243; background_size=&#8221;initial&#8221; background_position=&#8221;top_left&#8221; background_repeat=&#8221;repeat&#8221;]<\/p>\n<h2>La RAED i la resta d&#8217;institucions presents a la primera Trobada Cient\u00edfica-Cultural a la Rioja Alabesa acorden lluitar per la protecci\u00f3 del patrimoni<\/h2>\n<p>La <strong>Reial Acad\u00e8mia Europea de Doctors-Barcelona 1914<\/strong> (RAED), la <strong>Reial Acad\u00e8mia de Medicina de l&#8217;Pa\u00eds Basc-Euskal Herriko Medikuntzaren Errege Akademia<\/strong> (RAMPV-EHMEA), la <a href=\"http:\/\/www.radoctores.es\" target=\"_blank\" rel=\"noopener noreferrer\"><strong>Reial Acad\u00e8mia de Doctors d&#8217;Espanya<\/strong><\/a>, l&#8217;<strong>Acad\u00e8mia Espanyola de Nutrici\u00f3 i Ci\u00e8ncies de l&#8217;Alimentaci\u00f3<\/strong>, la <a href=\"http:\/\/www.nutricioncomunitaria.org\" target=\"_blank\" rel=\"noopener noreferrer\"><strong>Societat Espanyola de Nutrici\u00f3 Comunit\u00e0ria<\/strong><\/a> i l&#8217;<strong>Associaci\u00f3 per a la Difusi\u00f3 i Promoci\u00f3 del patrimoni Mundial d&#8217;Espanya<\/strong> van signar el passat 25 de maig a Laguardia un manifest en el qual es comprometen a lluitar de manera conjunta en la protecci\u00f3 del patrimoni material i immaterial d&#8217;Espanya. La signatura del que aquestes entitats van denominar el <strong>&#8220;Manifest de Laguardia (Rioja Alabesa)&#8221;<\/strong> es va produir en el marc de la primera <strong>Trobada Cient\u00edfica-Cultural a la Rioja Alabesa<\/strong> convocada per la RAED i la RAMPV.<\/p>\n<p>&#8220;Espanya \u00e9s un dels l\u00edders mundials en reconeixements per part de la <a href=\"http:\/\/www.unesco.org\" target=\"_blank\" rel=\"noopener noreferrer\"><strong>Unesco<\/strong><\/a>. Som el tercer pa\u00eds del m\u00f3n, despr\u00e9s de Xina i It\u00e0lia. S\u00f3n 47 declaracions del Patrimoni Cultural i Natural i 18 les de l&#8217;Immaterial. Aix\u00f2 fa un total de 65 declaracions, el que ens d\u00f3na una idea del ric i variat patrimoni. Per tot aix\u00f2, proposem i donem suport a la celebraci\u00f3 el proper 2 de novembre del <strong>Dia Mundial del Patrimoni Mundial d&#8217;Espanya<\/strong>, la creaci\u00f3 d&#8217;un <strong>Consell del Patrimoni Mundial d&#8217;Espanya<\/strong> en el qual estiguin representades les institucions i entitats relacionades amb el mateix, la potenciaci\u00f3 del Cam\u00ed de Sant Jaume, que representa els lla\u00e7os religiosos, culturals, geogr\u00e0fics i comercials establerts en el pelegrinatge a m\u00e9s de projectar el ric patrimoni art\u00edstic d&#8217;important inter\u00e8s hist\u00f2ric sense oblidar el seu valor paisatg\u00edstic, la protecci\u00f3 i difusi\u00f3 de la dieta mediterr\u00e0nia, conjunt de coneixements, pr\u00e0ctiques, habilitats i tradicions relacionades amb els aliments en totes les seves fases i enclavaments, amb beneficis evidents per a la salut, la biodiversitat i la sostenibilitat al que cal afegir els h\u00e0bits saludables, l&#8217;activitat f\u00edsica, la convivialitat i un descans saludable, i estimular la investigaci\u00f3 i la difusi\u00f3 del patrimoni col\u00b7lectiu vinculat a les lleng\u00fces, usos i expressions culturals singulars dels diferents territoris d&#8217;Espanya&#8221;, assenyala el manifest.<\/p>\n<p><img loading=\"lazy\" decoding=\"async\" class=\"aligncenter size-full wp-image-72689\" src=\"https:\/\/raed.academy\/wp-content\/uploads\/2019\/05\/bodegas-Eguren-Ugarte.jpg\" alt=\"\" width=\"1050\" height=\"299\" srcset=\"https:\/\/raed.academy\/wp-content\/uploads\/2019\/05\/bodegas-Eguren-Ugarte.jpg 1050w, https:\/\/raed.academy\/wp-content\/uploads\/2019\/05\/bodegas-Eguren-Ugarte-768x219.jpg 768w\" sizes=\"(max-width: 1050px) 100vw, 1050px\" \/><\/p>\n<p>Aquesta primera Trobada Cient\u00edfica-Cultural a la Rioja Alabesa va comptar amb la participaci\u00f3 de 35 ponents que al llarg dels tres dies van abordar temes relacionats amb l&#8217;enologia, la viticultura, l&#8217;alimentaci\u00f3, la dieta i una regi\u00f3 com la Rioja Alabesa que es caracteritza per la qualitat internacionalment reconeguda dels seus vins. Aquesta part cient\u00edfica es va complementar amb un seguit de visites culturals que van incloure el celler de <a href=\"https:\/\/www.marquesderiscal.com\" target=\"_blank\" rel=\"noopener noreferrer\"><strong>Marqu\u00e9s de Riscal<\/strong><\/a>, de l&#8217;arquitecte <strong>Frank Gehry<\/strong>, i el prestigi\u00f3s i guardonat celler d&#8217;<a href=\"http:\/\/egurenugarte.com\" target=\"_blank\" rel=\"noopener noreferrer\"><strong>Eguren Ugarte<\/strong><\/a>. Al seu auditori van tenir lloc les pon\u00e8ncies. El format de les intervencions va ser el ja tradicional de 15 minuts dels esdeveniments de la RAED i es van agrupar en quatre grans blocs: <strong>&#8220;Enologia i Cultura del Vi&#8221;<\/strong>, que es va dividir en dues sessions, <strong>&#8220;Alimentaci\u00f3, Gastronomia i Salut&#8221;<\/strong> i <strong>&#8220;Actualitat en Ci\u00e8ncia i Humanitats&#8221;<\/strong>.<\/p>\n<p>En general es van abordar temes tan diversos com la relaci\u00f3 del vi amb la m\u00fasica, l&#8217;humor, l&#8217;art, la literatura, el vi a la hist\u00f2ria de les civilitzacions, els costos de producci\u00f3 i venda, la import\u00e0ncia del suro en el proc\u00e9s evolutiu del vi, la funci\u00f3 dels \u00f2rgans sensorials davant un tast de vi, el m\u00e0rqueting i l&#8217;enologia, les varietats singulars del vi de Rioja, les caracter\u00edstiques \u00faniques del vi rosat, la protecci\u00f3 de les vinyes, la bioqu\u00edmica del vi, els processos enol\u00f2gics i la seguretat aliment\u00e0ria, el vi dins de la dieta mediterr\u00e0nia, les rutes del Cam\u00ed de Sant Jaume, o la serra de Cant\u00e0bria com a ecosistema de la Rioja Alabesa, la m\u00e0gia i el vi, els calders de bruixes i el vi, c\u00f3rrer entre vinyes, caminant el cam\u00ed amb pa i vi, reformular per menjar m\u00e9s sa, l&#8217;obesitat metab\u00f2licament sana, el repte de comunicar en salut, la gastrof\u00edsica, com perdre o guanyar una estrella Michelin, art i fragilitat mediambiental, art i inf\u00e0ncia, la intel\u00b7lig\u00e8ncia artificial i la conducta dels gossos, la vida digital d&#8217;un &#8220;millenial&#8221;, l&#8217;esport o l&#8217;activitat f\u00edsica amb ajudes ergog\u00e8niques i l&#8217;euskera, la seva hist\u00f2ria i el seu context.<\/p>\n<h3><a href=\"https:\/\/raed.academy\/wp-content\/uploads\/2019\/05\/programa-del-Encuentro-Cientifico-cultural-La-Rioja-RAMPV-RAED-2019-v3.pdf\" target=\"_blank\" rel=\"noopener noreferrer\">Programa de la trobada<\/a><\/h3>\n<h3><a href=\"https:\/\/raed.academy\/wp-content\/uploads\/2019\/05\/Manifiesto-de-Laguardia-2019F.pdf\" target=\"_blank\" rel=\"noopener noreferrer\">Manifest de Laguardia<\/a><\/h3>\n<p>[\/et_pb_text][\/et_pb_column][\/et_pb_row][et_pb_row use_custom_gutter=&#8221;on&#8221; gutter_width=&#8221;1&#8243; _builder_version=&#8221;3.22.7&#8243;][et_pb_column type=&#8221;4_4&#8243; _builder_version=&#8221;3.22.7&#8243;][et_pb_gallery gallery_ids=&#8221;72711,72692,72708,72720&#8243; show_title_and_caption=&#8221;off&#8221; show_pagination=&#8221;off&#8221; zoom_icon_color=&#8221;#6b5d38&#8243; hover_overlay_color=&#8221;rgba(255,255,255,0.7)&#8221; hover_icon=&#8221;%%58%%&#8221; _builder_version=&#8221;3.22.7&#8243; z_index_tablet=&#8221;500&#8243; custom_css_gallery_item=&#8221;padding: 2px;&#8221; locked=&#8221;off&#8221;][\/et_pb_gallery][et_pb_image src=&#8221;https:\/\/raed.academy\/wp-content\/uploads\/2019\/05\/Encuentro-Rioja-Alavesa-RAED-RAMPV-Laguardia-Pais-Vasco-2019-05-int.jpg&#8221; _builder_version=&#8221;3.22.7&#8243; z_index_tablet=&#8221;500&#8243; locked=&#8221;off&#8221;][\/et_pb_image][\/et_pb_column][\/et_pb_row][\/et_pb_section]<\/p>\n","protected":false},"excerpt":{"rendered":"<p>La RAED i la resta d&#8217;institucions presents a la primera Trobada Cient\u00edfica-Cultural a la Rioja Alabesa acorden lluitar per la protecci\u00f3 del patrimoni La Reial Acad\u00e8mia Europea de Doctors-Barcelona 1914 (RAED), la Reial Acad\u00e8mia de Medicina de l&#8217;Pa\u00eds Basc-Euskal Herriko Medikuntzaren Errege Akademia (RAMPV-EHMEA), la Reial Acad\u00e8mia de Doctors d&#8217;Espanya, l&#8217;Acad\u00e8mia Espanyola de Nutrici\u00f3 i [&hellip;]<\/p>\n","protected":false},"author":12,"featured_media":72684,"comment_status":"closed","ping_status":"closed","sticky":false,"template":"","format":"standard","meta":{"_et_pb_use_builder":"on","_et_pb_old_content":"<h2>La RAED y el resto de instituciones presentes en el primer Encuentro Cient\u00edfico-Cultural en La Rioja Alavesa acuerdan luchar por la protecci\u00f3n del patrimonio<\/h2><p>La <strong>Real Academia Europea de Doctores-Barcelona 1914<\/strong> (RAED), la <strong>Real Academia de Medicina del Pa\u00eds Vasco-Euskal Herriko Medikuntzaren Errege Akademia<\/strong> (RAMPV-EHMEA), la <a href=\"https:\/\/www.radoctores.es\/\" target=\"_blank\" rel=\"noopener noreferrer\"><strong>Real Academia de Doctores de Espa\u00f1a<\/strong><\/a>, la <strong>Academia Espa\u00f1ola de Nutrici\u00f3n y Ciencias de la Alimentaci\u00f3n<\/strong>, la <a href=\"http:\/\/www.nutricioncomunitaria.org\" target=\"_blank\" rel=\"noopener noreferrer\"><strong>Sociedad Espa\u00f1ola de Nutrici\u00f3n Comunitaria<\/strong><\/a> y la<strong> Asociaci\u00f3n para la Difusi\u00f3n y Promoci\u00f3n del Patrimonio Mundial de Espa\u00f1a<\/strong> firmaron el pasado 25 de mayo en Laguardia un manifiesto en el que se comprometen a luchar de forma conjunta en la protecci\u00f3n del patrimonio material e inmaterial de Espa\u00f1a. La firma de lo que estas entidades denominaron el <strong>\"Manifiesto de Laguardia (Rioja Alavesa)\"<\/strong> se produjo en el marco del primer <strong>Encuentro Cient\u00edfico-Cultural en La Rioja Alavesa<\/strong> convocado por la RAED y la RAMPV.<\/p><p>\"Espa\u00f1a es uno de los l\u00edderes mundiales en reconocimientos por parte de la <a href=\"https:\/\/unesco.org\" target=\"_blank\" rel=\"noopener noreferrer\"><strong>Unesco<\/strong><\/a>. Somos el tercer pa\u00eds del mundo, despu\u00e9s de China e Italia. Son 47 declaraciones del Patrimonio Cultural y Natural y 18 las del Inmaterial. Esto hace un total de 65 declaraciones, lo que nos da una idea del rico y variado patrimonio. Por todo ello, proponemos y apoyamos la celebraci\u00f3n el pr\u00f3ximo 2 de noviembre del<strong> D\u00eda Mundial del Patrimonio Mundial de Espa\u00f1a<\/strong>, la creaci\u00f3n de un <strong>Consejo del Patrimonio Mundial de Espa\u00f1a<\/strong> en el que est\u00e9n representadas las instituciones y entidades relacionadas con el mismo, la potenciaci\u00f3n del Camino de Santiago, que representa los lazos religiosos, culturales, geogr\u00e1ficos y comerciales establecidos en la peregrinaci\u00f3n adem\u00e1s de proyectar el rico patrimonio art\u00edstico de importante inter\u00e9s hist\u00f3rico sin olvidar su valor paisaj\u00edstico, la protecci\u00f3n y difusi\u00f3n de la dieta mediterr\u00e1nea, conjunto de conocimientos, pr\u00e1cticas, habilidades y tradiciones relacionadas con los alimentos en todas sus fases y enclaves, con beneficios evidentes para la salud, la biodiversidad y la sostenibilidad a lo que hay que a\u00f1adir los h\u00e1bitos saludables, la actividad f\u00edsica, la convivialidad y un descanso saludable, y estimular la investigaci\u00f3n y la difusi\u00f3n del patrimonio colectivo vinculado a las lenguas, usos y expresiones culturales singulares de los distintos territorios de Espa\u00f1a\", se\u00f1ala el manifiesto.<\/p><p><img class=\"aligncenter size-full wp-image-72689\" src=\"https:\/\/raed.academy\/wp-content\/uploads\/2019\/05\/bodegas-Eguren-Ugarte.jpg\" alt=\"\" width=\"1050\" height=\"299\" \/><\/p><p>Este primer Encuentro Cient\u00edfico-Cultural en La Rioja Alavesa cont\u00f3 con la participaci\u00f3n de 35 ponentes que a lo largo de los tres d\u00edas abordaron temas relacionados con la enolog\u00eda, la viticultura, la alimentaci\u00f3n, la dieta y una regi\u00f3n como la Rioja Alavesa que se caracteriza por la calidad internacionalmente reconocida de sus vinos. Esta parte cient\u00edfica se complement\u00f3 con una serie de visitas culturales que incluyeron la bodega de <a href=\"https:\/\/www.marquesderiscal.com\" target=\"_blank\" rel=\"noopener noreferrer\"><strong>Marqu\u00e9s de Riscal<\/strong><\/a>, del arquitecto <strong>Frank Gehry<\/strong>, y la prestigiosa y galardonada bodega de <a href=\"http:\/\/egurenugarte.com\" target=\"_blank\" rel=\"noopener noreferrer\"><strong>Eguren Ugarte<\/strong><\/a>, en cuyo auditorio tuvieron lugar las ponencias. El formato de las intervenciones fue el ya tradicional de 15 minutos de los eventos de la RAED y se agruparon en cuatro grandes bloques: <strong>\"Enolog\u00eda y Cultura del Vino\"<\/strong>, que se dividi\u00f3 en dos sesiones, <strong>\"Alimentaci\u00f3n, Gastronom\u00eda y Salud\"<\/strong> y <strong>\"Actualidad en Ciencia y Humanidades\"<\/strong>.<\/p><p>En general se abordaron temas tan diversos como la relaci\u00f3n del vino con la m\u00fasica, el humor, el arte, la literatura, el vino en la historia de las civilizaciones, los costes de producci\u00f3n y venta, la importancia del corcho en el proceso evolutivo del vino, la funci\u00f3n de los \u00f3rganos sensoriales ante una cata de vino, el m\u00e1rketing y la enolog\u00eda, las variedades singulares del vino de Rioja, las caracter\u00edsticas \u00fanicas del vino rosado, la protecci\u00f3n de las vi\u00f1as, la bioqu\u00edmica del vino, los procesos enol\u00f3gicos y la seguridad alimentaria, el vino dentro de la dieta mediterr\u00e1nea, las rutas del Camino de Santiago, o la sierra de Cantabria como ecosistema de la Rioja Alavesa, la magia y el vino, los calderos de brujas y el vino, correr entre vi\u00f1edos, andando el camino con pan y vino, reformular para comer m\u00e1s sano, la obesidad metab\u00f3licamente sana, el reto de comunicar en salud, la gastrof\u00edsica, c\u00f3mo perder o ganar una estrella Michelin, arte y fragilidad medioambiental, arte e infancia, la inteligencia artificial y la conducta de los perros, la vida digital de un \"millenial\", el deporte o la actividad f\u00edsica con ayudas ergog\u00e9nicas y el euskera, su historia y su contexto.<\/p><h3><a href=\"https:\/\/raed.academy\/wp-content\/uploads\/2019\/05\/programa-del-Encuentro-Cientifico-cultural-La-Rioja-RAMPV-RAED-2019-v3.pdf\" target=\"_blank\" rel=\"noopener noreferrer\">Programa del encuentro<\/a><\/h3><h3><a href=\"https:\/\/raed.academy\/wp-content\/uploads\/2019\/05\/Manifiesto-de-Laguardia-2019F.pdf\" target=\"_blank\" rel=\"noopener noreferrer\">Manifiesto de Laguardia<\/a><\/h3><p>[gallery type=\"divi\" link=\"file\" size=\"full\" columns=\"4\" ids=\"72711,72708,72692,72720\"]<\/p><p><img class=\"aligncenter size-full wp-image-72686\" src=\"https:\/\/raed.academy\/wp-content\/uploads\/2019\/05\/Encuentro-Rioja-Alavesa-RAED-RAMPV-Laguardia-Pais-Vasco-2019-05-int.jpg\" alt=\"\" width=\"1150\" height=\"650\" \/><\/p>","_et_gb_content_width":"","footnotes":""},"categories":[72],"tags":[],"class_list":["post-72666","post","type-post","status-publish","format-standard","has-post-thumbnail","hentry","category-uncategorized-ca","et-has-post-format-content","et_post_format-et-post-format-standard"],"yoast_head":"<!-- This site is optimized with the Yoast SEO plugin v27.5 - https:\/\/yoast.com\/product\/yoast-seo-wordpress\/ -->\n<title>El Manifest de Laguardia - Reial Acad\u00e8mia Europea de Doctors<\/title>\n<meta name=\"robots\" content=\"index, follow, max-snippet:-1, max-image-preview:large, max-video-preview:-1\" \/>\n<link rel=\"canonical\" href=\"https:\/\/raed.academy\/ca\/el-manifest-de-laguardia\/\" \/>\n<meta property=\"og:locale\" content=\"ca_ES\" \/>\n<meta property=\"og:type\" content=\"article\" \/>\n<meta property=\"og:title\" content=\"El Manifest de Laguardia - Reial Acad\u00e8mia Europea de Doctors\" \/>\n<meta property=\"og:description\" content=\"La RAED organitza i duu a terme una s\u00e8rie d&#039;activitats concentrades en un mes i mig que van comptar amb la implicaci\u00f3 activa de nombrosos acad\u00e8mics. Recepci\u00f3 de quatre acad\u00e8mics corresponents (Stavroula-Ina Piperaki per a Gr\u00e8cia, Stephen Zeff i David B. Wilkins per als Estats Units i Llu\u00eds Vicent Safont per a Andorra) Taula rodona [&hellip;]\" \/>\n<meta property=\"og:url\" content=\"https:\/\/raed.academy\/ca\/el-manifest-de-laguardia\/\" \/>\n<meta property=\"og:site_name\" content=\"Reial Acad\u00e8mia Europea de Doctors\" \/>\n<meta property=\"article:publisher\" content=\"http:\/\/fb.me\/raed.academy\" \/>\n<meta property=\"article:published_time\" content=\"2019-05-31T07:02:42+00:00\" \/>\n<meta property=\"article:modified_time\" content=\"2019-06-01T19:43:17+00:00\" \/>\n<meta property=\"og:image\" content=\"https:\/\/raed.academy\/wp-content\/uploads\/2019\/05\/Marques-de-RIscal-dstNtc.jpg\" \/>\n\t<meta property=\"og:image:width\" content=\"1050\" \/>\n\t<meta property=\"og:image:height\" content=\"361\" \/>\n\t<meta property=\"og:image:type\" content=\"image\/jpeg\" \/>\n<meta name=\"author\" content=\"RAED\" \/>\n<meta name=\"twitter:card\" content=\"summary_large_image\" \/>\n<meta name=\"twitter:creator\" content=\"@raedacademy\" \/>\n<meta name=\"twitter:site\" content=\"@raedacademy\" \/>\n<meta name=\"twitter:label1\" content=\"Written by\" \/>\n\t<meta name=\"twitter:data1\" content=\"RAED\" \/>\n\t<meta name=\"twitter:label2\" content=\"Est. reading time\" \/>\n\t<meta name=\"twitter:data2\" content=\"4 minutes\" \/>\n<script type=\"application\/ld+json\" class=\"yoast-schema-graph\">{\"@context\":\"https:\\\/\\\/schema.org\",\"@graph\":[{\"@type\":\"Article\",\"@id\":\"https:\\\/\\\/raed.academy\\\/ca\\\/el-manifest-de-laguardia\\\/#article\",\"isPartOf\":{\"@id\":\"https:\\\/\\\/raed.academy\\\/ca\\\/el-manifest-de-laguardia\\\/\"},\"author\":{\"name\":\"RAED\",\"@id\":\"https:\\\/\\\/raed.academy\\\/ca\\\/#\\\/schema\\\/person\\\/5a755da80d1d979fd66ba745c8702927\"},\"headline\":\"El Manifest de Laguardia\",\"datePublished\":\"2019-05-31T07:02:42+00:00\",\"dateModified\":\"2019-06-01T19:43:17+00:00\",\"mainEntityOfPage\":{\"@id\":\"https:\\\/\\\/raed.academy\\\/ca\\\/el-manifest-de-laguardia\\\/\"},\"wordCount\":927,\"publisher\":{\"@id\":\"https:\\\/\\\/raed.academy\\\/ca\\\/#organization\"},\"image\":{\"@id\":\"https:\\\/\\\/raed.academy\\\/ca\\\/el-manifest-de-laguardia\\\/#primaryimage\"},\"thumbnailUrl\":\"https:\\\/\\\/raed.academy\\\/wp-content\\\/uploads\\\/2019\\\/05\\\/Marques-de-RIscal-dstNtc.jpg\",\"articleSection\":[\"Uncategorized @ca\"],\"inLanguage\":\"ca-ES\"},{\"@type\":\"WebPage\",\"@id\":\"https:\\\/\\\/raed.academy\\\/ca\\\/el-manifest-de-laguardia\\\/\",\"url\":\"https:\\\/\\\/raed.academy\\\/ca\\\/el-manifest-de-laguardia\\\/\",\"name\":\"El Manifest de Laguardia - Reial Acad\u00e8mia Europea de Doctors\",\"isPartOf\":{\"@id\":\"https:\\\/\\\/raed.academy\\\/ca\\\/#website\"},\"primaryImageOfPage\":{\"@id\":\"https:\\\/\\\/raed.academy\\\/ca\\\/el-manifest-de-laguardia\\\/#primaryimage\"},\"image\":{\"@id\":\"https:\\\/\\\/raed.academy\\\/ca\\\/el-manifest-de-laguardia\\\/#primaryimage\"},\"thumbnailUrl\":\"https:\\\/\\\/raed.academy\\\/wp-content\\\/uploads\\\/2019\\\/05\\\/Marques-de-RIscal-dstNtc.jpg\",\"datePublished\":\"2019-05-31T07:02:42+00:00\",\"dateModified\":\"2019-06-01T19:43:17+00:00\",\"breadcrumb\":{\"@id\":\"https:\\\/\\\/raed.academy\\\/ca\\\/el-manifest-de-laguardia\\\/#breadcrumb\"},\"inLanguage\":\"ca-ES\",\"potentialAction\":[{\"@type\":\"ReadAction\",\"target\":[\"https:\\\/\\\/raed.academy\\\/ca\\\/el-manifest-de-laguardia\\\/\"]}]},{\"@type\":\"ImageObject\",\"inLanguage\":\"ca-ES\",\"@id\":\"https:\\\/\\\/raed.academy\\\/ca\\\/el-manifest-de-laguardia\\\/#primaryimage\",\"url\":\"https:\\\/\\\/raed.academy\\\/wp-content\\\/uploads\\\/2019\\\/05\\\/Marques-de-RIscal-dstNtc.jpg\",\"contentUrl\":\"https:\\\/\\\/raed.academy\\\/wp-content\\\/uploads\\\/2019\\\/05\\\/Marques-de-RIscal-dstNtc.jpg\",\"width\":1050,\"height\":361},{\"@type\":\"BreadcrumbList\",\"@id\":\"https:\\\/\\\/raed.academy\\\/ca\\\/el-manifest-de-laguardia\\\/#breadcrumb\",\"itemListElement\":[{\"@type\":\"ListItem\",\"position\":1,\"name\":\"Inicio\",\"item\":\"https:\\\/\\\/raed.academy\\\/ca\\\/\"},{\"@type\":\"ListItem\",\"position\":2,\"name\":\"El Manifest de Laguardia\"}]},{\"@type\":\"WebSite\",\"@id\":\"https:\\\/\\\/raed.academy\\\/ca\\\/#website\",\"url\":\"https:\\\/\\\/raed.academy\\\/ca\\\/\",\"name\":\"Reial Acad\u00e8mia Europea de Doctors\",\"description\":\"Corporaci\u00f3n de derecho p\u00fablico de car\u00e1cter cient\u00edfico, t\u00e9cnico y art\u00edstico, que tiene por objeto la investigaci\u00f3n, el estudio, el fomento y la extensi\u00f3n del conocimiento en su sentido m\u00e1s amplio\",\"publisher\":{\"@id\":\"https:\\\/\\\/raed.academy\\\/ca\\\/#organization\"},\"potentialAction\":[{\"@type\":\"SearchAction\",\"target\":{\"@type\":\"EntryPoint\",\"urlTemplate\":\"https:\\\/\\\/raed.academy\\\/ca\\\/?s={search_term_string}\"},\"query-input\":{\"@type\":\"PropertyValueSpecification\",\"valueRequired\":true,\"valueName\":\"search_term_string\"}}],\"inLanguage\":\"ca-ES\"},{\"@type\":\"Organization\",\"@id\":\"https:\\\/\\\/raed.academy\\\/ca\\\/#organization\",\"name\":\"Real Academia Europea de Doctores\",\"url\":\"https:\\\/\\\/raed.academy\\\/ca\\\/\",\"logo\":{\"@type\":\"ImageObject\",\"inLanguage\":\"ca-ES\",\"@id\":\"https:\\\/\\\/raed.academy\\\/ca\\\/#\\\/schema\\\/logo\\\/image\\\/\",\"url\":\"https:\\\/\\\/raed.academy\\\/wp-content\\\/uploads\\\/2017\\\/01\\\/cropped-logo_raed.png\",\"contentUrl\":\"https:\\\/\\\/raed.academy\\\/wp-content\\\/uploads\\\/2017\\\/01\\\/cropped-logo_raed.png\",\"width\":512,\"height\":512,\"caption\":\"Real Academia Europea de Doctores\"},\"image\":{\"@id\":\"https:\\\/\\\/raed.academy\\\/ca\\\/#\\\/schema\\\/logo\\\/image\\\/\"},\"sameAs\":[\"http:\\\/\\\/fb.me\\\/raed.academy\",\"https:\\\/\\\/x.com\\\/raedacademy\",\"https:\\\/\\\/www.instagram.com\\\/raed.academy\\\/\",\"https:\\\/\\\/www.youtube.com\\\/channel\\\/UCUYQwW2KrdirNWihxMDObwg\"]},{\"@type\":\"Person\",\"@id\":\"https:\\\/\\\/raed.academy\\\/ca\\\/#\\\/schema\\\/person\\\/5a755da80d1d979fd66ba745c8702927\",\"name\":\"RAED\",\"image\":{\"@type\":\"ImageObject\",\"inLanguage\":\"ca-ES\",\"@id\":\"https:\\\/\\\/secure.gravatar.com\\\/avatar\\\/19fdfdc0d67fb9c45714b703a2ac82251c4fcea3637f002ac3c9b74c0183583c?s=96&d=mm&r=g\",\"url\":\"https:\\\/\\\/secure.gravatar.com\\\/avatar\\\/19fdfdc0d67fb9c45714b703a2ac82251c4fcea3637f002ac3c9b74c0183583c?s=96&d=mm&r=g\",\"contentUrl\":\"https:\\\/\\\/secure.gravatar.com\\\/avatar\\\/19fdfdc0d67fb9c45714b703a2ac82251c4fcea3637f002ac3c9b74c0183583c?s=96&d=mm&r=g\",\"caption\":\"RAED\"}}]}<\/script>\n<!-- \/ Yoast SEO plugin. -->","yoast_head_json":{"title":"El Manifest de Laguardia - Reial Acad\u00e8mia Europea de Doctors","robots":{"index":"index","follow":"follow","max-snippet":"max-snippet:-1","max-image-preview":"max-image-preview:large","max-video-preview":"max-video-preview:-1"},"canonical":"https:\/\/raed.academy\/ca\/el-manifest-de-laguardia\/","og_locale":"ca_ES","og_type":"article","og_title":"El Manifest de Laguardia - Reial Acad\u00e8mia Europea de Doctors","og_description":"La RAED organitza i duu a terme una s\u00e8rie d'activitats concentrades en un mes i mig que van comptar amb la implicaci\u00f3 activa de nombrosos acad\u00e8mics. Recepci\u00f3 de quatre acad\u00e8mics corresponents (Stavroula-Ina Piperaki per a Gr\u00e8cia, Stephen Zeff i David B. Wilkins per als Estats Units i Llu\u00eds Vicent Safont per a Andorra) Taula rodona [&hellip;]","og_url":"https:\/\/raed.academy\/ca\/el-manifest-de-laguardia\/","og_site_name":"Reial Acad\u00e8mia Europea de Doctors","article_publisher":"http:\/\/fb.me\/raed.academy","article_published_time":"2019-05-31T07:02:42+00:00","article_modified_time":"2019-06-01T19:43:17+00:00","og_image":[{"width":1050,"height":361,"url":"https:\/\/raed.academy\/wp-content\/uploads\/2019\/05\/Marques-de-RIscal-dstNtc.jpg","type":"image\/jpeg"}],"author":"RAED","twitter_card":"summary_large_image","twitter_creator":"@raedacademy","twitter_site":"@raedacademy","twitter_misc":{"Written by":"RAED","Est. reading time":"4 minutes"},"schema":{"@context":"https:\/\/schema.org","@graph":[{"@type":"Article","@id":"https:\/\/raed.academy\/ca\/el-manifest-de-laguardia\/#article","isPartOf":{"@id":"https:\/\/raed.academy\/ca\/el-manifest-de-laguardia\/"},"author":{"name":"RAED","@id":"https:\/\/raed.academy\/ca\/#\/schema\/person\/5a755da80d1d979fd66ba745c8702927"},"headline":"El Manifest de Laguardia","datePublished":"2019-05-31T07:02:42+00:00","dateModified":"2019-06-01T19:43:17+00:00","mainEntityOfPage":{"@id":"https:\/\/raed.academy\/ca\/el-manifest-de-laguardia\/"},"wordCount":927,"publisher":{"@id":"https:\/\/raed.academy\/ca\/#organization"},"image":{"@id":"https:\/\/raed.academy\/ca\/el-manifest-de-laguardia\/#primaryimage"},"thumbnailUrl":"https:\/\/raed.academy\/wp-content\/uploads\/2019\/05\/Marques-de-RIscal-dstNtc.jpg","articleSection":["Uncategorized @ca"],"inLanguage":"ca-ES"},{"@type":"WebPage","@id":"https:\/\/raed.academy\/ca\/el-manifest-de-laguardia\/","url":"https:\/\/raed.academy\/ca\/el-manifest-de-laguardia\/","name":"El Manifest de Laguardia - Reial Acad\u00e8mia Europea de Doctors","isPartOf":{"@id":"https:\/\/raed.academy\/ca\/#website"},"primaryImageOfPage":{"@id":"https:\/\/raed.academy\/ca\/el-manifest-de-laguardia\/#primaryimage"},"image":{"@id":"https:\/\/raed.academy\/ca\/el-manifest-de-laguardia\/#primaryimage"},"thumbnailUrl":"https:\/\/raed.academy\/wp-content\/uploads\/2019\/05\/Marques-de-RIscal-dstNtc.jpg","datePublished":"2019-05-31T07:02:42+00:00","dateModified":"2019-06-01T19:43:17+00:00","breadcrumb":{"@id":"https:\/\/raed.academy\/ca\/el-manifest-de-laguardia\/#breadcrumb"},"inLanguage":"ca-ES","potentialAction":[{"@type":"ReadAction","target":["https:\/\/raed.academy\/ca\/el-manifest-de-laguardia\/"]}]},{"@type":"ImageObject","inLanguage":"ca-ES","@id":"https:\/\/raed.academy\/ca\/el-manifest-de-laguardia\/#primaryimage","url":"https:\/\/raed.academy\/wp-content\/uploads\/2019\/05\/Marques-de-RIscal-dstNtc.jpg","contentUrl":"https:\/\/raed.academy\/wp-content\/uploads\/2019\/05\/Marques-de-RIscal-dstNtc.jpg","width":1050,"height":361},{"@type":"BreadcrumbList","@id":"https:\/\/raed.academy\/ca\/el-manifest-de-laguardia\/#breadcrumb","itemListElement":[{"@type":"ListItem","position":1,"name":"Inicio","item":"https:\/\/raed.academy\/ca\/"},{"@type":"ListItem","position":2,"name":"El Manifest de Laguardia"}]},{"@type":"WebSite","@id":"https:\/\/raed.academy\/ca\/#website","url":"https:\/\/raed.academy\/ca\/","name":"Reial Acad\u00e8mia Europea de Doctors","description":"Corporaci\u00f3n de derecho p\u00fablico de car\u00e1cter cient\u00edfico, t\u00e9cnico y art\u00edstico, que tiene por objeto la investigaci\u00f3n, el estudio, el fomento y la extensi\u00f3n del conocimiento en su sentido m\u00e1s amplio","publisher":{"@id":"https:\/\/raed.academy\/ca\/#organization"},"potentialAction":[{"@type":"SearchAction","target":{"@type":"EntryPoint","urlTemplate":"https:\/\/raed.academy\/ca\/?s={search_term_string}"},"query-input":{"@type":"PropertyValueSpecification","valueRequired":true,"valueName":"search_term_string"}}],"inLanguage":"ca-ES"},{"@type":"Organization","@id":"https:\/\/raed.academy\/ca\/#organization","name":"Real Academia Europea de Doctores","url":"https:\/\/raed.academy\/ca\/","logo":{"@type":"ImageObject","inLanguage":"ca-ES","@id":"https:\/\/raed.academy\/ca\/#\/schema\/logo\/image\/","url":"https:\/\/raed.academy\/wp-content\/uploads\/2017\/01\/cropped-logo_raed.png","contentUrl":"https:\/\/raed.academy\/wp-content\/uploads\/2017\/01\/cropped-logo_raed.png","width":512,"height":512,"caption":"Real Academia Europea de Doctores"},"image":{"@id":"https:\/\/raed.academy\/ca\/#\/schema\/logo\/image\/"},"sameAs":["http:\/\/fb.me\/raed.academy","https:\/\/x.com\/raedacademy","https:\/\/www.instagram.com\/raed.academy\/","https:\/\/www.youtube.com\/channel\/UCUYQwW2KrdirNWihxMDObwg"]},{"@type":"Person","@id":"https:\/\/raed.academy\/ca\/#\/schema\/person\/5a755da80d1d979fd66ba745c8702927","name":"RAED","image":{"@type":"ImageObject","inLanguage":"ca-ES","@id":"https:\/\/secure.gravatar.com\/avatar\/19fdfdc0d67fb9c45714b703a2ac82251c4fcea3637f002ac3c9b74c0183583c?s=96&d=mm&r=g","url":"https:\/\/secure.gravatar.com\/avatar\/19fdfdc0d67fb9c45714b703a2ac82251c4fcea3637f002ac3c9b74c0183583c?s=96&d=mm&r=g","contentUrl":"https:\/\/secure.gravatar.com\/avatar\/19fdfdc0d67fb9c45714b703a2ac82251c4fcea3637f002ac3c9b74c0183583c?s=96&d=mm&r=g","caption":"RAED"}}]}},"_links":{"self":[{"href":"https:\/\/raed.academy\/ca\/wp-json\/wp\/v2\/posts\/72666","targetHints":{"allow":["GET"]}}],"collection":[{"href":"https:\/\/raed.academy\/ca\/wp-json\/wp\/v2\/posts"}],"about":[{"href":"https:\/\/raed.academy\/ca\/wp-json\/wp\/v2\/types\/post"}],"author":[{"embeddable":true,"href":"https:\/\/raed.academy\/ca\/wp-json\/wp\/v2\/users\/12"}],"replies":[{"embeddable":true,"href":"https:\/\/raed.academy\/ca\/wp-json\/wp\/v2\/comments?post=72666"}],"version-history":[{"count":0,"href":"https:\/\/raed.academy\/ca\/wp-json\/wp\/v2\/posts\/72666\/revisions"}],"wp:featuredmedia":[{"embeddable":true,"href":"https:\/\/raed.academy\/ca\/wp-json\/wp\/v2\/media\/72684"}],"wp:attachment":[{"href":"https:\/\/raed.academy\/ca\/wp-json\/wp\/v2\/media?parent=72666"}],"wp:term":[{"taxonomy":"category","embeddable":true,"href":"https:\/\/raed.academy\/ca\/wp-json\/wp\/v2\/categories?post=72666"},{"taxonomy":"post_tag","embeddable":true,"href":"https:\/\/raed.academy\/ca\/wp-json\/wp\/v2\/tags?post=72666"}],"curies":[{"name":"wp","href":"https:\/\/api.w.org\/{rel}","templated":true}]}}