{"id":72662,"date":"2019-05-31T06:48:21","date_gmt":"2019-05-31T06:48:21","guid":{"rendered":"https:\/\/raed.academy\/?p=72662"},"modified":"2019-06-01T19:49:36","modified_gmt":"2019-06-01T19:49:36","slug":"representacio-i-sistemes-electorals-andorra-lluis-vicent-safont","status":"publish","type":"post","link":"https:\/\/raed.academy\/ca\/representacio-i-sistemes-electorals-andorra-lluis-vicent-safont\/","title":{"rendered":"Representaci\u00f3 i sistemes electorals"},"content":{"rendered":"<h2>L&#8217;acad\u00e8mic Llu\u00eds Vicent reflexiona sobre els canvis pol\u00edtics que comportarien a Andorra diferents models d&#8217;elecci\u00f3 i representativitat<\/h2>\n<p><img loading=\"lazy\" decoding=\"async\" class=\"alignright wp-image-72700\" src=\"https:\/\/raed.academy\/wp-content\/uploads\/2019\/05\/Consell-General-Andorra-dstNtc.jpg\" alt=\"\" width=\"400\" height=\"281\" \/><a href=\"https:\/\/raed.academy\/ca\/academics\/dr-lluis-vicent-safont\/\" target=\"_blank\" rel=\"noopener noreferrer\"><strong>Llu\u00eds Vicent<\/strong><\/a>, primer rector de la <a href=\"http:\/\/www.uols.org\" target=\"_blank\" rel=\"noopener noreferrer\"><strong>Universitat Oberta Lasalle d&#8217;Andorra<\/strong><\/a> i acad\u00e8mic corresponent de la <strong>Reial Acad\u00e8mia Europea de Doctors-Barcelona 1914<\/strong> (RAED), va publicar el passat 28 d&#8217;abril a <strong>&#8220;Diari d&#8217;Andorra&#8221;<\/strong> l&#8217;estudi <strong>&#8220;Com canvia el Consell General d&#8217;Andorra en funci\u00f3 del sistema electoral&#8221;<\/strong>, en el qual fa una curiosa i documentada comparativa de com podria canviar la pol\u00edtica andorrana si la seva <strong>Constituci\u00f3<\/strong> hagu\u00e9s triat sistemes electorals i de representaci\u00f3 diferents a l&#8217;actual, que tamb\u00e9 presenta i analitza. &#8220;Aplicant una l\u00f2gica prim\u00e0ria, segurament s&#8217;afirmaria que els escons d&#8217;un Parlament haurien de ser proporcionals als vots dels electors. \u00c9s a dir, si a un partit el vota el 30% de la poblaci\u00f3, hauria de tenir un 30% d&#8217;escons. Tot i aix\u00ed, els n\u00fameros fan impossible aquesta aplicaci\u00f3&#8221;, inicia la seva reflexi\u00f3.<\/p>\n<p><img loading=\"lazy\" decoding=\"async\" class=\"alignleft wp-image-72734\" src=\"https:\/\/raed.academy\/wp-content\/uploads\/2019\/05\/valo-del-voto-por-parroquia-Lluis-Vicent-Safont.gif\" alt=\"Valor del voto por parr\u00f3quia en Andorra\" width=\"450\" height=\"253\" \/>La peculiaritat del sistema electoral andorr\u00e0 \u00e9s que es tracta d&#8217;una combinaci\u00f3 de sistemes amb els seus propis pros i contres. &#8220;Els m\u00e8todes m\u00e9s habituals s\u00f3n el m\u00e8tode d&#8217;<strong>Hondt<\/strong> i el m\u00e8tode de <strong>Hamilton<\/strong> (o els m\u00e0xims residus) -prossegueix Font-. El m\u00e9tode de Hamilton \u00e9s el que a Andorra es coneix com &#8216;la resta&#8217; i s&#8217;utilitza per a la circumscripci\u00f3 nacional de les generals. En contraposici\u00f3 als sistemes proporcionals hi ha els sistemes binaris uninominals, on guanya el que obt\u00e9 m\u00e9s vots. Aquest \u00e9s el sistema del vot parroquial a les eleccions generals d&#8217;Andorra en qu\u00e8 la llista m\u00e9s votada s&#8217;emporta els dos escons. El sistema de les eleccions generals d&#8217;Andorra \u00e9s doble: proporcional a la circumscripci\u00f3 nacional, i binari amb el mateix nombre d&#8217;escons en cada parr\u00f2quia, el que sobrepondera el vot de les parr\u00f2quies menys poblades&#8221;.<\/p>\n<p><img loading=\"lazy\" decoding=\"async\" class=\"wp-image-72729 size-full alignright\" src=\"https:\/\/raed.academy\/wp-content\/uploads\/2019\/05\/Dr-Lluis-Vicent-Safont.jpg\" alt=\"Dr. Llu\u00eds Vicent Safont\" width=\"210\" height=\"240\" aria-describedby=\"caption-attachment-72729\" \/>Vicent repassa les virtuts i els defectes de tots aquests m\u00e8todes, inclosos els mixtos, i afegeix la import\u00e0ncia de la representaci\u00f3 territorial per la qual aposten pr\u00e0cticament tots els pa\u00efsos europeus, el que encara fa m\u00e9s complex el model triat, a m\u00e9s de les barreres proporcionals, que permeten o no l&#8217;acc\u00e9s d&#8217;una opci\u00f3 pol\u00edtica a tenir representaci\u00f3. Aquesta lluita contra l&#8217;atomitzaci\u00f3 dels parlaments, consells o plens t\u00e9 com a v\u00edctimes algunes minories que podrien arribar a ser significatives. &#8220;Els de major pres\u00e8ncia a les ciutats grans solen queixar-se de la sobreponderaci\u00f3 de les zones menys poblades, argumentant que \u00e9s injust per als votants de les capitals. Els altres argumenten que un sistema purament proporcional pot implicar que les zones m\u00e9s despoblades queden desateses a causa del baix impacte que tenen en les eleccions. Tensi\u00f3 perenne per la qual no hi ha solucions m\u00e0giques&#8221;, assenyala.<\/p>\n<p>A l&#8217;\u00faltima part del seu estudi, Vicent planteja diversos escenaris en funci\u00f3 dels m\u00e8todes emprats i els avantatges i desavantatges que tindrien cadascuna de les actuals candidatures. &#8220;Es podria repetir aquest exercici tantes vegades com la imaginaci\u00f3 ens permet\u00e9s. Es podria canviar el pes de les parr\u00f2quies dins el Consell, es poden aplicar barreres electorals amb diferents quotes m\u00ednimes, i els resultats canviarien. La representativitat del poble \u00e9s imperfecta i \u00e9s un tema de discussi\u00f3 etern que anir\u00e0 patint canvis peri\u00f2dicament en el pas del temps&#8221;, afirma.<\/p>\n<h3><a href=\"https:\/\/lvicent.wordpress.com\/2019\/04\/16\/com-canvia-el-consell-general-dandorra-en-funcio-del-sistema-electoral\/\" target=\"_blank\" rel=\"noopener noreferrer\">Art\u00edcle al blog del Dr. Llu\u00eds Vicent<\/a><\/h3>\n","protected":false},"excerpt":{"rendered":"<p>L&#8217;acad\u00e8mic Llu\u00eds Vicent reflexiona sobre els canvis pol\u00edtics que comportarien a Andorra diferents models d&#8217;elecci\u00f3 i representativitat Llu\u00eds Vicent, primer rector de la Universitat Oberta Lasalle d&#8217;Andorra i acad\u00e8mic corresponent de la Reial Acad\u00e8mia Europea de Doctors-Barcelona 1914 (RAED), va publicar el passat 28 d&#8217;abril a &#8220;Diari d&#8217;Andorra&#8221; l&#8217;estudi &#8220;Com canvia el Consell General d&#8217;Andorra [&hellip;]<\/p>\n","protected":false},"author":12,"featured_media":72701,"comment_status":"closed","ping_status":"closed","sticky":false,"template":"","format":"standard","meta":{"_et_pb_use_builder":"","_et_pb_old_content":"","_et_gb_content_width":"","footnotes":""},"categories":[225],"tags":[],"class_list":["post-72662","post","type-post","status-publish","format-standard","has-post-thumbnail","hentry","category-dret","et-has-post-format-content","et_post_format-et-post-format-standard"],"yoast_head":"<!-- This site is optimized with the Yoast SEO plugin v27.4 - https:\/\/yoast.com\/product\/yoast-seo-wordpress\/ -->\n<title>Representaci\u00f3 i sistemes electorals a Andorra - Reial Acad\u00e8mia Europea de Doctors<\/title>\n<meta name=\"description\" content=\"Reflexi\u00f3 sobre la representaci\u00f3 i sistemes electorals a Andorra, pel Dr. Llu\u00eds Vicent Safont. \u00abCom canvia el Consell General d\u2019Andorra en funci\u00f3 del sistema electoral\u00bb\" \/>\n<meta name=\"robots\" content=\"index, follow, max-snippet:-1, max-image-preview:large, max-video-preview:-1\" \/>\n<link rel=\"canonical\" href=\"https:\/\/raed.academy\/ca\/representacio-i-sistemes-electorals-andorra-lluis-vicent-safont\/\" \/>\n<meta property=\"og:locale\" content=\"ca_ES\" \/>\n<meta property=\"og:type\" content=\"article\" \/>\n<meta property=\"og:title\" content=\"Representaci\u00f3 i sistemes electorals a Andorra - Reial Acad\u00e8mia Europea de Doctors\" \/>\n<meta property=\"og:description\" content=\"Reflexi\u00f3 sobre la representaci\u00f3 i sistemes electorals a Andorra, pel Dr. Llu\u00eds Vicent Safont. \u00abCom canvia el Consell General d\u2019Andorra en funci\u00f3 del sistema electoral\u00bb\" \/>\n<meta property=\"og:url\" content=\"https:\/\/raed.academy\/ca\/representacio-i-sistemes-electorals-andorra-lluis-vicent-safont\/\" \/>\n<meta property=\"og:site_name\" content=\"Reial Acad\u00e8mia Europea de Doctors\" \/>\n<meta property=\"article:publisher\" content=\"http:\/\/fb.me\/raed.academy\" \/>\n<meta property=\"article:published_time\" content=\"2019-05-31T06:48:21+00:00\" \/>\n<meta property=\"article:modified_time\" content=\"2019-06-01T19:49:36+00:00\" \/>\n<meta property=\"og:image\" content=\"https:\/\/raed.academy\/wp-content\/uploads\/2019\/05\/Consell-General-Andorra-dstNtc.jpg\" \/>\n\t<meta property=\"og:image:width\" content=\"600\" \/>\n\t<meta property=\"og:image:height\" content=\"422\" \/>\n\t<meta property=\"og:image:type\" content=\"image\/jpeg\" \/>\n<meta name=\"author\" content=\"RAED\" \/>\n<meta name=\"twitter:card\" content=\"summary_large_image\" \/>\n<meta name=\"twitter:creator\" content=\"@raedacademy\" \/>\n<meta name=\"twitter:site\" content=\"@raedacademy\" \/>\n<meta name=\"twitter:label1\" content=\"Written by\" \/>\n\t<meta name=\"twitter:data1\" content=\"RAED\" \/>\n\t<meta name=\"twitter:label2\" content=\"Est. reading time\" \/>\n\t<meta name=\"twitter:data2\" content=\"3 minutes\" \/>\n<script type=\"application\/ld+json\" class=\"yoast-schema-graph\">{\"@context\":\"https:\\\/\\\/schema.org\",\"@graph\":[{\"@type\":\"Article\",\"@id\":\"https:\\\/\\\/raed.academy\\\/ca\\\/representacio-i-sistemes-electorals-andorra-lluis-vicent-safont\\\/#article\",\"isPartOf\":{\"@id\":\"https:\\\/\\\/raed.academy\\\/ca\\\/representacio-i-sistemes-electorals-andorra-lluis-vicent-safont\\\/\"},\"author\":{\"name\":\"RAED\",\"@id\":\"https:\\\/\\\/raed.academy\\\/ca\\\/#\\\/schema\\\/person\\\/5a755da80d1d979fd66ba745c8702927\"},\"headline\":\"Representaci\u00f3 i sistemes electorals\",\"datePublished\":\"2019-05-31T06:48:21+00:00\",\"dateModified\":\"2019-06-01T19:49:36+00:00\",\"mainEntityOfPage\":{\"@id\":\"https:\\\/\\\/raed.academy\\\/ca\\\/representacio-i-sistemes-electorals-andorra-lluis-vicent-safont\\\/\"},\"wordCount\":586,\"publisher\":{\"@id\":\"https:\\\/\\\/raed.academy\\\/ca\\\/#organization\"},\"image\":{\"@id\":\"https:\\\/\\\/raed.academy\\\/ca\\\/representacio-i-sistemes-electorals-andorra-lluis-vicent-safont\\\/#primaryimage\"},\"thumbnailUrl\":\"https:\\\/\\\/raed.academy\\\/wp-content\\\/uploads\\\/2019\\\/05\\\/Consell-General-Andorra-dstNtc.jpg\",\"articleSection\":[\"Dret\"],\"inLanguage\":\"ca-ES\"},{\"@type\":\"WebPage\",\"@id\":\"https:\\\/\\\/raed.academy\\\/ca\\\/representacio-i-sistemes-electorals-andorra-lluis-vicent-safont\\\/\",\"url\":\"https:\\\/\\\/raed.academy\\\/ca\\\/representacio-i-sistemes-electorals-andorra-lluis-vicent-safont\\\/\",\"name\":\"Representaci\u00f3 i sistemes electorals a Andorra - Reial Acad\u00e8mia Europea de Doctors\",\"isPartOf\":{\"@id\":\"https:\\\/\\\/raed.academy\\\/ca\\\/#website\"},\"primaryImageOfPage\":{\"@id\":\"https:\\\/\\\/raed.academy\\\/ca\\\/representacio-i-sistemes-electorals-andorra-lluis-vicent-safont\\\/#primaryimage\"},\"image\":{\"@id\":\"https:\\\/\\\/raed.academy\\\/ca\\\/representacio-i-sistemes-electorals-andorra-lluis-vicent-safont\\\/#primaryimage\"},\"thumbnailUrl\":\"https:\\\/\\\/raed.academy\\\/wp-content\\\/uploads\\\/2019\\\/05\\\/Consell-General-Andorra-dstNtc.jpg\",\"datePublished\":\"2019-05-31T06:48:21+00:00\",\"dateModified\":\"2019-06-01T19:49:36+00:00\",\"description\":\"Reflexi\u00f3 sobre la representaci\u00f3 i sistemes electorals a Andorra, pel Dr. Llu\u00eds Vicent Safont. \u00abCom canvia el Consell General d\u2019Andorra en funci\u00f3 del sistema electoral\u00bb\",\"breadcrumb\":{\"@id\":\"https:\\\/\\\/raed.academy\\\/ca\\\/representacio-i-sistemes-electorals-andorra-lluis-vicent-safont\\\/#breadcrumb\"},\"inLanguage\":\"ca-ES\",\"potentialAction\":[{\"@type\":\"ReadAction\",\"target\":[\"https:\\\/\\\/raed.academy\\\/ca\\\/representacio-i-sistemes-electorals-andorra-lluis-vicent-safont\\\/\"]}]},{\"@type\":\"ImageObject\",\"inLanguage\":\"ca-ES\",\"@id\":\"https:\\\/\\\/raed.academy\\\/ca\\\/representacio-i-sistemes-electorals-andorra-lluis-vicent-safont\\\/#primaryimage\",\"url\":\"https:\\\/\\\/raed.academy\\\/wp-content\\\/uploads\\\/2019\\\/05\\\/Consell-General-Andorra-dstNtc.jpg\",\"contentUrl\":\"https:\\\/\\\/raed.academy\\\/wp-content\\\/uploads\\\/2019\\\/05\\\/Consell-General-Andorra-dstNtc.jpg\",\"width\":600,\"height\":422},{\"@type\":\"BreadcrumbList\",\"@id\":\"https:\\\/\\\/raed.academy\\\/ca\\\/representacio-i-sistemes-electorals-andorra-lluis-vicent-safont\\\/#breadcrumb\",\"itemListElement\":[{\"@type\":\"ListItem\",\"position\":1,\"name\":\"Inicio\",\"item\":\"https:\\\/\\\/raed.academy\\\/ca\\\/\"},{\"@type\":\"ListItem\",\"position\":2,\"name\":\"Representaci\u00f3 i sistemes electorals\"}]},{\"@type\":\"WebSite\",\"@id\":\"https:\\\/\\\/raed.academy\\\/ca\\\/#website\",\"url\":\"https:\\\/\\\/raed.academy\\\/ca\\\/\",\"name\":\"Reial Acad\u00e8mia Europea de Doctors\",\"description\":\"Corporaci\u00f3n de derecho p\u00fablico de car\u00e1cter cient\u00edfico, t\u00e9cnico y art\u00edstico, que tiene por objeto la investigaci\u00f3n, el estudio, el fomento y la extensi\u00f3n del conocimiento en su sentido m\u00e1s amplio\",\"publisher\":{\"@id\":\"https:\\\/\\\/raed.academy\\\/ca\\\/#organization\"},\"potentialAction\":[{\"@type\":\"SearchAction\",\"target\":{\"@type\":\"EntryPoint\",\"urlTemplate\":\"https:\\\/\\\/raed.academy\\\/ca\\\/?s={search_term_string}\"},\"query-input\":{\"@type\":\"PropertyValueSpecification\",\"valueRequired\":true,\"valueName\":\"search_term_string\"}}],\"inLanguage\":\"ca-ES\"},{\"@type\":\"Organization\",\"@id\":\"https:\\\/\\\/raed.academy\\\/ca\\\/#organization\",\"name\":\"Real Academia Europea de Doctores\",\"url\":\"https:\\\/\\\/raed.academy\\\/ca\\\/\",\"logo\":{\"@type\":\"ImageObject\",\"inLanguage\":\"ca-ES\",\"@id\":\"https:\\\/\\\/raed.academy\\\/ca\\\/#\\\/schema\\\/logo\\\/image\\\/\",\"url\":\"https:\\\/\\\/raed.academy\\\/wp-content\\\/uploads\\\/2017\\\/01\\\/cropped-logo_raed.png\",\"contentUrl\":\"https:\\\/\\\/raed.academy\\\/wp-content\\\/uploads\\\/2017\\\/01\\\/cropped-logo_raed.png\",\"width\":512,\"height\":512,\"caption\":\"Real Academia Europea de Doctores\"},\"image\":{\"@id\":\"https:\\\/\\\/raed.academy\\\/ca\\\/#\\\/schema\\\/logo\\\/image\\\/\"},\"sameAs\":[\"http:\\\/\\\/fb.me\\\/raed.academy\",\"https:\\\/\\\/x.com\\\/raedacademy\",\"https:\\\/\\\/www.instagram.com\\\/raed.academy\\\/\",\"https:\\\/\\\/www.youtube.com\\\/channel\\\/UCUYQwW2KrdirNWihxMDObwg\"]},{\"@type\":\"Person\",\"@id\":\"https:\\\/\\\/raed.academy\\\/ca\\\/#\\\/schema\\\/person\\\/5a755da80d1d979fd66ba745c8702927\",\"name\":\"RAED\",\"image\":{\"@type\":\"ImageObject\",\"inLanguage\":\"ca-ES\",\"@id\":\"https:\\\/\\\/secure.gravatar.com\\\/avatar\\\/19fdfdc0d67fb9c45714b703a2ac82251c4fcea3637f002ac3c9b74c0183583c?s=96&d=mm&r=g\",\"url\":\"https:\\\/\\\/secure.gravatar.com\\\/avatar\\\/19fdfdc0d67fb9c45714b703a2ac82251c4fcea3637f002ac3c9b74c0183583c?s=96&d=mm&r=g\",\"contentUrl\":\"https:\\\/\\\/secure.gravatar.com\\\/avatar\\\/19fdfdc0d67fb9c45714b703a2ac82251c4fcea3637f002ac3c9b74c0183583c?s=96&d=mm&r=g\",\"caption\":\"RAED\"}}]}<\/script>\n<!-- \/ Yoast SEO plugin. -->","yoast_head_json":{"title":"Representaci\u00f3 i sistemes electorals a Andorra - Reial Acad\u00e8mia Europea de Doctors","description":"Reflexi\u00f3 sobre la representaci\u00f3 i sistemes electorals a Andorra, pel Dr. Llu\u00eds Vicent Safont. \u00abCom canvia el Consell General d\u2019Andorra en funci\u00f3 del sistema electoral\u00bb","robots":{"index":"index","follow":"follow","max-snippet":"max-snippet:-1","max-image-preview":"max-image-preview:large","max-video-preview":"max-video-preview:-1"},"canonical":"https:\/\/raed.academy\/ca\/representacio-i-sistemes-electorals-andorra-lluis-vicent-safont\/","og_locale":"ca_ES","og_type":"article","og_title":"Representaci\u00f3 i sistemes electorals a Andorra - Reial Acad\u00e8mia Europea de Doctors","og_description":"Reflexi\u00f3 sobre la representaci\u00f3 i sistemes electorals a Andorra, pel Dr. Llu\u00eds Vicent Safont. \u00abCom canvia el Consell General d\u2019Andorra en funci\u00f3 del sistema electoral\u00bb","og_url":"https:\/\/raed.academy\/ca\/representacio-i-sistemes-electorals-andorra-lluis-vicent-safont\/","og_site_name":"Reial Acad\u00e8mia Europea de Doctors","article_publisher":"http:\/\/fb.me\/raed.academy","article_published_time":"2019-05-31T06:48:21+00:00","article_modified_time":"2019-06-01T19:49:36+00:00","og_image":[{"width":600,"height":422,"url":"https:\/\/raed.academy\/wp-content\/uploads\/2019\/05\/Consell-General-Andorra-dstNtc.jpg","type":"image\/jpeg"}],"author":"RAED","twitter_card":"summary_large_image","twitter_creator":"@raedacademy","twitter_site":"@raedacademy","twitter_misc":{"Written by":"RAED","Est. reading time":"3 minutes"},"schema":{"@context":"https:\/\/schema.org","@graph":[{"@type":"Article","@id":"https:\/\/raed.academy\/ca\/representacio-i-sistemes-electorals-andorra-lluis-vicent-safont\/#article","isPartOf":{"@id":"https:\/\/raed.academy\/ca\/representacio-i-sistemes-electorals-andorra-lluis-vicent-safont\/"},"author":{"name":"RAED","@id":"https:\/\/raed.academy\/ca\/#\/schema\/person\/5a755da80d1d979fd66ba745c8702927"},"headline":"Representaci\u00f3 i sistemes electorals","datePublished":"2019-05-31T06:48:21+00:00","dateModified":"2019-06-01T19:49:36+00:00","mainEntityOfPage":{"@id":"https:\/\/raed.academy\/ca\/representacio-i-sistemes-electorals-andorra-lluis-vicent-safont\/"},"wordCount":586,"publisher":{"@id":"https:\/\/raed.academy\/ca\/#organization"},"image":{"@id":"https:\/\/raed.academy\/ca\/representacio-i-sistemes-electorals-andorra-lluis-vicent-safont\/#primaryimage"},"thumbnailUrl":"https:\/\/raed.academy\/wp-content\/uploads\/2019\/05\/Consell-General-Andorra-dstNtc.jpg","articleSection":["Dret"],"inLanguage":"ca-ES"},{"@type":"WebPage","@id":"https:\/\/raed.academy\/ca\/representacio-i-sistemes-electorals-andorra-lluis-vicent-safont\/","url":"https:\/\/raed.academy\/ca\/representacio-i-sistemes-electorals-andorra-lluis-vicent-safont\/","name":"Representaci\u00f3 i sistemes electorals a Andorra - Reial Acad\u00e8mia Europea de Doctors","isPartOf":{"@id":"https:\/\/raed.academy\/ca\/#website"},"primaryImageOfPage":{"@id":"https:\/\/raed.academy\/ca\/representacio-i-sistemes-electorals-andorra-lluis-vicent-safont\/#primaryimage"},"image":{"@id":"https:\/\/raed.academy\/ca\/representacio-i-sistemes-electorals-andorra-lluis-vicent-safont\/#primaryimage"},"thumbnailUrl":"https:\/\/raed.academy\/wp-content\/uploads\/2019\/05\/Consell-General-Andorra-dstNtc.jpg","datePublished":"2019-05-31T06:48:21+00:00","dateModified":"2019-06-01T19:49:36+00:00","description":"Reflexi\u00f3 sobre la representaci\u00f3 i sistemes electorals a Andorra, pel Dr. Llu\u00eds Vicent Safont. \u00abCom canvia el Consell General d\u2019Andorra en funci\u00f3 del sistema electoral\u00bb","breadcrumb":{"@id":"https:\/\/raed.academy\/ca\/representacio-i-sistemes-electorals-andorra-lluis-vicent-safont\/#breadcrumb"},"inLanguage":"ca-ES","potentialAction":[{"@type":"ReadAction","target":["https:\/\/raed.academy\/ca\/representacio-i-sistemes-electorals-andorra-lluis-vicent-safont\/"]}]},{"@type":"ImageObject","inLanguage":"ca-ES","@id":"https:\/\/raed.academy\/ca\/representacio-i-sistemes-electorals-andorra-lluis-vicent-safont\/#primaryimage","url":"https:\/\/raed.academy\/wp-content\/uploads\/2019\/05\/Consell-General-Andorra-dstNtc.jpg","contentUrl":"https:\/\/raed.academy\/wp-content\/uploads\/2019\/05\/Consell-General-Andorra-dstNtc.jpg","width":600,"height":422},{"@type":"BreadcrumbList","@id":"https:\/\/raed.academy\/ca\/representacio-i-sistemes-electorals-andorra-lluis-vicent-safont\/#breadcrumb","itemListElement":[{"@type":"ListItem","position":1,"name":"Inicio","item":"https:\/\/raed.academy\/ca\/"},{"@type":"ListItem","position":2,"name":"Representaci\u00f3 i sistemes electorals"}]},{"@type":"WebSite","@id":"https:\/\/raed.academy\/ca\/#website","url":"https:\/\/raed.academy\/ca\/","name":"Reial Acad\u00e8mia Europea de Doctors","description":"Corporaci\u00f3n de derecho p\u00fablico de car\u00e1cter cient\u00edfico, t\u00e9cnico y art\u00edstico, que tiene por objeto la investigaci\u00f3n, el estudio, el fomento y la extensi\u00f3n del conocimiento en su sentido m\u00e1s amplio","publisher":{"@id":"https:\/\/raed.academy\/ca\/#organization"},"potentialAction":[{"@type":"SearchAction","target":{"@type":"EntryPoint","urlTemplate":"https:\/\/raed.academy\/ca\/?s={search_term_string}"},"query-input":{"@type":"PropertyValueSpecification","valueRequired":true,"valueName":"search_term_string"}}],"inLanguage":"ca-ES"},{"@type":"Organization","@id":"https:\/\/raed.academy\/ca\/#organization","name":"Real Academia Europea de Doctores","url":"https:\/\/raed.academy\/ca\/","logo":{"@type":"ImageObject","inLanguage":"ca-ES","@id":"https:\/\/raed.academy\/ca\/#\/schema\/logo\/image\/","url":"https:\/\/raed.academy\/wp-content\/uploads\/2017\/01\/cropped-logo_raed.png","contentUrl":"https:\/\/raed.academy\/wp-content\/uploads\/2017\/01\/cropped-logo_raed.png","width":512,"height":512,"caption":"Real Academia Europea de Doctores"},"image":{"@id":"https:\/\/raed.academy\/ca\/#\/schema\/logo\/image\/"},"sameAs":["http:\/\/fb.me\/raed.academy","https:\/\/x.com\/raedacademy","https:\/\/www.instagram.com\/raed.academy\/","https:\/\/www.youtube.com\/channel\/UCUYQwW2KrdirNWihxMDObwg"]},{"@type":"Person","@id":"https:\/\/raed.academy\/ca\/#\/schema\/person\/5a755da80d1d979fd66ba745c8702927","name":"RAED","image":{"@type":"ImageObject","inLanguage":"ca-ES","@id":"https:\/\/secure.gravatar.com\/avatar\/19fdfdc0d67fb9c45714b703a2ac82251c4fcea3637f002ac3c9b74c0183583c?s=96&d=mm&r=g","url":"https:\/\/secure.gravatar.com\/avatar\/19fdfdc0d67fb9c45714b703a2ac82251c4fcea3637f002ac3c9b74c0183583c?s=96&d=mm&r=g","contentUrl":"https:\/\/secure.gravatar.com\/avatar\/19fdfdc0d67fb9c45714b703a2ac82251c4fcea3637f002ac3c9b74c0183583c?s=96&d=mm&r=g","caption":"RAED"}}]}},"_links":{"self":[{"href":"https:\/\/raed.academy\/ca\/wp-json\/wp\/v2\/posts\/72662","targetHints":{"allow":["GET"]}}],"collection":[{"href":"https:\/\/raed.academy\/ca\/wp-json\/wp\/v2\/posts"}],"about":[{"href":"https:\/\/raed.academy\/ca\/wp-json\/wp\/v2\/types\/post"}],"author":[{"embeddable":true,"href":"https:\/\/raed.academy\/ca\/wp-json\/wp\/v2\/users\/12"}],"replies":[{"embeddable":true,"href":"https:\/\/raed.academy\/ca\/wp-json\/wp\/v2\/comments?post=72662"}],"version-history":[{"count":0,"href":"https:\/\/raed.academy\/ca\/wp-json\/wp\/v2\/posts\/72662\/revisions"}],"wp:featuredmedia":[{"embeddable":true,"href":"https:\/\/raed.academy\/ca\/wp-json\/wp\/v2\/media\/72701"}],"wp:attachment":[{"href":"https:\/\/raed.academy\/ca\/wp-json\/wp\/v2\/media?parent=72662"}],"wp:term":[{"taxonomy":"category","embeddable":true,"href":"https:\/\/raed.academy\/ca\/wp-json\/wp\/v2\/categories?post=72662"},{"taxonomy":"post_tag","embeddable":true,"href":"https:\/\/raed.academy\/ca\/wp-json\/wp\/v2\/tags?post=72662"}],"curies":[{"name":"wp","href":"https:\/\/api.w.org\/{rel}","templated":true}]}}