{"id":71910,"date":"2019-05-15T15:59:13","date_gmt":"2019-05-15T15:59:13","guid":{"rendered":"https:\/\/raed.academy\/?p=71910"},"modified":"2019-05-17T09:03:40","modified_gmt":"2019-05-17T09:03:40","slug":"cela-geni-i-figura","status":"publish","type":"post","link":"https:\/\/raed.academy\/ca\/cela-geni-i-figura\/","title":{"rendered":"Cela, geni i figura"},"content":{"rendered":"<p><a href=\"https:\/\/raed.academy\/ca\/academics\/dr-xabier-anoveros-trias-de-bes\/\" target=\"_blank\" rel=\"noopener noreferrer\"><strong>Xabier A\u00f1overos<\/strong><\/a>, acad\u00e8mic de n\u00famero i vicepresident de la Junta de Govern de la <strong>Reial Acad\u00e8mia Europea de Doctors-Barcelona 1914<\/strong> (RAED), publicar\u00e0 al proper n\u00famero monogr\u00e0fic de <strong>&#8220;Tribuna Plural&#8221;<\/strong>, la revista cient\u00edfica de la RAED, el treball <strong>&#8220;Cela, un gallego peculiar&#8221;<\/strong>, on revela algunes de les excentricitats del premi Nobel espanyol de literatura en diferents \u00e0mbits: el literari, l&#8217;er\u00f2tic, l&#8217;escatol\u00f2gic o el pol\u00edtic. A m\u00e9s de diferents an\u00e8cdotes que el retraten com un personatge poli\u00e8dric i irrepetible.<\/p>\n<div id=\"attachment_47871\" style=\"width: 411px\" class=\"wp-caption alignright\"><img loading=\"lazy\" decoding=\"async\" aria-describedby=\"caption-attachment-47871\" class=\"jetpack-lazy-image jetpack-lazy-image--handled wp-image-47871\" src=\"https:\/\/raed.academy\/wp-content\/uploads\/2018\/07\/Dr-Xabier-A\u00f1overos-Trias-de-Bes-ponencia-IV-acto-internacional.jpg\" sizes=\"(max-width: 401px) 100vw, 401px\" srcset=\"https:\/\/raed.academy\/wp-content\/uploads\/2018\/07\/Dr-Xabier-A\u00f1overos-Trias-de-Bes-ponencia-IV-acto-internacional.jpg 800w, https:\/\/raed.academy\/wp-content\/uploads\/2018\/07\/Dr-Xabier-A\u00f1overos-Trias-de-Bes-ponencia-IV-acto-internacional-768x512.jpg 768w\" alt=\"Xabier A\u00f1overos\" width=\"401\" height=\"267\" aria-describedby=\"caption-attachment-47871\" data-attachment-id=\"47871\" data-permalink=\"https:\/\/raed.academy\/iv-acto-internacional\/dr-xabier-anoveros-trias-de-bes-ponencia-iv-acto-internacional\/\" data-orig-file=\"https:\/\/raed.academy\/wp-content\/uploads\/2018\/07\/Dr-Xabier-A\u00f1overos-Trias-de-Bes-ponencia-IV-acto-internacional.jpg\" data-orig-size=\"800,533\" data-comments-opened=\"0\" data-image-meta=\"{&quot;aperture&quot;:&quot;6.3&quot;,&quot;credit&quot;:&quot;&quot;,&quot;camera&quot;:&quot;Canon EOS M50&quot;,&quot;caption&quot;:&quot;&quot;,&quot;created_timestamp&quot;:&quot;1531427053&quot;,&quot;copyright&quot;:&quot;&quot;,&quot;focal_length&quot;:&quot;41&quot;,&quot;iso&quot;:&quot;6400&quot;,&quot;shutter_speed&quot;:&quot;0.04&quot;,&quot;title&quot;:&quot;&quot;,&quot;orientation&quot;:&quot;1&quot;}\" data-image-title=\"Dr-Xabier-A\u00f1overos-Trias-de-Bes-ponencia-IV-acto-internacional\" data-image-description=\"\" data-medium-file=\"https:\/\/raed.academy\/wp-content\/uploads\/2018\/07\/Dr-Xabier-A\u00f1overos-Trias-de-Bes-ponencia-IV-acto-internacional.jpg\" data-large-file=\"https:\/\/raed.academy\/wp-content\/uploads\/2018\/07\/Dr-Xabier-A\u00f1overos-Trias-de-Bes-ponencia-IV-acto-internacional.jpg\" data-lazy-loaded=\"1\" \/><p id=\"caption-attachment-47871\" class=\"wp-caption-text\">Xabier A\u00f1overos<\/p><\/div>\n<p>&#8220;<strong>Camilo Jos\u00e9 Cela<\/strong>, de la mateixa manera que l&#8217;altre gran escriptor gallec, <strong>Ram\u00f3n Mar\u00eda del Valle Incl\u00e1n<\/strong>, va ser un personatge amb una actitud davant la vida doble i dual, o fins i tot bipolar. Per una banda, en la seva vida privada era una persona normal, dins de la normalitat que pot tenir un geni, amable, educat, afectu\u00f3s i cordial, i per contra en la seva faceta p\u00fablica era cregut, discutidor, superb, arrogant i fins i tot antip\u00e0tic&#8221;, inicia A\u00f1overos el seu article.<\/p>\n<p>Despr\u00e9s de ressenyar els seus inicis i la seva formaci\u00f3 com a literat, l&#8217;acad\u00e8mic de la RAED s&#8217;atura en un curi\u00f3s episodi que va tenir lloc despr\u00e9s de la recepci\u00f3 del premi Nobel. &#8220;Quan va acabar l&#8217;any del Nobel, que havia estat esgotador, per la quantitat de confer\u00e8ncies que va impartir, els molt\u00edssims homenatges, entrevistes, sopars, dinars, viatges, festes, celebracions&#8230; va posar un r\u00e8tol a la porta de casa seva que en lletres maj\u00fascules deia: &#8220;NO S&#8217;ESCRIUEN PR\u00d2LEGS. NO ES FAN DECLARACIONS. NO ES CONCEDEIXEN ENTREVISTES. NO ES RESPONEN ENQUESTES. NO ES PRONUNCIEN PREGONS NI CONFER\u00c8NCIES. NO SE SIGNEN AUT\u00d2GRAFS. NO S&#8217;ASSISTEIX A CONGRESSOS. NO S&#8217;ADMETEN BERENARS. LAUS DEO&#8221;.<\/p>\n<p>A\u00f1overos tamb\u00e9 es det\u00e9 en les desacomplexades refer\u00e8ncies de Cela de tem\u00e0tica sexual o escatol\u00f2gica i en el seu pret\u00e8s paper d'&#8221;enfant terrible&#8221;. &#8220;Cela, com \u00e9s conegut, s&#8217;inventava an\u00e8cdotes i viv\u00e8ncies per escandalitzar la gent. Era una cosa que li divertia molt\u00edssim. Aix\u00ed, per exemple, va explicar en una ocasi\u00f3: &#8216;\u00c9rem una colla de cinc amics ben avinguts que ens vam comprar una cabra. Ens la vam tirar durant un mes i despr\u00e9s la vam vendre i vam guanyar cadascun set pessetes'&#8221;.<\/p>\n<div id=\"attachment_71888\" style=\"width: 410px\" class=\"wp-caption alignleft\"><img loading=\"lazy\" decoding=\"async\" aria-describedby=\"caption-attachment-71888\" class=\"jetpack-lazy-image jetpack-lazy-image--handled wp-image-71888 size-full\" src=\"https:\/\/raed.academy\/wp-content\/uploads\/2019\/05\/Camilo-Jose-Cela-int.jpg\" alt=\"Camilo Jos\u00e9 Cela\" width=\"400\" height=\"225\" aria-describedby=\"caption-attachment-71888\" data-attachment-id=\"71888\" data-permalink=\"https:\/\/raed.academy\/cela-genio-y-figura\/camilo-jose-cela-int\/\" data-orig-file=\"https:\/\/raed.academy\/wp-content\/uploads\/2019\/05\/Camilo-Jose-Cela-int.jpg\" data-orig-size=\"400,225\" data-comments-opened=\"0\" data-image-meta=\"{&quot;aperture&quot;:&quot;0&quot;,&quot;credit&quot;:&quot;&quot;,&quot;camera&quot;:&quot;&quot;,&quot;caption&quot;:&quot;&quot;,&quot;created_timestamp&quot;:&quot;0&quot;,&quot;copyright&quot;:&quot;&quot;,&quot;focal_length&quot;:&quot;0&quot;,&quot;iso&quot;:&quot;0&quot;,&quot;shutter_speed&quot;:&quot;0&quot;,&quot;title&quot;:&quot;&quot;,&quot;orientation&quot;:&quot;0&quot;}\" data-image-title=\"Camilo-Jose-Cela-int\" data-image-description=\"\" data-medium-file=\"https:\/\/raed.academy\/wp-content\/uploads\/2019\/05\/Camilo-Jose-Cela-int.jpg\" data-large-file=\"https:\/\/raed.academy\/wp-content\/uploads\/2019\/05\/Camilo-Jose-Cela-int.jpg\" data-lazy-loaded=\"1\" \/><p id=\"caption-attachment-71888\" class=\"wp-caption-text\">Camilo Jos\u00e9 Cela<\/p><\/div>\n<p>L&#8217;acad\u00e8mic tamb\u00e9 cita el destacat paper del Nobel com a senador. &#8220;Del seu pas pel Senat, a part de la famosa an\u00e8cdota, coneguda arreu del m\u00f3n, de si estava adormit o dormint, s\u00f3n de destacar les seves aportacions per aconseguir un text correcte de la Constituci\u00f3 mitjan\u00e7ant diverses esmenes. Va intentar Cela que la carta magna fos el m\u00e9s respectuosa possible amb la llengua espanyola, tot i que per desgr\u00e0cia les virtuts del consens entre els grans partits pol\u00edtics van donar al trast amb moltes de les seves bones intencions. Van ser en total de quaranta-una les esmenes que va presentar Cela. Una d&#8217;elles, en tractar de l&#8217;idioma, va proposar modificar la paraula castell\u00e0 per espanyol&#8221;.<\/p>\n<p>&#8220;Aix\u00ed mateix -continua A\u00f1overos- va aconseguir que es deix\u00e9s de dir &#8216;gualda&#8217; la franja groga de la bandera, de manera que s&#8217;eliminava la servitud imposada per la rima d&#8217;una sarsuela. Tamb\u00e9 va trencar una llan\u00e7a, com ens explica el seu fill, a favor de la condici\u00f3 femenina quan en citar-se l&#8217;ordre successori de la Corona va demanar que es digu\u00e9s dona en lloc de femella, perqu\u00e8 el contraposat de femella no \u00e9s home sin\u00f3 mascle&#8221;.<\/p>\n","protected":false},"excerpt":{"rendered":"<p>Xabier A\u00f1overos, acad\u00e8mic de n\u00famero i vicepresident de la Junta de Govern de la Reial Acad\u00e8mia Europea de Doctors-Barcelona 1914 (RAED), publicar\u00e0 al proper n\u00famero monogr\u00e0fic de &#8220;Tribuna Plural&#8221;, la revista cient\u00edfica de la RAED, el treball &#8220;Cela, un gallego peculiar&#8221;, on revela algunes de les excentricitats del premi Nobel espanyol de literatura en diferents [&hellip;]<\/p>\n","protected":false},"author":12,"featured_media":71883,"comment_status":"closed","ping_status":"closed","sticky":false,"template":"","format":"standard","meta":{"_et_pb_use_builder":"","_et_pb_old_content":"","_et_gb_content_width":"","footnotes":""},"categories":[242],"tags":[],"class_list":["post-71910","post","type-post","status-publish","format-standard","has-post-thumbnail","hentry","category-categ-historia","et-has-post-format-content","et_post_format-et-post-format-standard"],"yoast_head":"<!-- This site is optimized with the Yoast SEO plugin v27.4 - https:\/\/yoast.com\/product\/yoast-seo-wordpress\/ -->\n<title>Cela, geni i figura - Reial Acad\u00e8mia Europea de Doctors<\/title>\n<meta name=\"robots\" content=\"index, follow, max-snippet:-1, max-image-preview:large, max-video-preview:-1\" \/>\n<link rel=\"canonical\" href=\"https:\/\/raed.academy\/ca\/cela-geni-i-figura\/\" \/>\n<meta property=\"og:locale\" content=\"ca_ES\" \/>\n<meta property=\"og:type\" content=\"article\" \/>\n<meta property=\"og:title\" content=\"Cela, geni i figura - Reial Acad\u00e8mia Europea de Doctors\" \/>\n<meta property=\"og:description\" content=\"Xabier A\u00f1overos, acad\u00e8mic de n\u00famero i vicepresident de la Junta de Govern de la Reial Acad\u00e8mia Europea de Doctors-Barcelona 1914 (RAED), publicar\u00e0 al proper n\u00famero monogr\u00e0fic de &#8220;Tribuna Plural&#8221;, la revista cient\u00edfica de la RAED, el treball &#8220;Cela, un gallego peculiar&#8221;, on revela algunes de les excentricitats del premi Nobel espanyol de literatura en diferents [&hellip;]\" \/>\n<meta property=\"og:url\" content=\"https:\/\/raed.academy\/ca\/cela-geni-i-figura\/\" \/>\n<meta property=\"og:site_name\" content=\"Reial Acad\u00e8mia Europea de Doctors\" \/>\n<meta property=\"article:publisher\" content=\"http:\/\/fb.me\/raed.academy\" \/>\n<meta property=\"article:published_time\" content=\"2019-05-15T15:59:13+00:00\" \/>\n<meta property=\"article:modified_time\" content=\"2019-05-17T09:03:40+00:00\" \/>\n<meta property=\"og:image\" content=\"https:\/\/raed.academy\/wp-content\/uploads\/2019\/05\/Camilo-Jose-Cela-obras-dstNtc.jpg\" \/>\n\t<meta property=\"og:image:width\" content=\"500\" \/>\n\t<meta property=\"og:image:height\" content=\"375\" \/>\n\t<meta property=\"og:image:type\" content=\"image\/jpeg\" \/>\n<meta name=\"author\" content=\"RAED\" \/>\n<meta name=\"twitter:card\" content=\"summary_large_image\" \/>\n<meta name=\"twitter:creator\" content=\"@raedacademy\" \/>\n<meta name=\"twitter:site\" content=\"@raedacademy\" \/>\n<meta name=\"twitter:label1\" content=\"Written by\" \/>\n\t<meta name=\"twitter:data1\" content=\"RAED\" \/>\n\t<meta name=\"twitter:label2\" content=\"Est. reading time\" \/>\n\t<meta name=\"twitter:data2\" content=\"3 minutes\" \/>\n<script type=\"application\/ld+json\" class=\"yoast-schema-graph\">{\"@context\":\"https:\\\/\\\/schema.org\",\"@graph\":[{\"@type\":\"Article\",\"@id\":\"https:\\\/\\\/raed.academy\\\/ca\\\/cela-geni-i-figura\\\/#article\",\"isPartOf\":{\"@id\":\"https:\\\/\\\/raed.academy\\\/ca\\\/cela-geni-i-figura\\\/\"},\"author\":{\"name\":\"RAED\",\"@id\":\"https:\\\/\\\/raed.academy\\\/ca\\\/#\\\/schema\\\/person\\\/5a755da80d1d979fd66ba745c8702927\"},\"headline\":\"Cela, geni i figura\",\"datePublished\":\"2019-05-15T15:59:13+00:00\",\"dateModified\":\"2019-05-17T09:03:40+00:00\",\"mainEntityOfPage\":{\"@id\":\"https:\\\/\\\/raed.academy\\\/ca\\\/cela-geni-i-figura\\\/\"},\"wordCount\":635,\"publisher\":{\"@id\":\"https:\\\/\\\/raed.academy\\\/ca\\\/#organization\"},\"image\":{\"@id\":\"https:\\\/\\\/raed.academy\\\/ca\\\/cela-geni-i-figura\\\/#primaryimage\"},\"thumbnailUrl\":\"https:\\\/\\\/raed.academy\\\/wp-content\\\/uploads\\\/2019\\\/05\\\/Camilo-Jose-Cela-obras-dstNtc.jpg\",\"articleSection\":[\"Hist\u00f2ria\"],\"inLanguage\":\"ca-ES\"},{\"@type\":\"WebPage\",\"@id\":\"https:\\\/\\\/raed.academy\\\/ca\\\/cela-geni-i-figura\\\/\",\"url\":\"https:\\\/\\\/raed.academy\\\/ca\\\/cela-geni-i-figura\\\/\",\"name\":\"Cela, geni i figura - Reial Acad\u00e8mia Europea de Doctors\",\"isPartOf\":{\"@id\":\"https:\\\/\\\/raed.academy\\\/ca\\\/#website\"},\"primaryImageOfPage\":{\"@id\":\"https:\\\/\\\/raed.academy\\\/ca\\\/cela-geni-i-figura\\\/#primaryimage\"},\"image\":{\"@id\":\"https:\\\/\\\/raed.academy\\\/ca\\\/cela-geni-i-figura\\\/#primaryimage\"},\"thumbnailUrl\":\"https:\\\/\\\/raed.academy\\\/wp-content\\\/uploads\\\/2019\\\/05\\\/Camilo-Jose-Cela-obras-dstNtc.jpg\",\"datePublished\":\"2019-05-15T15:59:13+00:00\",\"dateModified\":\"2019-05-17T09:03:40+00:00\",\"breadcrumb\":{\"@id\":\"https:\\\/\\\/raed.academy\\\/ca\\\/cela-geni-i-figura\\\/#breadcrumb\"},\"inLanguage\":\"ca-ES\",\"potentialAction\":[{\"@type\":\"ReadAction\",\"target\":[\"https:\\\/\\\/raed.academy\\\/ca\\\/cela-geni-i-figura\\\/\"]}]},{\"@type\":\"ImageObject\",\"inLanguage\":\"ca-ES\",\"@id\":\"https:\\\/\\\/raed.academy\\\/ca\\\/cela-geni-i-figura\\\/#primaryimage\",\"url\":\"https:\\\/\\\/raed.academy\\\/wp-content\\\/uploads\\\/2019\\\/05\\\/Camilo-Jose-Cela-obras-dstNtc.jpg\",\"contentUrl\":\"https:\\\/\\\/raed.academy\\\/wp-content\\\/uploads\\\/2019\\\/05\\\/Camilo-Jose-Cela-obras-dstNtc.jpg\",\"width\":500,\"height\":375},{\"@type\":\"BreadcrumbList\",\"@id\":\"https:\\\/\\\/raed.academy\\\/ca\\\/cela-geni-i-figura\\\/#breadcrumb\",\"itemListElement\":[{\"@type\":\"ListItem\",\"position\":1,\"name\":\"Inicio\",\"item\":\"https:\\\/\\\/raed.academy\\\/ca\\\/\"},{\"@type\":\"ListItem\",\"position\":2,\"name\":\"Cela, geni i figura\"}]},{\"@type\":\"WebSite\",\"@id\":\"https:\\\/\\\/raed.academy\\\/ca\\\/#website\",\"url\":\"https:\\\/\\\/raed.academy\\\/ca\\\/\",\"name\":\"Reial Acad\u00e8mia Europea de Doctors\",\"description\":\"Corporaci\u00f3n de derecho p\u00fablico de car\u00e1cter cient\u00edfico, t\u00e9cnico y art\u00edstico, que tiene por objeto la investigaci\u00f3n, el estudio, el fomento y la extensi\u00f3n del conocimiento en su sentido m\u00e1s amplio\",\"publisher\":{\"@id\":\"https:\\\/\\\/raed.academy\\\/ca\\\/#organization\"},\"potentialAction\":[{\"@type\":\"SearchAction\",\"target\":{\"@type\":\"EntryPoint\",\"urlTemplate\":\"https:\\\/\\\/raed.academy\\\/ca\\\/?s={search_term_string}\"},\"query-input\":{\"@type\":\"PropertyValueSpecification\",\"valueRequired\":true,\"valueName\":\"search_term_string\"}}],\"inLanguage\":\"ca-ES\"},{\"@type\":\"Organization\",\"@id\":\"https:\\\/\\\/raed.academy\\\/ca\\\/#organization\",\"name\":\"Real Academia Europea de Doctores\",\"url\":\"https:\\\/\\\/raed.academy\\\/ca\\\/\",\"logo\":{\"@type\":\"ImageObject\",\"inLanguage\":\"ca-ES\",\"@id\":\"https:\\\/\\\/raed.academy\\\/ca\\\/#\\\/schema\\\/logo\\\/image\\\/\",\"url\":\"https:\\\/\\\/raed.academy\\\/wp-content\\\/uploads\\\/2017\\\/01\\\/cropped-logo_raed.png\",\"contentUrl\":\"https:\\\/\\\/raed.academy\\\/wp-content\\\/uploads\\\/2017\\\/01\\\/cropped-logo_raed.png\",\"width\":512,\"height\":512,\"caption\":\"Real Academia Europea de Doctores\"},\"image\":{\"@id\":\"https:\\\/\\\/raed.academy\\\/ca\\\/#\\\/schema\\\/logo\\\/image\\\/\"},\"sameAs\":[\"http:\\\/\\\/fb.me\\\/raed.academy\",\"https:\\\/\\\/x.com\\\/raedacademy\",\"https:\\\/\\\/www.instagram.com\\\/raed.academy\\\/\",\"https:\\\/\\\/www.youtube.com\\\/channel\\\/UCUYQwW2KrdirNWihxMDObwg\"]},{\"@type\":\"Person\",\"@id\":\"https:\\\/\\\/raed.academy\\\/ca\\\/#\\\/schema\\\/person\\\/5a755da80d1d979fd66ba745c8702927\",\"name\":\"RAED\",\"image\":{\"@type\":\"ImageObject\",\"inLanguage\":\"ca-ES\",\"@id\":\"https:\\\/\\\/secure.gravatar.com\\\/avatar\\\/19fdfdc0d67fb9c45714b703a2ac82251c4fcea3637f002ac3c9b74c0183583c?s=96&d=mm&r=g\",\"url\":\"https:\\\/\\\/secure.gravatar.com\\\/avatar\\\/19fdfdc0d67fb9c45714b703a2ac82251c4fcea3637f002ac3c9b74c0183583c?s=96&d=mm&r=g\",\"contentUrl\":\"https:\\\/\\\/secure.gravatar.com\\\/avatar\\\/19fdfdc0d67fb9c45714b703a2ac82251c4fcea3637f002ac3c9b74c0183583c?s=96&d=mm&r=g\",\"caption\":\"RAED\"}}]}<\/script>\n<!-- \/ Yoast SEO plugin. -->","yoast_head_json":{"title":"Cela, geni i figura - Reial Acad\u00e8mia Europea de Doctors","robots":{"index":"index","follow":"follow","max-snippet":"max-snippet:-1","max-image-preview":"max-image-preview:large","max-video-preview":"max-video-preview:-1"},"canonical":"https:\/\/raed.academy\/ca\/cela-geni-i-figura\/","og_locale":"ca_ES","og_type":"article","og_title":"Cela, geni i figura - Reial Acad\u00e8mia Europea de Doctors","og_description":"Xabier A\u00f1overos, acad\u00e8mic de n\u00famero i vicepresident de la Junta de Govern de la Reial Acad\u00e8mia Europea de Doctors-Barcelona 1914 (RAED), publicar\u00e0 al proper n\u00famero monogr\u00e0fic de &#8220;Tribuna Plural&#8221;, la revista cient\u00edfica de la RAED, el treball &#8220;Cela, un gallego peculiar&#8221;, on revela algunes de les excentricitats del premi Nobel espanyol de literatura en diferents [&hellip;]","og_url":"https:\/\/raed.academy\/ca\/cela-geni-i-figura\/","og_site_name":"Reial Acad\u00e8mia Europea de Doctors","article_publisher":"http:\/\/fb.me\/raed.academy","article_published_time":"2019-05-15T15:59:13+00:00","article_modified_time":"2019-05-17T09:03:40+00:00","og_image":[{"width":500,"height":375,"url":"https:\/\/raed.academy\/wp-content\/uploads\/2019\/05\/Camilo-Jose-Cela-obras-dstNtc.jpg","type":"image\/jpeg"}],"author":"RAED","twitter_card":"summary_large_image","twitter_creator":"@raedacademy","twitter_site":"@raedacademy","twitter_misc":{"Written by":"RAED","Est. reading time":"3 minutes"},"schema":{"@context":"https:\/\/schema.org","@graph":[{"@type":"Article","@id":"https:\/\/raed.academy\/ca\/cela-geni-i-figura\/#article","isPartOf":{"@id":"https:\/\/raed.academy\/ca\/cela-geni-i-figura\/"},"author":{"name":"RAED","@id":"https:\/\/raed.academy\/ca\/#\/schema\/person\/5a755da80d1d979fd66ba745c8702927"},"headline":"Cela, geni i figura","datePublished":"2019-05-15T15:59:13+00:00","dateModified":"2019-05-17T09:03:40+00:00","mainEntityOfPage":{"@id":"https:\/\/raed.academy\/ca\/cela-geni-i-figura\/"},"wordCount":635,"publisher":{"@id":"https:\/\/raed.academy\/ca\/#organization"},"image":{"@id":"https:\/\/raed.academy\/ca\/cela-geni-i-figura\/#primaryimage"},"thumbnailUrl":"https:\/\/raed.academy\/wp-content\/uploads\/2019\/05\/Camilo-Jose-Cela-obras-dstNtc.jpg","articleSection":["Hist\u00f2ria"],"inLanguage":"ca-ES"},{"@type":"WebPage","@id":"https:\/\/raed.academy\/ca\/cela-geni-i-figura\/","url":"https:\/\/raed.academy\/ca\/cela-geni-i-figura\/","name":"Cela, geni i figura - Reial Acad\u00e8mia Europea de Doctors","isPartOf":{"@id":"https:\/\/raed.academy\/ca\/#website"},"primaryImageOfPage":{"@id":"https:\/\/raed.academy\/ca\/cela-geni-i-figura\/#primaryimage"},"image":{"@id":"https:\/\/raed.academy\/ca\/cela-geni-i-figura\/#primaryimage"},"thumbnailUrl":"https:\/\/raed.academy\/wp-content\/uploads\/2019\/05\/Camilo-Jose-Cela-obras-dstNtc.jpg","datePublished":"2019-05-15T15:59:13+00:00","dateModified":"2019-05-17T09:03:40+00:00","breadcrumb":{"@id":"https:\/\/raed.academy\/ca\/cela-geni-i-figura\/#breadcrumb"},"inLanguage":"ca-ES","potentialAction":[{"@type":"ReadAction","target":["https:\/\/raed.academy\/ca\/cela-geni-i-figura\/"]}]},{"@type":"ImageObject","inLanguage":"ca-ES","@id":"https:\/\/raed.academy\/ca\/cela-geni-i-figura\/#primaryimage","url":"https:\/\/raed.academy\/wp-content\/uploads\/2019\/05\/Camilo-Jose-Cela-obras-dstNtc.jpg","contentUrl":"https:\/\/raed.academy\/wp-content\/uploads\/2019\/05\/Camilo-Jose-Cela-obras-dstNtc.jpg","width":500,"height":375},{"@type":"BreadcrumbList","@id":"https:\/\/raed.academy\/ca\/cela-geni-i-figura\/#breadcrumb","itemListElement":[{"@type":"ListItem","position":1,"name":"Inicio","item":"https:\/\/raed.academy\/ca\/"},{"@type":"ListItem","position":2,"name":"Cela, geni i figura"}]},{"@type":"WebSite","@id":"https:\/\/raed.academy\/ca\/#website","url":"https:\/\/raed.academy\/ca\/","name":"Reial Acad\u00e8mia Europea de Doctors","description":"Corporaci\u00f3n de derecho p\u00fablico de car\u00e1cter cient\u00edfico, t\u00e9cnico y art\u00edstico, que tiene por objeto la investigaci\u00f3n, el estudio, el fomento y la extensi\u00f3n del conocimiento en su sentido m\u00e1s amplio","publisher":{"@id":"https:\/\/raed.academy\/ca\/#organization"},"potentialAction":[{"@type":"SearchAction","target":{"@type":"EntryPoint","urlTemplate":"https:\/\/raed.academy\/ca\/?s={search_term_string}"},"query-input":{"@type":"PropertyValueSpecification","valueRequired":true,"valueName":"search_term_string"}}],"inLanguage":"ca-ES"},{"@type":"Organization","@id":"https:\/\/raed.academy\/ca\/#organization","name":"Real Academia Europea de Doctores","url":"https:\/\/raed.academy\/ca\/","logo":{"@type":"ImageObject","inLanguage":"ca-ES","@id":"https:\/\/raed.academy\/ca\/#\/schema\/logo\/image\/","url":"https:\/\/raed.academy\/wp-content\/uploads\/2017\/01\/cropped-logo_raed.png","contentUrl":"https:\/\/raed.academy\/wp-content\/uploads\/2017\/01\/cropped-logo_raed.png","width":512,"height":512,"caption":"Real Academia Europea de Doctores"},"image":{"@id":"https:\/\/raed.academy\/ca\/#\/schema\/logo\/image\/"},"sameAs":["http:\/\/fb.me\/raed.academy","https:\/\/x.com\/raedacademy","https:\/\/www.instagram.com\/raed.academy\/","https:\/\/www.youtube.com\/channel\/UCUYQwW2KrdirNWihxMDObwg"]},{"@type":"Person","@id":"https:\/\/raed.academy\/ca\/#\/schema\/person\/5a755da80d1d979fd66ba745c8702927","name":"RAED","image":{"@type":"ImageObject","inLanguage":"ca-ES","@id":"https:\/\/secure.gravatar.com\/avatar\/19fdfdc0d67fb9c45714b703a2ac82251c4fcea3637f002ac3c9b74c0183583c?s=96&d=mm&r=g","url":"https:\/\/secure.gravatar.com\/avatar\/19fdfdc0d67fb9c45714b703a2ac82251c4fcea3637f002ac3c9b74c0183583c?s=96&d=mm&r=g","contentUrl":"https:\/\/secure.gravatar.com\/avatar\/19fdfdc0d67fb9c45714b703a2ac82251c4fcea3637f002ac3c9b74c0183583c?s=96&d=mm&r=g","caption":"RAED"}}]}},"_links":{"self":[{"href":"https:\/\/raed.academy\/ca\/wp-json\/wp\/v2\/posts\/71910","targetHints":{"allow":["GET"]}}],"collection":[{"href":"https:\/\/raed.academy\/ca\/wp-json\/wp\/v2\/posts"}],"about":[{"href":"https:\/\/raed.academy\/ca\/wp-json\/wp\/v2\/types\/post"}],"author":[{"embeddable":true,"href":"https:\/\/raed.academy\/ca\/wp-json\/wp\/v2\/users\/12"}],"replies":[{"embeddable":true,"href":"https:\/\/raed.academy\/ca\/wp-json\/wp\/v2\/comments?post=71910"}],"version-history":[{"count":0,"href":"https:\/\/raed.academy\/ca\/wp-json\/wp\/v2\/posts\/71910\/revisions"}],"wp:featuredmedia":[{"embeddable":true,"href":"https:\/\/raed.academy\/ca\/wp-json\/wp\/v2\/media\/71883"}],"wp:attachment":[{"href":"https:\/\/raed.academy\/ca\/wp-json\/wp\/v2\/media?parent=71910"}],"wp:term":[{"taxonomy":"category","embeddable":true,"href":"https:\/\/raed.academy\/ca\/wp-json\/wp\/v2\/categories?post=71910"},{"taxonomy":"post_tag","embeddable":true,"href":"https:\/\/raed.academy\/ca\/wp-json\/wp\/v2\/tags?post=71910"}],"curies":[{"name":"wp","href":"https:\/\/api.w.org\/{rel}","templated":true}]}}