{"id":71506,"date":"2019-05-09T13:30:03","date_gmt":"2019-05-09T13:30:03","guid":{"rendered":"https:\/\/raed.academy\/?p=71506"},"modified":"2019-05-13T08:17:05","modified_gmt":"2019-05-13T08:17:05","slug":"ciencia-i-cultura-a-la-rioja-alabesa","status":"publish","type":"post","link":"https:\/\/raed.academy\/ca\/ciencia-i-cultura-a-la-rioja-alabesa\/","title":{"rendered":"Ci\u00e8ncia i cultura a la Rioja Alabesa"},"content":{"rendered":"<h2>La RAED i la Reial Acad\u00e8mia de Medicina del Pa\u00eds Basc celebren una trobada els propers 24 i 26 de maig<\/h2>\n<p>La <strong>Reial Acad\u00e8mia Europea de Doctors-Barcelona 1914<\/strong> (RAED) i la <strong>Reial Acad\u00e8mia de Medicina del Pa\u00eds Basc-Euskal Herriko Medikuntzaren Errege Akademia<\/strong> (RAMPV- EHMEA) celebraran entre els propers 24 i 26 de maig la primera <strong>Trobada Cient\u00edfica-Cultural a la Rioja Alabesa<\/strong> amb la col\u00b7laboraci\u00f3 de l&#8217;<strong>Acad\u00e8mia Espanyola de Nutrici\u00f3 i Ci\u00e8ncies de l&#8217;Alimentaci\u00f3 (AEN)<\/strong> i la <a href=\"http:\/\/www.nutricioncomunitaria.org\" target=\"_blank\" rel=\"noopener noreferrer\"><strong>Societat Espanyola de Nutrici\u00f3 Comunit\u00e0ria (SENC)<\/strong><\/a>. L&#8217;esdeveniment respon al conveni que ambdues institucions van signar el passat mes de gener amb l&#8217;objecte de &#8220;propiciar la promoci\u00f3 de la ci\u00e8ncia, la formaci\u00f3 i l&#8217;intercanvi cient\u00edfic entre els professionals de les ci\u00e8ncies de la salut i altres disciplines relacionades&#8221;.<\/p>\n<p>La cita comptar\u00e0 amb la participaci\u00f3 de 35 ponents que al llarg dels tres dies abordaran temes relacionats amb l&#8217;enologia, la viticultura, l&#8217;alimentaci\u00f3, la dieta i una regi\u00f3 com la Rioja Alabesa que es caracteritza per la qualitat internacionalment reconeguda dels seus vins. Aquesta part cient\u00edfica es complementa amb un seguit de visites culturals que inclouen el celler de <a href=\"https:\/\/www.marquesderiscal.com\" target=\"_blank\" rel=\"noopener noreferrer\"><strong>Marqu\u00e9s de Riscal<\/strong><\/a>, de l&#8217;arquitecte <strong>Frank Gehry<\/strong>, i la prestigiosa i guardonada celler d&#8217;<a href=\"http:\/\/egurenugarte.com\" target=\"_blank\" rel=\"noopener noreferrer\"><strong>Eguren Ugarte<\/strong><\/a>. Al seu auditori tindran lloc les pon\u00e8ncies. El format de les intervencions ser\u00e0 el ja tradicional de 15 minuts dels esdeveniments de la RAED i s&#8217;han agrupat en quatre grans blocs.<\/p>\n<p>El primer d&#8217;aquests blocs tem\u00e0tics tractar\u00e0 sobre la cultura del vi i en ell s&#8217;abordaran temes relacionats amb la m\u00fasica, l&#8217;humor, l&#8217;art, la literatura, el vi a la hist\u00f2ria de les civilitzacions, els costos de producci\u00f3 i venda, la import\u00e0ncia del suro en el proc\u00e9s evolutiu del vi, la funci\u00f3 dels \u00f2rgans sensorials davant un tast de vi i estrat\u00e8gies per l&#8217;organitzaci\u00f3, aprofitament i gaudi d&#8217;un tast de vins. El segon se centrar\u00e0 en aspectes enol\u00f2gics i de producci\u00f3, i en ell s&#8217;abordaran temes relacionats amb el m\u00e0rqueting, les varietats singulars del vi de Rioja, les caracter\u00edstiques \u00faniques del vi rosat, la protecci\u00f3 de les vinyes, la bioqu\u00edmica del vi, els processos enol\u00f2gics i la seguretat aliment\u00e0ria i el vi dins de la dieta mediterr\u00e0nia.<\/p>\n<p>El tercer bloc ser\u00e0 miscel\u00b7lani, amb temes multidisciplinaris com ara la Rioja i les rutes del <strong>Cam\u00ed de Sant Jaume<\/strong>, o la serra de Cant\u00e0bria com a ecosistema de la Rioja Alabesa, la m\u00e0gia i el vi, els calders de bruixes i el vi, c\u00f3rrer entre vinyes, caminant el cam\u00ed amb pa i vi, reformular per menjar m\u00e9s sa, l&#8217;obesitat metab\u00f2licament sana, el repte de comunicar en salut&#8230; L&#8217;\u00faltim d&#8217;aquests quatre blocs tractar\u00e0 temes relacionats amb les ci\u00e8ncies i les humanitats, incloent la gastrof\u00edsica, com perdre o guanyar una estrella <strong>Michelin<\/strong>, art i fragilitat mediambiental, art i inf\u00e0ncia, la intel\u00b7lig\u00e8ncia artificial i la conducta dels gossos, la vida digital d&#8217;un &#8220;millenial&#8221;, l&#8217;esport i l&#8217;activitat f\u00edsica amb ajudes ergog\u00e8niques i l&#8217;euskera, la seva hist\u00f2ria i el seu context.<\/p>\n<h3><a href=\"https:\/\/raed.academy\/wp-content\/uploads\/2019\/05\/programa-del-Encuentro-Cientifico-cultural-La-Rioja-RAMPV-RAED-2019-v2.pdf\" target=\"_blank\" rel=\"noopener noreferrer\">Programa de la trobada<\/a><\/h3>\n<p>&nbsp;<\/p>\n\n\t\t<style type=\"text\/css\">\n\t\t\t#gallery-1 {\n\t\t\t\tmargin: auto;\n\t\t\t}\n\t\t\t#gallery-1 .gallery-item {\n\t\t\t\tfloat: left;\n\t\t\t\tmargin-top: 10px;\n\t\t\t\ttext-align: center;\n\t\t\t\twidth: 33%;\n\t\t\t}\n\t\t\t#gallery-1 img {\n\t\t\t\tborder: 2px solid #cfcfcf;\n\t\t\t}\n\t\t\t#gallery-1 .gallery-caption {\n\t\t\t\tmargin-left: 0;\n\t\t\t}\n\t\t\t\/* see gallery_shortcode() in wp-includes\/media.php *\/\n\t\t<\/style>\n\t\t<div id='gallery-1' class='gallery galleryid-71506 gallery-columns-3 gallery-size-medium'><dl class='gallery-item'>\n\t\t\t<dt class='gallery-icon landscape'>\n\t\t\t\t<a href='https:\/\/raed.academy\/wp-content\/uploads\/2019\/05\/La-Rioja-dominio-publico.jpg'><img loading=\"lazy\" decoding=\"async\" width=\"900\" height=\"600\" src=\"https:\/\/raed.academy\/wp-content\/uploads\/2019\/05\/La-Rioja-dominio-publico.jpg\" class=\"attachment-medium size-medium\" alt=\"\" srcset=\"https:\/\/raed.academy\/wp-content\/uploads\/2019\/05\/La-Rioja-dominio-publico.jpg 900w, https:\/\/raed.academy\/wp-content\/uploads\/2019\/05\/La-Rioja-dominio-publico-768x512.jpg 768w\" sizes=\"(max-width: 900px) 100vw, 900px\" \/><\/a>\n\t\t\t<\/dt><\/dl><dl class='gallery-item'>\n\t\t\t<dt class='gallery-icon landscape'>\n\t\t\t\t<a href='https:\/\/raed.academy\/wp-content\/uploads\/2019\/05\/bodegas-Marques-de-Riscal.jpg'><img loading=\"lazy\" decoding=\"async\" width=\"900\" height=\"600\" src=\"https:\/\/raed.academy\/wp-content\/uploads\/2019\/05\/bodegas-Marques-de-Riscal.jpg\" class=\"attachment-medium size-medium\" alt=\"\" srcset=\"https:\/\/raed.academy\/wp-content\/uploads\/2019\/05\/bodegas-Marques-de-Riscal.jpg 900w, https:\/\/raed.academy\/wp-content\/uploads\/2019\/05\/bodegas-Marques-de-Riscal-768x512.jpg 768w\" sizes=\"(max-width: 900px) 100vw, 900px\" \/><\/a>\n\t\t\t<\/dt><\/dl><dl class='gallery-item'>\n\t\t\t<dt class='gallery-icon landscape'>\n\t\t\t\t<a href='https:\/\/raed.academy\/wp-content\/uploads\/2019\/05\/Bodegas-Eguren-Ugarte.jpg'><img loading=\"lazy\" decoding=\"async\" width=\"900\" height=\"600\" src=\"https:\/\/raed.academy\/wp-content\/uploads\/2019\/05\/Bodegas-Eguren-Ugarte.jpg\" class=\"attachment-medium size-medium\" alt=\"\" srcset=\"https:\/\/raed.academy\/wp-content\/uploads\/2019\/05\/Bodegas-Eguren-Ugarte.jpg 900w, https:\/\/raed.academy\/wp-content\/uploads\/2019\/05\/Bodegas-Eguren-Ugarte-768x512.jpg 768w\" sizes=\"(max-width: 900px) 100vw, 900px\" \/><\/a>\n\t\t\t<\/dt><\/dl><br style=\"clear: both\" \/>\n\t\t<\/div>\n\n","protected":false},"excerpt":{"rendered":"<p>La RAED i la Reial Acad\u00e8mia de Medicina del Pa\u00eds Basc celebren una trobada els propers 24 i 26 de maig La Reial Acad\u00e8mia Europea de Doctors-Barcelona 1914 (RAED) i la Reial Acad\u00e8mia de Medicina del Pa\u00eds Basc-Euskal Herriko Medikuntzaren Errege Akademia (RAMPV- EHMEA) celebraran entre els propers 24 i 26 de maig la primera [&hellip;]<\/p>\n","protected":false},"author":12,"featured_media":71529,"comment_status":"closed","ping_status":"closed","sticky":false,"template":"","format":"standard","meta":{"_et_pb_use_builder":"","_et_pb_old_content":"","_et_gb_content_width":"","footnotes":""},"categories":[72],"tags":[],"class_list":["post-71506","post","type-post","status-publish","format-standard","has-post-thumbnail","hentry","category-uncategorized-ca","et-has-post-format-content","et_post_format-et-post-format-standard"],"yoast_head":"<!-- This site is optimized with the Yoast SEO plugin v27.4 - https:\/\/yoast.com\/product\/yoast-seo-wordpress\/ -->\n<title>Ci\u00e8ncia i cultura a la Rioja Alabesa - Reial Acad\u00e8mia Europea de Doctors<\/title>\n<meta name=\"robots\" content=\"index, follow, max-snippet:-1, max-image-preview:large, max-video-preview:-1\" \/>\n<link rel=\"canonical\" href=\"https:\/\/raed.academy\/ca\/ciencia-i-cultura-a-la-rioja-alabesa\/\" \/>\n<meta property=\"og:locale\" content=\"ca_ES\" \/>\n<meta property=\"og:type\" content=\"article\" \/>\n<meta property=\"og:title\" content=\"Ci\u00e8ncia i cultura a la Rioja Alabesa - Reial Acad\u00e8mia Europea de Doctors\" \/>\n<meta property=\"og:description\" content=\"La RAED i la Reial Acad\u00e8mia de Medicina del Pa\u00eds Basc celebren una trobada els propers 24 i 26 de maig La Reial Acad\u00e8mia Europea de Doctors-Barcelona 1914 (RAED) i la Reial Acad\u00e8mia de Medicina del Pa\u00eds Basc-Euskal Herriko Medikuntzaren Errege Akademia (RAMPV- EHMEA) celebraran entre els propers 24 i 26 de maig la primera [&hellip;]\" \/>\n<meta property=\"og:url\" content=\"https:\/\/raed.academy\/ca\/ciencia-i-cultura-a-la-rioja-alabesa\/\" \/>\n<meta property=\"og:site_name\" content=\"Reial Acad\u00e8mia Europea de Doctors\" \/>\n<meta property=\"article:publisher\" content=\"http:\/\/fb.me\/raed.academy\" \/>\n<meta property=\"article:published_time\" content=\"2019-05-09T13:30:03+00:00\" \/>\n<meta property=\"article:modified_time\" content=\"2019-05-13T08:17:05+00:00\" \/>\n<meta property=\"og:image\" content=\"https:\/\/raed.academy\/wp-content\/uploads\/2019\/05\/shutt-La-Rioja-dstNtc.jpg\" \/>\n\t<meta property=\"og:image:width\" content=\"970\" \/>\n\t<meta property=\"og:image:height\" content=\"333\" \/>\n\t<meta property=\"og:image:type\" content=\"image\/jpeg\" \/>\n<meta name=\"author\" content=\"RAED\" \/>\n<meta name=\"twitter:card\" content=\"summary_large_image\" \/>\n<meta name=\"twitter:creator\" content=\"@raedacademy\" \/>\n<meta name=\"twitter:site\" content=\"@raedacademy\" \/>\n<meta name=\"twitter:label1\" content=\"Written by\" \/>\n\t<meta name=\"twitter:data1\" content=\"RAED\" \/>\n\t<meta name=\"twitter:label2\" content=\"Est. reading time\" \/>\n\t<meta name=\"twitter:data2\" content=\"3 minutes\" \/>\n<script type=\"application\/ld+json\" class=\"yoast-schema-graph\">{\"@context\":\"https:\\\/\\\/schema.org\",\"@graph\":[{\"@type\":\"Article\",\"@id\":\"https:\\\/\\\/raed.academy\\\/ca\\\/ciencia-i-cultura-a-la-rioja-alabesa\\\/#article\",\"isPartOf\":{\"@id\":\"https:\\\/\\\/raed.academy\\\/ca\\\/ciencia-i-cultura-a-la-rioja-alabesa\\\/\"},\"author\":{\"name\":\"RAED\",\"@id\":\"https:\\\/\\\/raed.academy\\\/ca\\\/#\\\/schema\\\/person\\\/5a755da80d1d979fd66ba745c8702927\"},\"headline\":\"Ci\u00e8ncia i cultura a la Rioja Alabesa\",\"datePublished\":\"2019-05-09T13:30:03+00:00\",\"dateModified\":\"2019-05-13T08:17:05+00:00\",\"mainEntityOfPage\":{\"@id\":\"https:\\\/\\\/raed.academy\\\/ca\\\/ciencia-i-cultura-a-la-rioja-alabesa\\\/\"},\"wordCount\":561,\"publisher\":{\"@id\":\"https:\\\/\\\/raed.academy\\\/ca\\\/#organization\"},\"image\":{\"@id\":\"https:\\\/\\\/raed.academy\\\/ca\\\/ciencia-i-cultura-a-la-rioja-alabesa\\\/#primaryimage\"},\"thumbnailUrl\":\"https:\\\/\\\/raed.academy\\\/wp-content\\\/uploads\\\/2019\\\/05\\\/shutt-La-Rioja-dstNtc.jpg\",\"articleSection\":[\"Uncategorized @ca\"],\"inLanguage\":\"ca-ES\"},{\"@type\":\"WebPage\",\"@id\":\"https:\\\/\\\/raed.academy\\\/ca\\\/ciencia-i-cultura-a-la-rioja-alabesa\\\/\",\"url\":\"https:\\\/\\\/raed.academy\\\/ca\\\/ciencia-i-cultura-a-la-rioja-alabesa\\\/\",\"name\":\"Ci\u00e8ncia i cultura a la Rioja Alabesa - Reial Acad\u00e8mia Europea de Doctors\",\"isPartOf\":{\"@id\":\"https:\\\/\\\/raed.academy\\\/ca\\\/#website\"},\"primaryImageOfPage\":{\"@id\":\"https:\\\/\\\/raed.academy\\\/ca\\\/ciencia-i-cultura-a-la-rioja-alabesa\\\/#primaryimage\"},\"image\":{\"@id\":\"https:\\\/\\\/raed.academy\\\/ca\\\/ciencia-i-cultura-a-la-rioja-alabesa\\\/#primaryimage\"},\"thumbnailUrl\":\"https:\\\/\\\/raed.academy\\\/wp-content\\\/uploads\\\/2019\\\/05\\\/shutt-La-Rioja-dstNtc.jpg\",\"datePublished\":\"2019-05-09T13:30:03+00:00\",\"dateModified\":\"2019-05-13T08:17:05+00:00\",\"breadcrumb\":{\"@id\":\"https:\\\/\\\/raed.academy\\\/ca\\\/ciencia-i-cultura-a-la-rioja-alabesa\\\/#breadcrumb\"},\"inLanguage\":\"ca-ES\",\"potentialAction\":[{\"@type\":\"ReadAction\",\"target\":[\"https:\\\/\\\/raed.academy\\\/ca\\\/ciencia-i-cultura-a-la-rioja-alabesa\\\/\"]}]},{\"@type\":\"ImageObject\",\"inLanguage\":\"ca-ES\",\"@id\":\"https:\\\/\\\/raed.academy\\\/ca\\\/ciencia-i-cultura-a-la-rioja-alabesa\\\/#primaryimage\",\"url\":\"https:\\\/\\\/raed.academy\\\/wp-content\\\/uploads\\\/2019\\\/05\\\/shutt-La-Rioja-dstNtc.jpg\",\"contentUrl\":\"https:\\\/\\\/raed.academy\\\/wp-content\\\/uploads\\\/2019\\\/05\\\/shutt-La-Rioja-dstNtc.jpg\",\"width\":970,\"height\":333},{\"@type\":\"BreadcrumbList\",\"@id\":\"https:\\\/\\\/raed.academy\\\/ca\\\/ciencia-i-cultura-a-la-rioja-alabesa\\\/#breadcrumb\",\"itemListElement\":[{\"@type\":\"ListItem\",\"position\":1,\"name\":\"Inicio\",\"item\":\"https:\\\/\\\/raed.academy\\\/ca\\\/\"},{\"@type\":\"ListItem\",\"position\":2,\"name\":\"Ci\u00e8ncia i cultura a la Rioja Alabesa\"}]},{\"@type\":\"WebSite\",\"@id\":\"https:\\\/\\\/raed.academy\\\/ca\\\/#website\",\"url\":\"https:\\\/\\\/raed.academy\\\/ca\\\/\",\"name\":\"Reial Acad\u00e8mia Europea de Doctors\",\"description\":\"Corporaci\u00f3n de derecho p\u00fablico de car\u00e1cter cient\u00edfico, t\u00e9cnico y art\u00edstico, que tiene por objeto la investigaci\u00f3n, el estudio, el fomento y la extensi\u00f3n del conocimiento en su sentido m\u00e1s amplio\",\"publisher\":{\"@id\":\"https:\\\/\\\/raed.academy\\\/ca\\\/#organization\"},\"potentialAction\":[{\"@type\":\"SearchAction\",\"target\":{\"@type\":\"EntryPoint\",\"urlTemplate\":\"https:\\\/\\\/raed.academy\\\/ca\\\/?s={search_term_string}\"},\"query-input\":{\"@type\":\"PropertyValueSpecification\",\"valueRequired\":true,\"valueName\":\"search_term_string\"}}],\"inLanguage\":\"ca-ES\"},{\"@type\":\"Organization\",\"@id\":\"https:\\\/\\\/raed.academy\\\/ca\\\/#organization\",\"name\":\"Real Academia Europea de Doctores\",\"url\":\"https:\\\/\\\/raed.academy\\\/ca\\\/\",\"logo\":{\"@type\":\"ImageObject\",\"inLanguage\":\"ca-ES\",\"@id\":\"https:\\\/\\\/raed.academy\\\/ca\\\/#\\\/schema\\\/logo\\\/image\\\/\",\"url\":\"https:\\\/\\\/raed.academy\\\/wp-content\\\/uploads\\\/2017\\\/01\\\/cropped-logo_raed.png\",\"contentUrl\":\"https:\\\/\\\/raed.academy\\\/wp-content\\\/uploads\\\/2017\\\/01\\\/cropped-logo_raed.png\",\"width\":512,\"height\":512,\"caption\":\"Real Academia Europea de Doctores\"},\"image\":{\"@id\":\"https:\\\/\\\/raed.academy\\\/ca\\\/#\\\/schema\\\/logo\\\/image\\\/\"},\"sameAs\":[\"http:\\\/\\\/fb.me\\\/raed.academy\",\"https:\\\/\\\/x.com\\\/raedacademy\",\"https:\\\/\\\/www.instagram.com\\\/raed.academy\\\/\",\"https:\\\/\\\/www.youtube.com\\\/channel\\\/UCUYQwW2KrdirNWihxMDObwg\"]},{\"@type\":\"Person\",\"@id\":\"https:\\\/\\\/raed.academy\\\/ca\\\/#\\\/schema\\\/person\\\/5a755da80d1d979fd66ba745c8702927\",\"name\":\"RAED\",\"image\":{\"@type\":\"ImageObject\",\"inLanguage\":\"ca-ES\",\"@id\":\"https:\\\/\\\/secure.gravatar.com\\\/avatar\\\/19fdfdc0d67fb9c45714b703a2ac82251c4fcea3637f002ac3c9b74c0183583c?s=96&d=mm&r=g\",\"url\":\"https:\\\/\\\/secure.gravatar.com\\\/avatar\\\/19fdfdc0d67fb9c45714b703a2ac82251c4fcea3637f002ac3c9b74c0183583c?s=96&d=mm&r=g\",\"contentUrl\":\"https:\\\/\\\/secure.gravatar.com\\\/avatar\\\/19fdfdc0d67fb9c45714b703a2ac82251c4fcea3637f002ac3c9b74c0183583c?s=96&d=mm&r=g\",\"caption\":\"RAED\"}}]}<\/script>\n<!-- \/ Yoast SEO plugin. -->","yoast_head_json":{"title":"Ci\u00e8ncia i cultura a la Rioja Alabesa - Reial Acad\u00e8mia Europea de Doctors","robots":{"index":"index","follow":"follow","max-snippet":"max-snippet:-1","max-image-preview":"max-image-preview:large","max-video-preview":"max-video-preview:-1"},"canonical":"https:\/\/raed.academy\/ca\/ciencia-i-cultura-a-la-rioja-alabesa\/","og_locale":"ca_ES","og_type":"article","og_title":"Ci\u00e8ncia i cultura a la Rioja Alabesa - Reial Acad\u00e8mia Europea de Doctors","og_description":"La RAED i la Reial Acad\u00e8mia de Medicina del Pa\u00eds Basc celebren una trobada els propers 24 i 26 de maig La Reial Acad\u00e8mia Europea de Doctors-Barcelona 1914 (RAED) i la Reial Acad\u00e8mia de Medicina del Pa\u00eds Basc-Euskal Herriko Medikuntzaren Errege Akademia (RAMPV- EHMEA) celebraran entre els propers 24 i 26 de maig la primera [&hellip;]","og_url":"https:\/\/raed.academy\/ca\/ciencia-i-cultura-a-la-rioja-alabesa\/","og_site_name":"Reial Acad\u00e8mia Europea de Doctors","article_publisher":"http:\/\/fb.me\/raed.academy","article_published_time":"2019-05-09T13:30:03+00:00","article_modified_time":"2019-05-13T08:17:05+00:00","og_image":[{"width":970,"height":333,"url":"https:\/\/raed.academy\/wp-content\/uploads\/2019\/05\/shutt-La-Rioja-dstNtc.jpg","type":"image\/jpeg"}],"author":"RAED","twitter_card":"summary_large_image","twitter_creator":"@raedacademy","twitter_site":"@raedacademy","twitter_misc":{"Written by":"RAED","Est. reading time":"3 minutes"},"schema":{"@context":"https:\/\/schema.org","@graph":[{"@type":"Article","@id":"https:\/\/raed.academy\/ca\/ciencia-i-cultura-a-la-rioja-alabesa\/#article","isPartOf":{"@id":"https:\/\/raed.academy\/ca\/ciencia-i-cultura-a-la-rioja-alabesa\/"},"author":{"name":"RAED","@id":"https:\/\/raed.academy\/ca\/#\/schema\/person\/5a755da80d1d979fd66ba745c8702927"},"headline":"Ci\u00e8ncia i cultura a la Rioja Alabesa","datePublished":"2019-05-09T13:30:03+00:00","dateModified":"2019-05-13T08:17:05+00:00","mainEntityOfPage":{"@id":"https:\/\/raed.academy\/ca\/ciencia-i-cultura-a-la-rioja-alabesa\/"},"wordCount":561,"publisher":{"@id":"https:\/\/raed.academy\/ca\/#organization"},"image":{"@id":"https:\/\/raed.academy\/ca\/ciencia-i-cultura-a-la-rioja-alabesa\/#primaryimage"},"thumbnailUrl":"https:\/\/raed.academy\/wp-content\/uploads\/2019\/05\/shutt-La-Rioja-dstNtc.jpg","articleSection":["Uncategorized @ca"],"inLanguage":"ca-ES"},{"@type":"WebPage","@id":"https:\/\/raed.academy\/ca\/ciencia-i-cultura-a-la-rioja-alabesa\/","url":"https:\/\/raed.academy\/ca\/ciencia-i-cultura-a-la-rioja-alabesa\/","name":"Ci\u00e8ncia i cultura a la Rioja Alabesa - Reial Acad\u00e8mia Europea de Doctors","isPartOf":{"@id":"https:\/\/raed.academy\/ca\/#website"},"primaryImageOfPage":{"@id":"https:\/\/raed.academy\/ca\/ciencia-i-cultura-a-la-rioja-alabesa\/#primaryimage"},"image":{"@id":"https:\/\/raed.academy\/ca\/ciencia-i-cultura-a-la-rioja-alabesa\/#primaryimage"},"thumbnailUrl":"https:\/\/raed.academy\/wp-content\/uploads\/2019\/05\/shutt-La-Rioja-dstNtc.jpg","datePublished":"2019-05-09T13:30:03+00:00","dateModified":"2019-05-13T08:17:05+00:00","breadcrumb":{"@id":"https:\/\/raed.academy\/ca\/ciencia-i-cultura-a-la-rioja-alabesa\/#breadcrumb"},"inLanguage":"ca-ES","potentialAction":[{"@type":"ReadAction","target":["https:\/\/raed.academy\/ca\/ciencia-i-cultura-a-la-rioja-alabesa\/"]}]},{"@type":"ImageObject","inLanguage":"ca-ES","@id":"https:\/\/raed.academy\/ca\/ciencia-i-cultura-a-la-rioja-alabesa\/#primaryimage","url":"https:\/\/raed.academy\/wp-content\/uploads\/2019\/05\/shutt-La-Rioja-dstNtc.jpg","contentUrl":"https:\/\/raed.academy\/wp-content\/uploads\/2019\/05\/shutt-La-Rioja-dstNtc.jpg","width":970,"height":333},{"@type":"BreadcrumbList","@id":"https:\/\/raed.academy\/ca\/ciencia-i-cultura-a-la-rioja-alabesa\/#breadcrumb","itemListElement":[{"@type":"ListItem","position":1,"name":"Inicio","item":"https:\/\/raed.academy\/ca\/"},{"@type":"ListItem","position":2,"name":"Ci\u00e8ncia i cultura a la Rioja Alabesa"}]},{"@type":"WebSite","@id":"https:\/\/raed.academy\/ca\/#website","url":"https:\/\/raed.academy\/ca\/","name":"Reial Acad\u00e8mia Europea de Doctors","description":"Corporaci\u00f3n de derecho p\u00fablico de car\u00e1cter cient\u00edfico, t\u00e9cnico y art\u00edstico, que tiene por objeto la investigaci\u00f3n, el estudio, el fomento y la extensi\u00f3n del conocimiento en su sentido m\u00e1s amplio","publisher":{"@id":"https:\/\/raed.academy\/ca\/#organization"},"potentialAction":[{"@type":"SearchAction","target":{"@type":"EntryPoint","urlTemplate":"https:\/\/raed.academy\/ca\/?s={search_term_string}"},"query-input":{"@type":"PropertyValueSpecification","valueRequired":true,"valueName":"search_term_string"}}],"inLanguage":"ca-ES"},{"@type":"Organization","@id":"https:\/\/raed.academy\/ca\/#organization","name":"Real Academia Europea de Doctores","url":"https:\/\/raed.academy\/ca\/","logo":{"@type":"ImageObject","inLanguage":"ca-ES","@id":"https:\/\/raed.academy\/ca\/#\/schema\/logo\/image\/","url":"https:\/\/raed.academy\/wp-content\/uploads\/2017\/01\/cropped-logo_raed.png","contentUrl":"https:\/\/raed.academy\/wp-content\/uploads\/2017\/01\/cropped-logo_raed.png","width":512,"height":512,"caption":"Real Academia Europea de Doctores"},"image":{"@id":"https:\/\/raed.academy\/ca\/#\/schema\/logo\/image\/"},"sameAs":["http:\/\/fb.me\/raed.academy","https:\/\/x.com\/raedacademy","https:\/\/www.instagram.com\/raed.academy\/","https:\/\/www.youtube.com\/channel\/UCUYQwW2KrdirNWihxMDObwg"]},{"@type":"Person","@id":"https:\/\/raed.academy\/ca\/#\/schema\/person\/5a755da80d1d979fd66ba745c8702927","name":"RAED","image":{"@type":"ImageObject","inLanguage":"ca-ES","@id":"https:\/\/secure.gravatar.com\/avatar\/19fdfdc0d67fb9c45714b703a2ac82251c4fcea3637f002ac3c9b74c0183583c?s=96&d=mm&r=g","url":"https:\/\/secure.gravatar.com\/avatar\/19fdfdc0d67fb9c45714b703a2ac82251c4fcea3637f002ac3c9b74c0183583c?s=96&d=mm&r=g","contentUrl":"https:\/\/secure.gravatar.com\/avatar\/19fdfdc0d67fb9c45714b703a2ac82251c4fcea3637f002ac3c9b74c0183583c?s=96&d=mm&r=g","caption":"RAED"}}]}},"_links":{"self":[{"href":"https:\/\/raed.academy\/ca\/wp-json\/wp\/v2\/posts\/71506","targetHints":{"allow":["GET"]}}],"collection":[{"href":"https:\/\/raed.academy\/ca\/wp-json\/wp\/v2\/posts"}],"about":[{"href":"https:\/\/raed.academy\/ca\/wp-json\/wp\/v2\/types\/post"}],"author":[{"embeddable":true,"href":"https:\/\/raed.academy\/ca\/wp-json\/wp\/v2\/users\/12"}],"replies":[{"embeddable":true,"href":"https:\/\/raed.academy\/ca\/wp-json\/wp\/v2\/comments?post=71506"}],"version-history":[{"count":0,"href":"https:\/\/raed.academy\/ca\/wp-json\/wp\/v2\/posts\/71506\/revisions"}],"wp:featuredmedia":[{"embeddable":true,"href":"https:\/\/raed.academy\/ca\/wp-json\/wp\/v2\/media\/71529"}],"wp:attachment":[{"href":"https:\/\/raed.academy\/ca\/wp-json\/wp\/v2\/media?parent=71506"}],"wp:term":[{"taxonomy":"category","embeddable":true,"href":"https:\/\/raed.academy\/ca\/wp-json\/wp\/v2\/categories?post=71506"},{"taxonomy":"post_tag","embeddable":true,"href":"https:\/\/raed.academy\/ca\/wp-json\/wp\/v2\/tags?post=71506"}],"curies":[{"name":"wp","href":"https:\/\/api.w.org\/{rel}","templated":true}]}}