{"id":71462,"date":"2019-05-08T09:56:51","date_gmt":"2019-05-08T09:56:51","guid":{"rendered":"https:\/\/raed.academy\/?p=71462"},"modified":"2019-05-10T15:48:42","modified_gmt":"2019-05-10T15:48:42","slug":"de-la-teoria-del-estado-a-la-administracion-publica-enrique-sada","status":"publish","type":"post","link":"https:\/\/raed.academy\/ca\/de-la-teoria-del-estado-a-la-administracion-publica-enrique-sada\/","title":{"rendered":"La construcci\u00f3 de l&#8217;Estat"},"content":{"rendered":"<p><img loading=\"lazy\" decoding=\"async\" class=\"alignright wp-image-71633 size-full\" src=\"https:\/\/raed.academy\/wp-content\/uploads\/2019\/05\/De-la-Teoria-del-Estado-a-la-Administracion-Publica-ilustracion.jpg\" alt=\"Ilustraci\u00f3n de &quot;De la Teor\u00eda del Estado a la Administraci\u00f3n P\u00fablica&quot; de Enrique Sada\" width=\"600\" height=\"668\" \/>L&#8217;historiador mexic\u00e0 <strong>Enrique Sada<\/strong>, col\u00b7laborador habitual de la <strong>Reial Acad\u00e8mia Europea de Doctors-Barcelona 1914<\/strong> (RAED), ha presentat l&#8217;estudi <strong>&#8220;De la Teor\u00eda del Estado a la Administraci\u00f3n P\u00fablica&#8221;<\/strong>, que publicar\u00e0 al seu proper n\u00famero <strong>&#8220;Tribuna Plural&#8221;<\/strong>, la revista cient\u00edfica de l&#8217;Acad\u00e8mia. Al seu treball, Sada tra\u00e7a l&#8217;evoluci\u00f3 de l&#8217;organitzaci\u00f3 de l&#8217;Estat i l&#8217;Administraci\u00f3 P\u00fablica des de la seva formulaci\u00f3 als regnes medievals fins a la constituci\u00f3 dels Estats Units Mexicans ja al segle XIX, analitzant els diferents corrents de pensament i els models d&#8217;organitzaci\u00f3 pol\u00edtica que s&#8217;han succe\u00eft al llarg de la hist\u00f2ria.<\/p>\n<p>&#8220;Per fer aquesta an\u00e0lisi, en primer lloc hem de reflexionar sobre la gestaci\u00f3 i evoluci\u00f3 que d&#8217;alguna manera ha vingut a succeir-se en l&#8217;Estat Modern, tal com el coneixem, tant pel que fa al desenvolupament de les seves pr\u00f2pies pautes com a la seva interrelaci\u00f3 amb altres elements externs com el s\u00f3n les figures p\u00fabliques i el seu estil personal de governar. De la mateixa forma que la seva interrelaci\u00f3 amb altres inst\u00e0ncies alternes, no del tot governamentals, i fins i tot altres estaments. En segon lloc es reprendr\u00e0 tamb\u00e9 la interrelaci\u00f3 que per naturalesa hi entre els ciutadans i l&#8217;Estat naci\u00f3 a qu\u00e8 es pertany, tal com la necessitat intr\u00ednseca del govern darrere de legitimar-se per mitj\u00e0 de l&#8217;exercici del poder&#8221;, considera Sada a l&#8217;inici del seu estudi.<\/p>\n<p>L&#8217;historiador s&#8217;atura tamb\u00e9 en les estructures supranacionals que es van formar al voltant de certs imperis o regnes i fins i tot de l&#8217;Esgl\u00e9sia , i com aix\u00f2 va derivar en un debat alhora legal i religi\u00f3s. &#8220;Despr\u00e9s de la creaci\u00f3 de les anomenades esgl\u00e9sies luterana i anglicana, l&#8217;esgl\u00e9sia cat\u00f2lica va viure una etapa en qu\u00e8 es va q\u00fcestionar fortament la seva legitimitat com a autoritat supranacional, pauta en la qual a partir de l&#8217;\u00e8poca i influ\u00e8ncia en que el pensament d&#8217;autoritats en la mat\u00e8ria com <strong>Erasme de Rotterdam<\/strong> o <strong>Sant Thomas More<\/strong> es va xocar de front amb les pretensions omn\u00edmodes i estatistes de <strong>Luter<\/strong>, <strong>Calvino<\/strong> i <strong>Enric VIII<\/strong>, que afalagant l&#8217;ambici\u00f3 dels pr\u00ednceps del seu temps, van intentar de vendre la idea de com de convenient resulta per al governant la concentraci\u00f3 del poder absolut -temporal i espiritual- en una sola figura r\u00e8gia, de la mateixa manera que el &#8216;rex et sacerdos&#8217; de la protohist\u00f2ria pagana, encara dotant-la d&#8217;un mat\u00eds on s&#8217;emfatitzava la preponder\u00e0ncia del sentiment nacionalista a ultran\u00e7a&#8221;, explica.<\/p>\n<div id=\"attachment_52794\" style=\"width: 152px\" class=\"wp-caption alignleft\"><img loading=\"lazy\" decoding=\"async\" aria-describedby=\"caption-attachment-52794\" class=\"wp-image-52794 size-full\" src=\"https:\/\/raed.academy\/wp-content\/uploads\/2017\/10\/Enrique-Sada.jpg\" alt=\"Enrique Sada Sandoval\" width=\"142\" height=\"197\" \/><p id=\"caption-attachment-52794\" class=\"wp-caption-text\">Enrique Sada Sandoval<\/p><\/div>\n<p>Sada tamb\u00e9 analitza el paper moral de l&#8217;Estat i la seva funci\u00f3 com a garant de les llibertats individuals. &#8220;L&#8217;acci\u00f3 pol\u00edtica, com tota activitat provinent de l&#8217;home, no pot estar exempta de la seva corresponent ponderaci\u00f3 moral davant la societat en general o davant la consci\u00e8ncia del propi individu, de manera que un acte pol\u00edtic pot arribar a ser definit com a correcte o incorrecte, segons conflueixin en ell determinats fins, mitjans o circumst\u00e0ncies, totes encaminades a la conquesta definitiva d&#8217;un b\u00e9 suprem, segons s&#8217;infereix&#8221;, afegeix.<\/p>\n<p>Per concloure en la definici\u00f3 d&#8217;Estat com &#8220;aquella organitzaci\u00f3 corresponent a determinat grup d&#8217;individus, assentats des temps determinat en un territori despr\u00e9s d&#8217;haver constitu\u00eft un ordre jur\u00eddic que es constitueix a si mateix gr\u00e0cies a la designaci\u00f3 d&#8217;una assemblea o cos de funcionaris, generalment electe pels mateixos, amb la finalitat de garantir mitjan\u00e7ant l&#8217;exercici del comandament suprem la continu\u00eftat transgeneracional del que es defineix clarament com la instauraci\u00f3 del poder p\u00fablic, despr\u00e9s de la consolidaci\u00f3 d&#8217;una autoritat visible que de manera aut\u00f2noma, jerarquitzada i centralitzada, tendeix a vetllar per la preservaci\u00f3 del b\u00e9 com\u00fa&#8221;.<\/p>\n<h3><a href=\"https:\/\/raed.academy\/wp-content\/uploads\/2019\/05\/Enrique-Sada-Sandoval-De-la-Teoria-del-Estado-a-la-Administracion-Publica-compr.pdf\" target=\"_blank\" rel=\"noopener noreferrer\">Document complet<\/a><\/h3>\n\n\t\t<style type=\"text\/css\">\n\t\t\t#gallery-1 {\n\t\t\t\tmargin: auto;\n\t\t\t}\n\t\t\t#gallery-1 .gallery-item {\n\t\t\t\tfloat: left;\n\t\t\t\tmargin-top: 10px;\n\t\t\t\ttext-align: center;\n\t\t\t\twidth: 50%;\n\t\t\t}\n\t\t\t#gallery-1 img {\n\t\t\t\tborder: 2px solid #cfcfcf;\n\t\t\t}\n\t\t\t#gallery-1 .gallery-caption {\n\t\t\t\tmargin-left: 0;\n\t\t\t}\n\t\t\t\/* see gallery_shortcode() in wp-includes\/media.php *\/\n\t\t<\/style>\n\t\t<div id='gallery-1' class='gallery galleryid-71462 gallery-columns-2 gallery-size-medium'><dl class='gallery-item'>\n\t\t\t<dt class='gallery-icon landscape'>\n\t\t\t\t<a href='https:\/\/raed.academy\/wp-content\/uploads\/2019\/05\/De-la-Teoria-del-Estado-a-la-Administracion-Publica.jpg'><img loading=\"lazy\" decoding=\"async\" width=\"1000\" height=\"582\" src=\"https:\/\/raed.academy\/wp-content\/uploads\/2019\/05\/De-la-Teoria-del-Estado-a-la-Administracion-Publica.jpg\" class=\"attachment-medium size-medium\" alt=\"\" srcset=\"https:\/\/raed.academy\/wp-content\/uploads\/2019\/05\/De-la-Teoria-del-Estado-a-la-Administracion-Publica.jpg 1000w, https:\/\/raed.academy\/wp-content\/uploads\/2019\/05\/De-la-Teoria-del-Estado-a-la-Administracion-Publica-768x447.jpg 768w\" sizes=\"(max-width: 1000px) 100vw, 1000px\" \/><\/a>\n\t\t\t<\/dt><\/dl><dl class='gallery-item'>\n\t\t\t<dt class='gallery-icon landscape'>\n\t\t\t\t<a href='https:\/\/raed.academy\/wp-content\/uploads\/2019\/05\/De-la-Teoria-del-Estado-a-la-Administracion-Publica-dstNtc.jpg'><img loading=\"lazy\" decoding=\"async\" width=\"1000\" height=\"582\" src=\"https:\/\/raed.academy\/wp-content\/uploads\/2019\/05\/De-la-Teoria-del-Estado-a-la-Administracion-Publica-dstNtc.jpg\" class=\"attachment-medium size-medium\" alt=\"Trabajo de Enrique Sada: &quot;De la Teor\u00eda del Estado a la Administraci\u00f3n P\u00fablica&quot;\" srcset=\"https:\/\/raed.academy\/wp-content\/uploads\/2019\/05\/De-la-Teoria-del-Estado-a-la-Administracion-Publica-dstNtc.jpg 1000w, https:\/\/raed.academy\/wp-content\/uploads\/2019\/05\/De-la-Teoria-del-Estado-a-la-Administracion-Publica-dstNtc-768x447.jpg 768w\" sizes=\"(max-width: 1000px) 100vw, 1000px\" \/><\/a>\n\t\t\t<\/dt><\/dl><br style=\"clear: both\" \/>\n\t\t<\/div>\n\n","protected":false},"excerpt":{"rendered":"<p>L&#8217;historiador mexic\u00e0 Enrique Sada, col\u00b7laborador habitual de la Reial Acad\u00e8mia Europea de Doctors-Barcelona 1914 (RAED), ha presentat l&#8217;estudi &#8220;De la Teor\u00eda del Estado a la Administraci\u00f3n P\u00fablica&#8221;, que publicar\u00e0 al seu proper n\u00famero &#8220;Tribuna Plural&#8221;, la revista cient\u00edfica de l&#8217;Acad\u00e8mia. Al seu treball, Sada tra\u00e7a l&#8217;evoluci\u00f3 de l&#8217;organitzaci\u00f3 de l&#8217;Estat i l&#8217;Administraci\u00f3 P\u00fablica des de [&hellip;]<\/p>\n","protected":false},"author":12,"featured_media":71631,"comment_status":"closed","ping_status":"closed","sticky":false,"template":"","format":"standard","meta":{"_et_pb_use_builder":"","_et_pb_old_content":"","_et_gb_content_width":"","footnotes":""},"categories":[242],"tags":[],"class_list":["post-71462","post","type-post","status-publish","format-standard","has-post-thumbnail","hentry","category-categ-historia","et-has-post-format-content","et_post_format-et-post-format-standard"],"yoast_head":"<!-- This site is optimized with the Yoast SEO plugin v27.4 - https:\/\/yoast.com\/product\/yoast-seo-wordpress\/ -->\n<title>La construcci\u00f3 de l&#039;Estat - Reial Acad\u00e8mia Europea de Doctors<\/title>\n<meta name=\"robots\" content=\"index, follow, max-snippet:-1, max-image-preview:large, max-video-preview:-1\" \/>\n<link rel=\"canonical\" href=\"https:\/\/raed.academy\/ca\/de-la-teoria-del-estado-a-la-administracion-publica-enrique-sada\/\" \/>\n<meta property=\"og:locale\" content=\"ca_ES\" \/>\n<meta property=\"og:type\" content=\"article\" \/>\n<meta property=\"og:title\" content=\"La construcci\u00f3 de l&#039;Estat - Reial Acad\u00e8mia Europea de Doctors\" \/>\n<meta property=\"og:description\" content=\"L&#8217;historiador mexic\u00e0 Enrique Sada, col\u00b7laborador habitual de la Reial Acad\u00e8mia Europea de Doctors-Barcelona 1914 (RAED), ha presentat l&#8217;estudi &#8220;De la Teor\u00eda del Estado a la Administraci\u00f3n P\u00fablica&#8221;, que publicar\u00e0 al seu proper n\u00famero &#8220;Tribuna Plural&#8221;, la revista cient\u00edfica de l&#8217;Acad\u00e8mia. Al seu treball, Sada tra\u00e7a l&#8217;evoluci\u00f3 de l&#8217;organitzaci\u00f3 de l&#8217;Estat i l&#8217;Administraci\u00f3 P\u00fablica des de [&hellip;]\" \/>\n<meta property=\"og:url\" content=\"https:\/\/raed.academy\/ca\/de-la-teoria-del-estado-a-la-administracion-publica-enrique-sada\/\" \/>\n<meta property=\"og:site_name\" content=\"Reial Acad\u00e8mia Europea de Doctors\" \/>\n<meta property=\"article:publisher\" content=\"http:\/\/fb.me\/raed.academy\" \/>\n<meta property=\"article:published_time\" content=\"2019-05-08T09:56:51+00:00\" \/>\n<meta property=\"article:modified_time\" content=\"2019-05-10T15:48:42+00:00\" \/>\n<meta property=\"og:image\" content=\"https:\/\/raed.academy\/wp-content\/uploads\/2019\/05\/De-la-Teoria-del-Estado-a-la-Administracion-Publica-dstNtc.jpg\" \/>\n\t<meta property=\"og:image:width\" content=\"1000\" \/>\n\t<meta property=\"og:image:height\" content=\"582\" \/>\n\t<meta property=\"og:image:type\" content=\"image\/jpeg\" \/>\n<meta name=\"author\" content=\"RAED\" \/>\n<meta name=\"twitter:card\" content=\"summary_large_image\" \/>\n<meta name=\"twitter:creator\" content=\"@raedacademy\" \/>\n<meta name=\"twitter:site\" content=\"@raedacademy\" \/>\n<meta name=\"twitter:label1\" content=\"Written by\" \/>\n\t<meta name=\"twitter:data1\" content=\"RAED\" \/>\n\t<meta name=\"twitter:label2\" content=\"Est. reading time\" \/>\n\t<meta name=\"twitter:data2\" content=\"3 minutes\" \/>\n<script type=\"application\/ld+json\" class=\"yoast-schema-graph\">{\"@context\":\"https:\\\/\\\/schema.org\",\"@graph\":[{\"@type\":\"Article\",\"@id\":\"https:\\\/\\\/raed.academy\\\/ca\\\/de-la-teoria-del-estado-a-la-administracion-publica-enrique-sada\\\/#article\",\"isPartOf\":{\"@id\":\"https:\\\/\\\/raed.academy\\\/ca\\\/de-la-teoria-del-estado-a-la-administracion-publica-enrique-sada\\\/\"},\"author\":{\"name\":\"RAED\",\"@id\":\"https:\\\/\\\/raed.academy\\\/ca\\\/#\\\/schema\\\/person\\\/5a755da80d1d979fd66ba745c8702927\"},\"headline\":\"La construcci\u00f3 de l&#8217;Estat\",\"datePublished\":\"2019-05-08T09:56:51+00:00\",\"dateModified\":\"2019-05-10T15:48:42+00:00\",\"mainEntityOfPage\":{\"@id\":\"https:\\\/\\\/raed.academy\\\/ca\\\/de-la-teoria-del-estado-a-la-administracion-publica-enrique-sada\\\/\"},\"wordCount\":679,\"publisher\":{\"@id\":\"https:\\\/\\\/raed.academy\\\/ca\\\/#organization\"},\"image\":{\"@id\":\"https:\\\/\\\/raed.academy\\\/ca\\\/de-la-teoria-del-estado-a-la-administracion-publica-enrique-sada\\\/#primaryimage\"},\"thumbnailUrl\":\"https:\\\/\\\/raed.academy\\\/wp-content\\\/uploads\\\/2019\\\/05\\\/De-la-Teoria-del-Estado-a-la-Administracion-Publica-dstNtc.jpg\",\"articleSection\":[\"Hist\u00f2ria\"],\"inLanguage\":\"ca-ES\"},{\"@type\":\"WebPage\",\"@id\":\"https:\\\/\\\/raed.academy\\\/ca\\\/de-la-teoria-del-estado-a-la-administracion-publica-enrique-sada\\\/\",\"url\":\"https:\\\/\\\/raed.academy\\\/ca\\\/de-la-teoria-del-estado-a-la-administracion-publica-enrique-sada\\\/\",\"name\":\"La construcci\u00f3 de l'Estat - Reial Acad\u00e8mia Europea de Doctors\",\"isPartOf\":{\"@id\":\"https:\\\/\\\/raed.academy\\\/ca\\\/#website\"},\"primaryImageOfPage\":{\"@id\":\"https:\\\/\\\/raed.academy\\\/ca\\\/de-la-teoria-del-estado-a-la-administracion-publica-enrique-sada\\\/#primaryimage\"},\"image\":{\"@id\":\"https:\\\/\\\/raed.academy\\\/ca\\\/de-la-teoria-del-estado-a-la-administracion-publica-enrique-sada\\\/#primaryimage\"},\"thumbnailUrl\":\"https:\\\/\\\/raed.academy\\\/wp-content\\\/uploads\\\/2019\\\/05\\\/De-la-Teoria-del-Estado-a-la-Administracion-Publica-dstNtc.jpg\",\"datePublished\":\"2019-05-08T09:56:51+00:00\",\"dateModified\":\"2019-05-10T15:48:42+00:00\",\"breadcrumb\":{\"@id\":\"https:\\\/\\\/raed.academy\\\/ca\\\/de-la-teoria-del-estado-a-la-administracion-publica-enrique-sada\\\/#breadcrumb\"},\"inLanguage\":\"ca-ES\",\"potentialAction\":[{\"@type\":\"ReadAction\",\"target\":[\"https:\\\/\\\/raed.academy\\\/ca\\\/de-la-teoria-del-estado-a-la-administracion-publica-enrique-sada\\\/\"]}]},{\"@type\":\"ImageObject\",\"inLanguage\":\"ca-ES\",\"@id\":\"https:\\\/\\\/raed.academy\\\/ca\\\/de-la-teoria-del-estado-a-la-administracion-publica-enrique-sada\\\/#primaryimage\",\"url\":\"https:\\\/\\\/raed.academy\\\/wp-content\\\/uploads\\\/2019\\\/05\\\/De-la-Teoria-del-Estado-a-la-Administracion-Publica-dstNtc.jpg\",\"contentUrl\":\"https:\\\/\\\/raed.academy\\\/wp-content\\\/uploads\\\/2019\\\/05\\\/De-la-Teoria-del-Estado-a-la-Administracion-Publica-dstNtc.jpg\",\"width\":1000,\"height\":582,\"caption\":\"Trabajo de Enrique Sada: \\\"De la Teor\u00eda del Estado a la Administraci\u00f3n P\u00fablica\\\"\"},{\"@type\":\"BreadcrumbList\",\"@id\":\"https:\\\/\\\/raed.academy\\\/ca\\\/de-la-teoria-del-estado-a-la-administracion-publica-enrique-sada\\\/#breadcrumb\",\"itemListElement\":[{\"@type\":\"ListItem\",\"position\":1,\"name\":\"Inicio\",\"item\":\"https:\\\/\\\/raed.academy\\\/ca\\\/\"},{\"@type\":\"ListItem\",\"position\":2,\"name\":\"La construcci\u00f3 de l&#8217;Estat\"}]},{\"@type\":\"WebSite\",\"@id\":\"https:\\\/\\\/raed.academy\\\/ca\\\/#website\",\"url\":\"https:\\\/\\\/raed.academy\\\/ca\\\/\",\"name\":\"Reial Acad\u00e8mia Europea de Doctors\",\"description\":\"Corporaci\u00f3n de derecho p\u00fablico de car\u00e1cter cient\u00edfico, t\u00e9cnico y art\u00edstico, que tiene por objeto la investigaci\u00f3n, el estudio, el fomento y la extensi\u00f3n del conocimiento en su sentido m\u00e1s amplio\",\"publisher\":{\"@id\":\"https:\\\/\\\/raed.academy\\\/ca\\\/#organization\"},\"potentialAction\":[{\"@type\":\"SearchAction\",\"target\":{\"@type\":\"EntryPoint\",\"urlTemplate\":\"https:\\\/\\\/raed.academy\\\/ca\\\/?s={search_term_string}\"},\"query-input\":{\"@type\":\"PropertyValueSpecification\",\"valueRequired\":true,\"valueName\":\"search_term_string\"}}],\"inLanguage\":\"ca-ES\"},{\"@type\":\"Organization\",\"@id\":\"https:\\\/\\\/raed.academy\\\/ca\\\/#organization\",\"name\":\"Real Academia Europea de Doctores\",\"url\":\"https:\\\/\\\/raed.academy\\\/ca\\\/\",\"logo\":{\"@type\":\"ImageObject\",\"inLanguage\":\"ca-ES\",\"@id\":\"https:\\\/\\\/raed.academy\\\/ca\\\/#\\\/schema\\\/logo\\\/image\\\/\",\"url\":\"https:\\\/\\\/raed.academy\\\/wp-content\\\/uploads\\\/2017\\\/01\\\/cropped-logo_raed.png\",\"contentUrl\":\"https:\\\/\\\/raed.academy\\\/wp-content\\\/uploads\\\/2017\\\/01\\\/cropped-logo_raed.png\",\"width\":512,\"height\":512,\"caption\":\"Real Academia Europea de Doctores\"},\"image\":{\"@id\":\"https:\\\/\\\/raed.academy\\\/ca\\\/#\\\/schema\\\/logo\\\/image\\\/\"},\"sameAs\":[\"http:\\\/\\\/fb.me\\\/raed.academy\",\"https:\\\/\\\/x.com\\\/raedacademy\",\"https:\\\/\\\/www.instagram.com\\\/raed.academy\\\/\",\"https:\\\/\\\/www.youtube.com\\\/channel\\\/UCUYQwW2KrdirNWihxMDObwg\"]},{\"@type\":\"Person\",\"@id\":\"https:\\\/\\\/raed.academy\\\/ca\\\/#\\\/schema\\\/person\\\/5a755da80d1d979fd66ba745c8702927\",\"name\":\"RAED\",\"image\":{\"@type\":\"ImageObject\",\"inLanguage\":\"ca-ES\",\"@id\":\"https:\\\/\\\/secure.gravatar.com\\\/avatar\\\/19fdfdc0d67fb9c45714b703a2ac82251c4fcea3637f002ac3c9b74c0183583c?s=96&d=mm&r=g\",\"url\":\"https:\\\/\\\/secure.gravatar.com\\\/avatar\\\/19fdfdc0d67fb9c45714b703a2ac82251c4fcea3637f002ac3c9b74c0183583c?s=96&d=mm&r=g\",\"contentUrl\":\"https:\\\/\\\/secure.gravatar.com\\\/avatar\\\/19fdfdc0d67fb9c45714b703a2ac82251c4fcea3637f002ac3c9b74c0183583c?s=96&d=mm&r=g\",\"caption\":\"RAED\"}}]}<\/script>\n<!-- \/ Yoast SEO plugin. -->","yoast_head_json":{"title":"La construcci\u00f3 de l'Estat - Reial Acad\u00e8mia Europea de Doctors","robots":{"index":"index","follow":"follow","max-snippet":"max-snippet:-1","max-image-preview":"max-image-preview:large","max-video-preview":"max-video-preview:-1"},"canonical":"https:\/\/raed.academy\/ca\/de-la-teoria-del-estado-a-la-administracion-publica-enrique-sada\/","og_locale":"ca_ES","og_type":"article","og_title":"La construcci\u00f3 de l'Estat - Reial Acad\u00e8mia Europea de Doctors","og_description":"L&#8217;historiador mexic\u00e0 Enrique Sada, col\u00b7laborador habitual de la Reial Acad\u00e8mia Europea de Doctors-Barcelona 1914 (RAED), ha presentat l&#8217;estudi &#8220;De la Teor\u00eda del Estado a la Administraci\u00f3n P\u00fablica&#8221;, que publicar\u00e0 al seu proper n\u00famero &#8220;Tribuna Plural&#8221;, la revista cient\u00edfica de l&#8217;Acad\u00e8mia. Al seu treball, Sada tra\u00e7a l&#8217;evoluci\u00f3 de l&#8217;organitzaci\u00f3 de l&#8217;Estat i l&#8217;Administraci\u00f3 P\u00fablica des de [&hellip;]","og_url":"https:\/\/raed.academy\/ca\/de-la-teoria-del-estado-a-la-administracion-publica-enrique-sada\/","og_site_name":"Reial Acad\u00e8mia Europea de Doctors","article_publisher":"http:\/\/fb.me\/raed.academy","article_published_time":"2019-05-08T09:56:51+00:00","article_modified_time":"2019-05-10T15:48:42+00:00","og_image":[{"width":1000,"height":582,"url":"https:\/\/raed.academy\/wp-content\/uploads\/2019\/05\/De-la-Teoria-del-Estado-a-la-Administracion-Publica-dstNtc.jpg","type":"image\/jpeg"}],"author":"RAED","twitter_card":"summary_large_image","twitter_creator":"@raedacademy","twitter_site":"@raedacademy","twitter_misc":{"Written by":"RAED","Est. reading time":"3 minutes"},"schema":{"@context":"https:\/\/schema.org","@graph":[{"@type":"Article","@id":"https:\/\/raed.academy\/ca\/de-la-teoria-del-estado-a-la-administracion-publica-enrique-sada\/#article","isPartOf":{"@id":"https:\/\/raed.academy\/ca\/de-la-teoria-del-estado-a-la-administracion-publica-enrique-sada\/"},"author":{"name":"RAED","@id":"https:\/\/raed.academy\/ca\/#\/schema\/person\/5a755da80d1d979fd66ba745c8702927"},"headline":"La construcci\u00f3 de l&#8217;Estat","datePublished":"2019-05-08T09:56:51+00:00","dateModified":"2019-05-10T15:48:42+00:00","mainEntityOfPage":{"@id":"https:\/\/raed.academy\/ca\/de-la-teoria-del-estado-a-la-administracion-publica-enrique-sada\/"},"wordCount":679,"publisher":{"@id":"https:\/\/raed.academy\/ca\/#organization"},"image":{"@id":"https:\/\/raed.academy\/ca\/de-la-teoria-del-estado-a-la-administracion-publica-enrique-sada\/#primaryimage"},"thumbnailUrl":"https:\/\/raed.academy\/wp-content\/uploads\/2019\/05\/De-la-Teoria-del-Estado-a-la-Administracion-Publica-dstNtc.jpg","articleSection":["Hist\u00f2ria"],"inLanguage":"ca-ES"},{"@type":"WebPage","@id":"https:\/\/raed.academy\/ca\/de-la-teoria-del-estado-a-la-administracion-publica-enrique-sada\/","url":"https:\/\/raed.academy\/ca\/de-la-teoria-del-estado-a-la-administracion-publica-enrique-sada\/","name":"La construcci\u00f3 de l'Estat - Reial Acad\u00e8mia Europea de Doctors","isPartOf":{"@id":"https:\/\/raed.academy\/ca\/#website"},"primaryImageOfPage":{"@id":"https:\/\/raed.academy\/ca\/de-la-teoria-del-estado-a-la-administracion-publica-enrique-sada\/#primaryimage"},"image":{"@id":"https:\/\/raed.academy\/ca\/de-la-teoria-del-estado-a-la-administracion-publica-enrique-sada\/#primaryimage"},"thumbnailUrl":"https:\/\/raed.academy\/wp-content\/uploads\/2019\/05\/De-la-Teoria-del-Estado-a-la-Administracion-Publica-dstNtc.jpg","datePublished":"2019-05-08T09:56:51+00:00","dateModified":"2019-05-10T15:48:42+00:00","breadcrumb":{"@id":"https:\/\/raed.academy\/ca\/de-la-teoria-del-estado-a-la-administracion-publica-enrique-sada\/#breadcrumb"},"inLanguage":"ca-ES","potentialAction":[{"@type":"ReadAction","target":["https:\/\/raed.academy\/ca\/de-la-teoria-del-estado-a-la-administracion-publica-enrique-sada\/"]}]},{"@type":"ImageObject","inLanguage":"ca-ES","@id":"https:\/\/raed.academy\/ca\/de-la-teoria-del-estado-a-la-administracion-publica-enrique-sada\/#primaryimage","url":"https:\/\/raed.academy\/wp-content\/uploads\/2019\/05\/De-la-Teoria-del-Estado-a-la-Administracion-Publica-dstNtc.jpg","contentUrl":"https:\/\/raed.academy\/wp-content\/uploads\/2019\/05\/De-la-Teoria-del-Estado-a-la-Administracion-Publica-dstNtc.jpg","width":1000,"height":582,"caption":"Trabajo de Enrique Sada: \"De la Teor\u00eda del Estado a la Administraci\u00f3n P\u00fablica\""},{"@type":"BreadcrumbList","@id":"https:\/\/raed.academy\/ca\/de-la-teoria-del-estado-a-la-administracion-publica-enrique-sada\/#breadcrumb","itemListElement":[{"@type":"ListItem","position":1,"name":"Inicio","item":"https:\/\/raed.academy\/ca\/"},{"@type":"ListItem","position":2,"name":"La construcci\u00f3 de l&#8217;Estat"}]},{"@type":"WebSite","@id":"https:\/\/raed.academy\/ca\/#website","url":"https:\/\/raed.academy\/ca\/","name":"Reial Acad\u00e8mia Europea de Doctors","description":"Corporaci\u00f3n de derecho p\u00fablico de car\u00e1cter cient\u00edfico, t\u00e9cnico y art\u00edstico, que tiene por objeto la investigaci\u00f3n, el estudio, el fomento y la extensi\u00f3n del conocimiento en su sentido m\u00e1s amplio","publisher":{"@id":"https:\/\/raed.academy\/ca\/#organization"},"potentialAction":[{"@type":"SearchAction","target":{"@type":"EntryPoint","urlTemplate":"https:\/\/raed.academy\/ca\/?s={search_term_string}"},"query-input":{"@type":"PropertyValueSpecification","valueRequired":true,"valueName":"search_term_string"}}],"inLanguage":"ca-ES"},{"@type":"Organization","@id":"https:\/\/raed.academy\/ca\/#organization","name":"Real Academia Europea de Doctores","url":"https:\/\/raed.academy\/ca\/","logo":{"@type":"ImageObject","inLanguage":"ca-ES","@id":"https:\/\/raed.academy\/ca\/#\/schema\/logo\/image\/","url":"https:\/\/raed.academy\/wp-content\/uploads\/2017\/01\/cropped-logo_raed.png","contentUrl":"https:\/\/raed.academy\/wp-content\/uploads\/2017\/01\/cropped-logo_raed.png","width":512,"height":512,"caption":"Real Academia Europea de Doctores"},"image":{"@id":"https:\/\/raed.academy\/ca\/#\/schema\/logo\/image\/"},"sameAs":["http:\/\/fb.me\/raed.academy","https:\/\/x.com\/raedacademy","https:\/\/www.instagram.com\/raed.academy\/","https:\/\/www.youtube.com\/channel\/UCUYQwW2KrdirNWihxMDObwg"]},{"@type":"Person","@id":"https:\/\/raed.academy\/ca\/#\/schema\/person\/5a755da80d1d979fd66ba745c8702927","name":"RAED","image":{"@type":"ImageObject","inLanguage":"ca-ES","@id":"https:\/\/secure.gravatar.com\/avatar\/19fdfdc0d67fb9c45714b703a2ac82251c4fcea3637f002ac3c9b74c0183583c?s=96&d=mm&r=g","url":"https:\/\/secure.gravatar.com\/avatar\/19fdfdc0d67fb9c45714b703a2ac82251c4fcea3637f002ac3c9b74c0183583c?s=96&d=mm&r=g","contentUrl":"https:\/\/secure.gravatar.com\/avatar\/19fdfdc0d67fb9c45714b703a2ac82251c4fcea3637f002ac3c9b74c0183583c?s=96&d=mm&r=g","caption":"RAED"}}]}},"_links":{"self":[{"href":"https:\/\/raed.academy\/ca\/wp-json\/wp\/v2\/posts\/71462","targetHints":{"allow":["GET"]}}],"collection":[{"href":"https:\/\/raed.academy\/ca\/wp-json\/wp\/v2\/posts"}],"about":[{"href":"https:\/\/raed.academy\/ca\/wp-json\/wp\/v2\/types\/post"}],"author":[{"embeddable":true,"href":"https:\/\/raed.academy\/ca\/wp-json\/wp\/v2\/users\/12"}],"replies":[{"embeddable":true,"href":"https:\/\/raed.academy\/ca\/wp-json\/wp\/v2\/comments?post=71462"}],"version-history":[{"count":0,"href":"https:\/\/raed.academy\/ca\/wp-json\/wp\/v2\/posts\/71462\/revisions"}],"wp:featuredmedia":[{"embeddable":true,"href":"https:\/\/raed.academy\/ca\/wp-json\/wp\/v2\/media\/71631"}],"wp:attachment":[{"href":"https:\/\/raed.academy\/ca\/wp-json\/wp\/v2\/media?parent=71462"}],"wp:term":[{"taxonomy":"category","embeddable":true,"href":"https:\/\/raed.academy\/ca\/wp-json\/wp\/v2\/categories?post=71462"},{"taxonomy":"post_tag","embeddable":true,"href":"https:\/\/raed.academy\/ca\/wp-json\/wp\/v2\/tags?post=71462"}],"curies":[{"name":"wp","href":"https:\/\/api.w.org\/{rel}","templated":true}]}}