{"id":70373,"date":"2019-04-10T18:06:51","date_gmt":"2019-04-10T18:06:51","guid":{"rendered":"https:\/\/raed.academy\/?p=70373"},"modified":"2019-04-16T07:56:00","modified_gmt":"2019-04-16T07:56:00","slug":"realitat-virtual-i-realitat-augmentada","status":"publish","type":"post","link":"https:\/\/raed.academy\/ca\/realitat-virtual-i-realitat-augmentada\/","title":{"rendered":"Realitat virtual i realitat augmentada"},"content":{"rendered":"<h2>Jaume Armengou impulsa un debat sobre les tecnologies que estan canviant la nostra visi\u00f3 del m\u00f3n<\/h2>\n<p><a href=\"https:\/\/raed.academy\/ca\/academics\/dr-jaume-armengou-orus\/\" target=\"_blank\" rel=\"noopener noreferrer\"><strong>Jaume Armengou<\/strong><\/a>, secretari general d&#8217;Escola de Negocis <a href=\"http:\/\/www.iese.edu\" target=\"_blank\" rel=\"noopener noreferrer\"><strong>IESE<\/strong> <\/a>i acad\u00e8mic de n\u00famero i president de la Secci\u00f3 de Ci\u00e8ncies Tecnol\u00f2giques de la <strong>Reial Acad\u00e8mia Europea de Doctors-Barcelona 1914<\/strong> (RAED), va impulsar la confer\u00e8ncia-col\u00b7loqui: &#8220;<strong>The Current State of Play in Augmented and Virtual Reality; the Mirrorworld in the Making&#8221;<\/strong>, organitzada per IESE el passat 4 d&#8217;abril a Barcelona per analitzar el present i el futur de dues tecnologies que estan marcant els nostres dies: la realitat virtual i la realitat augmentada. La sessi\u00f3 va comptar amb la participaci\u00f3 de <strong>Jes\u00fas Mart\u00edn Recuero<\/strong>, m\u00e0nager d&#8217;Aliances Estrat\u00e8giques de <a href=\"https:\/\/www.samsung.com\" target=\"_blank\" rel=\"noopener noreferrer\"><strong>Samsung Iberia<\/strong><\/a>, i <strong>Ievgueni K\u00e0ganer<\/strong>, professor d&#8217;IESE. La RAED va estar representada per <strong>Cecilia Kindelan<\/strong>, membre de l&#8217;<strong>Institut de Cooperaci\u00f3 Internacional<\/strong>, els acad\u00e8mics de n\u00famero <a href=\"https:\/\/raed.academy\/ca\/academics\/dr-pau-umbert-millet\/\" target=\"_blank\" rel=\"noopener noreferrer\"><strong>Pau Umbert<\/strong><\/a> i <a href=\"https:\/\/raed.academy\/ca\/academics\/dr-jose-ramon-calvo-fernandez\/\" target=\"_blank\" rel=\"noopener noreferrer\"><strong>Jos\u00e9 Ram\u00f3n Calvo<\/strong><\/a>, l&#8217;acad\u00e8mica corresponent electa <strong>Shihua Peng Liu<\/strong> i l&#8217;acad\u00e8mic d&#8217;honor <a href=\"https:\/\/raed.academy\/ca\/academics\/naohito-watanabe\/\" target=\"_blank\" rel=\"noopener noreferrer\"><strong>Naohito Watanabe<\/strong><\/a>.<\/p>\n<p>&#8220;El futur de les comunicacions passa per emular experi\u00e8ncies de la vida real. \u00bfS&#8217;imaginen viure des de dins una pel\u00b7l\u00edcula de terror, viatjar a l&#8217;antiga Roma, identificar patologies amb unes simples ulleres o ser present en concerts de m\u00fasica a milers de quil\u00f2metres de dist\u00e0ncia? Doncs est\u00e0 passant&#8221;, va iniciar la seva intervenci\u00f3 Mart\u00edn Recuero. &#8220;La realitat virtual est\u00e0 arribant i cada vegada \u00e9s m\u00e9s i m\u00e9s gran. Volem convertir els usuaris en superusuaris. Volem fer-ho possible&#8221;, va afegir. En la mateixa l\u00ednia, K\u00e0ganer va apuntar que els an\u00e0lisis de m\u00e0rqueting publicitari ja estan predient que el canvi ser\u00e0 enorme. &#8220;Estem a la vora d&#8217;un gegant\u00ed progr\u00e9s en el camp de la realitat virtual&#8221;, va considerar. El professor d&#8217;IESE va presentar l&#8217;evoluci\u00f3 de la realitat virtual des de les pintures panor\u00e0miques de principis del segle XX fins a la presentaci\u00f3 de la tecnologia <strong>Oculus<\/strong> de <strong>Facebook<\/strong> el 2014. &#8220;Ara \u00e9s la realitat virtual la que transforma el m\u00f3n&#8221;, va assenyalar, apuntant que segons les dades el mercat de la realitat virtual creixer\u00e0 prop del 800% durant els propers quatre anys.<\/p>\n<p>Mart\u00edn Recuero va marcar les difer\u00e8ncies entre realitat virtual i realitat augmentada, explicant que si la primera suposa desenvolupar completament un m\u00f3n nou, la segona insereix objectes sobreposats en un m\u00f3n virtual sense cap aparell espec\u00edfic. &#8220;La realitat augmentada est\u00e0 m\u00e9s implementada avui dia al sector del B2C (negoci amb el consumidor), mentre que la realitat virtual est\u00e0 m\u00e9s encarada al B2B (negoci per a negocis)&#8221;, va assenyalar. &#8220;En molts casos, la barreja de les dues \u00e9s la clau de l&#8217;\u00e8xit -va afegir K\u00e0ganer-. Per exemple, quan es fa una retransmissi\u00f3 del partit de futbol entre el Barcelona i el Reial Madrid mitjan\u00e7ant tecnologies immersives es barregen el viure in situ de la realitat virtual amb la consulta de dades a l&#8217;instant a la pantalla&#8221;.<\/p>\n<p>Entre els usos de la realitat virtual, els dos experts van destacar el sector de l&#8217;oci, tot i que tamb\u00e9 van incidir en el futur que pot tenir en l&#8217;educaci\u00f3 o la medicina i van apuntar cap a un nou model de negoci. &#8220;Aquest tipus de projectes creen noves ind\u00fastries, nous treballs i transformen la societat. Necessiten als empresaris per desenvolupar-los, per\u00f2 els empresaris els necessiten a ells per crear un producte nou i innovador. Tots hi guanyem&#8221;, va assegurar Mart\u00edn Recuero.<\/p>\n\n\t\t<style type=\"text\/css\">\n\t\t\t#gallery-1 {\n\t\t\t\tmargin: auto;\n\t\t\t}\n\t\t\t#gallery-1 .gallery-item {\n\t\t\t\tfloat: left;\n\t\t\t\tmargin-top: 10px;\n\t\t\t\ttext-align: center;\n\t\t\t\twidth: 25%;\n\t\t\t}\n\t\t\t#gallery-1 img {\n\t\t\t\tborder: 2px solid #cfcfcf;\n\t\t\t}\n\t\t\t#gallery-1 .gallery-caption {\n\t\t\t\tmargin-left: 0;\n\t\t\t}\n\t\t\t\/* see gallery_shortcode() in wp-includes\/media.php *\/\n\t\t<\/style>\n\t\t<div id='gallery-1' class='gallery galleryid-70373 gallery-columns-4 gallery-size-medium'><dl class='gallery-item'>\n\t\t\t<dt class='gallery-icon landscape'>\n\t\t\t\t<a href='https:\/\/raed.academy\/wp-content\/uploads\/2019\/04\/IMG_20190404_184615.jpg'><img loading=\"lazy\" decoding=\"async\" width=\"800\" height=\"600\" src=\"https:\/\/raed.academy\/wp-content\/uploads\/2019\/04\/IMG_20190404_184615.jpg\" class=\"attachment-medium size-medium\" alt=\"Realidad virtual, conferencia de IESE Business School\" srcset=\"https:\/\/raed.academy\/wp-content\/uploads\/2019\/04\/IMG_20190404_184615.jpg 800w, https:\/\/raed.academy\/wp-content\/uploads\/2019\/04\/IMG_20190404_184615-768x576.jpg 768w\" sizes=\"(max-width: 800px) 100vw, 800px\" \/><\/a>\n\t\t\t<\/dt><\/dl><dl class='gallery-item'>\n\t\t\t<dt class='gallery-icon landscape'>\n\t\t\t\t<a href='https:\/\/raed.academy\/wp-content\/uploads\/2019\/04\/IMG_20190404_184759.jpg'><img loading=\"lazy\" decoding=\"async\" width=\"800\" height=\"600\" src=\"https:\/\/raed.academy\/wp-content\/uploads\/2019\/04\/IMG_20190404_184759.jpg\" class=\"attachment-medium size-medium\" alt=\"Realidad virtual, conferencia de IESE Business School\" srcset=\"https:\/\/raed.academy\/wp-content\/uploads\/2019\/04\/IMG_20190404_184759.jpg 800w, https:\/\/raed.academy\/wp-content\/uploads\/2019\/04\/IMG_20190404_184759-768x576.jpg 768w\" sizes=\"(max-width: 800px) 100vw, 800px\" \/><\/a>\n\t\t\t<\/dt><\/dl><dl class='gallery-item'>\n\t\t\t<dt class='gallery-icon landscape'>\n\t\t\t\t<a href='https:\/\/raed.academy\/wp-content\/uploads\/2019\/04\/IMG_20190404_203133.jpg'><img loading=\"lazy\" decoding=\"async\" width=\"800\" height=\"600\" src=\"https:\/\/raed.academy\/wp-content\/uploads\/2019\/04\/IMG_20190404_203133.jpg\" class=\"attachment-medium size-medium\" alt=\"Realidad virtual, conferencia de IESE Business School\" srcset=\"https:\/\/raed.academy\/wp-content\/uploads\/2019\/04\/IMG_20190404_203133.jpg 800w, https:\/\/raed.academy\/wp-content\/uploads\/2019\/04\/IMG_20190404_203133-768x576.jpg 768w\" sizes=\"(max-width: 800px) 100vw, 800px\" \/><\/a>\n\t\t\t<\/dt><\/dl><dl class='gallery-item'>\n\t\t\t<dt class='gallery-icon landscape'>\n\t\t\t\t<a href='https:\/\/raed.academy\/wp-content\/uploads\/2019\/04\/IMG_20190404_203147.jpg'><img loading=\"lazy\" decoding=\"async\" width=\"800\" height=\"600\" src=\"https:\/\/raed.academy\/wp-content\/uploads\/2019\/04\/IMG_20190404_203147.jpg\" class=\"attachment-medium size-medium\" alt=\"Realidad virtual, conferencia de IESE Business School\" srcset=\"https:\/\/raed.academy\/wp-content\/uploads\/2019\/04\/IMG_20190404_203147.jpg 800w, https:\/\/raed.academy\/wp-content\/uploads\/2019\/04\/IMG_20190404_203147-768x576.jpg 768w\" sizes=\"(max-width: 800px) 100vw, 800px\" \/><\/a>\n\t\t\t<\/dt><\/dl><br style=\"clear: both\" \/>\n\t\t<\/div>\n\n","protected":false},"excerpt":{"rendered":"<p>Jaume Armengou impulsa un debat sobre les tecnologies que estan canviant la nostra visi\u00f3 del m\u00f3n Jaume Armengou, secretari general d&#8217;Escola de Negocis IESE i acad\u00e8mic de n\u00famero i president de la Secci\u00f3 de Ci\u00e8ncies Tecnol\u00f2giques de la Reial Acad\u00e8mia Europea de Doctors-Barcelona 1914 (RAED), va impulsar la confer\u00e8ncia-col\u00b7loqui: &#8220;The Current State of Play in [&hellip;]<\/p>\n","protected":false},"author":12,"featured_media":70297,"comment_status":"closed","ping_status":"closed","sticky":false,"template":"","format":"standard","meta":{"_et_pb_use_builder":"","_et_pb_old_content":"","_et_gb_content_width":"","footnotes":""},"categories":[72],"tags":[],"class_list":["post-70373","post","type-post","status-publish","format-standard","has-post-thumbnail","hentry","category-uncategorized-ca","et-has-post-format-content","et_post_format-et-post-format-standard"],"yoast_head":"<!-- This site is optimized with the Yoast SEO plugin v27.4 - https:\/\/yoast.com\/product\/yoast-seo-wordpress\/ -->\n<title>Realitat virtual i realitat augmentada - Reial Acad\u00e8mia Europea de Doctors<\/title>\n<meta name=\"robots\" content=\"index, follow, max-snippet:-1, max-image-preview:large, max-video-preview:-1\" \/>\n<link rel=\"canonical\" href=\"https:\/\/raed.academy\/ca\/realitat-virtual-i-realitat-augmentada\/\" \/>\n<meta property=\"og:locale\" content=\"ca_ES\" \/>\n<meta property=\"og:type\" content=\"article\" \/>\n<meta property=\"og:title\" content=\"Realitat virtual i realitat augmentada - Reial Acad\u00e8mia Europea de Doctors\" \/>\n<meta property=\"og:description\" content=\"Jaume Armengou impulsa un debat sobre les tecnologies que estan canviant la nostra visi\u00f3 del m\u00f3n Jaume Armengou, secretari general d&#8217;Escola de Negocis IESE i acad\u00e8mic de n\u00famero i president de la Secci\u00f3 de Ci\u00e8ncies Tecnol\u00f2giques de la Reial Acad\u00e8mia Europea de Doctors-Barcelona 1914 (RAED), va impulsar la confer\u00e8ncia-col\u00b7loqui: &#8220;The Current State of Play in [&hellip;]\" \/>\n<meta property=\"og:url\" content=\"https:\/\/raed.academy\/ca\/realitat-virtual-i-realitat-augmentada\/\" \/>\n<meta property=\"og:site_name\" content=\"Reial Acad\u00e8mia Europea de Doctors\" \/>\n<meta property=\"article:publisher\" content=\"http:\/\/fb.me\/raed.academy\" \/>\n<meta property=\"article:published_time\" content=\"2019-04-10T18:06:51+00:00\" \/>\n<meta property=\"article:modified_time\" content=\"2019-04-16T07:56:00+00:00\" \/>\n<meta property=\"og:image\" content=\"https:\/\/raed.academy\/wp-content\/uploads\/2019\/04\/shutt-realidad-virtual-dstNtc.jpg\" \/>\n\t<meta property=\"og:image:width\" content=\"970\" \/>\n\t<meta property=\"og:image:height\" content=\"333\" \/>\n\t<meta property=\"og:image:type\" content=\"image\/jpeg\" \/>\n<meta name=\"author\" content=\"RAED\" \/>\n<meta name=\"twitter:card\" content=\"summary_large_image\" \/>\n<meta name=\"twitter:creator\" content=\"@raedacademy\" \/>\n<meta name=\"twitter:site\" content=\"@raedacademy\" \/>\n<meta name=\"twitter:label1\" content=\"Written by\" \/>\n\t<meta name=\"twitter:data1\" content=\"RAED\" \/>\n\t<meta name=\"twitter:label2\" content=\"Est. reading time\" \/>\n\t<meta name=\"twitter:data2\" content=\"3 minutes\" \/>\n<script type=\"application\/ld+json\" class=\"yoast-schema-graph\">{\"@context\":\"https:\\\/\\\/schema.org\",\"@graph\":[{\"@type\":\"Article\",\"@id\":\"https:\\\/\\\/raed.academy\\\/ca\\\/realitat-virtual-i-realitat-augmentada\\\/#article\",\"isPartOf\":{\"@id\":\"https:\\\/\\\/raed.academy\\\/ca\\\/realitat-virtual-i-realitat-augmentada\\\/\"},\"author\":{\"name\":\"RAED\",\"@id\":\"https:\\\/\\\/raed.academy\\\/ca\\\/#\\\/schema\\\/person\\\/5a755da80d1d979fd66ba745c8702927\"},\"headline\":\"Realitat virtual i realitat augmentada\",\"datePublished\":\"2019-04-10T18:06:51+00:00\",\"dateModified\":\"2019-04-16T07:56:00+00:00\",\"mainEntityOfPage\":{\"@id\":\"https:\\\/\\\/raed.academy\\\/ca\\\/realitat-virtual-i-realitat-augmentada\\\/\"},\"wordCount\":614,\"publisher\":{\"@id\":\"https:\\\/\\\/raed.academy\\\/ca\\\/#organization\"},\"image\":{\"@id\":\"https:\\\/\\\/raed.academy\\\/ca\\\/realitat-virtual-i-realitat-augmentada\\\/#primaryimage\"},\"thumbnailUrl\":\"https:\\\/\\\/raed.academy\\\/wp-content\\\/uploads\\\/2019\\\/04\\\/shutt-realidad-virtual-dstNtc.jpg\",\"articleSection\":[\"Uncategorized @ca\"],\"inLanguage\":\"ca-ES\"},{\"@type\":\"WebPage\",\"@id\":\"https:\\\/\\\/raed.academy\\\/ca\\\/realitat-virtual-i-realitat-augmentada\\\/\",\"url\":\"https:\\\/\\\/raed.academy\\\/ca\\\/realitat-virtual-i-realitat-augmentada\\\/\",\"name\":\"Realitat virtual i realitat augmentada - Reial Acad\u00e8mia Europea de Doctors\",\"isPartOf\":{\"@id\":\"https:\\\/\\\/raed.academy\\\/ca\\\/#website\"},\"primaryImageOfPage\":{\"@id\":\"https:\\\/\\\/raed.academy\\\/ca\\\/realitat-virtual-i-realitat-augmentada\\\/#primaryimage\"},\"image\":{\"@id\":\"https:\\\/\\\/raed.academy\\\/ca\\\/realitat-virtual-i-realitat-augmentada\\\/#primaryimage\"},\"thumbnailUrl\":\"https:\\\/\\\/raed.academy\\\/wp-content\\\/uploads\\\/2019\\\/04\\\/shutt-realidad-virtual-dstNtc.jpg\",\"datePublished\":\"2019-04-10T18:06:51+00:00\",\"dateModified\":\"2019-04-16T07:56:00+00:00\",\"breadcrumb\":{\"@id\":\"https:\\\/\\\/raed.academy\\\/ca\\\/realitat-virtual-i-realitat-augmentada\\\/#breadcrumb\"},\"inLanguage\":\"ca-ES\",\"potentialAction\":[{\"@type\":\"ReadAction\",\"target\":[\"https:\\\/\\\/raed.academy\\\/ca\\\/realitat-virtual-i-realitat-augmentada\\\/\"]}]},{\"@type\":\"ImageObject\",\"inLanguage\":\"ca-ES\",\"@id\":\"https:\\\/\\\/raed.academy\\\/ca\\\/realitat-virtual-i-realitat-augmentada\\\/#primaryimage\",\"url\":\"https:\\\/\\\/raed.academy\\\/wp-content\\\/uploads\\\/2019\\\/04\\\/shutt-realidad-virtual-dstNtc.jpg\",\"contentUrl\":\"https:\\\/\\\/raed.academy\\\/wp-content\\\/uploads\\\/2019\\\/04\\\/shutt-realidad-virtual-dstNtc.jpg\",\"width\":970,\"height\":333},{\"@type\":\"BreadcrumbList\",\"@id\":\"https:\\\/\\\/raed.academy\\\/ca\\\/realitat-virtual-i-realitat-augmentada\\\/#breadcrumb\",\"itemListElement\":[{\"@type\":\"ListItem\",\"position\":1,\"name\":\"Inicio\",\"item\":\"https:\\\/\\\/raed.academy\\\/ca\\\/\"},{\"@type\":\"ListItem\",\"position\":2,\"name\":\"Realitat virtual i realitat augmentada\"}]},{\"@type\":\"WebSite\",\"@id\":\"https:\\\/\\\/raed.academy\\\/ca\\\/#website\",\"url\":\"https:\\\/\\\/raed.academy\\\/ca\\\/\",\"name\":\"Reial Acad\u00e8mia Europea de Doctors\",\"description\":\"Corporaci\u00f3n de derecho p\u00fablico de car\u00e1cter cient\u00edfico, t\u00e9cnico y art\u00edstico, que tiene por objeto la investigaci\u00f3n, el estudio, el fomento y la extensi\u00f3n del conocimiento en su sentido m\u00e1s amplio\",\"publisher\":{\"@id\":\"https:\\\/\\\/raed.academy\\\/ca\\\/#organization\"},\"potentialAction\":[{\"@type\":\"SearchAction\",\"target\":{\"@type\":\"EntryPoint\",\"urlTemplate\":\"https:\\\/\\\/raed.academy\\\/ca\\\/?s={search_term_string}\"},\"query-input\":{\"@type\":\"PropertyValueSpecification\",\"valueRequired\":true,\"valueName\":\"search_term_string\"}}],\"inLanguage\":\"ca-ES\"},{\"@type\":\"Organization\",\"@id\":\"https:\\\/\\\/raed.academy\\\/ca\\\/#organization\",\"name\":\"Real Academia Europea de Doctores\",\"url\":\"https:\\\/\\\/raed.academy\\\/ca\\\/\",\"logo\":{\"@type\":\"ImageObject\",\"inLanguage\":\"ca-ES\",\"@id\":\"https:\\\/\\\/raed.academy\\\/ca\\\/#\\\/schema\\\/logo\\\/image\\\/\",\"url\":\"https:\\\/\\\/raed.academy\\\/wp-content\\\/uploads\\\/2017\\\/01\\\/cropped-logo_raed.png\",\"contentUrl\":\"https:\\\/\\\/raed.academy\\\/wp-content\\\/uploads\\\/2017\\\/01\\\/cropped-logo_raed.png\",\"width\":512,\"height\":512,\"caption\":\"Real Academia Europea de Doctores\"},\"image\":{\"@id\":\"https:\\\/\\\/raed.academy\\\/ca\\\/#\\\/schema\\\/logo\\\/image\\\/\"},\"sameAs\":[\"http:\\\/\\\/fb.me\\\/raed.academy\",\"https:\\\/\\\/x.com\\\/raedacademy\",\"https:\\\/\\\/www.instagram.com\\\/raed.academy\\\/\",\"https:\\\/\\\/www.youtube.com\\\/channel\\\/UCUYQwW2KrdirNWihxMDObwg\"]},{\"@type\":\"Person\",\"@id\":\"https:\\\/\\\/raed.academy\\\/ca\\\/#\\\/schema\\\/person\\\/5a755da80d1d979fd66ba745c8702927\",\"name\":\"RAED\",\"image\":{\"@type\":\"ImageObject\",\"inLanguage\":\"ca-ES\",\"@id\":\"https:\\\/\\\/secure.gravatar.com\\\/avatar\\\/19fdfdc0d67fb9c45714b703a2ac82251c4fcea3637f002ac3c9b74c0183583c?s=96&d=mm&r=g\",\"url\":\"https:\\\/\\\/secure.gravatar.com\\\/avatar\\\/19fdfdc0d67fb9c45714b703a2ac82251c4fcea3637f002ac3c9b74c0183583c?s=96&d=mm&r=g\",\"contentUrl\":\"https:\\\/\\\/secure.gravatar.com\\\/avatar\\\/19fdfdc0d67fb9c45714b703a2ac82251c4fcea3637f002ac3c9b74c0183583c?s=96&d=mm&r=g\",\"caption\":\"RAED\"}}]}<\/script>\n<!-- \/ Yoast SEO plugin. -->","yoast_head_json":{"title":"Realitat virtual i realitat augmentada - Reial Acad\u00e8mia Europea de Doctors","robots":{"index":"index","follow":"follow","max-snippet":"max-snippet:-1","max-image-preview":"max-image-preview:large","max-video-preview":"max-video-preview:-1"},"canonical":"https:\/\/raed.academy\/ca\/realitat-virtual-i-realitat-augmentada\/","og_locale":"ca_ES","og_type":"article","og_title":"Realitat virtual i realitat augmentada - Reial Acad\u00e8mia Europea de Doctors","og_description":"Jaume Armengou impulsa un debat sobre les tecnologies que estan canviant la nostra visi\u00f3 del m\u00f3n Jaume Armengou, secretari general d&#8217;Escola de Negocis IESE i acad\u00e8mic de n\u00famero i president de la Secci\u00f3 de Ci\u00e8ncies Tecnol\u00f2giques de la Reial Acad\u00e8mia Europea de Doctors-Barcelona 1914 (RAED), va impulsar la confer\u00e8ncia-col\u00b7loqui: &#8220;The Current State of Play in [&hellip;]","og_url":"https:\/\/raed.academy\/ca\/realitat-virtual-i-realitat-augmentada\/","og_site_name":"Reial Acad\u00e8mia Europea de Doctors","article_publisher":"http:\/\/fb.me\/raed.academy","article_published_time":"2019-04-10T18:06:51+00:00","article_modified_time":"2019-04-16T07:56:00+00:00","og_image":[{"width":970,"height":333,"url":"https:\/\/raed.academy\/wp-content\/uploads\/2019\/04\/shutt-realidad-virtual-dstNtc.jpg","type":"image\/jpeg"}],"author":"RAED","twitter_card":"summary_large_image","twitter_creator":"@raedacademy","twitter_site":"@raedacademy","twitter_misc":{"Written by":"RAED","Est. reading time":"3 minutes"},"schema":{"@context":"https:\/\/schema.org","@graph":[{"@type":"Article","@id":"https:\/\/raed.academy\/ca\/realitat-virtual-i-realitat-augmentada\/#article","isPartOf":{"@id":"https:\/\/raed.academy\/ca\/realitat-virtual-i-realitat-augmentada\/"},"author":{"name":"RAED","@id":"https:\/\/raed.academy\/ca\/#\/schema\/person\/5a755da80d1d979fd66ba745c8702927"},"headline":"Realitat virtual i realitat augmentada","datePublished":"2019-04-10T18:06:51+00:00","dateModified":"2019-04-16T07:56:00+00:00","mainEntityOfPage":{"@id":"https:\/\/raed.academy\/ca\/realitat-virtual-i-realitat-augmentada\/"},"wordCount":614,"publisher":{"@id":"https:\/\/raed.academy\/ca\/#organization"},"image":{"@id":"https:\/\/raed.academy\/ca\/realitat-virtual-i-realitat-augmentada\/#primaryimage"},"thumbnailUrl":"https:\/\/raed.academy\/wp-content\/uploads\/2019\/04\/shutt-realidad-virtual-dstNtc.jpg","articleSection":["Uncategorized @ca"],"inLanguage":"ca-ES"},{"@type":"WebPage","@id":"https:\/\/raed.academy\/ca\/realitat-virtual-i-realitat-augmentada\/","url":"https:\/\/raed.academy\/ca\/realitat-virtual-i-realitat-augmentada\/","name":"Realitat virtual i realitat augmentada - Reial Acad\u00e8mia Europea de Doctors","isPartOf":{"@id":"https:\/\/raed.academy\/ca\/#website"},"primaryImageOfPage":{"@id":"https:\/\/raed.academy\/ca\/realitat-virtual-i-realitat-augmentada\/#primaryimage"},"image":{"@id":"https:\/\/raed.academy\/ca\/realitat-virtual-i-realitat-augmentada\/#primaryimage"},"thumbnailUrl":"https:\/\/raed.academy\/wp-content\/uploads\/2019\/04\/shutt-realidad-virtual-dstNtc.jpg","datePublished":"2019-04-10T18:06:51+00:00","dateModified":"2019-04-16T07:56:00+00:00","breadcrumb":{"@id":"https:\/\/raed.academy\/ca\/realitat-virtual-i-realitat-augmentada\/#breadcrumb"},"inLanguage":"ca-ES","potentialAction":[{"@type":"ReadAction","target":["https:\/\/raed.academy\/ca\/realitat-virtual-i-realitat-augmentada\/"]}]},{"@type":"ImageObject","inLanguage":"ca-ES","@id":"https:\/\/raed.academy\/ca\/realitat-virtual-i-realitat-augmentada\/#primaryimage","url":"https:\/\/raed.academy\/wp-content\/uploads\/2019\/04\/shutt-realidad-virtual-dstNtc.jpg","contentUrl":"https:\/\/raed.academy\/wp-content\/uploads\/2019\/04\/shutt-realidad-virtual-dstNtc.jpg","width":970,"height":333},{"@type":"BreadcrumbList","@id":"https:\/\/raed.academy\/ca\/realitat-virtual-i-realitat-augmentada\/#breadcrumb","itemListElement":[{"@type":"ListItem","position":1,"name":"Inicio","item":"https:\/\/raed.academy\/ca\/"},{"@type":"ListItem","position":2,"name":"Realitat virtual i realitat augmentada"}]},{"@type":"WebSite","@id":"https:\/\/raed.academy\/ca\/#website","url":"https:\/\/raed.academy\/ca\/","name":"Reial Acad\u00e8mia Europea de Doctors","description":"Corporaci\u00f3n de derecho p\u00fablico de car\u00e1cter cient\u00edfico, t\u00e9cnico y art\u00edstico, que tiene por objeto la investigaci\u00f3n, el estudio, el fomento y la extensi\u00f3n del conocimiento en su sentido m\u00e1s amplio","publisher":{"@id":"https:\/\/raed.academy\/ca\/#organization"},"potentialAction":[{"@type":"SearchAction","target":{"@type":"EntryPoint","urlTemplate":"https:\/\/raed.academy\/ca\/?s={search_term_string}"},"query-input":{"@type":"PropertyValueSpecification","valueRequired":true,"valueName":"search_term_string"}}],"inLanguage":"ca-ES"},{"@type":"Organization","@id":"https:\/\/raed.academy\/ca\/#organization","name":"Real Academia Europea de Doctores","url":"https:\/\/raed.academy\/ca\/","logo":{"@type":"ImageObject","inLanguage":"ca-ES","@id":"https:\/\/raed.academy\/ca\/#\/schema\/logo\/image\/","url":"https:\/\/raed.academy\/wp-content\/uploads\/2017\/01\/cropped-logo_raed.png","contentUrl":"https:\/\/raed.academy\/wp-content\/uploads\/2017\/01\/cropped-logo_raed.png","width":512,"height":512,"caption":"Real Academia Europea de Doctores"},"image":{"@id":"https:\/\/raed.academy\/ca\/#\/schema\/logo\/image\/"},"sameAs":["http:\/\/fb.me\/raed.academy","https:\/\/x.com\/raedacademy","https:\/\/www.instagram.com\/raed.academy\/","https:\/\/www.youtube.com\/channel\/UCUYQwW2KrdirNWihxMDObwg"]},{"@type":"Person","@id":"https:\/\/raed.academy\/ca\/#\/schema\/person\/5a755da80d1d979fd66ba745c8702927","name":"RAED","image":{"@type":"ImageObject","inLanguage":"ca-ES","@id":"https:\/\/secure.gravatar.com\/avatar\/19fdfdc0d67fb9c45714b703a2ac82251c4fcea3637f002ac3c9b74c0183583c?s=96&d=mm&r=g","url":"https:\/\/secure.gravatar.com\/avatar\/19fdfdc0d67fb9c45714b703a2ac82251c4fcea3637f002ac3c9b74c0183583c?s=96&d=mm&r=g","contentUrl":"https:\/\/secure.gravatar.com\/avatar\/19fdfdc0d67fb9c45714b703a2ac82251c4fcea3637f002ac3c9b74c0183583c?s=96&d=mm&r=g","caption":"RAED"}}]}},"_links":{"self":[{"href":"https:\/\/raed.academy\/ca\/wp-json\/wp\/v2\/posts\/70373","targetHints":{"allow":["GET"]}}],"collection":[{"href":"https:\/\/raed.academy\/ca\/wp-json\/wp\/v2\/posts"}],"about":[{"href":"https:\/\/raed.academy\/ca\/wp-json\/wp\/v2\/types\/post"}],"author":[{"embeddable":true,"href":"https:\/\/raed.academy\/ca\/wp-json\/wp\/v2\/users\/12"}],"replies":[{"embeddable":true,"href":"https:\/\/raed.academy\/ca\/wp-json\/wp\/v2\/comments?post=70373"}],"version-history":[{"count":0,"href":"https:\/\/raed.academy\/ca\/wp-json\/wp\/v2\/posts\/70373\/revisions"}],"wp:featuredmedia":[{"embeddable":true,"href":"https:\/\/raed.academy\/ca\/wp-json\/wp\/v2\/media\/70297"}],"wp:attachment":[{"href":"https:\/\/raed.academy\/ca\/wp-json\/wp\/v2\/media?parent=70373"}],"wp:term":[{"taxonomy":"category","embeddable":true,"href":"https:\/\/raed.academy\/ca\/wp-json\/wp\/v2\/categories?post=70373"},{"taxonomy":"post_tag","embeddable":true,"href":"https:\/\/raed.academy\/ca\/wp-json\/wp\/v2\/tags?post=70373"}],"curies":[{"name":"wp","href":"https:\/\/api.w.org\/{rel}","templated":true}]}}