{"id":70360,"date":"2019-04-10T17:47:40","date_gmt":"2019-04-10T17:47:40","guid":{"rendered":"https:\/\/raed.academy\/?p=70360"},"modified":"2019-04-11T11:43:56","modified_gmt":"2019-04-11T11:43:56","slug":"la-interioritat-habitada-francesc-torralba","status":"publish","type":"post","link":"https:\/\/raed.academy\/ca\/la-interioritat-habitada-francesc-torralba\/","title":{"rendered":"La interioritat habitada"},"content":{"rendered":"<p><img loading=\"lazy\" decoding=\"async\" class=\"alignright wp-image-70316 jetpack-lazy-image jetpack-lazy-image--handled\" src=\"https:\/\/i1.wp.com\/raed.academy\/wp-content\/uploads\/2019\/04\/La-interioridad-habitada-Francesc-Torralba.jpg?resize=370%2C547&amp;ssl=1\" alt=\"La interioridad habitada - libro del Dr. Francesc Torralba\" width=\"370\" height=\"547\" data-attachment-id=\"70316\" data-permalink=\"https:\/\/raed.academy\/la-interioridad-habitada-francesc-torralba\/la-interioridad-habitada-francesc-torralba\/\" data-orig-file=\"https:\/\/i1.wp.com\/raed.academy\/wp-content\/uploads\/2019\/04\/La-interioridad-habitada-Francesc-Torralba.jpg?fit=400%2C591&amp;ssl=1\" data-orig-size=\"400,591\" data-comments-opened=\"0\" data-image-meta=\"{&quot;aperture&quot;:&quot;0&quot;,&quot;credit&quot;:&quot;&quot;,&quot;camera&quot;:&quot;&quot;,&quot;caption&quot;:&quot;&quot;,&quot;created_timestamp&quot;:&quot;0&quot;,&quot;copyright&quot;:&quot;&quot;,&quot;focal_length&quot;:&quot;0&quot;,&quot;iso&quot;:&quot;0&quot;,&quot;shutter_speed&quot;:&quot;0&quot;,&quot;title&quot;:&quot;&quot;,&quot;orientation&quot;:&quot;0&quot;}\" data-image-title=\"La-interioridad-habitada-Francesc-Torralba\" data-image-description=\"\" data-medium-file=\"https:\/\/i1.wp.com\/raed.academy\/wp-content\/uploads\/2019\/04\/La-interioridad-habitada-Francesc-Torralba.jpg?fit=400%2C591&amp;ssl=1\" data-large-file=\"https:\/\/i1.wp.com\/raed.academy\/wp-content\/uploads\/2019\/04\/La-interioridad-habitada-Francesc-Torralba.jpg?fit=400%2C591&amp;ssl=1\" data-recalc-dims=\"1\" data-lazy-loaded=\"1\" \/><a href=\"https:\/\/raed.academy\/ca\/academics\/dr-francesc-torralba-rossello\/\" target=\"_blank\" rel=\"noopener noreferrer\"><strong>Francesc Torralba<\/strong><\/a>, director de la <strong>C\u00e0tedra Ethos d&#8217;\u00c8tica Aplicada<\/strong> de la <a href=\"http:\/\/www.url.edu\" target=\"_blank\" rel=\"noopener noreferrer\"><strong>Universitat Ramon Llull<\/strong><\/a> i de la <strong>C\u00e0tedra de Pensament Cristi\u00e0<\/strong> del <strong>Bisbat d&#8217;Urgell<\/strong> i acad\u00e8mic de n\u00famero de la <strong>Reial Acad\u00e8mia Europea de Doctors-Barcelona 1914<\/strong> (RAED), ha publicat l&#8217;obra <strong>&#8220;La interioridad habitada&#8221;<\/strong> (Khaf), on aborda amb una finalitat divulgativa la introspecci\u00f3 i l&#8217;espiritualitat, el que ell mateix anomena l&#8217;educaci\u00f3 de la interioritat.<\/p>\n<p>&#8220;L&#8217;educaci\u00f3 de la interioritat no \u00e9s, en cap cas, un luxe, ni una q\u00fcesti\u00f3 menor. T\u00e9 com a objectiu final la cura d&#8217;un mateix per aix\u00ed desenvolupar totes les pot\u00e8ncies latents a l&#8217;\u00e9sser hum\u00e0: la seva mem\u00f2ria, la seva imaginaci\u00f3, la seva voluntat, la seva intel\u00b7lig\u00e8ncia, la seva emotivitat&#8230; Per\u00f2 tamb\u00e9 el fons \u00faltim del seu ser: l&#8217;espiritualitat. Admetent que aquesta pot adquirir formes, expressions i modalitats molt diferents en virtut dels contextos educatius i dels moments hist\u00f2rics. Al model de la interioritat habitada, es reconeixen, doncs, dos magisteris: l&#8217;exercici del mestre hum\u00e0 que parla i actua des de fora i el del mestre interior que habita dins seu&#8221;, assenyala el propi autor a la presentaci\u00f3 de l&#8217;obra.<\/p>\n<div id=\"attachment_70319\" style=\"width: 339px\" class=\"wp-caption alignleft\"><img loading=\"lazy\" decoding=\"async\" aria-describedby=\"caption-attachment-70319\" class=\"jetpack-lazy-image jetpack-lazy-image--handled wp-image-70319\" src=\"https:\/\/i0.wp.com\/raed.academy\/wp-content\/uploads\/2019\/04\/francesc-torralba.jpg?resize=329%2C205&amp;ssl=1\" sizes=\"(max-width: 329px) 100vw, 329px\" srcset=\"https:\/\/i0.wp.com\/raed.academy\/wp-content\/uploads\/2019\/04\/francesc-torralba.jpg?w=450&amp;ssl=1 450w, https:\/\/i0.wp.com\/raed.academy\/wp-content\/uploads\/2019\/04\/francesc-torralba.jpg?resize=400%2C250&amp;ssl=1 400w\" alt=\"Dr. Francesc Torralba\" width=\"329\" height=\"205\" aria-describedby=\"caption-attachment-70319\" data-attachment-id=\"70319\" data-permalink=\"https:\/\/raed.academy\/la-interioridad-habitada-francesc-torralba\/francesc-torralba\/\" data-orig-file=\"https:\/\/i0.wp.com\/raed.academy\/wp-content\/uploads\/2019\/04\/francesc-torralba.jpg?fit=450%2C280&amp;ssl=1\" data-orig-size=\"450,280\" data-comments-opened=\"0\" data-image-meta=\"{&quot;aperture&quot;:&quot;0&quot;,&quot;credit&quot;:&quot;&quot;,&quot;camera&quot;:&quot;&quot;,&quot;caption&quot;:&quot;&quot;,&quot;created_timestamp&quot;:&quot;0&quot;,&quot;copyright&quot;:&quot;&quot;,&quot;focal_length&quot;:&quot;0&quot;,&quot;iso&quot;:&quot;0&quot;,&quot;shutter_speed&quot;:&quot;0&quot;,&quot;title&quot;:&quot;&quot;,&quot;orientation&quot;:&quot;0&quot;}\" data-image-title=\"Dr. Francesc Torralba\" data-image-description=\"\" data-medium-file=\"https:\/\/i0.wp.com\/raed.academy\/wp-content\/uploads\/2019\/04\/francesc-torralba.jpg?fit=450%2C280&amp;ssl=1\" data-large-file=\"https:\/\/i0.wp.com\/raed.academy\/wp-content\/uploads\/2019\/04\/francesc-torralba.jpg?fit=450%2C280&amp;ssl=1\" data-recalc-dims=\"1\" data-lazy-loaded=\"1\" \/><p id=\"caption-attachment-70319\" class=\"wp-caption-text\">Dr. Francesc Torralba<\/p><\/div>\n<p>Autor de m\u00e9s de 70 monografies especialitzades en \u00e8tica, religi\u00f3, educaci\u00f3 i filosofia, Torralba \u00e9s avui dia un referent en tots aquests camps. Recentment va obtenir el seu tercer doctorat, en Pedagogia, amb la tesi <strong>&#8220;La\u00a0 Bildung como teolog\u00eda de la educaci\u00f3n. An\u00e1lisis hermen\u00e9utico de la obra de Edith Stein (1891-1942)&#8221;<\/strong>. El treball va ser qualificat amb la m\u00e0xima nota per part del tribunal. Un grau que suma al de Filosofia per la <a href=\"http:\/\/www.ub.edu\" target=\"_blank\" rel=\"noopener noreferrer\"><strong>Universitat de Barcelona<\/strong><\/a> (1992) i al de Teologia per la <a href=\"https:\/\/www.teologia-catalunya.cat\" target=\"_blank\" rel=\"noopener noreferrer\"><strong>Facultat de Teologia de Catalunya<\/strong><\/a> (1997).<\/p>\n","protected":false},"excerpt":{"rendered":"<p>Francesc Torralba, director de la C\u00e0tedra Ethos d&#8217;\u00c8tica Aplicada de la Universitat Ramon Llull i de la C\u00e0tedra de Pensament Cristi\u00e0 del Bisbat d&#8217;Urgell i acad\u00e8mic de n\u00famero de la Reial Acad\u00e8mia Europea de Doctors-Barcelona 1914 (RAED), ha publicat l&#8217;obra &#8220;La interioridad habitada&#8221; (Khaf), on aborda amb una finalitat divulgativa la introspecci\u00f3 i l&#8217;espiritualitat, el [&hellip;]<\/p>\n","protected":false},"author":12,"featured_media":70317,"comment_status":"closed","ping_status":"closed","sticky":false,"template":"","format":"standard","meta":{"_et_pb_use_builder":"","_et_pb_old_content":"","_et_gb_content_width":"","footnotes":""},"categories":[72],"tags":[],"class_list":["post-70360","post","type-post","status-publish","format-standard","has-post-thumbnail","hentry","category-uncategorized-ca","et-has-post-format-content","et_post_format-et-post-format-standard"],"yoast_head":"<!-- This site is optimized with the Yoast SEO plugin v27.5 - https:\/\/yoast.com\/product\/yoast-seo-wordpress\/ -->\n<title>La interioritat habitada - Reial Acad\u00e8mia Europea de Doctors<\/title>\n<meta name=\"robots\" content=\"index, follow, max-snippet:-1, max-image-preview:large, max-video-preview:-1\" \/>\n<link rel=\"canonical\" href=\"https:\/\/raed.academy\/ca\/la-interioritat-habitada-francesc-torralba\/\" \/>\n<meta property=\"og:locale\" content=\"ca_ES\" \/>\n<meta property=\"og:type\" content=\"article\" \/>\n<meta property=\"og:title\" content=\"La interioritat habitada - Reial Acad\u00e8mia Europea de Doctors\" \/>\n<meta property=\"og:description\" content=\"Francesc Torralba, director de la C\u00e0tedra Ethos d&#8217;\u00c8tica Aplicada de la Universitat Ramon Llull i de la C\u00e0tedra de Pensament Cristi\u00e0 del Bisbat d&#8217;Urgell i acad\u00e8mic de n\u00famero de la Reial Acad\u00e8mia Europea de Doctors-Barcelona 1914 (RAED), ha publicat l&#8217;obra &#8220;La interioridad habitada&#8221; (Khaf), on aborda amb una finalitat divulgativa la introspecci\u00f3 i l&#8217;espiritualitat, el [&hellip;]\" \/>\n<meta property=\"og:url\" content=\"https:\/\/raed.academy\/ca\/la-interioritat-habitada-francesc-torralba\/\" \/>\n<meta property=\"og:site_name\" content=\"Reial Acad\u00e8mia Europea de Doctors\" \/>\n<meta property=\"article:publisher\" content=\"http:\/\/fb.me\/raed.academy\" \/>\n<meta property=\"article:published_time\" content=\"2019-04-10T17:47:40+00:00\" \/>\n<meta property=\"article:modified_time\" content=\"2019-04-11T11:43:56+00:00\" \/>\n<meta property=\"og:image\" content=\"https:\/\/raed.academy\/wp-content\/uploads\/2019\/04\/La-interioridad-habitada-Francesc-Torralba.jpg\" \/>\n\t<meta property=\"og:image:width\" content=\"400\" \/>\n\t<meta property=\"og:image:height\" content=\"591\" \/>\n\t<meta property=\"og:image:type\" content=\"image\/jpeg\" \/>\n<meta name=\"author\" content=\"RAED\" \/>\n<meta name=\"twitter:card\" content=\"summary_large_image\" \/>\n<meta name=\"twitter:creator\" content=\"@raedacademy\" \/>\n<meta name=\"twitter:site\" content=\"@raedacademy\" \/>\n<meta name=\"twitter:label1\" content=\"Written by\" \/>\n\t<meta name=\"twitter:data1\" content=\"RAED\" \/>\n\t<meta name=\"twitter:label2\" content=\"Est. reading time\" \/>\n\t<meta name=\"twitter:data2\" content=\"1 minute\" \/>\n<script type=\"application\/ld+json\" class=\"yoast-schema-graph\">{\"@context\":\"https:\\\/\\\/schema.org\",\"@graph\":[{\"@type\":\"Article\",\"@id\":\"https:\\\/\\\/raed.academy\\\/ca\\\/la-interioritat-habitada-francesc-torralba\\\/#article\",\"isPartOf\":{\"@id\":\"https:\\\/\\\/raed.academy\\\/ca\\\/la-interioritat-habitada-francesc-torralba\\\/\"},\"author\":{\"name\":\"RAED\",\"@id\":\"https:\\\/\\\/raed.academy\\\/ca\\\/#\\\/schema\\\/person\\\/5a755da80d1d979fd66ba745c8702927\"},\"headline\":\"La interioritat habitada\",\"datePublished\":\"2019-04-10T17:47:40+00:00\",\"dateModified\":\"2019-04-11T11:43:56+00:00\",\"mainEntityOfPage\":{\"@id\":\"https:\\\/\\\/raed.academy\\\/ca\\\/la-interioritat-habitada-francesc-torralba\\\/\"},\"wordCount\":307,\"publisher\":{\"@id\":\"https:\\\/\\\/raed.academy\\\/ca\\\/#organization\"},\"image\":{\"@id\":\"https:\\\/\\\/raed.academy\\\/ca\\\/la-interioritat-habitada-francesc-torralba\\\/#primaryimage\"},\"thumbnailUrl\":\"https:\\\/\\\/raed.academy\\\/wp-content\\\/uploads\\\/2019\\\/04\\\/La-interioridad-habitada-Francesc-Torralba.jpg\",\"articleSection\":[\"Uncategorized @ca\"],\"inLanguage\":\"ca-ES\"},{\"@type\":\"WebPage\",\"@id\":\"https:\\\/\\\/raed.academy\\\/ca\\\/la-interioritat-habitada-francesc-torralba\\\/\",\"url\":\"https:\\\/\\\/raed.academy\\\/ca\\\/la-interioritat-habitada-francesc-torralba\\\/\",\"name\":\"La interioritat habitada - Reial Acad\u00e8mia Europea de Doctors\",\"isPartOf\":{\"@id\":\"https:\\\/\\\/raed.academy\\\/ca\\\/#website\"},\"primaryImageOfPage\":{\"@id\":\"https:\\\/\\\/raed.academy\\\/ca\\\/la-interioritat-habitada-francesc-torralba\\\/#primaryimage\"},\"image\":{\"@id\":\"https:\\\/\\\/raed.academy\\\/ca\\\/la-interioritat-habitada-francesc-torralba\\\/#primaryimage\"},\"thumbnailUrl\":\"https:\\\/\\\/raed.academy\\\/wp-content\\\/uploads\\\/2019\\\/04\\\/La-interioridad-habitada-Francesc-Torralba.jpg\",\"datePublished\":\"2019-04-10T17:47:40+00:00\",\"dateModified\":\"2019-04-11T11:43:56+00:00\",\"breadcrumb\":{\"@id\":\"https:\\\/\\\/raed.academy\\\/ca\\\/la-interioritat-habitada-francesc-torralba\\\/#breadcrumb\"},\"inLanguage\":\"ca-ES\",\"potentialAction\":[{\"@type\":\"ReadAction\",\"target\":[\"https:\\\/\\\/raed.academy\\\/ca\\\/la-interioritat-habitada-francesc-torralba\\\/\"]}]},{\"@type\":\"ImageObject\",\"inLanguage\":\"ca-ES\",\"@id\":\"https:\\\/\\\/raed.academy\\\/ca\\\/la-interioritat-habitada-francesc-torralba\\\/#primaryimage\",\"url\":\"https:\\\/\\\/raed.academy\\\/wp-content\\\/uploads\\\/2019\\\/04\\\/La-interioridad-habitada-Francesc-Torralba.jpg\",\"contentUrl\":\"https:\\\/\\\/raed.academy\\\/wp-content\\\/uploads\\\/2019\\\/04\\\/La-interioridad-habitada-Francesc-Torralba.jpg\",\"width\":400,\"height\":591},{\"@type\":\"BreadcrumbList\",\"@id\":\"https:\\\/\\\/raed.academy\\\/ca\\\/la-interioritat-habitada-francesc-torralba\\\/#breadcrumb\",\"itemListElement\":[{\"@type\":\"ListItem\",\"position\":1,\"name\":\"Inicio\",\"item\":\"https:\\\/\\\/raed.academy\\\/ca\\\/\"},{\"@type\":\"ListItem\",\"position\":2,\"name\":\"La interioritat habitada\"}]},{\"@type\":\"WebSite\",\"@id\":\"https:\\\/\\\/raed.academy\\\/ca\\\/#website\",\"url\":\"https:\\\/\\\/raed.academy\\\/ca\\\/\",\"name\":\"Reial Acad\u00e8mia Europea de Doctors\",\"description\":\"Corporaci\u00f3n de derecho p\u00fablico de car\u00e1cter cient\u00edfico, t\u00e9cnico y art\u00edstico, que tiene por objeto la investigaci\u00f3n, el estudio, el fomento y la extensi\u00f3n del conocimiento en su sentido m\u00e1s amplio\",\"publisher\":{\"@id\":\"https:\\\/\\\/raed.academy\\\/ca\\\/#organization\"},\"potentialAction\":[{\"@type\":\"SearchAction\",\"target\":{\"@type\":\"EntryPoint\",\"urlTemplate\":\"https:\\\/\\\/raed.academy\\\/ca\\\/?s={search_term_string}\"},\"query-input\":{\"@type\":\"PropertyValueSpecification\",\"valueRequired\":true,\"valueName\":\"search_term_string\"}}],\"inLanguage\":\"ca-ES\"},{\"@type\":\"Organization\",\"@id\":\"https:\\\/\\\/raed.academy\\\/ca\\\/#organization\",\"name\":\"Real Academia Europea de Doctores\",\"url\":\"https:\\\/\\\/raed.academy\\\/ca\\\/\",\"logo\":{\"@type\":\"ImageObject\",\"inLanguage\":\"ca-ES\",\"@id\":\"https:\\\/\\\/raed.academy\\\/ca\\\/#\\\/schema\\\/logo\\\/image\\\/\",\"url\":\"https:\\\/\\\/raed.academy\\\/wp-content\\\/uploads\\\/2017\\\/01\\\/cropped-logo_raed.png\",\"contentUrl\":\"https:\\\/\\\/raed.academy\\\/wp-content\\\/uploads\\\/2017\\\/01\\\/cropped-logo_raed.png\",\"width\":512,\"height\":512,\"caption\":\"Real Academia Europea de Doctores\"},\"image\":{\"@id\":\"https:\\\/\\\/raed.academy\\\/ca\\\/#\\\/schema\\\/logo\\\/image\\\/\"},\"sameAs\":[\"http:\\\/\\\/fb.me\\\/raed.academy\",\"https:\\\/\\\/x.com\\\/raedacademy\",\"https:\\\/\\\/www.instagram.com\\\/raed.academy\\\/\",\"https:\\\/\\\/www.youtube.com\\\/channel\\\/UCUYQwW2KrdirNWihxMDObwg\"]},{\"@type\":\"Person\",\"@id\":\"https:\\\/\\\/raed.academy\\\/ca\\\/#\\\/schema\\\/person\\\/5a755da80d1d979fd66ba745c8702927\",\"name\":\"RAED\",\"image\":{\"@type\":\"ImageObject\",\"inLanguage\":\"ca-ES\",\"@id\":\"https:\\\/\\\/secure.gravatar.com\\\/avatar\\\/19fdfdc0d67fb9c45714b703a2ac82251c4fcea3637f002ac3c9b74c0183583c?s=96&d=mm&r=g\",\"url\":\"https:\\\/\\\/secure.gravatar.com\\\/avatar\\\/19fdfdc0d67fb9c45714b703a2ac82251c4fcea3637f002ac3c9b74c0183583c?s=96&d=mm&r=g\",\"contentUrl\":\"https:\\\/\\\/secure.gravatar.com\\\/avatar\\\/19fdfdc0d67fb9c45714b703a2ac82251c4fcea3637f002ac3c9b74c0183583c?s=96&d=mm&r=g\",\"caption\":\"RAED\"}}]}<\/script>\n<!-- \/ Yoast SEO plugin. -->","yoast_head_json":{"title":"La interioritat habitada - Reial Acad\u00e8mia Europea de Doctors","robots":{"index":"index","follow":"follow","max-snippet":"max-snippet:-1","max-image-preview":"max-image-preview:large","max-video-preview":"max-video-preview:-1"},"canonical":"https:\/\/raed.academy\/ca\/la-interioritat-habitada-francesc-torralba\/","og_locale":"ca_ES","og_type":"article","og_title":"La interioritat habitada - Reial Acad\u00e8mia Europea de Doctors","og_description":"Francesc Torralba, director de la C\u00e0tedra Ethos d&#8217;\u00c8tica Aplicada de la Universitat Ramon Llull i de la C\u00e0tedra de Pensament Cristi\u00e0 del Bisbat d&#8217;Urgell i acad\u00e8mic de n\u00famero de la Reial Acad\u00e8mia Europea de Doctors-Barcelona 1914 (RAED), ha publicat l&#8217;obra &#8220;La interioridad habitada&#8221; (Khaf), on aborda amb una finalitat divulgativa la introspecci\u00f3 i l&#8217;espiritualitat, el [&hellip;]","og_url":"https:\/\/raed.academy\/ca\/la-interioritat-habitada-francesc-torralba\/","og_site_name":"Reial Acad\u00e8mia Europea de Doctors","article_publisher":"http:\/\/fb.me\/raed.academy","article_published_time":"2019-04-10T17:47:40+00:00","article_modified_time":"2019-04-11T11:43:56+00:00","og_image":[{"width":400,"height":591,"url":"https:\/\/raed.academy\/wp-content\/uploads\/2019\/04\/La-interioridad-habitada-Francesc-Torralba.jpg","type":"image\/jpeg"}],"author":"RAED","twitter_card":"summary_large_image","twitter_creator":"@raedacademy","twitter_site":"@raedacademy","twitter_misc":{"Written by":"RAED","Est. reading time":"1 minute"},"schema":{"@context":"https:\/\/schema.org","@graph":[{"@type":"Article","@id":"https:\/\/raed.academy\/ca\/la-interioritat-habitada-francesc-torralba\/#article","isPartOf":{"@id":"https:\/\/raed.academy\/ca\/la-interioritat-habitada-francesc-torralba\/"},"author":{"name":"RAED","@id":"https:\/\/raed.academy\/ca\/#\/schema\/person\/5a755da80d1d979fd66ba745c8702927"},"headline":"La interioritat habitada","datePublished":"2019-04-10T17:47:40+00:00","dateModified":"2019-04-11T11:43:56+00:00","mainEntityOfPage":{"@id":"https:\/\/raed.academy\/ca\/la-interioritat-habitada-francesc-torralba\/"},"wordCount":307,"publisher":{"@id":"https:\/\/raed.academy\/ca\/#organization"},"image":{"@id":"https:\/\/raed.academy\/ca\/la-interioritat-habitada-francesc-torralba\/#primaryimage"},"thumbnailUrl":"https:\/\/raed.academy\/wp-content\/uploads\/2019\/04\/La-interioridad-habitada-Francesc-Torralba.jpg","articleSection":["Uncategorized @ca"],"inLanguage":"ca-ES"},{"@type":"WebPage","@id":"https:\/\/raed.academy\/ca\/la-interioritat-habitada-francesc-torralba\/","url":"https:\/\/raed.academy\/ca\/la-interioritat-habitada-francesc-torralba\/","name":"La interioritat habitada - Reial Acad\u00e8mia Europea de Doctors","isPartOf":{"@id":"https:\/\/raed.academy\/ca\/#website"},"primaryImageOfPage":{"@id":"https:\/\/raed.academy\/ca\/la-interioritat-habitada-francesc-torralba\/#primaryimage"},"image":{"@id":"https:\/\/raed.academy\/ca\/la-interioritat-habitada-francesc-torralba\/#primaryimage"},"thumbnailUrl":"https:\/\/raed.academy\/wp-content\/uploads\/2019\/04\/La-interioridad-habitada-Francesc-Torralba.jpg","datePublished":"2019-04-10T17:47:40+00:00","dateModified":"2019-04-11T11:43:56+00:00","breadcrumb":{"@id":"https:\/\/raed.academy\/ca\/la-interioritat-habitada-francesc-torralba\/#breadcrumb"},"inLanguage":"ca-ES","potentialAction":[{"@type":"ReadAction","target":["https:\/\/raed.academy\/ca\/la-interioritat-habitada-francesc-torralba\/"]}]},{"@type":"ImageObject","inLanguage":"ca-ES","@id":"https:\/\/raed.academy\/ca\/la-interioritat-habitada-francesc-torralba\/#primaryimage","url":"https:\/\/raed.academy\/wp-content\/uploads\/2019\/04\/La-interioridad-habitada-Francesc-Torralba.jpg","contentUrl":"https:\/\/raed.academy\/wp-content\/uploads\/2019\/04\/La-interioridad-habitada-Francesc-Torralba.jpg","width":400,"height":591},{"@type":"BreadcrumbList","@id":"https:\/\/raed.academy\/ca\/la-interioritat-habitada-francesc-torralba\/#breadcrumb","itemListElement":[{"@type":"ListItem","position":1,"name":"Inicio","item":"https:\/\/raed.academy\/ca\/"},{"@type":"ListItem","position":2,"name":"La interioritat habitada"}]},{"@type":"WebSite","@id":"https:\/\/raed.academy\/ca\/#website","url":"https:\/\/raed.academy\/ca\/","name":"Reial Acad\u00e8mia Europea de Doctors","description":"Corporaci\u00f3n de derecho p\u00fablico de car\u00e1cter cient\u00edfico, t\u00e9cnico y art\u00edstico, que tiene por objeto la investigaci\u00f3n, el estudio, el fomento y la extensi\u00f3n del conocimiento en su sentido m\u00e1s amplio","publisher":{"@id":"https:\/\/raed.academy\/ca\/#organization"},"potentialAction":[{"@type":"SearchAction","target":{"@type":"EntryPoint","urlTemplate":"https:\/\/raed.academy\/ca\/?s={search_term_string}"},"query-input":{"@type":"PropertyValueSpecification","valueRequired":true,"valueName":"search_term_string"}}],"inLanguage":"ca-ES"},{"@type":"Organization","@id":"https:\/\/raed.academy\/ca\/#organization","name":"Real Academia Europea de Doctores","url":"https:\/\/raed.academy\/ca\/","logo":{"@type":"ImageObject","inLanguage":"ca-ES","@id":"https:\/\/raed.academy\/ca\/#\/schema\/logo\/image\/","url":"https:\/\/raed.academy\/wp-content\/uploads\/2017\/01\/cropped-logo_raed.png","contentUrl":"https:\/\/raed.academy\/wp-content\/uploads\/2017\/01\/cropped-logo_raed.png","width":512,"height":512,"caption":"Real Academia Europea de Doctores"},"image":{"@id":"https:\/\/raed.academy\/ca\/#\/schema\/logo\/image\/"},"sameAs":["http:\/\/fb.me\/raed.academy","https:\/\/x.com\/raedacademy","https:\/\/www.instagram.com\/raed.academy\/","https:\/\/www.youtube.com\/channel\/UCUYQwW2KrdirNWihxMDObwg"]},{"@type":"Person","@id":"https:\/\/raed.academy\/ca\/#\/schema\/person\/5a755da80d1d979fd66ba745c8702927","name":"RAED","image":{"@type":"ImageObject","inLanguage":"ca-ES","@id":"https:\/\/secure.gravatar.com\/avatar\/19fdfdc0d67fb9c45714b703a2ac82251c4fcea3637f002ac3c9b74c0183583c?s=96&d=mm&r=g","url":"https:\/\/secure.gravatar.com\/avatar\/19fdfdc0d67fb9c45714b703a2ac82251c4fcea3637f002ac3c9b74c0183583c?s=96&d=mm&r=g","contentUrl":"https:\/\/secure.gravatar.com\/avatar\/19fdfdc0d67fb9c45714b703a2ac82251c4fcea3637f002ac3c9b74c0183583c?s=96&d=mm&r=g","caption":"RAED"}}]}},"_links":{"self":[{"href":"https:\/\/raed.academy\/ca\/wp-json\/wp\/v2\/posts\/70360","targetHints":{"allow":["GET"]}}],"collection":[{"href":"https:\/\/raed.academy\/ca\/wp-json\/wp\/v2\/posts"}],"about":[{"href":"https:\/\/raed.academy\/ca\/wp-json\/wp\/v2\/types\/post"}],"author":[{"embeddable":true,"href":"https:\/\/raed.academy\/ca\/wp-json\/wp\/v2\/users\/12"}],"replies":[{"embeddable":true,"href":"https:\/\/raed.academy\/ca\/wp-json\/wp\/v2\/comments?post=70360"}],"version-history":[{"count":0,"href":"https:\/\/raed.academy\/ca\/wp-json\/wp\/v2\/posts\/70360\/revisions"}],"wp:featuredmedia":[{"embeddable":true,"href":"https:\/\/raed.academy\/ca\/wp-json\/wp\/v2\/media\/70317"}],"wp:attachment":[{"href":"https:\/\/raed.academy\/ca\/wp-json\/wp\/v2\/media?parent=70360"}],"wp:term":[{"taxonomy":"category","embeddable":true,"href":"https:\/\/raed.academy\/ca\/wp-json\/wp\/v2\/categories?post=70360"},{"taxonomy":"post_tag","embeddable":true,"href":"https:\/\/raed.academy\/ca\/wp-json\/wp\/v2\/tags?post=70360"}],"curies":[{"name":"wp","href":"https:\/\/api.w.org\/{rel}","templated":true}]}}