{"id":69563,"date":"2019-03-28T18:24:24","date_gmt":"2019-03-28T18:24:24","guid":{"rendered":"https:\/\/raed.academy\/?p=69563"},"modified":"2019-03-29T09:59:51","modified_gmt":"2019-03-29T09:59:51","slug":"el-patrimoni-mundial-i-immaterial-despanya","status":"publish","type":"post","link":"https:\/\/raed.academy\/ca\/el-patrimoni-mundial-i-immaterial-despanya\/","title":{"rendered":"El patrimoni mundial i immaterial d&#8217;Espanya"},"content":{"rendered":"<h2>La Reial Acad\u00e8mia de Doctors d&#8217;Espanya i la Reial Acad\u00e8mia Europea de Doctors reflexionen sobre la gesti\u00f3 i difusi\u00f3 dels b\u00e9ns d&#8217;inter\u00e8s cultural i natural<\/h2>\n<p><img loading=\"lazy\" decoding=\"async\" class=\"alignleft size-full wp-image-69406\" src=\"https:\/\/i0.wp.com\/raed.academy\/wp-content\/uploads\/2019\/03\/1.debate-Patrimonio-Mundial-e-inmaterial-de-Espa\u00f1a.jpg?resize=850%2C567&amp;ssl=1\" sizes=\"(max-width: 850px) 100vw, 850px\" srcset=\"https:\/\/i0.wp.com\/raed.academy\/wp-content\/uploads\/2019\/03\/1.debate-Patrimonio-Mundial-e-inmaterial-de-Espa\u00f1a.jpg?w=850&amp;ssl=1 850w, https:\/\/i0.wp.com\/raed.academy\/wp-content\/uploads\/2019\/03\/1.debate-Patrimonio-Mundial-e-inmaterial-de-Espa\u00f1a.jpg?resize=768%2C512&amp;ssl=1 768w\" alt=\"\" width=\"850\" height=\"567\" data-attachment-id=\"69406\" data-permalink=\"https:\/\/raed.academy\/el-patrimonio-mundial-e-inmaterial-de-espana\/1-debate-patrimonio-mundial-e-inmaterial-de-espana\/\" data-orig-file=\"https:\/\/i0.wp.com\/raed.academy\/wp-content\/uploads\/2019\/03\/1.debate-Patrimonio-Mundial-e-inmaterial-de-Espa\u00f1a.jpg?fit=850%2C567&amp;ssl=1\" data-orig-size=\"850,567\" data-comments-opened=\"0\" data-image-meta=\"{&quot;aperture&quot;:&quot;4&quot;,&quot;credit&quot;:&quot;&quot;,&quot;camera&quot;:&quot;Canon EOS 70D&quot;,&quot;caption&quot;:&quot;&quot;,&quot;created_timestamp&quot;:&quot;1553103962&quot;,&quot;copyright&quot;:&quot;&quot;,&quot;focal_length&quot;:&quot;24&quot;,&quot;iso&quot;:&quot;500&quot;,&quot;shutter_speed&quot;:&quot;0.033333333333333&quot;,&quot;title&quot;:&quot;&quot;,&quot;orientation&quot;:&quot;1&quot;}\" data-image-title=\"1.debate-Patrimonio-Mundial-e-inmaterial-de-Espa\u00f1a\" data-image-description=\"\" data-medium-file=\"https:\/\/i0.wp.com\/raed.academy\/wp-content\/uploads\/2019\/03\/1.debate-Patrimonio-Mundial-e-inmaterial-de-Espa\u00f1a.jpg?fit=850%2C567&amp;ssl=1\" data-large-file=\"https:\/\/i0.wp.com\/raed.academy\/wp-content\/uploads\/2019\/03\/1.debate-Patrimonio-Mundial-e-inmaterial-de-Espa\u00f1a.jpg?fit=850%2C567&amp;ssl=1\" \/>La <a href=\"https:\/\/www.radoctores.es\/\" target=\"_blank\" rel=\"noopener noreferrer\"><strong>Reial Acad\u00e8mia de Doctors d&#8217;Espanya<\/strong><\/a> (RADE) i la <strong>Reial Acad\u00e8mia Europea de Doctors-Barcelona 1914<\/strong> (RAED) van celebrar dimecres passat, 20 de mar\u00e7, a la Sala d&#8217;Actes de la <strong>Biblioteca Marqu\u00e9s de Valdecilla<\/strong> de Madrid la taula rodona <strong>&#8220;Patrimonio mundial e inmaterial de Espa\u00f1a&#8221;<\/strong>. A la sessi\u00f3 van participar <strong>Ignacio Buqueras<\/strong>, acad\u00e8mic de n\u00famero de la Secci\u00f3 d&#8217;Humanitats de la RADE, president de l&#8217;<strong>Associaci\u00f3 per a la Difusi\u00f3 i Promoci\u00f3 del Patrimoni Mundial d&#8217;Espanya<\/strong> i acad\u00e8mic de n\u00famero electe de la RAED; <strong>Emilio de Diego Mart\u00ednez<\/strong>, acad\u00e8mic numerari i president de la Secci\u00f3 d&#8217;Humanitats de la RADE, i <a href=\"https:\/\/raed.academy\/ca\/academics\/dr-santiago-jose-castella-surribas\/\" target=\"_blank\" rel=\"noopener noreferrer\"><strong>Santiago Castell\u00e0<\/strong><\/a>, acad\u00e8mic de n\u00famero i membre de la Junta de Govern de la RAED i secretari general de la seva fundaci\u00f3. <strong>Antonio Bascones<\/strong>, acad\u00e8mic numerari president de la <a href=\"https:\/\/www.radoctores.es\/\" target=\"_blank\" rel=\"noopener noreferrer\"><strong>Reial Acad\u00e8mia de Doctors d&#8217;Espanya<\/strong><\/a>, va presentar l&#8217;acte i va exercir com a moderador del debat, mentre que <a href=\"https:\/\/raed.academy\/ca\/academics\/dr-alfredo-rocafort-nicolau\/\" target=\"_blank\" rel=\"noopener noreferrer\"><strong>Alfredo Rocafort<\/strong><\/a>, acad\u00e8mic de n\u00famero i president de la Reial Acad\u00e8mia Europea de Doctors, va dirigir unes paraules d&#8217;agra\u00efment a la <a href=\"https:\/\/www.radoctores.es\/\" target=\"_blank\" rel=\"noopener noreferrer\">RADE<\/a> per la seva acollida i la seva ferma aposta d&#8217;un treball en com\u00fa entre ambdues institucions acad\u00e8miques.<\/p>\n<p>Bascones va destacar el valor del patrimoni espanyol, tant material com immaterial, i ha instat la societat civil i, l\u00f2gicament, a les administracions a protegir-lo i difondre&#8217;l. &#8220;Una de les coses en qu\u00e8 m\u00e9s orgullosos hav\u00edem d&#8217;estar \u00e9s el patrimoni d&#8217;Espanya. Tenim riqueses per tot arreu i en tots els llocs des del nord al sud i des de l&#8217;est a l&#8217;oest. Som un pa\u00eds que ha sabut traslladar una llengua, uns valors i una cultura a altres pa\u00efsos i continents al llarg de la hist\u00f2ria obrint rutes comercials i facilitant lla\u00e7os d&#8217;uni\u00f3 amb moltes cultures i formes de vida diferents. El nostre futur nom\u00e9s \u00e9s factible des de l&#8217;\u00f2ptica de la confian\u00e7a en nosaltres mateixos i del coneixement de la nostra hist\u00f2ria en com\u00fa&#8221;, va assenyalar en la seva introducci\u00f3 de la sessi\u00f3.<\/p>\n<p>Buqueras, per la seva banda, va ressenyar de manera succinta els elements patrimonials i naturals reconeguts i protegits per la Unesco a Espanya i la seva distribuci\u00f3 per comunitats aut\u00f2nomes. Aix\u00ed mateix va explicar la tasca de l&#8217;Associaci\u00f3 per a la Difusi\u00f3 i Promoci\u00f3 del Patrimoni Mundial d&#8217;Espanya. &#8220;Tot i comptar amb un dels patrimonis m\u00e9s importants a nivell internacional, malauradament, no \u00e9s del tot ni conegut ni apreciat ni valorat per la societat espanyola. \u00c9s per aix\u00f2 que l&#8217;any 2018 vam decidir crear l&#8217;associaci\u00f3&#8221;, va explicar. L&#8217;edici\u00f3 del llibre<strong> &#8220;El patrimonio mundial e inmaterial de Espa\u00f1a&#8221;<\/strong>, que va donar nom a la taula rodona, \u00e9s la culminaci\u00f3 de m\u00e9s de cinc anys de treball.<\/p>\n<p>Castell\u00e0 va abordar la q\u00fcesti\u00f3 de la construcci\u00f3 d&#8217;un imaginari com\u00fa de l&#8217;espanyolitat. Va iniciar la seva reflexi\u00f3 al voltant de les ciutats, especialment les ciutats patrimoni, com a aportaci\u00f3 d&#8217;Occident al m\u00f3n: la ciutat com a espai cosmopolita, complex, racional, din\u00e0mic, suma d&#8217;esfor\u00e7os per generar excedents i amb aix\u00f2 generadora d&#8217;un espai p\u00fablic convivencial i de l&#8217;administraci\u00f3 de serveis comuns. El ponent va explicar que les ciutats patrimoni ens permeten preguntar-nos i buscar respostes sobre el que som, per\u00f2 sobretot sobre el que volem ser: es tracta de construir un imaginari col\u00b7lectiu de l&#8217;espanyolitat. I va exposar com la idea de la tercera Espanya, de l&#8217;Espanya sempre impossible, expulsada o sotmesa, havia estat l&#8217;espai des d&#8217;on reflexionar sobre el sentit profund de qu\u00e8 \u00e9s ser espanyol i quin ha estat el paper de la Hispanitat a la construcci\u00f3 de l&#8217;imaginari d&#8217;Occident. La intervenci\u00f3 de De Diego, d&#8217;altra banda, es va centrar en l&#8217;exemple de Seg\u00f2via i la gesti\u00f3 exemplar del seu patrimoni.<\/p>\n<p>&nbsp;<\/p>\n\n\t\t<style type=\"text\/css\">\n\t\t\t#gallery-1 {\n\t\t\t\tmargin: auto;\n\t\t\t}\n\t\t\t#gallery-1 .gallery-item {\n\t\t\t\tfloat: left;\n\t\t\t\tmargin-top: 10px;\n\t\t\t\ttext-align: center;\n\t\t\t\twidth: 25%;\n\t\t\t}\n\t\t\t#gallery-1 img {\n\t\t\t\tborder: 2px solid #cfcfcf;\n\t\t\t}\n\t\t\t#gallery-1 .gallery-caption {\n\t\t\t\tmargin-left: 0;\n\t\t\t}\n\t\t\t\/* see gallery_shortcode() in wp-includes\/media.php *\/\n\t\t<\/style>\n\t\t<div id='gallery-1' class='gallery galleryid-69563 gallery-columns-4 gallery-size-medium'><dl class='gallery-item'>\n\t\t\t<dt class='gallery-icon landscape'>\n\t\t\t\t<a href='https:\/\/raed.academy\/wp-content\/uploads\/2019\/03\/2.debate-Patrimonio-Mundial-e-inmaterial-de-Espa\u00f1a.jpg'><img loading=\"lazy\" decoding=\"async\" width=\"850\" height=\"567\" src=\"https:\/\/raed.academy\/wp-content\/uploads\/2019\/03\/2.debate-Patrimonio-Mundial-e-inmaterial-de-Espa\u00f1a.jpg\" class=\"attachment-medium size-medium\" alt=\"Debate &quot;Patrimonio Mundial e inmaterial de Espa\u00f1a&quot;\" srcset=\"https:\/\/raed.academy\/wp-content\/uploads\/2019\/03\/2.debate-Patrimonio-Mundial-e-inmaterial-de-Espa\u00f1a.jpg 850w, https:\/\/raed.academy\/wp-content\/uploads\/2019\/03\/2.debate-Patrimonio-Mundial-e-inmaterial-de-Espa\u00f1a-768x512.jpg 768w\" sizes=\"(max-width: 850px) 100vw, 850px\" \/><\/a>\n\t\t\t<\/dt><\/dl><dl class='gallery-item'>\n\t\t\t<dt class='gallery-icon landscape'>\n\t\t\t\t<a href='https:\/\/raed.academy\/wp-content\/uploads\/2019\/03\/3.debate-Patrimonio-Mundial-e-inmaterial-de-Espa\u00f1a.jpg'><img loading=\"lazy\" decoding=\"async\" width=\"850\" height=\"567\" src=\"https:\/\/raed.academy\/wp-content\/uploads\/2019\/03\/3.debate-Patrimonio-Mundial-e-inmaterial-de-Espa\u00f1a.jpg\" class=\"attachment-medium size-medium\" alt=\"Debate &quot;Patrimonio Mundial e inmaterial de Espa\u00f1a&quot;\u00ba\" srcset=\"https:\/\/raed.academy\/wp-content\/uploads\/2019\/03\/3.debate-Patrimonio-Mundial-e-inmaterial-de-Espa\u00f1a.jpg 850w, https:\/\/raed.academy\/wp-content\/uploads\/2019\/03\/3.debate-Patrimonio-Mundial-e-inmaterial-de-Espa\u00f1a-768x512.jpg 768w\" sizes=\"(max-width: 850px) 100vw, 850px\" \/><\/a>\n\t\t\t<\/dt><\/dl><dl class='gallery-item'>\n\t\t\t<dt class='gallery-icon landscape'>\n\t\t\t\t<a href='https:\/\/raed.academy\/wp-content\/uploads\/2019\/03\/4.debate-Patrimonio-Mundial-e-inmaterial-de-Espa\u00f1a.jpg'><img loading=\"lazy\" decoding=\"async\" width=\"850\" height=\"567\" src=\"https:\/\/raed.academy\/wp-content\/uploads\/2019\/03\/4.debate-Patrimonio-Mundial-e-inmaterial-de-Espa\u00f1a.jpg\" class=\"attachment-medium size-medium\" alt=\"Debate &quot;Patrimonio Mundial e inmaterial de Espa\u00f1a&quot;\" srcset=\"https:\/\/raed.academy\/wp-content\/uploads\/2019\/03\/4.debate-Patrimonio-Mundial-e-inmaterial-de-Espa\u00f1a.jpg 850w, https:\/\/raed.academy\/wp-content\/uploads\/2019\/03\/4.debate-Patrimonio-Mundial-e-inmaterial-de-Espa\u00f1a-768x512.jpg 768w\" sizes=\"(max-width: 850px) 100vw, 850px\" \/><\/a>\n\t\t\t<\/dt><\/dl><dl class='gallery-item'>\n\t\t\t<dt class='gallery-icon landscape'>\n\t\t\t\t<a href='https:\/\/raed.academy\/wp-content\/uploads\/2019\/03\/5.debate-Patrimonio-Mundial-e-inmaterial-de-Espa\u00f1a.jpg'><img loading=\"lazy\" decoding=\"async\" width=\"850\" height=\"567\" src=\"https:\/\/raed.academy\/wp-content\/uploads\/2019\/03\/5.debate-Patrimonio-Mundial-e-inmaterial-de-Espa\u00f1a.jpg\" class=\"attachment-medium size-medium\" alt=\"Debate &quot;Patrimonio Mundial e inmaterial de Espa\u00f1a&quot;\" srcset=\"https:\/\/raed.academy\/wp-content\/uploads\/2019\/03\/5.debate-Patrimonio-Mundial-e-inmaterial-de-Espa\u00f1a.jpg 850w, https:\/\/raed.academy\/wp-content\/uploads\/2019\/03\/5.debate-Patrimonio-Mundial-e-inmaterial-de-Espa\u00f1a-768x512.jpg 768w\" sizes=\"(max-width: 850px) 100vw, 850px\" \/><\/a>\n\t\t\t<\/dt><\/dl><br style=\"clear: both\" \/>\n\t\t<\/div>\n\n","protected":false},"excerpt":{"rendered":"<p>La Reial Acad\u00e8mia de Doctors d&#8217;Espanya i la Reial Acad\u00e8mia Europea de Doctors reflexionen sobre la gesti\u00f3 i difusi\u00f3 dels b\u00e9ns d&#8217;inter\u00e8s cultural i natural La Reial Acad\u00e8mia de Doctors d&#8217;Espanya (RADE) i la Reial Acad\u00e8mia Europea de Doctors-Barcelona 1914 (RAED) van celebrar dimecres passat, 20 de mar\u00e7, a la Sala d&#8217;Actes de la Biblioteca [&hellip;]<\/p>\n","protected":false},"author":12,"featured_media":69374,"comment_status":"closed","ping_status":"closed","sticky":false,"template":"","format":"standard","meta":{"_et_pb_use_builder":"","_et_pb_old_content":"","_et_gb_content_width":"","footnotes":""},"categories":[229,242],"tags":[],"class_list":["post-69563","post","type-post","status-publish","format-standard","has-post-thumbnail","hentry","category-art","category-categ-historia","et-has-post-format-content","et_post_format-et-post-format-standard"],"yoast_head":"<!-- This site is optimized with the Yoast SEO plugin v27.5 - https:\/\/yoast.com\/product\/yoast-seo-wordpress\/ -->\n<title>El patrimoni mundial i immaterial d&#039;Espanya - Reial Acad\u00e8mia Europea de Doctors<\/title>\n<meta name=\"robots\" content=\"index, follow, max-snippet:-1, max-image-preview:large, max-video-preview:-1\" \/>\n<link rel=\"canonical\" href=\"https:\/\/raed.academy\/ca\/el-patrimoni-mundial-i-immaterial-despanya\/\" \/>\n<meta property=\"og:locale\" content=\"ca_ES\" \/>\n<meta property=\"og:type\" content=\"article\" \/>\n<meta property=\"og:title\" content=\"El patrimoni mundial i immaterial d&#039;Espanya - Reial Acad\u00e8mia Europea de Doctors\" \/>\n<meta property=\"og:description\" content=\"La Reial Acad\u00e8mia de Doctors d&#8217;Espanya i la Reial Acad\u00e8mia Europea de Doctors reflexionen sobre la gesti\u00f3 i difusi\u00f3 dels b\u00e9ns d&#8217;inter\u00e8s cultural i natural La Reial Acad\u00e8mia de Doctors d&#8217;Espanya (RADE) i la Reial Acad\u00e8mia Europea de Doctors-Barcelona 1914 (RAED) van celebrar dimecres passat, 20 de mar\u00e7, a la Sala d&#8217;Actes de la Biblioteca [&hellip;]\" \/>\n<meta property=\"og:url\" content=\"https:\/\/raed.academy\/ca\/el-patrimoni-mundial-i-immaterial-despanya\/\" \/>\n<meta property=\"og:site_name\" content=\"Reial Acad\u00e8mia Europea de Doctors\" \/>\n<meta property=\"article:publisher\" content=\"http:\/\/fb.me\/raed.academy\" \/>\n<meta property=\"article:published_time\" content=\"2019-03-28T18:24:24+00:00\" \/>\n<meta property=\"article:modified_time\" content=\"2019-03-29T09:59:51+00:00\" \/>\n<meta property=\"og:image\" content=\"https:\/\/raed.academy\/wp-content\/uploads\/2019\/03\/segovia-shutterstock-dstNtc.jpg\" \/>\n\t<meta property=\"og:image:width\" content=\"970\" \/>\n\t<meta property=\"og:image:height\" content=\"333\" \/>\n\t<meta property=\"og:image:type\" content=\"image\/jpeg\" \/>\n<meta name=\"author\" content=\"RAED\" \/>\n<meta name=\"twitter:card\" content=\"summary_large_image\" \/>\n<meta name=\"twitter:creator\" content=\"@raedacademy\" \/>\n<meta name=\"twitter:site\" content=\"@raedacademy\" \/>\n<meta name=\"twitter:label1\" content=\"Written by\" \/>\n\t<meta name=\"twitter:data1\" content=\"RAED\" \/>\n\t<meta name=\"twitter:label2\" content=\"Est. reading time\" \/>\n\t<meta name=\"twitter:data2\" content=\"3 minutes\" \/>\n<script type=\"application\/ld+json\" class=\"yoast-schema-graph\">{\"@context\":\"https:\\\/\\\/schema.org\",\"@graph\":[{\"@type\":\"Article\",\"@id\":\"https:\\\/\\\/raed.academy\\\/ca\\\/el-patrimoni-mundial-i-immaterial-despanya\\\/#article\",\"isPartOf\":{\"@id\":\"https:\\\/\\\/raed.academy\\\/ca\\\/el-patrimoni-mundial-i-immaterial-despanya\\\/\"},\"author\":{\"name\":\"RAED\",\"@id\":\"https:\\\/\\\/raed.academy\\\/ca\\\/#\\\/schema\\\/person\\\/5a755da80d1d979fd66ba745c8702927\"},\"headline\":\"El patrimoni mundial i immaterial d&#8217;Espanya\",\"datePublished\":\"2019-03-28T18:24:24+00:00\",\"dateModified\":\"2019-03-29T09:59:51+00:00\",\"mainEntityOfPage\":{\"@id\":\"https:\\\/\\\/raed.academy\\\/ca\\\/el-patrimoni-mundial-i-immaterial-despanya\\\/\"},\"wordCount\":717,\"publisher\":{\"@id\":\"https:\\\/\\\/raed.academy\\\/ca\\\/#organization\"},\"image\":{\"@id\":\"https:\\\/\\\/raed.academy\\\/ca\\\/el-patrimoni-mundial-i-immaterial-despanya\\\/#primaryimage\"},\"thumbnailUrl\":\"https:\\\/\\\/raed.academy\\\/wp-content\\\/uploads\\\/2019\\\/03\\\/segovia-shutterstock-dstNtc.jpg\",\"articleSection\":[\"Art\",\"Hist\u00f2ria\"],\"inLanguage\":\"ca-ES\"},{\"@type\":\"WebPage\",\"@id\":\"https:\\\/\\\/raed.academy\\\/ca\\\/el-patrimoni-mundial-i-immaterial-despanya\\\/\",\"url\":\"https:\\\/\\\/raed.academy\\\/ca\\\/el-patrimoni-mundial-i-immaterial-despanya\\\/\",\"name\":\"El patrimoni mundial i immaterial d'Espanya - Reial Acad\u00e8mia Europea de Doctors\",\"isPartOf\":{\"@id\":\"https:\\\/\\\/raed.academy\\\/ca\\\/#website\"},\"primaryImageOfPage\":{\"@id\":\"https:\\\/\\\/raed.academy\\\/ca\\\/el-patrimoni-mundial-i-immaterial-despanya\\\/#primaryimage\"},\"image\":{\"@id\":\"https:\\\/\\\/raed.academy\\\/ca\\\/el-patrimoni-mundial-i-immaterial-despanya\\\/#primaryimage\"},\"thumbnailUrl\":\"https:\\\/\\\/raed.academy\\\/wp-content\\\/uploads\\\/2019\\\/03\\\/segovia-shutterstock-dstNtc.jpg\",\"datePublished\":\"2019-03-28T18:24:24+00:00\",\"dateModified\":\"2019-03-29T09:59:51+00:00\",\"breadcrumb\":{\"@id\":\"https:\\\/\\\/raed.academy\\\/ca\\\/el-patrimoni-mundial-i-immaterial-despanya\\\/#breadcrumb\"},\"inLanguage\":\"ca-ES\",\"potentialAction\":[{\"@type\":\"ReadAction\",\"target\":[\"https:\\\/\\\/raed.academy\\\/ca\\\/el-patrimoni-mundial-i-immaterial-despanya\\\/\"]}]},{\"@type\":\"ImageObject\",\"inLanguage\":\"ca-ES\",\"@id\":\"https:\\\/\\\/raed.academy\\\/ca\\\/el-patrimoni-mundial-i-immaterial-despanya\\\/#primaryimage\",\"url\":\"https:\\\/\\\/raed.academy\\\/wp-content\\\/uploads\\\/2019\\\/03\\\/segovia-shutterstock-dstNtc.jpg\",\"contentUrl\":\"https:\\\/\\\/raed.academy\\\/wp-content\\\/uploads\\\/2019\\\/03\\\/segovia-shutterstock-dstNtc.jpg\",\"width\":970,\"height\":333},{\"@type\":\"BreadcrumbList\",\"@id\":\"https:\\\/\\\/raed.academy\\\/ca\\\/el-patrimoni-mundial-i-immaterial-despanya\\\/#breadcrumb\",\"itemListElement\":[{\"@type\":\"ListItem\",\"position\":1,\"name\":\"Inicio\",\"item\":\"https:\\\/\\\/raed.academy\\\/ca\\\/\"},{\"@type\":\"ListItem\",\"position\":2,\"name\":\"El patrimoni mundial i immaterial d&#8217;Espanya\"}]},{\"@type\":\"WebSite\",\"@id\":\"https:\\\/\\\/raed.academy\\\/ca\\\/#website\",\"url\":\"https:\\\/\\\/raed.academy\\\/ca\\\/\",\"name\":\"Reial Acad\u00e8mia Europea de Doctors\",\"description\":\"Corporaci\u00f3n de derecho p\u00fablico de car\u00e1cter cient\u00edfico, t\u00e9cnico y art\u00edstico, que tiene por objeto la investigaci\u00f3n, el estudio, el fomento y la extensi\u00f3n del conocimiento en su sentido m\u00e1s amplio\",\"publisher\":{\"@id\":\"https:\\\/\\\/raed.academy\\\/ca\\\/#organization\"},\"potentialAction\":[{\"@type\":\"SearchAction\",\"target\":{\"@type\":\"EntryPoint\",\"urlTemplate\":\"https:\\\/\\\/raed.academy\\\/ca\\\/?s={search_term_string}\"},\"query-input\":{\"@type\":\"PropertyValueSpecification\",\"valueRequired\":true,\"valueName\":\"search_term_string\"}}],\"inLanguage\":\"ca-ES\"},{\"@type\":\"Organization\",\"@id\":\"https:\\\/\\\/raed.academy\\\/ca\\\/#organization\",\"name\":\"Real Academia Europea de Doctores\",\"url\":\"https:\\\/\\\/raed.academy\\\/ca\\\/\",\"logo\":{\"@type\":\"ImageObject\",\"inLanguage\":\"ca-ES\",\"@id\":\"https:\\\/\\\/raed.academy\\\/ca\\\/#\\\/schema\\\/logo\\\/image\\\/\",\"url\":\"https:\\\/\\\/raed.academy\\\/wp-content\\\/uploads\\\/2017\\\/01\\\/cropped-logo_raed.png\",\"contentUrl\":\"https:\\\/\\\/raed.academy\\\/wp-content\\\/uploads\\\/2017\\\/01\\\/cropped-logo_raed.png\",\"width\":512,\"height\":512,\"caption\":\"Real Academia Europea de Doctores\"},\"image\":{\"@id\":\"https:\\\/\\\/raed.academy\\\/ca\\\/#\\\/schema\\\/logo\\\/image\\\/\"},\"sameAs\":[\"http:\\\/\\\/fb.me\\\/raed.academy\",\"https:\\\/\\\/x.com\\\/raedacademy\",\"https:\\\/\\\/www.instagram.com\\\/raed.academy\\\/\",\"https:\\\/\\\/www.youtube.com\\\/channel\\\/UCUYQwW2KrdirNWihxMDObwg\"]},{\"@type\":\"Person\",\"@id\":\"https:\\\/\\\/raed.academy\\\/ca\\\/#\\\/schema\\\/person\\\/5a755da80d1d979fd66ba745c8702927\",\"name\":\"RAED\",\"image\":{\"@type\":\"ImageObject\",\"inLanguage\":\"ca-ES\",\"@id\":\"https:\\\/\\\/secure.gravatar.com\\\/avatar\\\/19fdfdc0d67fb9c45714b703a2ac82251c4fcea3637f002ac3c9b74c0183583c?s=96&d=mm&r=g\",\"url\":\"https:\\\/\\\/secure.gravatar.com\\\/avatar\\\/19fdfdc0d67fb9c45714b703a2ac82251c4fcea3637f002ac3c9b74c0183583c?s=96&d=mm&r=g\",\"contentUrl\":\"https:\\\/\\\/secure.gravatar.com\\\/avatar\\\/19fdfdc0d67fb9c45714b703a2ac82251c4fcea3637f002ac3c9b74c0183583c?s=96&d=mm&r=g\",\"caption\":\"RAED\"}}]}<\/script>\n<!-- \/ Yoast SEO plugin. -->","yoast_head_json":{"title":"El patrimoni mundial i immaterial d'Espanya - Reial Acad\u00e8mia Europea de Doctors","robots":{"index":"index","follow":"follow","max-snippet":"max-snippet:-1","max-image-preview":"max-image-preview:large","max-video-preview":"max-video-preview:-1"},"canonical":"https:\/\/raed.academy\/ca\/el-patrimoni-mundial-i-immaterial-despanya\/","og_locale":"ca_ES","og_type":"article","og_title":"El patrimoni mundial i immaterial d'Espanya - Reial Acad\u00e8mia Europea de Doctors","og_description":"La Reial Acad\u00e8mia de Doctors d&#8217;Espanya i la Reial Acad\u00e8mia Europea de Doctors reflexionen sobre la gesti\u00f3 i difusi\u00f3 dels b\u00e9ns d&#8217;inter\u00e8s cultural i natural La Reial Acad\u00e8mia de Doctors d&#8217;Espanya (RADE) i la Reial Acad\u00e8mia Europea de Doctors-Barcelona 1914 (RAED) van celebrar dimecres passat, 20 de mar\u00e7, a la Sala d&#8217;Actes de la Biblioteca [&hellip;]","og_url":"https:\/\/raed.academy\/ca\/el-patrimoni-mundial-i-immaterial-despanya\/","og_site_name":"Reial Acad\u00e8mia Europea de Doctors","article_publisher":"http:\/\/fb.me\/raed.academy","article_published_time":"2019-03-28T18:24:24+00:00","article_modified_time":"2019-03-29T09:59:51+00:00","og_image":[{"width":970,"height":333,"url":"https:\/\/raed.academy\/wp-content\/uploads\/2019\/03\/segovia-shutterstock-dstNtc.jpg","type":"image\/jpeg"}],"author":"RAED","twitter_card":"summary_large_image","twitter_creator":"@raedacademy","twitter_site":"@raedacademy","twitter_misc":{"Written by":"RAED","Est. reading time":"3 minutes"},"schema":{"@context":"https:\/\/schema.org","@graph":[{"@type":"Article","@id":"https:\/\/raed.academy\/ca\/el-patrimoni-mundial-i-immaterial-despanya\/#article","isPartOf":{"@id":"https:\/\/raed.academy\/ca\/el-patrimoni-mundial-i-immaterial-despanya\/"},"author":{"name":"RAED","@id":"https:\/\/raed.academy\/ca\/#\/schema\/person\/5a755da80d1d979fd66ba745c8702927"},"headline":"El patrimoni mundial i immaterial d&#8217;Espanya","datePublished":"2019-03-28T18:24:24+00:00","dateModified":"2019-03-29T09:59:51+00:00","mainEntityOfPage":{"@id":"https:\/\/raed.academy\/ca\/el-patrimoni-mundial-i-immaterial-despanya\/"},"wordCount":717,"publisher":{"@id":"https:\/\/raed.academy\/ca\/#organization"},"image":{"@id":"https:\/\/raed.academy\/ca\/el-patrimoni-mundial-i-immaterial-despanya\/#primaryimage"},"thumbnailUrl":"https:\/\/raed.academy\/wp-content\/uploads\/2019\/03\/segovia-shutterstock-dstNtc.jpg","articleSection":["Art","Hist\u00f2ria"],"inLanguage":"ca-ES"},{"@type":"WebPage","@id":"https:\/\/raed.academy\/ca\/el-patrimoni-mundial-i-immaterial-despanya\/","url":"https:\/\/raed.academy\/ca\/el-patrimoni-mundial-i-immaterial-despanya\/","name":"El patrimoni mundial i immaterial d'Espanya - Reial Acad\u00e8mia Europea de Doctors","isPartOf":{"@id":"https:\/\/raed.academy\/ca\/#website"},"primaryImageOfPage":{"@id":"https:\/\/raed.academy\/ca\/el-patrimoni-mundial-i-immaterial-despanya\/#primaryimage"},"image":{"@id":"https:\/\/raed.academy\/ca\/el-patrimoni-mundial-i-immaterial-despanya\/#primaryimage"},"thumbnailUrl":"https:\/\/raed.academy\/wp-content\/uploads\/2019\/03\/segovia-shutterstock-dstNtc.jpg","datePublished":"2019-03-28T18:24:24+00:00","dateModified":"2019-03-29T09:59:51+00:00","breadcrumb":{"@id":"https:\/\/raed.academy\/ca\/el-patrimoni-mundial-i-immaterial-despanya\/#breadcrumb"},"inLanguage":"ca-ES","potentialAction":[{"@type":"ReadAction","target":["https:\/\/raed.academy\/ca\/el-patrimoni-mundial-i-immaterial-despanya\/"]}]},{"@type":"ImageObject","inLanguage":"ca-ES","@id":"https:\/\/raed.academy\/ca\/el-patrimoni-mundial-i-immaterial-despanya\/#primaryimage","url":"https:\/\/raed.academy\/wp-content\/uploads\/2019\/03\/segovia-shutterstock-dstNtc.jpg","contentUrl":"https:\/\/raed.academy\/wp-content\/uploads\/2019\/03\/segovia-shutterstock-dstNtc.jpg","width":970,"height":333},{"@type":"BreadcrumbList","@id":"https:\/\/raed.academy\/ca\/el-patrimoni-mundial-i-immaterial-despanya\/#breadcrumb","itemListElement":[{"@type":"ListItem","position":1,"name":"Inicio","item":"https:\/\/raed.academy\/ca\/"},{"@type":"ListItem","position":2,"name":"El patrimoni mundial i immaterial d&#8217;Espanya"}]},{"@type":"WebSite","@id":"https:\/\/raed.academy\/ca\/#website","url":"https:\/\/raed.academy\/ca\/","name":"Reial Acad\u00e8mia Europea de Doctors","description":"Corporaci\u00f3n de derecho p\u00fablico de car\u00e1cter cient\u00edfico, t\u00e9cnico y art\u00edstico, que tiene por objeto la investigaci\u00f3n, el estudio, el fomento y la extensi\u00f3n del conocimiento en su sentido m\u00e1s amplio","publisher":{"@id":"https:\/\/raed.academy\/ca\/#organization"},"potentialAction":[{"@type":"SearchAction","target":{"@type":"EntryPoint","urlTemplate":"https:\/\/raed.academy\/ca\/?s={search_term_string}"},"query-input":{"@type":"PropertyValueSpecification","valueRequired":true,"valueName":"search_term_string"}}],"inLanguage":"ca-ES"},{"@type":"Organization","@id":"https:\/\/raed.academy\/ca\/#organization","name":"Real Academia Europea de Doctores","url":"https:\/\/raed.academy\/ca\/","logo":{"@type":"ImageObject","inLanguage":"ca-ES","@id":"https:\/\/raed.academy\/ca\/#\/schema\/logo\/image\/","url":"https:\/\/raed.academy\/wp-content\/uploads\/2017\/01\/cropped-logo_raed.png","contentUrl":"https:\/\/raed.academy\/wp-content\/uploads\/2017\/01\/cropped-logo_raed.png","width":512,"height":512,"caption":"Real Academia Europea de Doctores"},"image":{"@id":"https:\/\/raed.academy\/ca\/#\/schema\/logo\/image\/"},"sameAs":["http:\/\/fb.me\/raed.academy","https:\/\/x.com\/raedacademy","https:\/\/www.instagram.com\/raed.academy\/","https:\/\/www.youtube.com\/channel\/UCUYQwW2KrdirNWihxMDObwg"]},{"@type":"Person","@id":"https:\/\/raed.academy\/ca\/#\/schema\/person\/5a755da80d1d979fd66ba745c8702927","name":"RAED","image":{"@type":"ImageObject","inLanguage":"ca-ES","@id":"https:\/\/secure.gravatar.com\/avatar\/19fdfdc0d67fb9c45714b703a2ac82251c4fcea3637f002ac3c9b74c0183583c?s=96&d=mm&r=g","url":"https:\/\/secure.gravatar.com\/avatar\/19fdfdc0d67fb9c45714b703a2ac82251c4fcea3637f002ac3c9b74c0183583c?s=96&d=mm&r=g","contentUrl":"https:\/\/secure.gravatar.com\/avatar\/19fdfdc0d67fb9c45714b703a2ac82251c4fcea3637f002ac3c9b74c0183583c?s=96&d=mm&r=g","caption":"RAED"}}]}},"_links":{"self":[{"href":"https:\/\/raed.academy\/ca\/wp-json\/wp\/v2\/posts\/69563","targetHints":{"allow":["GET"]}}],"collection":[{"href":"https:\/\/raed.academy\/ca\/wp-json\/wp\/v2\/posts"}],"about":[{"href":"https:\/\/raed.academy\/ca\/wp-json\/wp\/v2\/types\/post"}],"author":[{"embeddable":true,"href":"https:\/\/raed.academy\/ca\/wp-json\/wp\/v2\/users\/12"}],"replies":[{"embeddable":true,"href":"https:\/\/raed.academy\/ca\/wp-json\/wp\/v2\/comments?post=69563"}],"version-history":[{"count":0,"href":"https:\/\/raed.academy\/ca\/wp-json\/wp\/v2\/posts\/69563\/revisions"}],"wp:featuredmedia":[{"embeddable":true,"href":"https:\/\/raed.academy\/ca\/wp-json\/wp\/v2\/media\/69374"}],"wp:attachment":[{"href":"https:\/\/raed.academy\/ca\/wp-json\/wp\/v2\/media?parent=69563"}],"wp:term":[{"taxonomy":"category","embeddable":true,"href":"https:\/\/raed.academy\/ca\/wp-json\/wp\/v2\/categories?post=69563"},{"taxonomy":"post_tag","embeddable":true,"href":"https:\/\/raed.academy\/ca\/wp-json\/wp\/v2\/tags?post=69563"}],"curies":[{"name":"wp","href":"https:\/\/api.w.org\/{rel}","templated":true}]}}