{"id":67717,"date":"2019-02-27T17:05:12","date_gmt":"2019-02-27T17:05:12","guid":{"rendered":"https:\/\/raed.academy\/?p=67717"},"modified":"2019-02-28T16:58:12","modified_gmt":"2019-02-28T16:58:12","slug":"el-cristianisme-al-segle-de-les-llums","status":"publish","type":"post","link":"https:\/\/raed.academy\/ca\/el-cristianisme-al-segle-de-les-llums\/","title":{"rendered":"El cristianisme al Segle de les Llums"},"content":{"rendered":"<p><img loading=\"lazy\" decoding=\"async\" class=\"alignright wp-image-67765 jetpack-lazy-image jetpack-lazy-image--handled\" src=\"https:\/\/i1.wp.com\/raed.academy\/wp-content\/uploads\/2019\/02\/La-Teologia-Cristiana-a-la-Modernitat_Josep-Ignasi-Saranyana.jpg?resize=350%2C529&amp;ssl=1\" alt=\"\" width=\"350\" height=\"529\" data-attachment-id=\"67765\" data-permalink=\"https:\/\/raed.academy\/el-cristianismo-en-el-siglo-de-las-luces\/la-teologia-cristiana-a-la-modernitat_josep-ignasi-saranyana-2\/\" data-orig-file=\"https:\/\/i1.wp.com\/raed.academy\/wp-content\/uploads\/2019\/02\/La-Teologia-Cristiana-a-la-Modernitat_Josep-Ignasi-Saranyana.jpg?fit=450%2C680&amp;ssl=1\" data-orig-size=\"450,680\" data-comments-opened=\"0\" data-image-meta=\"{&quot;aperture&quot;:&quot;0&quot;,&quot;credit&quot;:&quot;&quot;,&quot;camera&quot;:&quot;&quot;,&quot;caption&quot;:&quot;&quot;,&quot;created_timestamp&quot;:&quot;0&quot;,&quot;copyright&quot;:&quot;&quot;,&quot;focal_length&quot;:&quot;0&quot;,&quot;iso&quot;:&quot;0&quot;,&quot;shutter_speed&quot;:&quot;0&quot;,&quot;title&quot;:&quot;&quot;,&quot;orientation&quot;:&quot;0&quot;}\" data-image-title=\"La-Teologia-Cristiana-a-la-Modernitat_Josep-Ignasi-Saranyana\" data-image-description=\"\" data-medium-file=\"https:\/\/i1.wp.com\/raed.academy\/wp-content\/uploads\/2019\/02\/La-Teologia-Cristiana-a-la-Modernitat_Josep-Ignasi-Saranyana.jpg?fit=450%2C680&amp;ssl=1\" data-large-file=\"https:\/\/i1.wp.com\/raed.academy\/wp-content\/uploads\/2019\/02\/La-Teologia-Cristiana-a-la-Modernitat_Josep-Ignasi-Saranyana.jpg?fit=450%2C680&amp;ssl=1\" data-recalc-dims=\"1\" data-lazy-loaded=\"1\" \/><a href=\"https:\/\/raed.academy\/ca\/academics\/dr-josep-ignasi-saranyana-closa\/\" target=\"_blank\" rel=\"noopener noreferrer\"><strong>Josep Ignasi Saranyana<\/strong><\/a>, professor em\u00e8rit de la <a href=\"http:\/\/www.unav.edu\" target=\"_blank\" rel=\"noopener noreferrer\"><strong>Universitat de Navarra<\/strong><\/a> i acad\u00e8mic de n\u00famero de la <strong>Reial Acad\u00e8mia Europea de Doctors-Barcelona 1914<\/strong> (RAED), ha donat a la Biblioteca de l&#8217;Acad\u00e8mia el llibre <strong>&#8220;La teologia cristiana a la Modernitat. De l&#8217;albada del segle XVI al llindar de la Il\u00b7lustraci\u00f3&#8221;<\/strong> (Cosset\u00e0nia Edicions), de recent aparici\u00f3. Una obra de gran rigor hist\u00f2ric i teol\u00f2gic que aborda en el per\u00edode que va des de la fi de les guerres civils europees a finals del segle XV fins a l&#8217;esclat del liberalisme.<\/p>\n<p>Es tracta d&#8217;un per\u00edode crucial per a la cultura i el pensament occidentals, ja que \u00e9s en aquest moment quan es forja la Modernitat. &#8220;S&#8217;ha dit i repetit que hi va haver una ruptura no nom\u00e9s religiosa, sin\u00f3 tamb\u00e9 cultural entre la baixa Edat Mitjana i el Renaixement i, encara m\u00e9s, entre aquest i la Il\u00b7lustraci\u00f3. Ben mirat, per\u00f2, la hist\u00f2ria no va a salts. El teixit hist\u00f2ric \u00e9s molt m\u00e9s fluid del que sembla a primera vista. \u00c9s una greu simplificaci\u00f3 (m\u00e9s encara, pot ser una manipulaci\u00f3 ideol\u00f2gica) considerar que es passa de la foscor a la claror sense soluci\u00f3 de continu\u00eftat. Ni <strong>Luter<\/strong>, a tall d&#8217;exemple, hauria estat possible sense un agustinisme medieval radicalitzat i l&#8217;imperi del nominalisme, o <strong>Kant<\/strong> no seria comprensible sense el pietisme luter\u00e0&#8221;, s&#8217;explica en la introducci\u00f3 de l&#8217;obra.<\/p>\n<p>Aquest estudi prova de tra\u00e7ar algunes l\u00ednies de continu\u00eftat en el desenvolupament del pensament teol\u00f2gic i filos\u00f2fic des de finals del segle XV fins a la plenitud del jansenisme pol\u00edtic i religi\u00f3s, fent veure que els sobtats girs en el proc\u00e9s hist\u00f2ric ni s\u00f3n tan sorprenents ni tan bruscos com apareixen en el relat simple i lineal de la hist\u00f2ria. Analitzat detingudament s&#8217;at\u00e9n la profunditat del transcurs intel\u00b7lectual d&#8217;Occident.<\/p>\n","protected":false},"excerpt":{"rendered":"<p>Josep Ignasi Saranyana, professor em\u00e8rit de la Universitat de Navarra i acad\u00e8mic de n\u00famero de la Reial Acad\u00e8mia Europea de Doctors-Barcelona 1914 (RAED), ha donat a la Biblioteca de l&#8217;Acad\u00e8mia el llibre &#8220;La teologia cristiana a la Modernitat. De l&#8217;albada del segle XVI al llindar de la Il\u00b7lustraci\u00f3&#8221; (Cosset\u00e0nia Edicions), de recent aparici\u00f3. Una obra [&hellip;]<\/p>\n","protected":false},"author":12,"featured_media":67764,"comment_status":"closed","ping_status":"closed","sticky":false,"template":"","format":"standard","meta":{"_et_pb_use_builder":"","_et_pb_old_content":"","_et_gb_content_width":"","footnotes":""},"categories":[242],"tags":[],"class_list":["post-67717","post","type-post","status-publish","format-standard","has-post-thumbnail","hentry","category-categ-historia","et-has-post-format-content","et_post_format-et-post-format-standard"],"yoast_head":"<!-- This site is optimized with the Yoast SEO plugin v27.4 - https:\/\/yoast.com\/product\/yoast-seo-wordpress\/ -->\n<title>El cristianisme al Segle de les Llums - Reial Acad\u00e8mia Europea de Doctors<\/title>\n<meta name=\"robots\" content=\"index, follow, max-snippet:-1, max-image-preview:large, max-video-preview:-1\" \/>\n<link rel=\"canonical\" href=\"https:\/\/raed.academy\/ca\/el-cristianisme-al-segle-de-les-llums\/\" \/>\n<meta property=\"og:locale\" content=\"ca_ES\" \/>\n<meta property=\"og:type\" content=\"article\" \/>\n<meta property=\"og:title\" content=\"El cristianisme al Segle de les Llums - Reial Acad\u00e8mia Europea de Doctors\" \/>\n<meta property=\"og:description\" content=\"Josep Ignasi Saranyana, professor em\u00e8rit de la Universitat de Navarra i acad\u00e8mic de n\u00famero de la Reial Acad\u00e8mia Europea de Doctors-Barcelona 1914 (RAED), ha donat a la Biblioteca de l&#8217;Acad\u00e8mia el llibre &#8220;La teologia cristiana a la Modernitat. De l&#8217;albada del segle XVI al llindar de la Il\u00b7lustraci\u00f3&#8221; (Cosset\u00e0nia Edicions), de recent aparici\u00f3. Una obra [&hellip;]\" \/>\n<meta property=\"og:url\" content=\"https:\/\/raed.academy\/ca\/el-cristianisme-al-segle-de-les-llums\/\" \/>\n<meta property=\"og:site_name\" content=\"Reial Acad\u00e8mia Europea de Doctors\" \/>\n<meta property=\"article:publisher\" content=\"http:\/\/fb.me\/raed.academy\" \/>\n<meta property=\"article:published_time\" content=\"2019-02-27T17:05:12+00:00\" \/>\n<meta property=\"article:modified_time\" content=\"2019-02-28T16:58:12+00:00\" \/>\n<meta property=\"og:image\" content=\"https:\/\/raed.academy\/wp-content\/uploads\/2019\/02\/La-Teologia-Cristiana-a-la-Modernitat_Josep-Ignasi-Saranyana.jpg\" \/>\n\t<meta property=\"og:image:width\" content=\"450\" \/>\n\t<meta property=\"og:image:height\" content=\"680\" \/>\n\t<meta property=\"og:image:type\" content=\"image\/jpeg\" \/>\n<meta name=\"author\" content=\"RAED\" \/>\n<meta name=\"twitter:card\" content=\"summary_large_image\" \/>\n<meta name=\"twitter:creator\" content=\"@raedacademy\" \/>\n<meta name=\"twitter:site\" content=\"@raedacademy\" \/>\n<meta name=\"twitter:label1\" content=\"Written by\" \/>\n\t<meta name=\"twitter:data1\" content=\"RAED\" \/>\n\t<meta name=\"twitter:label2\" content=\"Est. reading time\" \/>\n\t<meta name=\"twitter:data2\" content=\"2 minutes\" \/>\n<script type=\"application\/ld+json\" class=\"yoast-schema-graph\">{\"@context\":\"https:\\\/\\\/schema.org\",\"@graph\":[{\"@type\":\"Article\",\"@id\":\"https:\\\/\\\/raed.academy\\\/ca\\\/el-cristianisme-al-segle-de-les-llums\\\/#article\",\"isPartOf\":{\"@id\":\"https:\\\/\\\/raed.academy\\\/ca\\\/el-cristianisme-al-segle-de-les-llums\\\/\"},\"author\":{\"name\":\"RAED\",\"@id\":\"https:\\\/\\\/raed.academy\\\/ca\\\/#\\\/schema\\\/person\\\/5a755da80d1d979fd66ba745c8702927\"},\"headline\":\"El cristianisme al Segle de les Llums\",\"datePublished\":\"2019-02-27T17:05:12+00:00\",\"dateModified\":\"2019-02-28T16:58:12+00:00\",\"mainEntityOfPage\":{\"@id\":\"https:\\\/\\\/raed.academy\\\/ca\\\/el-cristianisme-al-segle-de-les-llums\\\/\"},\"wordCount\":341,\"publisher\":{\"@id\":\"https:\\\/\\\/raed.academy\\\/ca\\\/#organization\"},\"image\":{\"@id\":\"https:\\\/\\\/raed.academy\\\/ca\\\/el-cristianisme-al-segle-de-les-llums\\\/#primaryimage\"},\"thumbnailUrl\":\"https:\\\/\\\/raed.academy\\\/wp-content\\\/uploads\\\/2019\\\/02\\\/La-Teologia-Cristiana-a-la-Modernitat_Josep-Ignasi-Saranyana.jpg\",\"articleSection\":[\"Hist\u00f2ria\"],\"inLanguage\":\"ca-ES\"},{\"@type\":\"WebPage\",\"@id\":\"https:\\\/\\\/raed.academy\\\/ca\\\/el-cristianisme-al-segle-de-les-llums\\\/\",\"url\":\"https:\\\/\\\/raed.academy\\\/ca\\\/el-cristianisme-al-segle-de-les-llums\\\/\",\"name\":\"El cristianisme al Segle de les Llums - Reial Acad\u00e8mia Europea de Doctors\",\"isPartOf\":{\"@id\":\"https:\\\/\\\/raed.academy\\\/ca\\\/#website\"},\"primaryImageOfPage\":{\"@id\":\"https:\\\/\\\/raed.academy\\\/ca\\\/el-cristianisme-al-segle-de-les-llums\\\/#primaryimage\"},\"image\":{\"@id\":\"https:\\\/\\\/raed.academy\\\/ca\\\/el-cristianisme-al-segle-de-les-llums\\\/#primaryimage\"},\"thumbnailUrl\":\"https:\\\/\\\/raed.academy\\\/wp-content\\\/uploads\\\/2019\\\/02\\\/La-Teologia-Cristiana-a-la-Modernitat_Josep-Ignasi-Saranyana.jpg\",\"datePublished\":\"2019-02-27T17:05:12+00:00\",\"dateModified\":\"2019-02-28T16:58:12+00:00\",\"breadcrumb\":{\"@id\":\"https:\\\/\\\/raed.academy\\\/ca\\\/el-cristianisme-al-segle-de-les-llums\\\/#breadcrumb\"},\"inLanguage\":\"ca-ES\",\"potentialAction\":[{\"@type\":\"ReadAction\",\"target\":[\"https:\\\/\\\/raed.academy\\\/ca\\\/el-cristianisme-al-segle-de-les-llums\\\/\"]}]},{\"@type\":\"ImageObject\",\"inLanguage\":\"ca-ES\",\"@id\":\"https:\\\/\\\/raed.academy\\\/ca\\\/el-cristianisme-al-segle-de-les-llums\\\/#primaryimage\",\"url\":\"https:\\\/\\\/raed.academy\\\/wp-content\\\/uploads\\\/2019\\\/02\\\/La-Teologia-Cristiana-a-la-Modernitat_Josep-Ignasi-Saranyana.jpg\",\"contentUrl\":\"https:\\\/\\\/raed.academy\\\/wp-content\\\/uploads\\\/2019\\\/02\\\/La-Teologia-Cristiana-a-la-Modernitat_Josep-Ignasi-Saranyana.jpg\",\"width\":450,\"height\":680},{\"@type\":\"BreadcrumbList\",\"@id\":\"https:\\\/\\\/raed.academy\\\/ca\\\/el-cristianisme-al-segle-de-les-llums\\\/#breadcrumb\",\"itemListElement\":[{\"@type\":\"ListItem\",\"position\":1,\"name\":\"Inicio\",\"item\":\"https:\\\/\\\/raed.academy\\\/ca\\\/\"},{\"@type\":\"ListItem\",\"position\":2,\"name\":\"El cristianisme al Segle de les Llums\"}]},{\"@type\":\"WebSite\",\"@id\":\"https:\\\/\\\/raed.academy\\\/ca\\\/#website\",\"url\":\"https:\\\/\\\/raed.academy\\\/ca\\\/\",\"name\":\"Reial Acad\u00e8mia Europea de Doctors\",\"description\":\"Corporaci\u00f3n de derecho p\u00fablico de car\u00e1cter cient\u00edfico, t\u00e9cnico y art\u00edstico, que tiene por objeto la investigaci\u00f3n, el estudio, el fomento y la extensi\u00f3n del conocimiento en su sentido m\u00e1s amplio\",\"publisher\":{\"@id\":\"https:\\\/\\\/raed.academy\\\/ca\\\/#organization\"},\"potentialAction\":[{\"@type\":\"SearchAction\",\"target\":{\"@type\":\"EntryPoint\",\"urlTemplate\":\"https:\\\/\\\/raed.academy\\\/ca\\\/?s={search_term_string}\"},\"query-input\":{\"@type\":\"PropertyValueSpecification\",\"valueRequired\":true,\"valueName\":\"search_term_string\"}}],\"inLanguage\":\"ca-ES\"},{\"@type\":\"Organization\",\"@id\":\"https:\\\/\\\/raed.academy\\\/ca\\\/#organization\",\"name\":\"Real Academia Europea de Doctores\",\"url\":\"https:\\\/\\\/raed.academy\\\/ca\\\/\",\"logo\":{\"@type\":\"ImageObject\",\"inLanguage\":\"ca-ES\",\"@id\":\"https:\\\/\\\/raed.academy\\\/ca\\\/#\\\/schema\\\/logo\\\/image\\\/\",\"url\":\"https:\\\/\\\/raed.academy\\\/wp-content\\\/uploads\\\/2017\\\/01\\\/cropped-logo_raed.png\",\"contentUrl\":\"https:\\\/\\\/raed.academy\\\/wp-content\\\/uploads\\\/2017\\\/01\\\/cropped-logo_raed.png\",\"width\":512,\"height\":512,\"caption\":\"Real Academia Europea de Doctores\"},\"image\":{\"@id\":\"https:\\\/\\\/raed.academy\\\/ca\\\/#\\\/schema\\\/logo\\\/image\\\/\"},\"sameAs\":[\"http:\\\/\\\/fb.me\\\/raed.academy\",\"https:\\\/\\\/x.com\\\/raedacademy\",\"https:\\\/\\\/www.instagram.com\\\/raed.academy\\\/\",\"https:\\\/\\\/www.youtube.com\\\/channel\\\/UCUYQwW2KrdirNWihxMDObwg\"]},{\"@type\":\"Person\",\"@id\":\"https:\\\/\\\/raed.academy\\\/ca\\\/#\\\/schema\\\/person\\\/5a755da80d1d979fd66ba745c8702927\",\"name\":\"RAED\",\"image\":{\"@type\":\"ImageObject\",\"inLanguage\":\"ca-ES\",\"@id\":\"https:\\\/\\\/secure.gravatar.com\\\/avatar\\\/19fdfdc0d67fb9c45714b703a2ac82251c4fcea3637f002ac3c9b74c0183583c?s=96&d=mm&r=g\",\"url\":\"https:\\\/\\\/secure.gravatar.com\\\/avatar\\\/19fdfdc0d67fb9c45714b703a2ac82251c4fcea3637f002ac3c9b74c0183583c?s=96&d=mm&r=g\",\"contentUrl\":\"https:\\\/\\\/secure.gravatar.com\\\/avatar\\\/19fdfdc0d67fb9c45714b703a2ac82251c4fcea3637f002ac3c9b74c0183583c?s=96&d=mm&r=g\",\"caption\":\"RAED\"}}]}<\/script>\n<!-- \/ Yoast SEO plugin. -->","yoast_head_json":{"title":"El cristianisme al Segle de les Llums - Reial Acad\u00e8mia Europea de Doctors","robots":{"index":"index","follow":"follow","max-snippet":"max-snippet:-1","max-image-preview":"max-image-preview:large","max-video-preview":"max-video-preview:-1"},"canonical":"https:\/\/raed.academy\/ca\/el-cristianisme-al-segle-de-les-llums\/","og_locale":"ca_ES","og_type":"article","og_title":"El cristianisme al Segle de les Llums - Reial Acad\u00e8mia Europea de Doctors","og_description":"Josep Ignasi Saranyana, professor em\u00e8rit de la Universitat de Navarra i acad\u00e8mic de n\u00famero de la Reial Acad\u00e8mia Europea de Doctors-Barcelona 1914 (RAED), ha donat a la Biblioteca de l&#8217;Acad\u00e8mia el llibre &#8220;La teologia cristiana a la Modernitat. De l&#8217;albada del segle XVI al llindar de la Il\u00b7lustraci\u00f3&#8221; (Cosset\u00e0nia Edicions), de recent aparici\u00f3. Una obra [&hellip;]","og_url":"https:\/\/raed.academy\/ca\/el-cristianisme-al-segle-de-les-llums\/","og_site_name":"Reial Acad\u00e8mia Europea de Doctors","article_publisher":"http:\/\/fb.me\/raed.academy","article_published_time":"2019-02-27T17:05:12+00:00","article_modified_time":"2019-02-28T16:58:12+00:00","og_image":[{"width":450,"height":680,"url":"https:\/\/raed.academy\/wp-content\/uploads\/2019\/02\/La-Teologia-Cristiana-a-la-Modernitat_Josep-Ignasi-Saranyana.jpg","type":"image\/jpeg"}],"author":"RAED","twitter_card":"summary_large_image","twitter_creator":"@raedacademy","twitter_site":"@raedacademy","twitter_misc":{"Written by":"RAED","Est. reading time":"2 minutes"},"schema":{"@context":"https:\/\/schema.org","@graph":[{"@type":"Article","@id":"https:\/\/raed.academy\/ca\/el-cristianisme-al-segle-de-les-llums\/#article","isPartOf":{"@id":"https:\/\/raed.academy\/ca\/el-cristianisme-al-segle-de-les-llums\/"},"author":{"name":"RAED","@id":"https:\/\/raed.academy\/ca\/#\/schema\/person\/5a755da80d1d979fd66ba745c8702927"},"headline":"El cristianisme al Segle de les Llums","datePublished":"2019-02-27T17:05:12+00:00","dateModified":"2019-02-28T16:58:12+00:00","mainEntityOfPage":{"@id":"https:\/\/raed.academy\/ca\/el-cristianisme-al-segle-de-les-llums\/"},"wordCount":341,"publisher":{"@id":"https:\/\/raed.academy\/ca\/#organization"},"image":{"@id":"https:\/\/raed.academy\/ca\/el-cristianisme-al-segle-de-les-llums\/#primaryimage"},"thumbnailUrl":"https:\/\/raed.academy\/wp-content\/uploads\/2019\/02\/La-Teologia-Cristiana-a-la-Modernitat_Josep-Ignasi-Saranyana.jpg","articleSection":["Hist\u00f2ria"],"inLanguage":"ca-ES"},{"@type":"WebPage","@id":"https:\/\/raed.academy\/ca\/el-cristianisme-al-segle-de-les-llums\/","url":"https:\/\/raed.academy\/ca\/el-cristianisme-al-segle-de-les-llums\/","name":"El cristianisme al Segle de les Llums - Reial Acad\u00e8mia Europea de Doctors","isPartOf":{"@id":"https:\/\/raed.academy\/ca\/#website"},"primaryImageOfPage":{"@id":"https:\/\/raed.academy\/ca\/el-cristianisme-al-segle-de-les-llums\/#primaryimage"},"image":{"@id":"https:\/\/raed.academy\/ca\/el-cristianisme-al-segle-de-les-llums\/#primaryimage"},"thumbnailUrl":"https:\/\/raed.academy\/wp-content\/uploads\/2019\/02\/La-Teologia-Cristiana-a-la-Modernitat_Josep-Ignasi-Saranyana.jpg","datePublished":"2019-02-27T17:05:12+00:00","dateModified":"2019-02-28T16:58:12+00:00","breadcrumb":{"@id":"https:\/\/raed.academy\/ca\/el-cristianisme-al-segle-de-les-llums\/#breadcrumb"},"inLanguage":"ca-ES","potentialAction":[{"@type":"ReadAction","target":["https:\/\/raed.academy\/ca\/el-cristianisme-al-segle-de-les-llums\/"]}]},{"@type":"ImageObject","inLanguage":"ca-ES","@id":"https:\/\/raed.academy\/ca\/el-cristianisme-al-segle-de-les-llums\/#primaryimage","url":"https:\/\/raed.academy\/wp-content\/uploads\/2019\/02\/La-Teologia-Cristiana-a-la-Modernitat_Josep-Ignasi-Saranyana.jpg","contentUrl":"https:\/\/raed.academy\/wp-content\/uploads\/2019\/02\/La-Teologia-Cristiana-a-la-Modernitat_Josep-Ignasi-Saranyana.jpg","width":450,"height":680},{"@type":"BreadcrumbList","@id":"https:\/\/raed.academy\/ca\/el-cristianisme-al-segle-de-les-llums\/#breadcrumb","itemListElement":[{"@type":"ListItem","position":1,"name":"Inicio","item":"https:\/\/raed.academy\/ca\/"},{"@type":"ListItem","position":2,"name":"El cristianisme al Segle de les Llums"}]},{"@type":"WebSite","@id":"https:\/\/raed.academy\/ca\/#website","url":"https:\/\/raed.academy\/ca\/","name":"Reial Acad\u00e8mia Europea de Doctors","description":"Corporaci\u00f3n de derecho p\u00fablico de car\u00e1cter cient\u00edfico, t\u00e9cnico y art\u00edstico, que tiene por objeto la investigaci\u00f3n, el estudio, el fomento y la extensi\u00f3n del conocimiento en su sentido m\u00e1s amplio","publisher":{"@id":"https:\/\/raed.academy\/ca\/#organization"},"potentialAction":[{"@type":"SearchAction","target":{"@type":"EntryPoint","urlTemplate":"https:\/\/raed.academy\/ca\/?s={search_term_string}"},"query-input":{"@type":"PropertyValueSpecification","valueRequired":true,"valueName":"search_term_string"}}],"inLanguage":"ca-ES"},{"@type":"Organization","@id":"https:\/\/raed.academy\/ca\/#organization","name":"Real Academia Europea de Doctores","url":"https:\/\/raed.academy\/ca\/","logo":{"@type":"ImageObject","inLanguage":"ca-ES","@id":"https:\/\/raed.academy\/ca\/#\/schema\/logo\/image\/","url":"https:\/\/raed.academy\/wp-content\/uploads\/2017\/01\/cropped-logo_raed.png","contentUrl":"https:\/\/raed.academy\/wp-content\/uploads\/2017\/01\/cropped-logo_raed.png","width":512,"height":512,"caption":"Real Academia Europea de Doctores"},"image":{"@id":"https:\/\/raed.academy\/ca\/#\/schema\/logo\/image\/"},"sameAs":["http:\/\/fb.me\/raed.academy","https:\/\/x.com\/raedacademy","https:\/\/www.instagram.com\/raed.academy\/","https:\/\/www.youtube.com\/channel\/UCUYQwW2KrdirNWihxMDObwg"]},{"@type":"Person","@id":"https:\/\/raed.academy\/ca\/#\/schema\/person\/5a755da80d1d979fd66ba745c8702927","name":"RAED","image":{"@type":"ImageObject","inLanguage":"ca-ES","@id":"https:\/\/secure.gravatar.com\/avatar\/19fdfdc0d67fb9c45714b703a2ac82251c4fcea3637f002ac3c9b74c0183583c?s=96&d=mm&r=g","url":"https:\/\/secure.gravatar.com\/avatar\/19fdfdc0d67fb9c45714b703a2ac82251c4fcea3637f002ac3c9b74c0183583c?s=96&d=mm&r=g","contentUrl":"https:\/\/secure.gravatar.com\/avatar\/19fdfdc0d67fb9c45714b703a2ac82251c4fcea3637f002ac3c9b74c0183583c?s=96&d=mm&r=g","caption":"RAED"}}]}},"_links":{"self":[{"href":"https:\/\/raed.academy\/ca\/wp-json\/wp\/v2\/posts\/67717","targetHints":{"allow":["GET"]}}],"collection":[{"href":"https:\/\/raed.academy\/ca\/wp-json\/wp\/v2\/posts"}],"about":[{"href":"https:\/\/raed.academy\/ca\/wp-json\/wp\/v2\/types\/post"}],"author":[{"embeddable":true,"href":"https:\/\/raed.academy\/ca\/wp-json\/wp\/v2\/users\/12"}],"replies":[{"embeddable":true,"href":"https:\/\/raed.academy\/ca\/wp-json\/wp\/v2\/comments?post=67717"}],"version-history":[{"count":0,"href":"https:\/\/raed.academy\/ca\/wp-json\/wp\/v2\/posts\/67717\/revisions"}],"wp:featuredmedia":[{"embeddable":true,"href":"https:\/\/raed.academy\/ca\/wp-json\/wp\/v2\/media\/67764"}],"wp:attachment":[{"href":"https:\/\/raed.academy\/ca\/wp-json\/wp\/v2\/media?parent=67717"}],"wp:term":[{"taxonomy":"category","embeddable":true,"href":"https:\/\/raed.academy\/ca\/wp-json\/wp\/v2\/categories?post=67717"},{"taxonomy":"post_tag","embeddable":true,"href":"https:\/\/raed.academy\/ca\/wp-json\/wp\/v2\/tags?post=67717"}],"curies":[{"name":"wp","href":"https:\/\/api.w.org\/{rel}","templated":true}]}}