{"id":67425,"date":"2019-02-20T16:37:38","date_gmt":"2019-02-20T16:37:38","guid":{"rendered":"https:\/\/raed.academy\/?p=67425"},"modified":"2019-02-22T17:18:22","modified_gmt":"2019-02-22T17:18:22","slug":"lamenaca-global-dels-mosquits","status":"publish","type":"post","link":"https:\/\/raed.academy\/ca\/lamenaca-global-dels-mosquits\/","title":{"rendered":"L&#8217;amena\u00e7a global dels mosquits"},"content":{"rendered":"<p><img loading=\"lazy\" decoding=\"async\" class=\"alignleft wp-image-67254\" src=\"https:\/\/raed.academy\/wp-content\/uploads\/2019\/02\/mosquito-dstNtc.jpg\" alt=\"Peligros de las picaduras de mosquitos\" width=\"370\" height=\"222\" srcset=\"https:\/\/raed.academy\/wp-content\/uploads\/2019\/02\/mosquito-dstNtc.jpg 550w, https:\/\/raed.academy\/wp-content\/uploads\/2019\/02\/mosquito-dstNtc-440x264.jpg 440w\" sizes=\"(max-width: 370px) 100vw, 370px\" \/><a href=\"https:\/\/raed.academy\/ca\/academics\/dr-jose-ramon-calvo-fernandez\/\" target=\"_blank\" rel=\"noopener\"><strong>Jos\u00e9 Ram\u00f3n Calvo<\/strong><\/a>, acad\u00e8mic de n\u00famero de la <strong>Reial Acad\u00e8mia Europea de Doctors-Barcelona 1914<\/strong> (RAED) i president del seu <strong>Institut de Cooperaci\u00f3 Internacional<\/strong>, va ingressar el passat 24 de gener a la <a href=\"https:\/\/www.cmb.eus\" target=\"_blank\" rel=\"noopener\"><strong>Reial Acad\u00e8mia de Medicina del Pa\u00eds Basc<\/strong><\/a> com a acad\u00e8mic corresponent durant una sessi\u00f3 que es va celebrar a Bilbao. El recipiendari va llegir el discurs d&#8217;ingr\u00e9s <strong>&#8220;Mosquitos invasores: peligros y soluciones desde la ciencia&#8221;<\/strong>, en el qual alerta de les malalties mortals que poden transmetre aquests insectes mitjan\u00e7ant la seva picada, m\u00e9s enll\u00e0 de les mol\u00e8sties habituals i les possibles afeccions cut\u00e0nies. Li va respondre en nom de la Reial Acad\u00e8mia de Medicina el seu vicepresident, <strong>Enrique Hilario Rodr\u00edguez<\/strong>.<\/p>\n<p>L&#8217;acad\u00e8mic de la RAED i nou membre de la Reial Acad\u00e8mia basca destaca al seu treball com segons els \u00faltims c\u00e0lculs de l&#8217;<a href=\"https:\/\/www.who.int\" target=\"_blank\" rel=\"noopener\"><strong>Organitzaci\u00f3 Mundial de la Salut<\/strong><\/a>, els mosquits maten actualment cada any a tot el m\u00f3n a unes 750.000 persones o infecten de mal\u00e0ria a uns 200 milions. Aix\u00ed mateix, milers de nadons neixen amb microcef\u00e0lia pel contagi de zika de les seves mares. Unes dades que fan d&#8217;aquests insectes una seriosa amena\u00e7a per a la salut p\u00fablica en tot el m\u00f3n.<\/p>\n<div id=\"attachment_67248\" style=\"width: 510px\" class=\"wp-caption alignright\"><img loading=\"lazy\" decoding=\"async\" aria-describedby=\"caption-attachment-67248\" class=\"wp-image-67248\" src=\"https:\/\/raed.academy\/wp-content\/uploads\/2019\/02\/Jose-Ramon-Calvo-foto-RAED.jpg\" alt=\"Jos\u00e9 Ram\u00f3n Calvo\" width=\"500\" height=\"342\" \/><p id=\"caption-attachment-67248\" class=\"wp-caption-text\">Dr. Jos\u00e9 Ram\u00f3n Calvo<\/p><\/div>\n<p>Doctor en Medicina i catedr\u00e0tic de la <a href=\"http:\/\/www.ulpgc.es\" target=\"_blank\" rel=\"noopener\"><strong>Universitat de Las Palmas de Gran Can\u00e0ria<\/strong><\/a>, l&#8217;acad\u00e8mic va comen\u00e7ar la seva intervenci\u00f3 ressenyant les principals malalties que poden transmetre els mosquits: mal\u00e0ria, zika, dengue, chicungunya, febre del Nil, leishmaniosi, febre groga, encefalitis de la crosse o filariosi. Tamb\u00e9 s&#8217;han donat casos de coinfecci\u00f3 de diverses d&#8217;aquestes malalties en una sola picada. Afortunadament, aix\u00f2 nom\u00e9s es produeix en les zones on existeixen aquestes malalties, si b\u00e9 la pres\u00e8ncia dels mosquits tigre a Europa \u00e9s la prova m\u00e9s clara que els mitjans de transport poden traslladar a milers de quil\u00f2metres tant algunes esp\u00e8cies d&#8217;insectes com les malalties que poden inocular amb les seves picades.<\/p>\n<p>Malgrat les seves mol\u00e8sties i perills per als humans, Calvo ha assenyalat que els mosquits compleixen una funci\u00f3 dins dels seus ecosistemes, com la pol\u00b7linitzaci\u00f3 o la cadena tr\u00f2fica. Quant a la seva capacitat de transmetre malalties mortals, tamb\u00e9 aquesta pot considerar-se una funci\u00f3 natural. L&#8217;acad\u00e8mic es va aturar en l&#8217;examen de tres esp\u00e8cies de mosquits particularment perilloses: l&#8217;Aedes, el Culex i el Anopheles, analitzant les seves diverses estrat\u00e8gies. Despr\u00e9s d&#8217;aix\u00f2 va apuntar els principals m\u00e8todes de prevenci\u00f3 davant les seves picades per concloure amb l&#8217;an\u00e0lisi de malalties com el paludisme o la mal\u00e0ria i la seva pres\u00e8ncia en els diversos continents.<\/p>\n","protected":false},"excerpt":{"rendered":"<p>Jos\u00e9 Ram\u00f3n Calvo, acad\u00e8mic de n\u00famero de la Reial Acad\u00e8mia Europea de Doctors-Barcelona 1914 (RAED) i president del seu Institut de Cooperaci\u00f3 Internacional, va ingressar el passat 24 de gener a la Reial Acad\u00e8mia de Medicina del Pa\u00eds Basc com a acad\u00e8mic corresponent durant una sessi\u00f3 que es va celebrar a Bilbao. El recipiendari va [&hellip;]<\/p>\n","protected":false},"author":12,"featured_media":67255,"comment_status":"closed","ping_status":"closed","sticky":false,"template":"","format":"standard","meta":{"_et_pb_use_builder":"","_et_pb_old_content":"","_et_gb_content_width":"","footnotes":""},"categories":[213],"tags":[],"class_list":["post-67425","post","type-post","status-publish","format-standard","has-post-thumbnail","hentry","category-medicina-i-cirurgia","et-has-post-format-content","et_post_format-et-post-format-standard"],"yoast_head":"<!-- This site is optimized with the Yoast SEO plugin v27.4 - https:\/\/yoast.com\/product\/yoast-seo-wordpress\/ -->\n<title>L&#039;amena\u00e7a global dels mosquits - Reial Acad\u00e8mia Europea de Doctors<\/title>\n<meta name=\"robots\" content=\"index, follow, max-snippet:-1, max-image-preview:large, max-video-preview:-1\" \/>\n<link rel=\"canonical\" href=\"https:\/\/raed.academy\/ca\/lamenaca-global-dels-mosquits\/\" \/>\n<meta property=\"og:locale\" content=\"ca_ES\" \/>\n<meta property=\"og:type\" content=\"article\" \/>\n<meta property=\"og:title\" content=\"L&#039;amena\u00e7a global dels mosquits - Reial Acad\u00e8mia Europea de Doctors\" \/>\n<meta property=\"og:description\" content=\"Jos\u00e9 Ram\u00f3n Calvo, acad\u00e8mic de n\u00famero de la Reial Acad\u00e8mia Europea de Doctors-Barcelona 1914 (RAED) i president del seu Institut de Cooperaci\u00f3 Internacional, va ingressar el passat 24 de gener a la Reial Acad\u00e8mia de Medicina del Pa\u00eds Basc com a acad\u00e8mic corresponent durant una sessi\u00f3 que es va celebrar a Bilbao. El recipiendari va [&hellip;]\" \/>\n<meta property=\"og:url\" content=\"https:\/\/raed.academy\/ca\/lamenaca-global-dels-mosquits\/\" \/>\n<meta property=\"og:site_name\" content=\"Reial Acad\u00e8mia Europea de Doctors\" \/>\n<meta property=\"article:publisher\" content=\"http:\/\/fb.me\/raed.academy\" \/>\n<meta property=\"article:published_time\" content=\"2019-02-20T16:37:38+00:00\" \/>\n<meta property=\"article:modified_time\" content=\"2019-02-22T17:18:22+00:00\" \/>\n<meta property=\"og:image\" content=\"https:\/\/raed.academy\/wp-content\/uploads\/2019\/02\/mosquito-dstNtc.jpg\" \/>\n\t<meta property=\"og:image:width\" content=\"550\" \/>\n\t<meta property=\"og:image:height\" content=\"330\" \/>\n\t<meta property=\"og:image:type\" content=\"image\/jpeg\" \/>\n<meta name=\"author\" content=\"RAED\" \/>\n<meta name=\"twitter:card\" content=\"summary_large_image\" \/>\n<meta name=\"twitter:creator\" content=\"@raedacademy\" \/>\n<meta name=\"twitter:site\" content=\"@raedacademy\" \/>\n<meta name=\"twitter:label1\" content=\"Written by\" \/>\n\t<meta name=\"twitter:data1\" content=\"RAED\" \/>\n\t<meta name=\"twitter:label2\" content=\"Est. reading time\" \/>\n\t<meta name=\"twitter:data2\" content=\"2 minutes\" \/>\n<script type=\"application\/ld+json\" class=\"yoast-schema-graph\">{\"@context\":\"https:\\\/\\\/schema.org\",\"@graph\":[{\"@type\":\"Article\",\"@id\":\"https:\\\/\\\/raed.academy\\\/ca\\\/lamenaca-global-dels-mosquits\\\/#article\",\"isPartOf\":{\"@id\":\"https:\\\/\\\/raed.academy\\\/ca\\\/lamenaca-global-dels-mosquits\\\/\"},\"author\":{\"name\":\"RAED\",\"@id\":\"https:\\\/\\\/raed.academy\\\/ca\\\/#\\\/schema\\\/person\\\/5a755da80d1d979fd66ba745c8702927\"},\"headline\":\"L&#8217;amena\u00e7a global dels mosquits\",\"datePublished\":\"2019-02-20T16:37:38+00:00\",\"dateModified\":\"2019-02-22T17:18:22+00:00\",\"mainEntityOfPage\":{\"@id\":\"https:\\\/\\\/raed.academy\\\/ca\\\/lamenaca-global-dels-mosquits\\\/\"},\"wordCount\":478,\"publisher\":{\"@id\":\"https:\\\/\\\/raed.academy\\\/ca\\\/#organization\"},\"image\":{\"@id\":\"https:\\\/\\\/raed.academy\\\/ca\\\/lamenaca-global-dels-mosquits\\\/#primaryimage\"},\"thumbnailUrl\":\"https:\\\/\\\/raed.academy\\\/wp-content\\\/uploads\\\/2019\\\/02\\\/mosquito-dstNtc.jpg\",\"articleSection\":[\"Medicina i cirurgia\"],\"inLanguage\":\"ca-ES\"},{\"@type\":\"WebPage\",\"@id\":\"https:\\\/\\\/raed.academy\\\/ca\\\/lamenaca-global-dels-mosquits\\\/\",\"url\":\"https:\\\/\\\/raed.academy\\\/ca\\\/lamenaca-global-dels-mosquits\\\/\",\"name\":\"L'amena\u00e7a global dels mosquits - Reial Acad\u00e8mia Europea de Doctors\",\"isPartOf\":{\"@id\":\"https:\\\/\\\/raed.academy\\\/ca\\\/#website\"},\"primaryImageOfPage\":{\"@id\":\"https:\\\/\\\/raed.academy\\\/ca\\\/lamenaca-global-dels-mosquits\\\/#primaryimage\"},\"image\":{\"@id\":\"https:\\\/\\\/raed.academy\\\/ca\\\/lamenaca-global-dels-mosquits\\\/#primaryimage\"},\"thumbnailUrl\":\"https:\\\/\\\/raed.academy\\\/wp-content\\\/uploads\\\/2019\\\/02\\\/mosquito-dstNtc.jpg\",\"datePublished\":\"2019-02-20T16:37:38+00:00\",\"dateModified\":\"2019-02-22T17:18:22+00:00\",\"breadcrumb\":{\"@id\":\"https:\\\/\\\/raed.academy\\\/ca\\\/lamenaca-global-dels-mosquits\\\/#breadcrumb\"},\"inLanguage\":\"ca-ES\",\"potentialAction\":[{\"@type\":\"ReadAction\",\"target\":[\"https:\\\/\\\/raed.academy\\\/ca\\\/lamenaca-global-dels-mosquits\\\/\"]}]},{\"@type\":\"ImageObject\",\"inLanguage\":\"ca-ES\",\"@id\":\"https:\\\/\\\/raed.academy\\\/ca\\\/lamenaca-global-dels-mosquits\\\/#primaryimage\",\"url\":\"https:\\\/\\\/raed.academy\\\/wp-content\\\/uploads\\\/2019\\\/02\\\/mosquito-dstNtc.jpg\",\"contentUrl\":\"https:\\\/\\\/raed.academy\\\/wp-content\\\/uploads\\\/2019\\\/02\\\/mosquito-dstNtc.jpg\",\"width\":550,\"height\":330,\"caption\":\"picaduras de mosquitos\"},{\"@type\":\"BreadcrumbList\",\"@id\":\"https:\\\/\\\/raed.academy\\\/ca\\\/lamenaca-global-dels-mosquits\\\/#breadcrumb\",\"itemListElement\":[{\"@type\":\"ListItem\",\"position\":1,\"name\":\"Inicio\",\"item\":\"https:\\\/\\\/raed.academy\\\/ca\\\/\"},{\"@type\":\"ListItem\",\"position\":2,\"name\":\"L&#8217;amena\u00e7a global dels mosquits\"}]},{\"@type\":\"WebSite\",\"@id\":\"https:\\\/\\\/raed.academy\\\/ca\\\/#website\",\"url\":\"https:\\\/\\\/raed.academy\\\/ca\\\/\",\"name\":\"Reial Acad\u00e8mia Europea de Doctors\",\"description\":\"Corporaci\u00f3n de derecho p\u00fablico de car\u00e1cter cient\u00edfico, t\u00e9cnico y art\u00edstico, que tiene por objeto la investigaci\u00f3n, el estudio, el fomento y la extensi\u00f3n del conocimiento en su sentido m\u00e1s amplio\",\"publisher\":{\"@id\":\"https:\\\/\\\/raed.academy\\\/ca\\\/#organization\"},\"potentialAction\":[{\"@type\":\"SearchAction\",\"target\":{\"@type\":\"EntryPoint\",\"urlTemplate\":\"https:\\\/\\\/raed.academy\\\/ca\\\/?s={search_term_string}\"},\"query-input\":{\"@type\":\"PropertyValueSpecification\",\"valueRequired\":true,\"valueName\":\"search_term_string\"}}],\"inLanguage\":\"ca-ES\"},{\"@type\":\"Organization\",\"@id\":\"https:\\\/\\\/raed.academy\\\/ca\\\/#organization\",\"name\":\"Real Academia Europea de Doctores\",\"url\":\"https:\\\/\\\/raed.academy\\\/ca\\\/\",\"logo\":{\"@type\":\"ImageObject\",\"inLanguage\":\"ca-ES\",\"@id\":\"https:\\\/\\\/raed.academy\\\/ca\\\/#\\\/schema\\\/logo\\\/image\\\/\",\"url\":\"https:\\\/\\\/raed.academy\\\/wp-content\\\/uploads\\\/2017\\\/01\\\/cropped-logo_raed.png\",\"contentUrl\":\"https:\\\/\\\/raed.academy\\\/wp-content\\\/uploads\\\/2017\\\/01\\\/cropped-logo_raed.png\",\"width\":512,\"height\":512,\"caption\":\"Real Academia Europea de Doctores\"},\"image\":{\"@id\":\"https:\\\/\\\/raed.academy\\\/ca\\\/#\\\/schema\\\/logo\\\/image\\\/\"},\"sameAs\":[\"http:\\\/\\\/fb.me\\\/raed.academy\",\"https:\\\/\\\/x.com\\\/raedacademy\",\"https:\\\/\\\/www.instagram.com\\\/raed.academy\\\/\",\"https:\\\/\\\/www.youtube.com\\\/channel\\\/UCUYQwW2KrdirNWihxMDObwg\"]},{\"@type\":\"Person\",\"@id\":\"https:\\\/\\\/raed.academy\\\/ca\\\/#\\\/schema\\\/person\\\/5a755da80d1d979fd66ba745c8702927\",\"name\":\"RAED\",\"image\":{\"@type\":\"ImageObject\",\"inLanguage\":\"ca-ES\",\"@id\":\"https:\\\/\\\/secure.gravatar.com\\\/avatar\\\/19fdfdc0d67fb9c45714b703a2ac82251c4fcea3637f002ac3c9b74c0183583c?s=96&d=mm&r=g\",\"url\":\"https:\\\/\\\/secure.gravatar.com\\\/avatar\\\/19fdfdc0d67fb9c45714b703a2ac82251c4fcea3637f002ac3c9b74c0183583c?s=96&d=mm&r=g\",\"contentUrl\":\"https:\\\/\\\/secure.gravatar.com\\\/avatar\\\/19fdfdc0d67fb9c45714b703a2ac82251c4fcea3637f002ac3c9b74c0183583c?s=96&d=mm&r=g\",\"caption\":\"RAED\"}}]}<\/script>\n<!-- \/ Yoast SEO plugin. -->","yoast_head_json":{"title":"L'amena\u00e7a global dels mosquits - Reial Acad\u00e8mia Europea de Doctors","robots":{"index":"index","follow":"follow","max-snippet":"max-snippet:-1","max-image-preview":"max-image-preview:large","max-video-preview":"max-video-preview:-1"},"canonical":"https:\/\/raed.academy\/ca\/lamenaca-global-dels-mosquits\/","og_locale":"ca_ES","og_type":"article","og_title":"L'amena\u00e7a global dels mosquits - Reial Acad\u00e8mia Europea de Doctors","og_description":"Jos\u00e9 Ram\u00f3n Calvo, acad\u00e8mic de n\u00famero de la Reial Acad\u00e8mia Europea de Doctors-Barcelona 1914 (RAED) i president del seu Institut de Cooperaci\u00f3 Internacional, va ingressar el passat 24 de gener a la Reial Acad\u00e8mia de Medicina del Pa\u00eds Basc com a acad\u00e8mic corresponent durant una sessi\u00f3 que es va celebrar a Bilbao. El recipiendari va [&hellip;]","og_url":"https:\/\/raed.academy\/ca\/lamenaca-global-dels-mosquits\/","og_site_name":"Reial Acad\u00e8mia Europea de Doctors","article_publisher":"http:\/\/fb.me\/raed.academy","article_published_time":"2019-02-20T16:37:38+00:00","article_modified_time":"2019-02-22T17:18:22+00:00","og_image":[{"width":550,"height":330,"url":"https:\/\/raed.academy\/wp-content\/uploads\/2019\/02\/mosquito-dstNtc.jpg","type":"image\/jpeg"}],"author":"RAED","twitter_card":"summary_large_image","twitter_creator":"@raedacademy","twitter_site":"@raedacademy","twitter_misc":{"Written by":"RAED","Est. reading time":"2 minutes"},"schema":{"@context":"https:\/\/schema.org","@graph":[{"@type":"Article","@id":"https:\/\/raed.academy\/ca\/lamenaca-global-dels-mosquits\/#article","isPartOf":{"@id":"https:\/\/raed.academy\/ca\/lamenaca-global-dels-mosquits\/"},"author":{"name":"RAED","@id":"https:\/\/raed.academy\/ca\/#\/schema\/person\/5a755da80d1d979fd66ba745c8702927"},"headline":"L&#8217;amena\u00e7a global dels mosquits","datePublished":"2019-02-20T16:37:38+00:00","dateModified":"2019-02-22T17:18:22+00:00","mainEntityOfPage":{"@id":"https:\/\/raed.academy\/ca\/lamenaca-global-dels-mosquits\/"},"wordCount":478,"publisher":{"@id":"https:\/\/raed.academy\/ca\/#organization"},"image":{"@id":"https:\/\/raed.academy\/ca\/lamenaca-global-dels-mosquits\/#primaryimage"},"thumbnailUrl":"https:\/\/raed.academy\/wp-content\/uploads\/2019\/02\/mosquito-dstNtc.jpg","articleSection":["Medicina i cirurgia"],"inLanguage":"ca-ES"},{"@type":"WebPage","@id":"https:\/\/raed.academy\/ca\/lamenaca-global-dels-mosquits\/","url":"https:\/\/raed.academy\/ca\/lamenaca-global-dels-mosquits\/","name":"L'amena\u00e7a global dels mosquits - Reial Acad\u00e8mia Europea de Doctors","isPartOf":{"@id":"https:\/\/raed.academy\/ca\/#website"},"primaryImageOfPage":{"@id":"https:\/\/raed.academy\/ca\/lamenaca-global-dels-mosquits\/#primaryimage"},"image":{"@id":"https:\/\/raed.academy\/ca\/lamenaca-global-dels-mosquits\/#primaryimage"},"thumbnailUrl":"https:\/\/raed.academy\/wp-content\/uploads\/2019\/02\/mosquito-dstNtc.jpg","datePublished":"2019-02-20T16:37:38+00:00","dateModified":"2019-02-22T17:18:22+00:00","breadcrumb":{"@id":"https:\/\/raed.academy\/ca\/lamenaca-global-dels-mosquits\/#breadcrumb"},"inLanguage":"ca-ES","potentialAction":[{"@type":"ReadAction","target":["https:\/\/raed.academy\/ca\/lamenaca-global-dels-mosquits\/"]}]},{"@type":"ImageObject","inLanguage":"ca-ES","@id":"https:\/\/raed.academy\/ca\/lamenaca-global-dels-mosquits\/#primaryimage","url":"https:\/\/raed.academy\/wp-content\/uploads\/2019\/02\/mosquito-dstNtc.jpg","contentUrl":"https:\/\/raed.academy\/wp-content\/uploads\/2019\/02\/mosquito-dstNtc.jpg","width":550,"height":330,"caption":"picaduras de mosquitos"},{"@type":"BreadcrumbList","@id":"https:\/\/raed.academy\/ca\/lamenaca-global-dels-mosquits\/#breadcrumb","itemListElement":[{"@type":"ListItem","position":1,"name":"Inicio","item":"https:\/\/raed.academy\/ca\/"},{"@type":"ListItem","position":2,"name":"L&#8217;amena\u00e7a global dels mosquits"}]},{"@type":"WebSite","@id":"https:\/\/raed.academy\/ca\/#website","url":"https:\/\/raed.academy\/ca\/","name":"Reial Acad\u00e8mia Europea de Doctors","description":"Corporaci\u00f3n de derecho p\u00fablico de car\u00e1cter cient\u00edfico, t\u00e9cnico y art\u00edstico, que tiene por objeto la investigaci\u00f3n, el estudio, el fomento y la extensi\u00f3n del conocimiento en su sentido m\u00e1s amplio","publisher":{"@id":"https:\/\/raed.academy\/ca\/#organization"},"potentialAction":[{"@type":"SearchAction","target":{"@type":"EntryPoint","urlTemplate":"https:\/\/raed.academy\/ca\/?s={search_term_string}"},"query-input":{"@type":"PropertyValueSpecification","valueRequired":true,"valueName":"search_term_string"}}],"inLanguage":"ca-ES"},{"@type":"Organization","@id":"https:\/\/raed.academy\/ca\/#organization","name":"Real Academia Europea de Doctores","url":"https:\/\/raed.academy\/ca\/","logo":{"@type":"ImageObject","inLanguage":"ca-ES","@id":"https:\/\/raed.academy\/ca\/#\/schema\/logo\/image\/","url":"https:\/\/raed.academy\/wp-content\/uploads\/2017\/01\/cropped-logo_raed.png","contentUrl":"https:\/\/raed.academy\/wp-content\/uploads\/2017\/01\/cropped-logo_raed.png","width":512,"height":512,"caption":"Real Academia Europea de Doctores"},"image":{"@id":"https:\/\/raed.academy\/ca\/#\/schema\/logo\/image\/"},"sameAs":["http:\/\/fb.me\/raed.academy","https:\/\/x.com\/raedacademy","https:\/\/www.instagram.com\/raed.academy\/","https:\/\/www.youtube.com\/channel\/UCUYQwW2KrdirNWihxMDObwg"]},{"@type":"Person","@id":"https:\/\/raed.academy\/ca\/#\/schema\/person\/5a755da80d1d979fd66ba745c8702927","name":"RAED","image":{"@type":"ImageObject","inLanguage":"ca-ES","@id":"https:\/\/secure.gravatar.com\/avatar\/19fdfdc0d67fb9c45714b703a2ac82251c4fcea3637f002ac3c9b74c0183583c?s=96&d=mm&r=g","url":"https:\/\/secure.gravatar.com\/avatar\/19fdfdc0d67fb9c45714b703a2ac82251c4fcea3637f002ac3c9b74c0183583c?s=96&d=mm&r=g","contentUrl":"https:\/\/secure.gravatar.com\/avatar\/19fdfdc0d67fb9c45714b703a2ac82251c4fcea3637f002ac3c9b74c0183583c?s=96&d=mm&r=g","caption":"RAED"}}]}},"_links":{"self":[{"href":"https:\/\/raed.academy\/ca\/wp-json\/wp\/v2\/posts\/67425","targetHints":{"allow":["GET"]}}],"collection":[{"href":"https:\/\/raed.academy\/ca\/wp-json\/wp\/v2\/posts"}],"about":[{"href":"https:\/\/raed.academy\/ca\/wp-json\/wp\/v2\/types\/post"}],"author":[{"embeddable":true,"href":"https:\/\/raed.academy\/ca\/wp-json\/wp\/v2\/users\/12"}],"replies":[{"embeddable":true,"href":"https:\/\/raed.academy\/ca\/wp-json\/wp\/v2\/comments?post=67425"}],"version-history":[{"count":0,"href":"https:\/\/raed.academy\/ca\/wp-json\/wp\/v2\/posts\/67425\/revisions"}],"wp:featuredmedia":[{"embeddable":true,"href":"https:\/\/raed.academy\/ca\/wp-json\/wp\/v2\/media\/67255"}],"wp:attachment":[{"href":"https:\/\/raed.academy\/ca\/wp-json\/wp\/v2\/media?parent=67425"}],"wp:term":[{"taxonomy":"category","embeddable":true,"href":"https:\/\/raed.academy\/ca\/wp-json\/wp\/v2\/categories?post=67425"},{"taxonomy":"post_tag","embeddable":true,"href":"https:\/\/raed.academy\/ca\/wp-json\/wp\/v2\/tags?post=67425"}],"curies":[{"name":"wp","href":"https:\/\/api.w.org\/{rel}","templated":true}]}}