{"id":66268,"date":"2019-02-08T06:34:55","date_gmt":"2019-02-08T06:34:55","guid":{"rendered":"https:\/\/raed.academy\/?p=66268"},"modified":"2019-02-08T13:19:45","modified_gmt":"2019-02-08T13:19:45","slug":"els-clarobscurs-de-la-taxa-tobin","status":"publish","type":"post","link":"https:\/\/raed.academy\/ca\/els-clarobscurs-de-la-taxa-tobin\/","title":{"rendered":"Els clarobscurs de la taxa Tobin"},"content":{"rendered":"<p><img loading=\"lazy\" decoding=\"async\" class=\"alignright wp-image-66034\" src=\"https:\/\/raed.academy\/wp-content\/uploads\/2019\/02\/tasa-tobin-dstPortada.jpg\" alt=\"Tasa Tobin\" width=\"310\" height=\"186\" \/><a href=\"https:\/\/raed.academy\/ca\/academics\/dra-montserrat-casanovas-ramon\/\" target=\"_blank\" rel=\"noopener\"><strong>Montserrat Casanovas<\/strong><\/a>, catedr\u00e0tica d&#8217;Economia Financera i Comptabilitat de la <a href=\"http:\/\/www.ub.edu\" target=\"_blank\" rel=\"noopener\"><strong>Universitat de Barcelona<\/strong><\/a>, \u200b\u200bvicepresidenta de l&#8217;<a href=\"https:\/\/accid.org\" target=\"_blank\" rel=\"noopener\"><strong>Associaci\u00f3 Catalana de Comptabilitat i Direcci\u00f3<\/strong><\/a> i de la Comissi\u00f3 Financera del <a href=\"https:\/\/economistas.es\" target=\"_blank\" rel=\"noopener\"><strong>Consell General d&#8217;Economistes<\/strong><\/a> i acad\u00e8mica de n\u00famero de la <strong>Reial Acad\u00e8mia Europea de Doctors-Barcelona 1914<\/strong> (RAED ), va publicar el passat 2 de febrer al diari <strong>&#8220;Cinco D\u00edas&#8221;<\/strong> l&#8217;article <strong>&#8220;A vueltas con los objetivos (y defectos) de la tasa Tobin&#8221;<\/strong>, en el qual presenta els pros i els contres del <strong>projecte de llei sobre Transaccions Financeres<\/strong> (LTT), aprovat recentment pel <strong>Consell de Ministres<\/strong> per a la seva tramitaci\u00f3.<\/p>\n<div id=\"attachment_66040\" style=\"width: 249px\" class=\"wp-caption alignleft\"><img loading=\"lazy\" decoding=\"async\" aria-describedby=\"caption-attachment-66040\" class=\"wp-image-66040 size-full\" src=\"https:\/\/raed.academy\/wp-content\/uploads\/2019\/02\/Montserrat_Casanovas.jpg\" alt=\"Dra. Montserrat Casanovas Ramon\" width=\"239\" height=\"300\" \/><p id=\"caption-attachment-66040\" class=\"wp-caption-text\">Dra. Montserrat Casanovas<\/p><\/div>\n<p>La acad\u00e8mica presenta el nou impost indirecte que marca aquesta llei per gravar les transaccions financeres oneroses d&#8217;accions representatives del capital social de societats espanyoles admeses a cotitzaci\u00f3 en un mercat regulat espanyol o d&#8217;un altre Estat de la Uni\u00f3 Europea o en un mercat d&#8217;un pa\u00eds tercer considerat equivalent, amb un valor de capitalitzaci\u00f3 superior a 1.000 milions d&#8217;euros. &#8220;La quantia de l&#8217;impost es determina aplicant a la base imposable un tipus impositiu del 0,2%. L&#8217;impost s&#8217;acredita en el moment de liquidaci\u00f3 de l&#8217;operaci\u00f3 i el subjecte passiu \u00e9s l&#8217;intermediari financer que executa l&#8217;operaci\u00f3&#8221;, explica Casanovas.<\/p>\n<p>El principal objectiu d&#8217;aquest nou impost \u00e9s augmentar els ingressos p\u00fablics per tal de consolidar les finances p\u00fabliques. El Govern, de fet, ha estimat un augment de la recaptaci\u00f3 anual al voltant de 850 milions d&#8217;euros, si b\u00e9 l&#8217;acad\u00e8mica tamb\u00e9 posa sobre la taula els previsibles efectes negatius de l&#8217;impost. &#8220;Al meu entendre, hauria de preocupar que la implantaci\u00f3 d&#8217;aquest nou tribut produeixi tamb\u00e9 impactes negatius, tant per als inversors com per al propi mercat borsari i per als intermediaris financers&#8221;, assenyala.<\/p>\n<p>&#8220;Des del punt de vista del mercat, a curt termini podria reduir el volum d&#8217;operacions en accions i, en conseq\u00fc\u00e8ncia, disminuiria la liquiditat d&#8217;aquests valors. I des del punt de vista dels intermediaris financers, es produir\u00e0 un augment dels costos administratius derivats de la liquidaci\u00f3, informaci\u00f3 i documentaci\u00f3 del tribut&#8221;, conclou Casanovas.<\/p>\n","protected":false},"excerpt":{"rendered":"<p>Montserrat Casanovas, catedr\u00e0tica d&#8217;Economia Financera i Comptabilitat de la Universitat de Barcelona, \u200b\u200bvicepresidenta de l&#8217;Associaci\u00f3 Catalana de Comptabilitat i Direcci\u00f3 i de la Comissi\u00f3 Financera del Consell General d&#8217;Economistes i acad\u00e8mica de n\u00famero de la Reial Acad\u00e8mia Europea de Doctors-Barcelona 1914 (RAED ), va publicar el passat 2 de febrer al diari &#8220;Cinco D\u00edas&#8221; l&#8217;article [&hellip;]<\/p>\n","protected":false},"author":12,"featured_media":66036,"comment_status":"closed","ping_status":"closed","sticky":false,"template":"","format":"standard","meta":{"_et_pb_use_builder":"","_et_pb_old_content":"","_et_gb_content_width":"","footnotes":""},"categories":[233],"tags":[],"class_list":["post-66268","post","type-post","status-publish","format-standard","has-post-thumbnail","hentry","category-economiques-i-empresarials","et-has-post-format-content","et_post_format-et-post-format-standard"],"yoast_head":"<!-- This site is optimized with the Yoast SEO plugin v27.5 - https:\/\/yoast.com\/product\/yoast-seo-wordpress\/ -->\n<title>Els clarobscurs de la taxa Tobin - Reial Acad\u00e8mia Europea de Doctors<\/title>\n<meta name=\"robots\" content=\"index, follow, max-snippet:-1, max-image-preview:large, max-video-preview:-1\" \/>\n<link rel=\"canonical\" href=\"https:\/\/raed.academy\/ca\/els-clarobscurs-de-la-taxa-tobin\/\" \/>\n<meta property=\"og:locale\" content=\"ca_ES\" \/>\n<meta property=\"og:type\" content=\"article\" \/>\n<meta property=\"og:title\" content=\"Els clarobscurs de la taxa Tobin - Reial Acad\u00e8mia Europea de Doctors\" \/>\n<meta property=\"og:description\" content=\"Montserrat Casanovas, catedr\u00e0tica d&#8217;Economia Financera i Comptabilitat de la Universitat de Barcelona, \u200b\u200bvicepresidenta de l&#8217;Associaci\u00f3 Catalana de Comptabilitat i Direcci\u00f3 i de la Comissi\u00f3 Financera del Consell General d&#8217;Economistes i acad\u00e8mica de n\u00famero de la Reial Acad\u00e8mia Europea de Doctors-Barcelona 1914 (RAED ), va publicar el passat 2 de febrer al diari &#8220;Cinco D\u00edas&#8221; l&#8217;article [&hellip;]\" \/>\n<meta property=\"og:url\" content=\"https:\/\/raed.academy\/ca\/els-clarobscurs-de-la-taxa-tobin\/\" \/>\n<meta property=\"og:site_name\" content=\"Reial Acad\u00e8mia Europea de Doctors\" \/>\n<meta property=\"article:publisher\" content=\"http:\/\/fb.me\/raed.academy\" \/>\n<meta property=\"article:published_time\" content=\"2019-02-08T06:34:55+00:00\" \/>\n<meta property=\"article:modified_time\" content=\"2019-02-08T13:19:45+00:00\" \/>\n<meta property=\"og:image\" content=\"https:\/\/raed.academy\/wp-content\/uploads\/2019\/02\/tasa-tobin-dstNtc.jpg\" \/>\n\t<meta property=\"og:image:width\" content=\"450\" \/>\n\t<meta property=\"og:image:height\" content=\"270\" \/>\n\t<meta property=\"og:image:type\" content=\"image\/jpeg\" \/>\n<meta name=\"author\" content=\"RAED\" \/>\n<meta name=\"twitter:card\" content=\"summary_large_image\" \/>\n<meta name=\"twitter:creator\" content=\"@raedacademy\" \/>\n<meta name=\"twitter:site\" content=\"@raedacademy\" \/>\n<meta name=\"twitter:label1\" content=\"Written by\" \/>\n\t<meta name=\"twitter:data1\" content=\"RAED\" \/>\n\t<meta name=\"twitter:label2\" content=\"Est. reading time\" \/>\n\t<meta name=\"twitter:data2\" content=\"2 minutes\" \/>\n<script type=\"application\/ld+json\" class=\"yoast-schema-graph\">{\"@context\":\"https:\\\/\\\/schema.org\",\"@graph\":[{\"@type\":\"Article\",\"@id\":\"https:\\\/\\\/raed.academy\\\/ca\\\/els-clarobscurs-de-la-taxa-tobin\\\/#article\",\"isPartOf\":{\"@id\":\"https:\\\/\\\/raed.academy\\\/ca\\\/els-clarobscurs-de-la-taxa-tobin\\\/\"},\"author\":{\"name\":\"RAED\",\"@id\":\"https:\\\/\\\/raed.academy\\\/ca\\\/#\\\/schema\\\/person\\\/5a755da80d1d979fd66ba745c8702927\"},\"headline\":\"Els clarobscurs de la taxa Tobin\",\"datePublished\":\"2019-02-08T06:34:55+00:00\",\"dateModified\":\"2019-02-08T13:19:45+00:00\",\"mainEntityOfPage\":{\"@id\":\"https:\\\/\\\/raed.academy\\\/ca\\\/els-clarobscurs-de-la-taxa-tobin\\\/\"},\"wordCount\":367,\"publisher\":{\"@id\":\"https:\\\/\\\/raed.academy\\\/ca\\\/#organization\"},\"image\":{\"@id\":\"https:\\\/\\\/raed.academy\\\/ca\\\/els-clarobscurs-de-la-taxa-tobin\\\/#primaryimage\"},\"thumbnailUrl\":\"https:\\\/\\\/raed.academy\\\/wp-content\\\/uploads\\\/2019\\\/02\\\/tasa-tobin-dstNtc.jpg\",\"articleSection\":[\"Econ\u00f2miques i Empresarials\"],\"inLanguage\":\"ca-ES\"},{\"@type\":\"WebPage\",\"@id\":\"https:\\\/\\\/raed.academy\\\/ca\\\/els-clarobscurs-de-la-taxa-tobin\\\/\",\"url\":\"https:\\\/\\\/raed.academy\\\/ca\\\/els-clarobscurs-de-la-taxa-tobin\\\/\",\"name\":\"Els clarobscurs de la taxa Tobin - Reial Acad\u00e8mia Europea de Doctors\",\"isPartOf\":{\"@id\":\"https:\\\/\\\/raed.academy\\\/ca\\\/#website\"},\"primaryImageOfPage\":{\"@id\":\"https:\\\/\\\/raed.academy\\\/ca\\\/els-clarobscurs-de-la-taxa-tobin\\\/#primaryimage\"},\"image\":{\"@id\":\"https:\\\/\\\/raed.academy\\\/ca\\\/els-clarobscurs-de-la-taxa-tobin\\\/#primaryimage\"},\"thumbnailUrl\":\"https:\\\/\\\/raed.academy\\\/wp-content\\\/uploads\\\/2019\\\/02\\\/tasa-tobin-dstNtc.jpg\",\"datePublished\":\"2019-02-08T06:34:55+00:00\",\"dateModified\":\"2019-02-08T13:19:45+00:00\",\"breadcrumb\":{\"@id\":\"https:\\\/\\\/raed.academy\\\/ca\\\/els-clarobscurs-de-la-taxa-tobin\\\/#breadcrumb\"},\"inLanguage\":\"ca-ES\",\"potentialAction\":[{\"@type\":\"ReadAction\",\"target\":[\"https:\\\/\\\/raed.academy\\\/ca\\\/els-clarobscurs-de-la-taxa-tobin\\\/\"]}]},{\"@type\":\"ImageObject\",\"inLanguage\":\"ca-ES\",\"@id\":\"https:\\\/\\\/raed.academy\\\/ca\\\/els-clarobscurs-de-la-taxa-tobin\\\/#primaryimage\",\"url\":\"https:\\\/\\\/raed.academy\\\/wp-content\\\/uploads\\\/2019\\\/02\\\/tasa-tobin-dstNtc.jpg\",\"contentUrl\":\"https:\\\/\\\/raed.academy\\\/wp-content\\\/uploads\\\/2019\\\/02\\\/tasa-tobin-dstNtc.jpg\",\"width\":450,\"height\":270},{\"@type\":\"BreadcrumbList\",\"@id\":\"https:\\\/\\\/raed.academy\\\/ca\\\/els-clarobscurs-de-la-taxa-tobin\\\/#breadcrumb\",\"itemListElement\":[{\"@type\":\"ListItem\",\"position\":1,\"name\":\"Inicio\",\"item\":\"https:\\\/\\\/raed.academy\\\/ca\\\/\"},{\"@type\":\"ListItem\",\"position\":2,\"name\":\"Els clarobscurs de la taxa Tobin\"}]},{\"@type\":\"WebSite\",\"@id\":\"https:\\\/\\\/raed.academy\\\/ca\\\/#website\",\"url\":\"https:\\\/\\\/raed.academy\\\/ca\\\/\",\"name\":\"Reial Acad\u00e8mia Europea de Doctors\",\"description\":\"Corporaci\u00f3n de derecho p\u00fablico de car\u00e1cter cient\u00edfico, t\u00e9cnico y art\u00edstico, que tiene por objeto la investigaci\u00f3n, el estudio, el fomento y la extensi\u00f3n del conocimiento en su sentido m\u00e1s amplio\",\"publisher\":{\"@id\":\"https:\\\/\\\/raed.academy\\\/ca\\\/#organization\"},\"potentialAction\":[{\"@type\":\"SearchAction\",\"target\":{\"@type\":\"EntryPoint\",\"urlTemplate\":\"https:\\\/\\\/raed.academy\\\/ca\\\/?s={search_term_string}\"},\"query-input\":{\"@type\":\"PropertyValueSpecification\",\"valueRequired\":true,\"valueName\":\"search_term_string\"}}],\"inLanguage\":\"ca-ES\"},{\"@type\":\"Organization\",\"@id\":\"https:\\\/\\\/raed.academy\\\/ca\\\/#organization\",\"name\":\"Real Academia Europea de Doctores\",\"url\":\"https:\\\/\\\/raed.academy\\\/ca\\\/\",\"logo\":{\"@type\":\"ImageObject\",\"inLanguage\":\"ca-ES\",\"@id\":\"https:\\\/\\\/raed.academy\\\/ca\\\/#\\\/schema\\\/logo\\\/image\\\/\",\"url\":\"https:\\\/\\\/raed.academy\\\/wp-content\\\/uploads\\\/2017\\\/01\\\/cropped-logo_raed.png\",\"contentUrl\":\"https:\\\/\\\/raed.academy\\\/wp-content\\\/uploads\\\/2017\\\/01\\\/cropped-logo_raed.png\",\"width\":512,\"height\":512,\"caption\":\"Real Academia Europea de Doctores\"},\"image\":{\"@id\":\"https:\\\/\\\/raed.academy\\\/ca\\\/#\\\/schema\\\/logo\\\/image\\\/\"},\"sameAs\":[\"http:\\\/\\\/fb.me\\\/raed.academy\",\"https:\\\/\\\/x.com\\\/raedacademy\",\"https:\\\/\\\/www.instagram.com\\\/raed.academy\\\/\",\"https:\\\/\\\/www.youtube.com\\\/channel\\\/UCUYQwW2KrdirNWihxMDObwg\"]},{\"@type\":\"Person\",\"@id\":\"https:\\\/\\\/raed.academy\\\/ca\\\/#\\\/schema\\\/person\\\/5a755da80d1d979fd66ba745c8702927\",\"name\":\"RAED\",\"image\":{\"@type\":\"ImageObject\",\"inLanguage\":\"ca-ES\",\"@id\":\"https:\\\/\\\/secure.gravatar.com\\\/avatar\\\/19fdfdc0d67fb9c45714b703a2ac82251c4fcea3637f002ac3c9b74c0183583c?s=96&d=mm&r=g\",\"url\":\"https:\\\/\\\/secure.gravatar.com\\\/avatar\\\/19fdfdc0d67fb9c45714b703a2ac82251c4fcea3637f002ac3c9b74c0183583c?s=96&d=mm&r=g\",\"contentUrl\":\"https:\\\/\\\/secure.gravatar.com\\\/avatar\\\/19fdfdc0d67fb9c45714b703a2ac82251c4fcea3637f002ac3c9b74c0183583c?s=96&d=mm&r=g\",\"caption\":\"RAED\"}}]}<\/script>\n<!-- \/ Yoast SEO plugin. -->","yoast_head_json":{"title":"Els clarobscurs de la taxa Tobin - Reial Acad\u00e8mia Europea de Doctors","robots":{"index":"index","follow":"follow","max-snippet":"max-snippet:-1","max-image-preview":"max-image-preview:large","max-video-preview":"max-video-preview:-1"},"canonical":"https:\/\/raed.academy\/ca\/els-clarobscurs-de-la-taxa-tobin\/","og_locale":"ca_ES","og_type":"article","og_title":"Els clarobscurs de la taxa Tobin - Reial Acad\u00e8mia Europea de Doctors","og_description":"Montserrat Casanovas, catedr\u00e0tica d&#8217;Economia Financera i Comptabilitat de la Universitat de Barcelona, \u200b\u200bvicepresidenta de l&#8217;Associaci\u00f3 Catalana de Comptabilitat i Direcci\u00f3 i de la Comissi\u00f3 Financera del Consell General d&#8217;Economistes i acad\u00e8mica de n\u00famero de la Reial Acad\u00e8mia Europea de Doctors-Barcelona 1914 (RAED ), va publicar el passat 2 de febrer al diari &#8220;Cinco D\u00edas&#8221; l&#8217;article [&hellip;]","og_url":"https:\/\/raed.academy\/ca\/els-clarobscurs-de-la-taxa-tobin\/","og_site_name":"Reial Acad\u00e8mia Europea de Doctors","article_publisher":"http:\/\/fb.me\/raed.academy","article_published_time":"2019-02-08T06:34:55+00:00","article_modified_time":"2019-02-08T13:19:45+00:00","og_image":[{"width":450,"height":270,"url":"https:\/\/raed.academy\/wp-content\/uploads\/2019\/02\/tasa-tobin-dstNtc.jpg","type":"image\/jpeg"}],"author":"RAED","twitter_card":"summary_large_image","twitter_creator":"@raedacademy","twitter_site":"@raedacademy","twitter_misc":{"Written by":"RAED","Est. reading time":"2 minutes"},"schema":{"@context":"https:\/\/schema.org","@graph":[{"@type":"Article","@id":"https:\/\/raed.academy\/ca\/els-clarobscurs-de-la-taxa-tobin\/#article","isPartOf":{"@id":"https:\/\/raed.academy\/ca\/els-clarobscurs-de-la-taxa-tobin\/"},"author":{"name":"RAED","@id":"https:\/\/raed.academy\/ca\/#\/schema\/person\/5a755da80d1d979fd66ba745c8702927"},"headline":"Els clarobscurs de la taxa Tobin","datePublished":"2019-02-08T06:34:55+00:00","dateModified":"2019-02-08T13:19:45+00:00","mainEntityOfPage":{"@id":"https:\/\/raed.academy\/ca\/els-clarobscurs-de-la-taxa-tobin\/"},"wordCount":367,"publisher":{"@id":"https:\/\/raed.academy\/ca\/#organization"},"image":{"@id":"https:\/\/raed.academy\/ca\/els-clarobscurs-de-la-taxa-tobin\/#primaryimage"},"thumbnailUrl":"https:\/\/raed.academy\/wp-content\/uploads\/2019\/02\/tasa-tobin-dstNtc.jpg","articleSection":["Econ\u00f2miques i Empresarials"],"inLanguage":"ca-ES"},{"@type":"WebPage","@id":"https:\/\/raed.academy\/ca\/els-clarobscurs-de-la-taxa-tobin\/","url":"https:\/\/raed.academy\/ca\/els-clarobscurs-de-la-taxa-tobin\/","name":"Els clarobscurs de la taxa Tobin - Reial Acad\u00e8mia Europea de Doctors","isPartOf":{"@id":"https:\/\/raed.academy\/ca\/#website"},"primaryImageOfPage":{"@id":"https:\/\/raed.academy\/ca\/els-clarobscurs-de-la-taxa-tobin\/#primaryimage"},"image":{"@id":"https:\/\/raed.academy\/ca\/els-clarobscurs-de-la-taxa-tobin\/#primaryimage"},"thumbnailUrl":"https:\/\/raed.academy\/wp-content\/uploads\/2019\/02\/tasa-tobin-dstNtc.jpg","datePublished":"2019-02-08T06:34:55+00:00","dateModified":"2019-02-08T13:19:45+00:00","breadcrumb":{"@id":"https:\/\/raed.academy\/ca\/els-clarobscurs-de-la-taxa-tobin\/#breadcrumb"},"inLanguage":"ca-ES","potentialAction":[{"@type":"ReadAction","target":["https:\/\/raed.academy\/ca\/els-clarobscurs-de-la-taxa-tobin\/"]}]},{"@type":"ImageObject","inLanguage":"ca-ES","@id":"https:\/\/raed.academy\/ca\/els-clarobscurs-de-la-taxa-tobin\/#primaryimage","url":"https:\/\/raed.academy\/wp-content\/uploads\/2019\/02\/tasa-tobin-dstNtc.jpg","contentUrl":"https:\/\/raed.academy\/wp-content\/uploads\/2019\/02\/tasa-tobin-dstNtc.jpg","width":450,"height":270},{"@type":"BreadcrumbList","@id":"https:\/\/raed.academy\/ca\/els-clarobscurs-de-la-taxa-tobin\/#breadcrumb","itemListElement":[{"@type":"ListItem","position":1,"name":"Inicio","item":"https:\/\/raed.academy\/ca\/"},{"@type":"ListItem","position":2,"name":"Els clarobscurs de la taxa Tobin"}]},{"@type":"WebSite","@id":"https:\/\/raed.academy\/ca\/#website","url":"https:\/\/raed.academy\/ca\/","name":"Reial Acad\u00e8mia Europea de Doctors","description":"Corporaci\u00f3n de derecho p\u00fablico de car\u00e1cter cient\u00edfico, t\u00e9cnico y art\u00edstico, que tiene por objeto la investigaci\u00f3n, el estudio, el fomento y la extensi\u00f3n del conocimiento en su sentido m\u00e1s amplio","publisher":{"@id":"https:\/\/raed.academy\/ca\/#organization"},"potentialAction":[{"@type":"SearchAction","target":{"@type":"EntryPoint","urlTemplate":"https:\/\/raed.academy\/ca\/?s={search_term_string}"},"query-input":{"@type":"PropertyValueSpecification","valueRequired":true,"valueName":"search_term_string"}}],"inLanguage":"ca-ES"},{"@type":"Organization","@id":"https:\/\/raed.academy\/ca\/#organization","name":"Real Academia Europea de Doctores","url":"https:\/\/raed.academy\/ca\/","logo":{"@type":"ImageObject","inLanguage":"ca-ES","@id":"https:\/\/raed.academy\/ca\/#\/schema\/logo\/image\/","url":"https:\/\/raed.academy\/wp-content\/uploads\/2017\/01\/cropped-logo_raed.png","contentUrl":"https:\/\/raed.academy\/wp-content\/uploads\/2017\/01\/cropped-logo_raed.png","width":512,"height":512,"caption":"Real Academia Europea de Doctores"},"image":{"@id":"https:\/\/raed.academy\/ca\/#\/schema\/logo\/image\/"},"sameAs":["http:\/\/fb.me\/raed.academy","https:\/\/x.com\/raedacademy","https:\/\/www.instagram.com\/raed.academy\/","https:\/\/www.youtube.com\/channel\/UCUYQwW2KrdirNWihxMDObwg"]},{"@type":"Person","@id":"https:\/\/raed.academy\/ca\/#\/schema\/person\/5a755da80d1d979fd66ba745c8702927","name":"RAED","image":{"@type":"ImageObject","inLanguage":"ca-ES","@id":"https:\/\/secure.gravatar.com\/avatar\/19fdfdc0d67fb9c45714b703a2ac82251c4fcea3637f002ac3c9b74c0183583c?s=96&d=mm&r=g","url":"https:\/\/secure.gravatar.com\/avatar\/19fdfdc0d67fb9c45714b703a2ac82251c4fcea3637f002ac3c9b74c0183583c?s=96&d=mm&r=g","contentUrl":"https:\/\/secure.gravatar.com\/avatar\/19fdfdc0d67fb9c45714b703a2ac82251c4fcea3637f002ac3c9b74c0183583c?s=96&d=mm&r=g","caption":"RAED"}}]}},"_links":{"self":[{"href":"https:\/\/raed.academy\/ca\/wp-json\/wp\/v2\/posts\/66268","targetHints":{"allow":["GET"]}}],"collection":[{"href":"https:\/\/raed.academy\/ca\/wp-json\/wp\/v2\/posts"}],"about":[{"href":"https:\/\/raed.academy\/ca\/wp-json\/wp\/v2\/types\/post"}],"author":[{"embeddable":true,"href":"https:\/\/raed.academy\/ca\/wp-json\/wp\/v2\/users\/12"}],"replies":[{"embeddable":true,"href":"https:\/\/raed.academy\/ca\/wp-json\/wp\/v2\/comments?post=66268"}],"version-history":[{"count":0,"href":"https:\/\/raed.academy\/ca\/wp-json\/wp\/v2\/posts\/66268\/revisions"}],"wp:featuredmedia":[{"embeddable":true,"href":"https:\/\/raed.academy\/ca\/wp-json\/wp\/v2\/media\/66036"}],"wp:attachment":[{"href":"https:\/\/raed.academy\/ca\/wp-json\/wp\/v2\/media?parent=66268"}],"wp:term":[{"taxonomy":"category","embeddable":true,"href":"https:\/\/raed.academy\/ca\/wp-json\/wp\/v2\/categories?post=66268"},{"taxonomy":"post_tag","embeddable":true,"href":"https:\/\/raed.academy\/ca\/wp-json\/wp\/v2\/tags?post=66268"}],"curies":[{"name":"wp","href":"https:\/\/api.w.org\/{rel}","templated":true}]}}