{"id":64227,"date":"2019-01-09T08:23:16","date_gmt":"2019-01-09T08:23:16","guid":{"rendered":"https:\/\/raed.academy\/?p=64227"},"modified":"2019-01-10T11:50:32","modified_gmt":"2019-01-10T11:50:32","slug":"video-acte-ingres-rafael-urrialde","status":"publish","type":"post","link":"https:\/\/raed.academy\/ca\/video-acte-ingres-rafael-urrialde\/","title":{"rendered":"V\u00eddeo-resum de l&#8217;acte de ingr\u00e9s de Rafael Urrialde"},"content":{"rendered":"<p>El canal de Youtube de la <strong>Reial Acad\u00e8mia Europea de Doctors-Barcelona 1914<\/strong> (RAED) ja disposa del v\u00eddeo-resum de l&#8217;acte d&#8217;ingr\u00e9s com a acad\u00e8mic corresponent de <a href=\"https:\/\/raed.academy\/ca\/academics\/dr-rafael-urrialde-de-andres\/\" target=\"_blank\" rel=\"noopener\"><strong>Rafael Urrialde<\/strong><\/a>, doctor en Ci\u00e8ncies Biol\u00f2giques, que es va celebrar a Barcelona el passat 20 de setembre. El recipiendari va llegir el discurs d&#8217;ingr\u00e9s <strong>&#8220;Evoluci\u00f3n de la informaci\u00f3n relacionada con la alimentaci\u00f3n y la nutrici\u00f3n: retos de adaptaci\u00f3n por el consumidor&#8221;<\/strong>. Li va respondre en nom de la Reial Corporaci\u00f3 l&#8217;acad\u00e8mic de n\u00famero <a href=\"https:\/\/raed.academy\/ca\/academics\/dr-lluis-serra-majem\/\" target=\"_blank\" rel=\"noopener\"><strong>Llu\u00eds Serra<\/strong><\/a>.<\/p>\n<p>En la seva exposici\u00f3, el nou acad\u00e8mic va destacar com els aven\u00e7os de l&#8217;\u00faltim segle pel que fa a l&#8217;alimentaci\u00f3 no passen nom\u00e9s per la varietat i disponibilitat d&#8217;aliments, impensable en \u00e8poques anteriors, sin\u00f3 per la higiene aliment\u00e0ria, un fet tamb\u00e9 nou des que la conservaci\u00f3 va deixar de ser l&#8217;\u00fanica prioritat de nombroses societats que van idear i van transmetre les seves pr\u00f2pies t\u00e8cniques.<\/p>\n<p>Membre de diferents comit\u00e8s cient\u00edfics relacionats amb l&#8217;alimentaci\u00f3 i la nutrici\u00f3, el nou acad\u00e8mic \u00e9s autor i coautor de publicacions cient\u00edfiques relacionades amb l&#8217;educaci\u00f3 nutricional. Va ser cap de Salut i Seguretat Aliment\u00e0ria a <a href=\"http:\/\/www.lechepuleva.es\" target=\"_blank\" rel=\"noopener\"><strong>Puleva Food<\/strong><\/a>, director de l&#8217;\u00c0rea de Sanitat i Alimentaci\u00f3 en la <a href=\"http:\/\/www.uniondeconsumidores.info\" target=\"_blank\" rel=\"noopener\"><strong>Uni\u00f3 de Consumidors d&#8217;Espanya<\/strong><\/a>, coordinador t\u00e8cnic de la revista <strong>&#8220;Ciudadano&#8221;<\/strong>, t\u00e8cnic d&#8217;an\u00e0lisi de l&#8217;<strong>Institut del Fred<\/strong> del <a href=\"http:\/\/www.csic.es\" target=\"_blank\" rel=\"noopener\"><strong>Consell Superior d&#8217;Investigacions Cient\u00edfiques<\/strong><\/a> i col\u00b7laborador de la <strong>C\u00e0tedra de Fisiologia Vegetal<\/strong> de la Facultat de Ci\u00e8ncies Biol\u00f2giques de la <a href=\"http:\/\/www.ucm.es\" target=\"_blank\" rel=\"noopener\"><strong>Universitat Complutense de Madrid<\/strong><\/a>. En l&#8217;actualitat \u00e9s director de Salut i Nutrici\u00f3 de <a href=\"http:\/\/www.ccepiberia.com\" target=\"_blank\" rel=\"noopener\"><strong>Coca-Cola Iberia<\/strong><\/a>.<\/p>\n<h3>V\u00eddeo resum<\/h3>\n<p><iframe loading=\"lazy\" src=\"https:\/\/www.youtube.com\/embed\/sriiw3jhEwA\" width=\"1160\" height=\"632\" frameborder=\"0\" allowfullscreen=\"allowfullscreen\"><\/iframe><\/p>\n<h3>V\u00eddeo complet<\/h3>\n<p><iframe loading=\"lazy\" src=\"https:\/\/www.youtube.com\/embed\/m7RJ8jzBO44\" width=\"1160\" height=\"632\" frameborder=\"0\" allowfullscreen=\"allowfullscreen\"><\/iframe><\/p>\n","protected":false},"excerpt":{"rendered":"<p>El canal de Youtube de la Reial Acad\u00e8mia Europea de Doctors-Barcelona 1914 (RAED) ja disposa del v\u00eddeo-resum de l&#8217;acte d&#8217;ingr\u00e9s com a acad\u00e8mic corresponent de Rafael Urrialde, doctor en Ci\u00e8ncies Biol\u00f2giques, que es va celebrar a Barcelona el passat 20 de setembre. El recipiendari va llegir el discurs d&#8217;ingr\u00e9s &#8220;Evoluci\u00f3n de la informaci\u00f3n relacionada con [&hellip;]<\/p>\n","protected":false},"author":12,"featured_media":56715,"comment_status":"closed","ping_status":"closed","sticky":false,"template":"","format":"standard","meta":{"_et_pb_use_builder":"","_et_pb_old_content":"","_et_gb_content_width":"","footnotes":""},"categories":[237],"tags":[],"class_list":["post-64227","post","type-post","status-publish","format-standard","has-post-thumbnail","hentry","category-alimentacio-i-nutricio","et-has-post-format-content","et_post_format-et-post-format-standard"],"yoast_head":"<!-- This site is optimized with the Yoast SEO plugin v27.4 - https:\/\/yoast.com\/product\/yoast-seo-wordpress\/ -->\n<title>V\u00eddeo-resum de l&#039;acte de ingr\u00e9s de Rafael Urrialde - Reial Acad\u00e8mia Europea de Doctors<\/title>\n<meta name=\"robots\" content=\"index, follow, max-snippet:-1, max-image-preview:large, max-video-preview:-1\" \/>\n<link rel=\"canonical\" href=\"https:\/\/raed.academy\/ca\/video-acte-ingres-rafael-urrialde\/\" \/>\n<meta property=\"og:locale\" content=\"ca_ES\" \/>\n<meta property=\"og:type\" content=\"article\" \/>\n<meta property=\"og:title\" content=\"V\u00eddeo-resum de l&#039;acte de ingr\u00e9s de Rafael Urrialde - Reial Acad\u00e8mia Europea de Doctors\" \/>\n<meta property=\"og:description\" content=\"El canal de Youtube de la Reial Acad\u00e8mia Europea de Doctors-Barcelona 1914 (RAED) ja disposa del v\u00eddeo-resum de l&#8217;acte d&#8217;ingr\u00e9s com a acad\u00e8mic corresponent de Rafael Urrialde, doctor en Ci\u00e8ncies Biol\u00f2giques, que es va celebrar a Barcelona el passat 20 de setembre. El recipiendari va llegir el discurs d&#8217;ingr\u00e9s &#8220;Evoluci\u00f3n de la informaci\u00f3n relacionada con [&hellip;]\" \/>\n<meta property=\"og:url\" content=\"https:\/\/raed.academy\/ca\/video-acte-ingres-rafael-urrialde\/\" \/>\n<meta property=\"og:site_name\" content=\"Reial Acad\u00e8mia Europea de Doctors\" \/>\n<meta property=\"article:publisher\" content=\"http:\/\/fb.me\/raed.academy\" \/>\n<meta property=\"article:published_time\" content=\"2019-01-09T08:23:16+00:00\" \/>\n<meta property=\"article:modified_time\" content=\"2019-01-10T11:50:32+00:00\" \/>\n<meta property=\"og:image\" content=\"https:\/\/raed.academy\/wp-content\/uploads\/2018\/09\/acto-ingreso-Dr-Rafael-Urrialde-de-Andres-17.jpg\" \/>\n\t<meta property=\"og:image:width\" content=\"800\" \/>\n\t<meta property=\"og:image:height\" content=\"534\" \/>\n\t<meta property=\"og:image:type\" content=\"image\/jpeg\" \/>\n<meta name=\"author\" content=\"RAED\" \/>\n<meta name=\"twitter:card\" content=\"summary_large_image\" \/>\n<meta name=\"twitter:creator\" content=\"@raedacademy\" \/>\n<meta name=\"twitter:site\" content=\"@raedacademy\" \/>\n<meta name=\"twitter:label1\" content=\"Written by\" \/>\n\t<meta name=\"twitter:data1\" content=\"RAED\" \/>\n\t<meta name=\"twitter:label2\" content=\"Est. reading time\" \/>\n\t<meta name=\"twitter:data2\" content=\"1 minute\" \/>\n<script type=\"application\/ld+json\" class=\"yoast-schema-graph\">{\"@context\":\"https:\\\/\\\/schema.org\",\"@graph\":[{\"@type\":\"Article\",\"@id\":\"https:\\\/\\\/raed.academy\\\/ca\\\/video-acte-ingres-rafael-urrialde\\\/#article\",\"isPartOf\":{\"@id\":\"https:\\\/\\\/raed.academy\\\/ca\\\/video-acte-ingres-rafael-urrialde\\\/\"},\"author\":{\"name\":\"RAED\",\"@id\":\"https:\\\/\\\/raed.academy\\\/ca\\\/#\\\/schema\\\/person\\\/5a755da80d1d979fd66ba745c8702927\"},\"headline\":\"V\u00eddeo-resum de l&#8217;acte de ingr\u00e9s de Rafael Urrialde\",\"datePublished\":\"2019-01-09T08:23:16+00:00\",\"dateModified\":\"2019-01-10T11:50:32+00:00\",\"mainEntityOfPage\":{\"@id\":\"https:\\\/\\\/raed.academy\\\/ca\\\/video-acte-ingres-rafael-urrialde\\\/\"},\"wordCount\":307,\"publisher\":{\"@id\":\"https:\\\/\\\/raed.academy\\\/ca\\\/#organization\"},\"image\":{\"@id\":\"https:\\\/\\\/raed.academy\\\/ca\\\/video-acte-ingres-rafael-urrialde\\\/#primaryimage\"},\"thumbnailUrl\":\"https:\\\/\\\/raed.academy\\\/wp-content\\\/uploads\\\/2018\\\/09\\\/acto-ingreso-Dr-Rafael-Urrialde-de-Andres-17.jpg\",\"articleSection\":[\"Alimentaci\u00f3 i nutrici\u00f3\"],\"inLanguage\":\"ca-ES\"},{\"@type\":\"WebPage\",\"@id\":\"https:\\\/\\\/raed.academy\\\/ca\\\/video-acte-ingres-rafael-urrialde\\\/\",\"url\":\"https:\\\/\\\/raed.academy\\\/ca\\\/video-acte-ingres-rafael-urrialde\\\/\",\"name\":\"V\u00eddeo-resum de l'acte de ingr\u00e9s de Rafael Urrialde - Reial Acad\u00e8mia Europea de Doctors\",\"isPartOf\":{\"@id\":\"https:\\\/\\\/raed.academy\\\/ca\\\/#website\"},\"primaryImageOfPage\":{\"@id\":\"https:\\\/\\\/raed.academy\\\/ca\\\/video-acte-ingres-rafael-urrialde\\\/#primaryimage\"},\"image\":{\"@id\":\"https:\\\/\\\/raed.academy\\\/ca\\\/video-acte-ingres-rafael-urrialde\\\/#primaryimage\"},\"thumbnailUrl\":\"https:\\\/\\\/raed.academy\\\/wp-content\\\/uploads\\\/2018\\\/09\\\/acto-ingreso-Dr-Rafael-Urrialde-de-Andres-17.jpg\",\"datePublished\":\"2019-01-09T08:23:16+00:00\",\"dateModified\":\"2019-01-10T11:50:32+00:00\",\"breadcrumb\":{\"@id\":\"https:\\\/\\\/raed.academy\\\/ca\\\/video-acte-ingres-rafael-urrialde\\\/#breadcrumb\"},\"inLanguage\":\"ca-ES\",\"potentialAction\":[{\"@type\":\"ReadAction\",\"target\":[\"https:\\\/\\\/raed.academy\\\/ca\\\/video-acte-ingres-rafael-urrialde\\\/\"]}]},{\"@type\":\"ImageObject\",\"inLanguage\":\"ca-ES\",\"@id\":\"https:\\\/\\\/raed.academy\\\/ca\\\/video-acte-ingres-rafael-urrialde\\\/#primaryimage\",\"url\":\"https:\\\/\\\/raed.academy\\\/wp-content\\\/uploads\\\/2018\\\/09\\\/acto-ingreso-Dr-Rafael-Urrialde-de-Andres-17.jpg\",\"contentUrl\":\"https:\\\/\\\/raed.academy\\\/wp-content\\\/uploads\\\/2018\\\/09\\\/acto-ingreso-Dr-Rafael-Urrialde-de-Andres-17.jpg\",\"width\":800,\"height\":534,\"caption\":\"acto de ingreso del Dr. Rafael Urrialde de Andr\u00e9s\"},{\"@type\":\"BreadcrumbList\",\"@id\":\"https:\\\/\\\/raed.academy\\\/ca\\\/video-acte-ingres-rafael-urrialde\\\/#breadcrumb\",\"itemListElement\":[{\"@type\":\"ListItem\",\"position\":1,\"name\":\"Inicio\",\"item\":\"https:\\\/\\\/raed.academy\\\/ca\\\/\"},{\"@type\":\"ListItem\",\"position\":2,\"name\":\"V\u00eddeo-resum de l&#8217;acte de ingr\u00e9s de Rafael Urrialde\"}]},{\"@type\":\"WebSite\",\"@id\":\"https:\\\/\\\/raed.academy\\\/ca\\\/#website\",\"url\":\"https:\\\/\\\/raed.academy\\\/ca\\\/\",\"name\":\"Reial Acad\u00e8mia Europea de Doctors\",\"description\":\"Corporaci\u00f3n de derecho p\u00fablico de car\u00e1cter cient\u00edfico, t\u00e9cnico y art\u00edstico, que tiene por objeto la investigaci\u00f3n, el estudio, el fomento y la extensi\u00f3n del conocimiento en su sentido m\u00e1s amplio\",\"publisher\":{\"@id\":\"https:\\\/\\\/raed.academy\\\/ca\\\/#organization\"},\"potentialAction\":[{\"@type\":\"SearchAction\",\"target\":{\"@type\":\"EntryPoint\",\"urlTemplate\":\"https:\\\/\\\/raed.academy\\\/ca\\\/?s={search_term_string}\"},\"query-input\":{\"@type\":\"PropertyValueSpecification\",\"valueRequired\":true,\"valueName\":\"search_term_string\"}}],\"inLanguage\":\"ca-ES\"},{\"@type\":\"Organization\",\"@id\":\"https:\\\/\\\/raed.academy\\\/ca\\\/#organization\",\"name\":\"Real Academia Europea de Doctores\",\"url\":\"https:\\\/\\\/raed.academy\\\/ca\\\/\",\"logo\":{\"@type\":\"ImageObject\",\"inLanguage\":\"ca-ES\",\"@id\":\"https:\\\/\\\/raed.academy\\\/ca\\\/#\\\/schema\\\/logo\\\/image\\\/\",\"url\":\"https:\\\/\\\/raed.academy\\\/wp-content\\\/uploads\\\/2017\\\/01\\\/cropped-logo_raed.png\",\"contentUrl\":\"https:\\\/\\\/raed.academy\\\/wp-content\\\/uploads\\\/2017\\\/01\\\/cropped-logo_raed.png\",\"width\":512,\"height\":512,\"caption\":\"Real Academia Europea de Doctores\"},\"image\":{\"@id\":\"https:\\\/\\\/raed.academy\\\/ca\\\/#\\\/schema\\\/logo\\\/image\\\/\"},\"sameAs\":[\"http:\\\/\\\/fb.me\\\/raed.academy\",\"https:\\\/\\\/x.com\\\/raedacademy\",\"https:\\\/\\\/www.instagram.com\\\/raed.academy\\\/\",\"https:\\\/\\\/www.youtube.com\\\/channel\\\/UCUYQwW2KrdirNWihxMDObwg\"]},{\"@type\":\"Person\",\"@id\":\"https:\\\/\\\/raed.academy\\\/ca\\\/#\\\/schema\\\/person\\\/5a755da80d1d979fd66ba745c8702927\",\"name\":\"RAED\",\"image\":{\"@type\":\"ImageObject\",\"inLanguage\":\"ca-ES\",\"@id\":\"https:\\\/\\\/secure.gravatar.com\\\/avatar\\\/19fdfdc0d67fb9c45714b703a2ac82251c4fcea3637f002ac3c9b74c0183583c?s=96&d=mm&r=g\",\"url\":\"https:\\\/\\\/secure.gravatar.com\\\/avatar\\\/19fdfdc0d67fb9c45714b703a2ac82251c4fcea3637f002ac3c9b74c0183583c?s=96&d=mm&r=g\",\"contentUrl\":\"https:\\\/\\\/secure.gravatar.com\\\/avatar\\\/19fdfdc0d67fb9c45714b703a2ac82251c4fcea3637f002ac3c9b74c0183583c?s=96&d=mm&r=g\",\"caption\":\"RAED\"}}]}<\/script>\n<!-- \/ Yoast SEO plugin. -->","yoast_head_json":{"title":"V\u00eddeo-resum de l'acte de ingr\u00e9s de Rafael Urrialde - Reial Acad\u00e8mia Europea de Doctors","robots":{"index":"index","follow":"follow","max-snippet":"max-snippet:-1","max-image-preview":"max-image-preview:large","max-video-preview":"max-video-preview:-1"},"canonical":"https:\/\/raed.academy\/ca\/video-acte-ingres-rafael-urrialde\/","og_locale":"ca_ES","og_type":"article","og_title":"V\u00eddeo-resum de l'acte de ingr\u00e9s de Rafael Urrialde - Reial Acad\u00e8mia Europea de Doctors","og_description":"El canal de Youtube de la Reial Acad\u00e8mia Europea de Doctors-Barcelona 1914 (RAED) ja disposa del v\u00eddeo-resum de l&#8217;acte d&#8217;ingr\u00e9s com a acad\u00e8mic corresponent de Rafael Urrialde, doctor en Ci\u00e8ncies Biol\u00f2giques, que es va celebrar a Barcelona el passat 20 de setembre. El recipiendari va llegir el discurs d&#8217;ingr\u00e9s &#8220;Evoluci\u00f3n de la informaci\u00f3n relacionada con [&hellip;]","og_url":"https:\/\/raed.academy\/ca\/video-acte-ingres-rafael-urrialde\/","og_site_name":"Reial Acad\u00e8mia Europea de Doctors","article_publisher":"http:\/\/fb.me\/raed.academy","article_published_time":"2019-01-09T08:23:16+00:00","article_modified_time":"2019-01-10T11:50:32+00:00","og_image":[{"width":800,"height":534,"url":"https:\/\/raed.academy\/wp-content\/uploads\/2018\/09\/acto-ingreso-Dr-Rafael-Urrialde-de-Andres-17.jpg","type":"image\/jpeg"}],"author":"RAED","twitter_card":"summary_large_image","twitter_creator":"@raedacademy","twitter_site":"@raedacademy","twitter_misc":{"Written by":"RAED","Est. reading time":"1 minute"},"schema":{"@context":"https:\/\/schema.org","@graph":[{"@type":"Article","@id":"https:\/\/raed.academy\/ca\/video-acte-ingres-rafael-urrialde\/#article","isPartOf":{"@id":"https:\/\/raed.academy\/ca\/video-acte-ingres-rafael-urrialde\/"},"author":{"name":"RAED","@id":"https:\/\/raed.academy\/ca\/#\/schema\/person\/5a755da80d1d979fd66ba745c8702927"},"headline":"V\u00eddeo-resum de l&#8217;acte de ingr\u00e9s de Rafael Urrialde","datePublished":"2019-01-09T08:23:16+00:00","dateModified":"2019-01-10T11:50:32+00:00","mainEntityOfPage":{"@id":"https:\/\/raed.academy\/ca\/video-acte-ingres-rafael-urrialde\/"},"wordCount":307,"publisher":{"@id":"https:\/\/raed.academy\/ca\/#organization"},"image":{"@id":"https:\/\/raed.academy\/ca\/video-acte-ingres-rafael-urrialde\/#primaryimage"},"thumbnailUrl":"https:\/\/raed.academy\/wp-content\/uploads\/2018\/09\/acto-ingreso-Dr-Rafael-Urrialde-de-Andres-17.jpg","articleSection":["Alimentaci\u00f3 i nutrici\u00f3"],"inLanguage":"ca-ES"},{"@type":"WebPage","@id":"https:\/\/raed.academy\/ca\/video-acte-ingres-rafael-urrialde\/","url":"https:\/\/raed.academy\/ca\/video-acte-ingres-rafael-urrialde\/","name":"V\u00eddeo-resum de l'acte de ingr\u00e9s de Rafael Urrialde - Reial Acad\u00e8mia Europea de Doctors","isPartOf":{"@id":"https:\/\/raed.academy\/ca\/#website"},"primaryImageOfPage":{"@id":"https:\/\/raed.academy\/ca\/video-acte-ingres-rafael-urrialde\/#primaryimage"},"image":{"@id":"https:\/\/raed.academy\/ca\/video-acte-ingres-rafael-urrialde\/#primaryimage"},"thumbnailUrl":"https:\/\/raed.academy\/wp-content\/uploads\/2018\/09\/acto-ingreso-Dr-Rafael-Urrialde-de-Andres-17.jpg","datePublished":"2019-01-09T08:23:16+00:00","dateModified":"2019-01-10T11:50:32+00:00","breadcrumb":{"@id":"https:\/\/raed.academy\/ca\/video-acte-ingres-rafael-urrialde\/#breadcrumb"},"inLanguage":"ca-ES","potentialAction":[{"@type":"ReadAction","target":["https:\/\/raed.academy\/ca\/video-acte-ingres-rafael-urrialde\/"]}]},{"@type":"ImageObject","inLanguage":"ca-ES","@id":"https:\/\/raed.academy\/ca\/video-acte-ingres-rafael-urrialde\/#primaryimage","url":"https:\/\/raed.academy\/wp-content\/uploads\/2018\/09\/acto-ingreso-Dr-Rafael-Urrialde-de-Andres-17.jpg","contentUrl":"https:\/\/raed.academy\/wp-content\/uploads\/2018\/09\/acto-ingreso-Dr-Rafael-Urrialde-de-Andres-17.jpg","width":800,"height":534,"caption":"acto de ingreso del Dr. Rafael Urrialde de Andr\u00e9s"},{"@type":"BreadcrumbList","@id":"https:\/\/raed.academy\/ca\/video-acte-ingres-rafael-urrialde\/#breadcrumb","itemListElement":[{"@type":"ListItem","position":1,"name":"Inicio","item":"https:\/\/raed.academy\/ca\/"},{"@type":"ListItem","position":2,"name":"V\u00eddeo-resum de l&#8217;acte de ingr\u00e9s de Rafael Urrialde"}]},{"@type":"WebSite","@id":"https:\/\/raed.academy\/ca\/#website","url":"https:\/\/raed.academy\/ca\/","name":"Reial Acad\u00e8mia Europea de Doctors","description":"Corporaci\u00f3n de derecho p\u00fablico de car\u00e1cter cient\u00edfico, t\u00e9cnico y art\u00edstico, que tiene por objeto la investigaci\u00f3n, el estudio, el fomento y la extensi\u00f3n del conocimiento en su sentido m\u00e1s amplio","publisher":{"@id":"https:\/\/raed.academy\/ca\/#organization"},"potentialAction":[{"@type":"SearchAction","target":{"@type":"EntryPoint","urlTemplate":"https:\/\/raed.academy\/ca\/?s={search_term_string}"},"query-input":{"@type":"PropertyValueSpecification","valueRequired":true,"valueName":"search_term_string"}}],"inLanguage":"ca-ES"},{"@type":"Organization","@id":"https:\/\/raed.academy\/ca\/#organization","name":"Real Academia Europea de Doctores","url":"https:\/\/raed.academy\/ca\/","logo":{"@type":"ImageObject","inLanguage":"ca-ES","@id":"https:\/\/raed.academy\/ca\/#\/schema\/logo\/image\/","url":"https:\/\/raed.academy\/wp-content\/uploads\/2017\/01\/cropped-logo_raed.png","contentUrl":"https:\/\/raed.academy\/wp-content\/uploads\/2017\/01\/cropped-logo_raed.png","width":512,"height":512,"caption":"Real Academia Europea de Doctores"},"image":{"@id":"https:\/\/raed.academy\/ca\/#\/schema\/logo\/image\/"},"sameAs":["http:\/\/fb.me\/raed.academy","https:\/\/x.com\/raedacademy","https:\/\/www.instagram.com\/raed.academy\/","https:\/\/www.youtube.com\/channel\/UCUYQwW2KrdirNWihxMDObwg"]},{"@type":"Person","@id":"https:\/\/raed.academy\/ca\/#\/schema\/person\/5a755da80d1d979fd66ba745c8702927","name":"RAED","image":{"@type":"ImageObject","inLanguage":"ca-ES","@id":"https:\/\/secure.gravatar.com\/avatar\/19fdfdc0d67fb9c45714b703a2ac82251c4fcea3637f002ac3c9b74c0183583c?s=96&d=mm&r=g","url":"https:\/\/secure.gravatar.com\/avatar\/19fdfdc0d67fb9c45714b703a2ac82251c4fcea3637f002ac3c9b74c0183583c?s=96&d=mm&r=g","contentUrl":"https:\/\/secure.gravatar.com\/avatar\/19fdfdc0d67fb9c45714b703a2ac82251c4fcea3637f002ac3c9b74c0183583c?s=96&d=mm&r=g","caption":"RAED"}}]}},"_links":{"self":[{"href":"https:\/\/raed.academy\/ca\/wp-json\/wp\/v2\/posts\/64227","targetHints":{"allow":["GET"]}}],"collection":[{"href":"https:\/\/raed.academy\/ca\/wp-json\/wp\/v2\/posts"}],"about":[{"href":"https:\/\/raed.academy\/ca\/wp-json\/wp\/v2\/types\/post"}],"author":[{"embeddable":true,"href":"https:\/\/raed.academy\/ca\/wp-json\/wp\/v2\/users\/12"}],"replies":[{"embeddable":true,"href":"https:\/\/raed.academy\/ca\/wp-json\/wp\/v2\/comments?post=64227"}],"version-history":[{"count":0,"href":"https:\/\/raed.academy\/ca\/wp-json\/wp\/v2\/posts\/64227\/revisions"}],"wp:featuredmedia":[{"embeddable":true,"href":"https:\/\/raed.academy\/ca\/wp-json\/wp\/v2\/media\/56715"}],"wp:attachment":[{"href":"https:\/\/raed.academy\/ca\/wp-json\/wp\/v2\/media?parent=64227"}],"wp:term":[{"taxonomy":"category","embeddable":true,"href":"https:\/\/raed.academy\/ca\/wp-json\/wp\/v2\/categories?post=64227"},{"taxonomy":"post_tag","embeddable":true,"href":"https:\/\/raed.academy\/ca\/wp-json\/wp\/v2\/tags?post=64227"}],"curies":[{"name":"wp","href":"https:\/\/api.w.org\/{rel}","templated":true}]}}