{"id":6297,"date":"2016-05-25T09:54:24","date_gmt":"2016-05-25T09:54:24","guid":{"rendered":"http:\/\/radd.eu\/?p=6297"},"modified":"2016-12-02T10:19:07","modified_gmt":"2016-12-02T10:19:07","slug":"rosalia-arteaga-dona-a-la-raed-el-llibre-on-explica-la-seva-breu-i-dura-experiencia-com-a-presidenta-de-lequador","status":"publish","type":"post","link":"https:\/\/raed.academy\/ca\/rosalia-arteaga-dona-a-la-raed-el-llibre-on-explica-la-seva-breu-i-dura-experiencia-com-a-presidenta-de-lequador\/","title":{"rendered":"Rosal\u00eda Arteaga d\u00f3na a la RAED el llibre on explica la seva breu i dura experi\u00e8ncia com a presidenta de l&#8217;Equador"},"content":{"rendered":"<h3><strong>Rosal\u00eda Arteaga<\/strong>, e<span id=\"result_box\" class=\"\" lang=\"ca\">xpresidenta de l&#8217;Equador i acad\u00e8mica d&#8217;honor electa de la <strong>Reial <span class=\"\">Acad\u00e8mia<\/span> de Doctors Barcelona-1914<\/strong> (RAED), es va reunir ahir amb el president de la <span class=\"\">corporaci\u00f3<\/span><span class=\"\">, <a href=\"http:\/\/raed.academy\/dr-alfredo-rocafort-nicolau-2\/\" target=\"_blank\"><strong>Alfredo<\/strong><\/a><\/span><strong> Rocafort<\/strong>, i l&#8217;editor i acad\u00e8mic de la RAED <a href=\"http:\/\/raed.academy\/academicos\/dr-xabier-anoveros-trias-de-bes\/\" target=\"_blank\"><strong>Xabier A\u00f1overos<\/strong><\/a>, als que va obsequiar amb un exemplar de la seva obra &#8220;La Presidenta. El secuestro de una propuesta&#8221;, on narra la seva breu i dura experi\u00e8ncia <span class=\"\">com a cap<\/span> d&#8217;Estat <span class=\"\">despr\u00e9s de la destituci\u00f3<\/span> d&#8217;<strong>Abdal\u00e1 Bucaram<\/strong>. Arteaga nom\u00e9s va poder <span class=\"\">exercir el<\/span> <span class=\"\">c\u00e0rrec per al qual<\/span> li <span class=\"\">emparava<\/span> la Constituci\u00f3 equatoriana durant quatre dies a causa de les <span class=\"\">pressions<\/span> <span class=\"\">del Congr\u00e9s<\/span> i les Forces Armades del seu pa\u00eds.<\/h3>\n<h3><span id=\"result_box\" class=\"\" lang=\"ca\">Doctora en Jurisprud\u00e8ncia i <span class=\"\">en Antropologia<\/span>, <span class=\"\">Arteaga<\/span> <span class=\"\">ingressar\u00e0<\/span> a la RAED durant una solemne cerim\u00f2nia que es realitzar\u00e0 el <span class=\"\">proper 8<\/span> <span class=\"\">de juny a Barcelona<\/span> al costat d<span title=\"Cumpliendo el mandato de situar a la Real Academia como un referente acad\u00e9mico internacional, la Presidencia anunci\u00f3 el ingreso honor\u00edfico de Eric Maskin, doctor en Matem\u00e1ticas Aplicadas en la Universidad de Harvard, profesor de Ciencias Sociales en la Universidad de Princeton y Premio Nobel de Econom\u00eda en\">&#8216;<strong>Eric Maskin<\/strong>, doctor en Matem\u00e0tiques Aplicades a la <a href=\"http:\/\/www.harvard.edu\/\" target=\"_blank\"><strong>Universitat de Harvard<\/strong><\/a>, professor de Ci\u00e8ncies Socials a la <a href=\"http:\/\/www.princeton.edu\/main\/\" target=\"_blank\"><strong>Universitat de Princeton<\/strong><\/a> i premi Nobel d&#8217;Economia al <\/span><span title=\"2007;\">2007; <\/span><span title=\"Ernesto Kahan, doctor en Medicina, premio Albert Schweitzer de la Paz en 1991, vicepresidente internacional de M\u00e9dicos para la Prevenci\u00f3n de la Guerra Nuclear y Premio Nobel de la Paz en 1995;\"><strong>Ernesto Kahan<\/strong>, doctor en Medicina, premi Albert Schweitzer de la Pau el 1991, vicepresident internacional de <a href=\"http:\/\/www.ippnw.org\/\" target=\"_blank\"><strong>Metges per a la Prevenci\u00f3 de la Guerra Nuclear<\/strong><\/a> i Premi Nobel de la Pau el 1995, i\u00a0<\/span><span title=\"A ellos de sumar\u00e1 Leslie Griffith, doctora en Biolog\u00eda, profesora en la Universidad de Stanford y directora del Benjamin and Mae Volen National Center. \"><strong>Leslie Griffith<\/strong>, doctora en Biologia, professora a la <a href=\"https:\/\/www.stanford.edu\/\" target=\"_blank\"><strong>Universitat de Stanford<\/strong><\/a> i directora del <a href=\"http:\/\/www.bio.brandeis.edu\/volen\/\" target=\"_blank\"><strong>Benjamin and Mae Volen National Center.<\/strong><\/a><\/h3>\n","protected":false},"excerpt":{"rendered":"<p>Rosal\u00eda Arteaga, expresidenta de l&#8217;Equador i acad\u00e8mica d&#8217;honor electa de la Reial Acad\u00e8mia de Doctors Barcelona-1914 (RAED), es va reunir ahir amb el president de la corporaci\u00f3, Alfredo Rocafort, i l&#8217;editor i acad\u00e8mic de la RAED Xabier A\u00f1overos, als que va obsequiar amb un exemplar de la seva obra &#8220;La Presidenta. El secuestro de una [&hellip;]<\/p>\n","protected":false},"author":12,"featured_media":0,"comment_status":"closed","ping_status":"closed","sticky":false,"template":"","format":"standard","meta":{"_et_pb_use_builder":"","_et_pb_old_content":"","_et_gb_content_width":"","footnotes":""},"categories":[72],"tags":[],"class_list":["post-6297","post","type-post","status-publish","format-standard","hentry","category-uncategorized-ca","et-doesnt-have-format-content","et_post_format-et-post-format-standard"],"yoast_head":"<!-- This site is optimized with the Yoast SEO plugin v27.4 - https:\/\/yoast.com\/product\/yoast-seo-wordpress\/ -->\n<title>Rosal\u00eda Arteaga d\u00f3na a la RAED el llibre on explica la seva breu i dura experi\u00e8ncia com a presidenta de l&#039;Equador - Reial Acad\u00e8mia Europea de Doctors<\/title>\n<meta name=\"robots\" content=\"index, follow, max-snippet:-1, max-image-preview:large, max-video-preview:-1\" \/>\n<link rel=\"canonical\" href=\"https:\/\/raed.academy\/ca\/rosalia-arteaga-dona-a-la-raed-el-llibre-on-explica-la-seva-breu-i-dura-experiencia-com-a-presidenta-de-lequador\/\" \/>\n<meta property=\"og:locale\" content=\"ca_ES\" \/>\n<meta property=\"og:type\" content=\"article\" \/>\n<meta property=\"og:title\" content=\"Rosal\u00eda Arteaga d\u00f3na a la RAED el llibre on explica la seva breu i dura experi\u00e8ncia com a presidenta de l&#039;Equador - Reial Acad\u00e8mia Europea de Doctors\" \/>\n<meta property=\"og:description\" content=\"Rosal\u00eda Arteaga, expresidenta de l&#8217;Equador i acad\u00e8mica d&#8217;honor electa de la Reial Acad\u00e8mia de Doctors Barcelona-1914 (RAED), es va reunir ahir amb el president de la corporaci\u00f3, Alfredo Rocafort, i l&#8217;editor i acad\u00e8mic de la RAED Xabier A\u00f1overos, als que va obsequiar amb un exemplar de la seva obra &#8220;La Presidenta. El secuestro de una [&hellip;]\" \/>\n<meta property=\"og:url\" content=\"https:\/\/raed.academy\/ca\/rosalia-arteaga-dona-a-la-raed-el-llibre-on-explica-la-seva-breu-i-dura-experiencia-com-a-presidenta-de-lequador\/\" \/>\n<meta property=\"og:site_name\" content=\"Reial Acad\u00e8mia Europea de Doctors\" \/>\n<meta property=\"article:publisher\" content=\"http:\/\/fb.me\/raed.academy\" \/>\n<meta property=\"article:published_time\" content=\"2016-05-25T09:54:24+00:00\" \/>\n<meta property=\"article:modified_time\" content=\"2016-12-02T10:19:07+00:00\" \/>\n<meta name=\"author\" content=\"RAED\" \/>\n<meta name=\"twitter:card\" content=\"summary_large_image\" \/>\n<meta name=\"twitter:creator\" content=\"@raedacademy\" \/>\n<meta name=\"twitter:site\" content=\"@raedacademy\" \/>\n<meta name=\"twitter:label1\" content=\"Written by\" \/>\n\t<meta name=\"twitter:data1\" content=\"RAED\" \/>\n\t<meta name=\"twitter:label2\" content=\"Est. reading time\" \/>\n\t<meta name=\"twitter:data2\" content=\"1 minute\" \/>\n<script type=\"application\/ld+json\" class=\"yoast-schema-graph\">{\"@context\":\"https:\\\/\\\/schema.org\",\"@graph\":[{\"@type\":\"Article\",\"@id\":\"https:\\\/\\\/raed.academy\\\/ca\\\/rosalia-arteaga-dona-a-la-raed-el-llibre-on-explica-la-seva-breu-i-dura-experiencia-com-a-presidenta-de-lequador\\\/#article\",\"isPartOf\":{\"@id\":\"https:\\\/\\\/raed.academy\\\/ca\\\/rosalia-arteaga-dona-a-la-raed-el-llibre-on-explica-la-seva-breu-i-dura-experiencia-com-a-presidenta-de-lequador\\\/\"},\"author\":{\"name\":\"RAED\",\"@id\":\"https:\\\/\\\/raed.academy\\\/ca\\\/#\\\/schema\\\/person\\\/5a755da80d1d979fd66ba745c8702927\"},\"headline\":\"Rosal\u00eda Arteaga d\u00f3na a la RAED el llibre on explica la seva breu i dura experi\u00e8ncia com a presidenta de l&#8217;Equador\",\"datePublished\":\"2016-05-25T09:54:24+00:00\",\"dateModified\":\"2016-12-02T10:19:07+00:00\",\"mainEntityOfPage\":{\"@id\":\"https:\\\/\\\/raed.academy\\\/ca\\\/rosalia-arteaga-dona-a-la-raed-el-llibre-on-explica-la-seva-breu-i-dura-experiencia-com-a-presidenta-de-lequador\\\/\"},\"wordCount\":256,\"publisher\":{\"@id\":\"https:\\\/\\\/raed.academy\\\/ca\\\/#organization\"},\"articleSection\":[\"Uncategorized @ca\"],\"inLanguage\":\"ca-ES\"},{\"@type\":\"WebPage\",\"@id\":\"https:\\\/\\\/raed.academy\\\/ca\\\/rosalia-arteaga-dona-a-la-raed-el-llibre-on-explica-la-seva-breu-i-dura-experiencia-com-a-presidenta-de-lequador\\\/\",\"url\":\"https:\\\/\\\/raed.academy\\\/ca\\\/rosalia-arteaga-dona-a-la-raed-el-llibre-on-explica-la-seva-breu-i-dura-experiencia-com-a-presidenta-de-lequador\\\/\",\"name\":\"Rosal\u00eda Arteaga d\u00f3na a la RAED el llibre on explica la seva breu i dura experi\u00e8ncia com a presidenta de l'Equador - Reial Acad\u00e8mia Europea de Doctors\",\"isPartOf\":{\"@id\":\"https:\\\/\\\/raed.academy\\\/ca\\\/#website\"},\"datePublished\":\"2016-05-25T09:54:24+00:00\",\"dateModified\":\"2016-12-02T10:19:07+00:00\",\"breadcrumb\":{\"@id\":\"https:\\\/\\\/raed.academy\\\/ca\\\/rosalia-arteaga-dona-a-la-raed-el-llibre-on-explica-la-seva-breu-i-dura-experiencia-com-a-presidenta-de-lequador\\\/#breadcrumb\"},\"inLanguage\":\"ca-ES\",\"potentialAction\":[{\"@type\":\"ReadAction\",\"target\":[\"https:\\\/\\\/raed.academy\\\/ca\\\/rosalia-arteaga-dona-a-la-raed-el-llibre-on-explica-la-seva-breu-i-dura-experiencia-com-a-presidenta-de-lequador\\\/\"]}]},{\"@type\":\"BreadcrumbList\",\"@id\":\"https:\\\/\\\/raed.academy\\\/ca\\\/rosalia-arteaga-dona-a-la-raed-el-llibre-on-explica-la-seva-breu-i-dura-experiencia-com-a-presidenta-de-lequador\\\/#breadcrumb\",\"itemListElement\":[{\"@type\":\"ListItem\",\"position\":1,\"name\":\"Inicio\",\"item\":\"https:\\\/\\\/raed.academy\\\/ca\\\/\"},{\"@type\":\"ListItem\",\"position\":2,\"name\":\"Rosal\u00eda Arteaga d\u00f3na a la RAED el llibre on explica la seva breu i dura experi\u00e8ncia com a presidenta de l&#8217;Equador\"}]},{\"@type\":\"WebSite\",\"@id\":\"https:\\\/\\\/raed.academy\\\/ca\\\/#website\",\"url\":\"https:\\\/\\\/raed.academy\\\/ca\\\/\",\"name\":\"Reial Acad\u00e8mia Europea de Doctors\",\"description\":\"Corporaci\u00f3n de derecho p\u00fablico de car\u00e1cter cient\u00edfico, t\u00e9cnico y art\u00edstico, que tiene por objeto la investigaci\u00f3n, el estudio, el fomento y la extensi\u00f3n del conocimiento en su sentido m\u00e1s amplio\",\"publisher\":{\"@id\":\"https:\\\/\\\/raed.academy\\\/ca\\\/#organization\"},\"potentialAction\":[{\"@type\":\"SearchAction\",\"target\":{\"@type\":\"EntryPoint\",\"urlTemplate\":\"https:\\\/\\\/raed.academy\\\/ca\\\/?s={search_term_string}\"},\"query-input\":{\"@type\":\"PropertyValueSpecification\",\"valueRequired\":true,\"valueName\":\"search_term_string\"}}],\"inLanguage\":\"ca-ES\"},{\"@type\":\"Organization\",\"@id\":\"https:\\\/\\\/raed.academy\\\/ca\\\/#organization\",\"name\":\"Real Academia Europea de Doctores\",\"url\":\"https:\\\/\\\/raed.academy\\\/ca\\\/\",\"logo\":{\"@type\":\"ImageObject\",\"inLanguage\":\"ca-ES\",\"@id\":\"https:\\\/\\\/raed.academy\\\/ca\\\/#\\\/schema\\\/logo\\\/image\\\/\",\"url\":\"https:\\\/\\\/raed.academy\\\/wp-content\\\/uploads\\\/2017\\\/01\\\/cropped-logo_raed.png\",\"contentUrl\":\"https:\\\/\\\/raed.academy\\\/wp-content\\\/uploads\\\/2017\\\/01\\\/cropped-logo_raed.png\",\"width\":512,\"height\":512,\"caption\":\"Real Academia Europea de Doctores\"},\"image\":{\"@id\":\"https:\\\/\\\/raed.academy\\\/ca\\\/#\\\/schema\\\/logo\\\/image\\\/\"},\"sameAs\":[\"http:\\\/\\\/fb.me\\\/raed.academy\",\"https:\\\/\\\/x.com\\\/raedacademy\",\"https:\\\/\\\/www.instagram.com\\\/raed.academy\\\/\",\"https:\\\/\\\/www.youtube.com\\\/channel\\\/UCUYQwW2KrdirNWihxMDObwg\"]},{\"@type\":\"Person\",\"@id\":\"https:\\\/\\\/raed.academy\\\/ca\\\/#\\\/schema\\\/person\\\/5a755da80d1d979fd66ba745c8702927\",\"name\":\"RAED\",\"image\":{\"@type\":\"ImageObject\",\"inLanguage\":\"ca-ES\",\"@id\":\"https:\\\/\\\/secure.gravatar.com\\\/avatar\\\/19fdfdc0d67fb9c45714b703a2ac82251c4fcea3637f002ac3c9b74c0183583c?s=96&d=mm&r=g\",\"url\":\"https:\\\/\\\/secure.gravatar.com\\\/avatar\\\/19fdfdc0d67fb9c45714b703a2ac82251c4fcea3637f002ac3c9b74c0183583c?s=96&d=mm&r=g\",\"contentUrl\":\"https:\\\/\\\/secure.gravatar.com\\\/avatar\\\/19fdfdc0d67fb9c45714b703a2ac82251c4fcea3637f002ac3c9b74c0183583c?s=96&d=mm&r=g\",\"caption\":\"RAED\"}}]}<\/script>\n<!-- \/ Yoast SEO plugin. -->","yoast_head_json":{"title":"Rosal\u00eda Arteaga d\u00f3na a la RAED el llibre on explica la seva breu i dura experi\u00e8ncia com a presidenta de l'Equador - Reial Acad\u00e8mia Europea de Doctors","robots":{"index":"index","follow":"follow","max-snippet":"max-snippet:-1","max-image-preview":"max-image-preview:large","max-video-preview":"max-video-preview:-1"},"canonical":"https:\/\/raed.academy\/ca\/rosalia-arteaga-dona-a-la-raed-el-llibre-on-explica-la-seva-breu-i-dura-experiencia-com-a-presidenta-de-lequador\/","og_locale":"ca_ES","og_type":"article","og_title":"Rosal\u00eda Arteaga d\u00f3na a la RAED el llibre on explica la seva breu i dura experi\u00e8ncia com a presidenta de l'Equador - Reial Acad\u00e8mia Europea de Doctors","og_description":"Rosal\u00eda Arteaga, expresidenta de l&#8217;Equador i acad\u00e8mica d&#8217;honor electa de la Reial Acad\u00e8mia de Doctors Barcelona-1914 (RAED), es va reunir ahir amb el president de la corporaci\u00f3, Alfredo Rocafort, i l&#8217;editor i acad\u00e8mic de la RAED Xabier A\u00f1overos, als que va obsequiar amb un exemplar de la seva obra &#8220;La Presidenta. El secuestro de una [&hellip;]","og_url":"https:\/\/raed.academy\/ca\/rosalia-arteaga-dona-a-la-raed-el-llibre-on-explica-la-seva-breu-i-dura-experiencia-com-a-presidenta-de-lequador\/","og_site_name":"Reial Acad\u00e8mia Europea de Doctors","article_publisher":"http:\/\/fb.me\/raed.academy","article_published_time":"2016-05-25T09:54:24+00:00","article_modified_time":"2016-12-02T10:19:07+00:00","author":"RAED","twitter_card":"summary_large_image","twitter_creator":"@raedacademy","twitter_site":"@raedacademy","twitter_misc":{"Written by":"RAED","Est. reading time":"1 minute"},"schema":{"@context":"https:\/\/schema.org","@graph":[{"@type":"Article","@id":"https:\/\/raed.academy\/ca\/rosalia-arteaga-dona-a-la-raed-el-llibre-on-explica-la-seva-breu-i-dura-experiencia-com-a-presidenta-de-lequador\/#article","isPartOf":{"@id":"https:\/\/raed.academy\/ca\/rosalia-arteaga-dona-a-la-raed-el-llibre-on-explica-la-seva-breu-i-dura-experiencia-com-a-presidenta-de-lequador\/"},"author":{"name":"RAED","@id":"https:\/\/raed.academy\/ca\/#\/schema\/person\/5a755da80d1d979fd66ba745c8702927"},"headline":"Rosal\u00eda Arteaga d\u00f3na a la RAED el llibre on explica la seva breu i dura experi\u00e8ncia com a presidenta de l&#8217;Equador","datePublished":"2016-05-25T09:54:24+00:00","dateModified":"2016-12-02T10:19:07+00:00","mainEntityOfPage":{"@id":"https:\/\/raed.academy\/ca\/rosalia-arteaga-dona-a-la-raed-el-llibre-on-explica-la-seva-breu-i-dura-experiencia-com-a-presidenta-de-lequador\/"},"wordCount":256,"publisher":{"@id":"https:\/\/raed.academy\/ca\/#organization"},"articleSection":["Uncategorized @ca"],"inLanguage":"ca-ES"},{"@type":"WebPage","@id":"https:\/\/raed.academy\/ca\/rosalia-arteaga-dona-a-la-raed-el-llibre-on-explica-la-seva-breu-i-dura-experiencia-com-a-presidenta-de-lequador\/","url":"https:\/\/raed.academy\/ca\/rosalia-arteaga-dona-a-la-raed-el-llibre-on-explica-la-seva-breu-i-dura-experiencia-com-a-presidenta-de-lequador\/","name":"Rosal\u00eda Arteaga d\u00f3na a la RAED el llibre on explica la seva breu i dura experi\u00e8ncia com a presidenta de l'Equador - Reial Acad\u00e8mia Europea de Doctors","isPartOf":{"@id":"https:\/\/raed.academy\/ca\/#website"},"datePublished":"2016-05-25T09:54:24+00:00","dateModified":"2016-12-02T10:19:07+00:00","breadcrumb":{"@id":"https:\/\/raed.academy\/ca\/rosalia-arteaga-dona-a-la-raed-el-llibre-on-explica-la-seva-breu-i-dura-experiencia-com-a-presidenta-de-lequador\/#breadcrumb"},"inLanguage":"ca-ES","potentialAction":[{"@type":"ReadAction","target":["https:\/\/raed.academy\/ca\/rosalia-arteaga-dona-a-la-raed-el-llibre-on-explica-la-seva-breu-i-dura-experiencia-com-a-presidenta-de-lequador\/"]}]},{"@type":"BreadcrumbList","@id":"https:\/\/raed.academy\/ca\/rosalia-arteaga-dona-a-la-raed-el-llibre-on-explica-la-seva-breu-i-dura-experiencia-com-a-presidenta-de-lequador\/#breadcrumb","itemListElement":[{"@type":"ListItem","position":1,"name":"Inicio","item":"https:\/\/raed.academy\/ca\/"},{"@type":"ListItem","position":2,"name":"Rosal\u00eda Arteaga d\u00f3na a la RAED el llibre on explica la seva breu i dura experi\u00e8ncia com a presidenta de l&#8217;Equador"}]},{"@type":"WebSite","@id":"https:\/\/raed.academy\/ca\/#website","url":"https:\/\/raed.academy\/ca\/","name":"Reial Acad\u00e8mia Europea de Doctors","description":"Corporaci\u00f3n de derecho p\u00fablico de car\u00e1cter cient\u00edfico, t\u00e9cnico y art\u00edstico, que tiene por objeto la investigaci\u00f3n, el estudio, el fomento y la extensi\u00f3n del conocimiento en su sentido m\u00e1s amplio","publisher":{"@id":"https:\/\/raed.academy\/ca\/#organization"},"potentialAction":[{"@type":"SearchAction","target":{"@type":"EntryPoint","urlTemplate":"https:\/\/raed.academy\/ca\/?s={search_term_string}"},"query-input":{"@type":"PropertyValueSpecification","valueRequired":true,"valueName":"search_term_string"}}],"inLanguage":"ca-ES"},{"@type":"Organization","@id":"https:\/\/raed.academy\/ca\/#organization","name":"Real Academia Europea de Doctores","url":"https:\/\/raed.academy\/ca\/","logo":{"@type":"ImageObject","inLanguage":"ca-ES","@id":"https:\/\/raed.academy\/ca\/#\/schema\/logo\/image\/","url":"https:\/\/raed.academy\/wp-content\/uploads\/2017\/01\/cropped-logo_raed.png","contentUrl":"https:\/\/raed.academy\/wp-content\/uploads\/2017\/01\/cropped-logo_raed.png","width":512,"height":512,"caption":"Real Academia Europea de Doctores"},"image":{"@id":"https:\/\/raed.academy\/ca\/#\/schema\/logo\/image\/"},"sameAs":["http:\/\/fb.me\/raed.academy","https:\/\/x.com\/raedacademy","https:\/\/www.instagram.com\/raed.academy\/","https:\/\/www.youtube.com\/channel\/UCUYQwW2KrdirNWihxMDObwg"]},{"@type":"Person","@id":"https:\/\/raed.academy\/ca\/#\/schema\/person\/5a755da80d1d979fd66ba745c8702927","name":"RAED","image":{"@type":"ImageObject","inLanguage":"ca-ES","@id":"https:\/\/secure.gravatar.com\/avatar\/19fdfdc0d67fb9c45714b703a2ac82251c4fcea3637f002ac3c9b74c0183583c?s=96&d=mm&r=g","url":"https:\/\/secure.gravatar.com\/avatar\/19fdfdc0d67fb9c45714b703a2ac82251c4fcea3637f002ac3c9b74c0183583c?s=96&d=mm&r=g","contentUrl":"https:\/\/secure.gravatar.com\/avatar\/19fdfdc0d67fb9c45714b703a2ac82251c4fcea3637f002ac3c9b74c0183583c?s=96&d=mm&r=g","caption":"RAED"}}]}},"_links":{"self":[{"href":"https:\/\/raed.academy\/ca\/wp-json\/wp\/v2\/posts\/6297","targetHints":{"allow":["GET"]}}],"collection":[{"href":"https:\/\/raed.academy\/ca\/wp-json\/wp\/v2\/posts"}],"about":[{"href":"https:\/\/raed.academy\/ca\/wp-json\/wp\/v2\/types\/post"}],"author":[{"embeddable":true,"href":"https:\/\/raed.academy\/ca\/wp-json\/wp\/v2\/users\/12"}],"replies":[{"embeddable":true,"href":"https:\/\/raed.academy\/ca\/wp-json\/wp\/v2\/comments?post=6297"}],"version-history":[{"count":0,"href":"https:\/\/raed.academy\/ca\/wp-json\/wp\/v2\/posts\/6297\/revisions"}],"wp:attachment":[{"href":"https:\/\/raed.academy\/ca\/wp-json\/wp\/v2\/media?parent=6297"}],"wp:term":[{"taxonomy":"category","embeddable":true,"href":"https:\/\/raed.academy\/ca\/wp-json\/wp\/v2\/categories?post=6297"},{"taxonomy":"post_tag","embeddable":true,"href":"https:\/\/raed.academy\/ca\/wp-json\/wp\/v2\/tags?post=6297"}],"curies":[{"name":"wp","href":"https:\/\/api.w.org\/{rel}","templated":true}]}}