{"id":6185,"date":"2016-05-12T08:04:21","date_gmt":"2016-05-12T08:04:21","guid":{"rendered":"http:\/\/radd.eu\/?p=6185"},"modified":"2016-12-02T10:19:07","modified_gmt":"2016-12-02T10:19:07","slug":"xabier-anoveros-presenta-a-barcelona-el-llibre-sobre-lhomenatge-universal-a-lidioma-espanyol","status":"publish","type":"post","link":"https:\/\/raed.academy\/ca\/xabier-anoveros-presenta-a-barcelona-el-llibre-sobre-lhomenatge-universal-a-lidioma-espanyol\/","title":{"rendered":"Xabier A\u00f1overos presenta a Barcelona el llibre sobre l&#8217;Homenatge Universal a l&#8217;Idioma Espanyol"},"content":{"rendered":"<h3><a href=\"http:\/\/raed.academy\/ca\/academics\/dr-xabier-anoveros-trias-de-bes\/\" target=\"_blank\"><strong>Xabier A\u00f1overos Trias de Bes<\/strong><\/a>, acad\u00e8mic de n\u00famero de la <strong>Reial Acad\u00e8mia Europea de Doctors-Barcelona 1914<\/strong>, va presentar el passat 5 de maig al <a href=\"http:\/\/www.circuloecuestre.es\/\" target=\"_blank\"><strong>C\u00edrculo Ecuestre<\/strong><\/a> de Barcelona el llibre sobre l&#8217;<strong>Homenatge Universal a l&#8217;Idioma Espanyol<\/strong>. A\u00f1overos, membre de la Junta de Govern del C\u00edrculo, va fer una \u00e0mplia exposici\u00f3 sobre la import\u00e0ncia de la llengua espanyola al planeta i les seves elevades <span id=\"result_box\" class=\"\" lang=\"ca\"><span title=\"A\u00f1overos, miembro de la Junta de Gobierno del C\u00edrculo, hizo una amplia exposici\u00f3n sobre la importancia de la lengua espa\u00f1ola en el planeta y sus elevadas cotas de crecimiento siendo la segunda lengua m\u00e1s hablada en el mundo despu\u00e9s del chino mandar\u00edn.\">cotes de creixement sent la segona llengua m\u00e9s parlada al m\u00f3n despr\u00e9s del xin\u00e8s mandar\u00ed. <\/span><span title=\"Hizo un repaso de la situaci\u00f3n del idioma en la actualidad y de su prometedor futuro.\">Va fer un rep\u00e0s de la situaci\u00f3 de l&#8217;idioma a l&#8217;actualitat i del seu prometedor futur. <\/span><span title=\"Critic\u00f3 el excesivo uso de palabras inglesas en las conversaciones y documentos empresariales y profesionales, as\u00ed como la admisi\u00f3n por parte de Real Academia Espa\u00f1ola de palabras vulgares que empobrecen nuestro idioma. \">Va criticar l&#8217;excessiu \u00fas de paraules angleses a les converses i documents empresarials i professionals, aix\u00ed com l&#8217;admissi\u00f3 per part de Reial Acad\u00e8mia Espanyola de paraules vulgars que l&#8217;empobreixen.<\/h3>\n<p style=\"text-align: center;\"><a href=\"http:\/\/raed.academy\/wp-content\/uploads\/2016\/05\/A\u00f1overoshomenajeespa\u00f1ol02.jpg\"><img loading=\"lazy\" decoding=\"async\" class=\"alignnone size-medium wp-image-6253\" src=\"http:\/\/raed.academy\/wp-content\/uploads\/2016\/05\/A\u00f1overoshomenajeespa\u00f1ol02-300x127.jpg\" alt=\"A\u00f1overoshomenajeespa\u00f1ol02\" width=\"300\" height=\"127\" srcset=\"https:\/\/raed.academy\/wp-content\/uploads\/2016\/05\/A\u00f1overoshomenajeespa\u00f1ol02-300x127.jpg 300w, https:\/\/raed.academy\/wp-content\/uploads\/2016\/05\/A\u00f1overoshomenajeespa\u00f1ol02-768x325.jpg 768w, https:\/\/raed.academy\/wp-content\/uploads\/2016\/05\/A\u00f1overoshomenajeespa\u00f1ol02-1024x434.jpg 1024w, https:\/\/raed.academy\/wp-content\/uploads\/2016\/05\/A\u00f1overoshomenajeespa\u00f1ol02-940x400.jpg 940w, https:\/\/raed.academy\/wp-content\/uploads\/2016\/05\/A\u00f1overoshomenajeespa\u00f1ol02.jpg 1081w\" sizes=\"(max-width: 300px) 100vw, 300px\" \/><\/a><\/p>\n<h3><span id=\"result_box\" class=\"\" lang=\"ca\"><span title=\"El acto cont\u00f3 tambi\u00e9n con la intervenci\u00f3n de Alfonso Maristany, presidente del C\u00edrculo Ecuestre, que hizo la presentaci\u00f3n del acto, y de Ignacio Buqueras Bach, presidente de la Fundaci\u00f3n Independiente y del Comit\u00e9 Ejecutivo del Homenaje Universal al Idioma Espa\u00f1ol, entidades organizadoras del evento.\">L&#8217;acte va comptar tamb\u00e9 amb la intervenci\u00f3 d&#8217;<strong>Alfons Maristany<\/strong>, president del C\u00edrculo Ecuestre, que va fer la presentaci\u00f3 de l&#8217;acte, i d&#8217;<strong>Ignacio Buqueras Bach<\/strong>, president de la <a href=\"http:\/\/www.fundacionindependiente.es\/\" target=\"_blank\"><strong>Fundaci\u00f3 Independent<\/strong><\/a> i del Comit\u00e8 Executiu de l&#8217;<strong>Homenatge Universal a l&#8217;Idioma Espanyol<\/strong>, entitats organitzadores de l&#8217;esdeveniment.<\/h3>\n<p style=\"text-align: center;\"><a href=\"http:\/\/raed.academy\/wp-content\/uploads\/2016\/05\/A\u00f1overoshomenajeespa\u00f1ol01.jpg\"><img loading=\"lazy\" decoding=\"async\" class=\"alignnone size-medium wp-image-6254\" src=\"http:\/\/raed.academy\/wp-content\/uploads\/2016\/05\/A\u00f1overoshomenajeespa\u00f1ol01-300x200.jpg\" alt=\"A\u00f1overoshomenajeespa\u00f1ol01\" width=\"300\" height=\"200\" \/><\/a><\/p>\n","protected":false},"excerpt":{"rendered":"<p>Xabier A\u00f1overos Trias de Bes, acad\u00e8mic de n\u00famero de la Reial Acad\u00e8mia Europea de Doctors-Barcelona 1914, va presentar el passat 5 de maig al C\u00edrculo Ecuestre de Barcelona el llibre sobre l&#8217;Homenatge Universal a l&#8217;Idioma Espanyol. A\u00f1overos, membre de la Junta de Govern del C\u00edrculo, va fer una \u00e0mplia exposici\u00f3 sobre la import\u00e0ncia de la [&hellip;]<\/p>\n","protected":false},"author":12,"featured_media":0,"comment_status":"closed","ping_status":"closed","sticky":false,"template":"","format":"standard","meta":{"_et_pb_use_builder":"","_et_pb_old_content":"","_et_gb_content_width":"","footnotes":""},"categories":[72],"tags":[],"class_list":["post-6185","post","type-post","status-publish","format-standard","hentry","category-uncategorized-ca","et-doesnt-have-format-content","et_post_format-et-post-format-standard"],"yoast_head":"<!-- This site is optimized with the Yoast SEO plugin v27.4 - https:\/\/yoast.com\/product\/yoast-seo-wordpress\/ -->\n<title>Xabier A\u00f1overos presenta a Barcelona el llibre sobre l&#039;Homenatge Universal a l&#039;Idioma Espanyol - Reial Acad\u00e8mia Europea de Doctors<\/title>\n<meta name=\"robots\" content=\"index, follow, max-snippet:-1, max-image-preview:large, max-video-preview:-1\" \/>\n<link rel=\"canonical\" href=\"https:\/\/raed.academy\/ca\/xabier-anoveros-presenta-a-barcelona-el-llibre-sobre-lhomenatge-universal-a-lidioma-espanyol\/\" \/>\n<meta property=\"og:locale\" content=\"ca_ES\" \/>\n<meta property=\"og:type\" content=\"article\" \/>\n<meta property=\"og:title\" content=\"Xabier A\u00f1overos presenta a Barcelona el llibre sobre l&#039;Homenatge Universal a l&#039;Idioma Espanyol - Reial Acad\u00e8mia Europea de Doctors\" \/>\n<meta property=\"og:description\" content=\"Xabier A\u00f1overos Trias de Bes, acad\u00e8mic de n\u00famero de la Reial Acad\u00e8mia Europea de Doctors-Barcelona 1914, va presentar el passat 5 de maig al C\u00edrculo Ecuestre de Barcelona el llibre sobre l&#8217;Homenatge Universal a l&#8217;Idioma Espanyol. A\u00f1overos, membre de la Junta de Govern del C\u00edrculo, va fer una \u00e0mplia exposici\u00f3 sobre la import\u00e0ncia de la [&hellip;]\" \/>\n<meta property=\"og:url\" content=\"https:\/\/raed.academy\/ca\/xabier-anoveros-presenta-a-barcelona-el-llibre-sobre-lhomenatge-universal-a-lidioma-espanyol\/\" \/>\n<meta property=\"og:site_name\" content=\"Reial Acad\u00e8mia Europea de Doctors\" \/>\n<meta property=\"article:publisher\" content=\"http:\/\/fb.me\/raed.academy\" \/>\n<meta property=\"article:published_time\" content=\"2016-05-12T08:04:21+00:00\" \/>\n<meta property=\"article:modified_time\" content=\"2016-12-02T10:19:07+00:00\" \/>\n<meta property=\"og:image\" content=\"http:\/\/raed.academy\/wp-content\/uploads\/2016\/05\/A\u00f1overoshomenajeespa\u00f1ol02-300x127.jpg\" \/>\n<meta name=\"author\" content=\"RAED\" \/>\n<meta name=\"twitter:card\" content=\"summary_large_image\" \/>\n<meta name=\"twitter:creator\" content=\"@raedacademy\" \/>\n<meta name=\"twitter:site\" content=\"@raedacademy\" \/>\n<meta name=\"twitter:label1\" content=\"Written by\" \/>\n\t<meta name=\"twitter:data1\" content=\"RAED\" \/>\n\t<meta name=\"twitter:label2\" content=\"Est. reading time\" \/>\n\t<meta name=\"twitter:data2\" content=\"1 minute\" \/>\n<script type=\"application\/ld+json\" class=\"yoast-schema-graph\">{\"@context\":\"https:\\\/\\\/schema.org\",\"@graph\":[{\"@type\":\"Article\",\"@id\":\"https:\\\/\\\/raed.academy\\\/ca\\\/xabier-anoveros-presenta-a-barcelona-el-llibre-sobre-lhomenatge-universal-a-lidioma-espanyol\\\/#article\",\"isPartOf\":{\"@id\":\"https:\\\/\\\/raed.academy\\\/ca\\\/xabier-anoveros-presenta-a-barcelona-el-llibre-sobre-lhomenatge-universal-a-lidioma-espanyol\\\/\"},\"author\":{\"name\":\"RAED\",\"@id\":\"https:\\\/\\\/raed.academy\\\/ca\\\/#\\\/schema\\\/person\\\/5a755da80d1d979fd66ba745c8702927\"},\"headline\":\"Xabier A\u00f1overos presenta a Barcelona el llibre sobre l&#8217;Homenatge Universal a l&#8217;Idioma Espanyol\",\"datePublished\":\"2016-05-12T08:04:21+00:00\",\"dateModified\":\"2016-12-02T10:19:07+00:00\",\"mainEntityOfPage\":{\"@id\":\"https:\\\/\\\/raed.academy\\\/ca\\\/xabier-anoveros-presenta-a-barcelona-el-llibre-sobre-lhomenatge-universal-a-lidioma-espanyol\\\/\"},\"wordCount\":209,\"publisher\":{\"@id\":\"https:\\\/\\\/raed.academy\\\/ca\\\/#organization\"},\"articleSection\":[\"Uncategorized @ca\"],\"inLanguage\":\"ca-ES\"},{\"@type\":\"WebPage\",\"@id\":\"https:\\\/\\\/raed.academy\\\/ca\\\/xabier-anoveros-presenta-a-barcelona-el-llibre-sobre-lhomenatge-universal-a-lidioma-espanyol\\\/\",\"url\":\"https:\\\/\\\/raed.academy\\\/ca\\\/xabier-anoveros-presenta-a-barcelona-el-llibre-sobre-lhomenatge-universal-a-lidioma-espanyol\\\/\",\"name\":\"Xabier A\u00f1overos presenta a Barcelona el llibre sobre l'Homenatge Universal a l'Idioma Espanyol - Reial Acad\u00e8mia Europea de Doctors\",\"isPartOf\":{\"@id\":\"https:\\\/\\\/raed.academy\\\/ca\\\/#website\"},\"datePublished\":\"2016-05-12T08:04:21+00:00\",\"dateModified\":\"2016-12-02T10:19:07+00:00\",\"breadcrumb\":{\"@id\":\"https:\\\/\\\/raed.academy\\\/ca\\\/xabier-anoveros-presenta-a-barcelona-el-llibre-sobre-lhomenatge-universal-a-lidioma-espanyol\\\/#breadcrumb\"},\"inLanguage\":\"ca-ES\",\"potentialAction\":[{\"@type\":\"ReadAction\",\"target\":[\"https:\\\/\\\/raed.academy\\\/ca\\\/xabier-anoveros-presenta-a-barcelona-el-llibre-sobre-lhomenatge-universal-a-lidioma-espanyol\\\/\"]}]},{\"@type\":\"BreadcrumbList\",\"@id\":\"https:\\\/\\\/raed.academy\\\/ca\\\/xabier-anoveros-presenta-a-barcelona-el-llibre-sobre-lhomenatge-universal-a-lidioma-espanyol\\\/#breadcrumb\",\"itemListElement\":[{\"@type\":\"ListItem\",\"position\":1,\"name\":\"Inicio\",\"item\":\"https:\\\/\\\/raed.academy\\\/ca\\\/\"},{\"@type\":\"ListItem\",\"position\":2,\"name\":\"Xabier A\u00f1overos presenta a Barcelona el llibre sobre l&#8217;Homenatge Universal a l&#8217;Idioma Espanyol\"}]},{\"@type\":\"WebSite\",\"@id\":\"https:\\\/\\\/raed.academy\\\/ca\\\/#website\",\"url\":\"https:\\\/\\\/raed.academy\\\/ca\\\/\",\"name\":\"Reial Acad\u00e8mia Europea de Doctors\",\"description\":\"Corporaci\u00f3n de derecho p\u00fablico de car\u00e1cter cient\u00edfico, t\u00e9cnico y art\u00edstico, que tiene por objeto la investigaci\u00f3n, el estudio, el fomento y la extensi\u00f3n del conocimiento en su sentido m\u00e1s amplio\",\"publisher\":{\"@id\":\"https:\\\/\\\/raed.academy\\\/ca\\\/#organization\"},\"potentialAction\":[{\"@type\":\"SearchAction\",\"target\":{\"@type\":\"EntryPoint\",\"urlTemplate\":\"https:\\\/\\\/raed.academy\\\/ca\\\/?s={search_term_string}\"},\"query-input\":{\"@type\":\"PropertyValueSpecification\",\"valueRequired\":true,\"valueName\":\"search_term_string\"}}],\"inLanguage\":\"ca-ES\"},{\"@type\":\"Organization\",\"@id\":\"https:\\\/\\\/raed.academy\\\/ca\\\/#organization\",\"name\":\"Real Academia Europea de Doctores\",\"url\":\"https:\\\/\\\/raed.academy\\\/ca\\\/\",\"logo\":{\"@type\":\"ImageObject\",\"inLanguage\":\"ca-ES\",\"@id\":\"https:\\\/\\\/raed.academy\\\/ca\\\/#\\\/schema\\\/logo\\\/image\\\/\",\"url\":\"https:\\\/\\\/raed.academy\\\/wp-content\\\/uploads\\\/2017\\\/01\\\/cropped-logo_raed.png\",\"contentUrl\":\"https:\\\/\\\/raed.academy\\\/wp-content\\\/uploads\\\/2017\\\/01\\\/cropped-logo_raed.png\",\"width\":512,\"height\":512,\"caption\":\"Real Academia Europea de Doctores\"},\"image\":{\"@id\":\"https:\\\/\\\/raed.academy\\\/ca\\\/#\\\/schema\\\/logo\\\/image\\\/\"},\"sameAs\":[\"http:\\\/\\\/fb.me\\\/raed.academy\",\"https:\\\/\\\/x.com\\\/raedacademy\",\"https:\\\/\\\/www.instagram.com\\\/raed.academy\\\/\",\"https:\\\/\\\/www.youtube.com\\\/channel\\\/UCUYQwW2KrdirNWihxMDObwg\"]},{\"@type\":\"Person\",\"@id\":\"https:\\\/\\\/raed.academy\\\/ca\\\/#\\\/schema\\\/person\\\/5a755da80d1d979fd66ba745c8702927\",\"name\":\"RAED\",\"image\":{\"@type\":\"ImageObject\",\"inLanguage\":\"ca-ES\",\"@id\":\"https:\\\/\\\/secure.gravatar.com\\\/avatar\\\/19fdfdc0d67fb9c45714b703a2ac82251c4fcea3637f002ac3c9b74c0183583c?s=96&d=mm&r=g\",\"url\":\"https:\\\/\\\/secure.gravatar.com\\\/avatar\\\/19fdfdc0d67fb9c45714b703a2ac82251c4fcea3637f002ac3c9b74c0183583c?s=96&d=mm&r=g\",\"contentUrl\":\"https:\\\/\\\/secure.gravatar.com\\\/avatar\\\/19fdfdc0d67fb9c45714b703a2ac82251c4fcea3637f002ac3c9b74c0183583c?s=96&d=mm&r=g\",\"caption\":\"RAED\"}}]}<\/script>\n<!-- \/ Yoast SEO plugin. -->","yoast_head_json":{"title":"Xabier A\u00f1overos presenta a Barcelona el llibre sobre l'Homenatge Universal a l'Idioma Espanyol - Reial Acad\u00e8mia Europea de Doctors","robots":{"index":"index","follow":"follow","max-snippet":"max-snippet:-1","max-image-preview":"max-image-preview:large","max-video-preview":"max-video-preview:-1"},"canonical":"https:\/\/raed.academy\/ca\/xabier-anoveros-presenta-a-barcelona-el-llibre-sobre-lhomenatge-universal-a-lidioma-espanyol\/","og_locale":"ca_ES","og_type":"article","og_title":"Xabier A\u00f1overos presenta a Barcelona el llibre sobre l'Homenatge Universal a l'Idioma Espanyol - Reial Acad\u00e8mia Europea de Doctors","og_description":"Xabier A\u00f1overos Trias de Bes, acad\u00e8mic de n\u00famero de la Reial Acad\u00e8mia Europea de Doctors-Barcelona 1914, va presentar el passat 5 de maig al C\u00edrculo Ecuestre de Barcelona el llibre sobre l&#8217;Homenatge Universal a l&#8217;Idioma Espanyol. A\u00f1overos, membre de la Junta de Govern del C\u00edrculo, va fer una \u00e0mplia exposici\u00f3 sobre la import\u00e0ncia de la [&hellip;]","og_url":"https:\/\/raed.academy\/ca\/xabier-anoveros-presenta-a-barcelona-el-llibre-sobre-lhomenatge-universal-a-lidioma-espanyol\/","og_site_name":"Reial Acad\u00e8mia Europea de Doctors","article_publisher":"http:\/\/fb.me\/raed.academy","article_published_time":"2016-05-12T08:04:21+00:00","article_modified_time":"2016-12-02T10:19:07+00:00","og_image":[{"url":"http:\/\/raed.academy\/wp-content\/uploads\/2016\/05\/A\u00f1overoshomenajeespa\u00f1ol02-300x127.jpg","type":"","width":"","height":""}],"author":"RAED","twitter_card":"summary_large_image","twitter_creator":"@raedacademy","twitter_site":"@raedacademy","twitter_misc":{"Written by":"RAED","Est. reading time":"1 minute"},"schema":{"@context":"https:\/\/schema.org","@graph":[{"@type":"Article","@id":"https:\/\/raed.academy\/ca\/xabier-anoveros-presenta-a-barcelona-el-llibre-sobre-lhomenatge-universal-a-lidioma-espanyol\/#article","isPartOf":{"@id":"https:\/\/raed.academy\/ca\/xabier-anoveros-presenta-a-barcelona-el-llibre-sobre-lhomenatge-universal-a-lidioma-espanyol\/"},"author":{"name":"RAED","@id":"https:\/\/raed.academy\/ca\/#\/schema\/person\/5a755da80d1d979fd66ba745c8702927"},"headline":"Xabier A\u00f1overos presenta a Barcelona el llibre sobre l&#8217;Homenatge Universal a l&#8217;Idioma Espanyol","datePublished":"2016-05-12T08:04:21+00:00","dateModified":"2016-12-02T10:19:07+00:00","mainEntityOfPage":{"@id":"https:\/\/raed.academy\/ca\/xabier-anoveros-presenta-a-barcelona-el-llibre-sobre-lhomenatge-universal-a-lidioma-espanyol\/"},"wordCount":209,"publisher":{"@id":"https:\/\/raed.academy\/ca\/#organization"},"articleSection":["Uncategorized @ca"],"inLanguage":"ca-ES"},{"@type":"WebPage","@id":"https:\/\/raed.academy\/ca\/xabier-anoveros-presenta-a-barcelona-el-llibre-sobre-lhomenatge-universal-a-lidioma-espanyol\/","url":"https:\/\/raed.academy\/ca\/xabier-anoveros-presenta-a-barcelona-el-llibre-sobre-lhomenatge-universal-a-lidioma-espanyol\/","name":"Xabier A\u00f1overos presenta a Barcelona el llibre sobre l'Homenatge Universal a l'Idioma Espanyol - Reial Acad\u00e8mia Europea de Doctors","isPartOf":{"@id":"https:\/\/raed.academy\/ca\/#website"},"datePublished":"2016-05-12T08:04:21+00:00","dateModified":"2016-12-02T10:19:07+00:00","breadcrumb":{"@id":"https:\/\/raed.academy\/ca\/xabier-anoveros-presenta-a-barcelona-el-llibre-sobre-lhomenatge-universal-a-lidioma-espanyol\/#breadcrumb"},"inLanguage":"ca-ES","potentialAction":[{"@type":"ReadAction","target":["https:\/\/raed.academy\/ca\/xabier-anoveros-presenta-a-barcelona-el-llibre-sobre-lhomenatge-universal-a-lidioma-espanyol\/"]}]},{"@type":"BreadcrumbList","@id":"https:\/\/raed.academy\/ca\/xabier-anoveros-presenta-a-barcelona-el-llibre-sobre-lhomenatge-universal-a-lidioma-espanyol\/#breadcrumb","itemListElement":[{"@type":"ListItem","position":1,"name":"Inicio","item":"https:\/\/raed.academy\/ca\/"},{"@type":"ListItem","position":2,"name":"Xabier A\u00f1overos presenta a Barcelona el llibre sobre l&#8217;Homenatge Universal a l&#8217;Idioma Espanyol"}]},{"@type":"WebSite","@id":"https:\/\/raed.academy\/ca\/#website","url":"https:\/\/raed.academy\/ca\/","name":"Reial Acad\u00e8mia Europea de Doctors","description":"Corporaci\u00f3n de derecho p\u00fablico de car\u00e1cter cient\u00edfico, t\u00e9cnico y art\u00edstico, que tiene por objeto la investigaci\u00f3n, el estudio, el fomento y la extensi\u00f3n del conocimiento en su sentido m\u00e1s amplio","publisher":{"@id":"https:\/\/raed.academy\/ca\/#organization"},"potentialAction":[{"@type":"SearchAction","target":{"@type":"EntryPoint","urlTemplate":"https:\/\/raed.academy\/ca\/?s={search_term_string}"},"query-input":{"@type":"PropertyValueSpecification","valueRequired":true,"valueName":"search_term_string"}}],"inLanguage":"ca-ES"},{"@type":"Organization","@id":"https:\/\/raed.academy\/ca\/#organization","name":"Real Academia Europea de Doctores","url":"https:\/\/raed.academy\/ca\/","logo":{"@type":"ImageObject","inLanguage":"ca-ES","@id":"https:\/\/raed.academy\/ca\/#\/schema\/logo\/image\/","url":"https:\/\/raed.academy\/wp-content\/uploads\/2017\/01\/cropped-logo_raed.png","contentUrl":"https:\/\/raed.academy\/wp-content\/uploads\/2017\/01\/cropped-logo_raed.png","width":512,"height":512,"caption":"Real Academia Europea de Doctores"},"image":{"@id":"https:\/\/raed.academy\/ca\/#\/schema\/logo\/image\/"},"sameAs":["http:\/\/fb.me\/raed.academy","https:\/\/x.com\/raedacademy","https:\/\/www.instagram.com\/raed.academy\/","https:\/\/www.youtube.com\/channel\/UCUYQwW2KrdirNWihxMDObwg"]},{"@type":"Person","@id":"https:\/\/raed.academy\/ca\/#\/schema\/person\/5a755da80d1d979fd66ba745c8702927","name":"RAED","image":{"@type":"ImageObject","inLanguage":"ca-ES","@id":"https:\/\/secure.gravatar.com\/avatar\/19fdfdc0d67fb9c45714b703a2ac82251c4fcea3637f002ac3c9b74c0183583c?s=96&d=mm&r=g","url":"https:\/\/secure.gravatar.com\/avatar\/19fdfdc0d67fb9c45714b703a2ac82251c4fcea3637f002ac3c9b74c0183583c?s=96&d=mm&r=g","contentUrl":"https:\/\/secure.gravatar.com\/avatar\/19fdfdc0d67fb9c45714b703a2ac82251c4fcea3637f002ac3c9b74c0183583c?s=96&d=mm&r=g","caption":"RAED"}}]}},"_links":{"self":[{"href":"https:\/\/raed.academy\/ca\/wp-json\/wp\/v2\/posts\/6185","targetHints":{"allow":["GET"]}}],"collection":[{"href":"https:\/\/raed.academy\/ca\/wp-json\/wp\/v2\/posts"}],"about":[{"href":"https:\/\/raed.academy\/ca\/wp-json\/wp\/v2\/types\/post"}],"author":[{"embeddable":true,"href":"https:\/\/raed.academy\/ca\/wp-json\/wp\/v2\/users\/12"}],"replies":[{"embeddable":true,"href":"https:\/\/raed.academy\/ca\/wp-json\/wp\/v2\/comments?post=6185"}],"version-history":[{"count":0,"href":"https:\/\/raed.academy\/ca\/wp-json\/wp\/v2\/posts\/6185\/revisions"}],"wp:attachment":[{"href":"https:\/\/raed.academy\/ca\/wp-json\/wp\/v2\/media?parent=6185"}],"wp:term":[{"taxonomy":"category","embeddable":true,"href":"https:\/\/raed.academy\/ca\/wp-json\/wp\/v2\/categories?post=6185"},{"taxonomy":"post_tag","embeddable":true,"href":"https:\/\/raed.academy\/ca\/wp-json\/wp\/v2\/tags?post=6185"}],"curies":[{"name":"wp","href":"https:\/\/api.w.org\/{rel}","templated":true}]}}