{"id":60129,"date":"2018-10-24T22:11:45","date_gmt":"2018-10-24T22:11:45","guid":{"rendered":"http:\/\/raed.academy\/?p=60129"},"modified":"2018-10-25T10:45:48","modified_gmt":"2018-10-25T10:45:48","slug":"bioinspiracio-com-eina-tecnologia","status":"publish","type":"post","link":"https:\/\/raed.academy\/ca\/bioinspiracio-com-eina-tecnologia\/","title":{"rendered":"Bioinspirats"},"content":{"rendered":"<h2>La biomim\u00e8tica centra la inauguraci\u00f3 del nou curs de la Reial Acad\u00e8mia de Doctors d&#8217;Espanya<\/h2>\n<p><strong><img loading=\"lazy\" decoding=\"async\" class=\"alignleft size-full wp-image-60000\" src=\"http:\/\/raed.academy\/wp-content\/uploads\/2018\/10\/Conferencia-inaugural-arturo-romero-salvador.jpg\" alt=\"\" width=\"400\" height=\"250\" \/><\/strong><\/p>\n<div id=\"attachment_60003\" style=\"width: 380px\" class=\"wp-caption alignright\"><img loading=\"lazy\" decoding=\"async\" aria-describedby=\"caption-attachment-60003\" class=\"wp-image-60003\" src=\"http:\/\/raed.academy\/wp-content\/uploads\/2018\/10\/Dr-Antonio-Bascones-Dr-Alfredo-Rocafort.jpg\" alt=\"Dr. Antonio Bascones, Dr. Alfredo Rocafort\" width=\"370\" height=\"494\" \/><p id=\"caption-attachment-60003\" class=\"wp-caption-text\">Dr. Antonio Bascones &#8211; Dr. Alfredo Rocafort<\/p><\/div>\n<p><strong>Arturo Romero<\/strong>, acad\u00e8mic de n\u00famero de la <a href=\"http:\/\/www.radoctores.es\" target=\"_blank\" rel=\"noopener\"><strong>Reial Acad\u00e8mia de Doctors d&#8217;Espanya<\/strong><\/a>, va abordar el tema de <strong>&#8220;La bioinspiraci\u00f3n como herramienta de la tecnolog\u00eda&#8221;<\/strong> durant el discurs inaugural del Curs Acad\u00e8mic 2018-2019 d&#8217;aquesta instituci\u00f3, celebrat a Madrid el passat 17 d&#8217;octubre sota la presid\u00e8ncia d&#8217;<strong>Antonio Bascones<\/strong> i en pres\u00e8ncia de m\u00e9s de 200 acad\u00e8mics i convidats entre els quals hi havia el president de la Junta de Govern de la <strong>Reial Acad\u00e8mia Europea de Doctors-Barcelona 1914<\/strong> (RAED), <a href=\"http:\/\/raed.academy\/ca\/academics\/dr-alfredo-rocafort-nicolau\/\" target=\"_blank\" rel=\"noopener\"><strong>Alfredo Rocafort<\/strong><\/a>; l&#8217;acad\u00e8mica de n\u00famero d&#8217;ambdues institucions <a href=\"http:\/\/raed.academy\/ca\/academics\/dra-maria-dels-angels-calvo-torras\/\" target=\"_blank\" rel=\"noopener\"><strong>Maria \u00c0ngels Calvo<\/strong><\/a>, i l&#8217;acad\u00e8mic de n\u00famero electe de la RAED <strong>Aldo Olcese<\/strong>, en el que va ser una mostra de l&#8217;estreta relaci\u00f3 que mantenen totes dues Reials Acad\u00e8mies.<\/p>\n<p>Romero va destacar com al llarg de la hist\u00f2ria la natura ha estat una recurrent font d&#8217;inspiraci\u00f3 per al desenvolupament de la ci\u00e8ncia i la tecnologia. Nom\u00e9s cal apreciar els enginys de <strong>Leonardo da Vinci<\/strong> o la g\u00e8nesi de les teories d&#8217;<strong>Isaac Newton<\/strong>. Tot i aix\u00ed, no va ser fins a la d\u00e8cada dels anys 70 del segle passat quan es va introduir el concepte del biomimetisme per definir un proc\u00e9s d&#8217;innovaci\u00f3 basat en la imitaci\u00f3 de sistemes biol\u00f2gics que avui en dia, quan la sostenibilitat \u00e9s una necessitat imperiosa davant l&#8217;esgotament i degradaci\u00f3 de les fonts naturals, cobra un significat especial.<\/p>\n<p>&#8220;La intel\u00b7lig\u00e8ncia col\u00b7lectiva \u00e9s la que fa dels algoritmes bioinspirats candidats perfectes per buscar solucions quan es presenten problemes no determin\u00edstics en els camps de l&#8217;economia, el comer\u00e7, l&#8217;enginyeria, la ind\u00fastria o la medicina -va assenyalar Romero a la seva exposici\u00f3-. Els algoritmes d&#8217;optimitzaci\u00f3 per col\u00f2nia de formigues s&#8217;han fet servir en molts camps i situacions que poden anar des del c\u00e0lcul de rutes d&#8217;una flota de transport, planificaci\u00f3 dels horaris de vol del personal aeri, fabricaci\u00f3 d&#8217;autom\u00f2bils o optimitzaci\u00f3 din\u00e0mica de processos qu\u00edmics fins a les xarxes neuronals, optimitzaci\u00f3 de funcions num\u00e8riques, sistemes difusos, processament d&#8217;imatges, control de sistemes o intel\u00b7lig\u00e8ncia artificial&#8221;.<\/p>\n<p>L&#8217;acad\u00e8mic va instar els seus col\u00b7legues a con\u00e8ixer els \u00faltims aven\u00e7os bioinspirats pel seu potencial en nombrosos camps de la ci\u00e8ncia i la tecnologia. &#8220;La imitaci\u00f3 i recreaci\u00f3 d&#8217;algunes caracter\u00edstiques dels sistemes biol\u00f2gics en sistemes inanimats o tecnol\u00f2gics \u00e9s una bona estrat\u00e8gia per resoldre molts problemes que es plantegen a les nostres societats. A mesura que el funcionament del m\u00f3n creat per les activitats humanes es vagi semblant al funcionament del m\u00f3n natural majors seran les nostres possibilitats de romandre en ell&#8221;, va concloure.<\/p>\n<p>&nbsp;<\/p>\n<div id=\"attachment_59997\" style=\"width: 810px\" class=\"wp-caption aligncenter\"><img loading=\"lazy\" decoding=\"async\" aria-describedby=\"caption-attachment-59997\" class=\"wp-image-59997 size-full\" src=\"http:\/\/raed.academy\/wp-content\/uploads\/2018\/10\/Dr-Aldo-Olcese-Dr-Antonio-Bascones-Dr-Alfredo-Rocafort-Dra-Maria-Angels-Calvo.jpg\" alt=\"Dr. Aldo Olcese, Dr. Antonio Bascones, Dr. Alfredo Rocafort, Dra. Maria \u00c0ngels Calvo\" width=\"800\" height=\"600\" srcset=\"https:\/\/raed.academy\/wp-content\/uploads\/2018\/10\/Dr-Aldo-Olcese-Dr-Antonio-Bascones-Dr-Alfredo-Rocafort-Dra-Maria-Angels-Calvo.jpg 800w, https:\/\/raed.academy\/wp-content\/uploads\/2018\/10\/Dr-Aldo-Olcese-Dr-Antonio-Bascones-Dr-Alfredo-Rocafort-Dra-Maria-Angels-Calvo-768x576.jpg 768w\" sizes=\"(max-width: 800px) 100vw, 800px\" \/><p id=\"caption-attachment-59997\" class=\"wp-caption-text\">Dr. Olcese &#8211; Dr. Bascones &#8211; Dr. Rocafort &#8211; Dra. Calvo<\/p><\/div>\n","protected":false},"excerpt":{"rendered":"<p>La biomim\u00e8tica centra la inauguraci\u00f3 del nou curs de la Reial Acad\u00e8mia de Doctors d&#8217;Espanya Arturo Romero, acad\u00e8mic de n\u00famero de la Reial Acad\u00e8mia de Doctors d&#8217;Espanya, va abordar el tema de &#8220;La bioinspiraci\u00f3n como herramienta de la tecnolog\u00eda&#8221; durant el discurs inaugural del Curs Acad\u00e8mic 2018-2019 d&#8217;aquesta instituci\u00f3, celebrat a Madrid el passat 17 [&hellip;]<\/p>\n","protected":false},"author":12,"featured_media":59995,"comment_status":"closed","ping_status":"closed","sticky":false,"template":"","format":"standard","meta":{"_et_pb_use_builder":"","_et_pb_old_content":"","_et_gb_content_width":"","footnotes":""},"categories":[72],"tags":[],"class_list":["post-60129","post","type-post","status-publish","format-standard","has-post-thumbnail","hentry","category-uncategorized-ca","et-has-post-format-content","et_post_format-et-post-format-standard"],"yoast_head":"<!-- This site is optimized with the Yoast SEO plugin v27.4 - https:\/\/yoast.com\/product\/yoast-seo-wordpress\/ -->\n<title>Bioinspirats - Reial Acad\u00e8mia Europea de Doctors<\/title>\n<meta name=\"description\" content=\"La biomim\u00e8tica centra la inauguraci\u00f3 del nou curs de la Reial Acad\u00e8mia de Doctors d&#039;Espanya. Arturo Romero va abordar &quot;La bioinspiraci\u00f3n como herramienta de la tecnolog\u00eda&quot;\" \/>\n<meta name=\"robots\" content=\"index, follow, max-snippet:-1, max-image-preview:large, max-video-preview:-1\" \/>\n<link rel=\"canonical\" href=\"https:\/\/raed.academy\/ca\/bioinspiracio-com-eina-tecnologia\/\" \/>\n<meta property=\"og:locale\" content=\"ca_ES\" \/>\n<meta property=\"og:type\" content=\"article\" \/>\n<meta property=\"og:title\" content=\"Bioinspirats - Reial Acad\u00e8mia Europea de Doctors\" \/>\n<meta property=\"og:description\" content=\"La biomim\u00e8tica centra la inauguraci\u00f3 del nou curs de la Reial Acad\u00e8mia de Doctors d&#039;Espanya. Arturo Romero va abordar &quot;La bioinspiraci\u00f3n como herramienta de la tecnolog\u00eda&quot;\" \/>\n<meta property=\"og:url\" content=\"https:\/\/raed.academy\/ca\/bioinspiracio-com-eina-tecnologia\/\" \/>\n<meta property=\"og:site_name\" content=\"Reial Acad\u00e8mia Europea de Doctors\" \/>\n<meta property=\"article:publisher\" content=\"http:\/\/fb.me\/raed.academy\" \/>\n<meta property=\"article:published_time\" content=\"2018-10-24T22:11:45+00:00\" \/>\n<meta property=\"article:modified_time\" content=\"2018-10-25T10:45:48+00:00\" \/>\n<meta property=\"og:image\" content=\"https:\/\/raed.academy\/wp-content\/uploads\/2018\/10\/biomimetica-dstNtc.jpg\" \/>\n\t<meta property=\"og:image:width\" content=\"600\" \/>\n\t<meta property=\"og:image:height\" content=\"350\" \/>\n\t<meta property=\"og:image:type\" content=\"image\/jpeg\" \/>\n<meta name=\"author\" content=\"RAED\" \/>\n<meta name=\"twitter:card\" content=\"summary_large_image\" \/>\n<meta name=\"twitter:creator\" content=\"@raedacademy\" \/>\n<meta name=\"twitter:site\" content=\"@raedacademy\" \/>\n<meta name=\"twitter:label1\" content=\"Written by\" \/>\n\t<meta name=\"twitter:data1\" content=\"RAED\" \/>\n\t<meta name=\"twitter:label2\" content=\"Est. reading time\" \/>\n\t<meta name=\"twitter:data2\" content=\"2 minutes\" \/>\n<script type=\"application\/ld+json\" class=\"yoast-schema-graph\">{\"@context\":\"https:\\\/\\\/schema.org\",\"@graph\":[{\"@type\":\"Article\",\"@id\":\"https:\\\/\\\/raed.academy\\\/ca\\\/bioinspiracio-com-eina-tecnologia\\\/#article\",\"isPartOf\":{\"@id\":\"https:\\\/\\\/raed.academy\\\/ca\\\/bioinspiracio-com-eina-tecnologia\\\/\"},\"author\":{\"name\":\"RAED\",\"@id\":\"https:\\\/\\\/raed.academy\\\/ca\\\/#\\\/schema\\\/person\\\/5a755da80d1d979fd66ba745c8702927\"},\"headline\":\"Bioinspirats\",\"datePublished\":\"2018-10-24T22:11:45+00:00\",\"dateModified\":\"2018-10-25T10:45:48+00:00\",\"mainEntityOfPage\":{\"@id\":\"https:\\\/\\\/raed.academy\\\/ca\\\/bioinspiracio-com-eina-tecnologia\\\/\"},\"wordCount\":519,\"publisher\":{\"@id\":\"https:\\\/\\\/raed.academy\\\/ca\\\/#organization\"},\"image\":{\"@id\":\"https:\\\/\\\/raed.academy\\\/ca\\\/bioinspiracio-com-eina-tecnologia\\\/#primaryimage\"},\"thumbnailUrl\":\"https:\\\/\\\/raed.academy\\\/wp-content\\\/uploads\\\/2018\\\/10\\\/biomimetica-dstNtc.jpg\",\"articleSection\":[\"Uncategorized @ca\"],\"inLanguage\":\"ca-ES\"},{\"@type\":\"WebPage\",\"@id\":\"https:\\\/\\\/raed.academy\\\/ca\\\/bioinspiracio-com-eina-tecnologia\\\/\",\"url\":\"https:\\\/\\\/raed.academy\\\/ca\\\/bioinspiracio-com-eina-tecnologia\\\/\",\"name\":\"Bioinspirats - Reial Acad\u00e8mia Europea de Doctors\",\"isPartOf\":{\"@id\":\"https:\\\/\\\/raed.academy\\\/ca\\\/#website\"},\"primaryImageOfPage\":{\"@id\":\"https:\\\/\\\/raed.academy\\\/ca\\\/bioinspiracio-com-eina-tecnologia\\\/#primaryimage\"},\"image\":{\"@id\":\"https:\\\/\\\/raed.academy\\\/ca\\\/bioinspiracio-com-eina-tecnologia\\\/#primaryimage\"},\"thumbnailUrl\":\"https:\\\/\\\/raed.academy\\\/wp-content\\\/uploads\\\/2018\\\/10\\\/biomimetica-dstNtc.jpg\",\"datePublished\":\"2018-10-24T22:11:45+00:00\",\"dateModified\":\"2018-10-25T10:45:48+00:00\",\"description\":\"La biomim\u00e8tica centra la inauguraci\u00f3 del nou curs de la Reial Acad\u00e8mia de Doctors d'Espanya. Arturo Romero va abordar \\\"La bioinspiraci\u00f3n como herramienta de la tecnolog\u00eda\\\"\",\"breadcrumb\":{\"@id\":\"https:\\\/\\\/raed.academy\\\/ca\\\/bioinspiracio-com-eina-tecnologia\\\/#breadcrumb\"},\"inLanguage\":\"ca-ES\",\"potentialAction\":[{\"@type\":\"ReadAction\",\"target\":[\"https:\\\/\\\/raed.academy\\\/ca\\\/bioinspiracio-com-eina-tecnologia\\\/\"]}]},{\"@type\":\"ImageObject\",\"inLanguage\":\"ca-ES\",\"@id\":\"https:\\\/\\\/raed.academy\\\/ca\\\/bioinspiracio-com-eina-tecnologia\\\/#primaryimage\",\"url\":\"https:\\\/\\\/raed.academy\\\/wp-content\\\/uploads\\\/2018\\\/10\\\/biomimetica-dstNtc.jpg\",\"contentUrl\":\"https:\\\/\\\/raed.academy\\\/wp-content\\\/uploads\\\/2018\\\/10\\\/biomimetica-dstNtc.jpg\",\"width\":600,\"height\":350},{\"@type\":\"BreadcrumbList\",\"@id\":\"https:\\\/\\\/raed.academy\\\/ca\\\/bioinspiracio-com-eina-tecnologia\\\/#breadcrumb\",\"itemListElement\":[{\"@type\":\"ListItem\",\"position\":1,\"name\":\"Inicio\",\"item\":\"https:\\\/\\\/raed.academy\\\/ca\\\/\"},{\"@type\":\"ListItem\",\"position\":2,\"name\":\"Bioinspirats\"}]},{\"@type\":\"WebSite\",\"@id\":\"https:\\\/\\\/raed.academy\\\/ca\\\/#website\",\"url\":\"https:\\\/\\\/raed.academy\\\/ca\\\/\",\"name\":\"Reial Acad\u00e8mia Europea de Doctors\",\"description\":\"Corporaci\u00f3n de derecho p\u00fablico de car\u00e1cter cient\u00edfico, t\u00e9cnico y art\u00edstico, que tiene por objeto la investigaci\u00f3n, el estudio, el fomento y la extensi\u00f3n del conocimiento en su sentido m\u00e1s amplio\",\"publisher\":{\"@id\":\"https:\\\/\\\/raed.academy\\\/ca\\\/#organization\"},\"potentialAction\":[{\"@type\":\"SearchAction\",\"target\":{\"@type\":\"EntryPoint\",\"urlTemplate\":\"https:\\\/\\\/raed.academy\\\/ca\\\/?s={search_term_string}\"},\"query-input\":{\"@type\":\"PropertyValueSpecification\",\"valueRequired\":true,\"valueName\":\"search_term_string\"}}],\"inLanguage\":\"ca-ES\"},{\"@type\":\"Organization\",\"@id\":\"https:\\\/\\\/raed.academy\\\/ca\\\/#organization\",\"name\":\"Real Academia Europea de Doctores\",\"url\":\"https:\\\/\\\/raed.academy\\\/ca\\\/\",\"logo\":{\"@type\":\"ImageObject\",\"inLanguage\":\"ca-ES\",\"@id\":\"https:\\\/\\\/raed.academy\\\/ca\\\/#\\\/schema\\\/logo\\\/image\\\/\",\"url\":\"https:\\\/\\\/raed.academy\\\/wp-content\\\/uploads\\\/2017\\\/01\\\/cropped-logo_raed.png\",\"contentUrl\":\"https:\\\/\\\/raed.academy\\\/wp-content\\\/uploads\\\/2017\\\/01\\\/cropped-logo_raed.png\",\"width\":512,\"height\":512,\"caption\":\"Real Academia Europea de Doctores\"},\"image\":{\"@id\":\"https:\\\/\\\/raed.academy\\\/ca\\\/#\\\/schema\\\/logo\\\/image\\\/\"},\"sameAs\":[\"http:\\\/\\\/fb.me\\\/raed.academy\",\"https:\\\/\\\/x.com\\\/raedacademy\",\"https:\\\/\\\/www.instagram.com\\\/raed.academy\\\/\",\"https:\\\/\\\/www.youtube.com\\\/channel\\\/UCUYQwW2KrdirNWihxMDObwg\"]},{\"@type\":\"Person\",\"@id\":\"https:\\\/\\\/raed.academy\\\/ca\\\/#\\\/schema\\\/person\\\/5a755da80d1d979fd66ba745c8702927\",\"name\":\"RAED\",\"image\":{\"@type\":\"ImageObject\",\"inLanguage\":\"ca-ES\",\"@id\":\"https:\\\/\\\/secure.gravatar.com\\\/avatar\\\/19fdfdc0d67fb9c45714b703a2ac82251c4fcea3637f002ac3c9b74c0183583c?s=96&d=mm&r=g\",\"url\":\"https:\\\/\\\/secure.gravatar.com\\\/avatar\\\/19fdfdc0d67fb9c45714b703a2ac82251c4fcea3637f002ac3c9b74c0183583c?s=96&d=mm&r=g\",\"contentUrl\":\"https:\\\/\\\/secure.gravatar.com\\\/avatar\\\/19fdfdc0d67fb9c45714b703a2ac82251c4fcea3637f002ac3c9b74c0183583c?s=96&d=mm&r=g\",\"caption\":\"RAED\"}}]}<\/script>\n<!-- \/ Yoast SEO plugin. -->","yoast_head_json":{"title":"Bioinspirats - Reial Acad\u00e8mia Europea de Doctors","description":"La biomim\u00e8tica centra la inauguraci\u00f3 del nou curs de la Reial Acad\u00e8mia de Doctors d'Espanya. Arturo Romero va abordar \"La bioinspiraci\u00f3n como herramienta de la tecnolog\u00eda\"","robots":{"index":"index","follow":"follow","max-snippet":"max-snippet:-1","max-image-preview":"max-image-preview:large","max-video-preview":"max-video-preview:-1"},"canonical":"https:\/\/raed.academy\/ca\/bioinspiracio-com-eina-tecnologia\/","og_locale":"ca_ES","og_type":"article","og_title":"Bioinspirats - Reial Acad\u00e8mia Europea de Doctors","og_description":"La biomim\u00e8tica centra la inauguraci\u00f3 del nou curs de la Reial Acad\u00e8mia de Doctors d'Espanya. Arturo Romero va abordar \"La bioinspiraci\u00f3n como herramienta de la tecnolog\u00eda\"","og_url":"https:\/\/raed.academy\/ca\/bioinspiracio-com-eina-tecnologia\/","og_site_name":"Reial Acad\u00e8mia Europea de Doctors","article_publisher":"http:\/\/fb.me\/raed.academy","article_published_time":"2018-10-24T22:11:45+00:00","article_modified_time":"2018-10-25T10:45:48+00:00","og_image":[{"width":600,"height":350,"url":"https:\/\/raed.academy\/wp-content\/uploads\/2018\/10\/biomimetica-dstNtc.jpg","type":"image\/jpeg"}],"author":"RAED","twitter_card":"summary_large_image","twitter_creator":"@raedacademy","twitter_site":"@raedacademy","twitter_misc":{"Written by":"RAED","Est. reading time":"2 minutes"},"schema":{"@context":"https:\/\/schema.org","@graph":[{"@type":"Article","@id":"https:\/\/raed.academy\/ca\/bioinspiracio-com-eina-tecnologia\/#article","isPartOf":{"@id":"https:\/\/raed.academy\/ca\/bioinspiracio-com-eina-tecnologia\/"},"author":{"name":"RAED","@id":"https:\/\/raed.academy\/ca\/#\/schema\/person\/5a755da80d1d979fd66ba745c8702927"},"headline":"Bioinspirats","datePublished":"2018-10-24T22:11:45+00:00","dateModified":"2018-10-25T10:45:48+00:00","mainEntityOfPage":{"@id":"https:\/\/raed.academy\/ca\/bioinspiracio-com-eina-tecnologia\/"},"wordCount":519,"publisher":{"@id":"https:\/\/raed.academy\/ca\/#organization"},"image":{"@id":"https:\/\/raed.academy\/ca\/bioinspiracio-com-eina-tecnologia\/#primaryimage"},"thumbnailUrl":"https:\/\/raed.academy\/wp-content\/uploads\/2018\/10\/biomimetica-dstNtc.jpg","articleSection":["Uncategorized @ca"],"inLanguage":"ca-ES"},{"@type":"WebPage","@id":"https:\/\/raed.academy\/ca\/bioinspiracio-com-eina-tecnologia\/","url":"https:\/\/raed.academy\/ca\/bioinspiracio-com-eina-tecnologia\/","name":"Bioinspirats - Reial Acad\u00e8mia Europea de Doctors","isPartOf":{"@id":"https:\/\/raed.academy\/ca\/#website"},"primaryImageOfPage":{"@id":"https:\/\/raed.academy\/ca\/bioinspiracio-com-eina-tecnologia\/#primaryimage"},"image":{"@id":"https:\/\/raed.academy\/ca\/bioinspiracio-com-eina-tecnologia\/#primaryimage"},"thumbnailUrl":"https:\/\/raed.academy\/wp-content\/uploads\/2018\/10\/biomimetica-dstNtc.jpg","datePublished":"2018-10-24T22:11:45+00:00","dateModified":"2018-10-25T10:45:48+00:00","description":"La biomim\u00e8tica centra la inauguraci\u00f3 del nou curs de la Reial Acad\u00e8mia de Doctors d'Espanya. Arturo Romero va abordar \"La bioinspiraci\u00f3n como herramienta de la tecnolog\u00eda\"","breadcrumb":{"@id":"https:\/\/raed.academy\/ca\/bioinspiracio-com-eina-tecnologia\/#breadcrumb"},"inLanguage":"ca-ES","potentialAction":[{"@type":"ReadAction","target":["https:\/\/raed.academy\/ca\/bioinspiracio-com-eina-tecnologia\/"]}]},{"@type":"ImageObject","inLanguage":"ca-ES","@id":"https:\/\/raed.academy\/ca\/bioinspiracio-com-eina-tecnologia\/#primaryimage","url":"https:\/\/raed.academy\/wp-content\/uploads\/2018\/10\/biomimetica-dstNtc.jpg","contentUrl":"https:\/\/raed.academy\/wp-content\/uploads\/2018\/10\/biomimetica-dstNtc.jpg","width":600,"height":350},{"@type":"BreadcrumbList","@id":"https:\/\/raed.academy\/ca\/bioinspiracio-com-eina-tecnologia\/#breadcrumb","itemListElement":[{"@type":"ListItem","position":1,"name":"Inicio","item":"https:\/\/raed.academy\/ca\/"},{"@type":"ListItem","position":2,"name":"Bioinspirats"}]},{"@type":"WebSite","@id":"https:\/\/raed.academy\/ca\/#website","url":"https:\/\/raed.academy\/ca\/","name":"Reial Acad\u00e8mia Europea de Doctors","description":"Corporaci\u00f3n de derecho p\u00fablico de car\u00e1cter cient\u00edfico, t\u00e9cnico y art\u00edstico, que tiene por objeto la investigaci\u00f3n, el estudio, el fomento y la extensi\u00f3n del conocimiento en su sentido m\u00e1s amplio","publisher":{"@id":"https:\/\/raed.academy\/ca\/#organization"},"potentialAction":[{"@type":"SearchAction","target":{"@type":"EntryPoint","urlTemplate":"https:\/\/raed.academy\/ca\/?s={search_term_string}"},"query-input":{"@type":"PropertyValueSpecification","valueRequired":true,"valueName":"search_term_string"}}],"inLanguage":"ca-ES"},{"@type":"Organization","@id":"https:\/\/raed.academy\/ca\/#organization","name":"Real Academia Europea de Doctores","url":"https:\/\/raed.academy\/ca\/","logo":{"@type":"ImageObject","inLanguage":"ca-ES","@id":"https:\/\/raed.academy\/ca\/#\/schema\/logo\/image\/","url":"https:\/\/raed.academy\/wp-content\/uploads\/2017\/01\/cropped-logo_raed.png","contentUrl":"https:\/\/raed.academy\/wp-content\/uploads\/2017\/01\/cropped-logo_raed.png","width":512,"height":512,"caption":"Real Academia Europea de Doctores"},"image":{"@id":"https:\/\/raed.academy\/ca\/#\/schema\/logo\/image\/"},"sameAs":["http:\/\/fb.me\/raed.academy","https:\/\/x.com\/raedacademy","https:\/\/www.instagram.com\/raed.academy\/","https:\/\/www.youtube.com\/channel\/UCUYQwW2KrdirNWihxMDObwg"]},{"@type":"Person","@id":"https:\/\/raed.academy\/ca\/#\/schema\/person\/5a755da80d1d979fd66ba745c8702927","name":"RAED","image":{"@type":"ImageObject","inLanguage":"ca-ES","@id":"https:\/\/secure.gravatar.com\/avatar\/19fdfdc0d67fb9c45714b703a2ac82251c4fcea3637f002ac3c9b74c0183583c?s=96&d=mm&r=g","url":"https:\/\/secure.gravatar.com\/avatar\/19fdfdc0d67fb9c45714b703a2ac82251c4fcea3637f002ac3c9b74c0183583c?s=96&d=mm&r=g","contentUrl":"https:\/\/secure.gravatar.com\/avatar\/19fdfdc0d67fb9c45714b703a2ac82251c4fcea3637f002ac3c9b74c0183583c?s=96&d=mm&r=g","caption":"RAED"}}]}},"_links":{"self":[{"href":"https:\/\/raed.academy\/ca\/wp-json\/wp\/v2\/posts\/60129","targetHints":{"allow":["GET"]}}],"collection":[{"href":"https:\/\/raed.academy\/ca\/wp-json\/wp\/v2\/posts"}],"about":[{"href":"https:\/\/raed.academy\/ca\/wp-json\/wp\/v2\/types\/post"}],"author":[{"embeddable":true,"href":"https:\/\/raed.academy\/ca\/wp-json\/wp\/v2\/users\/12"}],"replies":[{"embeddable":true,"href":"https:\/\/raed.academy\/ca\/wp-json\/wp\/v2\/comments?post=60129"}],"version-history":[{"count":0,"href":"https:\/\/raed.academy\/ca\/wp-json\/wp\/v2\/posts\/60129\/revisions"}],"wp:featuredmedia":[{"embeddable":true,"href":"https:\/\/raed.academy\/ca\/wp-json\/wp\/v2\/media\/59995"}],"wp:attachment":[{"href":"https:\/\/raed.academy\/ca\/wp-json\/wp\/v2\/media?parent=60129"}],"wp:term":[{"taxonomy":"category","embeddable":true,"href":"https:\/\/raed.academy\/ca\/wp-json\/wp\/v2\/categories?post=60129"},{"taxonomy":"post_tag","embeddable":true,"href":"https:\/\/raed.academy\/ca\/wp-json\/wp\/v2\/tags?post=60129"}],"curies":[{"name":"wp","href":"https:\/\/api.w.org\/{rel}","templated":true}]}}