{"id":5171,"date":"2016-03-15T09:12:12","date_gmt":"2016-03-15T09:12:12","guid":{"rendered":"http:\/\/radd.eu\/?p=5171"},"modified":"2017-05-19T10:27:17","modified_gmt":"2017-05-19T10:27:17","slug":"juan-carlos-garcia-valdecasas-albira-una-cirurgia-cada-cop-mes-meticulosa-i-menys-preponderant","status":"publish","type":"post","link":"https:\/\/raed.academy\/ca\/juan-carlos-garcia-valdecasas-albira-una-cirurgia-cada-cop-mes-meticulosa-i-menys-preponderant\/","title":{"rendered":"15 de Mar\u00e7 2016 > Juan Carlos Garc\u00eda-Valdecasas albira una cirurgia cada cop m\u00e9s meticulosa i menys preponderant"},"content":{"rendered":"<hr \/>\n<h3 style=\"text-align: center;\"><a href=\"http:\/\/raed.academy\/wp-content\/uploads\/2016\/03\/9747-072.jpg\" rel=\"attachment wp-att-5193\"><img loading=\"lazy\" decoding=\"async\" class=\"alignnone size-medium wp-image-5193\" src=\"http:\/\/raed.academy\/wp-content\/uploads\/2016\/03\/9747-072-300x200.jpg\" alt=\"9747-072\" width=\"300\" height=\"200\" \/><\/a><\/h3>\n<h3>El cirurgi\u00e0<strong> Juan Carlos Garc\u00eda-Valdecasas <\/strong>ha re<span id=\"result_box\" class=\"\" lang=\"ca\"><span title=\"El cirujano Juan Carlos Garc\u00eda-Valdecasas ha pasado su larga trayectoria profesional y ha apuntado el futuro de la cirug\u00eda en el siglo XXI en su discurso de ingreso como acad\u00e9mico de n\u00famero en la Real Academia Europea de Doctores-Barcelona 1914 (RAED), que ha\">passat la seva llarga traject\u00f2ria professional i ha apuntat el futur de la cirurgia al segle XXI al seu discurs d&#8217;ingr\u00e9s com a acad\u00e8mic de n\u00famero a la <strong>Reial Acad\u00e8mia Europea de Doctors-Barcelona 1914<\/strong> (RAED), que ha <\/span><span title=\"le\u00eddo esta tarde en Barcelona.\">llegit aquesta tarda a Barcelona. <\/span><span title=\"En &quot;La cirug\u00eda digestiva del siglo XXI&quot;, el nuevo acad\u00e9mico explica unos avances que califica de &quot;ciencia ficci\u00f3n&quot; que han hecho de intervenciones como el transplante de h\u00edgado que hace apenas dos d\u00e9cadas resultasen a menudo inviables hoy sean una alternativa de \u00e9xito. \">A <strong>&#8220;La cirurgia digestiva del segle XXI&#8221;<\/strong>, el nou acad\u00e8mic explica uns aven\u00e7os que qualifica de &#8220;ci\u00e8ncia ficci\u00f3&#8221; que han fet d&#8217;intervencions com el trasplantament de fetge que fa tot just dues d\u00e8cades resultessin sovint inviables avui siguin una alternativa d&#8217;\u00e8xit.<\/h3>\n<p style=\"text-align: center;\"><a href=\"http:\/\/raed.academy\/wp-content\/uploads\/2016\/03\/9747-093.jpg\" rel=\"attachment wp-att-5196\"><img loading=\"lazy\" decoding=\"async\" class=\"alignnone size-medium wp-image-5196\" src=\"http:\/\/raed.academy\/wp-content\/uploads\/2016\/03\/9747-093-300x200.jpg\" alt=\"9747-093\" width=\"300\" height=\"200\" \/><\/a><\/p>\n<h3><span id=\"result_box\" class=\"\" lang=\"ca\"><span title=\"Vinculado siempre a la Universidad de Barcelona y al Hospital Cl\u00ednic de Barcelona, Garc\u00eda-Valdecasas considera que la evoluci\u00f3n de la cirug\u00eda en las pr\u00f3ximas d\u00e9cadas la har\u00e1 a\u00fan m\u00e1s meticulosa y menos agresiva gracias a la evoluci\u00f3n de la tecnolog\u00eda laparosc\u00f3pica y rob\u00f3tica y una alternativa a\">Vinculat sempre a la <a href=\"http:\/\/www.ub.edu\" target=\"_blank\"><strong>Universitat de Barcelona<\/strong><\/a> i l&#8217;<a href=\"http:\/\/www.hospitalclinic.org\/\" target=\"_blank\"><strong>Hospital Cl\u00ednic de Barcelona<\/strong><\/a>, \u200b\u200bGarc\u00eda-Valdecasas considera que l&#8217;evoluci\u00f3 de la cirurgia en les pr\u00f2ximes d\u00e8cades la far\u00e0 encara m\u00e9s meticulosa i menys agressiva gr\u00e0cies a l&#8217;evoluci\u00f3 de la tecnologia laparosc\u00f2pica i rob\u00f2tica i una alternativa a <\/span><span title=\"los tratamientos m\u00e9dicos. \">els tractaments m\u00e8dics.<\/h3>\n<p style=\"text-align: center;\"><a href=\"http:\/\/raed.academy\/wp-content\/uploads\/2016\/03\/9747-115.jpg\" rel=\"attachment wp-att-5197\"><img loading=\"lazy\" decoding=\"async\" class=\"alignnone size-medium wp-image-5197\" src=\"http:\/\/raed.academy\/wp-content\/uploads\/2016\/03\/9747-115-300x200.jpg\" alt=\"9747-115\" width=\"300\" height=\"200\" \/><\/a><\/p>\n<h3><span id=\"result_box\" class=\"\" lang=\"ca\"><span title=\"&quot;La Cirug\u00eda ha tenido un papel en el siglo XX de absoluto protagonismo. En la actualidad sigue siendo el elemento m\u00e1s importante en la curaci\u00f3n la mayor\u00eda de las neoplasias, en lo que a mi especialidad se refiere. Sin embargo cada vez m\u00e1s est\u00e1 perdiendo su\">&#8220;La cirurgia ha tingut un paper al segle XX d&#8217;absolut protagonisme. Actualment segueix sent l&#8217;element m\u00e9s important en la curaci\u00f3 la majoria de les neopl\u00e0sies, pel que fa a la meva especialitat es refereix. Tot i aix\u00ed cada cop m\u00e9s est\u00e0 perdent la seva <\/span><span title=\"papel preponderante en beneficio del tratamiento m\u00e9dico. La quimioterapia y radioterapia actuales, nada tienen que ver con la de hace a\u00f1os. La posibilidad de desarrollar f\u00e1rmacos nuevos con una mayor eficacia, es cada vez m\u00e1s frecuente&quot;, explica en su discurso.\">paper preponderant en benefici del tractament m\u00e8dic. la quimioter\u00e0pia i radioter\u00e0pia actuals, res tenen a veure amb la de fa anys. la possibilitat de desenvolupar f\u00e0rmacs nous amb una major efic\u00e0cia, \u00e9s cada vegada m\u00e9s freq\u00fcent&#8221;, explica al seu discurs.<\/h3>\n","protected":false},"excerpt":{"rendered":"<p>El cirurgi\u00e0 Juan Carlos Garc\u00eda-Valdecasas ha repassat la seva llarga traject\u00f2ria professional i ha apuntat el futur de la cirurgia al segle XXI al seu discurs d&#8217;ingr\u00e9s com a acad\u00e8mic de n\u00famero a la Reial Acad\u00e8mia Europea de Doctors-Barcelona 1914 (RAED), que ha llegit aquesta tarda a Barcelona. A &#8220;La cirurgia digestiva del segle XXI&#8221;, [&hellip;]<\/p>\n","protected":false},"author":12,"featured_media":0,"comment_status":"open","ping_status":"open","sticky":false,"template":"","format":"standard","meta":{"_et_pb_use_builder":"","_et_pb_old_content":"","_et_gb_content_width":"","footnotes":""},"categories":[1],"tags":[],"class_list":["post-5171","post","type-post","status-publish","format-standard","hentry","category-sin-categorizar","et-doesnt-have-format-content","et_post_format-et-post-format-standard"],"yoast_head":"<!-- This site is optimized with the Yoast SEO plugin v27.4 - https:\/\/yoast.com\/product\/yoast-seo-wordpress\/ -->\n<title>15 de Mar\u00e7 2016 &gt; Juan Carlos Garc\u00eda-Valdecasas albira una cirurgia cada cop m\u00e9s meticulosa i menys preponderant - Reial Acad\u00e8mia Europea de Doctors<\/title>\n<meta name=\"robots\" content=\"index, follow, max-snippet:-1, max-image-preview:large, max-video-preview:-1\" \/>\n<link rel=\"canonical\" href=\"https:\/\/raed.academy\/ca\/juan-carlos-garcia-valdecasas-albira-una-cirurgia-cada-cop-mes-meticulosa-i-menys-preponderant\/\" \/>\n<meta property=\"og:locale\" content=\"ca_ES\" \/>\n<meta property=\"og:type\" content=\"article\" \/>\n<meta property=\"og:title\" content=\"15 de Mar\u00e7 2016 &gt; Juan Carlos Garc\u00eda-Valdecasas albira una cirurgia cada cop m\u00e9s meticulosa i menys preponderant - Reial Acad\u00e8mia Europea de Doctors\" \/>\n<meta property=\"og:description\" content=\"El cirurgi\u00e0 Juan Carlos Garc\u00eda-Valdecasas ha repassat la seva llarga traject\u00f2ria professional i ha apuntat el futur de la cirurgia al segle XXI al seu discurs d&#8217;ingr\u00e9s com a acad\u00e8mic de n\u00famero a la Reial Acad\u00e8mia Europea de Doctors-Barcelona 1914 (RAED), que ha llegit aquesta tarda a Barcelona. A &#8220;La cirurgia digestiva del segle XXI&#8221;, [&hellip;]\" \/>\n<meta property=\"og:url\" content=\"https:\/\/raed.academy\/ca\/juan-carlos-garcia-valdecasas-albira-una-cirurgia-cada-cop-mes-meticulosa-i-menys-preponderant\/\" \/>\n<meta property=\"og:site_name\" content=\"Reial Acad\u00e8mia Europea de Doctors\" \/>\n<meta property=\"article:publisher\" content=\"http:\/\/fb.me\/raed.academy\" \/>\n<meta property=\"article:published_time\" content=\"2016-03-15T09:12:12+00:00\" \/>\n<meta property=\"article:modified_time\" content=\"2017-05-19T10:27:17+00:00\" \/>\n<meta property=\"og:image\" content=\"http:\/\/raed.academy\/wp-content\/uploads\/2016\/03\/9747-072-300x200.jpg\" \/>\n<meta name=\"author\" content=\"RAED\" \/>\n<meta name=\"twitter:card\" content=\"summary_large_image\" \/>\n<meta name=\"twitter:creator\" content=\"@raedacademy\" \/>\n<meta name=\"twitter:site\" content=\"@raedacademy\" \/>\n<meta name=\"twitter:label1\" content=\"Written by\" \/>\n\t<meta name=\"twitter:data1\" content=\"RAED\" \/>\n\t<meta name=\"twitter:label2\" content=\"Est. reading time\" \/>\n\t<meta name=\"twitter:data2\" content=\"1 minute\" \/>\n<script type=\"application\/ld+json\" class=\"yoast-schema-graph\">{\"@context\":\"https:\\\/\\\/schema.org\",\"@graph\":[{\"@type\":\"Article\",\"@id\":\"https:\\\/\\\/raed.academy\\\/ca\\\/juan-carlos-garcia-valdecasas-albira-una-cirurgia-cada-cop-mes-meticulosa-i-menys-preponderant\\\/#article\",\"isPartOf\":{\"@id\":\"https:\\\/\\\/raed.academy\\\/ca\\\/juan-carlos-garcia-valdecasas-albira-una-cirurgia-cada-cop-mes-meticulosa-i-menys-preponderant\\\/\"},\"author\":{\"name\":\"RAED\",\"@id\":\"https:\\\/\\\/raed.academy\\\/ca\\\/#\\\/schema\\\/person\\\/5a755da80d1d979fd66ba745c8702927\"},\"headline\":\"15 de Mar\u00e7 2016 > Juan Carlos Garc\u00eda-Valdecasas albira una cirurgia cada cop m\u00e9s meticulosa i menys preponderant\",\"datePublished\":\"2016-03-15T09:12:12+00:00\",\"dateModified\":\"2017-05-19T10:27:17+00:00\",\"mainEntityOfPage\":{\"@id\":\"https:\\\/\\\/raed.academy\\\/ca\\\/juan-carlos-garcia-valdecasas-albira-una-cirurgia-cada-cop-mes-meticulosa-i-menys-preponderant\\\/\"},\"wordCount\":274,\"commentCount\":0,\"publisher\":{\"@id\":\"https:\\\/\\\/raed.academy\\\/ca\\\/#organization\"},\"image\":{\"@id\":\"https:\\\/\\\/raed.academy\\\/ca\\\/juan-carlos-garcia-valdecasas-albira-una-cirurgia-cada-cop-mes-meticulosa-i-menys-preponderant\\\/#primaryimage\"},\"thumbnailUrl\":\"http:\\\/\\\/raed.academy\\\/wp-content\\\/uploads\\\/2016\\\/03\\\/9747-072-300x200.jpg\",\"articleSection\":[\"Sin categorizar\"],\"inLanguage\":\"ca-ES\",\"potentialAction\":[{\"@type\":\"CommentAction\",\"name\":\"Comment\",\"target\":[\"https:\\\/\\\/raed.academy\\\/ca\\\/juan-carlos-garcia-valdecasas-albira-una-cirurgia-cada-cop-mes-meticulosa-i-menys-preponderant\\\/#respond\"]}]},{\"@type\":\"WebPage\",\"@id\":\"https:\\\/\\\/raed.academy\\\/ca\\\/juan-carlos-garcia-valdecasas-albira-una-cirurgia-cada-cop-mes-meticulosa-i-menys-preponderant\\\/\",\"url\":\"https:\\\/\\\/raed.academy\\\/ca\\\/juan-carlos-garcia-valdecasas-albira-una-cirurgia-cada-cop-mes-meticulosa-i-menys-preponderant\\\/\",\"name\":\"15 de Mar\u00e7 2016 > Juan Carlos Garc\u00eda-Valdecasas albira una cirurgia cada cop m\u00e9s meticulosa i menys preponderant - Reial Acad\u00e8mia Europea de Doctors\",\"isPartOf\":{\"@id\":\"https:\\\/\\\/raed.academy\\\/ca\\\/#website\"},\"primaryImageOfPage\":{\"@id\":\"https:\\\/\\\/raed.academy\\\/ca\\\/juan-carlos-garcia-valdecasas-albira-una-cirurgia-cada-cop-mes-meticulosa-i-menys-preponderant\\\/#primaryimage\"},\"image\":{\"@id\":\"https:\\\/\\\/raed.academy\\\/ca\\\/juan-carlos-garcia-valdecasas-albira-una-cirurgia-cada-cop-mes-meticulosa-i-menys-preponderant\\\/#primaryimage\"},\"thumbnailUrl\":\"http:\\\/\\\/raed.academy\\\/wp-content\\\/uploads\\\/2016\\\/03\\\/9747-072-300x200.jpg\",\"datePublished\":\"2016-03-15T09:12:12+00:00\",\"dateModified\":\"2017-05-19T10:27:17+00:00\",\"breadcrumb\":{\"@id\":\"https:\\\/\\\/raed.academy\\\/ca\\\/juan-carlos-garcia-valdecasas-albira-una-cirurgia-cada-cop-mes-meticulosa-i-menys-preponderant\\\/#breadcrumb\"},\"inLanguage\":\"ca-ES\",\"potentialAction\":[{\"@type\":\"ReadAction\",\"target\":[\"https:\\\/\\\/raed.academy\\\/ca\\\/juan-carlos-garcia-valdecasas-albira-una-cirurgia-cada-cop-mes-meticulosa-i-menys-preponderant\\\/\"]}]},{\"@type\":\"ImageObject\",\"inLanguage\":\"ca-ES\",\"@id\":\"https:\\\/\\\/raed.academy\\\/ca\\\/juan-carlos-garcia-valdecasas-albira-una-cirurgia-cada-cop-mes-meticulosa-i-menys-preponderant\\\/#primaryimage\",\"url\":\"http:\\\/\\\/raed.academy\\\/wp-content\\\/uploads\\\/2016\\\/03\\\/9747-072-300x200.jpg\",\"contentUrl\":\"http:\\\/\\\/raed.academy\\\/wp-content\\\/uploads\\\/2016\\\/03\\\/9747-072-300x200.jpg\"},{\"@type\":\"BreadcrumbList\",\"@id\":\"https:\\\/\\\/raed.academy\\\/ca\\\/juan-carlos-garcia-valdecasas-albira-una-cirurgia-cada-cop-mes-meticulosa-i-menys-preponderant\\\/#breadcrumb\",\"itemListElement\":[{\"@type\":\"ListItem\",\"position\":1,\"name\":\"Inicio\",\"item\":\"https:\\\/\\\/raed.academy\\\/ca\\\/\"},{\"@type\":\"ListItem\",\"position\":2,\"name\":\"15 de Mar\u00e7 2016 > Juan Carlos Garc\u00eda-Valdecasas albira una cirurgia cada cop m\u00e9s meticulosa i menys preponderant\"}]},{\"@type\":\"WebSite\",\"@id\":\"https:\\\/\\\/raed.academy\\\/ca\\\/#website\",\"url\":\"https:\\\/\\\/raed.academy\\\/ca\\\/\",\"name\":\"Reial Acad\u00e8mia Europea de Doctors\",\"description\":\"Corporaci\u00f3n de derecho p\u00fablico de car\u00e1cter cient\u00edfico, t\u00e9cnico y art\u00edstico, que tiene por objeto la investigaci\u00f3n, el estudio, el fomento y la extensi\u00f3n del conocimiento en su sentido m\u00e1s amplio\",\"publisher\":{\"@id\":\"https:\\\/\\\/raed.academy\\\/ca\\\/#organization\"},\"potentialAction\":[{\"@type\":\"SearchAction\",\"target\":{\"@type\":\"EntryPoint\",\"urlTemplate\":\"https:\\\/\\\/raed.academy\\\/ca\\\/?s={search_term_string}\"},\"query-input\":{\"@type\":\"PropertyValueSpecification\",\"valueRequired\":true,\"valueName\":\"search_term_string\"}}],\"inLanguage\":\"ca-ES\"},{\"@type\":\"Organization\",\"@id\":\"https:\\\/\\\/raed.academy\\\/ca\\\/#organization\",\"name\":\"Real Academia Europea de Doctores\",\"url\":\"https:\\\/\\\/raed.academy\\\/ca\\\/\",\"logo\":{\"@type\":\"ImageObject\",\"inLanguage\":\"ca-ES\",\"@id\":\"https:\\\/\\\/raed.academy\\\/ca\\\/#\\\/schema\\\/logo\\\/image\\\/\",\"url\":\"https:\\\/\\\/raed.academy\\\/wp-content\\\/uploads\\\/2017\\\/01\\\/cropped-logo_raed.png\",\"contentUrl\":\"https:\\\/\\\/raed.academy\\\/wp-content\\\/uploads\\\/2017\\\/01\\\/cropped-logo_raed.png\",\"width\":512,\"height\":512,\"caption\":\"Real Academia Europea de Doctores\"},\"image\":{\"@id\":\"https:\\\/\\\/raed.academy\\\/ca\\\/#\\\/schema\\\/logo\\\/image\\\/\"},\"sameAs\":[\"http:\\\/\\\/fb.me\\\/raed.academy\",\"https:\\\/\\\/x.com\\\/raedacademy\",\"https:\\\/\\\/www.instagram.com\\\/raed.academy\\\/\",\"https:\\\/\\\/www.youtube.com\\\/channel\\\/UCUYQwW2KrdirNWihxMDObwg\"]},{\"@type\":\"Person\",\"@id\":\"https:\\\/\\\/raed.academy\\\/ca\\\/#\\\/schema\\\/person\\\/5a755da80d1d979fd66ba745c8702927\",\"name\":\"RAED\",\"image\":{\"@type\":\"ImageObject\",\"inLanguage\":\"ca-ES\",\"@id\":\"https:\\\/\\\/secure.gravatar.com\\\/avatar\\\/19fdfdc0d67fb9c45714b703a2ac82251c4fcea3637f002ac3c9b74c0183583c?s=96&d=mm&r=g\",\"url\":\"https:\\\/\\\/secure.gravatar.com\\\/avatar\\\/19fdfdc0d67fb9c45714b703a2ac82251c4fcea3637f002ac3c9b74c0183583c?s=96&d=mm&r=g\",\"contentUrl\":\"https:\\\/\\\/secure.gravatar.com\\\/avatar\\\/19fdfdc0d67fb9c45714b703a2ac82251c4fcea3637f002ac3c9b74c0183583c?s=96&d=mm&r=g\",\"caption\":\"RAED\"}}]}<\/script>\n<!-- \/ Yoast SEO plugin. -->","yoast_head_json":{"title":"15 de Mar\u00e7 2016 > Juan Carlos Garc\u00eda-Valdecasas albira una cirurgia cada cop m\u00e9s meticulosa i menys preponderant - Reial Acad\u00e8mia Europea de Doctors","robots":{"index":"index","follow":"follow","max-snippet":"max-snippet:-1","max-image-preview":"max-image-preview:large","max-video-preview":"max-video-preview:-1"},"canonical":"https:\/\/raed.academy\/ca\/juan-carlos-garcia-valdecasas-albira-una-cirurgia-cada-cop-mes-meticulosa-i-menys-preponderant\/","og_locale":"ca_ES","og_type":"article","og_title":"15 de Mar\u00e7 2016 > Juan Carlos Garc\u00eda-Valdecasas albira una cirurgia cada cop m\u00e9s meticulosa i menys preponderant - Reial Acad\u00e8mia Europea de Doctors","og_description":"El cirurgi\u00e0 Juan Carlos Garc\u00eda-Valdecasas ha repassat la seva llarga traject\u00f2ria professional i ha apuntat el futur de la cirurgia al segle XXI al seu discurs d&#8217;ingr\u00e9s com a acad\u00e8mic de n\u00famero a la Reial Acad\u00e8mia Europea de Doctors-Barcelona 1914 (RAED), que ha llegit aquesta tarda a Barcelona. A &#8220;La cirurgia digestiva del segle XXI&#8221;, [&hellip;]","og_url":"https:\/\/raed.academy\/ca\/juan-carlos-garcia-valdecasas-albira-una-cirurgia-cada-cop-mes-meticulosa-i-menys-preponderant\/","og_site_name":"Reial Acad\u00e8mia Europea de Doctors","article_publisher":"http:\/\/fb.me\/raed.academy","article_published_time":"2016-03-15T09:12:12+00:00","article_modified_time":"2017-05-19T10:27:17+00:00","og_image":[{"url":"http:\/\/raed.academy\/wp-content\/uploads\/2016\/03\/9747-072-300x200.jpg","type":"","width":"","height":""}],"author":"RAED","twitter_card":"summary_large_image","twitter_creator":"@raedacademy","twitter_site":"@raedacademy","twitter_misc":{"Written by":"RAED","Est. reading time":"1 minute"},"schema":{"@context":"https:\/\/schema.org","@graph":[{"@type":"Article","@id":"https:\/\/raed.academy\/ca\/juan-carlos-garcia-valdecasas-albira-una-cirurgia-cada-cop-mes-meticulosa-i-menys-preponderant\/#article","isPartOf":{"@id":"https:\/\/raed.academy\/ca\/juan-carlos-garcia-valdecasas-albira-una-cirurgia-cada-cop-mes-meticulosa-i-menys-preponderant\/"},"author":{"name":"RAED","@id":"https:\/\/raed.academy\/ca\/#\/schema\/person\/5a755da80d1d979fd66ba745c8702927"},"headline":"15 de Mar\u00e7 2016 > Juan Carlos Garc\u00eda-Valdecasas albira una cirurgia cada cop m\u00e9s meticulosa i menys preponderant","datePublished":"2016-03-15T09:12:12+00:00","dateModified":"2017-05-19T10:27:17+00:00","mainEntityOfPage":{"@id":"https:\/\/raed.academy\/ca\/juan-carlos-garcia-valdecasas-albira-una-cirurgia-cada-cop-mes-meticulosa-i-menys-preponderant\/"},"wordCount":274,"commentCount":0,"publisher":{"@id":"https:\/\/raed.academy\/ca\/#organization"},"image":{"@id":"https:\/\/raed.academy\/ca\/juan-carlos-garcia-valdecasas-albira-una-cirurgia-cada-cop-mes-meticulosa-i-menys-preponderant\/#primaryimage"},"thumbnailUrl":"http:\/\/raed.academy\/wp-content\/uploads\/2016\/03\/9747-072-300x200.jpg","articleSection":["Sin categorizar"],"inLanguage":"ca-ES","potentialAction":[{"@type":"CommentAction","name":"Comment","target":["https:\/\/raed.academy\/ca\/juan-carlos-garcia-valdecasas-albira-una-cirurgia-cada-cop-mes-meticulosa-i-menys-preponderant\/#respond"]}]},{"@type":"WebPage","@id":"https:\/\/raed.academy\/ca\/juan-carlos-garcia-valdecasas-albira-una-cirurgia-cada-cop-mes-meticulosa-i-menys-preponderant\/","url":"https:\/\/raed.academy\/ca\/juan-carlos-garcia-valdecasas-albira-una-cirurgia-cada-cop-mes-meticulosa-i-menys-preponderant\/","name":"15 de Mar\u00e7 2016 > Juan Carlos Garc\u00eda-Valdecasas albira una cirurgia cada cop m\u00e9s meticulosa i menys preponderant - Reial Acad\u00e8mia Europea de Doctors","isPartOf":{"@id":"https:\/\/raed.academy\/ca\/#website"},"primaryImageOfPage":{"@id":"https:\/\/raed.academy\/ca\/juan-carlos-garcia-valdecasas-albira-una-cirurgia-cada-cop-mes-meticulosa-i-menys-preponderant\/#primaryimage"},"image":{"@id":"https:\/\/raed.academy\/ca\/juan-carlos-garcia-valdecasas-albira-una-cirurgia-cada-cop-mes-meticulosa-i-menys-preponderant\/#primaryimage"},"thumbnailUrl":"http:\/\/raed.academy\/wp-content\/uploads\/2016\/03\/9747-072-300x200.jpg","datePublished":"2016-03-15T09:12:12+00:00","dateModified":"2017-05-19T10:27:17+00:00","breadcrumb":{"@id":"https:\/\/raed.academy\/ca\/juan-carlos-garcia-valdecasas-albira-una-cirurgia-cada-cop-mes-meticulosa-i-menys-preponderant\/#breadcrumb"},"inLanguage":"ca-ES","potentialAction":[{"@type":"ReadAction","target":["https:\/\/raed.academy\/ca\/juan-carlos-garcia-valdecasas-albira-una-cirurgia-cada-cop-mes-meticulosa-i-menys-preponderant\/"]}]},{"@type":"ImageObject","inLanguage":"ca-ES","@id":"https:\/\/raed.academy\/ca\/juan-carlos-garcia-valdecasas-albira-una-cirurgia-cada-cop-mes-meticulosa-i-menys-preponderant\/#primaryimage","url":"http:\/\/raed.academy\/wp-content\/uploads\/2016\/03\/9747-072-300x200.jpg","contentUrl":"http:\/\/raed.academy\/wp-content\/uploads\/2016\/03\/9747-072-300x200.jpg"},{"@type":"BreadcrumbList","@id":"https:\/\/raed.academy\/ca\/juan-carlos-garcia-valdecasas-albira-una-cirurgia-cada-cop-mes-meticulosa-i-menys-preponderant\/#breadcrumb","itemListElement":[{"@type":"ListItem","position":1,"name":"Inicio","item":"https:\/\/raed.academy\/ca\/"},{"@type":"ListItem","position":2,"name":"15 de Mar\u00e7 2016 > Juan Carlos Garc\u00eda-Valdecasas albira una cirurgia cada cop m\u00e9s meticulosa i menys preponderant"}]},{"@type":"WebSite","@id":"https:\/\/raed.academy\/ca\/#website","url":"https:\/\/raed.academy\/ca\/","name":"Reial Acad\u00e8mia Europea de Doctors","description":"Corporaci\u00f3n de derecho p\u00fablico de car\u00e1cter cient\u00edfico, t\u00e9cnico y art\u00edstico, que tiene por objeto la investigaci\u00f3n, el estudio, el fomento y la extensi\u00f3n del conocimiento en su sentido m\u00e1s amplio","publisher":{"@id":"https:\/\/raed.academy\/ca\/#organization"},"potentialAction":[{"@type":"SearchAction","target":{"@type":"EntryPoint","urlTemplate":"https:\/\/raed.academy\/ca\/?s={search_term_string}"},"query-input":{"@type":"PropertyValueSpecification","valueRequired":true,"valueName":"search_term_string"}}],"inLanguage":"ca-ES"},{"@type":"Organization","@id":"https:\/\/raed.academy\/ca\/#organization","name":"Real Academia Europea de Doctores","url":"https:\/\/raed.academy\/ca\/","logo":{"@type":"ImageObject","inLanguage":"ca-ES","@id":"https:\/\/raed.academy\/ca\/#\/schema\/logo\/image\/","url":"https:\/\/raed.academy\/wp-content\/uploads\/2017\/01\/cropped-logo_raed.png","contentUrl":"https:\/\/raed.academy\/wp-content\/uploads\/2017\/01\/cropped-logo_raed.png","width":512,"height":512,"caption":"Real Academia Europea de Doctores"},"image":{"@id":"https:\/\/raed.academy\/ca\/#\/schema\/logo\/image\/"},"sameAs":["http:\/\/fb.me\/raed.academy","https:\/\/x.com\/raedacademy","https:\/\/www.instagram.com\/raed.academy\/","https:\/\/www.youtube.com\/channel\/UCUYQwW2KrdirNWihxMDObwg"]},{"@type":"Person","@id":"https:\/\/raed.academy\/ca\/#\/schema\/person\/5a755da80d1d979fd66ba745c8702927","name":"RAED","image":{"@type":"ImageObject","inLanguage":"ca-ES","@id":"https:\/\/secure.gravatar.com\/avatar\/19fdfdc0d67fb9c45714b703a2ac82251c4fcea3637f002ac3c9b74c0183583c?s=96&d=mm&r=g","url":"https:\/\/secure.gravatar.com\/avatar\/19fdfdc0d67fb9c45714b703a2ac82251c4fcea3637f002ac3c9b74c0183583c?s=96&d=mm&r=g","contentUrl":"https:\/\/secure.gravatar.com\/avatar\/19fdfdc0d67fb9c45714b703a2ac82251c4fcea3637f002ac3c9b74c0183583c?s=96&d=mm&r=g","caption":"RAED"}}]}},"_links":{"self":[{"href":"https:\/\/raed.academy\/ca\/wp-json\/wp\/v2\/posts\/5171","targetHints":{"allow":["GET"]}}],"collection":[{"href":"https:\/\/raed.academy\/ca\/wp-json\/wp\/v2\/posts"}],"about":[{"href":"https:\/\/raed.academy\/ca\/wp-json\/wp\/v2\/types\/post"}],"author":[{"embeddable":true,"href":"https:\/\/raed.academy\/ca\/wp-json\/wp\/v2\/users\/12"}],"replies":[{"embeddable":true,"href":"https:\/\/raed.academy\/ca\/wp-json\/wp\/v2\/comments?post=5171"}],"version-history":[{"count":0,"href":"https:\/\/raed.academy\/ca\/wp-json\/wp\/v2\/posts\/5171\/revisions"}],"wp:attachment":[{"href":"https:\/\/raed.academy\/ca\/wp-json\/wp\/v2\/media?parent=5171"}],"wp:term":[{"taxonomy":"category","embeddable":true,"href":"https:\/\/raed.academy\/ca\/wp-json\/wp\/v2\/categories?post=5171"},{"taxonomy":"post_tag","embeddable":true,"href":"https:\/\/raed.academy\/ca\/wp-json\/wp\/v2\/tags?post=5171"}],"curies":[{"name":"wp","href":"https:\/\/api.w.org\/{rel}","templated":true}]}}