{"id":4743,"date":"2016-02-16T19:28:45","date_gmt":"2016-02-16T19:28:45","guid":{"rendered":"http:\/\/radd.eu\/?p=4743"},"modified":"2017-05-22T08:33:38","modified_gmt":"2017-05-22T08:33:38","slug":"miguel-angel-gallo-creu-que-lexit-de-lempresa-familiar-rau-en-una-adequada-convivencia-generacional-i-en-un-relleu-sota-un-criteri-estrictament-de-gestio","status":"publish","type":"post","link":"https:\/\/raed.academy\/ca\/miguel-angel-gallo-creu-que-lexit-de-lempresa-familiar-rau-en-una-adequada-convivencia-generacional-i-en-un-relleu-sota-un-criteri-estrictament-de-gestio\/","title":{"rendered":"Miguel \u00c1ngel Gallo creu que l&#8217;\u00e8xit de l&#8217;empresa familiar rau en una adequada conviv\u00e8ncia generacional i en un relleu sota un criteri estrictament de gesti\u00f3"},"content":{"rendered":"<hr \/>\n<h3 style=\"text-align: center;\"><a href=\"http:\/\/raed.academy\/wp-content\/uploads\/2016\/02\/9731-023-1.jpg\" rel=\"attachment wp-att-4853\"><img loading=\"lazy\" decoding=\"async\" class=\"alignnone size-medium wp-image-4853\" src=\"http:\/\/raed.academy\/wp-content\/uploads\/2016\/02\/9731-023-1-300x200.jpg\" alt=\"9731-023\" width=\"300\" height=\"200\" \/><\/a><\/h3>\n<h3><strong>Miguel \u00c1ngel Gallo Laguna de Rins<\/strong>, professor em\u00e8rit d&#8217;<strong>IESE<\/strong><span title=\"Miguel \u00c1ngel Gallo Laguna de Rins, profesor em\u00e9rito de IE SE, considera que una adecuada convivencia generacional y el relevo consensuado y siempre bajo un criterio de gesti\u00f3n son las claves del \u00e9xito y la continuidad de las empresas familiares.\">, considera que una adequada conviv\u00e8ncia generacional i el relleu consensuat i sempre sota un criteri de gesti\u00f3 s\u00f3n les claus de l&#8217;\u00e8xit i la continu\u00eftat de les empreses familiars. <\/span><span title=\"En su discurso de ingreso como acad\u00e9mico de n\u00famero en la Real Academia de Doctores (RAD), &quot;Empresa familiar: \u00bfSucesi\u00f3n? \u00bfConvivencia generacional?&quot;, que ha le\u00eddo esta tarde en Barcelona, Gallo ofrece una serie de consejos para que este tipo\">En el seu discurs d&#8217;ingr\u00e9s com a acad\u00e8mic de n\u00famero a la <strong>Reial Acad\u00e8mia de Doctors<\/strong> (RAD), <strong>&#8220;Empresa familiar: \u00bfSuccessi\u00f3? \u00bfConviv\u00e8ncia generacional?&#8221;<\/strong>, que ha llegit aquesta tarda a Barcelona, \u200b\u200bGallo ofereix una s\u00e8rie de consells perqu\u00e8 aquest tipus <\/span>de societats, fonamentals a l&#8217;economia espanyola, segueixin un cam\u00ed de prosperitat i intentin superar una s\u00e8rie comuna de situacions i problemes de forma reeixida.<\/h3>\n<p style=\"text-align: center;\"><a href=\"http:\/\/raed.academy\/wp-content\/uploads\/2016\/02\/9731-038.jpg\" rel=\"attachment wp-att-4809\"><img loading=\"lazy\" decoding=\"async\" class=\"alignnone size-medium wp-image-4809\" src=\"http:\/\/raed.academy\/wp-content\/uploads\/2016\/02\/9731-038-300x200.jpg\" alt=\"9731-038\" width=\"300\" height=\"200\" \/><\/a><\/p>\n<h3><span title=\"&quot;No hay convivencia sin problemas, por eso para desarrollar la convivencia, para que \u00e9sta tenga continuidad, es necesario enfrentar con realismo y veracidad los problemas por dif\u00edciles y duros que puedan parecer, lo cual no quiere decir que no se deba hacer con toda la\">&#8220;No hi ha conviv\u00e8ncia sense problemes, d&#8217;aqu\u00ed que per desenvolupar la conviv\u00e8ncia, perqu\u00e8 aquesta tingui continu\u00eftat, cal enfrontar amb realisme i veracitat els problemes per dif\u00edcils i durs que puguin semblar, la qual cosa no vol dir que no s&#8217;hagi de fer amb tota la <\/span>prud\u00e8ncia convenient. Si els problemes no s&#8217;obren i no s&#8217;estudien no se&#8217;ls pot donar el tractament adequat &#8220;, considera el nou acad\u00e8mic.<\/h3>\n<p style=\"text-align: center;\"><a href=\"http:\/\/raed.academy\/wp-content\/uploads\/2016\/02\/9731-078.jpg\" rel=\"attachment wp-att-4816\"><img loading=\"lazy\" decoding=\"async\" class=\"alignnone size-medium wp-image-4816\" src=\"http:\/\/raed.academy\/wp-content\/uploads\/2016\/02\/9731-078-300x200.jpg\" alt=\"9731-078\" width=\"300\" height=\"200\" \/><\/a><\/p>\n<h3><span id=\"result_box\" class=\"\" lang=\"ca\"><span title=\"Ante cualquier crisis, Gallo alerta sobre los denominados &quot;pactos familiares&quot; que acaban desmembrando muchas sociedades y generando desconfianza en inversores externos: &quot;Es f\u00e1cil caer en \u00faltima tentaci\u00f3n, pero este tipo de pactos tranquilizan, pero no resuelven; pueden hacer olvidar al no permitir\">Davant de qualsevol crisi, Gallo alerta sobre els anomenats &#8220;pactes familiars&#8221; que acaben desmembrant moltes societats i generant desconfian\u00e7a en inversors externs: &#8220;\u00c9s f\u00e0cil caure en aquesta temptaci\u00f3, per\u00f2 aquest tipus de pactes tranquil\u00b7litzen, per\u00f2 no resolen i poden fer oblidar en no permetre <\/span><span title=\"ver. Pero, para convivir, siempre es necesario no enga\u00f1arse, como siempre es necesario no enga\u00f1ar.\">veure. Per\u00f2, per conviure, sempre \u00e9s necessari no enganyar-se, com sempre \u00e9s necessari no enganyar&#8221;.<\/h3>\n","protected":false},"excerpt":{"rendered":"<p>Miguel \u00c1ngel Gallo Laguna de Rins, professor em\u00e8rit d&#8217;IESE, considera que una adequada conviv\u00e8ncia generacional i el relleu consensuat i sempre sota un criteri de gesti\u00f3 s\u00f3n les claus de l&#8217;\u00e8xit i la continu\u00eftat de les empreses familiars. En el seu discurs d&#8217;ingr\u00e9s com a acad\u00e8mic de n\u00famero a la Reial Acad\u00e8mia de Doctors (RAD), [&hellip;]<\/p>\n","protected":false},"author":12,"featured_media":0,"comment_status":"closed","ping_status":"closed","sticky":false,"template":"","format":"standard","meta":{"_et_pb_use_builder":"","_et_pb_old_content":"","_et_gb_content_width":"","footnotes":""},"categories":[],"tags":[475],"class_list":["post-4743","post","type-post","status-publish","format-standard","hentry","tag-ingressos-academics","et-doesnt-have-format-content","et_post_format-et-post-format-standard"],"yoast_head":"<!-- This site is optimized with the Yoast SEO plugin v27.5 - https:\/\/yoast.com\/product\/yoast-seo-wordpress\/ -->\n<title>Miguel \u00c1ngel Gallo creu que l&#039;\u00e8xit de l&#039;empresa familiar rau en una adequada conviv\u00e8ncia generacional i en un relleu sota un criteri estrictament de gesti\u00f3 - Reial Acad\u00e8mia Europea de Doctors<\/title>\n<meta name=\"robots\" content=\"index, follow, max-snippet:-1, max-image-preview:large, max-video-preview:-1\" \/>\n<link rel=\"canonical\" href=\"https:\/\/raed.academy\/ca\/miguel-angel-gallo-creu-que-lexit-de-lempresa-familiar-rau-en-una-adequada-convivencia-generacional-i-en-un-relleu-sota-un-criteri-estrictament-de-gestio\/\" \/>\n<meta property=\"og:locale\" content=\"ca_ES\" \/>\n<meta property=\"og:type\" content=\"article\" \/>\n<meta property=\"og:title\" content=\"Miguel \u00c1ngel Gallo creu que l&#039;\u00e8xit de l&#039;empresa familiar rau en una adequada conviv\u00e8ncia generacional i en un relleu sota un criteri estrictament de gesti\u00f3 - Reial Acad\u00e8mia Europea de Doctors\" \/>\n<meta property=\"og:description\" content=\"Miguel \u00c1ngel Gallo Laguna de Rins, professor em\u00e8rit d&#8217;IESE, considera que una adequada conviv\u00e8ncia generacional i el relleu consensuat i sempre sota un criteri de gesti\u00f3 s\u00f3n les claus de l&#8217;\u00e8xit i la continu\u00eftat de les empreses familiars. En el seu discurs d&#8217;ingr\u00e9s com a acad\u00e8mic de n\u00famero a la Reial Acad\u00e8mia de Doctors (RAD), [&hellip;]\" \/>\n<meta property=\"og:url\" content=\"https:\/\/raed.academy\/ca\/miguel-angel-gallo-creu-que-lexit-de-lempresa-familiar-rau-en-una-adequada-convivencia-generacional-i-en-un-relleu-sota-un-criteri-estrictament-de-gestio\/\" \/>\n<meta property=\"og:site_name\" content=\"Reial Acad\u00e8mia Europea de Doctors\" \/>\n<meta property=\"article:publisher\" content=\"http:\/\/fb.me\/raed.academy\" \/>\n<meta property=\"article:published_time\" content=\"2016-02-16T19:28:45+00:00\" \/>\n<meta property=\"article:modified_time\" content=\"2017-05-22T08:33:38+00:00\" \/>\n<meta property=\"og:image\" content=\"http:\/\/raed.academy\/wp-content\/uploads\/2016\/02\/9731-023-1-300x200.jpg\" \/>\n<meta name=\"author\" content=\"RAED\" \/>\n<meta name=\"twitter:card\" content=\"summary_large_image\" \/>\n<meta name=\"twitter:creator\" content=\"@raedacademy\" \/>\n<meta name=\"twitter:site\" content=\"@raedacademy\" \/>\n<meta name=\"twitter:label1\" content=\"Written by\" \/>\n\t<meta name=\"twitter:data1\" content=\"RAED\" \/>\n\t<meta name=\"twitter:label2\" content=\"Est. reading time\" \/>\n\t<meta name=\"twitter:data2\" content=\"1 minute\" \/>\n<script type=\"application\/ld+json\" class=\"yoast-schema-graph\">{\"@context\":\"https:\\\/\\\/schema.org\",\"@graph\":[{\"@type\":\"Article\",\"@id\":\"https:\\\/\\\/raed.academy\\\/ca\\\/miguel-angel-gallo-creu-que-lexit-de-lempresa-familiar-rau-en-una-adequada-convivencia-generacional-i-en-un-relleu-sota-un-criteri-estrictament-de-gestio\\\/#article\",\"isPartOf\":{\"@id\":\"https:\\\/\\\/raed.academy\\\/ca\\\/miguel-angel-gallo-creu-que-lexit-de-lempresa-familiar-rau-en-una-adequada-convivencia-generacional-i-en-un-relleu-sota-un-criteri-estrictament-de-gestio\\\/\"},\"author\":{\"name\":\"RAED\",\"@id\":\"https:\\\/\\\/raed.academy\\\/ca\\\/#\\\/schema\\\/person\\\/5a755da80d1d979fd66ba745c8702927\"},\"headline\":\"Miguel \u00c1ngel Gallo creu que l&#8217;\u00e8xit de l&#8217;empresa familiar rau en una adequada conviv\u00e8ncia generacional i en un relleu sota un criteri estrictament de gesti\u00f3\",\"datePublished\":\"2016-02-16T19:28:45+00:00\",\"dateModified\":\"2017-05-22T08:33:38+00:00\",\"mainEntityOfPage\":{\"@id\":\"https:\\\/\\\/raed.academy\\\/ca\\\/miguel-angel-gallo-creu-que-lexit-de-lempresa-familiar-rau-en-una-adequada-convivencia-generacional-i-en-un-relleu-sota-un-criteri-estrictament-de-gestio\\\/\"},\"wordCount\":282,\"publisher\":{\"@id\":\"https:\\\/\\\/raed.academy\\\/ca\\\/#organization\"},\"image\":{\"@id\":\"https:\\\/\\\/raed.academy\\\/ca\\\/miguel-angel-gallo-creu-que-lexit-de-lempresa-familiar-rau-en-una-adequada-convivencia-generacional-i-en-un-relleu-sota-un-criteri-estrictament-de-gestio\\\/#primaryimage\"},\"thumbnailUrl\":\"http:\\\/\\\/raed.academy\\\/wp-content\\\/uploads\\\/2016\\\/02\\\/9731-023-1-300x200.jpg\",\"keywords\":[\"Ingressos acad\u00e8mics\"],\"inLanguage\":\"ca-ES\"},{\"@type\":\"WebPage\",\"@id\":\"https:\\\/\\\/raed.academy\\\/ca\\\/miguel-angel-gallo-creu-que-lexit-de-lempresa-familiar-rau-en-una-adequada-convivencia-generacional-i-en-un-relleu-sota-un-criteri-estrictament-de-gestio\\\/\",\"url\":\"https:\\\/\\\/raed.academy\\\/ca\\\/miguel-angel-gallo-creu-que-lexit-de-lempresa-familiar-rau-en-una-adequada-convivencia-generacional-i-en-un-relleu-sota-un-criteri-estrictament-de-gestio\\\/\",\"name\":\"Miguel \u00c1ngel Gallo creu que l'\u00e8xit de l'empresa familiar rau en una adequada conviv\u00e8ncia generacional i en un relleu sota un criteri estrictament de gesti\u00f3 - Reial Acad\u00e8mia Europea de Doctors\",\"isPartOf\":{\"@id\":\"https:\\\/\\\/raed.academy\\\/ca\\\/#website\"},\"primaryImageOfPage\":{\"@id\":\"https:\\\/\\\/raed.academy\\\/ca\\\/miguel-angel-gallo-creu-que-lexit-de-lempresa-familiar-rau-en-una-adequada-convivencia-generacional-i-en-un-relleu-sota-un-criteri-estrictament-de-gestio\\\/#primaryimage\"},\"image\":{\"@id\":\"https:\\\/\\\/raed.academy\\\/ca\\\/miguel-angel-gallo-creu-que-lexit-de-lempresa-familiar-rau-en-una-adequada-convivencia-generacional-i-en-un-relleu-sota-un-criteri-estrictament-de-gestio\\\/#primaryimage\"},\"thumbnailUrl\":\"http:\\\/\\\/raed.academy\\\/wp-content\\\/uploads\\\/2016\\\/02\\\/9731-023-1-300x200.jpg\",\"datePublished\":\"2016-02-16T19:28:45+00:00\",\"dateModified\":\"2017-05-22T08:33:38+00:00\",\"breadcrumb\":{\"@id\":\"https:\\\/\\\/raed.academy\\\/ca\\\/miguel-angel-gallo-creu-que-lexit-de-lempresa-familiar-rau-en-una-adequada-convivencia-generacional-i-en-un-relleu-sota-un-criteri-estrictament-de-gestio\\\/#breadcrumb\"},\"inLanguage\":\"ca-ES\",\"potentialAction\":[{\"@type\":\"ReadAction\",\"target\":[\"https:\\\/\\\/raed.academy\\\/ca\\\/miguel-angel-gallo-creu-que-lexit-de-lempresa-familiar-rau-en-una-adequada-convivencia-generacional-i-en-un-relleu-sota-un-criteri-estrictament-de-gestio\\\/\"]}]},{\"@type\":\"ImageObject\",\"inLanguage\":\"ca-ES\",\"@id\":\"https:\\\/\\\/raed.academy\\\/ca\\\/miguel-angel-gallo-creu-que-lexit-de-lempresa-familiar-rau-en-una-adequada-convivencia-generacional-i-en-un-relleu-sota-un-criteri-estrictament-de-gestio\\\/#primaryimage\",\"url\":\"http:\\\/\\\/raed.academy\\\/wp-content\\\/uploads\\\/2016\\\/02\\\/9731-023-1-300x200.jpg\",\"contentUrl\":\"http:\\\/\\\/raed.academy\\\/wp-content\\\/uploads\\\/2016\\\/02\\\/9731-023-1-300x200.jpg\"},{\"@type\":\"BreadcrumbList\",\"@id\":\"https:\\\/\\\/raed.academy\\\/ca\\\/miguel-angel-gallo-creu-que-lexit-de-lempresa-familiar-rau-en-una-adequada-convivencia-generacional-i-en-un-relleu-sota-un-criteri-estrictament-de-gestio\\\/#breadcrumb\",\"itemListElement\":[{\"@type\":\"ListItem\",\"position\":1,\"name\":\"Inicio\",\"item\":\"https:\\\/\\\/raed.academy\\\/ca\\\/\"},{\"@type\":\"ListItem\",\"position\":2,\"name\":\"Miguel \u00c1ngel Gallo creu que l&#8217;\u00e8xit de l&#8217;empresa familiar rau en una adequada conviv\u00e8ncia generacional i en un relleu sota un criteri estrictament de gesti\u00f3\"}]},{\"@type\":\"WebSite\",\"@id\":\"https:\\\/\\\/raed.academy\\\/ca\\\/#website\",\"url\":\"https:\\\/\\\/raed.academy\\\/ca\\\/\",\"name\":\"Reial Acad\u00e8mia Europea de Doctors\",\"description\":\"Corporaci\u00f3n de derecho p\u00fablico de car\u00e1cter cient\u00edfico, t\u00e9cnico y art\u00edstico, que tiene por objeto la investigaci\u00f3n, el estudio, el fomento y la extensi\u00f3n del conocimiento en su sentido m\u00e1s amplio\",\"publisher\":{\"@id\":\"https:\\\/\\\/raed.academy\\\/ca\\\/#organization\"},\"potentialAction\":[{\"@type\":\"SearchAction\",\"target\":{\"@type\":\"EntryPoint\",\"urlTemplate\":\"https:\\\/\\\/raed.academy\\\/ca\\\/?s={search_term_string}\"},\"query-input\":{\"@type\":\"PropertyValueSpecification\",\"valueRequired\":true,\"valueName\":\"search_term_string\"}}],\"inLanguage\":\"ca-ES\"},{\"@type\":\"Organization\",\"@id\":\"https:\\\/\\\/raed.academy\\\/ca\\\/#organization\",\"name\":\"Real Academia Europea de Doctores\",\"url\":\"https:\\\/\\\/raed.academy\\\/ca\\\/\",\"logo\":{\"@type\":\"ImageObject\",\"inLanguage\":\"ca-ES\",\"@id\":\"https:\\\/\\\/raed.academy\\\/ca\\\/#\\\/schema\\\/logo\\\/image\\\/\",\"url\":\"https:\\\/\\\/raed.academy\\\/wp-content\\\/uploads\\\/2017\\\/01\\\/cropped-logo_raed.png\",\"contentUrl\":\"https:\\\/\\\/raed.academy\\\/wp-content\\\/uploads\\\/2017\\\/01\\\/cropped-logo_raed.png\",\"width\":512,\"height\":512,\"caption\":\"Real Academia Europea de Doctores\"},\"image\":{\"@id\":\"https:\\\/\\\/raed.academy\\\/ca\\\/#\\\/schema\\\/logo\\\/image\\\/\"},\"sameAs\":[\"http:\\\/\\\/fb.me\\\/raed.academy\",\"https:\\\/\\\/x.com\\\/raedacademy\",\"https:\\\/\\\/www.instagram.com\\\/raed.academy\\\/\",\"https:\\\/\\\/www.youtube.com\\\/channel\\\/UCUYQwW2KrdirNWihxMDObwg\"]},{\"@type\":\"Person\",\"@id\":\"https:\\\/\\\/raed.academy\\\/ca\\\/#\\\/schema\\\/person\\\/5a755da80d1d979fd66ba745c8702927\",\"name\":\"RAED\",\"image\":{\"@type\":\"ImageObject\",\"inLanguage\":\"ca-ES\",\"@id\":\"https:\\\/\\\/secure.gravatar.com\\\/avatar\\\/19fdfdc0d67fb9c45714b703a2ac82251c4fcea3637f002ac3c9b74c0183583c?s=96&d=mm&r=g\",\"url\":\"https:\\\/\\\/secure.gravatar.com\\\/avatar\\\/19fdfdc0d67fb9c45714b703a2ac82251c4fcea3637f002ac3c9b74c0183583c?s=96&d=mm&r=g\",\"contentUrl\":\"https:\\\/\\\/secure.gravatar.com\\\/avatar\\\/19fdfdc0d67fb9c45714b703a2ac82251c4fcea3637f002ac3c9b74c0183583c?s=96&d=mm&r=g\",\"caption\":\"RAED\"}}]}<\/script>\n<!-- \/ Yoast SEO plugin. -->","yoast_head_json":{"title":"Miguel \u00c1ngel Gallo creu que l'\u00e8xit de l'empresa familiar rau en una adequada conviv\u00e8ncia generacional i en un relleu sota un criteri estrictament de gesti\u00f3 - Reial Acad\u00e8mia Europea de Doctors","robots":{"index":"index","follow":"follow","max-snippet":"max-snippet:-1","max-image-preview":"max-image-preview:large","max-video-preview":"max-video-preview:-1"},"canonical":"https:\/\/raed.academy\/ca\/miguel-angel-gallo-creu-que-lexit-de-lempresa-familiar-rau-en-una-adequada-convivencia-generacional-i-en-un-relleu-sota-un-criteri-estrictament-de-gestio\/","og_locale":"ca_ES","og_type":"article","og_title":"Miguel \u00c1ngel Gallo creu que l'\u00e8xit de l'empresa familiar rau en una adequada conviv\u00e8ncia generacional i en un relleu sota un criteri estrictament de gesti\u00f3 - Reial Acad\u00e8mia Europea de Doctors","og_description":"Miguel \u00c1ngel Gallo Laguna de Rins, professor em\u00e8rit d&#8217;IESE, considera que una adequada conviv\u00e8ncia generacional i el relleu consensuat i sempre sota un criteri de gesti\u00f3 s\u00f3n les claus de l&#8217;\u00e8xit i la continu\u00eftat de les empreses familiars. En el seu discurs d&#8217;ingr\u00e9s com a acad\u00e8mic de n\u00famero a la Reial Acad\u00e8mia de Doctors (RAD), [&hellip;]","og_url":"https:\/\/raed.academy\/ca\/miguel-angel-gallo-creu-que-lexit-de-lempresa-familiar-rau-en-una-adequada-convivencia-generacional-i-en-un-relleu-sota-un-criteri-estrictament-de-gestio\/","og_site_name":"Reial Acad\u00e8mia Europea de Doctors","article_publisher":"http:\/\/fb.me\/raed.academy","article_published_time":"2016-02-16T19:28:45+00:00","article_modified_time":"2017-05-22T08:33:38+00:00","og_image":[{"url":"http:\/\/raed.academy\/wp-content\/uploads\/2016\/02\/9731-023-1-300x200.jpg","type":"","width":"","height":""}],"author":"RAED","twitter_card":"summary_large_image","twitter_creator":"@raedacademy","twitter_site":"@raedacademy","twitter_misc":{"Written by":"RAED","Est. reading time":"1 minute"},"schema":{"@context":"https:\/\/schema.org","@graph":[{"@type":"Article","@id":"https:\/\/raed.academy\/ca\/miguel-angel-gallo-creu-que-lexit-de-lempresa-familiar-rau-en-una-adequada-convivencia-generacional-i-en-un-relleu-sota-un-criteri-estrictament-de-gestio\/#article","isPartOf":{"@id":"https:\/\/raed.academy\/ca\/miguel-angel-gallo-creu-que-lexit-de-lempresa-familiar-rau-en-una-adequada-convivencia-generacional-i-en-un-relleu-sota-un-criteri-estrictament-de-gestio\/"},"author":{"name":"RAED","@id":"https:\/\/raed.academy\/ca\/#\/schema\/person\/5a755da80d1d979fd66ba745c8702927"},"headline":"Miguel \u00c1ngel Gallo creu que l&#8217;\u00e8xit de l&#8217;empresa familiar rau en una adequada conviv\u00e8ncia generacional i en un relleu sota un criteri estrictament de gesti\u00f3","datePublished":"2016-02-16T19:28:45+00:00","dateModified":"2017-05-22T08:33:38+00:00","mainEntityOfPage":{"@id":"https:\/\/raed.academy\/ca\/miguel-angel-gallo-creu-que-lexit-de-lempresa-familiar-rau-en-una-adequada-convivencia-generacional-i-en-un-relleu-sota-un-criteri-estrictament-de-gestio\/"},"wordCount":282,"publisher":{"@id":"https:\/\/raed.academy\/ca\/#organization"},"image":{"@id":"https:\/\/raed.academy\/ca\/miguel-angel-gallo-creu-que-lexit-de-lempresa-familiar-rau-en-una-adequada-convivencia-generacional-i-en-un-relleu-sota-un-criteri-estrictament-de-gestio\/#primaryimage"},"thumbnailUrl":"http:\/\/raed.academy\/wp-content\/uploads\/2016\/02\/9731-023-1-300x200.jpg","keywords":["Ingressos acad\u00e8mics"],"inLanguage":"ca-ES"},{"@type":"WebPage","@id":"https:\/\/raed.academy\/ca\/miguel-angel-gallo-creu-que-lexit-de-lempresa-familiar-rau-en-una-adequada-convivencia-generacional-i-en-un-relleu-sota-un-criteri-estrictament-de-gestio\/","url":"https:\/\/raed.academy\/ca\/miguel-angel-gallo-creu-que-lexit-de-lempresa-familiar-rau-en-una-adequada-convivencia-generacional-i-en-un-relleu-sota-un-criteri-estrictament-de-gestio\/","name":"Miguel \u00c1ngel Gallo creu que l'\u00e8xit de l'empresa familiar rau en una adequada conviv\u00e8ncia generacional i en un relleu sota un criteri estrictament de gesti\u00f3 - Reial Acad\u00e8mia Europea de Doctors","isPartOf":{"@id":"https:\/\/raed.academy\/ca\/#website"},"primaryImageOfPage":{"@id":"https:\/\/raed.academy\/ca\/miguel-angel-gallo-creu-que-lexit-de-lempresa-familiar-rau-en-una-adequada-convivencia-generacional-i-en-un-relleu-sota-un-criteri-estrictament-de-gestio\/#primaryimage"},"image":{"@id":"https:\/\/raed.academy\/ca\/miguel-angel-gallo-creu-que-lexit-de-lempresa-familiar-rau-en-una-adequada-convivencia-generacional-i-en-un-relleu-sota-un-criteri-estrictament-de-gestio\/#primaryimage"},"thumbnailUrl":"http:\/\/raed.academy\/wp-content\/uploads\/2016\/02\/9731-023-1-300x200.jpg","datePublished":"2016-02-16T19:28:45+00:00","dateModified":"2017-05-22T08:33:38+00:00","breadcrumb":{"@id":"https:\/\/raed.academy\/ca\/miguel-angel-gallo-creu-que-lexit-de-lempresa-familiar-rau-en-una-adequada-convivencia-generacional-i-en-un-relleu-sota-un-criteri-estrictament-de-gestio\/#breadcrumb"},"inLanguage":"ca-ES","potentialAction":[{"@type":"ReadAction","target":["https:\/\/raed.academy\/ca\/miguel-angel-gallo-creu-que-lexit-de-lempresa-familiar-rau-en-una-adequada-convivencia-generacional-i-en-un-relleu-sota-un-criteri-estrictament-de-gestio\/"]}]},{"@type":"ImageObject","inLanguage":"ca-ES","@id":"https:\/\/raed.academy\/ca\/miguel-angel-gallo-creu-que-lexit-de-lempresa-familiar-rau-en-una-adequada-convivencia-generacional-i-en-un-relleu-sota-un-criteri-estrictament-de-gestio\/#primaryimage","url":"http:\/\/raed.academy\/wp-content\/uploads\/2016\/02\/9731-023-1-300x200.jpg","contentUrl":"http:\/\/raed.academy\/wp-content\/uploads\/2016\/02\/9731-023-1-300x200.jpg"},{"@type":"BreadcrumbList","@id":"https:\/\/raed.academy\/ca\/miguel-angel-gallo-creu-que-lexit-de-lempresa-familiar-rau-en-una-adequada-convivencia-generacional-i-en-un-relleu-sota-un-criteri-estrictament-de-gestio\/#breadcrumb","itemListElement":[{"@type":"ListItem","position":1,"name":"Inicio","item":"https:\/\/raed.academy\/ca\/"},{"@type":"ListItem","position":2,"name":"Miguel \u00c1ngel Gallo creu que l&#8217;\u00e8xit de l&#8217;empresa familiar rau en una adequada conviv\u00e8ncia generacional i en un relleu sota un criteri estrictament de gesti\u00f3"}]},{"@type":"WebSite","@id":"https:\/\/raed.academy\/ca\/#website","url":"https:\/\/raed.academy\/ca\/","name":"Reial Acad\u00e8mia Europea de Doctors","description":"Corporaci\u00f3n de derecho p\u00fablico de car\u00e1cter cient\u00edfico, t\u00e9cnico y art\u00edstico, que tiene por objeto la investigaci\u00f3n, el estudio, el fomento y la extensi\u00f3n del conocimiento en su sentido m\u00e1s amplio","publisher":{"@id":"https:\/\/raed.academy\/ca\/#organization"},"potentialAction":[{"@type":"SearchAction","target":{"@type":"EntryPoint","urlTemplate":"https:\/\/raed.academy\/ca\/?s={search_term_string}"},"query-input":{"@type":"PropertyValueSpecification","valueRequired":true,"valueName":"search_term_string"}}],"inLanguage":"ca-ES"},{"@type":"Organization","@id":"https:\/\/raed.academy\/ca\/#organization","name":"Real Academia Europea de Doctores","url":"https:\/\/raed.academy\/ca\/","logo":{"@type":"ImageObject","inLanguage":"ca-ES","@id":"https:\/\/raed.academy\/ca\/#\/schema\/logo\/image\/","url":"https:\/\/raed.academy\/wp-content\/uploads\/2017\/01\/cropped-logo_raed.png","contentUrl":"https:\/\/raed.academy\/wp-content\/uploads\/2017\/01\/cropped-logo_raed.png","width":512,"height":512,"caption":"Real Academia Europea de Doctores"},"image":{"@id":"https:\/\/raed.academy\/ca\/#\/schema\/logo\/image\/"},"sameAs":["http:\/\/fb.me\/raed.academy","https:\/\/x.com\/raedacademy","https:\/\/www.instagram.com\/raed.academy\/","https:\/\/www.youtube.com\/channel\/UCUYQwW2KrdirNWihxMDObwg"]},{"@type":"Person","@id":"https:\/\/raed.academy\/ca\/#\/schema\/person\/5a755da80d1d979fd66ba745c8702927","name":"RAED","image":{"@type":"ImageObject","inLanguage":"ca-ES","@id":"https:\/\/secure.gravatar.com\/avatar\/19fdfdc0d67fb9c45714b703a2ac82251c4fcea3637f002ac3c9b74c0183583c?s=96&d=mm&r=g","url":"https:\/\/secure.gravatar.com\/avatar\/19fdfdc0d67fb9c45714b703a2ac82251c4fcea3637f002ac3c9b74c0183583c?s=96&d=mm&r=g","contentUrl":"https:\/\/secure.gravatar.com\/avatar\/19fdfdc0d67fb9c45714b703a2ac82251c4fcea3637f002ac3c9b74c0183583c?s=96&d=mm&r=g","caption":"RAED"}}]}},"_links":{"self":[{"href":"https:\/\/raed.academy\/ca\/wp-json\/wp\/v2\/posts\/4743","targetHints":{"allow":["GET"]}}],"collection":[{"href":"https:\/\/raed.academy\/ca\/wp-json\/wp\/v2\/posts"}],"about":[{"href":"https:\/\/raed.academy\/ca\/wp-json\/wp\/v2\/types\/post"}],"author":[{"embeddable":true,"href":"https:\/\/raed.academy\/ca\/wp-json\/wp\/v2\/users\/12"}],"replies":[{"embeddable":true,"href":"https:\/\/raed.academy\/ca\/wp-json\/wp\/v2\/comments?post=4743"}],"version-history":[{"count":0,"href":"https:\/\/raed.academy\/ca\/wp-json\/wp\/v2\/posts\/4743\/revisions"}],"wp:attachment":[{"href":"https:\/\/raed.academy\/ca\/wp-json\/wp\/v2\/media?parent=4743"}],"wp:term":[{"taxonomy":"category","embeddable":true,"href":"https:\/\/raed.academy\/ca\/wp-json\/wp\/v2\/categories?post=4743"},{"taxonomy":"post_tag","embeddable":true,"href":"https:\/\/raed.academy\/ca\/wp-json\/wp\/v2\/tags?post=4743"}],"curies":[{"name":"wp","href":"https:\/\/api.w.org\/{rel}","templated":true}]}}