{"id":46352,"date":"2018-06-05T10:21:25","date_gmt":"2018-06-05T10:21:25","guid":{"rendered":"http:\/\/raed.academy\/?p=46352"},"modified":"2018-06-06T14:07:37","modified_gmt":"2018-06-06T14:07:37","slug":"educacio-tecnologia-enginyeria","status":"publish","type":"post","link":"https:\/\/raed.academy\/ca\/educacio-tecnologia-enginyeria\/","title":{"rendered":"Aprovat just en ensenyaments t\u00e8cnics"},"content":{"rendered":"<h2>La Secci\u00f3 de Ci\u00e8ncies Tecnol\u00f2giques de la RAED va celebrar un debat sobre els estudis en Enginyeria a Espanya<\/h2>\n<p><img loading=\"lazy\" decoding=\"async\" class=\"alignleft wp-image-46376\" src=\"http:\/\/raed.academy\/wp-content\/uploads\/2018\/06\/Debate-La-educacion-en-Tecnologia-La-ense\u00f1anza-de-la-ingenier\u00eda-1.jpg\" alt=\"Debate &quot;La educacion en Tecnologia La ense\u00f1anza de la ingenier\u00eda\" width=\"600\" height=\"400\" srcset=\"https:\/\/raed.academy\/wp-content\/uploads\/2018\/06\/Debate-La-educacion-en-Tecnologia-La-ense\u00f1anza-de-la-ingenier\u00eda-1.jpg 800w, https:\/\/raed.academy\/wp-content\/uploads\/2018\/06\/Debate-La-educacion-en-Tecnologia-La-ense\u00f1anza-de-la-ingenier\u00eda-1-768x512.jpg 768w\" sizes=\"(max-width: 600px) 100vw, 600px\" \/>La <strong>Secci\u00f3 de Ci\u00e8ncies Tecnol\u00f2giques<\/strong> de la <strong>Reial Acad\u00e8mia Europea de Doctors-Barcelona 1914<\/strong> (RAED) va organitzar dimarts passat, 5 de juny, al Sal\u00f3 d&#8217;Actes de <a href=\"http:\/\/www.foment.com\" target=\"_blank\" rel=\"noopener\"><strong>Foment del Treball<\/strong><\/a> el debat <strong>&#8220;L&#8217;educaci\u00f3 en Tecnologia. L&#8217;ensenyament de l&#8217;Enginyeria: un model en revisi\u00f3 a Espanya&#8221;<\/strong>. La sessi\u00f3 va estar condu\u00efda i moderada per <a href=\"http:\/\/raed.academy\/en\/academicians\/dr-jaime-rodrigo-de-larrucea\/\" target=\"_blank\" rel=\"noopener\"><strong>Jaime Rodrigo de Larrucea<\/strong><\/a>, professor de Dret Mar\u00edtim de la <a href=\"http:\/\/www.upc.cat\" target=\"_blank\" rel=\"noopener\"><strong>Universitat Polit\u00e8cnica de Catalunya<\/strong><\/a> (UPC), acad\u00e8mic de n\u00famero de la RAED i president de la Secci\u00f3 de Ci\u00e8ncies Tecnol\u00f2giques, i va comptar amb la participaci\u00f3 d&#8217;<a href=\"http:\/\/raed.academy\/ca\/academics\/dr-eugenio-onate-ibanez-de-navarra\/\" target=\"_blank\" rel=\"noopener\"><strong>Eugenio O\u00f1ate<\/strong><\/a>, catedr\u00e0tic de l&#8217;<a href=\"http:\/\/camins.upc.edu\" target=\"_blank\" rel=\"noopener\"><strong>Escola T\u00e8cnica Superior d&#8217;Enginyeria de Camins, Canals i Ports<\/strong><\/a> de la UPC, director del <a href=\"http:\/\/www.cimne.com\/\" target=\"_blank\" rel=\"noopener\"><strong>Centre Internacional de M\u00e8todes Num\u00e8rics en Enginyeria de Catalunya<\/strong><\/a> i vicepresident de la Junta de Govern de la RAED; <a href=\"http:\/\/raed.academy\/ca\/academics\/dr-javier-gil-mur\/\" target=\"_blank\" rel=\"noopener\"><strong>Javier Gil Mur<\/strong><\/a>, rector de la <a href=\"http:\/\/www.uic.es\" target=\"_blank\" rel=\"noopener\"><strong>Universitat Internacional de Catalunya<\/strong><\/a>, catedr\u00e0tic d&#8217;Enginyeria dels Materials i acad\u00e8mic de n\u00famero de la RAED, i <a href=\"http:\/\/raed.academy\/ca\/academics\/dr-lluis-vicent-safont\/\" target=\"_blank\" rel=\"noopener\"><strong>Llu\u00eds Vicent<\/strong><\/a>, exrector de la <a href=\"http:\/\/www.uols.org\" target=\"_blank\" rel=\"noopener\"><strong>Universitat Oberta Lasalle<\/strong><\/a> d&#8217;Andorra, doctor en Enginyeria de Telecomunicacions i acad\u00e8mic de n\u00famero de la RAED.<\/p>\n<p>Despr\u00e9s d&#8217;una breu presentaci\u00f3 dels ponents, Rodrigo de Larrucea va fer una exposici\u00f3 panor\u00e0mica del model d&#8217;ensenyaments t\u00e8cnics a Espanya, detenint-se en el model napole\u00f2nic del segle XIX, la llei d&#8217;Ensenyaments T\u00e8cnics de 1970 i la recent implantaci\u00f3 del model Bolonya i la seva implementaci\u00f3 actual. O\u00f1ate, per la seva banda, va insistir en el valor de la formaci\u00f3 b\u00e0sica integral i en el millor moment per adquirir-la. Aix\u00ed mateix va alertar del perill que la universitat quedi descavalcada del m\u00f3n de la innovaci\u00f3 en un context de r\u00e0pids aven\u00e7os tecnol\u00f2gics.<\/p>\n<p>Gil Mur va plantejar els aspectes cr\u00edtics del futur de les enginyeries i els nous llindars del saber t\u00e8cnic, aix\u00ed com la necessitat d&#8217;una bona base generalista i la import\u00e0ncia d&#8217;un coneixement transversal, que combini diferents especialitats. En aquest mateix sentit va destacar la rellev\u00e0ncia de la interconnexi\u00f3 entre universitat i empresa i la necess\u00e0ria connexi\u00f3 entre ci\u00e8ncia i t\u00e8cnica. Vicent va fer una exposici\u00f3 sobre el model d&#8217;ensenyament en Estats Units, molt m\u00e9s generalista i aplicat que al nostre pa\u00eds, que no obstant aix\u00f2 t\u00e9 un nivell cient\u00edfic i t\u00e8cnic superior. Va destacar igualment la dada sorprenent que gran part dels directius de les grans empreses tecnol\u00f2giques no tinguin formaci\u00f3 t\u00e8cnica, sin\u00f3 humanista.<\/p>\n<p>La jornada va finalitzar amb un animat debat en el qual es va plantejar la necessitat de formular un document, amb les principals conclusions de la jornada, dirigit a les institucions implicades: Administraci\u00f3, universitats, col\u00b7legis professionals i d&#8217;altres organismes vinculats als estudis tecnol\u00f2gics.<\/p>\n\n\t\t<style type=\"text\/css\">\n\t\t\t#gallery-1 {\n\t\t\t\tmargin: auto;\n\t\t\t}\n\t\t\t#gallery-1 .gallery-item {\n\t\t\t\tfloat: left;\n\t\t\t\tmargin-top: 10px;\n\t\t\t\ttext-align: center;\n\t\t\t\twidth: 25%;\n\t\t\t}\n\t\t\t#gallery-1 img {\n\t\t\t\tborder: 2px solid #cfcfcf;\n\t\t\t}\n\t\t\t#gallery-1 .gallery-caption {\n\t\t\t\tmargin-left: 0;\n\t\t\t}\n\t\t\t\/* see gallery_shortcode() in wp-includes\/media.php *\/\n\t\t<\/style>\n\t\t<div id='gallery-1' class='gallery galleryid-46352 gallery-columns-4 gallery-size-medium'><dl class='gallery-item'>\n\t\t\t<dt class='gallery-icon landscape'>\n\t\t\t\t<a href='https:\/\/raed.academy\/wp-content\/uploads\/2018\/06\/Debate-La-educacion-en-Tecnologia-Dr-Eugenio-O\u00f1ate-Iba\u00f1ez-de-Navarra-4.jpg'><img loading=\"lazy\" decoding=\"async\" width=\"800\" height=\"533\" src=\"https:\/\/raed.academy\/wp-content\/uploads\/2018\/06\/Debate-La-educacion-en-Tecnologia-Dr-Eugenio-O\u00f1ate-Iba\u00f1ez-de-Navarra-4.jpg\" class=\"attachment-medium size-medium\" alt=\"\" aria-describedby=\"gallery-1-54919\" srcset=\"https:\/\/raed.academy\/wp-content\/uploads\/2018\/06\/Debate-La-educacion-en-Tecnologia-Dr-Eugenio-O\u00f1ate-Iba\u00f1ez-de-Navarra-4.jpg 800w, https:\/\/raed.academy\/wp-content\/uploads\/2018\/06\/Debate-La-educacion-en-Tecnologia-Dr-Eugenio-O\u00f1ate-Iba\u00f1ez-de-Navarra-4-768x512.jpg 768w\" sizes=\"(max-width: 800px) 100vw, 800px\" \/><\/a>\n\t\t\t<\/dt>\n\t\t\t\t<dd class='wp-caption-text gallery-caption' id='gallery-1-54919'>\n\t\t\t\tDr. Eugenio O\u00f1ate\n\t\t\t\t<\/dd><\/dl><dl class='gallery-item'>\n\t\t\t<dt class='gallery-icon landscape'>\n\t\t\t\t<a href='https:\/\/raed.academy\/wp-content\/uploads\/2018\/06\/Debate-La-educacion-en-Tecnologia-dr-Xavier-Gil-Mur-3.jpg'><img loading=\"lazy\" decoding=\"async\" width=\"800\" height=\"533\" src=\"https:\/\/raed.academy\/wp-content\/uploads\/2018\/06\/Debate-La-educacion-en-Tecnologia-dr-Xavier-Gil-Mur-3.jpg\" class=\"attachment-medium size-medium\" alt=\"Debate &quot;La educacion en Tecnologia La ense\u00f1anza de la ingenier\u00eda&quot;, Dr. Javier Gil Mur\" aria-describedby=\"gallery-1-54925\" srcset=\"https:\/\/raed.academy\/wp-content\/uploads\/2018\/06\/Debate-La-educacion-en-Tecnologia-dr-Xavier-Gil-Mur-3.jpg 800w, https:\/\/raed.academy\/wp-content\/uploads\/2018\/06\/Debate-La-educacion-en-Tecnologia-dr-Xavier-Gil-Mur-3-768x512.jpg 768w\" sizes=\"(max-width: 800px) 100vw, 800px\" \/><\/a>\n\t\t\t<\/dt>\n\t\t\t\t<dd class='wp-caption-text gallery-caption' id='gallery-1-54925'>\n\t\t\t\tDr. Javier Gil\n\t\t\t\t<\/dd><\/dl><dl class='gallery-item'>\n\t\t\t<dt class='gallery-icon landscape'>\n\t\t\t\t<a href='https:\/\/raed.academy\/wp-content\/uploads\/2018\/06\/Debate-La-educacion-en-Tecnologia-Dr-Jaime-Rodrigo-de-Larrucea-2.jpg'><img loading=\"lazy\" decoding=\"async\" width=\"800\" height=\"533\" src=\"https:\/\/raed.academy\/wp-content\/uploads\/2018\/06\/Debate-La-educacion-en-Tecnologia-Dr-Jaime-Rodrigo-de-Larrucea-2.jpg\" class=\"attachment-medium size-medium\" alt=\"\" aria-describedby=\"gallery-1-54921\" srcset=\"https:\/\/raed.academy\/wp-content\/uploads\/2018\/06\/Debate-La-educacion-en-Tecnologia-Dr-Jaime-Rodrigo-de-Larrucea-2.jpg 800w, https:\/\/raed.academy\/wp-content\/uploads\/2018\/06\/Debate-La-educacion-en-Tecnologia-Dr-Jaime-Rodrigo-de-Larrucea-2-768x512.jpg 768w\" sizes=\"(max-width: 800px) 100vw, 800px\" \/><\/a>\n\t\t\t<\/dt>\n\t\t\t\t<dd class='wp-caption-text gallery-caption' id='gallery-1-54921'>\n\t\t\t\tDr. Jaime Rodrigo\n\t\t\t\t<\/dd><\/dl><dl class='gallery-item'>\n\t\t\t<dt class='gallery-icon landscape'>\n\t\t\t\t<a href='https:\/\/raed.academy\/wp-content\/uploads\/2018\/06\/Debate-La-educacion-en-Tecnologia-Dr-Lluis-Vicent-Safont-5.jpg'><img loading=\"lazy\" decoding=\"async\" width=\"800\" height=\"533\" src=\"https:\/\/raed.academy\/wp-content\/uploads\/2018\/06\/Debate-La-educacion-en-Tecnologia-Dr-Lluis-Vicent-Safont-5.jpg\" class=\"attachment-medium size-medium\" alt=\"Debate &quot;La educacion en Tecnologia La ense\u00f1anza de la ingenier\u00eda, Dr. Llu\u00eds Vicent Safont\" aria-describedby=\"gallery-1-54923\" srcset=\"https:\/\/raed.academy\/wp-content\/uploads\/2018\/06\/Debate-La-educacion-en-Tecnologia-Dr-Lluis-Vicent-Safont-5.jpg 800w, https:\/\/raed.academy\/wp-content\/uploads\/2018\/06\/Debate-La-educacion-en-Tecnologia-Dr-Lluis-Vicent-Safont-5-768x512.jpg 768w\" sizes=\"(max-width: 800px) 100vw, 800px\" \/><\/a>\n\t\t\t<\/dt>\n\t\t\t\t<dd class='wp-caption-text gallery-caption' id='gallery-1-54923'>\n\t\t\t\tDr. Lluis Vicent\n\t\t\t\t<\/dd><\/dl><br style=\"clear: both\" \/>\n\t\t<\/div>\n\n","protected":false},"excerpt":{"rendered":"<p>La Secci\u00f3 de Ci\u00e8ncies Tecnol\u00f2giques de la RAED va celebrar un debat sobre els estudis en Enginyeria a Espanya La Secci\u00f3 de Ci\u00e8ncies Tecnol\u00f2giques de la Reial Acad\u00e8mia Europea de Doctors-Barcelona 1914 (RAED) va organitzar dimarts passat, 5 de juny, al Sal\u00f3 d&#8217;Actes de Foment del Treball el debat &#8220;L&#8217;educaci\u00f3 en Tecnologia. L&#8217;ensenyament de l&#8217;Enginyeria: [&hellip;]<\/p>\n","protected":false},"author":12,"featured_media":46255,"comment_status":"closed","ping_status":"closed","sticky":false,"template":"","format":"standard","meta":{"_et_pb_use_builder":"","_et_pb_old_content":"","_et_gb_content_width":"","footnotes":""},"categories":[72],"tags":[],"class_list":["post-46352","post","type-post","status-publish","format-standard","has-post-thumbnail","hentry","category-uncategorized-ca","et-has-post-format-content","et_post_format-et-post-format-standard"],"yoast_head":"<!-- This site is optimized with the Yoast SEO plugin v27.5 - https:\/\/yoast.com\/product\/yoast-seo-wordpress\/ -->\n<title>L&#039;educaci\u00f3 en Tecnologia | Reial Acad\u00e8mia Europea de Doctors<\/title>\n<meta name=\"description\" content=\"La RAED va organitzar el debat &quot;L&#039;educaci\u00f3 en Tecnologia. L&#039;ensenyament de l&#039;Enginyeria: un model en revisi\u00f3 a Espanya&quot;. [...] Rodrigo de Larrucea va fer una exposici\u00f3 del model d&#039;ensenyaments t\u00e8cnics a Espanya, detenint-se en el model napole\u00f2nic del segle XIX, la llei d&#039;Ensenyaments T\u00e8cnics de 1970, ...\" \/>\n<meta name=\"robots\" content=\"index, follow, max-snippet:-1, max-image-preview:large, max-video-preview:-1\" \/>\n<link rel=\"canonical\" href=\"https:\/\/raed.academy\/ca\/educacio-tecnologia-enginyeria\/\" \/>\n<meta property=\"og:locale\" content=\"ca_ES\" \/>\n<meta property=\"og:type\" content=\"article\" \/>\n<meta property=\"og:title\" content=\"L&#039;educaci\u00f3 en Tecnologia | Reial Acad\u00e8mia Europea de Doctors\" \/>\n<meta property=\"og:description\" content=\"La RAED va organitzar el debat &quot;L&#039;educaci\u00f3 en Tecnologia. L&#039;ensenyament de l&#039;Enginyeria: un model en revisi\u00f3 a Espanya&quot;. [...] Rodrigo de Larrucea va fer una exposici\u00f3 del model d&#039;ensenyaments t\u00e8cnics a Espanya, detenint-se en el model napole\u00f2nic del segle XIX, la llei d&#039;Ensenyaments T\u00e8cnics de 1970, ...\" \/>\n<meta property=\"og:url\" content=\"https:\/\/raed.academy\/ca\/educacio-tecnologia-enginyeria\/\" \/>\n<meta property=\"og:site_name\" content=\"Reial Acad\u00e8mia Europea de Doctors\" \/>\n<meta property=\"article:publisher\" content=\"http:\/\/fb.me\/raed.academy\" \/>\n<meta property=\"article:published_time\" content=\"2018-06-05T10:21:25+00:00\" \/>\n<meta property=\"article:modified_time\" content=\"2018-06-06T14:07:37+00:00\" \/>\n<meta property=\"og:image\" content=\"https:\/\/raed.academy\/wp-content\/uploads\/2018\/06\/educacion-ingenieria-dstNtc.jpg\" \/>\n\t<meta property=\"og:image:width\" content=\"950\" \/>\n\t<meta property=\"og:image:height\" content=\"300\" \/>\n\t<meta property=\"og:image:type\" content=\"image\/jpeg\" \/>\n<meta name=\"author\" content=\"RAED\" \/>\n<meta name=\"twitter:card\" content=\"summary_large_image\" \/>\n<meta name=\"twitter:creator\" content=\"@raedacademy\" \/>\n<meta name=\"twitter:site\" content=\"@raedacademy\" \/>\n<meta name=\"twitter:label1\" content=\"Written by\" \/>\n\t<meta name=\"twitter:data1\" content=\"RAED\" \/>\n\t<meta name=\"twitter:label2\" content=\"Est. reading time\" \/>\n\t<meta name=\"twitter:data2\" content=\"2 minutes\" \/>\n<script type=\"application\/ld+json\" class=\"yoast-schema-graph\">{\"@context\":\"https:\\\/\\\/schema.org\",\"@graph\":[{\"@type\":\"Article\",\"@id\":\"https:\\\/\\\/raed.academy\\\/ca\\\/educacio-tecnologia-enginyeria\\\/#article\",\"isPartOf\":{\"@id\":\"https:\\\/\\\/raed.academy\\\/ca\\\/educacio-tecnologia-enginyeria\\\/\"},\"author\":{\"name\":\"RAED\",\"@id\":\"https:\\\/\\\/raed.academy\\\/ca\\\/#\\\/schema\\\/person\\\/5a755da80d1d979fd66ba745c8702927\"},\"headline\":\"Aprovat just en ensenyaments t\u00e8cnics\",\"datePublished\":\"2018-06-05T10:21:25+00:00\",\"dateModified\":\"2018-06-06T14:07:37+00:00\",\"mainEntityOfPage\":{\"@id\":\"https:\\\/\\\/raed.academy\\\/ca\\\/educacio-tecnologia-enginyeria\\\/\"},\"wordCount\":509,\"publisher\":{\"@id\":\"https:\\\/\\\/raed.academy\\\/ca\\\/#organization\"},\"image\":{\"@id\":\"https:\\\/\\\/raed.academy\\\/ca\\\/educacio-tecnologia-enginyeria\\\/#primaryimage\"},\"thumbnailUrl\":\"https:\\\/\\\/raed.academy\\\/wp-content\\\/uploads\\\/2018\\\/06\\\/educacion-ingenieria-dstNtc.jpg\",\"articleSection\":[\"Uncategorized @ca\"],\"inLanguage\":\"ca-ES\"},{\"@type\":\"WebPage\",\"@id\":\"https:\\\/\\\/raed.academy\\\/ca\\\/educacio-tecnologia-enginyeria\\\/\",\"url\":\"https:\\\/\\\/raed.academy\\\/ca\\\/educacio-tecnologia-enginyeria\\\/\",\"name\":\"L'educaci\u00f3 en Tecnologia | Reial Acad\u00e8mia Europea de Doctors\",\"isPartOf\":{\"@id\":\"https:\\\/\\\/raed.academy\\\/ca\\\/#website\"},\"primaryImageOfPage\":{\"@id\":\"https:\\\/\\\/raed.academy\\\/ca\\\/educacio-tecnologia-enginyeria\\\/#primaryimage\"},\"image\":{\"@id\":\"https:\\\/\\\/raed.academy\\\/ca\\\/educacio-tecnologia-enginyeria\\\/#primaryimage\"},\"thumbnailUrl\":\"https:\\\/\\\/raed.academy\\\/wp-content\\\/uploads\\\/2018\\\/06\\\/educacion-ingenieria-dstNtc.jpg\",\"datePublished\":\"2018-06-05T10:21:25+00:00\",\"dateModified\":\"2018-06-06T14:07:37+00:00\",\"description\":\"La RAED va organitzar el debat \\\"L'educaci\u00f3 en Tecnologia. L'ensenyament de l'Enginyeria: un model en revisi\u00f3 a Espanya\\\". [...] Rodrigo de Larrucea va fer una exposici\u00f3 del model d'ensenyaments t\u00e8cnics a Espanya, detenint-se en el model napole\u00f2nic del segle XIX, la llei d'Ensenyaments T\u00e8cnics de 1970, ...\",\"breadcrumb\":{\"@id\":\"https:\\\/\\\/raed.academy\\\/ca\\\/educacio-tecnologia-enginyeria\\\/#breadcrumb\"},\"inLanguage\":\"ca-ES\",\"potentialAction\":[{\"@type\":\"ReadAction\",\"target\":[\"https:\\\/\\\/raed.academy\\\/ca\\\/educacio-tecnologia-enginyeria\\\/\"]}]},{\"@type\":\"ImageObject\",\"inLanguage\":\"ca-ES\",\"@id\":\"https:\\\/\\\/raed.academy\\\/ca\\\/educacio-tecnologia-enginyeria\\\/#primaryimage\",\"url\":\"https:\\\/\\\/raed.academy\\\/wp-content\\\/uploads\\\/2018\\\/06\\\/educacion-ingenieria-dstNtc.jpg\",\"contentUrl\":\"https:\\\/\\\/raed.academy\\\/wp-content\\\/uploads\\\/2018\\\/06\\\/educacion-ingenieria-dstNtc.jpg\",\"width\":950,\"height\":300},{\"@type\":\"BreadcrumbList\",\"@id\":\"https:\\\/\\\/raed.academy\\\/ca\\\/educacio-tecnologia-enginyeria\\\/#breadcrumb\",\"itemListElement\":[{\"@type\":\"ListItem\",\"position\":1,\"name\":\"Inicio\",\"item\":\"https:\\\/\\\/raed.academy\\\/ca\\\/\"},{\"@type\":\"ListItem\",\"position\":2,\"name\":\"Aprovat just en ensenyaments t\u00e8cnics\"}]},{\"@type\":\"WebSite\",\"@id\":\"https:\\\/\\\/raed.academy\\\/ca\\\/#website\",\"url\":\"https:\\\/\\\/raed.academy\\\/ca\\\/\",\"name\":\"Reial Acad\u00e8mia Europea de Doctors\",\"description\":\"Corporaci\u00f3n de derecho p\u00fablico de car\u00e1cter cient\u00edfico, t\u00e9cnico y art\u00edstico, que tiene por objeto la investigaci\u00f3n, el estudio, el fomento y la extensi\u00f3n del conocimiento en su sentido m\u00e1s amplio\",\"publisher\":{\"@id\":\"https:\\\/\\\/raed.academy\\\/ca\\\/#organization\"},\"potentialAction\":[{\"@type\":\"SearchAction\",\"target\":{\"@type\":\"EntryPoint\",\"urlTemplate\":\"https:\\\/\\\/raed.academy\\\/ca\\\/?s={search_term_string}\"},\"query-input\":{\"@type\":\"PropertyValueSpecification\",\"valueRequired\":true,\"valueName\":\"search_term_string\"}}],\"inLanguage\":\"ca-ES\"},{\"@type\":\"Organization\",\"@id\":\"https:\\\/\\\/raed.academy\\\/ca\\\/#organization\",\"name\":\"Real Academia Europea de Doctores\",\"url\":\"https:\\\/\\\/raed.academy\\\/ca\\\/\",\"logo\":{\"@type\":\"ImageObject\",\"inLanguage\":\"ca-ES\",\"@id\":\"https:\\\/\\\/raed.academy\\\/ca\\\/#\\\/schema\\\/logo\\\/image\\\/\",\"url\":\"https:\\\/\\\/raed.academy\\\/wp-content\\\/uploads\\\/2017\\\/01\\\/cropped-logo_raed.png\",\"contentUrl\":\"https:\\\/\\\/raed.academy\\\/wp-content\\\/uploads\\\/2017\\\/01\\\/cropped-logo_raed.png\",\"width\":512,\"height\":512,\"caption\":\"Real Academia Europea de Doctores\"},\"image\":{\"@id\":\"https:\\\/\\\/raed.academy\\\/ca\\\/#\\\/schema\\\/logo\\\/image\\\/\"},\"sameAs\":[\"http:\\\/\\\/fb.me\\\/raed.academy\",\"https:\\\/\\\/x.com\\\/raedacademy\",\"https:\\\/\\\/www.instagram.com\\\/raed.academy\\\/\",\"https:\\\/\\\/www.youtube.com\\\/channel\\\/UCUYQwW2KrdirNWihxMDObwg\"]},{\"@type\":\"Person\",\"@id\":\"https:\\\/\\\/raed.academy\\\/ca\\\/#\\\/schema\\\/person\\\/5a755da80d1d979fd66ba745c8702927\",\"name\":\"RAED\",\"image\":{\"@type\":\"ImageObject\",\"inLanguage\":\"ca-ES\",\"@id\":\"https:\\\/\\\/secure.gravatar.com\\\/avatar\\\/19fdfdc0d67fb9c45714b703a2ac82251c4fcea3637f002ac3c9b74c0183583c?s=96&d=mm&r=g\",\"url\":\"https:\\\/\\\/secure.gravatar.com\\\/avatar\\\/19fdfdc0d67fb9c45714b703a2ac82251c4fcea3637f002ac3c9b74c0183583c?s=96&d=mm&r=g\",\"contentUrl\":\"https:\\\/\\\/secure.gravatar.com\\\/avatar\\\/19fdfdc0d67fb9c45714b703a2ac82251c4fcea3637f002ac3c9b74c0183583c?s=96&d=mm&r=g\",\"caption\":\"RAED\"}}]}<\/script>\n<!-- \/ Yoast SEO plugin. -->","yoast_head_json":{"title":"L'educaci\u00f3 en Tecnologia | Reial Acad\u00e8mia Europea de Doctors","description":"La RAED va organitzar el debat \"L'educaci\u00f3 en Tecnologia. L'ensenyament de l'Enginyeria: un model en revisi\u00f3 a Espanya\". [...] Rodrigo de Larrucea va fer una exposici\u00f3 del model d'ensenyaments t\u00e8cnics a Espanya, detenint-se en el model napole\u00f2nic del segle XIX, la llei d'Ensenyaments T\u00e8cnics de 1970, ...","robots":{"index":"index","follow":"follow","max-snippet":"max-snippet:-1","max-image-preview":"max-image-preview:large","max-video-preview":"max-video-preview:-1"},"canonical":"https:\/\/raed.academy\/ca\/educacio-tecnologia-enginyeria\/","og_locale":"ca_ES","og_type":"article","og_title":"L'educaci\u00f3 en Tecnologia | Reial Acad\u00e8mia Europea de Doctors","og_description":"La RAED va organitzar el debat \"L'educaci\u00f3 en Tecnologia. L'ensenyament de l'Enginyeria: un model en revisi\u00f3 a Espanya\". [...] Rodrigo de Larrucea va fer una exposici\u00f3 del model d'ensenyaments t\u00e8cnics a Espanya, detenint-se en el model napole\u00f2nic del segle XIX, la llei d'Ensenyaments T\u00e8cnics de 1970, ...","og_url":"https:\/\/raed.academy\/ca\/educacio-tecnologia-enginyeria\/","og_site_name":"Reial Acad\u00e8mia Europea de Doctors","article_publisher":"http:\/\/fb.me\/raed.academy","article_published_time":"2018-06-05T10:21:25+00:00","article_modified_time":"2018-06-06T14:07:37+00:00","og_image":[{"width":950,"height":300,"url":"https:\/\/raed.academy\/wp-content\/uploads\/2018\/06\/educacion-ingenieria-dstNtc.jpg","type":"image\/jpeg"}],"author":"RAED","twitter_card":"summary_large_image","twitter_creator":"@raedacademy","twitter_site":"@raedacademy","twitter_misc":{"Written by":"RAED","Est. reading time":"2 minutes"},"schema":{"@context":"https:\/\/schema.org","@graph":[{"@type":"Article","@id":"https:\/\/raed.academy\/ca\/educacio-tecnologia-enginyeria\/#article","isPartOf":{"@id":"https:\/\/raed.academy\/ca\/educacio-tecnologia-enginyeria\/"},"author":{"name":"RAED","@id":"https:\/\/raed.academy\/ca\/#\/schema\/person\/5a755da80d1d979fd66ba745c8702927"},"headline":"Aprovat just en ensenyaments t\u00e8cnics","datePublished":"2018-06-05T10:21:25+00:00","dateModified":"2018-06-06T14:07:37+00:00","mainEntityOfPage":{"@id":"https:\/\/raed.academy\/ca\/educacio-tecnologia-enginyeria\/"},"wordCount":509,"publisher":{"@id":"https:\/\/raed.academy\/ca\/#organization"},"image":{"@id":"https:\/\/raed.academy\/ca\/educacio-tecnologia-enginyeria\/#primaryimage"},"thumbnailUrl":"https:\/\/raed.academy\/wp-content\/uploads\/2018\/06\/educacion-ingenieria-dstNtc.jpg","articleSection":["Uncategorized @ca"],"inLanguage":"ca-ES"},{"@type":"WebPage","@id":"https:\/\/raed.academy\/ca\/educacio-tecnologia-enginyeria\/","url":"https:\/\/raed.academy\/ca\/educacio-tecnologia-enginyeria\/","name":"L'educaci\u00f3 en Tecnologia | Reial Acad\u00e8mia Europea de Doctors","isPartOf":{"@id":"https:\/\/raed.academy\/ca\/#website"},"primaryImageOfPage":{"@id":"https:\/\/raed.academy\/ca\/educacio-tecnologia-enginyeria\/#primaryimage"},"image":{"@id":"https:\/\/raed.academy\/ca\/educacio-tecnologia-enginyeria\/#primaryimage"},"thumbnailUrl":"https:\/\/raed.academy\/wp-content\/uploads\/2018\/06\/educacion-ingenieria-dstNtc.jpg","datePublished":"2018-06-05T10:21:25+00:00","dateModified":"2018-06-06T14:07:37+00:00","description":"La RAED va organitzar el debat \"L'educaci\u00f3 en Tecnologia. L'ensenyament de l'Enginyeria: un model en revisi\u00f3 a Espanya\". [...] Rodrigo de Larrucea va fer una exposici\u00f3 del model d'ensenyaments t\u00e8cnics a Espanya, detenint-se en el model napole\u00f2nic del segle XIX, la llei d'Ensenyaments T\u00e8cnics de 1970, ...","breadcrumb":{"@id":"https:\/\/raed.academy\/ca\/educacio-tecnologia-enginyeria\/#breadcrumb"},"inLanguage":"ca-ES","potentialAction":[{"@type":"ReadAction","target":["https:\/\/raed.academy\/ca\/educacio-tecnologia-enginyeria\/"]}]},{"@type":"ImageObject","inLanguage":"ca-ES","@id":"https:\/\/raed.academy\/ca\/educacio-tecnologia-enginyeria\/#primaryimage","url":"https:\/\/raed.academy\/wp-content\/uploads\/2018\/06\/educacion-ingenieria-dstNtc.jpg","contentUrl":"https:\/\/raed.academy\/wp-content\/uploads\/2018\/06\/educacion-ingenieria-dstNtc.jpg","width":950,"height":300},{"@type":"BreadcrumbList","@id":"https:\/\/raed.academy\/ca\/educacio-tecnologia-enginyeria\/#breadcrumb","itemListElement":[{"@type":"ListItem","position":1,"name":"Inicio","item":"https:\/\/raed.academy\/ca\/"},{"@type":"ListItem","position":2,"name":"Aprovat just en ensenyaments t\u00e8cnics"}]},{"@type":"WebSite","@id":"https:\/\/raed.academy\/ca\/#website","url":"https:\/\/raed.academy\/ca\/","name":"Reial Acad\u00e8mia Europea de Doctors","description":"Corporaci\u00f3n de derecho p\u00fablico de car\u00e1cter cient\u00edfico, t\u00e9cnico y art\u00edstico, que tiene por objeto la investigaci\u00f3n, el estudio, el fomento y la extensi\u00f3n del conocimiento en su sentido m\u00e1s amplio","publisher":{"@id":"https:\/\/raed.academy\/ca\/#organization"},"potentialAction":[{"@type":"SearchAction","target":{"@type":"EntryPoint","urlTemplate":"https:\/\/raed.academy\/ca\/?s={search_term_string}"},"query-input":{"@type":"PropertyValueSpecification","valueRequired":true,"valueName":"search_term_string"}}],"inLanguage":"ca-ES"},{"@type":"Organization","@id":"https:\/\/raed.academy\/ca\/#organization","name":"Real Academia Europea de Doctores","url":"https:\/\/raed.academy\/ca\/","logo":{"@type":"ImageObject","inLanguage":"ca-ES","@id":"https:\/\/raed.academy\/ca\/#\/schema\/logo\/image\/","url":"https:\/\/raed.academy\/wp-content\/uploads\/2017\/01\/cropped-logo_raed.png","contentUrl":"https:\/\/raed.academy\/wp-content\/uploads\/2017\/01\/cropped-logo_raed.png","width":512,"height":512,"caption":"Real Academia Europea de Doctores"},"image":{"@id":"https:\/\/raed.academy\/ca\/#\/schema\/logo\/image\/"},"sameAs":["http:\/\/fb.me\/raed.academy","https:\/\/x.com\/raedacademy","https:\/\/www.instagram.com\/raed.academy\/","https:\/\/www.youtube.com\/channel\/UCUYQwW2KrdirNWihxMDObwg"]},{"@type":"Person","@id":"https:\/\/raed.academy\/ca\/#\/schema\/person\/5a755da80d1d979fd66ba745c8702927","name":"RAED","image":{"@type":"ImageObject","inLanguage":"ca-ES","@id":"https:\/\/secure.gravatar.com\/avatar\/19fdfdc0d67fb9c45714b703a2ac82251c4fcea3637f002ac3c9b74c0183583c?s=96&d=mm&r=g","url":"https:\/\/secure.gravatar.com\/avatar\/19fdfdc0d67fb9c45714b703a2ac82251c4fcea3637f002ac3c9b74c0183583c?s=96&d=mm&r=g","contentUrl":"https:\/\/secure.gravatar.com\/avatar\/19fdfdc0d67fb9c45714b703a2ac82251c4fcea3637f002ac3c9b74c0183583c?s=96&d=mm&r=g","caption":"RAED"}}]}},"_links":{"self":[{"href":"https:\/\/raed.academy\/ca\/wp-json\/wp\/v2\/posts\/46352","targetHints":{"allow":["GET"]}}],"collection":[{"href":"https:\/\/raed.academy\/ca\/wp-json\/wp\/v2\/posts"}],"about":[{"href":"https:\/\/raed.academy\/ca\/wp-json\/wp\/v2\/types\/post"}],"author":[{"embeddable":true,"href":"https:\/\/raed.academy\/ca\/wp-json\/wp\/v2\/users\/12"}],"replies":[{"embeddable":true,"href":"https:\/\/raed.academy\/ca\/wp-json\/wp\/v2\/comments?post=46352"}],"version-history":[{"count":0,"href":"https:\/\/raed.academy\/ca\/wp-json\/wp\/v2\/posts\/46352\/revisions"}],"wp:featuredmedia":[{"embeddable":true,"href":"https:\/\/raed.academy\/ca\/wp-json\/wp\/v2\/media\/46255"}],"wp:attachment":[{"href":"https:\/\/raed.academy\/ca\/wp-json\/wp\/v2\/media?parent=46352"}],"wp:term":[{"taxonomy":"category","embeddable":true,"href":"https:\/\/raed.academy\/ca\/wp-json\/wp\/v2\/categories?post=46352"},{"taxonomy":"post_tag","embeddable":true,"href":"https:\/\/raed.academy\/ca\/wp-json\/wp\/v2\/tags?post=46352"}],"curies":[{"name":"wp","href":"https:\/\/api.w.org\/{rel}","templated":true}]}}