{"id":45350,"date":"2018-05-09T16:38:02","date_gmt":"2018-05-09T16:38:02","guid":{"rendered":"http:\/\/raed.academy\/?p=45350"},"modified":"2018-05-09T16:56:56","modified_gmt":"2018-05-09T16:56:56","slug":"mosqueters-a-barcelona","status":"publish","type":"post","link":"https:\/\/raed.academy\/ca\/mosqueters-a-barcelona\/","title":{"rendered":"Mosqueters a Barcelona"},"content":{"rendered":"<h2>Formen part de l&#8217;Esquadr\u00f3 Espanya els acad\u00e8mics Lorenzo Gasc\u00f3n, Alfredo Rocafort, Joaquim Gironella i Jos\u00e9 Daniel Barquero<\/h2>\n<p><img loading=\"lazy\" decoding=\"async\" class=\"alignright wp-image-45283\" src=\"http:\/\/raed.academy\/wp-content\/uploads\/2018\/05\/convocatoria-Compagnie-des-Mousquetaires-d-Armagnac-int.jpg\" alt=\"\" width=\"551\" height=\"366\" \/>L&#8217;Estat Major de la <strong>Companyia de Mosqueters d&#8217;Armagnac<\/strong> convoca el Gran Cap\u00edtol de l&#8217;<strong>Esquadr\u00f3 Espanya<\/strong>, que se celebrar\u00e0 el proper 25 de maig a la Sala dels Atlants del <a href=\"http:\/\/www.reialcercleartistic.cat\" target=\"_blank\" rel=\"noopener\"><strong>Reial Cercle Art\u00edstic de Barcelona<\/strong><\/a>. Durant l&#8217;acte es procedir\u00e0 a l&#8217;entronitzaci\u00f3 de nous mosqueters de l&#8217;Esquadr\u00f3. Tots els assistents rebran un exemplar de l&#8217;\u00faltima publicaci\u00f3 del Gran Cap\u00edtol <strong>&#8220;D&#8217;Artagnan. Mosquetero al servicio del Cardenal&#8221;<\/strong>. La transcripci\u00f3 de la confer\u00e8ncia ser\u00e0 dictada pel mosqueter <strong>Daniel Fern\u00e1ndez<\/strong>.<\/p>\n<p>Formen part de l&#8217;Esquadr\u00f3 Espanya <strong>Oriol Bracons<\/strong>, capit\u00e0 lloctinent; l&#8217;acad\u00e8mic d&#8217;honor de la <strong>Reial Acad\u00e8mia Europea de Doctors-Barcelona 1914<\/strong> (RAED) <a href=\"http:\/\/raed.academy\/ca\/academics\/dr-lorenzo-gascon-fernandez\/\" target=\"_blank\" rel=\"noopener\"><strong>Lorenzo Gasc\u00f3n<\/strong><\/a>, que ostenta l&#8217;honor de ser el guardi\u00e0 del segell, i els mosqueters<a href=\"http:\/\/raed.academy\/ca\/academics\/dr-alfredo-rocafort-nicolau\/\" target=\"_blank\" rel=\"noopener\"><strong> Alfredo Rocafort<\/strong><\/a>, president de la Junta de Govern de la RAED; <a href=\"http:\/\/raed.academy\/ca\/academics\/dr-joaquim-gironella-coll\/\" target=\"_blank\" rel=\"noopener\"><strong>Joaquim Gironella<\/strong><\/a>, acad\u00e8mic de n\u00famero, i <a href=\"http:\/\/raed.academy\/ca\/academics\/dr-jose-daniel-barquero-cabrero\/\" target=\"_blank\" rel=\"noopener\"><strong>Jos\u00e9 Daniel Barquero<\/strong><\/a>, tamb\u00e9 acad\u00e8mic numerari, entre altres personalitats del m\u00f3n social, cultural i empresarial.<\/p>\n<p>La Companyia de Mosqueters d&#8217;Armagnac va ser fundada el 1951 pel general <strong>Baston<\/strong>, antic general d&#8217;aviaci\u00f3 franc\u00e8s i negociant d&#8217;Armagnac. Est\u00e0 encap\u00e7alada pel seu capit\u00e0, <strong>Aymery de Montesquiou<\/strong>, descendent directe de <strong>D&#8217;Artagnan<\/strong>, i el seu secretari general,<strong> Fran\u00e7ois Rivi\u00e8re<\/strong>. T\u00e9 la seva seu a Auch (Fran\u00e7a) i actualment compta amb m\u00e9s de 3.000 mosqueters a tot el m\u00f3n, escollits pel seu tarann\u00e0 emprenedor i la seva rellev\u00e0ncia personal i professional en diferents sectors d&#8217;activitat: empresaris, professionals del m\u00f3n de la cultura, la gastronomia, els mitjans de comunicaci\u00f3&#8230; El seu lema \u00e9s la c\u00e8lebre divisa del llegendari D&#8217;Artagnan: &#8220;Tots per a un&#8230; Un per a tots&#8221;.<\/p>\n<p><img loading=\"lazy\" decoding=\"async\" class=\"aligncenter size-full wp-image-45279\" src=\"http:\/\/raed.academy\/wp-content\/uploads\/2018\/05\/grupo-mousquetaires.jpg\" alt=\"grupo mousquetaires\" width=\"950\" height=\"634\" srcset=\"https:\/\/raed.academy\/wp-content\/uploads\/2018\/05\/grupo-mousquetaires.jpg 950w, https:\/\/raed.academy\/wp-content\/uploads\/2018\/05\/grupo-mousquetaires-768x513.jpg 768w\" sizes=\"(max-width: 950px) 100vw, 950px\" \/><\/p>\n<h3>Convocat\u00f2ria<\/h3>\n<p><img loading=\"lazy\" decoding=\"async\" class=\"aligncenter size-full wp-image-45280\" src=\"http:\/\/raed.academy\/wp-content\/uploads\/2018\/05\/convocatoria-Compagnie-des-Mousquetaires-d-Armagnac.jpg\" alt=\"\" width=\"985\" height=\"533\" srcset=\"https:\/\/raed.academy\/wp-content\/uploads\/2018\/05\/convocatoria-Compagnie-des-Mousquetaires-d-Armagnac.jpg 985w, https:\/\/raed.academy\/wp-content\/uploads\/2018\/05\/convocatoria-Compagnie-des-Mousquetaires-d-Armagnac-768x416.jpg 768w\" sizes=\"(max-width: 985px) 100vw, 985px\" \/><\/p>\n","protected":false},"excerpt":{"rendered":"<p>Formen part de l&#8217;Esquadr\u00f3 Espanya els acad\u00e8mics Lorenzo Gasc\u00f3n, Alfredo Rocafort, Joaquim Gironella i Jos\u00e9 Daniel Barquero L&#8217;Estat Major de la Companyia de Mosqueters d&#8217;Armagnac convoca el Gran Cap\u00edtol de l&#8217;Esquadr\u00f3 Espanya, que se celebrar\u00e0 el proper 25 de maig a la Sala dels Atlants del Reial Cercle Art\u00edstic de Barcelona. Durant l&#8217;acte es procedir\u00e0 [&hellip;]<\/p>\n","protected":false},"author":12,"featured_media":45278,"comment_status":"closed","ping_status":"closed","sticky":false,"template":"","format":"standard","meta":{"_et_pb_use_builder":"","_et_pb_old_content":"","_et_gb_content_width":"","footnotes":""},"categories":[72],"tags":[],"class_list":["post-45350","post","type-post","status-publish","format-standard","has-post-thumbnail","hentry","category-uncategorized-ca","et-has-post-format-content","et_post_format-et-post-format-standard"],"yoast_head":"<!-- This site is optimized with the Yoast SEO plugin v27.5 - https:\/\/yoast.com\/product\/yoast-seo-wordpress\/ -->\n<title>Mosqueters a Barcelona - Reial Acad\u00e8mia Europea de Doctors<\/title>\n<meta name=\"description\" content=\"L&#039;Estat Major de la Companyia de Mosqueters d&#039;Armagnac convoca el Gran Cap\u00edtol de l&#039;Esquadr\u00f3 Espanya, que se celebrar\u00e0 el proper 25 de maig a la Sala dels Atlants del Reial Cercle Art\u00edstic de Barcelona. Durant l&#039;acte es procedir\u00e0 a l&#039;entronitzaci\u00f3 de nous mosqueters de l&#039;Esquadr\u00f3.\" \/>\n<meta name=\"robots\" content=\"index, follow, max-snippet:-1, max-image-preview:large, max-video-preview:-1\" \/>\n<link rel=\"canonical\" href=\"https:\/\/raed.academy\/ca\/mosqueters-a-barcelona\/\" \/>\n<meta property=\"og:locale\" content=\"ca_ES\" \/>\n<meta property=\"og:type\" content=\"article\" \/>\n<meta property=\"og:title\" content=\"Mosqueters a Barcelona - Reial Acad\u00e8mia Europea de Doctors\" \/>\n<meta property=\"og:description\" content=\"L&#039;Estat Major de la Companyia de Mosqueters d&#039;Armagnac convoca el Gran Cap\u00edtol de l&#039;Esquadr\u00f3 Espanya, que se celebrar\u00e0 el proper 25 de maig a la Sala dels Atlants del Reial Cercle Art\u00edstic de Barcelona. Durant l&#039;acte es procedir\u00e0 a l&#039;entronitzaci\u00f3 de nous mosqueters de l&#039;Esquadr\u00f3.\" \/>\n<meta property=\"og:url\" content=\"https:\/\/raed.academy\/ca\/mosqueters-a-barcelona\/\" \/>\n<meta property=\"og:site_name\" content=\"Reial Acad\u00e8mia Europea de Doctors\" \/>\n<meta property=\"article:publisher\" content=\"http:\/\/fb.me\/raed.academy\" \/>\n<meta property=\"article:published_time\" content=\"2018-05-09T16:38:02+00:00\" \/>\n<meta property=\"article:modified_time\" content=\"2018-05-09T16:56:56+00:00\" \/>\n<meta property=\"og:image\" content=\"https:\/\/raed.academy\/wp-content\/uploads\/2018\/05\/escudo-convocatoria-Compagnie-des-Mousquetaires-d-Armagnac-dstNtc.jpg\" \/>\n\t<meta property=\"og:image:width\" content=\"950\" \/>\n\t<meta property=\"og:image:height\" content=\"335\" \/>\n\t<meta property=\"og:image:type\" content=\"image\/jpeg\" \/>\n<meta name=\"author\" content=\"RAED\" \/>\n<meta name=\"twitter:card\" content=\"summary_large_image\" \/>\n<meta name=\"twitter:creator\" content=\"@raedacademy\" \/>\n<meta name=\"twitter:site\" content=\"@raedacademy\" \/>\n<meta name=\"twitter:label1\" content=\"Written by\" \/>\n\t<meta name=\"twitter:data1\" content=\"RAED\" \/>\n\t<meta name=\"twitter:label2\" content=\"Est. reading time\" \/>\n\t<meta name=\"twitter:data2\" content=\"1 minute\" \/>\n<script type=\"application\/ld+json\" class=\"yoast-schema-graph\">{\"@context\":\"https:\\\/\\\/schema.org\",\"@graph\":[{\"@type\":\"Article\",\"@id\":\"https:\\\/\\\/raed.academy\\\/ca\\\/mosqueters-a-barcelona\\\/#article\",\"isPartOf\":{\"@id\":\"https:\\\/\\\/raed.academy\\\/ca\\\/mosqueters-a-barcelona\\\/\"},\"author\":{\"name\":\"RAED\",\"@id\":\"https:\\\/\\\/raed.academy\\\/ca\\\/#\\\/schema\\\/person\\\/5a755da80d1d979fd66ba745c8702927\"},\"headline\":\"Mosqueters a Barcelona\",\"datePublished\":\"2018-05-09T16:38:02+00:00\",\"dateModified\":\"2018-05-09T16:56:56+00:00\",\"mainEntityOfPage\":{\"@id\":\"https:\\\/\\\/raed.academy\\\/ca\\\/mosqueters-a-barcelona\\\/\"},\"wordCount\":306,\"publisher\":{\"@id\":\"https:\\\/\\\/raed.academy\\\/ca\\\/#organization\"},\"image\":{\"@id\":\"https:\\\/\\\/raed.academy\\\/ca\\\/mosqueters-a-barcelona\\\/#primaryimage\"},\"thumbnailUrl\":\"https:\\\/\\\/raed.academy\\\/wp-content\\\/uploads\\\/2018\\\/05\\\/escudo-convocatoria-Compagnie-des-Mousquetaires-d-Armagnac-dstNtc.jpg\",\"articleSection\":[\"Uncategorized @ca\"],\"inLanguage\":\"ca-ES\"},{\"@type\":\"WebPage\",\"@id\":\"https:\\\/\\\/raed.academy\\\/ca\\\/mosqueters-a-barcelona\\\/\",\"url\":\"https:\\\/\\\/raed.academy\\\/ca\\\/mosqueters-a-barcelona\\\/\",\"name\":\"Mosqueters a Barcelona - Reial Acad\u00e8mia Europea de Doctors\",\"isPartOf\":{\"@id\":\"https:\\\/\\\/raed.academy\\\/ca\\\/#website\"},\"primaryImageOfPage\":{\"@id\":\"https:\\\/\\\/raed.academy\\\/ca\\\/mosqueters-a-barcelona\\\/#primaryimage\"},\"image\":{\"@id\":\"https:\\\/\\\/raed.academy\\\/ca\\\/mosqueters-a-barcelona\\\/#primaryimage\"},\"thumbnailUrl\":\"https:\\\/\\\/raed.academy\\\/wp-content\\\/uploads\\\/2018\\\/05\\\/escudo-convocatoria-Compagnie-des-Mousquetaires-d-Armagnac-dstNtc.jpg\",\"datePublished\":\"2018-05-09T16:38:02+00:00\",\"dateModified\":\"2018-05-09T16:56:56+00:00\",\"description\":\"L'Estat Major de la Companyia de Mosqueters d'Armagnac convoca el Gran Cap\u00edtol de l'Esquadr\u00f3 Espanya, que se celebrar\u00e0 el proper 25 de maig a la Sala dels Atlants del Reial Cercle Art\u00edstic de Barcelona. Durant l'acte es procedir\u00e0 a l'entronitzaci\u00f3 de nous mosqueters de l'Esquadr\u00f3.\",\"breadcrumb\":{\"@id\":\"https:\\\/\\\/raed.academy\\\/ca\\\/mosqueters-a-barcelona\\\/#breadcrumb\"},\"inLanguage\":\"ca-ES\",\"potentialAction\":[{\"@type\":\"ReadAction\",\"target\":[\"https:\\\/\\\/raed.academy\\\/ca\\\/mosqueters-a-barcelona\\\/\"]}]},{\"@type\":\"ImageObject\",\"inLanguage\":\"ca-ES\",\"@id\":\"https:\\\/\\\/raed.academy\\\/ca\\\/mosqueters-a-barcelona\\\/#primaryimage\",\"url\":\"https:\\\/\\\/raed.academy\\\/wp-content\\\/uploads\\\/2018\\\/05\\\/escudo-convocatoria-Compagnie-des-Mousquetaires-d-Armagnac-dstNtc.jpg\",\"contentUrl\":\"https:\\\/\\\/raed.academy\\\/wp-content\\\/uploads\\\/2018\\\/05\\\/escudo-convocatoria-Compagnie-des-Mousquetaires-d-Armagnac-dstNtc.jpg\",\"width\":950,\"height\":335},{\"@type\":\"BreadcrumbList\",\"@id\":\"https:\\\/\\\/raed.academy\\\/ca\\\/mosqueters-a-barcelona\\\/#breadcrumb\",\"itemListElement\":[{\"@type\":\"ListItem\",\"position\":1,\"name\":\"Inicio\",\"item\":\"https:\\\/\\\/raed.academy\\\/ca\\\/\"},{\"@type\":\"ListItem\",\"position\":2,\"name\":\"Mosqueters a Barcelona\"}]},{\"@type\":\"WebSite\",\"@id\":\"https:\\\/\\\/raed.academy\\\/ca\\\/#website\",\"url\":\"https:\\\/\\\/raed.academy\\\/ca\\\/\",\"name\":\"Reial Acad\u00e8mia Europea de Doctors\",\"description\":\"Corporaci\u00f3n de derecho p\u00fablico de car\u00e1cter cient\u00edfico, t\u00e9cnico y art\u00edstico, que tiene por objeto la investigaci\u00f3n, el estudio, el fomento y la extensi\u00f3n del conocimiento en su sentido m\u00e1s amplio\",\"publisher\":{\"@id\":\"https:\\\/\\\/raed.academy\\\/ca\\\/#organization\"},\"potentialAction\":[{\"@type\":\"SearchAction\",\"target\":{\"@type\":\"EntryPoint\",\"urlTemplate\":\"https:\\\/\\\/raed.academy\\\/ca\\\/?s={search_term_string}\"},\"query-input\":{\"@type\":\"PropertyValueSpecification\",\"valueRequired\":true,\"valueName\":\"search_term_string\"}}],\"inLanguage\":\"ca-ES\"},{\"@type\":\"Organization\",\"@id\":\"https:\\\/\\\/raed.academy\\\/ca\\\/#organization\",\"name\":\"Real Academia Europea de Doctores\",\"url\":\"https:\\\/\\\/raed.academy\\\/ca\\\/\",\"logo\":{\"@type\":\"ImageObject\",\"inLanguage\":\"ca-ES\",\"@id\":\"https:\\\/\\\/raed.academy\\\/ca\\\/#\\\/schema\\\/logo\\\/image\\\/\",\"url\":\"https:\\\/\\\/raed.academy\\\/wp-content\\\/uploads\\\/2017\\\/01\\\/cropped-logo_raed.png\",\"contentUrl\":\"https:\\\/\\\/raed.academy\\\/wp-content\\\/uploads\\\/2017\\\/01\\\/cropped-logo_raed.png\",\"width\":512,\"height\":512,\"caption\":\"Real Academia Europea de Doctores\"},\"image\":{\"@id\":\"https:\\\/\\\/raed.academy\\\/ca\\\/#\\\/schema\\\/logo\\\/image\\\/\"},\"sameAs\":[\"http:\\\/\\\/fb.me\\\/raed.academy\",\"https:\\\/\\\/x.com\\\/raedacademy\",\"https:\\\/\\\/www.instagram.com\\\/raed.academy\\\/\",\"https:\\\/\\\/www.youtube.com\\\/channel\\\/UCUYQwW2KrdirNWihxMDObwg\"]},{\"@type\":\"Person\",\"@id\":\"https:\\\/\\\/raed.academy\\\/ca\\\/#\\\/schema\\\/person\\\/5a755da80d1d979fd66ba745c8702927\",\"name\":\"RAED\",\"image\":{\"@type\":\"ImageObject\",\"inLanguage\":\"ca-ES\",\"@id\":\"https:\\\/\\\/secure.gravatar.com\\\/avatar\\\/19fdfdc0d67fb9c45714b703a2ac82251c4fcea3637f002ac3c9b74c0183583c?s=96&d=mm&r=g\",\"url\":\"https:\\\/\\\/secure.gravatar.com\\\/avatar\\\/19fdfdc0d67fb9c45714b703a2ac82251c4fcea3637f002ac3c9b74c0183583c?s=96&d=mm&r=g\",\"contentUrl\":\"https:\\\/\\\/secure.gravatar.com\\\/avatar\\\/19fdfdc0d67fb9c45714b703a2ac82251c4fcea3637f002ac3c9b74c0183583c?s=96&d=mm&r=g\",\"caption\":\"RAED\"}}]}<\/script>\n<!-- \/ Yoast SEO plugin. -->","yoast_head_json":{"title":"Mosqueters a Barcelona - Reial Acad\u00e8mia Europea de Doctors","description":"L'Estat Major de la Companyia de Mosqueters d'Armagnac convoca el Gran Cap\u00edtol de l'Esquadr\u00f3 Espanya, que se celebrar\u00e0 el proper 25 de maig a la Sala dels Atlants del Reial Cercle Art\u00edstic de Barcelona. Durant l'acte es procedir\u00e0 a l'entronitzaci\u00f3 de nous mosqueters de l'Esquadr\u00f3.","robots":{"index":"index","follow":"follow","max-snippet":"max-snippet:-1","max-image-preview":"max-image-preview:large","max-video-preview":"max-video-preview:-1"},"canonical":"https:\/\/raed.academy\/ca\/mosqueters-a-barcelona\/","og_locale":"ca_ES","og_type":"article","og_title":"Mosqueters a Barcelona - Reial Acad\u00e8mia Europea de Doctors","og_description":"L'Estat Major de la Companyia de Mosqueters d'Armagnac convoca el Gran Cap\u00edtol de l'Esquadr\u00f3 Espanya, que se celebrar\u00e0 el proper 25 de maig a la Sala dels Atlants del Reial Cercle Art\u00edstic de Barcelona. Durant l'acte es procedir\u00e0 a l'entronitzaci\u00f3 de nous mosqueters de l'Esquadr\u00f3.","og_url":"https:\/\/raed.academy\/ca\/mosqueters-a-barcelona\/","og_site_name":"Reial Acad\u00e8mia Europea de Doctors","article_publisher":"http:\/\/fb.me\/raed.academy","article_published_time":"2018-05-09T16:38:02+00:00","article_modified_time":"2018-05-09T16:56:56+00:00","og_image":[{"width":950,"height":335,"url":"https:\/\/raed.academy\/wp-content\/uploads\/2018\/05\/escudo-convocatoria-Compagnie-des-Mousquetaires-d-Armagnac-dstNtc.jpg","type":"image\/jpeg"}],"author":"RAED","twitter_card":"summary_large_image","twitter_creator":"@raedacademy","twitter_site":"@raedacademy","twitter_misc":{"Written by":"RAED","Est. reading time":"1 minute"},"schema":{"@context":"https:\/\/schema.org","@graph":[{"@type":"Article","@id":"https:\/\/raed.academy\/ca\/mosqueters-a-barcelona\/#article","isPartOf":{"@id":"https:\/\/raed.academy\/ca\/mosqueters-a-barcelona\/"},"author":{"name":"RAED","@id":"https:\/\/raed.academy\/ca\/#\/schema\/person\/5a755da80d1d979fd66ba745c8702927"},"headline":"Mosqueters a Barcelona","datePublished":"2018-05-09T16:38:02+00:00","dateModified":"2018-05-09T16:56:56+00:00","mainEntityOfPage":{"@id":"https:\/\/raed.academy\/ca\/mosqueters-a-barcelona\/"},"wordCount":306,"publisher":{"@id":"https:\/\/raed.academy\/ca\/#organization"},"image":{"@id":"https:\/\/raed.academy\/ca\/mosqueters-a-barcelona\/#primaryimage"},"thumbnailUrl":"https:\/\/raed.academy\/wp-content\/uploads\/2018\/05\/escudo-convocatoria-Compagnie-des-Mousquetaires-d-Armagnac-dstNtc.jpg","articleSection":["Uncategorized @ca"],"inLanguage":"ca-ES"},{"@type":"WebPage","@id":"https:\/\/raed.academy\/ca\/mosqueters-a-barcelona\/","url":"https:\/\/raed.academy\/ca\/mosqueters-a-barcelona\/","name":"Mosqueters a Barcelona - Reial Acad\u00e8mia Europea de Doctors","isPartOf":{"@id":"https:\/\/raed.academy\/ca\/#website"},"primaryImageOfPage":{"@id":"https:\/\/raed.academy\/ca\/mosqueters-a-barcelona\/#primaryimage"},"image":{"@id":"https:\/\/raed.academy\/ca\/mosqueters-a-barcelona\/#primaryimage"},"thumbnailUrl":"https:\/\/raed.academy\/wp-content\/uploads\/2018\/05\/escudo-convocatoria-Compagnie-des-Mousquetaires-d-Armagnac-dstNtc.jpg","datePublished":"2018-05-09T16:38:02+00:00","dateModified":"2018-05-09T16:56:56+00:00","description":"L'Estat Major de la Companyia de Mosqueters d'Armagnac convoca el Gran Cap\u00edtol de l'Esquadr\u00f3 Espanya, que se celebrar\u00e0 el proper 25 de maig a la Sala dels Atlants del Reial Cercle Art\u00edstic de Barcelona. Durant l'acte es procedir\u00e0 a l'entronitzaci\u00f3 de nous mosqueters de l'Esquadr\u00f3.","breadcrumb":{"@id":"https:\/\/raed.academy\/ca\/mosqueters-a-barcelona\/#breadcrumb"},"inLanguage":"ca-ES","potentialAction":[{"@type":"ReadAction","target":["https:\/\/raed.academy\/ca\/mosqueters-a-barcelona\/"]}]},{"@type":"ImageObject","inLanguage":"ca-ES","@id":"https:\/\/raed.academy\/ca\/mosqueters-a-barcelona\/#primaryimage","url":"https:\/\/raed.academy\/wp-content\/uploads\/2018\/05\/escudo-convocatoria-Compagnie-des-Mousquetaires-d-Armagnac-dstNtc.jpg","contentUrl":"https:\/\/raed.academy\/wp-content\/uploads\/2018\/05\/escudo-convocatoria-Compagnie-des-Mousquetaires-d-Armagnac-dstNtc.jpg","width":950,"height":335},{"@type":"BreadcrumbList","@id":"https:\/\/raed.academy\/ca\/mosqueters-a-barcelona\/#breadcrumb","itemListElement":[{"@type":"ListItem","position":1,"name":"Inicio","item":"https:\/\/raed.academy\/ca\/"},{"@type":"ListItem","position":2,"name":"Mosqueters a Barcelona"}]},{"@type":"WebSite","@id":"https:\/\/raed.academy\/ca\/#website","url":"https:\/\/raed.academy\/ca\/","name":"Reial Acad\u00e8mia Europea de Doctors","description":"Corporaci\u00f3n de derecho p\u00fablico de car\u00e1cter cient\u00edfico, t\u00e9cnico y art\u00edstico, que tiene por objeto la investigaci\u00f3n, el estudio, el fomento y la extensi\u00f3n del conocimiento en su sentido m\u00e1s amplio","publisher":{"@id":"https:\/\/raed.academy\/ca\/#organization"},"potentialAction":[{"@type":"SearchAction","target":{"@type":"EntryPoint","urlTemplate":"https:\/\/raed.academy\/ca\/?s={search_term_string}"},"query-input":{"@type":"PropertyValueSpecification","valueRequired":true,"valueName":"search_term_string"}}],"inLanguage":"ca-ES"},{"@type":"Organization","@id":"https:\/\/raed.academy\/ca\/#organization","name":"Real Academia Europea de Doctores","url":"https:\/\/raed.academy\/ca\/","logo":{"@type":"ImageObject","inLanguage":"ca-ES","@id":"https:\/\/raed.academy\/ca\/#\/schema\/logo\/image\/","url":"https:\/\/raed.academy\/wp-content\/uploads\/2017\/01\/cropped-logo_raed.png","contentUrl":"https:\/\/raed.academy\/wp-content\/uploads\/2017\/01\/cropped-logo_raed.png","width":512,"height":512,"caption":"Real Academia Europea de Doctores"},"image":{"@id":"https:\/\/raed.academy\/ca\/#\/schema\/logo\/image\/"},"sameAs":["http:\/\/fb.me\/raed.academy","https:\/\/x.com\/raedacademy","https:\/\/www.instagram.com\/raed.academy\/","https:\/\/www.youtube.com\/channel\/UCUYQwW2KrdirNWihxMDObwg"]},{"@type":"Person","@id":"https:\/\/raed.academy\/ca\/#\/schema\/person\/5a755da80d1d979fd66ba745c8702927","name":"RAED","image":{"@type":"ImageObject","inLanguage":"ca-ES","@id":"https:\/\/secure.gravatar.com\/avatar\/19fdfdc0d67fb9c45714b703a2ac82251c4fcea3637f002ac3c9b74c0183583c?s=96&d=mm&r=g","url":"https:\/\/secure.gravatar.com\/avatar\/19fdfdc0d67fb9c45714b703a2ac82251c4fcea3637f002ac3c9b74c0183583c?s=96&d=mm&r=g","contentUrl":"https:\/\/secure.gravatar.com\/avatar\/19fdfdc0d67fb9c45714b703a2ac82251c4fcea3637f002ac3c9b74c0183583c?s=96&d=mm&r=g","caption":"RAED"}}]}},"_links":{"self":[{"href":"https:\/\/raed.academy\/ca\/wp-json\/wp\/v2\/posts\/45350","targetHints":{"allow":["GET"]}}],"collection":[{"href":"https:\/\/raed.academy\/ca\/wp-json\/wp\/v2\/posts"}],"about":[{"href":"https:\/\/raed.academy\/ca\/wp-json\/wp\/v2\/types\/post"}],"author":[{"embeddable":true,"href":"https:\/\/raed.academy\/ca\/wp-json\/wp\/v2\/users\/12"}],"replies":[{"embeddable":true,"href":"https:\/\/raed.academy\/ca\/wp-json\/wp\/v2\/comments?post=45350"}],"version-history":[{"count":0,"href":"https:\/\/raed.academy\/ca\/wp-json\/wp\/v2\/posts\/45350\/revisions"}],"wp:featuredmedia":[{"embeddable":true,"href":"https:\/\/raed.academy\/ca\/wp-json\/wp\/v2\/media\/45278"}],"wp:attachment":[{"href":"https:\/\/raed.academy\/ca\/wp-json\/wp\/v2\/media?parent=45350"}],"wp:term":[{"taxonomy":"category","embeddable":true,"href":"https:\/\/raed.academy\/ca\/wp-json\/wp\/v2\/categories?post=45350"},{"taxonomy":"post_tag","embeddable":true,"href":"https:\/\/raed.academy\/ca\/wp-json\/wp\/v2\/tags?post=45350"}],"curies":[{"name":"wp","href":"https:\/\/api.w.org\/{rel}","templated":true}]}}