{"id":44897,"date":"2018-04-20T08:48:24","date_gmt":"2018-04-20T08:48:24","guid":{"rendered":"http:\/\/raed.academy\/?p=44897"},"modified":"2018-04-25T15:13:23","modified_gmt":"2018-04-25T15:13:23","slug":"155-los-dias-que-estremecieron-a-cataluna-arriba-a-barcelona","status":"publish","type":"post","link":"https:\/\/raed.academy\/ca\/155-los-dias-que-estremecieron-a-cataluna-arriba-a-barcelona\/","title":{"rendered":"&#8220;155. Los d\u00edas que estremecieron a Catalu\u00f1a&#8221; arriba a Barcelona"},"content":{"rendered":"<p><img loading=\"lazy\" decoding=\"async\" class=\"alignright size-full wp-image-44952\" src=\"http:\/\/raed.academy\/wp-content\/uploads\/2018\/04\/155-los-dias-que-estremecieron-catalu\u00f1a.jpg\" alt=\"Portada libro 155-los-dias-que-estremecieron-catalu\u00f1a\" width=\"259\" height=\"381\" \/><a href=\"http:\/\/raed.academy\/ca\/academics\/dra-teresa-freixes-sanjuan\/\" target=\"_blank\" rel=\"noopener\"><strong>Teresa Freixes<\/strong><\/a>, catedr\u00e0tica de Dret Constitucional de la <a href=\"http:\/\/www.uab.edu\" target=\"_blank\" rel=\"noopener\"><strong>Universitat Aut\u00f2noma de Barcelona<\/strong><\/a>, \u200b\u200bfundadora i presidenta de la plataforma <a href=\"http:\/\/es-es.facebook.com\/concordiacivica\" target=\"_blank\" rel=\"noopener\"><strong>Conc\u00f2rdia C\u00edvica<\/strong><\/a> i acad\u00e8mica de n\u00famero de la <strong>Reial Acad\u00e8mia Europea de Doctors-Barcelona 1914<\/strong> (RAED) presentar\u00e0 aquest 25 d&#8217;abril, a les 19.00 h, a la llibreria <a href=\"http:\/\/www.alibri.es\" target=\"_blank\" rel=\"noopener\"><strong>Alibri<\/strong> <\/a>de Barcelona (c \/ Balmes, 26) la seva obra <strong>&#8220;155. Los d\u00edas que estremecieron a Catalu\u00f1a&#8221;<\/strong>, on relata el cam\u00ed que va portar a l&#8217;aplicaci\u00f3 a Catalunya de l&#8217;article 155 de la Constituci\u00f3, la intervenci\u00f3 de les seves institucions de govern, la dissoluci\u00f3 del Parlament catal\u00e0 i la convocat\u00f2ria i celebraci\u00f3 de noves eleccions. Tot aix\u00f2, paradoxalment, en un per\u00edode aproximat de 155 dies.<\/p>\n<p>La presentaci\u00f3 estar\u00e0 condu\u00efda pel tamb\u00e9 acad\u00e8mic numerari i president de l&#8217;<strong>Institut d&#8217;Investigacions Interdisciplin\u00e0ries<\/strong> de la RAED <a href=\"http:\/\/raed.academy\/academicos\/dr-jose-ramon-calvo-fernandez\/\" target=\"_blank\" rel=\"noopener\"><strong>Jos\u00e9 Ram\u00f3n Calvo<\/strong><\/a>. A l&#8217;acte tamb\u00e9 participaran el periodista <strong>Sergio Fidalgo<\/strong>, president del <a href=\"http:\/\/pimargall.org\" target=\"_blank\" rel=\"noopener\"><strong>Grup de Periodistes Pi i Margall<\/strong><\/a>, i <strong>Francesc Moreno<\/strong>, advocat i president del Consell Editorial del diari digital <a href=\"http:\/\/cronicaglobal.elespanol.com\" target=\"_blank\" rel=\"noopener\"><strong>Cr\u00f2nica Global<\/strong><\/a>. La sessi\u00f3 ha estat organitzada per l&#8217;editorial <a href=\"http:\/\/es-es.facebook.com\/editorialdonatecla\" target=\"_blank\" rel=\"noopener\"><strong>Do\u00f1a Tecla<\/strong><\/a> i el <a href=\"http:\/\/lawebdeclac.com\" target=\"_blank\" rel=\"noopener\"><strong>Centre Lliure d&#8217;Art i Cultura<\/strong><\/a>, i ser\u00e0 obert al p\u00fablic.<\/p>\n<p>Renunciant al relat lineal, el llibre aborda els esdeveniments succe\u00efts entre els &#8220;plens de la vergonya&#8221;, com els defineix l&#8217;autora, que la cambra catalana va celebrar el 6 i 7 de setembre de 2017 tractant de construir un corpus legal incomplint la legalitat espanyola i catalana i la sessi\u00f3 constitutiva de la nova c\u00e0mera sortida de les urnes el 21 de desembre. Freixes den\u00fancia p\u00e0gina rere p\u00e0gina el que considera &#8220;una imposici\u00f3 per part de la minoria que encap\u00e7alen els partits separatistes que respon a una estrat\u00e8gia prefabricada i perfectament orquestrada&#8221;.<\/p>\n\n\t\t<style type=\"text\/css\">\n\t\t\t#gallery-1 {\n\t\t\t\tmargin: auto;\n\t\t\t}\n\t\t\t#gallery-1 .gallery-item {\n\t\t\t\tfloat: left;\n\t\t\t\tmargin-top: 10px;\n\t\t\t\ttext-align: center;\n\t\t\t\twidth: 50%;\n\t\t\t}\n\t\t\t#gallery-1 img {\n\t\t\t\tborder: 2px solid #cfcfcf;\n\t\t\t}\n\t\t\t#gallery-1 .gallery-caption {\n\t\t\t\tmargin-left: 0;\n\t\t\t}\n\t\t\t\/* see gallery_shortcode() in wp-includes\/media.php *\/\n\t\t<\/style>\n\t\t<div id='gallery-1' class='gallery galleryid-44897 gallery-columns-2 gallery-size-medium'><dl class='gallery-item'>\n\t\t\t<dt class='gallery-icon landscape'>\n\t\t\t\t<a href='https:\/\/raed.academy\/wp-content\/uploads\/2018\/04\/Teresa-Freixes-Sanjuan.jpg'><img loading=\"lazy\" decoding=\"async\" width=\"600\" height=\"338\" src=\"https:\/\/raed.academy\/wp-content\/uploads\/2018\/04\/Teresa-Freixes-Sanjuan.jpg\" class=\"attachment-medium size-medium\" alt=\"\" aria-describedby=\"gallery-1-54573\" \/><\/a>\n\t\t\t<\/dt>\n\t\t\t\t<dd class='wp-caption-text gallery-caption' id='gallery-1-54573'>\n\t\t\t\tDra. Teresa Freixes\n\t\t\t\t<\/dd><\/dl><dl class='gallery-item'>\n\t\t\t<dt class='gallery-icon landscape'>\n\t\t\t\t<a href='https:\/\/raed.academy\/wp-content\/uploads\/2018\/04\/Jose-Ramon-Calvo.jpeg'><img loading=\"lazy\" decoding=\"async\" width=\"600\" height=\"338\" src=\"https:\/\/raed.academy\/wp-content\/uploads\/2018\/04\/Jose-Ramon-Calvo.jpeg\" class=\"attachment-medium size-medium\" alt=\"\" aria-describedby=\"gallery-1-54571\" \/><\/a>\n\t\t\t<\/dt>\n\t\t\t\t<dd class='wp-caption-text gallery-caption' id='gallery-1-54571'>\n\t\t\t\tDr. Jos\u00e9 Ram\u00f3n Calvo\n\t\t\t\t<\/dd><\/dl><br style=\"clear: both\" \/>\n\t\t<\/div>\n\n<h3><a href=\"http:\/\/raed.academy\/wp-content\/uploads\/2018\/04\/Invitaci\u00f3n-presentacion-libro-Teresa-Freixes.jpg\" target=\"_blank\" rel=\"noopener\">Descarregar invitaci\u00f3<\/a><\/h3>\n","protected":false},"excerpt":{"rendered":"<p>Teresa Freixes, catedr\u00e0tica de Dret Constitucional de la Universitat Aut\u00f2noma de Barcelona, \u200b\u200bfundadora i presidenta de la plataforma Conc\u00f2rdia C\u00edvica i acad\u00e8mica de n\u00famero de la Reial Acad\u00e8mia Europea de Doctors-Barcelona 1914 (RAED) presentar\u00e0 aquest 25 d&#8217;abril, a les 19.00 h, a la llibreria Alibri de Barcelona (c \/ Balmes, 26) la seva obra &#8220;155. [&hellip;]<\/p>\n","protected":false},"author":12,"featured_media":0,"comment_status":"closed","ping_status":"closed","sticky":false,"template":"","format":"standard","meta":{"_et_pb_use_builder":"","_et_pb_old_content":"","_et_gb_content_width":"","footnotes":""},"categories":[72],"tags":[],"class_list":["post-44897","post","type-post","status-publish","format-standard","hentry","category-uncategorized-ca","et-doesnt-have-format-content","et_post_format-et-post-format-standard"],"yoast_head":"<!-- This site is optimized with the Yoast SEO plugin v27.4 - https:\/\/yoast.com\/product\/yoast-seo-wordpress\/ -->\n<title>&quot;155. Los d\u00edas que estremecieron a Catalu\u00f1a&quot; arriba a Barcelona - Reial Acad\u00e8mia Europea de Doctors<\/title>\n<meta name=\"robots\" content=\"index, follow, max-snippet:-1, max-image-preview:large, max-video-preview:-1\" \/>\n<link rel=\"canonical\" href=\"https:\/\/raed.academy\/ca\/155-los-dias-que-estremecieron-a-cataluna-arriba-a-barcelona\/\" \/>\n<meta property=\"og:locale\" content=\"ca_ES\" \/>\n<meta property=\"og:type\" content=\"article\" \/>\n<meta property=\"og:title\" content=\"&quot;155. Los d\u00edas que estremecieron a Catalu\u00f1a&quot; arriba a Barcelona - Reial Acad\u00e8mia Europea de Doctors\" \/>\n<meta property=\"og:description\" content=\"Teresa Freixes, catedr\u00e0tica de Dret Constitucional de la Universitat Aut\u00f2noma de Barcelona, \u200b\u200bfundadora i presidenta de la plataforma Conc\u00f2rdia C\u00edvica i acad\u00e8mica de n\u00famero de la Reial Acad\u00e8mia Europea de Doctors-Barcelona 1914 (RAED) presentar\u00e0 aquest 25 d&#8217;abril, a les 19.00 h, a la llibreria Alibri de Barcelona (c \/ Balmes, 26) la seva obra &#8220;155. [&hellip;]\" \/>\n<meta property=\"og:url\" content=\"https:\/\/raed.academy\/ca\/155-los-dias-que-estremecieron-a-cataluna-arriba-a-barcelona\/\" \/>\n<meta property=\"og:site_name\" content=\"Reial Acad\u00e8mia Europea de Doctors\" \/>\n<meta property=\"article:publisher\" content=\"http:\/\/fb.me\/raed.academy\" \/>\n<meta property=\"article:published_time\" content=\"2018-04-20T08:48:24+00:00\" \/>\n<meta property=\"article:modified_time\" content=\"2018-04-25T15:13:23+00:00\" \/>\n<meta property=\"og:image\" content=\"https:\/\/raed.academy\/wp-content\/uploads\/2018\/04\/Teresa-Freixes-Sanjuan.jpg\" \/>\n<meta name=\"author\" content=\"RAED\" \/>\n<meta name=\"twitter:card\" content=\"summary_large_image\" \/>\n<meta name=\"twitter:creator\" content=\"@raedacademy\" \/>\n<meta name=\"twitter:site\" content=\"@raedacademy\" \/>\n<meta name=\"twitter:label1\" content=\"Written by\" \/>\n\t<meta name=\"twitter:data1\" content=\"RAED\" \/>\n\t<meta name=\"twitter:label2\" content=\"Est. reading time\" \/>\n\t<meta name=\"twitter:data2\" content=\"1 minute\" \/>\n<script type=\"application\/ld+json\" class=\"yoast-schema-graph\">{\"@context\":\"https:\\\/\\\/schema.org\",\"@graph\":[{\"@type\":\"Article\",\"@id\":\"https:\\\/\\\/raed.academy\\\/ca\\\/155-los-dias-que-estremecieron-a-cataluna-arriba-a-barcelona\\\/#article\",\"isPartOf\":{\"@id\":\"https:\\\/\\\/raed.academy\\\/ca\\\/155-los-dias-que-estremecieron-a-cataluna-arriba-a-barcelona\\\/\"},\"author\":{\"name\":\"RAED\",\"@id\":\"https:\\\/\\\/raed.academy\\\/ca\\\/#\\\/schema\\\/person\\\/5a755da80d1d979fd66ba745c8702927\"},\"headline\":\"&#8220;155. Los d\u00edas que estremecieron a Catalu\u00f1a&#8221; arriba a Barcelona\",\"datePublished\":\"2018-04-20T08:48:24+00:00\",\"dateModified\":\"2018-04-25T15:13:23+00:00\",\"mainEntityOfPage\":{\"@id\":\"https:\\\/\\\/raed.academy\\\/ca\\\/155-los-dias-que-estremecieron-a-cataluna-arriba-a-barcelona\\\/\"},\"wordCount\":315,\"publisher\":{\"@id\":\"https:\\\/\\\/raed.academy\\\/ca\\\/#organization\"},\"articleSection\":[\"Uncategorized @ca\"],\"inLanguage\":\"ca-ES\"},{\"@type\":\"WebPage\",\"@id\":\"https:\\\/\\\/raed.academy\\\/ca\\\/155-los-dias-que-estremecieron-a-cataluna-arriba-a-barcelona\\\/\",\"url\":\"https:\\\/\\\/raed.academy\\\/ca\\\/155-los-dias-que-estremecieron-a-cataluna-arriba-a-barcelona\\\/\",\"name\":\"\\\"155. Los d\u00edas que estremecieron a Catalu\u00f1a\\\" arriba a Barcelona - Reial Acad\u00e8mia Europea de Doctors\",\"isPartOf\":{\"@id\":\"https:\\\/\\\/raed.academy\\\/ca\\\/#website\"},\"datePublished\":\"2018-04-20T08:48:24+00:00\",\"dateModified\":\"2018-04-25T15:13:23+00:00\",\"breadcrumb\":{\"@id\":\"https:\\\/\\\/raed.academy\\\/ca\\\/155-los-dias-que-estremecieron-a-cataluna-arriba-a-barcelona\\\/#breadcrumb\"},\"inLanguage\":\"ca-ES\",\"potentialAction\":[{\"@type\":\"ReadAction\",\"target\":[\"https:\\\/\\\/raed.academy\\\/ca\\\/155-los-dias-que-estremecieron-a-cataluna-arriba-a-barcelona\\\/\"]}]},{\"@type\":\"BreadcrumbList\",\"@id\":\"https:\\\/\\\/raed.academy\\\/ca\\\/155-los-dias-que-estremecieron-a-cataluna-arriba-a-barcelona\\\/#breadcrumb\",\"itemListElement\":[{\"@type\":\"ListItem\",\"position\":1,\"name\":\"Inicio\",\"item\":\"https:\\\/\\\/raed.academy\\\/ca\\\/\"},{\"@type\":\"ListItem\",\"position\":2,\"name\":\"&#8220;155. Los d\u00edas que estremecieron a Catalu\u00f1a&#8221; arriba a Barcelona\"}]},{\"@type\":\"WebSite\",\"@id\":\"https:\\\/\\\/raed.academy\\\/ca\\\/#website\",\"url\":\"https:\\\/\\\/raed.academy\\\/ca\\\/\",\"name\":\"Reial Acad\u00e8mia Europea de Doctors\",\"description\":\"Corporaci\u00f3n de derecho p\u00fablico de car\u00e1cter cient\u00edfico, t\u00e9cnico y art\u00edstico, que tiene por objeto la investigaci\u00f3n, el estudio, el fomento y la extensi\u00f3n del conocimiento en su sentido m\u00e1s amplio\",\"publisher\":{\"@id\":\"https:\\\/\\\/raed.academy\\\/ca\\\/#organization\"},\"potentialAction\":[{\"@type\":\"SearchAction\",\"target\":{\"@type\":\"EntryPoint\",\"urlTemplate\":\"https:\\\/\\\/raed.academy\\\/ca\\\/?s={search_term_string}\"},\"query-input\":{\"@type\":\"PropertyValueSpecification\",\"valueRequired\":true,\"valueName\":\"search_term_string\"}}],\"inLanguage\":\"ca-ES\"},{\"@type\":\"Organization\",\"@id\":\"https:\\\/\\\/raed.academy\\\/ca\\\/#organization\",\"name\":\"Real Academia Europea de Doctores\",\"url\":\"https:\\\/\\\/raed.academy\\\/ca\\\/\",\"logo\":{\"@type\":\"ImageObject\",\"inLanguage\":\"ca-ES\",\"@id\":\"https:\\\/\\\/raed.academy\\\/ca\\\/#\\\/schema\\\/logo\\\/image\\\/\",\"url\":\"https:\\\/\\\/raed.academy\\\/wp-content\\\/uploads\\\/2017\\\/01\\\/cropped-logo_raed.png\",\"contentUrl\":\"https:\\\/\\\/raed.academy\\\/wp-content\\\/uploads\\\/2017\\\/01\\\/cropped-logo_raed.png\",\"width\":512,\"height\":512,\"caption\":\"Real Academia Europea de Doctores\"},\"image\":{\"@id\":\"https:\\\/\\\/raed.academy\\\/ca\\\/#\\\/schema\\\/logo\\\/image\\\/\"},\"sameAs\":[\"http:\\\/\\\/fb.me\\\/raed.academy\",\"https:\\\/\\\/x.com\\\/raedacademy\",\"https:\\\/\\\/www.instagram.com\\\/raed.academy\\\/\",\"https:\\\/\\\/www.youtube.com\\\/channel\\\/UCUYQwW2KrdirNWihxMDObwg\"]},{\"@type\":\"Person\",\"@id\":\"https:\\\/\\\/raed.academy\\\/ca\\\/#\\\/schema\\\/person\\\/5a755da80d1d979fd66ba745c8702927\",\"name\":\"RAED\",\"image\":{\"@type\":\"ImageObject\",\"inLanguage\":\"ca-ES\",\"@id\":\"https:\\\/\\\/secure.gravatar.com\\\/avatar\\\/19fdfdc0d67fb9c45714b703a2ac82251c4fcea3637f002ac3c9b74c0183583c?s=96&d=mm&r=g\",\"url\":\"https:\\\/\\\/secure.gravatar.com\\\/avatar\\\/19fdfdc0d67fb9c45714b703a2ac82251c4fcea3637f002ac3c9b74c0183583c?s=96&d=mm&r=g\",\"contentUrl\":\"https:\\\/\\\/secure.gravatar.com\\\/avatar\\\/19fdfdc0d67fb9c45714b703a2ac82251c4fcea3637f002ac3c9b74c0183583c?s=96&d=mm&r=g\",\"caption\":\"RAED\"}}]}<\/script>\n<!-- \/ Yoast SEO plugin. -->","yoast_head_json":{"title":"\"155. Los d\u00edas que estremecieron a Catalu\u00f1a\" arriba a Barcelona - Reial Acad\u00e8mia Europea de Doctors","robots":{"index":"index","follow":"follow","max-snippet":"max-snippet:-1","max-image-preview":"max-image-preview:large","max-video-preview":"max-video-preview:-1"},"canonical":"https:\/\/raed.academy\/ca\/155-los-dias-que-estremecieron-a-cataluna-arriba-a-barcelona\/","og_locale":"ca_ES","og_type":"article","og_title":"\"155. Los d\u00edas que estremecieron a Catalu\u00f1a\" arriba a Barcelona - Reial Acad\u00e8mia Europea de Doctors","og_description":"Teresa Freixes, catedr\u00e0tica de Dret Constitucional de la Universitat Aut\u00f2noma de Barcelona, \u200b\u200bfundadora i presidenta de la plataforma Conc\u00f2rdia C\u00edvica i acad\u00e8mica de n\u00famero de la Reial Acad\u00e8mia Europea de Doctors-Barcelona 1914 (RAED) presentar\u00e0 aquest 25 d&#8217;abril, a les 19.00 h, a la llibreria Alibri de Barcelona (c \/ Balmes, 26) la seva obra &#8220;155. [&hellip;]","og_url":"https:\/\/raed.academy\/ca\/155-los-dias-que-estremecieron-a-cataluna-arriba-a-barcelona\/","og_site_name":"Reial Acad\u00e8mia Europea de Doctors","article_publisher":"http:\/\/fb.me\/raed.academy","article_published_time":"2018-04-20T08:48:24+00:00","article_modified_time":"2018-04-25T15:13:23+00:00","og_image":[{"url":"https:\/\/raed.academy\/wp-content\/uploads\/2018\/04\/Teresa-Freixes-Sanjuan.jpg","type":"","width":"","height":""}],"author":"RAED","twitter_card":"summary_large_image","twitter_creator":"@raedacademy","twitter_site":"@raedacademy","twitter_misc":{"Written by":"RAED","Est. reading time":"1 minute"},"schema":{"@context":"https:\/\/schema.org","@graph":[{"@type":"Article","@id":"https:\/\/raed.academy\/ca\/155-los-dias-que-estremecieron-a-cataluna-arriba-a-barcelona\/#article","isPartOf":{"@id":"https:\/\/raed.academy\/ca\/155-los-dias-que-estremecieron-a-cataluna-arriba-a-barcelona\/"},"author":{"name":"RAED","@id":"https:\/\/raed.academy\/ca\/#\/schema\/person\/5a755da80d1d979fd66ba745c8702927"},"headline":"&#8220;155. Los d\u00edas que estremecieron a Catalu\u00f1a&#8221; arriba a Barcelona","datePublished":"2018-04-20T08:48:24+00:00","dateModified":"2018-04-25T15:13:23+00:00","mainEntityOfPage":{"@id":"https:\/\/raed.academy\/ca\/155-los-dias-que-estremecieron-a-cataluna-arriba-a-barcelona\/"},"wordCount":315,"publisher":{"@id":"https:\/\/raed.academy\/ca\/#organization"},"articleSection":["Uncategorized @ca"],"inLanguage":"ca-ES"},{"@type":"WebPage","@id":"https:\/\/raed.academy\/ca\/155-los-dias-que-estremecieron-a-cataluna-arriba-a-barcelona\/","url":"https:\/\/raed.academy\/ca\/155-los-dias-que-estremecieron-a-cataluna-arriba-a-barcelona\/","name":"\"155. Los d\u00edas que estremecieron a Catalu\u00f1a\" arriba a Barcelona - Reial Acad\u00e8mia Europea de Doctors","isPartOf":{"@id":"https:\/\/raed.academy\/ca\/#website"},"datePublished":"2018-04-20T08:48:24+00:00","dateModified":"2018-04-25T15:13:23+00:00","breadcrumb":{"@id":"https:\/\/raed.academy\/ca\/155-los-dias-que-estremecieron-a-cataluna-arriba-a-barcelona\/#breadcrumb"},"inLanguage":"ca-ES","potentialAction":[{"@type":"ReadAction","target":["https:\/\/raed.academy\/ca\/155-los-dias-que-estremecieron-a-cataluna-arriba-a-barcelona\/"]}]},{"@type":"BreadcrumbList","@id":"https:\/\/raed.academy\/ca\/155-los-dias-que-estremecieron-a-cataluna-arriba-a-barcelona\/#breadcrumb","itemListElement":[{"@type":"ListItem","position":1,"name":"Inicio","item":"https:\/\/raed.academy\/ca\/"},{"@type":"ListItem","position":2,"name":"&#8220;155. Los d\u00edas que estremecieron a Catalu\u00f1a&#8221; arriba a Barcelona"}]},{"@type":"WebSite","@id":"https:\/\/raed.academy\/ca\/#website","url":"https:\/\/raed.academy\/ca\/","name":"Reial Acad\u00e8mia Europea de Doctors","description":"Corporaci\u00f3n de derecho p\u00fablico de car\u00e1cter cient\u00edfico, t\u00e9cnico y art\u00edstico, que tiene por objeto la investigaci\u00f3n, el estudio, el fomento y la extensi\u00f3n del conocimiento en su sentido m\u00e1s amplio","publisher":{"@id":"https:\/\/raed.academy\/ca\/#organization"},"potentialAction":[{"@type":"SearchAction","target":{"@type":"EntryPoint","urlTemplate":"https:\/\/raed.academy\/ca\/?s={search_term_string}"},"query-input":{"@type":"PropertyValueSpecification","valueRequired":true,"valueName":"search_term_string"}}],"inLanguage":"ca-ES"},{"@type":"Organization","@id":"https:\/\/raed.academy\/ca\/#organization","name":"Real Academia Europea de Doctores","url":"https:\/\/raed.academy\/ca\/","logo":{"@type":"ImageObject","inLanguage":"ca-ES","@id":"https:\/\/raed.academy\/ca\/#\/schema\/logo\/image\/","url":"https:\/\/raed.academy\/wp-content\/uploads\/2017\/01\/cropped-logo_raed.png","contentUrl":"https:\/\/raed.academy\/wp-content\/uploads\/2017\/01\/cropped-logo_raed.png","width":512,"height":512,"caption":"Real Academia Europea de Doctores"},"image":{"@id":"https:\/\/raed.academy\/ca\/#\/schema\/logo\/image\/"},"sameAs":["http:\/\/fb.me\/raed.academy","https:\/\/x.com\/raedacademy","https:\/\/www.instagram.com\/raed.academy\/","https:\/\/www.youtube.com\/channel\/UCUYQwW2KrdirNWihxMDObwg"]},{"@type":"Person","@id":"https:\/\/raed.academy\/ca\/#\/schema\/person\/5a755da80d1d979fd66ba745c8702927","name":"RAED","image":{"@type":"ImageObject","inLanguage":"ca-ES","@id":"https:\/\/secure.gravatar.com\/avatar\/19fdfdc0d67fb9c45714b703a2ac82251c4fcea3637f002ac3c9b74c0183583c?s=96&d=mm&r=g","url":"https:\/\/secure.gravatar.com\/avatar\/19fdfdc0d67fb9c45714b703a2ac82251c4fcea3637f002ac3c9b74c0183583c?s=96&d=mm&r=g","contentUrl":"https:\/\/secure.gravatar.com\/avatar\/19fdfdc0d67fb9c45714b703a2ac82251c4fcea3637f002ac3c9b74c0183583c?s=96&d=mm&r=g","caption":"RAED"}}]}},"_links":{"self":[{"href":"https:\/\/raed.academy\/ca\/wp-json\/wp\/v2\/posts\/44897","targetHints":{"allow":["GET"]}}],"collection":[{"href":"https:\/\/raed.academy\/ca\/wp-json\/wp\/v2\/posts"}],"about":[{"href":"https:\/\/raed.academy\/ca\/wp-json\/wp\/v2\/types\/post"}],"author":[{"embeddable":true,"href":"https:\/\/raed.academy\/ca\/wp-json\/wp\/v2\/users\/12"}],"replies":[{"embeddable":true,"href":"https:\/\/raed.academy\/ca\/wp-json\/wp\/v2\/comments?post=44897"}],"version-history":[{"count":0,"href":"https:\/\/raed.academy\/ca\/wp-json\/wp\/v2\/posts\/44897\/revisions"}],"wp:attachment":[{"href":"https:\/\/raed.academy\/ca\/wp-json\/wp\/v2\/media?parent=44897"}],"wp:term":[{"taxonomy":"category","embeddable":true,"href":"https:\/\/raed.academy\/ca\/wp-json\/wp\/v2\/categories?post=44897"},{"taxonomy":"post_tag","embeddable":true,"href":"https:\/\/raed.academy\/ca\/wp-json\/wp\/v2\/tags?post=44897"}],"curies":[{"name":"wp","href":"https:\/\/api.w.org\/{rel}","templated":true}]}}