{"id":44148,"date":"2018-04-02T09:11:13","date_gmt":"2018-04-02T09:11:13","guid":{"rendered":"http:\/\/raed.academy\/?p=44148"},"modified":"2018-04-05T10:55:53","modified_gmt":"2018-04-05T10:55:53","slug":"horaris-conciliacio-laboral","status":"publish","type":"post","link":"https:\/\/raed.academy\/ca\/horaris-conciliacio-laboral\/","title":{"rendered":"Aquestes no s\u00f3n hores"},"content":{"rendered":"<p><strong>Ignacio Buqueras<\/strong>, acad\u00e8mic de n\u00famero de la <a href=\"http:\/\/www.radoctores.es\" target=\"_blank\" rel=\"noopener\"><strong>Reial Acad\u00e8mia de Doctors d&#8217;Espanya<\/strong><\/a>, president d&#8217;honor de la <a href=\"http:\/\/www.horariosenespana.com\" target=\"_blank\" rel=\"noopener\"><strong>Comissi\u00f3 Nacional per a la Racionalitzaci\u00f3 d&#8217;Horaris a Espanya<\/strong><\/a> i assidu col\u00b7laborador de la <strong>Reial Acad\u00e8mia Europea de Doctors-Barcelona 1914<\/strong> (RAED), va intervenir el passat 20 de mar\u00e7 a la <strong>&#8220;Jornada 20M: los hombres hablan sobre pol\u00edticas de conciliaci\u00f3n y corresponsabilidad&#8221;<\/strong>, organitzada per la <a href=\"http:\/\/www.cesif.es\" target=\"_blank\" rel=\"noopener\"><strong>Central Sindical Independent i de Funcionaris<\/strong><\/a> (CSIF) a la seu de la <strong>Secretaria d&#8217;Estat de Serveis Socials i Igualtat<\/strong>, a Madrid. Buqueras tamb\u00e9 va abordar el mateix assumpte l&#8217;endem\u00e0 passat a la seu madrilenya de l&#8217;escola de negocis <a href=\"http:\/\/www.eae.es\" target=\"_blank\" rel=\"noopener\"><strong>EAE<\/strong> <\/a>en un acte impulsat per la Comissi\u00f3 per a la Racionalitzaci\u00f3 d&#8217;Horaris.<\/p>\n<p>En tots dos f\u00f2rums, Buqueras va parlar de la urgent necessitat d&#8217;horaris racionals perqu\u00e8 la conciliaci\u00f3, la igualtat i la corresponsabilitat siguin una realitat i les dones no continu\u00efn sent les grans perjudicades. A la primera jornada va compartir espai amb <strong>Salvador Molina<\/strong>, president del f\u00f2rum <strong>Ecofin<\/strong>; <strong>Antonio Labrado<\/strong>, president de la <a href=\"http:\/\/www.cepolicia.org\" target=\"_blank\" rel=\"noopener\"><strong>Confederaci\u00f3 Espanyola de Policia<\/strong><\/a>; <strong>H\u00e9ctor Casado<\/strong>, sotsdirector general de Relacions Laborals de la <strong>Direcci\u00f3 General de Funci\u00f3 P\u00fablica<\/strong>, i <strong>Francisco Iglesias<\/strong>, vicepresident de CSIF.<\/p>\n<div id=\"attachment_44258\" style=\"width: 460px\" class=\"wp-caption alignright\"><img loading=\"lazy\" decoding=\"async\" aria-describedby=\"caption-attachment-44258\" class=\"wp-image-44258\" src=\"http:\/\/raed.academy\/wp-content\/uploads\/2018\/04\/Ignacio-Buqueras.jpg\" alt=\"Dr. Ignacio Buqueras\" width=\"450\" height=\"224\" \/><p id=\"caption-attachment-44258\" class=\"wp-caption-text\">Dr. Ignacio Buqueras<\/p><\/div>\n<p>A l&#8217;EAE va debatre amb <strong>Laura Baena<\/strong>, fundadora del <a href=\"http:\/\/www.clubdemalasmadres.org\" target=\"_blank\" rel=\"noopener\"><strong>Club de Malesmares<\/strong><\/a>; <strong>Elena Blasco<\/strong>, secret\u00e0ria confederal de Dones i Igualtat de <a href=\"http:\/\/www.ccoo.es\" target=\"_blank\" rel=\"noopener\"><strong>Comissions Obreres<\/strong><\/a>; <strong>Miguel Borra<\/strong>, president de CSIF; <strong>Toni Ferrer<\/strong>, secretari d&#8217;Ocupaci\u00f3 i Relacions Laborals del <a href=\"http:\/\/www.psoe.es\" target=\"_blank\" rel=\"noopener\"><strong>PSOE<\/strong><\/a>; <strong>\u00c1ngel Garc\u00eda<\/strong>, president de <a href=\"http:\/\/www.mensajerosdelapaz.com\" target=\"_blank\" rel=\"noopener\"><strong>Missatgers de la Pau<\/strong><\/a>, i <strong>Javier Maroto<\/strong>, vicesecretari de Pol\u00edtica Social i Sectorial del <a href=\"http:\/\/www.pp.es\" target=\"_blank\" rel=\"noopener\"><strong>PP<\/strong><\/a>, entre molts d&#8217;altres. Els participants en aquest acte van signar el <strong>Manifest per la Conciliaci\u00f3 i la Coresponsabilitat a Espanya<\/strong>, que reivindica l&#8217;adopci\u00f3 d&#8217;un comprom\u00eds ferm que es tradueixi en mesures reals, per part d&#8217;institucions i empreses, per fer possible una conciliaci\u00f3 coresponsable que afavoreixi la igualtat entre dones i homes, i millori la qualitat de vida de les persones.<\/p>\n<h3><a href=\"https:\/\/www.csif.es\/contenido\/nacional\/general\/250276\" target=\"_blank\" rel=\"noopener\">M\u00e9s informaci\u00f3 sobre la jornada 20M en el CSIF<\/a><\/h3>\n","protected":false},"excerpt":{"rendered":"<p>Ignacio Buqueras, acad\u00e8mic de n\u00famero de la Reial Acad\u00e8mia de Doctors d&#8217;Espanya, president d&#8217;honor de la Comissi\u00f3 Nacional per a la Racionalitzaci\u00f3 d&#8217;Horaris a Espanya i assidu col\u00b7laborador de la Reial Acad\u00e8mia Europea de Doctors-Barcelona 1914 (RAED), va intervenir el passat 20 de mar\u00e7 a la &#8220;Jornada 20M: los hombres hablan sobre pol\u00edticas de conciliaci\u00f3n [&hellip;]<\/p>\n","protected":false},"author":12,"featured_media":0,"comment_status":"closed","ping_status":"closed","sticky":false,"template":"","format":"standard","meta":{"_et_pb_use_builder":"","_et_pb_old_content":"","_et_gb_content_width":"","footnotes":""},"categories":[72],"tags":[],"class_list":["post-44148","post","type-post","status-publish","format-standard","hentry","category-uncategorized-ca","et-doesnt-have-format-content","et_post_format-et-post-format-standard"],"yoast_head":"<!-- This site is optimized with the Yoast SEO plugin v27.4 - https:\/\/yoast.com\/product\/yoast-seo-wordpress\/ -->\n<title>Horaris per a la conciliaci\u00f3 laboral | Reial Acad\u00e8mia Europea de Doctors<\/title>\n<meta name=\"description\" content=\"Ignacio Buqueras va intervenir el passat 20 de mar\u00e7 a la &quot;Jornada 20M&quot;, en la qual va parlar de la urgent necessitat d&#039;horaris racionals perqu\u00e8 la conciliaci\u00f3, la igualtat i la corresponsabilitat siguin una realitat i les dones no continu\u00efn sent les grans perjudicades.\" \/>\n<meta name=\"robots\" content=\"index, follow, max-snippet:-1, max-image-preview:large, max-video-preview:-1\" \/>\n<link rel=\"canonical\" href=\"https:\/\/raed.academy\/ca\/horaris-conciliacio-laboral\/\" \/>\n<meta property=\"og:locale\" content=\"ca_ES\" \/>\n<meta property=\"og:type\" content=\"article\" \/>\n<meta property=\"og:title\" content=\"Horaris per a la conciliaci\u00f3 laboral | Reial Acad\u00e8mia Europea de Doctors\" \/>\n<meta property=\"og:description\" content=\"Ignacio Buqueras va intervenir el passat 20 de mar\u00e7 a la &quot;Jornada 20M&quot;, en la qual va parlar de la urgent necessitat d&#039;horaris racionals perqu\u00e8 la conciliaci\u00f3, la igualtat i la corresponsabilitat siguin una realitat i les dones no continu\u00efn sent les grans perjudicades.\" \/>\n<meta property=\"og:url\" content=\"https:\/\/raed.academy\/ca\/horaris-conciliacio-laboral\/\" \/>\n<meta property=\"og:site_name\" content=\"Reial Acad\u00e8mia Europea de Doctors\" \/>\n<meta property=\"article:publisher\" content=\"http:\/\/fb.me\/raed.academy\" \/>\n<meta property=\"article:published_time\" content=\"2018-04-02T09:11:13+00:00\" \/>\n<meta property=\"article:modified_time\" content=\"2018-04-05T10:55:53+00:00\" \/>\n<meta property=\"og:image\" content=\"http:\/\/raed.academy\/wp-content\/uploads\/2018\/04\/Ignacio-Buqueras.jpg\" \/>\n<meta name=\"author\" content=\"RAED\" \/>\n<meta name=\"twitter:card\" content=\"summary_large_image\" \/>\n<meta name=\"twitter:creator\" content=\"@raedacademy\" \/>\n<meta name=\"twitter:site\" content=\"@raedacademy\" \/>\n<meta name=\"twitter:label1\" content=\"Written by\" \/>\n\t<meta name=\"twitter:data1\" content=\"RAED\" \/>\n\t<meta name=\"twitter:label2\" content=\"Est. reading time\" \/>\n\t<meta name=\"twitter:data2\" content=\"2 minutes\" \/>\n<script type=\"application\/ld+json\" class=\"yoast-schema-graph\">{\"@context\":\"https:\\\/\\\/schema.org\",\"@graph\":[{\"@type\":\"Article\",\"@id\":\"https:\\\/\\\/raed.academy\\\/ca\\\/horaris-conciliacio-laboral\\\/#article\",\"isPartOf\":{\"@id\":\"https:\\\/\\\/raed.academy\\\/ca\\\/horaris-conciliacio-laboral\\\/\"},\"author\":{\"name\":\"RAED\",\"@id\":\"https:\\\/\\\/raed.academy\\\/ca\\\/#\\\/schema\\\/person\\\/5a755da80d1d979fd66ba745c8702927\"},\"headline\":\"Aquestes no s\u00f3n hores\",\"datePublished\":\"2018-04-02T09:11:13+00:00\",\"dateModified\":\"2018-04-05T10:55:53+00:00\",\"mainEntityOfPage\":{\"@id\":\"https:\\\/\\\/raed.academy\\\/ca\\\/horaris-conciliacio-laboral\\\/\"},\"wordCount\":356,\"publisher\":{\"@id\":\"https:\\\/\\\/raed.academy\\\/ca\\\/#organization\"},\"image\":{\"@id\":\"https:\\\/\\\/raed.academy\\\/ca\\\/horaris-conciliacio-laboral\\\/#primaryimage\"},\"thumbnailUrl\":\"http:\\\/\\\/raed.academy\\\/wp-content\\\/uploads\\\/2018\\\/04\\\/Ignacio-Buqueras.jpg\",\"articleSection\":[\"Uncategorized @ca\"],\"inLanguage\":\"ca-ES\"},{\"@type\":\"WebPage\",\"@id\":\"https:\\\/\\\/raed.academy\\\/ca\\\/horaris-conciliacio-laboral\\\/\",\"url\":\"https:\\\/\\\/raed.academy\\\/ca\\\/horaris-conciliacio-laboral\\\/\",\"name\":\"Horaris per a la conciliaci\u00f3 laboral | Reial Acad\u00e8mia Europea de Doctors\",\"isPartOf\":{\"@id\":\"https:\\\/\\\/raed.academy\\\/ca\\\/#website\"},\"primaryImageOfPage\":{\"@id\":\"https:\\\/\\\/raed.academy\\\/ca\\\/horaris-conciliacio-laboral\\\/#primaryimage\"},\"image\":{\"@id\":\"https:\\\/\\\/raed.academy\\\/ca\\\/horaris-conciliacio-laboral\\\/#primaryimage\"},\"thumbnailUrl\":\"http:\\\/\\\/raed.academy\\\/wp-content\\\/uploads\\\/2018\\\/04\\\/Ignacio-Buqueras.jpg\",\"datePublished\":\"2018-04-02T09:11:13+00:00\",\"dateModified\":\"2018-04-05T10:55:53+00:00\",\"description\":\"Ignacio Buqueras va intervenir el passat 20 de mar\u00e7 a la \\\"Jornada 20M\\\", en la qual va parlar de la urgent necessitat d'horaris racionals perqu\u00e8 la conciliaci\u00f3, la igualtat i la corresponsabilitat siguin una realitat i les dones no continu\u00efn sent les grans perjudicades.\",\"breadcrumb\":{\"@id\":\"https:\\\/\\\/raed.academy\\\/ca\\\/horaris-conciliacio-laboral\\\/#breadcrumb\"},\"inLanguage\":\"ca-ES\",\"potentialAction\":[{\"@type\":\"ReadAction\",\"target\":[\"https:\\\/\\\/raed.academy\\\/ca\\\/horaris-conciliacio-laboral\\\/\"]}]},{\"@type\":\"ImageObject\",\"inLanguage\":\"ca-ES\",\"@id\":\"https:\\\/\\\/raed.academy\\\/ca\\\/horaris-conciliacio-laboral\\\/#primaryimage\",\"url\":\"http:\\\/\\\/raed.academy\\\/wp-content\\\/uploads\\\/2018\\\/04\\\/Ignacio-Buqueras.jpg\",\"contentUrl\":\"http:\\\/\\\/raed.academy\\\/wp-content\\\/uploads\\\/2018\\\/04\\\/Ignacio-Buqueras.jpg\"},{\"@type\":\"BreadcrumbList\",\"@id\":\"https:\\\/\\\/raed.academy\\\/ca\\\/horaris-conciliacio-laboral\\\/#breadcrumb\",\"itemListElement\":[{\"@type\":\"ListItem\",\"position\":1,\"name\":\"Inicio\",\"item\":\"https:\\\/\\\/raed.academy\\\/ca\\\/\"},{\"@type\":\"ListItem\",\"position\":2,\"name\":\"Aquestes no s\u00f3n hores\"}]},{\"@type\":\"WebSite\",\"@id\":\"https:\\\/\\\/raed.academy\\\/ca\\\/#website\",\"url\":\"https:\\\/\\\/raed.academy\\\/ca\\\/\",\"name\":\"Reial Acad\u00e8mia Europea de Doctors\",\"description\":\"Corporaci\u00f3n de derecho p\u00fablico de car\u00e1cter cient\u00edfico, t\u00e9cnico y art\u00edstico, que tiene por objeto la investigaci\u00f3n, el estudio, el fomento y la extensi\u00f3n del conocimiento en su sentido m\u00e1s amplio\",\"publisher\":{\"@id\":\"https:\\\/\\\/raed.academy\\\/ca\\\/#organization\"},\"potentialAction\":[{\"@type\":\"SearchAction\",\"target\":{\"@type\":\"EntryPoint\",\"urlTemplate\":\"https:\\\/\\\/raed.academy\\\/ca\\\/?s={search_term_string}\"},\"query-input\":{\"@type\":\"PropertyValueSpecification\",\"valueRequired\":true,\"valueName\":\"search_term_string\"}}],\"inLanguage\":\"ca-ES\"},{\"@type\":\"Organization\",\"@id\":\"https:\\\/\\\/raed.academy\\\/ca\\\/#organization\",\"name\":\"Real Academia Europea de Doctores\",\"url\":\"https:\\\/\\\/raed.academy\\\/ca\\\/\",\"logo\":{\"@type\":\"ImageObject\",\"inLanguage\":\"ca-ES\",\"@id\":\"https:\\\/\\\/raed.academy\\\/ca\\\/#\\\/schema\\\/logo\\\/image\\\/\",\"url\":\"https:\\\/\\\/raed.academy\\\/wp-content\\\/uploads\\\/2017\\\/01\\\/cropped-logo_raed.png\",\"contentUrl\":\"https:\\\/\\\/raed.academy\\\/wp-content\\\/uploads\\\/2017\\\/01\\\/cropped-logo_raed.png\",\"width\":512,\"height\":512,\"caption\":\"Real Academia Europea de Doctores\"},\"image\":{\"@id\":\"https:\\\/\\\/raed.academy\\\/ca\\\/#\\\/schema\\\/logo\\\/image\\\/\"},\"sameAs\":[\"http:\\\/\\\/fb.me\\\/raed.academy\",\"https:\\\/\\\/x.com\\\/raedacademy\",\"https:\\\/\\\/www.instagram.com\\\/raed.academy\\\/\",\"https:\\\/\\\/www.youtube.com\\\/channel\\\/UCUYQwW2KrdirNWihxMDObwg\"]},{\"@type\":\"Person\",\"@id\":\"https:\\\/\\\/raed.academy\\\/ca\\\/#\\\/schema\\\/person\\\/5a755da80d1d979fd66ba745c8702927\",\"name\":\"RAED\",\"image\":{\"@type\":\"ImageObject\",\"inLanguage\":\"ca-ES\",\"@id\":\"https:\\\/\\\/secure.gravatar.com\\\/avatar\\\/19fdfdc0d67fb9c45714b703a2ac82251c4fcea3637f002ac3c9b74c0183583c?s=96&d=mm&r=g\",\"url\":\"https:\\\/\\\/secure.gravatar.com\\\/avatar\\\/19fdfdc0d67fb9c45714b703a2ac82251c4fcea3637f002ac3c9b74c0183583c?s=96&d=mm&r=g\",\"contentUrl\":\"https:\\\/\\\/secure.gravatar.com\\\/avatar\\\/19fdfdc0d67fb9c45714b703a2ac82251c4fcea3637f002ac3c9b74c0183583c?s=96&d=mm&r=g\",\"caption\":\"RAED\"}}]}<\/script>\n<!-- \/ Yoast SEO plugin. -->","yoast_head_json":{"title":"Horaris per a la conciliaci\u00f3 laboral | Reial Acad\u00e8mia Europea de Doctors","description":"Ignacio Buqueras va intervenir el passat 20 de mar\u00e7 a la \"Jornada 20M\", en la qual va parlar de la urgent necessitat d'horaris racionals perqu\u00e8 la conciliaci\u00f3, la igualtat i la corresponsabilitat siguin una realitat i les dones no continu\u00efn sent les grans perjudicades.","robots":{"index":"index","follow":"follow","max-snippet":"max-snippet:-1","max-image-preview":"max-image-preview:large","max-video-preview":"max-video-preview:-1"},"canonical":"https:\/\/raed.academy\/ca\/horaris-conciliacio-laboral\/","og_locale":"ca_ES","og_type":"article","og_title":"Horaris per a la conciliaci\u00f3 laboral | Reial Acad\u00e8mia Europea de Doctors","og_description":"Ignacio Buqueras va intervenir el passat 20 de mar\u00e7 a la \"Jornada 20M\", en la qual va parlar de la urgent necessitat d'horaris racionals perqu\u00e8 la conciliaci\u00f3, la igualtat i la corresponsabilitat siguin una realitat i les dones no continu\u00efn sent les grans perjudicades.","og_url":"https:\/\/raed.academy\/ca\/horaris-conciliacio-laboral\/","og_site_name":"Reial Acad\u00e8mia Europea de Doctors","article_publisher":"http:\/\/fb.me\/raed.academy","article_published_time":"2018-04-02T09:11:13+00:00","article_modified_time":"2018-04-05T10:55:53+00:00","og_image":[{"url":"http:\/\/raed.academy\/wp-content\/uploads\/2018\/04\/Ignacio-Buqueras.jpg","type":"","width":"","height":""}],"author":"RAED","twitter_card":"summary_large_image","twitter_creator":"@raedacademy","twitter_site":"@raedacademy","twitter_misc":{"Written by":"RAED","Est. reading time":"2 minutes"},"schema":{"@context":"https:\/\/schema.org","@graph":[{"@type":"Article","@id":"https:\/\/raed.academy\/ca\/horaris-conciliacio-laboral\/#article","isPartOf":{"@id":"https:\/\/raed.academy\/ca\/horaris-conciliacio-laboral\/"},"author":{"name":"RAED","@id":"https:\/\/raed.academy\/ca\/#\/schema\/person\/5a755da80d1d979fd66ba745c8702927"},"headline":"Aquestes no s\u00f3n hores","datePublished":"2018-04-02T09:11:13+00:00","dateModified":"2018-04-05T10:55:53+00:00","mainEntityOfPage":{"@id":"https:\/\/raed.academy\/ca\/horaris-conciliacio-laboral\/"},"wordCount":356,"publisher":{"@id":"https:\/\/raed.academy\/ca\/#organization"},"image":{"@id":"https:\/\/raed.academy\/ca\/horaris-conciliacio-laboral\/#primaryimage"},"thumbnailUrl":"http:\/\/raed.academy\/wp-content\/uploads\/2018\/04\/Ignacio-Buqueras.jpg","articleSection":["Uncategorized @ca"],"inLanguage":"ca-ES"},{"@type":"WebPage","@id":"https:\/\/raed.academy\/ca\/horaris-conciliacio-laboral\/","url":"https:\/\/raed.academy\/ca\/horaris-conciliacio-laboral\/","name":"Horaris per a la conciliaci\u00f3 laboral | Reial Acad\u00e8mia Europea de Doctors","isPartOf":{"@id":"https:\/\/raed.academy\/ca\/#website"},"primaryImageOfPage":{"@id":"https:\/\/raed.academy\/ca\/horaris-conciliacio-laboral\/#primaryimage"},"image":{"@id":"https:\/\/raed.academy\/ca\/horaris-conciliacio-laboral\/#primaryimage"},"thumbnailUrl":"http:\/\/raed.academy\/wp-content\/uploads\/2018\/04\/Ignacio-Buqueras.jpg","datePublished":"2018-04-02T09:11:13+00:00","dateModified":"2018-04-05T10:55:53+00:00","description":"Ignacio Buqueras va intervenir el passat 20 de mar\u00e7 a la \"Jornada 20M\", en la qual va parlar de la urgent necessitat d'horaris racionals perqu\u00e8 la conciliaci\u00f3, la igualtat i la corresponsabilitat siguin una realitat i les dones no continu\u00efn sent les grans perjudicades.","breadcrumb":{"@id":"https:\/\/raed.academy\/ca\/horaris-conciliacio-laboral\/#breadcrumb"},"inLanguage":"ca-ES","potentialAction":[{"@type":"ReadAction","target":["https:\/\/raed.academy\/ca\/horaris-conciliacio-laboral\/"]}]},{"@type":"ImageObject","inLanguage":"ca-ES","@id":"https:\/\/raed.academy\/ca\/horaris-conciliacio-laboral\/#primaryimage","url":"http:\/\/raed.academy\/wp-content\/uploads\/2018\/04\/Ignacio-Buqueras.jpg","contentUrl":"http:\/\/raed.academy\/wp-content\/uploads\/2018\/04\/Ignacio-Buqueras.jpg"},{"@type":"BreadcrumbList","@id":"https:\/\/raed.academy\/ca\/horaris-conciliacio-laboral\/#breadcrumb","itemListElement":[{"@type":"ListItem","position":1,"name":"Inicio","item":"https:\/\/raed.academy\/ca\/"},{"@type":"ListItem","position":2,"name":"Aquestes no s\u00f3n hores"}]},{"@type":"WebSite","@id":"https:\/\/raed.academy\/ca\/#website","url":"https:\/\/raed.academy\/ca\/","name":"Reial Acad\u00e8mia Europea de Doctors","description":"Corporaci\u00f3n de derecho p\u00fablico de car\u00e1cter cient\u00edfico, t\u00e9cnico y art\u00edstico, que tiene por objeto la investigaci\u00f3n, el estudio, el fomento y la extensi\u00f3n del conocimiento en su sentido m\u00e1s amplio","publisher":{"@id":"https:\/\/raed.academy\/ca\/#organization"},"potentialAction":[{"@type":"SearchAction","target":{"@type":"EntryPoint","urlTemplate":"https:\/\/raed.academy\/ca\/?s={search_term_string}"},"query-input":{"@type":"PropertyValueSpecification","valueRequired":true,"valueName":"search_term_string"}}],"inLanguage":"ca-ES"},{"@type":"Organization","@id":"https:\/\/raed.academy\/ca\/#organization","name":"Real Academia Europea de Doctores","url":"https:\/\/raed.academy\/ca\/","logo":{"@type":"ImageObject","inLanguage":"ca-ES","@id":"https:\/\/raed.academy\/ca\/#\/schema\/logo\/image\/","url":"https:\/\/raed.academy\/wp-content\/uploads\/2017\/01\/cropped-logo_raed.png","contentUrl":"https:\/\/raed.academy\/wp-content\/uploads\/2017\/01\/cropped-logo_raed.png","width":512,"height":512,"caption":"Real Academia Europea de Doctores"},"image":{"@id":"https:\/\/raed.academy\/ca\/#\/schema\/logo\/image\/"},"sameAs":["http:\/\/fb.me\/raed.academy","https:\/\/x.com\/raedacademy","https:\/\/www.instagram.com\/raed.academy\/","https:\/\/www.youtube.com\/channel\/UCUYQwW2KrdirNWihxMDObwg"]},{"@type":"Person","@id":"https:\/\/raed.academy\/ca\/#\/schema\/person\/5a755da80d1d979fd66ba745c8702927","name":"RAED","image":{"@type":"ImageObject","inLanguage":"ca-ES","@id":"https:\/\/secure.gravatar.com\/avatar\/19fdfdc0d67fb9c45714b703a2ac82251c4fcea3637f002ac3c9b74c0183583c?s=96&d=mm&r=g","url":"https:\/\/secure.gravatar.com\/avatar\/19fdfdc0d67fb9c45714b703a2ac82251c4fcea3637f002ac3c9b74c0183583c?s=96&d=mm&r=g","contentUrl":"https:\/\/secure.gravatar.com\/avatar\/19fdfdc0d67fb9c45714b703a2ac82251c4fcea3637f002ac3c9b74c0183583c?s=96&d=mm&r=g","caption":"RAED"}}]}},"_links":{"self":[{"href":"https:\/\/raed.academy\/ca\/wp-json\/wp\/v2\/posts\/44148","targetHints":{"allow":["GET"]}}],"collection":[{"href":"https:\/\/raed.academy\/ca\/wp-json\/wp\/v2\/posts"}],"about":[{"href":"https:\/\/raed.academy\/ca\/wp-json\/wp\/v2\/types\/post"}],"author":[{"embeddable":true,"href":"https:\/\/raed.academy\/ca\/wp-json\/wp\/v2\/users\/12"}],"replies":[{"embeddable":true,"href":"https:\/\/raed.academy\/ca\/wp-json\/wp\/v2\/comments?post=44148"}],"version-history":[{"count":0,"href":"https:\/\/raed.academy\/ca\/wp-json\/wp\/v2\/posts\/44148\/revisions"}],"wp:attachment":[{"href":"https:\/\/raed.academy\/ca\/wp-json\/wp\/v2\/media?parent=44148"}],"wp:term":[{"taxonomy":"category","embeddable":true,"href":"https:\/\/raed.academy\/ca\/wp-json\/wp\/v2\/categories?post=44148"},{"taxonomy":"post_tag","embeddable":true,"href":"https:\/\/raed.academy\/ca\/wp-json\/wp\/v2\/tags?post=44148"}],"curies":[{"name":"wp","href":"https:\/\/api.w.org\/{rel}","templated":true}]}}