{"id":41315,"date":"2018-02-12T11:23:48","date_gmt":"2018-02-12T11:23:48","guid":{"rendered":"http:\/\/raed.academy\/?p=41315"},"modified":"2018-02-15T14:48:35","modified_gmt":"2018-02-15T14:48:35","slug":"ebitda-i-comptabilitat","status":"publish","type":"post","link":"https:\/\/raed.academy\/ca\/ebitda-i-comptabilitat\/","title":{"rendered":"L&#8217;ebitda i la fi de la comptabilitat"},"content":{"rendered":"<p><a href=\"http:\/\/raed.academy\/ca\/academics\/dr-emili-gironella-masgrau\" target=\"_blank\" rel=\"noopener\"><strong>Emili Gironella<\/strong><\/a>, acad\u00e8mic de n\u00famero de la <strong>Reial Acad\u00e8mia Europea de Doctors-Barcelona 1914<\/strong> (RAED) i reconegut auditor, ha concl\u00f2s al costat de <strong>Mar\u00eda del Carmen Barcons<\/strong>, professora d&#8217;Economia Financera i Comptabilitat de la <a href=\"http:\/\/www.ub.edu\" target=\"_blank\" rel=\"noopener\"><strong>Universitat de Barcelona<\/strong><\/a>, \u200b\u200bl&#8217;estudi <strong>&#8220;El ebitda. \u00bfIndicador \u00fatil o in\u00fatil?&#8221;<\/strong> amb la publicaci\u00f3 de la seva tercera i \u00faltima part al n\u00famero 4 de la <strong>Revista T\u00e9cnica Contable y Financiera<\/strong>. Un article en el qual es mostren especialment cr\u00edtics amb la flexibilitat dels criteris comptables.<\/p>\n<p>Despr\u00e9s d&#8217;insistir que l&#8217;ebitda \u00e9s un indicador no oficial ni reglat a les Normes Internacionals d&#8217;Informaci\u00f3 Financera malgrat ser utilitzat \u00e0mpliament per analistes financers i grans empreses i societats i haver esdevingut un concepte habitual de la informaci\u00f3 econ\u00f2mica, els dos especialistes alerten a aquesta entrega sobre els conceptes que es tenen en compte a l&#8217;hora de fer el seu c\u00e0lcul. En particular, insisteixen sobre un c\u00e0lcul de ebitda ajustat que tingui en compte les remuneracions salarials fora de mercat com a dividends ocults, que diferenci\u00ef els b\u00e9ns adquirits en r\u00e8gim de leasing o en r\u00e8nting, les despeses i ingressos financers, els costos no recurrents, les despeses de reparaci\u00f3 o manteniment i les de desenvolupament.<\/p>\n<div id=\"attachment_41249\" style=\"width: 379px\" class=\"wp-caption alignright\"><img loading=\"lazy\" decoding=\"async\" aria-describedby=\"caption-attachment-41249\" class=\"wp-image-41249\" src=\"http:\/\/raed.academy\/wp-content\/uploads\/2018\/02\/Emili-Gironella-Masgrau.jpg\" alt=\"Dr. Emili Gironella Masgrau\" width=\"369\" height=\"339\" \/><p id=\"caption-attachment-41249\" class=\"wp-caption-text\">Dr. Emili Gironella Masgrau<\/p><\/div>\n<p>&#8220;En la determinaci\u00f3 de l&#8217;import de l&#8217;ebitda ajustat tamb\u00e9 s&#8217;ha de considerar la possible enginyeria financera a la qual algunes empreses recorren quan pretenen vendre&#8217;s -avisen Gironella i Barcons-. La societat venedora pot sentir-se temptada, per exemple, en diferir o traslladar al futur certes despeses i d&#8217;anticipar certs ingressos per tal de reflectir l&#8217;import de l&#8217;ebitda m\u00e9s alt possible, fet que ha de ser motiu d&#8217;un examen adequat per part de l&#8217;analista&#8221;.<\/p>\n<p>Els estudiosos lamenten la gran flexibilitat que t\u00e9 la normativa comptable a l&#8217;hora d&#8217;interpretar i aplicar certs registres en algunes operacions, un fet que condiciona el c\u00e0lcul o determinaci\u00f3 de l&#8217;ebitda, una q\u00fcesti\u00f3 d&#8217;abast internacional. &#8220;Esperem que en algun moment s&#8217;obri un debat rigor\u00f3s sobre si la informaci\u00f3 comptable \u00e9s realment \u00fatil per a la gesti\u00f3 empresarial o \u00e9s un mer reflex de dades amb criteris oberts&#8221;, assenyalen.<\/p>\n<p>&#8220;Amb les modificacions introdu\u00efdes pel Pla General de Comptabilitat de 2007 cada vegada hi ha criteris m\u00e9s subjectius per elaborar la informaci\u00f3 comptable i un excessiu recurs a la valoraci\u00f3 mitjan\u00e7ant estimacions que ja no sabem com qualificar-les i que a m\u00e9s, al nostre criteri, s&#8217;allunyen del que \u00e9s necessari i convenient per a gestionar una empresa. Aix\u00f2 obliga a disposar d&#8217;altres informacions m\u00e9s \u00fatils i reservar la informaci\u00f3 comptable per a tercers, i una prova d&#8217;aix\u00f2 \u00e9s que la mateixa banca fa anys que sol\u00b7licita informaci\u00f3 de gesti\u00f3 a les empreses que li sol\u00b7liciten finan\u00e7ament, molt m\u00e9s enll\u00e0 de la comptable&#8221;, assenyalen.<\/p>\n","protected":false},"excerpt":{"rendered":"<p>Emili Gironella, acad\u00e8mic de n\u00famero de la Reial Acad\u00e8mia Europea de Doctors-Barcelona 1914 (RAED) i reconegut auditor, ha concl\u00f2s al costat de Mar\u00eda del Carmen Barcons, professora d&#8217;Economia Financera i Comptabilitat de la Universitat de Barcelona, \u200b\u200bl&#8217;estudi &#8220;El ebitda. \u00bfIndicador \u00fatil o in\u00fatil?&#8221; amb la publicaci\u00f3 de la seva tercera i \u00faltima part al n\u00famero [&hellip;]<\/p>\n","protected":false},"author":12,"featured_media":0,"comment_status":"closed","ping_status":"closed","sticky":false,"template":"","format":"standard","meta":{"_et_pb_use_builder":"","_et_pb_old_content":"","_et_gb_content_width":"","footnotes":""},"categories":[72],"tags":[],"class_list":["post-41315","post","type-post","status-publish","format-standard","hentry","category-uncategorized-ca","et-doesnt-have-format-content","et_post_format-et-post-format-standard"],"yoast_head":"<!-- This site is optimized with the Yoast SEO plugin v27.5 - https:\/\/yoast.com\/product\/yoast-seo-wordpress\/ -->\n<title>Ebitda i comptabilitat | Reial Acad\u00e8mia Europea de Doctors<\/title>\n<meta name=\"description\" content=\"Emili Gironella i Mar\u00eda del Carmen Barcons \u200b\u200bhan concl\u00f2s l&#039;estudi &quot;El ebitda. \u00bfIndicador \u00fatil o in\u00fatil?&quot; amb la publicaci\u00f3 de la seva tercera i \u00faltima part al n\u00famero 4 de la Revista T\u00e9cnica Contable y Financiera. Un article en el qual es mostren especialment cr\u00edtics amb la flexibilitat dels criteris comptables.\" \/>\n<meta name=\"robots\" content=\"index, follow, max-snippet:-1, max-image-preview:large, max-video-preview:-1\" \/>\n<link rel=\"canonical\" href=\"https:\/\/raed.academy\/ca\/ebitda-i-comptabilitat\/\" \/>\n<meta property=\"og:locale\" content=\"ca_ES\" \/>\n<meta property=\"og:type\" content=\"article\" \/>\n<meta property=\"og:title\" content=\"Ebitda i comptabilitat | Reial Acad\u00e8mia Europea de Doctors\" \/>\n<meta property=\"og:description\" content=\"Emili Gironella i Mar\u00eda del Carmen Barcons \u200b\u200bhan concl\u00f2s l&#039;estudi &quot;El ebitda. \u00bfIndicador \u00fatil o in\u00fatil?&quot; amb la publicaci\u00f3 de la seva tercera i \u00faltima part al n\u00famero 4 de la Revista T\u00e9cnica Contable y Financiera. Un article en el qual es mostren especialment cr\u00edtics amb la flexibilitat dels criteris comptables.\" \/>\n<meta property=\"og:url\" content=\"https:\/\/raed.academy\/ca\/ebitda-i-comptabilitat\/\" \/>\n<meta property=\"og:site_name\" content=\"Reial Acad\u00e8mia Europea de Doctors\" \/>\n<meta property=\"article:publisher\" content=\"http:\/\/fb.me\/raed.academy\" \/>\n<meta property=\"article:published_time\" content=\"2018-02-12T11:23:48+00:00\" \/>\n<meta property=\"article:modified_time\" content=\"2018-02-15T14:48:35+00:00\" \/>\n<meta property=\"og:image\" content=\"http:\/\/raed.academy\/wp-content\/uploads\/2018\/02\/Emili-Gironella-Masgrau.jpg\" \/>\n<meta name=\"author\" content=\"RAED\" \/>\n<meta name=\"twitter:card\" content=\"summary_large_image\" \/>\n<meta name=\"twitter:creator\" content=\"@raedacademy\" \/>\n<meta name=\"twitter:site\" content=\"@raedacademy\" \/>\n<meta name=\"twitter:label1\" content=\"Written by\" \/>\n\t<meta name=\"twitter:data1\" content=\"RAED\" \/>\n\t<meta name=\"twitter:label2\" content=\"Est. reading time\" \/>\n\t<meta name=\"twitter:data2\" content=\"2 minutes\" \/>\n<script type=\"application\/ld+json\" class=\"yoast-schema-graph\">{\"@context\":\"https:\\\/\\\/schema.org\",\"@graph\":[{\"@type\":\"Article\",\"@id\":\"https:\\\/\\\/raed.academy\\\/ca\\\/ebitda-i-comptabilitat\\\/#article\",\"isPartOf\":{\"@id\":\"https:\\\/\\\/raed.academy\\\/ca\\\/ebitda-i-comptabilitat\\\/\"},\"author\":{\"name\":\"RAED\",\"@id\":\"https:\\\/\\\/raed.academy\\\/ca\\\/#\\\/schema\\\/person\\\/5a755da80d1d979fd66ba745c8702927\"},\"headline\":\"L&#8217;ebitda i la fi de la comptabilitat\",\"datePublished\":\"2018-02-12T11:23:48+00:00\",\"dateModified\":\"2018-02-15T14:48:35+00:00\",\"mainEntityOfPage\":{\"@id\":\"https:\\\/\\\/raed.academy\\\/ca\\\/ebitda-i-comptabilitat\\\/\"},\"wordCount\":504,\"publisher\":{\"@id\":\"https:\\\/\\\/raed.academy\\\/ca\\\/#organization\"},\"image\":{\"@id\":\"https:\\\/\\\/raed.academy\\\/ca\\\/ebitda-i-comptabilitat\\\/#primaryimage\"},\"thumbnailUrl\":\"http:\\\/\\\/raed.academy\\\/wp-content\\\/uploads\\\/2018\\\/02\\\/Emili-Gironella-Masgrau.jpg\",\"articleSection\":[\"Uncategorized @ca\"],\"inLanguage\":\"ca-ES\"},{\"@type\":\"WebPage\",\"@id\":\"https:\\\/\\\/raed.academy\\\/ca\\\/ebitda-i-comptabilitat\\\/\",\"url\":\"https:\\\/\\\/raed.academy\\\/ca\\\/ebitda-i-comptabilitat\\\/\",\"name\":\"Ebitda i comptabilitat | Reial Acad\u00e8mia Europea de Doctors\",\"isPartOf\":{\"@id\":\"https:\\\/\\\/raed.academy\\\/ca\\\/#website\"},\"primaryImageOfPage\":{\"@id\":\"https:\\\/\\\/raed.academy\\\/ca\\\/ebitda-i-comptabilitat\\\/#primaryimage\"},\"image\":{\"@id\":\"https:\\\/\\\/raed.academy\\\/ca\\\/ebitda-i-comptabilitat\\\/#primaryimage\"},\"thumbnailUrl\":\"http:\\\/\\\/raed.academy\\\/wp-content\\\/uploads\\\/2018\\\/02\\\/Emili-Gironella-Masgrau.jpg\",\"datePublished\":\"2018-02-12T11:23:48+00:00\",\"dateModified\":\"2018-02-15T14:48:35+00:00\",\"description\":\"Emili Gironella i Mar\u00eda del Carmen Barcons \u200b\u200bhan concl\u00f2s l'estudi \\\"El ebitda. \u00bfIndicador \u00fatil o in\u00fatil?\\\" amb la publicaci\u00f3 de la seva tercera i \u00faltima part al n\u00famero 4 de la Revista T\u00e9cnica Contable y Financiera. Un article en el qual es mostren especialment cr\u00edtics amb la flexibilitat dels criteris comptables.\",\"breadcrumb\":{\"@id\":\"https:\\\/\\\/raed.academy\\\/ca\\\/ebitda-i-comptabilitat\\\/#breadcrumb\"},\"inLanguage\":\"ca-ES\",\"potentialAction\":[{\"@type\":\"ReadAction\",\"target\":[\"https:\\\/\\\/raed.academy\\\/ca\\\/ebitda-i-comptabilitat\\\/\"]}]},{\"@type\":\"ImageObject\",\"inLanguage\":\"ca-ES\",\"@id\":\"https:\\\/\\\/raed.academy\\\/ca\\\/ebitda-i-comptabilitat\\\/#primaryimage\",\"url\":\"http:\\\/\\\/raed.academy\\\/wp-content\\\/uploads\\\/2018\\\/02\\\/Emili-Gironella-Masgrau.jpg\",\"contentUrl\":\"http:\\\/\\\/raed.academy\\\/wp-content\\\/uploads\\\/2018\\\/02\\\/Emili-Gironella-Masgrau.jpg\"},{\"@type\":\"BreadcrumbList\",\"@id\":\"https:\\\/\\\/raed.academy\\\/ca\\\/ebitda-i-comptabilitat\\\/#breadcrumb\",\"itemListElement\":[{\"@type\":\"ListItem\",\"position\":1,\"name\":\"Inicio\",\"item\":\"https:\\\/\\\/raed.academy\\\/ca\\\/\"},{\"@type\":\"ListItem\",\"position\":2,\"name\":\"L&#8217;ebitda i la fi de la comptabilitat\"}]},{\"@type\":\"WebSite\",\"@id\":\"https:\\\/\\\/raed.academy\\\/ca\\\/#website\",\"url\":\"https:\\\/\\\/raed.academy\\\/ca\\\/\",\"name\":\"Reial Acad\u00e8mia Europea de Doctors\",\"description\":\"Corporaci\u00f3n de derecho p\u00fablico de car\u00e1cter cient\u00edfico, t\u00e9cnico y art\u00edstico, que tiene por objeto la investigaci\u00f3n, el estudio, el fomento y la extensi\u00f3n del conocimiento en su sentido m\u00e1s amplio\",\"publisher\":{\"@id\":\"https:\\\/\\\/raed.academy\\\/ca\\\/#organization\"},\"potentialAction\":[{\"@type\":\"SearchAction\",\"target\":{\"@type\":\"EntryPoint\",\"urlTemplate\":\"https:\\\/\\\/raed.academy\\\/ca\\\/?s={search_term_string}\"},\"query-input\":{\"@type\":\"PropertyValueSpecification\",\"valueRequired\":true,\"valueName\":\"search_term_string\"}}],\"inLanguage\":\"ca-ES\"},{\"@type\":\"Organization\",\"@id\":\"https:\\\/\\\/raed.academy\\\/ca\\\/#organization\",\"name\":\"Real Academia Europea de Doctores\",\"url\":\"https:\\\/\\\/raed.academy\\\/ca\\\/\",\"logo\":{\"@type\":\"ImageObject\",\"inLanguage\":\"ca-ES\",\"@id\":\"https:\\\/\\\/raed.academy\\\/ca\\\/#\\\/schema\\\/logo\\\/image\\\/\",\"url\":\"https:\\\/\\\/raed.academy\\\/wp-content\\\/uploads\\\/2017\\\/01\\\/cropped-logo_raed.png\",\"contentUrl\":\"https:\\\/\\\/raed.academy\\\/wp-content\\\/uploads\\\/2017\\\/01\\\/cropped-logo_raed.png\",\"width\":512,\"height\":512,\"caption\":\"Real Academia Europea de Doctores\"},\"image\":{\"@id\":\"https:\\\/\\\/raed.academy\\\/ca\\\/#\\\/schema\\\/logo\\\/image\\\/\"},\"sameAs\":[\"http:\\\/\\\/fb.me\\\/raed.academy\",\"https:\\\/\\\/x.com\\\/raedacademy\",\"https:\\\/\\\/www.instagram.com\\\/raed.academy\\\/\",\"https:\\\/\\\/www.youtube.com\\\/channel\\\/UCUYQwW2KrdirNWihxMDObwg\"]},{\"@type\":\"Person\",\"@id\":\"https:\\\/\\\/raed.academy\\\/ca\\\/#\\\/schema\\\/person\\\/5a755da80d1d979fd66ba745c8702927\",\"name\":\"RAED\",\"image\":{\"@type\":\"ImageObject\",\"inLanguage\":\"ca-ES\",\"@id\":\"https:\\\/\\\/secure.gravatar.com\\\/avatar\\\/19fdfdc0d67fb9c45714b703a2ac82251c4fcea3637f002ac3c9b74c0183583c?s=96&d=mm&r=g\",\"url\":\"https:\\\/\\\/secure.gravatar.com\\\/avatar\\\/19fdfdc0d67fb9c45714b703a2ac82251c4fcea3637f002ac3c9b74c0183583c?s=96&d=mm&r=g\",\"contentUrl\":\"https:\\\/\\\/secure.gravatar.com\\\/avatar\\\/19fdfdc0d67fb9c45714b703a2ac82251c4fcea3637f002ac3c9b74c0183583c?s=96&d=mm&r=g\",\"caption\":\"RAED\"}}]}<\/script>\n<!-- \/ Yoast SEO plugin. -->","yoast_head_json":{"title":"Ebitda i comptabilitat | Reial Acad\u00e8mia Europea de Doctors","description":"Emili Gironella i Mar\u00eda del Carmen Barcons \u200b\u200bhan concl\u00f2s l'estudi \"El ebitda. \u00bfIndicador \u00fatil o in\u00fatil?\" amb la publicaci\u00f3 de la seva tercera i \u00faltima part al n\u00famero 4 de la Revista T\u00e9cnica Contable y Financiera. Un article en el qual es mostren especialment cr\u00edtics amb la flexibilitat dels criteris comptables.","robots":{"index":"index","follow":"follow","max-snippet":"max-snippet:-1","max-image-preview":"max-image-preview:large","max-video-preview":"max-video-preview:-1"},"canonical":"https:\/\/raed.academy\/ca\/ebitda-i-comptabilitat\/","og_locale":"ca_ES","og_type":"article","og_title":"Ebitda i comptabilitat | Reial Acad\u00e8mia Europea de Doctors","og_description":"Emili Gironella i Mar\u00eda del Carmen Barcons \u200b\u200bhan concl\u00f2s l'estudi \"El ebitda. \u00bfIndicador \u00fatil o in\u00fatil?\" amb la publicaci\u00f3 de la seva tercera i \u00faltima part al n\u00famero 4 de la Revista T\u00e9cnica Contable y Financiera. Un article en el qual es mostren especialment cr\u00edtics amb la flexibilitat dels criteris comptables.","og_url":"https:\/\/raed.academy\/ca\/ebitda-i-comptabilitat\/","og_site_name":"Reial Acad\u00e8mia Europea de Doctors","article_publisher":"http:\/\/fb.me\/raed.academy","article_published_time":"2018-02-12T11:23:48+00:00","article_modified_time":"2018-02-15T14:48:35+00:00","og_image":[{"url":"http:\/\/raed.academy\/wp-content\/uploads\/2018\/02\/Emili-Gironella-Masgrau.jpg","type":"","width":"","height":""}],"author":"RAED","twitter_card":"summary_large_image","twitter_creator":"@raedacademy","twitter_site":"@raedacademy","twitter_misc":{"Written by":"RAED","Est. reading time":"2 minutes"},"schema":{"@context":"https:\/\/schema.org","@graph":[{"@type":"Article","@id":"https:\/\/raed.academy\/ca\/ebitda-i-comptabilitat\/#article","isPartOf":{"@id":"https:\/\/raed.academy\/ca\/ebitda-i-comptabilitat\/"},"author":{"name":"RAED","@id":"https:\/\/raed.academy\/ca\/#\/schema\/person\/5a755da80d1d979fd66ba745c8702927"},"headline":"L&#8217;ebitda i la fi de la comptabilitat","datePublished":"2018-02-12T11:23:48+00:00","dateModified":"2018-02-15T14:48:35+00:00","mainEntityOfPage":{"@id":"https:\/\/raed.academy\/ca\/ebitda-i-comptabilitat\/"},"wordCount":504,"publisher":{"@id":"https:\/\/raed.academy\/ca\/#organization"},"image":{"@id":"https:\/\/raed.academy\/ca\/ebitda-i-comptabilitat\/#primaryimage"},"thumbnailUrl":"http:\/\/raed.academy\/wp-content\/uploads\/2018\/02\/Emili-Gironella-Masgrau.jpg","articleSection":["Uncategorized @ca"],"inLanguage":"ca-ES"},{"@type":"WebPage","@id":"https:\/\/raed.academy\/ca\/ebitda-i-comptabilitat\/","url":"https:\/\/raed.academy\/ca\/ebitda-i-comptabilitat\/","name":"Ebitda i comptabilitat | Reial Acad\u00e8mia Europea de Doctors","isPartOf":{"@id":"https:\/\/raed.academy\/ca\/#website"},"primaryImageOfPage":{"@id":"https:\/\/raed.academy\/ca\/ebitda-i-comptabilitat\/#primaryimage"},"image":{"@id":"https:\/\/raed.academy\/ca\/ebitda-i-comptabilitat\/#primaryimage"},"thumbnailUrl":"http:\/\/raed.academy\/wp-content\/uploads\/2018\/02\/Emili-Gironella-Masgrau.jpg","datePublished":"2018-02-12T11:23:48+00:00","dateModified":"2018-02-15T14:48:35+00:00","description":"Emili Gironella i Mar\u00eda del Carmen Barcons \u200b\u200bhan concl\u00f2s l'estudi \"El ebitda. \u00bfIndicador \u00fatil o in\u00fatil?\" amb la publicaci\u00f3 de la seva tercera i \u00faltima part al n\u00famero 4 de la Revista T\u00e9cnica Contable y Financiera. Un article en el qual es mostren especialment cr\u00edtics amb la flexibilitat dels criteris comptables.","breadcrumb":{"@id":"https:\/\/raed.academy\/ca\/ebitda-i-comptabilitat\/#breadcrumb"},"inLanguage":"ca-ES","potentialAction":[{"@type":"ReadAction","target":["https:\/\/raed.academy\/ca\/ebitda-i-comptabilitat\/"]}]},{"@type":"ImageObject","inLanguage":"ca-ES","@id":"https:\/\/raed.academy\/ca\/ebitda-i-comptabilitat\/#primaryimage","url":"http:\/\/raed.academy\/wp-content\/uploads\/2018\/02\/Emili-Gironella-Masgrau.jpg","contentUrl":"http:\/\/raed.academy\/wp-content\/uploads\/2018\/02\/Emili-Gironella-Masgrau.jpg"},{"@type":"BreadcrumbList","@id":"https:\/\/raed.academy\/ca\/ebitda-i-comptabilitat\/#breadcrumb","itemListElement":[{"@type":"ListItem","position":1,"name":"Inicio","item":"https:\/\/raed.academy\/ca\/"},{"@type":"ListItem","position":2,"name":"L&#8217;ebitda i la fi de la comptabilitat"}]},{"@type":"WebSite","@id":"https:\/\/raed.academy\/ca\/#website","url":"https:\/\/raed.academy\/ca\/","name":"Reial Acad\u00e8mia Europea de Doctors","description":"Corporaci\u00f3n de derecho p\u00fablico de car\u00e1cter cient\u00edfico, t\u00e9cnico y art\u00edstico, que tiene por objeto la investigaci\u00f3n, el estudio, el fomento y la extensi\u00f3n del conocimiento en su sentido m\u00e1s amplio","publisher":{"@id":"https:\/\/raed.academy\/ca\/#organization"},"potentialAction":[{"@type":"SearchAction","target":{"@type":"EntryPoint","urlTemplate":"https:\/\/raed.academy\/ca\/?s={search_term_string}"},"query-input":{"@type":"PropertyValueSpecification","valueRequired":true,"valueName":"search_term_string"}}],"inLanguage":"ca-ES"},{"@type":"Organization","@id":"https:\/\/raed.academy\/ca\/#organization","name":"Real Academia Europea de Doctores","url":"https:\/\/raed.academy\/ca\/","logo":{"@type":"ImageObject","inLanguage":"ca-ES","@id":"https:\/\/raed.academy\/ca\/#\/schema\/logo\/image\/","url":"https:\/\/raed.academy\/wp-content\/uploads\/2017\/01\/cropped-logo_raed.png","contentUrl":"https:\/\/raed.academy\/wp-content\/uploads\/2017\/01\/cropped-logo_raed.png","width":512,"height":512,"caption":"Real Academia Europea de Doctores"},"image":{"@id":"https:\/\/raed.academy\/ca\/#\/schema\/logo\/image\/"},"sameAs":["http:\/\/fb.me\/raed.academy","https:\/\/x.com\/raedacademy","https:\/\/www.instagram.com\/raed.academy\/","https:\/\/www.youtube.com\/channel\/UCUYQwW2KrdirNWihxMDObwg"]},{"@type":"Person","@id":"https:\/\/raed.academy\/ca\/#\/schema\/person\/5a755da80d1d979fd66ba745c8702927","name":"RAED","image":{"@type":"ImageObject","inLanguage":"ca-ES","@id":"https:\/\/secure.gravatar.com\/avatar\/19fdfdc0d67fb9c45714b703a2ac82251c4fcea3637f002ac3c9b74c0183583c?s=96&d=mm&r=g","url":"https:\/\/secure.gravatar.com\/avatar\/19fdfdc0d67fb9c45714b703a2ac82251c4fcea3637f002ac3c9b74c0183583c?s=96&d=mm&r=g","contentUrl":"https:\/\/secure.gravatar.com\/avatar\/19fdfdc0d67fb9c45714b703a2ac82251c4fcea3637f002ac3c9b74c0183583c?s=96&d=mm&r=g","caption":"RAED"}}]}},"_links":{"self":[{"href":"https:\/\/raed.academy\/ca\/wp-json\/wp\/v2\/posts\/41315","targetHints":{"allow":["GET"]}}],"collection":[{"href":"https:\/\/raed.academy\/ca\/wp-json\/wp\/v2\/posts"}],"about":[{"href":"https:\/\/raed.academy\/ca\/wp-json\/wp\/v2\/types\/post"}],"author":[{"embeddable":true,"href":"https:\/\/raed.academy\/ca\/wp-json\/wp\/v2\/users\/12"}],"replies":[{"embeddable":true,"href":"https:\/\/raed.academy\/ca\/wp-json\/wp\/v2\/comments?post=41315"}],"version-history":[{"count":0,"href":"https:\/\/raed.academy\/ca\/wp-json\/wp\/v2\/posts\/41315\/revisions"}],"wp:attachment":[{"href":"https:\/\/raed.academy\/ca\/wp-json\/wp\/v2\/media?parent=41315"}],"wp:term":[{"taxonomy":"category","embeddable":true,"href":"https:\/\/raed.academy\/ca\/wp-json\/wp\/v2\/categories?post=41315"},{"taxonomy":"post_tag","embeddable":true,"href":"https:\/\/raed.academy\/ca\/wp-json\/wp\/v2\/tags?post=41315"}],"curies":[{"name":"wp","href":"https:\/\/api.w.org\/{rel}","templated":true}]}}