{"id":40374,"date":"2018-01-23T22:00:16","date_gmt":"2018-01-23T22:00:16","guid":{"rendered":"http:\/\/raed.academy\/?p=40374"},"modified":"2018-01-25T10:44:32","modified_gmt":"2018-01-25T10:44:32","slug":"ignacio-buqueras-ingressa-academia-diplomacia","status":"publish","type":"post","link":"https:\/\/raed.academy\/ca\/ignacio-buqueras-ingressa-academia-diplomacia\/","title":{"rendered":"La diplom\u00e0cia, en espanyol"},"content":{"rendered":"<p><strong><img loading=\"lazy\" decoding=\"async\" class=\"alignright wp-image-40308\" src=\"http:\/\/raed.academy\/wp-content\/uploads\/2018\/01\/Ignacio-Buqueras-y-Bach-ingresa-Academia-Diplomacia.jpg\" alt=\"Ignacio Buqueras ingres\u00f3 en la Academia de la Diplomacia del Reino de Espa\u00f1a\" width=\"550\" height=\"353\" \/>Ignacio Buqueras<\/strong>, acad\u00e8mic de n\u00famero i president de la Secci\u00f3 d&#8217;Humanitats de la <a href=\"http:\/\/www.radoctores.es\" target=\"_blank\" rel=\"noopener\"><strong>Reial Acad\u00e8mia de Doctors d&#8217;Espanya<\/strong><\/a> i col\u00b7laborador habitual de la <strong>Reial Acad\u00e8mia Europea de Doctors-Barcelona 1914<\/strong> (RAED), va ingressar com a acad\u00e8mic numerari de l&#8217;<a href=\"http:\/\/www.academiadeladiplomacia.es\" target=\"_blank\" rel=\"noopener\"><strong>Acad\u00e8mia de la Diplom\u00e0cia del Regne d&#8217;Espanya<\/strong> <\/a>durant una solemne sessi\u00f3 que es va celebrar el passat 18 de gener al <a href=\"http:\/\/www.casinodemadrid.es\" target=\"_blank\" rel=\"noopener\"><strong>Casino de Madrid<\/strong><\/a>. Com a president del Comit\u00e8 Executiu de l&#8217;<strong>Homenatge Universal a l&#8217;Idioma Espanyol<\/strong>, Buqueras va dedicar el seu discurs d&#8217;ingr\u00e9s a l&#8217;espanyol com a element b\u00e0sic de projecci\u00f3 d&#8217;Espanya al m\u00f3n.<\/p>\n<p>&#8220;L&#8217;espanyol \u00e9s la llengua de 474 milions de persones, que representen el 6,7% de la poblaci\u00f3 mundial -va iniciar la seva intervenci\u00f3 el nou acad\u00e8mic-. Si afegim les que el tenen com a segona llengua i les que ho estudien, la xifra s&#8217;eleva a m\u00e9s de 560 milions, el 7,9% de la poblaci\u00f3. Actualment, estudien espanyol com a llengua estrangera m\u00e9s de 20 milions d&#8217;alumnes als Estats Units. Els alumnes matriculats en cursos d&#8217;espanyol al citat pa\u00eds superen la suma de les altres lleng\u00fces i la poblaci\u00f3 hispana \u00e9s superior als 50 milions. Es calcula que el 2050 Estats Units ser\u00e0 el primer pa\u00eds parlant d&#8217;espanyol al m\u00f3n&#8221;.<\/p>\n<p>Buqueras va reivindicar el biling\u00fcisme angl\u00e8s-espanyol en la cultura cient\u00edfica, argumentant que l&#8217;espanyol \u00e9s ja la segona llengua a Vikip\u00e8dia i que les publicacions cient\u00edfiques en espanyol suposen ja el 3% del total. Aix\u00ed mateix, va argumentar, avan\u00e7a com un dels idiomes m\u00e9s utilitzats a les relacions diplom\u00e0tiques, despla\u00e7ant el franc\u00e8s. L&#8217;acad\u00e8mic va repassar els principals actes que s&#8217;han fet al voltant de l&#8217;Homenatge Universal a l&#8217;Idioma Espanyol des que va apar\u00e8ixer el 2015 el llibre que va fer de manifest i va animar els presents a sumar-se a la iniciativa.<\/p>\n<p><img loading=\"lazy\" decoding=\"async\" class=\"aligncenter wp-image-40309\" src=\"http:\/\/raed.academy\/wp-content\/uploads\/2018\/01\/Ignacio-Buqueras-y-Bach-ingresa-Academia-Diplomacia-2.jpg\" alt=\"Dr. Ignacio Buqueras y Bach\" width=\"735\" height=\"482\" \/><\/p>\n<p><img loading=\"lazy\" decoding=\"async\" class=\"aligncenter size-full wp-image-40310\" src=\"http:\/\/raed.academy\/wp-content\/uploads\/2018\/01\/Ignacio-Buqueras-y-Bach-ingresa-Academia-Diplomacia-3.jpg\" alt=\"Ignacio Buqueras y Bach ingresa en la Academia de la Diplomacia\" width=\"735\" height=\"490\" \/><\/p>\n<p>&nbsp;<\/p>\n","protected":false},"excerpt":{"rendered":"<p>Ignacio Buqueras, acad\u00e8mic de n\u00famero i president de la Secci\u00f3 d&#8217;Humanitats de la Reial Acad\u00e8mia de Doctors d&#8217;Espanya i col\u00b7laborador habitual de la Reial Acad\u00e8mia Europea de Doctors-Barcelona 1914 (RAED), va ingressar com a acad\u00e8mic numerari de l&#8217;Acad\u00e8mia de la Diplom\u00e0cia del Regne d&#8217;Espanya durant una solemne sessi\u00f3 que es va celebrar el passat 18 [&hellip;]<\/p>\n","protected":false},"author":12,"featured_media":0,"comment_status":"closed","ping_status":"closed","sticky":false,"template":"","format":"standard","meta":{"_et_pb_use_builder":"","_et_pb_old_content":"","_et_gb_content_width":"","footnotes":""},"categories":[72],"tags":[],"class_list":["post-40374","post","type-post","status-publish","format-standard","hentry","category-uncategorized-ca","et-doesnt-have-format-content","et_post_format-et-post-format-standard"],"yoast_head":"<!-- This site is optimized with the Yoast SEO plugin v27.4 - https:\/\/yoast.com\/product\/yoast-seo-wordpress\/ -->\n<title>Ignacio Buqueras ingressa a l&#039;Acad\u00e8mia de la Diplom\u00e0cia | Reial Acad\u00e8mia Europea de Doctors<\/title>\n<meta name=\"description\" content=\"Ignacio Buqueras va ingressar com a acad\u00e8mic numerari de l&#039;Acad\u00e8mia de la Diplom\u00e0cia del Regne d&#039;Espanya, el passat 18 de gener al Casino de Madrid. Buqueras va dedicar el seu discurs d&#039;ingr\u00e9s a l&#039;espanyol com a element b\u00e0sic de projecci\u00f3 d&#039;Espanya al m\u00f3n.\" \/>\n<meta name=\"robots\" content=\"index, follow, max-snippet:-1, max-image-preview:large, max-video-preview:-1\" \/>\n<link rel=\"canonical\" href=\"https:\/\/raed.academy\/ca\/ignacio-buqueras-ingressa-academia-diplomacia\/\" \/>\n<meta property=\"og:locale\" content=\"ca_ES\" \/>\n<meta property=\"og:type\" content=\"article\" \/>\n<meta property=\"og:title\" content=\"Ignacio Buqueras ingressa a l&#039;Acad\u00e8mia de la Diplom\u00e0cia | Reial Acad\u00e8mia Europea de Doctors\" \/>\n<meta property=\"og:description\" content=\"Ignacio Buqueras va ingressar com a acad\u00e8mic numerari de l&#039;Acad\u00e8mia de la Diplom\u00e0cia del Regne d&#039;Espanya, el passat 18 de gener al Casino de Madrid. Buqueras va dedicar el seu discurs d&#039;ingr\u00e9s a l&#039;espanyol com a element b\u00e0sic de projecci\u00f3 d&#039;Espanya al m\u00f3n.\" \/>\n<meta property=\"og:url\" content=\"https:\/\/raed.academy\/ca\/ignacio-buqueras-ingressa-academia-diplomacia\/\" \/>\n<meta property=\"og:site_name\" content=\"Reial Acad\u00e8mia Europea de Doctors\" \/>\n<meta property=\"article:publisher\" content=\"http:\/\/fb.me\/raed.academy\" \/>\n<meta property=\"article:published_time\" content=\"2018-01-23T22:00:16+00:00\" \/>\n<meta property=\"article:modified_time\" content=\"2018-01-25T10:44:32+00:00\" \/>\n<meta property=\"og:image\" content=\"http:\/\/raed.academy\/wp-content\/uploads\/2018\/01\/Ignacio-Buqueras-y-Bach-ingresa-Academia-Diplomacia.jpg\" \/>\n<meta name=\"author\" content=\"RAED\" \/>\n<meta name=\"twitter:card\" content=\"summary_large_image\" \/>\n<meta name=\"twitter:creator\" content=\"@raedacademy\" \/>\n<meta name=\"twitter:site\" content=\"@raedacademy\" \/>\n<meta name=\"twitter:label1\" content=\"Written by\" \/>\n\t<meta name=\"twitter:data1\" content=\"RAED\" \/>\n\t<meta name=\"twitter:label2\" content=\"Est. reading time\" \/>\n\t<meta name=\"twitter:data2\" content=\"2 minutes\" \/>\n<script type=\"application\/ld+json\" class=\"yoast-schema-graph\">{\"@context\":\"https:\\\/\\\/schema.org\",\"@graph\":[{\"@type\":\"Article\",\"@id\":\"https:\\\/\\\/raed.academy\\\/ca\\\/ignacio-buqueras-ingressa-academia-diplomacia\\\/#article\",\"isPartOf\":{\"@id\":\"https:\\\/\\\/raed.academy\\\/ca\\\/ignacio-buqueras-ingressa-academia-diplomacia\\\/\"},\"author\":{\"name\":\"RAED\",\"@id\":\"https:\\\/\\\/raed.academy\\\/ca\\\/#\\\/schema\\\/person\\\/5a755da80d1d979fd66ba745c8702927\"},\"headline\":\"La diplom\u00e0cia, en espanyol\",\"datePublished\":\"2018-01-23T22:00:16+00:00\",\"dateModified\":\"2018-01-25T10:44:32+00:00\",\"mainEntityOfPage\":{\"@id\":\"https:\\\/\\\/raed.academy\\\/ca\\\/ignacio-buqueras-ingressa-academia-diplomacia\\\/\"},\"wordCount\":334,\"publisher\":{\"@id\":\"https:\\\/\\\/raed.academy\\\/ca\\\/#organization\"},\"image\":{\"@id\":\"https:\\\/\\\/raed.academy\\\/ca\\\/ignacio-buqueras-ingressa-academia-diplomacia\\\/#primaryimage\"},\"thumbnailUrl\":\"http:\\\/\\\/raed.academy\\\/wp-content\\\/uploads\\\/2018\\\/01\\\/Ignacio-Buqueras-y-Bach-ingresa-Academia-Diplomacia.jpg\",\"articleSection\":[\"Uncategorized @ca\"],\"inLanguage\":\"ca-ES\"},{\"@type\":\"WebPage\",\"@id\":\"https:\\\/\\\/raed.academy\\\/ca\\\/ignacio-buqueras-ingressa-academia-diplomacia\\\/\",\"url\":\"https:\\\/\\\/raed.academy\\\/ca\\\/ignacio-buqueras-ingressa-academia-diplomacia\\\/\",\"name\":\"Ignacio Buqueras ingressa a l'Acad\u00e8mia de la Diplom\u00e0cia | Reial Acad\u00e8mia Europea de Doctors\",\"isPartOf\":{\"@id\":\"https:\\\/\\\/raed.academy\\\/ca\\\/#website\"},\"primaryImageOfPage\":{\"@id\":\"https:\\\/\\\/raed.academy\\\/ca\\\/ignacio-buqueras-ingressa-academia-diplomacia\\\/#primaryimage\"},\"image\":{\"@id\":\"https:\\\/\\\/raed.academy\\\/ca\\\/ignacio-buqueras-ingressa-academia-diplomacia\\\/#primaryimage\"},\"thumbnailUrl\":\"http:\\\/\\\/raed.academy\\\/wp-content\\\/uploads\\\/2018\\\/01\\\/Ignacio-Buqueras-y-Bach-ingresa-Academia-Diplomacia.jpg\",\"datePublished\":\"2018-01-23T22:00:16+00:00\",\"dateModified\":\"2018-01-25T10:44:32+00:00\",\"description\":\"Ignacio Buqueras va ingressar com a acad\u00e8mic numerari de l'Acad\u00e8mia de la Diplom\u00e0cia del Regne d'Espanya, el passat 18 de gener al Casino de Madrid. Buqueras va dedicar el seu discurs d'ingr\u00e9s a l'espanyol com a element b\u00e0sic de projecci\u00f3 d'Espanya al m\u00f3n.\",\"breadcrumb\":{\"@id\":\"https:\\\/\\\/raed.academy\\\/ca\\\/ignacio-buqueras-ingressa-academia-diplomacia\\\/#breadcrumb\"},\"inLanguage\":\"ca-ES\",\"potentialAction\":[{\"@type\":\"ReadAction\",\"target\":[\"https:\\\/\\\/raed.academy\\\/ca\\\/ignacio-buqueras-ingressa-academia-diplomacia\\\/\"]}]},{\"@type\":\"ImageObject\",\"inLanguage\":\"ca-ES\",\"@id\":\"https:\\\/\\\/raed.academy\\\/ca\\\/ignacio-buqueras-ingressa-academia-diplomacia\\\/#primaryimage\",\"url\":\"http:\\\/\\\/raed.academy\\\/wp-content\\\/uploads\\\/2018\\\/01\\\/Ignacio-Buqueras-y-Bach-ingresa-Academia-Diplomacia.jpg\",\"contentUrl\":\"http:\\\/\\\/raed.academy\\\/wp-content\\\/uploads\\\/2018\\\/01\\\/Ignacio-Buqueras-y-Bach-ingresa-Academia-Diplomacia.jpg\"},{\"@type\":\"BreadcrumbList\",\"@id\":\"https:\\\/\\\/raed.academy\\\/ca\\\/ignacio-buqueras-ingressa-academia-diplomacia\\\/#breadcrumb\",\"itemListElement\":[{\"@type\":\"ListItem\",\"position\":1,\"name\":\"Inicio\",\"item\":\"https:\\\/\\\/raed.academy\\\/ca\\\/\"},{\"@type\":\"ListItem\",\"position\":2,\"name\":\"La diplom\u00e0cia, en espanyol\"}]},{\"@type\":\"WebSite\",\"@id\":\"https:\\\/\\\/raed.academy\\\/ca\\\/#website\",\"url\":\"https:\\\/\\\/raed.academy\\\/ca\\\/\",\"name\":\"Reial Acad\u00e8mia Europea de Doctors\",\"description\":\"Corporaci\u00f3n de derecho p\u00fablico de car\u00e1cter cient\u00edfico, t\u00e9cnico y art\u00edstico, que tiene por objeto la investigaci\u00f3n, el estudio, el fomento y la extensi\u00f3n del conocimiento en su sentido m\u00e1s amplio\",\"publisher\":{\"@id\":\"https:\\\/\\\/raed.academy\\\/ca\\\/#organization\"},\"potentialAction\":[{\"@type\":\"SearchAction\",\"target\":{\"@type\":\"EntryPoint\",\"urlTemplate\":\"https:\\\/\\\/raed.academy\\\/ca\\\/?s={search_term_string}\"},\"query-input\":{\"@type\":\"PropertyValueSpecification\",\"valueRequired\":true,\"valueName\":\"search_term_string\"}}],\"inLanguage\":\"ca-ES\"},{\"@type\":\"Organization\",\"@id\":\"https:\\\/\\\/raed.academy\\\/ca\\\/#organization\",\"name\":\"Real Academia Europea de Doctores\",\"url\":\"https:\\\/\\\/raed.academy\\\/ca\\\/\",\"logo\":{\"@type\":\"ImageObject\",\"inLanguage\":\"ca-ES\",\"@id\":\"https:\\\/\\\/raed.academy\\\/ca\\\/#\\\/schema\\\/logo\\\/image\\\/\",\"url\":\"https:\\\/\\\/raed.academy\\\/wp-content\\\/uploads\\\/2017\\\/01\\\/cropped-logo_raed.png\",\"contentUrl\":\"https:\\\/\\\/raed.academy\\\/wp-content\\\/uploads\\\/2017\\\/01\\\/cropped-logo_raed.png\",\"width\":512,\"height\":512,\"caption\":\"Real Academia Europea de Doctores\"},\"image\":{\"@id\":\"https:\\\/\\\/raed.academy\\\/ca\\\/#\\\/schema\\\/logo\\\/image\\\/\"},\"sameAs\":[\"http:\\\/\\\/fb.me\\\/raed.academy\",\"https:\\\/\\\/x.com\\\/raedacademy\",\"https:\\\/\\\/www.instagram.com\\\/raed.academy\\\/\",\"https:\\\/\\\/www.youtube.com\\\/channel\\\/UCUYQwW2KrdirNWihxMDObwg\"]},{\"@type\":\"Person\",\"@id\":\"https:\\\/\\\/raed.academy\\\/ca\\\/#\\\/schema\\\/person\\\/5a755da80d1d979fd66ba745c8702927\",\"name\":\"RAED\",\"image\":{\"@type\":\"ImageObject\",\"inLanguage\":\"ca-ES\",\"@id\":\"https:\\\/\\\/secure.gravatar.com\\\/avatar\\\/19fdfdc0d67fb9c45714b703a2ac82251c4fcea3637f002ac3c9b74c0183583c?s=96&d=mm&r=g\",\"url\":\"https:\\\/\\\/secure.gravatar.com\\\/avatar\\\/19fdfdc0d67fb9c45714b703a2ac82251c4fcea3637f002ac3c9b74c0183583c?s=96&d=mm&r=g\",\"contentUrl\":\"https:\\\/\\\/secure.gravatar.com\\\/avatar\\\/19fdfdc0d67fb9c45714b703a2ac82251c4fcea3637f002ac3c9b74c0183583c?s=96&d=mm&r=g\",\"caption\":\"RAED\"}}]}<\/script>\n<!-- \/ Yoast SEO plugin. -->","yoast_head_json":{"title":"Ignacio Buqueras ingressa a l'Acad\u00e8mia de la Diplom\u00e0cia | Reial Acad\u00e8mia Europea de Doctors","description":"Ignacio Buqueras va ingressar com a acad\u00e8mic numerari de l'Acad\u00e8mia de la Diplom\u00e0cia del Regne d'Espanya, el passat 18 de gener al Casino de Madrid. Buqueras va dedicar el seu discurs d'ingr\u00e9s a l'espanyol com a element b\u00e0sic de projecci\u00f3 d'Espanya al m\u00f3n.","robots":{"index":"index","follow":"follow","max-snippet":"max-snippet:-1","max-image-preview":"max-image-preview:large","max-video-preview":"max-video-preview:-1"},"canonical":"https:\/\/raed.academy\/ca\/ignacio-buqueras-ingressa-academia-diplomacia\/","og_locale":"ca_ES","og_type":"article","og_title":"Ignacio Buqueras ingressa a l'Acad\u00e8mia de la Diplom\u00e0cia | Reial Acad\u00e8mia Europea de Doctors","og_description":"Ignacio Buqueras va ingressar com a acad\u00e8mic numerari de l'Acad\u00e8mia de la Diplom\u00e0cia del Regne d'Espanya, el passat 18 de gener al Casino de Madrid. Buqueras va dedicar el seu discurs d'ingr\u00e9s a l'espanyol com a element b\u00e0sic de projecci\u00f3 d'Espanya al m\u00f3n.","og_url":"https:\/\/raed.academy\/ca\/ignacio-buqueras-ingressa-academia-diplomacia\/","og_site_name":"Reial Acad\u00e8mia Europea de Doctors","article_publisher":"http:\/\/fb.me\/raed.academy","article_published_time":"2018-01-23T22:00:16+00:00","article_modified_time":"2018-01-25T10:44:32+00:00","og_image":[{"url":"http:\/\/raed.academy\/wp-content\/uploads\/2018\/01\/Ignacio-Buqueras-y-Bach-ingresa-Academia-Diplomacia.jpg","type":"","width":"","height":""}],"author":"RAED","twitter_card":"summary_large_image","twitter_creator":"@raedacademy","twitter_site":"@raedacademy","twitter_misc":{"Written by":"RAED","Est. reading time":"2 minutes"},"schema":{"@context":"https:\/\/schema.org","@graph":[{"@type":"Article","@id":"https:\/\/raed.academy\/ca\/ignacio-buqueras-ingressa-academia-diplomacia\/#article","isPartOf":{"@id":"https:\/\/raed.academy\/ca\/ignacio-buqueras-ingressa-academia-diplomacia\/"},"author":{"name":"RAED","@id":"https:\/\/raed.academy\/ca\/#\/schema\/person\/5a755da80d1d979fd66ba745c8702927"},"headline":"La diplom\u00e0cia, en espanyol","datePublished":"2018-01-23T22:00:16+00:00","dateModified":"2018-01-25T10:44:32+00:00","mainEntityOfPage":{"@id":"https:\/\/raed.academy\/ca\/ignacio-buqueras-ingressa-academia-diplomacia\/"},"wordCount":334,"publisher":{"@id":"https:\/\/raed.academy\/ca\/#organization"},"image":{"@id":"https:\/\/raed.academy\/ca\/ignacio-buqueras-ingressa-academia-diplomacia\/#primaryimage"},"thumbnailUrl":"http:\/\/raed.academy\/wp-content\/uploads\/2018\/01\/Ignacio-Buqueras-y-Bach-ingresa-Academia-Diplomacia.jpg","articleSection":["Uncategorized @ca"],"inLanguage":"ca-ES"},{"@type":"WebPage","@id":"https:\/\/raed.academy\/ca\/ignacio-buqueras-ingressa-academia-diplomacia\/","url":"https:\/\/raed.academy\/ca\/ignacio-buqueras-ingressa-academia-diplomacia\/","name":"Ignacio Buqueras ingressa a l'Acad\u00e8mia de la Diplom\u00e0cia | Reial Acad\u00e8mia Europea de Doctors","isPartOf":{"@id":"https:\/\/raed.academy\/ca\/#website"},"primaryImageOfPage":{"@id":"https:\/\/raed.academy\/ca\/ignacio-buqueras-ingressa-academia-diplomacia\/#primaryimage"},"image":{"@id":"https:\/\/raed.academy\/ca\/ignacio-buqueras-ingressa-academia-diplomacia\/#primaryimage"},"thumbnailUrl":"http:\/\/raed.academy\/wp-content\/uploads\/2018\/01\/Ignacio-Buqueras-y-Bach-ingresa-Academia-Diplomacia.jpg","datePublished":"2018-01-23T22:00:16+00:00","dateModified":"2018-01-25T10:44:32+00:00","description":"Ignacio Buqueras va ingressar com a acad\u00e8mic numerari de l'Acad\u00e8mia de la Diplom\u00e0cia del Regne d'Espanya, el passat 18 de gener al Casino de Madrid. Buqueras va dedicar el seu discurs d'ingr\u00e9s a l'espanyol com a element b\u00e0sic de projecci\u00f3 d'Espanya al m\u00f3n.","breadcrumb":{"@id":"https:\/\/raed.academy\/ca\/ignacio-buqueras-ingressa-academia-diplomacia\/#breadcrumb"},"inLanguage":"ca-ES","potentialAction":[{"@type":"ReadAction","target":["https:\/\/raed.academy\/ca\/ignacio-buqueras-ingressa-academia-diplomacia\/"]}]},{"@type":"ImageObject","inLanguage":"ca-ES","@id":"https:\/\/raed.academy\/ca\/ignacio-buqueras-ingressa-academia-diplomacia\/#primaryimage","url":"http:\/\/raed.academy\/wp-content\/uploads\/2018\/01\/Ignacio-Buqueras-y-Bach-ingresa-Academia-Diplomacia.jpg","contentUrl":"http:\/\/raed.academy\/wp-content\/uploads\/2018\/01\/Ignacio-Buqueras-y-Bach-ingresa-Academia-Diplomacia.jpg"},{"@type":"BreadcrumbList","@id":"https:\/\/raed.academy\/ca\/ignacio-buqueras-ingressa-academia-diplomacia\/#breadcrumb","itemListElement":[{"@type":"ListItem","position":1,"name":"Inicio","item":"https:\/\/raed.academy\/ca\/"},{"@type":"ListItem","position":2,"name":"La diplom\u00e0cia, en espanyol"}]},{"@type":"WebSite","@id":"https:\/\/raed.academy\/ca\/#website","url":"https:\/\/raed.academy\/ca\/","name":"Reial Acad\u00e8mia Europea de Doctors","description":"Corporaci\u00f3n de derecho p\u00fablico de car\u00e1cter cient\u00edfico, t\u00e9cnico y art\u00edstico, que tiene por objeto la investigaci\u00f3n, el estudio, el fomento y la extensi\u00f3n del conocimiento en su sentido m\u00e1s amplio","publisher":{"@id":"https:\/\/raed.academy\/ca\/#organization"},"potentialAction":[{"@type":"SearchAction","target":{"@type":"EntryPoint","urlTemplate":"https:\/\/raed.academy\/ca\/?s={search_term_string}"},"query-input":{"@type":"PropertyValueSpecification","valueRequired":true,"valueName":"search_term_string"}}],"inLanguage":"ca-ES"},{"@type":"Organization","@id":"https:\/\/raed.academy\/ca\/#organization","name":"Real Academia Europea de Doctores","url":"https:\/\/raed.academy\/ca\/","logo":{"@type":"ImageObject","inLanguage":"ca-ES","@id":"https:\/\/raed.academy\/ca\/#\/schema\/logo\/image\/","url":"https:\/\/raed.academy\/wp-content\/uploads\/2017\/01\/cropped-logo_raed.png","contentUrl":"https:\/\/raed.academy\/wp-content\/uploads\/2017\/01\/cropped-logo_raed.png","width":512,"height":512,"caption":"Real Academia Europea de Doctores"},"image":{"@id":"https:\/\/raed.academy\/ca\/#\/schema\/logo\/image\/"},"sameAs":["http:\/\/fb.me\/raed.academy","https:\/\/x.com\/raedacademy","https:\/\/www.instagram.com\/raed.academy\/","https:\/\/www.youtube.com\/channel\/UCUYQwW2KrdirNWihxMDObwg"]},{"@type":"Person","@id":"https:\/\/raed.academy\/ca\/#\/schema\/person\/5a755da80d1d979fd66ba745c8702927","name":"RAED","image":{"@type":"ImageObject","inLanguage":"ca-ES","@id":"https:\/\/secure.gravatar.com\/avatar\/19fdfdc0d67fb9c45714b703a2ac82251c4fcea3637f002ac3c9b74c0183583c?s=96&d=mm&r=g","url":"https:\/\/secure.gravatar.com\/avatar\/19fdfdc0d67fb9c45714b703a2ac82251c4fcea3637f002ac3c9b74c0183583c?s=96&d=mm&r=g","contentUrl":"https:\/\/secure.gravatar.com\/avatar\/19fdfdc0d67fb9c45714b703a2ac82251c4fcea3637f002ac3c9b74c0183583c?s=96&d=mm&r=g","caption":"RAED"}}]}},"_links":{"self":[{"href":"https:\/\/raed.academy\/ca\/wp-json\/wp\/v2\/posts\/40374","targetHints":{"allow":["GET"]}}],"collection":[{"href":"https:\/\/raed.academy\/ca\/wp-json\/wp\/v2\/posts"}],"about":[{"href":"https:\/\/raed.academy\/ca\/wp-json\/wp\/v2\/types\/post"}],"author":[{"embeddable":true,"href":"https:\/\/raed.academy\/ca\/wp-json\/wp\/v2\/users\/12"}],"replies":[{"embeddable":true,"href":"https:\/\/raed.academy\/ca\/wp-json\/wp\/v2\/comments?post=40374"}],"version-history":[{"count":0,"href":"https:\/\/raed.academy\/ca\/wp-json\/wp\/v2\/posts\/40374\/revisions"}],"wp:attachment":[{"href":"https:\/\/raed.academy\/ca\/wp-json\/wp\/v2\/media?parent=40374"}],"wp:term":[{"taxonomy":"category","embeddable":true,"href":"https:\/\/raed.academy\/ca\/wp-json\/wp\/v2\/categories?post=40374"},{"taxonomy":"post_tag","embeddable":true,"href":"https:\/\/raed.academy\/ca\/wp-json\/wp\/v2\/tags?post=40374"}],"curies":[{"name":"wp","href":"https:\/\/api.w.org\/{rel}","templated":true}]}}