{"id":38765,"date":"2017-12-12T11:21:13","date_gmt":"2017-12-12T11:21:13","guid":{"rendered":"http:\/\/raed.academy\/?p=38765"},"modified":"2017-12-13T15:40:52","modified_gmt":"2017-12-13T15:40:52","slug":"els-ressons-del-68","status":"publish","type":"post","link":"https:\/\/raed.academy\/ca\/els-ressons-del-68\/","title":{"rendered":"Els ressons del 68"},"content":{"rendered":"<h2>&#8220;Aquesta revoluci\u00f3 suposa la liquidaci\u00f3 d&#8217;una manera d&#8217;entendre la vida com potser mai abans s&#8217;havia vist&#8221;<\/h2>\n<p><a href=\"http:\/\/raed.academy\/ca\/academics\/dr-josep-ignasi-saranyana-closa\/\" target=\"_blank\" rel=\"noopener\"><strong>Josep Ignasi Saranyana<\/strong><\/a>, acad\u00e8mic de n\u00famero de la <strong>Reial Acad\u00e8mia Europea de Doctors-Barcelona 1914<\/strong> (RAED) i president de la seva secci\u00f3 de Ci\u00e8ncies Humanes, participar\u00e0 al costat dels tamb\u00e9 acad\u00e8mics de n\u00famero de la RAED <a href=\"http:\/\/raed.academy\/ca\/academics\/dr-armand-puig-tarrech\/\" target=\"_blank\" rel=\"noopener\"><strong>Armand Puig<\/strong><\/a> i <a href=\"http:\/\/raed.academy\/ca\/academics\/dr-francesc-torralba-rossello\/\" target=\"_blank\" rel=\"noopener\"><strong>Francesc Torralba<\/strong><\/a> i l&#8217;acad\u00e8mic de n\u00famero electe <strong>Santiago Bueno<\/strong> al congr\u00e9s internacional <strong>&#8220;Qu\u00e8 va ser el 1968? Una lectura mig segle despr\u00e9s&#8221;<\/strong>, que tindr\u00e0 lloc entre els propers 17 i 19 de gener a l&#8217;<a href=\"http:\/\/www.edusantpacia.cat\" target=\"_blank\" rel=\"noopener\"><strong>Ateneu Universitari Sant Paci\u00e0<\/strong><\/a> i al paranimf de la <a href=\"http:\/\/www.ub.edu\" target=\"_blank\" rel=\"noopener\"><strong>Universitat de Barcelona<\/strong><\/a>. Un esdeveniment que compta amb la col\u00b7laboraci\u00f3 del <strong>Pontifici Comit\u00e8 de Ci\u00e8ncia Hist\u00f2rica<\/strong>. <a href=\"http:\/\/raed.academy\/ca\/academics\/dr-alfredo-rocafort-nicolau\/\" target=\"_blank\" rel=\"noopener\"><strong>Alfredo Rocafort<\/strong><\/a>, acad\u00e8mic de n\u00famero i president de la Reial Acad\u00e8mia, forma part del comit\u00e8 cient\u00edfic d&#8217;honor.<\/p>\n<p>Al congr\u00e9s intervindran ponents de nombrosos centres acad\u00e8mics d&#8217;Europa i Am\u00e8rica del Nord, que reflexionaran des d&#8217;una punt de vista human\u00edstic sobre el maig franc\u00e8s, el seu correlat als Estats Units i les seves repercussions a nivell internacional. &#8220;\u00c9s obvi que el 68 s&#8217;inscriu amb lletres maj\u00fascules al cicle revolucionari dels temps moderns. No va ser una revoluci\u00f3 tan violenta com la francesa ni com la russa, per\u00f2 ha estat l&#8217;\u00fanica, fins ara, protagonitzada per les classes burgeses del primer m\u00f3n&#8221;, reflexiona Saranyana sobre uns fets protagonitzats per joves universitaris.<\/p>\n<p>&#8220;Alguns experts a l&#8217;an\u00e0lisi hist\u00f2rica consideren que aquesta revoluci\u00f3 t\u00e9 molta m\u00e9s profunditat que les anteriors, ja que suposa la liquidaci\u00f3 d&#8217;una manera d&#8217;entendre la vida com potser mai s&#8217;havia vist fins ara des de l&#8217;enderroc de l&#8217;ordre antic -prossegueix la seva an\u00e0lisi l&#8217;acad\u00e8mic-. Heus aqu\u00ed per qu\u00e8 els ponents d&#8217;aquest congr\u00e9s no nom\u00e9s es limitaran a analitzar les influ\u00e8ncies filos\u00f2fiques i teol\u00f2giques que van quallar despr\u00e9s de l&#8217;esclat del 68, sin\u00f3 que tamb\u00e9 miraran d&#8217;establir les conseq\u00fc\u00e8ncies d&#8217;aquesta revolta en els nous usos i h\u00e0bits de vida emergits en les \u00faltimes d\u00e8cades que ja comencen a ser detectats i assenyalats per la historiografia, la sociologia i les altres ci\u00e8ncies de l&#8217;esperit&#8221;.<\/p>\n<p>El congr\u00e9s s&#8217;estructurar\u00e0 en tres blocs. El primer es dedicar\u00e0 a l&#8217;an\u00e0lisi hist\u00f2rica dels fets, per regions geogr\u00e0fiques: Par\u00eds, Frankfurt-Berlin, Berkeley, la violenta repressi\u00f3 de l&#8217;Ex\u00e8rcit a M\u00e8xic i Barcelona, \u200b\u200bi la sorpresa que va suposar a Moscou. El segon estudiar\u00e0 algunes idees que van confluir en aquesta revoluci\u00f3 del 68: el marxisme heterodox de Frankfurt, el marxisme gramsci\u00e0, Freud i Nietzsche i els moviments feministes. I el tercer bloc analitzar\u00e0 les influ\u00e8ncies m\u00e9s significatives en la vida eclesial, la teologia, la pol\u00edtica, l&#8217;educaci\u00f3, el cinema i la literatura.<\/p>\n<p><img loading=\"lazy\" decoding=\"async\" class=\"alignleft wp-image-38636\" src=\"http:\/\/raed.academy\/wp-content\/uploads\/2017\/12\/Helsinki_demonstration_against_the_invasion_of_Czechoslovakia_in_1968-dominioPublico.jpg\" alt=\"\" width=\"589\" height=\"350\" srcset=\"https:\/\/raed.academy\/wp-content\/uploads\/2017\/12\/Helsinki_demonstration_against_the_invasion_of_Czechoslovakia_in_1968-dominioPublico.jpg 800w, https:\/\/raed.academy\/wp-content\/uploads\/2017\/12\/Helsinki_demonstration_against_the_invasion_of_Czechoslovakia_in_1968-dominioPublico-768x456.jpg 768w\" sizes=\"(max-width: 589px) 100vw, 589px\" \/><img loading=\"lazy\" decoding=\"async\" class=\"alignleft wp-image-38637\" src=\"http:\/\/raed.academy\/wp-content\/uploads\/2017\/12\/Vietnam_War_Protest_in_DC_1967-CCBYSA_2.0.jpg\" alt=\"\" width=\"292\" height=\"350\" \/><\/p>\n<div class=\"fila\">\n<h3><a href=\"http:\/\/raed.academy\/wp-content\/uploads\/2017\/12\/Congres_1968_cat.pdf\" target=\"_blank\" rel=\"noopener\">Veure programa i detalls del congr\u00e9s<\/a><\/h3>\n<\/div>\n<div class=\"atribucion\">Foto Manifestaci\u00f3 contra la guerra del Vietnam: De Fank Wolfe \u2013 Vietnam War Protest in Washington, D.C. by Frank Wolfe, October 21, 1967 (NARA), CC BY-SA 2.0, https:\/\/commons.wikimedia.org\/w\/index.php?curid=3101997<\/div>\n","protected":false},"excerpt":{"rendered":"<p>&#8220;Aquesta revoluci\u00f3 suposa la liquidaci\u00f3 d&#8217;una manera d&#8217;entendre la vida com potser mai abans s&#8217;havia vist&#8221; Josep Ignasi Saranyana, acad\u00e8mic de n\u00famero de la Reial Acad\u00e8mia Europea de Doctors-Barcelona 1914 (RAED) i president de la seva secci\u00f3 de Ci\u00e8ncies Humanes, participar\u00e0 al costat dels tamb\u00e9 acad\u00e8mics de n\u00famero de la RAED Armand Puig i Francesc [&hellip;]<\/p>\n","protected":false},"author":12,"featured_media":38634,"comment_status":"closed","ping_status":"closed","sticky":false,"template":"","format":"standard","meta":{"_et_pb_use_builder":"","_et_pb_old_content":"","_et_gb_content_width":"","footnotes":""},"categories":[72],"tags":[],"class_list":["post-38765","post","type-post","status-publish","format-standard","has-post-thumbnail","hentry","category-uncategorized-ca","et-has-post-format-content","et_post_format-et-post-format-standard"],"yoast_head":"<!-- This site is optimized with the Yoast SEO plugin v27.5 - https:\/\/yoast.com\/product\/yoast-seo-wordpress\/ -->\n<title>Els ressons del 68 - Reial Acad\u00e8mia Europea de Doctors<\/title>\n<meta name=\"description\" content=\"congr\u00e9s internacional &quot;Qu\u00e8 va ser el 1968? Una lectura mig segle despr\u00e9s.&quot;. El maig franc\u00e8s, la repercusi\u00f3 internacional, ...\" \/>\n<meta name=\"robots\" content=\"index, follow, max-snippet:-1, max-image-preview:large, max-video-preview:-1\" \/>\n<link rel=\"canonical\" href=\"https:\/\/raed.academy\/ca\/els-ressons-del-68\/\" \/>\n<meta property=\"og:locale\" content=\"ca_ES\" \/>\n<meta property=\"og:type\" content=\"article\" \/>\n<meta property=\"og:title\" content=\"Els ressons del 68 - Reial Acad\u00e8mia Europea de Doctors\" \/>\n<meta property=\"og:description\" content=\"congr\u00e9s internacional &quot;Qu\u00e8 va ser el 1968? Una lectura mig segle despr\u00e9s.&quot;. El maig franc\u00e8s, la repercusi\u00f3 internacional, ...\" \/>\n<meta property=\"og:url\" content=\"https:\/\/raed.academy\/ca\/els-ressons-del-68\/\" \/>\n<meta property=\"og:site_name\" content=\"Reial Acad\u00e8mia Europea de Doctors\" \/>\n<meta property=\"article:publisher\" content=\"http:\/\/fb.me\/raed.academy\" \/>\n<meta property=\"article:published_time\" content=\"2017-12-12T11:21:13+00:00\" \/>\n<meta property=\"article:modified_time\" content=\"2017-12-13T15:40:52+00:00\" \/>\n<meta property=\"og:image\" content=\"https:\/\/raed.academy\/wp-content\/uploads\/2017\/12\/Ex\u00e8rcit_al_Z\u00f3calo-28_dagost-dominioPublico-dstNtc.jpg\" \/>\n\t<meta property=\"og:image:width\" content=\"950\" \/>\n\t<meta property=\"og:image:height\" content=\"327\" \/>\n\t<meta property=\"og:image:type\" content=\"image\/jpeg\" \/>\n<meta name=\"author\" content=\"RAED\" \/>\n<meta name=\"twitter:card\" content=\"summary_large_image\" \/>\n<meta name=\"twitter:creator\" content=\"@raedacademy\" \/>\n<meta name=\"twitter:site\" content=\"@raedacademy\" \/>\n<meta name=\"twitter:label1\" content=\"Written by\" \/>\n\t<meta name=\"twitter:data1\" content=\"RAED\" \/>\n\t<meta name=\"twitter:label2\" content=\"Est. reading time\" \/>\n\t<meta name=\"twitter:data2\" content=\"3 minutes\" \/>\n<script type=\"application\/ld+json\" class=\"yoast-schema-graph\">{\"@context\":\"https:\\\/\\\/schema.org\",\"@graph\":[{\"@type\":\"Article\",\"@id\":\"https:\\\/\\\/raed.academy\\\/ca\\\/els-ressons-del-68\\\/#article\",\"isPartOf\":{\"@id\":\"https:\\\/\\\/raed.academy\\\/ca\\\/els-ressons-del-68\\\/\"},\"author\":{\"name\":\"RAED\",\"@id\":\"https:\\\/\\\/raed.academy\\\/ca\\\/#\\\/schema\\\/person\\\/5a755da80d1d979fd66ba745c8702927\"},\"headline\":\"Els ressons del 68\",\"datePublished\":\"2017-12-12T11:21:13+00:00\",\"dateModified\":\"2017-12-13T15:40:52+00:00\",\"mainEntityOfPage\":{\"@id\":\"https:\\\/\\\/raed.academy\\\/ca\\\/els-ressons-del-68\\\/\"},\"wordCount\":531,\"publisher\":{\"@id\":\"https:\\\/\\\/raed.academy\\\/ca\\\/#organization\"},\"image\":{\"@id\":\"https:\\\/\\\/raed.academy\\\/ca\\\/els-ressons-del-68\\\/#primaryimage\"},\"thumbnailUrl\":\"https:\\\/\\\/raed.academy\\\/wp-content\\\/uploads\\\/2017\\\/12\\\/Ex\u00e8rcit_al_Z\u00f3calo-28_dagost-dominioPublico-dstNtc.jpg\",\"articleSection\":[\"Uncategorized @ca\"],\"inLanguage\":\"ca-ES\"},{\"@type\":\"WebPage\",\"@id\":\"https:\\\/\\\/raed.academy\\\/ca\\\/els-ressons-del-68\\\/\",\"url\":\"https:\\\/\\\/raed.academy\\\/ca\\\/els-ressons-del-68\\\/\",\"name\":\"Els ressons del 68 - Reial Acad\u00e8mia Europea de Doctors\",\"isPartOf\":{\"@id\":\"https:\\\/\\\/raed.academy\\\/ca\\\/#website\"},\"primaryImageOfPage\":{\"@id\":\"https:\\\/\\\/raed.academy\\\/ca\\\/els-ressons-del-68\\\/#primaryimage\"},\"image\":{\"@id\":\"https:\\\/\\\/raed.academy\\\/ca\\\/els-ressons-del-68\\\/#primaryimage\"},\"thumbnailUrl\":\"https:\\\/\\\/raed.academy\\\/wp-content\\\/uploads\\\/2017\\\/12\\\/Ex\u00e8rcit_al_Z\u00f3calo-28_dagost-dominioPublico-dstNtc.jpg\",\"datePublished\":\"2017-12-12T11:21:13+00:00\",\"dateModified\":\"2017-12-13T15:40:52+00:00\",\"description\":\"congr\u00e9s internacional \\\"Qu\u00e8 va ser el 1968? Una lectura mig segle despr\u00e9s.\\\". El maig franc\u00e8s, la repercusi\u00f3 internacional, ...\",\"breadcrumb\":{\"@id\":\"https:\\\/\\\/raed.academy\\\/ca\\\/els-ressons-del-68\\\/#breadcrumb\"},\"inLanguage\":\"ca-ES\",\"potentialAction\":[{\"@type\":\"ReadAction\",\"target\":[\"https:\\\/\\\/raed.academy\\\/ca\\\/els-ressons-del-68\\\/\"]}]},{\"@type\":\"ImageObject\",\"inLanguage\":\"ca-ES\",\"@id\":\"https:\\\/\\\/raed.academy\\\/ca\\\/els-ressons-del-68\\\/#primaryimage\",\"url\":\"https:\\\/\\\/raed.academy\\\/wp-content\\\/uploads\\\/2017\\\/12\\\/Ex\u00e8rcit_al_Z\u00f3calo-28_dagost-dominioPublico-dstNtc.jpg\",\"contentUrl\":\"https:\\\/\\\/raed.academy\\\/wp-content\\\/uploads\\\/2017\\\/12\\\/Ex\u00e8rcit_al_Z\u00f3calo-28_dagost-dominioPublico-dstNtc.jpg\",\"width\":950,\"height\":327},{\"@type\":\"BreadcrumbList\",\"@id\":\"https:\\\/\\\/raed.academy\\\/ca\\\/els-ressons-del-68\\\/#breadcrumb\",\"itemListElement\":[{\"@type\":\"ListItem\",\"position\":1,\"name\":\"Inicio\",\"item\":\"https:\\\/\\\/raed.academy\\\/ca\\\/\"},{\"@type\":\"ListItem\",\"position\":2,\"name\":\"Els ressons del 68\"}]},{\"@type\":\"WebSite\",\"@id\":\"https:\\\/\\\/raed.academy\\\/ca\\\/#website\",\"url\":\"https:\\\/\\\/raed.academy\\\/ca\\\/\",\"name\":\"Reial Acad\u00e8mia Europea de Doctors\",\"description\":\"Corporaci\u00f3n de derecho p\u00fablico de car\u00e1cter cient\u00edfico, t\u00e9cnico y art\u00edstico, que tiene por objeto la investigaci\u00f3n, el estudio, el fomento y la extensi\u00f3n del conocimiento en su sentido m\u00e1s amplio\",\"publisher\":{\"@id\":\"https:\\\/\\\/raed.academy\\\/ca\\\/#organization\"},\"potentialAction\":[{\"@type\":\"SearchAction\",\"target\":{\"@type\":\"EntryPoint\",\"urlTemplate\":\"https:\\\/\\\/raed.academy\\\/ca\\\/?s={search_term_string}\"},\"query-input\":{\"@type\":\"PropertyValueSpecification\",\"valueRequired\":true,\"valueName\":\"search_term_string\"}}],\"inLanguage\":\"ca-ES\"},{\"@type\":\"Organization\",\"@id\":\"https:\\\/\\\/raed.academy\\\/ca\\\/#organization\",\"name\":\"Real Academia Europea de Doctores\",\"url\":\"https:\\\/\\\/raed.academy\\\/ca\\\/\",\"logo\":{\"@type\":\"ImageObject\",\"inLanguage\":\"ca-ES\",\"@id\":\"https:\\\/\\\/raed.academy\\\/ca\\\/#\\\/schema\\\/logo\\\/image\\\/\",\"url\":\"https:\\\/\\\/raed.academy\\\/wp-content\\\/uploads\\\/2017\\\/01\\\/cropped-logo_raed.png\",\"contentUrl\":\"https:\\\/\\\/raed.academy\\\/wp-content\\\/uploads\\\/2017\\\/01\\\/cropped-logo_raed.png\",\"width\":512,\"height\":512,\"caption\":\"Real Academia Europea de Doctores\"},\"image\":{\"@id\":\"https:\\\/\\\/raed.academy\\\/ca\\\/#\\\/schema\\\/logo\\\/image\\\/\"},\"sameAs\":[\"http:\\\/\\\/fb.me\\\/raed.academy\",\"https:\\\/\\\/x.com\\\/raedacademy\",\"https:\\\/\\\/www.instagram.com\\\/raed.academy\\\/\",\"https:\\\/\\\/www.youtube.com\\\/channel\\\/UCUYQwW2KrdirNWihxMDObwg\"]},{\"@type\":\"Person\",\"@id\":\"https:\\\/\\\/raed.academy\\\/ca\\\/#\\\/schema\\\/person\\\/5a755da80d1d979fd66ba745c8702927\",\"name\":\"RAED\",\"image\":{\"@type\":\"ImageObject\",\"inLanguage\":\"ca-ES\",\"@id\":\"https:\\\/\\\/secure.gravatar.com\\\/avatar\\\/19fdfdc0d67fb9c45714b703a2ac82251c4fcea3637f002ac3c9b74c0183583c?s=96&d=mm&r=g\",\"url\":\"https:\\\/\\\/secure.gravatar.com\\\/avatar\\\/19fdfdc0d67fb9c45714b703a2ac82251c4fcea3637f002ac3c9b74c0183583c?s=96&d=mm&r=g\",\"contentUrl\":\"https:\\\/\\\/secure.gravatar.com\\\/avatar\\\/19fdfdc0d67fb9c45714b703a2ac82251c4fcea3637f002ac3c9b74c0183583c?s=96&d=mm&r=g\",\"caption\":\"RAED\"}}]}<\/script>\n<!-- \/ Yoast SEO plugin. -->","yoast_head_json":{"title":"Els ressons del 68 - Reial Acad\u00e8mia Europea de Doctors","description":"congr\u00e9s internacional \"Qu\u00e8 va ser el 1968? Una lectura mig segle despr\u00e9s.\". El maig franc\u00e8s, la repercusi\u00f3 internacional, ...","robots":{"index":"index","follow":"follow","max-snippet":"max-snippet:-1","max-image-preview":"max-image-preview:large","max-video-preview":"max-video-preview:-1"},"canonical":"https:\/\/raed.academy\/ca\/els-ressons-del-68\/","og_locale":"ca_ES","og_type":"article","og_title":"Els ressons del 68 - Reial Acad\u00e8mia Europea de Doctors","og_description":"congr\u00e9s internacional \"Qu\u00e8 va ser el 1968? Una lectura mig segle despr\u00e9s.\". El maig franc\u00e8s, la repercusi\u00f3 internacional, ...","og_url":"https:\/\/raed.academy\/ca\/els-ressons-del-68\/","og_site_name":"Reial Acad\u00e8mia Europea de Doctors","article_publisher":"http:\/\/fb.me\/raed.academy","article_published_time":"2017-12-12T11:21:13+00:00","article_modified_time":"2017-12-13T15:40:52+00:00","og_image":[{"width":950,"height":327,"url":"https:\/\/raed.academy\/wp-content\/uploads\/2017\/12\/Ex\u00e8rcit_al_Z\u00f3calo-28_dagost-dominioPublico-dstNtc.jpg","type":"image\/jpeg"}],"author":"RAED","twitter_card":"summary_large_image","twitter_creator":"@raedacademy","twitter_site":"@raedacademy","twitter_misc":{"Written by":"RAED","Est. reading time":"3 minutes"},"schema":{"@context":"https:\/\/schema.org","@graph":[{"@type":"Article","@id":"https:\/\/raed.academy\/ca\/els-ressons-del-68\/#article","isPartOf":{"@id":"https:\/\/raed.academy\/ca\/els-ressons-del-68\/"},"author":{"name":"RAED","@id":"https:\/\/raed.academy\/ca\/#\/schema\/person\/5a755da80d1d979fd66ba745c8702927"},"headline":"Els ressons del 68","datePublished":"2017-12-12T11:21:13+00:00","dateModified":"2017-12-13T15:40:52+00:00","mainEntityOfPage":{"@id":"https:\/\/raed.academy\/ca\/els-ressons-del-68\/"},"wordCount":531,"publisher":{"@id":"https:\/\/raed.academy\/ca\/#organization"},"image":{"@id":"https:\/\/raed.academy\/ca\/els-ressons-del-68\/#primaryimage"},"thumbnailUrl":"https:\/\/raed.academy\/wp-content\/uploads\/2017\/12\/Ex\u00e8rcit_al_Z\u00f3calo-28_dagost-dominioPublico-dstNtc.jpg","articleSection":["Uncategorized @ca"],"inLanguage":"ca-ES"},{"@type":"WebPage","@id":"https:\/\/raed.academy\/ca\/els-ressons-del-68\/","url":"https:\/\/raed.academy\/ca\/els-ressons-del-68\/","name":"Els ressons del 68 - Reial Acad\u00e8mia Europea de Doctors","isPartOf":{"@id":"https:\/\/raed.academy\/ca\/#website"},"primaryImageOfPage":{"@id":"https:\/\/raed.academy\/ca\/els-ressons-del-68\/#primaryimage"},"image":{"@id":"https:\/\/raed.academy\/ca\/els-ressons-del-68\/#primaryimage"},"thumbnailUrl":"https:\/\/raed.academy\/wp-content\/uploads\/2017\/12\/Ex\u00e8rcit_al_Z\u00f3calo-28_dagost-dominioPublico-dstNtc.jpg","datePublished":"2017-12-12T11:21:13+00:00","dateModified":"2017-12-13T15:40:52+00:00","description":"congr\u00e9s internacional \"Qu\u00e8 va ser el 1968? Una lectura mig segle despr\u00e9s.\". El maig franc\u00e8s, la repercusi\u00f3 internacional, ...","breadcrumb":{"@id":"https:\/\/raed.academy\/ca\/els-ressons-del-68\/#breadcrumb"},"inLanguage":"ca-ES","potentialAction":[{"@type":"ReadAction","target":["https:\/\/raed.academy\/ca\/els-ressons-del-68\/"]}]},{"@type":"ImageObject","inLanguage":"ca-ES","@id":"https:\/\/raed.academy\/ca\/els-ressons-del-68\/#primaryimage","url":"https:\/\/raed.academy\/wp-content\/uploads\/2017\/12\/Ex\u00e8rcit_al_Z\u00f3calo-28_dagost-dominioPublico-dstNtc.jpg","contentUrl":"https:\/\/raed.academy\/wp-content\/uploads\/2017\/12\/Ex\u00e8rcit_al_Z\u00f3calo-28_dagost-dominioPublico-dstNtc.jpg","width":950,"height":327},{"@type":"BreadcrumbList","@id":"https:\/\/raed.academy\/ca\/els-ressons-del-68\/#breadcrumb","itemListElement":[{"@type":"ListItem","position":1,"name":"Inicio","item":"https:\/\/raed.academy\/ca\/"},{"@type":"ListItem","position":2,"name":"Els ressons del 68"}]},{"@type":"WebSite","@id":"https:\/\/raed.academy\/ca\/#website","url":"https:\/\/raed.academy\/ca\/","name":"Reial Acad\u00e8mia Europea de Doctors","description":"Corporaci\u00f3n de derecho p\u00fablico de car\u00e1cter cient\u00edfico, t\u00e9cnico y art\u00edstico, que tiene por objeto la investigaci\u00f3n, el estudio, el fomento y la extensi\u00f3n del conocimiento en su sentido m\u00e1s amplio","publisher":{"@id":"https:\/\/raed.academy\/ca\/#organization"},"potentialAction":[{"@type":"SearchAction","target":{"@type":"EntryPoint","urlTemplate":"https:\/\/raed.academy\/ca\/?s={search_term_string}"},"query-input":{"@type":"PropertyValueSpecification","valueRequired":true,"valueName":"search_term_string"}}],"inLanguage":"ca-ES"},{"@type":"Organization","@id":"https:\/\/raed.academy\/ca\/#organization","name":"Real Academia Europea de Doctores","url":"https:\/\/raed.academy\/ca\/","logo":{"@type":"ImageObject","inLanguage":"ca-ES","@id":"https:\/\/raed.academy\/ca\/#\/schema\/logo\/image\/","url":"https:\/\/raed.academy\/wp-content\/uploads\/2017\/01\/cropped-logo_raed.png","contentUrl":"https:\/\/raed.academy\/wp-content\/uploads\/2017\/01\/cropped-logo_raed.png","width":512,"height":512,"caption":"Real Academia Europea de Doctores"},"image":{"@id":"https:\/\/raed.academy\/ca\/#\/schema\/logo\/image\/"},"sameAs":["http:\/\/fb.me\/raed.academy","https:\/\/x.com\/raedacademy","https:\/\/www.instagram.com\/raed.academy\/","https:\/\/www.youtube.com\/channel\/UCUYQwW2KrdirNWihxMDObwg"]},{"@type":"Person","@id":"https:\/\/raed.academy\/ca\/#\/schema\/person\/5a755da80d1d979fd66ba745c8702927","name":"RAED","image":{"@type":"ImageObject","inLanguage":"ca-ES","@id":"https:\/\/secure.gravatar.com\/avatar\/19fdfdc0d67fb9c45714b703a2ac82251c4fcea3637f002ac3c9b74c0183583c?s=96&d=mm&r=g","url":"https:\/\/secure.gravatar.com\/avatar\/19fdfdc0d67fb9c45714b703a2ac82251c4fcea3637f002ac3c9b74c0183583c?s=96&d=mm&r=g","contentUrl":"https:\/\/secure.gravatar.com\/avatar\/19fdfdc0d67fb9c45714b703a2ac82251c4fcea3637f002ac3c9b74c0183583c?s=96&d=mm&r=g","caption":"RAED"}}]}},"_links":{"self":[{"href":"https:\/\/raed.academy\/ca\/wp-json\/wp\/v2\/posts\/38765","targetHints":{"allow":["GET"]}}],"collection":[{"href":"https:\/\/raed.academy\/ca\/wp-json\/wp\/v2\/posts"}],"about":[{"href":"https:\/\/raed.academy\/ca\/wp-json\/wp\/v2\/types\/post"}],"author":[{"embeddable":true,"href":"https:\/\/raed.academy\/ca\/wp-json\/wp\/v2\/users\/12"}],"replies":[{"embeddable":true,"href":"https:\/\/raed.academy\/ca\/wp-json\/wp\/v2\/comments?post=38765"}],"version-history":[{"count":0,"href":"https:\/\/raed.academy\/ca\/wp-json\/wp\/v2\/posts\/38765\/revisions"}],"wp:featuredmedia":[{"embeddable":true,"href":"https:\/\/raed.academy\/ca\/wp-json\/wp\/v2\/media\/38634"}],"wp:attachment":[{"href":"https:\/\/raed.academy\/ca\/wp-json\/wp\/v2\/media?parent=38765"}],"wp:term":[{"taxonomy":"category","embeddable":true,"href":"https:\/\/raed.academy\/ca\/wp-json\/wp\/v2\/categories?post=38765"},{"taxonomy":"post_tag","embeddable":true,"href":"https:\/\/raed.academy\/ca\/wp-json\/wp\/v2\/tags?post=38765"}],"curies":[{"name":"wp","href":"https:\/\/api.w.org\/{rel}","templated":true}]}}