{"id":38550,"date":"2017-12-01T11:44:00","date_gmt":"2017-12-01T11:44:00","guid":{"rendered":"http:\/\/raed.academy\/?p=38550"},"modified":"2017-12-07T11:00:25","modified_gmt":"2017-12-07T11:00:25","slug":"video-resum-lacte-dingres-juan-trias-bes","status":"publish","type":"post","link":"https:\/\/raed.academy\/ca\/video-resum-lacte-dingres-juan-trias-bes\/","title":{"rendered":"V\u00eddeo-resum de l&#8217;acte d&#8217;ingr\u00e9s de Juan Trias de Bes"},"content":{"rendered":"<p>El canal de Youtube de la<strong> Reial Acad\u00e8mia Europea de Doctors-Barcelona 1914<\/strong> (RAED) ja disposa del v\u00eddeo-resum de l&#8217;acte d&#8217;ingr\u00e9s com a acad\u00e8mic de n\u00famero de <a href=\"http:\/\/raed.academy\/ca\/academics\/dr-juan-trias-de-bes\/\" target=\"_blank\" rel=\"noopener\"><strong>Juan Trias de Bes<\/strong><\/a>, que es va celebrar a Barcelona el passat 14 de setembre. El recipiendari va llegir el discurs d&#8217;ingr\u00e9s <strong>&#8220;Barcelona, \u200b\u200bgaler\u00eda urbana&#8221;<\/strong>, un recorregut per tres grans actuacions urban\u00edstiques que han marcat la configuraci\u00f3 actual de la ciutat. Li va respondre en nom de la RAED l&#8217;acad\u00e8mic de n\u00famero <a href=\"http:\/\/raed.academy\/ca\/academics\/dr-jaime-rodrigo-de-larrucea\/\" target=\"_blank\" rel=\"noopener\"><strong>Jaime Rodrigo de Larrucea<\/strong><\/a>.<\/p>\n<p>Nascut a Barcelona el 1964, el nou acad\u00e8mic de la RAED \u00e9s arquitecte per l&#8217;<a href=\"http:\/\/etsab.upc.edu\" target=\"_blank\" rel=\"noopener\"><strong>Escola T\u00e8cnica Superior d&#8217;Arquitectura de Barcelona<\/strong><\/a>. Va obrir el seu estudi professional TDB Arquitectura el 1992 i \u00e9s autor d&#8217;obres institucionals com la Resid\u00e8ncia Universit\u00e0ria Sarri\u00e0, la seu de l&#8217;Acad\u00e8mia de Ci\u00e8ncies M\u00e8diques de Catalunya i Balears, la seu central dels laboratoris Gr\u00edfols o l&#8217;Escola de Negocis <a href=\"http:\/\/www.esade.edu\" target=\"_blank\" rel=\"noopener\"><strong>ESADE<\/strong> <\/a>al Campus de Sant Cugat del Vall\u00e8s (Barcelona). En el camp de la rehabilitaci\u00f3 d&#8217;edificis acredita intervencions com l&#8217;Hotel Mandar\u00edn Oriental de Barcelona, \u200b\u200bel Centre de Convencions i seu institucional d&#8217;ESADE a Barcelona o l&#8217;edifici Casa Bur\u00e9s, destinat a habitatge col\u00b7lectiu, tamb\u00e9 a Barcelona.<\/p>\n<p><iframe loading=\"lazy\" src=\"https:\/\/www.youtube.com\/embed\/fcSziJTixb4\" width=\"1160\" height=\"404\" frameborder=\"0\" allowfullscreen=\"allowfullscreen\"><\/iframe><\/p>\n<h3><a href=\"https:\/\/youtu.be\/ShAREaqcqEY\" target=\"_blank\" rel=\"noopener\">Veure v\u00eddeo sencer<\/a><\/h3>\n","protected":false},"excerpt":{"rendered":"<p>El canal de Youtube de la Reial Acad\u00e8mia Europea de Doctors-Barcelona 1914 (RAED) ja disposa del v\u00eddeo-resum de l&#8217;acte d&#8217;ingr\u00e9s com a acad\u00e8mic de n\u00famero de Juan Trias de Bes, que es va celebrar a Barcelona el passat 14 de setembre. El recipiendari va llegir el discurs d&#8217;ingr\u00e9s &#8220;Barcelona, \u200b\u200bgaler\u00eda urbana&#8221;, un recorregut per tres [&hellip;]<\/p>\n","protected":false},"author":12,"featured_media":0,"comment_status":"closed","ping_status":"closed","sticky":false,"template":"","format":"standard","meta":{"_et_pb_use_builder":"","_et_pb_old_content":"","_et_gb_content_width":"","footnotes":""},"categories":[72],"tags":[],"class_list":["post-38550","post","type-post","status-publish","format-standard","hentry","category-uncategorized-ca","et-doesnt-have-format-content","et_post_format-et-post-format-standard"],"yoast_head":"<!-- This site is optimized with the Yoast SEO plugin v27.4 - https:\/\/yoast.com\/product\/yoast-seo-wordpress\/ -->\n<title>V\u00eddeo-resum de l&#039;acte d&#039;ingr\u00e9s de Juan Trias de Bes - Reial Acad\u00e8mia Europea de Doctors<\/title>\n<meta name=\"description\" content=\"El canal de Youtube de la RAED ja disposa del v\u00eddeo-resum de l&#039;acte d&#039;ingr\u00e9s com a acad\u00e8mic de n\u00famero de Juan Trias de Bes\" \/>\n<meta name=\"robots\" content=\"index, follow, max-snippet:-1, max-image-preview:large, max-video-preview:-1\" \/>\n<link rel=\"canonical\" href=\"https:\/\/raed.academy\/ca\/video-resum-lacte-dingres-juan-trias-bes\/\" \/>\n<meta property=\"og:locale\" content=\"ca_ES\" \/>\n<meta property=\"og:type\" content=\"article\" \/>\n<meta property=\"og:title\" content=\"V\u00eddeo-resum de l&#039;acte d&#039;ingr\u00e9s de Juan Trias de Bes - Reial Acad\u00e8mia Europea de Doctors\" \/>\n<meta property=\"og:description\" content=\"El canal de Youtube de la RAED ja disposa del v\u00eddeo-resum de l&#039;acte d&#039;ingr\u00e9s com a acad\u00e8mic de n\u00famero de Juan Trias de Bes\" \/>\n<meta property=\"og:url\" content=\"https:\/\/raed.academy\/ca\/video-resum-lacte-dingres-juan-trias-bes\/\" \/>\n<meta property=\"og:site_name\" content=\"Reial Acad\u00e8mia Europea de Doctors\" \/>\n<meta property=\"article:publisher\" content=\"http:\/\/fb.me\/raed.academy\" \/>\n<meta property=\"article:published_time\" content=\"2017-12-01T11:44:00+00:00\" \/>\n<meta property=\"article:modified_time\" content=\"2017-12-07T11:00:25+00:00\" \/>\n<meta name=\"author\" content=\"RAED\" \/>\n<meta name=\"twitter:card\" content=\"summary_large_image\" \/>\n<meta name=\"twitter:creator\" content=\"@raedacademy\" \/>\n<meta name=\"twitter:site\" content=\"@raedacademy\" \/>\n<meta name=\"twitter:label1\" content=\"Written by\" \/>\n\t<meta name=\"twitter:data1\" content=\"RAED\" \/>\n\t<meta name=\"twitter:label2\" content=\"Est. reading time\" \/>\n\t<meta name=\"twitter:data2\" content=\"1 minute\" \/>\n<script type=\"application\/ld+json\" class=\"yoast-schema-graph\">{\"@context\":\"https:\\\/\\\/schema.org\",\"@graph\":[{\"@type\":\"Article\",\"@id\":\"https:\\\/\\\/raed.academy\\\/ca\\\/video-resum-lacte-dingres-juan-trias-bes\\\/#article\",\"isPartOf\":{\"@id\":\"https:\\\/\\\/raed.academy\\\/ca\\\/video-resum-lacte-dingres-juan-trias-bes\\\/\"},\"author\":{\"name\":\"RAED\",\"@id\":\"https:\\\/\\\/raed.academy\\\/ca\\\/#\\\/schema\\\/person\\\/5a755da80d1d979fd66ba745c8702927\"},\"headline\":\"V\u00eddeo-resum de l&#8217;acte d&#8217;ingr\u00e9s de Juan Trias de Bes\",\"datePublished\":\"2017-12-01T11:44:00+00:00\",\"dateModified\":\"2017-12-07T11:00:25+00:00\",\"mainEntityOfPage\":{\"@id\":\"https:\\\/\\\/raed.academy\\\/ca\\\/video-resum-lacte-dingres-juan-trias-bes\\\/\"},\"wordCount\":236,\"publisher\":{\"@id\":\"https:\\\/\\\/raed.academy\\\/ca\\\/#organization\"},\"articleSection\":[\"Uncategorized @ca\"],\"inLanguage\":\"ca-ES\"},{\"@type\":\"WebPage\",\"@id\":\"https:\\\/\\\/raed.academy\\\/ca\\\/video-resum-lacte-dingres-juan-trias-bes\\\/\",\"url\":\"https:\\\/\\\/raed.academy\\\/ca\\\/video-resum-lacte-dingres-juan-trias-bes\\\/\",\"name\":\"V\u00eddeo-resum de l'acte d'ingr\u00e9s de Juan Trias de Bes - Reial Acad\u00e8mia Europea de Doctors\",\"isPartOf\":{\"@id\":\"https:\\\/\\\/raed.academy\\\/ca\\\/#website\"},\"datePublished\":\"2017-12-01T11:44:00+00:00\",\"dateModified\":\"2017-12-07T11:00:25+00:00\",\"description\":\"El canal de Youtube de la RAED ja disposa del v\u00eddeo-resum de l'acte d'ingr\u00e9s com a acad\u00e8mic de n\u00famero de Juan Trias de Bes\",\"breadcrumb\":{\"@id\":\"https:\\\/\\\/raed.academy\\\/ca\\\/video-resum-lacte-dingres-juan-trias-bes\\\/#breadcrumb\"},\"inLanguage\":\"ca-ES\",\"potentialAction\":[{\"@type\":\"ReadAction\",\"target\":[\"https:\\\/\\\/raed.academy\\\/ca\\\/video-resum-lacte-dingres-juan-trias-bes\\\/\"]}]},{\"@type\":\"BreadcrumbList\",\"@id\":\"https:\\\/\\\/raed.academy\\\/ca\\\/video-resum-lacte-dingres-juan-trias-bes\\\/#breadcrumb\",\"itemListElement\":[{\"@type\":\"ListItem\",\"position\":1,\"name\":\"Inicio\",\"item\":\"https:\\\/\\\/raed.academy\\\/ca\\\/\"},{\"@type\":\"ListItem\",\"position\":2,\"name\":\"V\u00eddeo-resum de l&#8217;acte d&#8217;ingr\u00e9s de Juan Trias de Bes\"}]},{\"@type\":\"WebSite\",\"@id\":\"https:\\\/\\\/raed.academy\\\/ca\\\/#website\",\"url\":\"https:\\\/\\\/raed.academy\\\/ca\\\/\",\"name\":\"Reial Acad\u00e8mia Europea de Doctors\",\"description\":\"Corporaci\u00f3n de derecho p\u00fablico de car\u00e1cter cient\u00edfico, t\u00e9cnico y art\u00edstico, que tiene por objeto la investigaci\u00f3n, el estudio, el fomento y la extensi\u00f3n del conocimiento en su sentido m\u00e1s amplio\",\"publisher\":{\"@id\":\"https:\\\/\\\/raed.academy\\\/ca\\\/#organization\"},\"potentialAction\":[{\"@type\":\"SearchAction\",\"target\":{\"@type\":\"EntryPoint\",\"urlTemplate\":\"https:\\\/\\\/raed.academy\\\/ca\\\/?s={search_term_string}\"},\"query-input\":{\"@type\":\"PropertyValueSpecification\",\"valueRequired\":true,\"valueName\":\"search_term_string\"}}],\"inLanguage\":\"ca-ES\"},{\"@type\":\"Organization\",\"@id\":\"https:\\\/\\\/raed.academy\\\/ca\\\/#organization\",\"name\":\"Real Academia Europea de Doctores\",\"url\":\"https:\\\/\\\/raed.academy\\\/ca\\\/\",\"logo\":{\"@type\":\"ImageObject\",\"inLanguage\":\"ca-ES\",\"@id\":\"https:\\\/\\\/raed.academy\\\/ca\\\/#\\\/schema\\\/logo\\\/image\\\/\",\"url\":\"https:\\\/\\\/raed.academy\\\/wp-content\\\/uploads\\\/2017\\\/01\\\/cropped-logo_raed.png\",\"contentUrl\":\"https:\\\/\\\/raed.academy\\\/wp-content\\\/uploads\\\/2017\\\/01\\\/cropped-logo_raed.png\",\"width\":512,\"height\":512,\"caption\":\"Real Academia Europea de Doctores\"},\"image\":{\"@id\":\"https:\\\/\\\/raed.academy\\\/ca\\\/#\\\/schema\\\/logo\\\/image\\\/\"},\"sameAs\":[\"http:\\\/\\\/fb.me\\\/raed.academy\",\"https:\\\/\\\/x.com\\\/raedacademy\",\"https:\\\/\\\/www.instagram.com\\\/raed.academy\\\/\",\"https:\\\/\\\/www.youtube.com\\\/channel\\\/UCUYQwW2KrdirNWihxMDObwg\"]},{\"@type\":\"Person\",\"@id\":\"https:\\\/\\\/raed.academy\\\/ca\\\/#\\\/schema\\\/person\\\/5a755da80d1d979fd66ba745c8702927\",\"name\":\"RAED\",\"image\":{\"@type\":\"ImageObject\",\"inLanguage\":\"ca-ES\",\"@id\":\"https:\\\/\\\/secure.gravatar.com\\\/avatar\\\/19fdfdc0d67fb9c45714b703a2ac82251c4fcea3637f002ac3c9b74c0183583c?s=96&d=mm&r=g\",\"url\":\"https:\\\/\\\/secure.gravatar.com\\\/avatar\\\/19fdfdc0d67fb9c45714b703a2ac82251c4fcea3637f002ac3c9b74c0183583c?s=96&d=mm&r=g\",\"contentUrl\":\"https:\\\/\\\/secure.gravatar.com\\\/avatar\\\/19fdfdc0d67fb9c45714b703a2ac82251c4fcea3637f002ac3c9b74c0183583c?s=96&d=mm&r=g\",\"caption\":\"RAED\"}}]}<\/script>\n<!-- \/ Yoast SEO plugin. -->","yoast_head_json":{"title":"V\u00eddeo-resum de l'acte d'ingr\u00e9s de Juan Trias de Bes - Reial Acad\u00e8mia Europea de Doctors","description":"El canal de Youtube de la RAED ja disposa del v\u00eddeo-resum de l'acte d'ingr\u00e9s com a acad\u00e8mic de n\u00famero de Juan Trias de Bes","robots":{"index":"index","follow":"follow","max-snippet":"max-snippet:-1","max-image-preview":"max-image-preview:large","max-video-preview":"max-video-preview:-1"},"canonical":"https:\/\/raed.academy\/ca\/video-resum-lacte-dingres-juan-trias-bes\/","og_locale":"ca_ES","og_type":"article","og_title":"V\u00eddeo-resum de l'acte d'ingr\u00e9s de Juan Trias de Bes - Reial Acad\u00e8mia Europea de Doctors","og_description":"El canal de Youtube de la RAED ja disposa del v\u00eddeo-resum de l'acte d'ingr\u00e9s com a acad\u00e8mic de n\u00famero de Juan Trias de Bes","og_url":"https:\/\/raed.academy\/ca\/video-resum-lacte-dingres-juan-trias-bes\/","og_site_name":"Reial Acad\u00e8mia Europea de Doctors","article_publisher":"http:\/\/fb.me\/raed.academy","article_published_time":"2017-12-01T11:44:00+00:00","article_modified_time":"2017-12-07T11:00:25+00:00","author":"RAED","twitter_card":"summary_large_image","twitter_creator":"@raedacademy","twitter_site":"@raedacademy","twitter_misc":{"Written by":"RAED","Est. reading time":"1 minute"},"schema":{"@context":"https:\/\/schema.org","@graph":[{"@type":"Article","@id":"https:\/\/raed.academy\/ca\/video-resum-lacte-dingres-juan-trias-bes\/#article","isPartOf":{"@id":"https:\/\/raed.academy\/ca\/video-resum-lacte-dingres-juan-trias-bes\/"},"author":{"name":"RAED","@id":"https:\/\/raed.academy\/ca\/#\/schema\/person\/5a755da80d1d979fd66ba745c8702927"},"headline":"V\u00eddeo-resum de l&#8217;acte d&#8217;ingr\u00e9s de Juan Trias de Bes","datePublished":"2017-12-01T11:44:00+00:00","dateModified":"2017-12-07T11:00:25+00:00","mainEntityOfPage":{"@id":"https:\/\/raed.academy\/ca\/video-resum-lacte-dingres-juan-trias-bes\/"},"wordCount":236,"publisher":{"@id":"https:\/\/raed.academy\/ca\/#organization"},"articleSection":["Uncategorized @ca"],"inLanguage":"ca-ES"},{"@type":"WebPage","@id":"https:\/\/raed.academy\/ca\/video-resum-lacte-dingres-juan-trias-bes\/","url":"https:\/\/raed.academy\/ca\/video-resum-lacte-dingres-juan-trias-bes\/","name":"V\u00eddeo-resum de l'acte d'ingr\u00e9s de Juan Trias de Bes - Reial Acad\u00e8mia Europea de Doctors","isPartOf":{"@id":"https:\/\/raed.academy\/ca\/#website"},"datePublished":"2017-12-01T11:44:00+00:00","dateModified":"2017-12-07T11:00:25+00:00","description":"El canal de Youtube de la RAED ja disposa del v\u00eddeo-resum de l'acte d'ingr\u00e9s com a acad\u00e8mic de n\u00famero de Juan Trias de Bes","breadcrumb":{"@id":"https:\/\/raed.academy\/ca\/video-resum-lacte-dingres-juan-trias-bes\/#breadcrumb"},"inLanguage":"ca-ES","potentialAction":[{"@type":"ReadAction","target":["https:\/\/raed.academy\/ca\/video-resum-lacte-dingres-juan-trias-bes\/"]}]},{"@type":"BreadcrumbList","@id":"https:\/\/raed.academy\/ca\/video-resum-lacte-dingres-juan-trias-bes\/#breadcrumb","itemListElement":[{"@type":"ListItem","position":1,"name":"Inicio","item":"https:\/\/raed.academy\/ca\/"},{"@type":"ListItem","position":2,"name":"V\u00eddeo-resum de l&#8217;acte d&#8217;ingr\u00e9s de Juan Trias de Bes"}]},{"@type":"WebSite","@id":"https:\/\/raed.academy\/ca\/#website","url":"https:\/\/raed.academy\/ca\/","name":"Reial Acad\u00e8mia Europea de Doctors","description":"Corporaci\u00f3n de derecho p\u00fablico de car\u00e1cter cient\u00edfico, t\u00e9cnico y art\u00edstico, que tiene por objeto la investigaci\u00f3n, el estudio, el fomento y la extensi\u00f3n del conocimiento en su sentido m\u00e1s amplio","publisher":{"@id":"https:\/\/raed.academy\/ca\/#organization"},"potentialAction":[{"@type":"SearchAction","target":{"@type":"EntryPoint","urlTemplate":"https:\/\/raed.academy\/ca\/?s={search_term_string}"},"query-input":{"@type":"PropertyValueSpecification","valueRequired":true,"valueName":"search_term_string"}}],"inLanguage":"ca-ES"},{"@type":"Organization","@id":"https:\/\/raed.academy\/ca\/#organization","name":"Real Academia Europea de Doctores","url":"https:\/\/raed.academy\/ca\/","logo":{"@type":"ImageObject","inLanguage":"ca-ES","@id":"https:\/\/raed.academy\/ca\/#\/schema\/logo\/image\/","url":"https:\/\/raed.academy\/wp-content\/uploads\/2017\/01\/cropped-logo_raed.png","contentUrl":"https:\/\/raed.academy\/wp-content\/uploads\/2017\/01\/cropped-logo_raed.png","width":512,"height":512,"caption":"Real Academia Europea de Doctores"},"image":{"@id":"https:\/\/raed.academy\/ca\/#\/schema\/logo\/image\/"},"sameAs":["http:\/\/fb.me\/raed.academy","https:\/\/x.com\/raedacademy","https:\/\/www.instagram.com\/raed.academy\/","https:\/\/www.youtube.com\/channel\/UCUYQwW2KrdirNWihxMDObwg"]},{"@type":"Person","@id":"https:\/\/raed.academy\/ca\/#\/schema\/person\/5a755da80d1d979fd66ba745c8702927","name":"RAED","image":{"@type":"ImageObject","inLanguage":"ca-ES","@id":"https:\/\/secure.gravatar.com\/avatar\/19fdfdc0d67fb9c45714b703a2ac82251c4fcea3637f002ac3c9b74c0183583c?s=96&d=mm&r=g","url":"https:\/\/secure.gravatar.com\/avatar\/19fdfdc0d67fb9c45714b703a2ac82251c4fcea3637f002ac3c9b74c0183583c?s=96&d=mm&r=g","contentUrl":"https:\/\/secure.gravatar.com\/avatar\/19fdfdc0d67fb9c45714b703a2ac82251c4fcea3637f002ac3c9b74c0183583c?s=96&d=mm&r=g","caption":"RAED"}}]}},"_links":{"self":[{"href":"https:\/\/raed.academy\/ca\/wp-json\/wp\/v2\/posts\/38550","targetHints":{"allow":["GET"]}}],"collection":[{"href":"https:\/\/raed.academy\/ca\/wp-json\/wp\/v2\/posts"}],"about":[{"href":"https:\/\/raed.academy\/ca\/wp-json\/wp\/v2\/types\/post"}],"author":[{"embeddable":true,"href":"https:\/\/raed.academy\/ca\/wp-json\/wp\/v2\/users\/12"}],"replies":[{"embeddable":true,"href":"https:\/\/raed.academy\/ca\/wp-json\/wp\/v2\/comments?post=38550"}],"version-history":[{"count":0,"href":"https:\/\/raed.academy\/ca\/wp-json\/wp\/v2\/posts\/38550\/revisions"}],"wp:attachment":[{"href":"https:\/\/raed.academy\/ca\/wp-json\/wp\/v2\/media?parent=38550"}],"wp:term":[{"taxonomy":"category","embeddable":true,"href":"https:\/\/raed.academy\/ca\/wp-json\/wp\/v2\/categories?post=38550"},{"taxonomy":"post_tag","embeddable":true,"href":"https:\/\/raed.academy\/ca\/wp-json\/wp\/v2\/tags?post=38550"}],"curies":[{"name":"wp","href":"https:\/\/api.w.org\/{rel}","templated":true}]}}