{"id":38533,"date":"2017-12-04T10:23:06","date_gmt":"2017-12-04T10:23:06","guid":{"rendered":"http:\/\/raed.academy\/?p=38533"},"modified":"2017-12-07T10:45:56","modified_gmt":"2017-12-07T10:45:56","slug":"premis-carles-ferrer-salat-de-foment-del-treball","status":"publish","type":"post","link":"https:\/\/raed.academy\/ca\/premis-carles-ferrer-salat-de-foment-del-treball\/","title":{"rendered":"Premi a l&#8217;emprenedoria"},"content":{"rendered":"<div id=\"attachment_38442\" style=\"width: 400px\" class=\"wp-caption alignleft\"><img loading=\"lazy\" decoding=\"async\" aria-describedby=\"caption-attachment-38442\" class=\"wp-image-38442\" src=\"http:\/\/raed.academy\/wp-content\/uploads\/2017\/12\/presidente-de-Fomento-del-Trabajo.jpg\" alt=\"Joaqu\u00edn Gay de Montell\u00e0, president de Foment del Treball Nacional\" width=\"390\" height=\"259\" \/><p id=\"caption-attachment-38442\" class=\"wp-caption-text\">Joaqu\u00edn Gay de Montell\u00e0<\/p><\/div>\n<p><a href=\"http:\/\/raed.academy\/academicos\/dr-jose-luis-salido-banus\/\" target=\"_blank\" rel=\"noopener\"><strong>Jos\u00e9 Luis Salido<\/strong><\/a>, acad\u00e8mic de n\u00famero i secretari de la Junta de Govern de la <strong>Reial Acad\u00e8mia Europea de Doctors-Barcelona 1914<\/strong> (RAED), va assistir el passat 22 de novembre representant a la instituci\u00f3 a l&#8217;acte del lliurament dels <strong>Premis Carles Ferrer Salat<\/strong> i medalles d&#8217;honor que <a href=\"http:\/\/www.foment.com\" target=\"_blank\" rel=\"noopener\"><strong>Foment del Treball Nacional<\/strong><\/a> atorga anualment a empreses i personalitats que s&#8217;han distingit en la defensa dels valors empresarials.<\/p>\n<p>L&#8217;acte va ser presidit per <strong>Mariano Rajoy<\/strong>, president del Govern, i va tenir com a amfitri\u00f3 principal al president de Foment, <strong>Joaquim Gay de Montell\u00e0<\/strong>. Entre les personalitats presents es trobaven <strong>Joan Rosell<\/strong>, president de la <a href=\"http:\/\/www.ceoe.es\" target=\"_blank\" rel=\"noopener\"><strong>Confederaci\u00f3 Espanyola d&#8217;Organitzacions Empresarials<\/strong><\/a> (CEOE); <strong>Isidre Fain\u00e9<\/strong>, acad\u00e8mic de n\u00famero de la RAED i president de la <a href=\"http:\/\/obrasociallacaixa.org\" target=\"_blank\" rel=\"noopener\"><strong>Fundaci\u00f3 La Caixa<\/strong><\/a>; el delegat del Govern a Catalunya, <strong>Enric Millo<\/strong>; el tinent d&#8217;Alcalde de l&#8217;<a href=\"http:\/\/ajuntament.barcelona.cat\" target=\"_blank\" rel=\"noopener\"><strong>Ajuntament de Barcelona<\/strong><\/a> <strong>Gerardo Pisarello<\/strong>, i el president del <a href=\"http:\/\/www.ppcatalunya.com\" target=\"_blank\" rel=\"noopener\"><strong>Partit Popular de Catalunya<\/strong><\/a>, <strong>Xavier Garc\u00eda Albiol<\/strong>.<\/p>\n<p>El moment m\u00e9s emotiu de la celebraci\u00f3 va ser la refer\u00e8ncia al lliurament de la Medalla d&#8217;Honor de Foment a <strong>Alfredo Molinas<\/strong> i el record i lliurament de la Medalla d&#8217;Honor de l&#8217;entitat in memoriam a <strong>Joan Antoni Samaranch<\/strong>, expresident del <a href=\"http:\/\/www.olympic.org\" target=\"_blank\" rel=\"noopener\"><strong>Comit\u00e8 Ol\u00edmpic Internacional<\/strong><\/a>.<\/p>\n<p><img loading=\"lazy\" decoding=\"async\" class=\"aligncenter size-full wp-image-38438\" src=\"http:\/\/raed.academy\/wp-content\/uploads\/2017\/12\/premios-Carlos-Ferrer-Salat-y-medallas-de-honor-de-Fomento-de-Trabajo.jpg\" alt=\"premios Carlos Ferrer Salat y medallas de honor de Fomento de Trabajo\" width=\"950\" height=\"634\" srcset=\"https:\/\/raed.academy\/wp-content\/uploads\/2017\/12\/premios-Carlos-Ferrer-Salat-y-medallas-de-honor-de-Fomento-de-Trabajo.jpg 950w, https:\/\/raed.academy\/wp-content\/uploads\/2017\/12\/premios-Carlos-Ferrer-Salat-y-medallas-de-honor-de-Fomento-de-Trabajo-768x513.jpg 768w\" sizes=\"(max-width: 950px) 100vw, 950px\" \/><\/p>\n","protected":false},"excerpt":{"rendered":"<p>Jos\u00e9 Luis Salido, acad\u00e8mic de n\u00famero i secretari de la Junta de Govern de la Reial Acad\u00e8mia Europea de Doctors-Barcelona 1914 (RAED), va assistir el passat 22 de novembre representant a la instituci\u00f3 a l&#8217;acte del lliurament dels Premis Carles Ferrer Salat i medalles d&#8217;honor que Foment del Treball Nacional atorga anualment a empreses i [&hellip;]<\/p>\n","protected":false},"author":12,"featured_media":38480,"comment_status":"closed","ping_status":"closed","sticky":false,"template":"","format":"standard","meta":{"_et_pb_use_builder":"","_et_pb_old_content":"","_et_gb_content_width":"","footnotes":""},"categories":[72],"tags":[],"class_list":["post-38533","post","type-post","status-publish","format-standard","has-post-thumbnail","hentry","category-uncategorized-ca","et-has-post-format-content","et_post_format-et-post-format-standard"],"yoast_head":"<!-- This site is optimized with the Yoast SEO plugin v27.4 - https:\/\/yoast.com\/product\/yoast-seo-wordpress\/ -->\n<title>Premis Carles Ferrer Salat de Foment del Treball | Reial Acad\u00e8mia Europea de Doctors<\/title>\n<meta name=\"description\" content=\"Premis Carles Ferrer Salat de Foment del Treball Nacional que Foment del Treball Nacional atorga anualment a a distingits en l&#039;emprenedoria.\" \/>\n<meta name=\"robots\" content=\"index, follow, max-snippet:-1, max-image-preview:large, max-video-preview:-1\" \/>\n<link rel=\"canonical\" href=\"https:\/\/raed.academy\/ca\/premis-carles-ferrer-salat-de-foment-del-treball\/\" \/>\n<meta property=\"og:locale\" content=\"ca_ES\" \/>\n<meta property=\"og:type\" content=\"article\" \/>\n<meta property=\"og:title\" content=\"Premis Carles Ferrer Salat de Foment del Treball | Reial Acad\u00e8mia Europea de Doctors\" \/>\n<meta property=\"og:description\" content=\"Premis Carles Ferrer Salat de Foment del Treball Nacional que Foment del Treball Nacional atorga anualment a a distingits en l&#039;emprenedoria.\" \/>\n<meta property=\"og:url\" content=\"https:\/\/raed.academy\/ca\/premis-carles-ferrer-salat-de-foment-del-treball\/\" \/>\n<meta property=\"og:site_name\" content=\"Reial Acad\u00e8mia Europea de Doctors\" \/>\n<meta property=\"article:publisher\" content=\"http:\/\/fb.me\/raed.academy\" \/>\n<meta property=\"article:published_time\" content=\"2017-12-04T10:23:06+00:00\" \/>\n<meta property=\"article:modified_time\" content=\"2017-12-07T10:45:56+00:00\" \/>\n<meta property=\"og:image\" content=\"https:\/\/raed.academy\/wp-content\/uploads\/2017\/12\/edificio-fomento-dstnNtc.jpg\" \/>\n\t<meta property=\"og:image:width\" content=\"900\" \/>\n\t<meta property=\"og:image:height\" content=\"337\" \/>\n\t<meta property=\"og:image:type\" content=\"image\/jpeg\" \/>\n<meta name=\"author\" content=\"RAED\" \/>\n<meta name=\"twitter:card\" content=\"summary_large_image\" \/>\n<meta name=\"twitter:creator\" content=\"@raedacademy\" \/>\n<meta name=\"twitter:site\" content=\"@raedacademy\" \/>\n<meta name=\"twitter:label1\" content=\"Written by\" \/>\n\t<meta name=\"twitter:data1\" content=\"RAED\" \/>\n\t<meta name=\"twitter:label2\" content=\"Est. reading time\" \/>\n\t<meta name=\"twitter:data2\" content=\"1 minute\" \/>\n<script type=\"application\/ld+json\" class=\"yoast-schema-graph\">{\"@context\":\"https:\\\/\\\/schema.org\",\"@graph\":[{\"@type\":\"Article\",\"@id\":\"https:\\\/\\\/raed.academy\\\/ca\\\/premis-carles-ferrer-salat-de-foment-del-treball\\\/#article\",\"isPartOf\":{\"@id\":\"https:\\\/\\\/raed.academy\\\/ca\\\/premis-carles-ferrer-salat-de-foment-del-treball\\\/\"},\"author\":{\"name\":\"RAED\",\"@id\":\"https:\\\/\\\/raed.academy\\\/ca\\\/#\\\/schema\\\/person\\\/5a755da80d1d979fd66ba745c8702927\"},\"headline\":\"Premi a l&#8217;emprenedoria\",\"datePublished\":\"2017-12-04T10:23:06+00:00\",\"dateModified\":\"2017-12-07T10:45:56+00:00\",\"mainEntityOfPage\":{\"@id\":\"https:\\\/\\\/raed.academy\\\/ca\\\/premis-carles-ferrer-salat-de-foment-del-treball\\\/\"},\"wordCount\":226,\"publisher\":{\"@id\":\"https:\\\/\\\/raed.academy\\\/ca\\\/#organization\"},\"image\":{\"@id\":\"https:\\\/\\\/raed.academy\\\/ca\\\/premis-carles-ferrer-salat-de-foment-del-treball\\\/#primaryimage\"},\"thumbnailUrl\":\"https:\\\/\\\/raed.academy\\\/wp-content\\\/uploads\\\/2017\\\/12\\\/edificio-fomento-dstnNtc.jpg\",\"articleSection\":[\"Uncategorized @ca\"],\"inLanguage\":\"ca-ES\"},{\"@type\":\"WebPage\",\"@id\":\"https:\\\/\\\/raed.academy\\\/ca\\\/premis-carles-ferrer-salat-de-foment-del-treball\\\/\",\"url\":\"https:\\\/\\\/raed.academy\\\/ca\\\/premis-carles-ferrer-salat-de-foment-del-treball\\\/\",\"name\":\"Premis Carles Ferrer Salat de Foment del Treball | Reial Acad\u00e8mia Europea de Doctors\",\"isPartOf\":{\"@id\":\"https:\\\/\\\/raed.academy\\\/ca\\\/#website\"},\"primaryImageOfPage\":{\"@id\":\"https:\\\/\\\/raed.academy\\\/ca\\\/premis-carles-ferrer-salat-de-foment-del-treball\\\/#primaryimage\"},\"image\":{\"@id\":\"https:\\\/\\\/raed.academy\\\/ca\\\/premis-carles-ferrer-salat-de-foment-del-treball\\\/#primaryimage\"},\"thumbnailUrl\":\"https:\\\/\\\/raed.academy\\\/wp-content\\\/uploads\\\/2017\\\/12\\\/edificio-fomento-dstnNtc.jpg\",\"datePublished\":\"2017-12-04T10:23:06+00:00\",\"dateModified\":\"2017-12-07T10:45:56+00:00\",\"description\":\"Premis Carles Ferrer Salat de Foment del Treball Nacional que Foment del Treball Nacional atorga anualment a a distingits en l'emprenedoria.\",\"breadcrumb\":{\"@id\":\"https:\\\/\\\/raed.academy\\\/ca\\\/premis-carles-ferrer-salat-de-foment-del-treball\\\/#breadcrumb\"},\"inLanguage\":\"ca-ES\",\"potentialAction\":[{\"@type\":\"ReadAction\",\"target\":[\"https:\\\/\\\/raed.academy\\\/ca\\\/premis-carles-ferrer-salat-de-foment-del-treball\\\/\"]}]},{\"@type\":\"ImageObject\",\"inLanguage\":\"ca-ES\",\"@id\":\"https:\\\/\\\/raed.academy\\\/ca\\\/premis-carles-ferrer-salat-de-foment-del-treball\\\/#primaryimage\",\"url\":\"https:\\\/\\\/raed.academy\\\/wp-content\\\/uploads\\\/2017\\\/12\\\/edificio-fomento-dstnNtc.jpg\",\"contentUrl\":\"https:\\\/\\\/raed.academy\\\/wp-content\\\/uploads\\\/2017\\\/12\\\/edificio-fomento-dstnNtc.jpg\",\"width\":900,\"height\":337,\"caption\":\"Edificio Fomento del Trabajo Nacional\"},{\"@type\":\"BreadcrumbList\",\"@id\":\"https:\\\/\\\/raed.academy\\\/ca\\\/premis-carles-ferrer-salat-de-foment-del-treball\\\/#breadcrumb\",\"itemListElement\":[{\"@type\":\"ListItem\",\"position\":1,\"name\":\"Inicio\",\"item\":\"https:\\\/\\\/raed.academy\\\/ca\\\/\"},{\"@type\":\"ListItem\",\"position\":2,\"name\":\"Premi a l&#8217;emprenedoria\"}]},{\"@type\":\"WebSite\",\"@id\":\"https:\\\/\\\/raed.academy\\\/ca\\\/#website\",\"url\":\"https:\\\/\\\/raed.academy\\\/ca\\\/\",\"name\":\"Reial Acad\u00e8mia Europea de Doctors\",\"description\":\"Corporaci\u00f3n de derecho p\u00fablico de car\u00e1cter cient\u00edfico, t\u00e9cnico y art\u00edstico, que tiene por objeto la investigaci\u00f3n, el estudio, el fomento y la extensi\u00f3n del conocimiento en su sentido m\u00e1s amplio\",\"publisher\":{\"@id\":\"https:\\\/\\\/raed.academy\\\/ca\\\/#organization\"},\"potentialAction\":[{\"@type\":\"SearchAction\",\"target\":{\"@type\":\"EntryPoint\",\"urlTemplate\":\"https:\\\/\\\/raed.academy\\\/ca\\\/?s={search_term_string}\"},\"query-input\":{\"@type\":\"PropertyValueSpecification\",\"valueRequired\":true,\"valueName\":\"search_term_string\"}}],\"inLanguage\":\"ca-ES\"},{\"@type\":\"Organization\",\"@id\":\"https:\\\/\\\/raed.academy\\\/ca\\\/#organization\",\"name\":\"Real Academia Europea de Doctores\",\"url\":\"https:\\\/\\\/raed.academy\\\/ca\\\/\",\"logo\":{\"@type\":\"ImageObject\",\"inLanguage\":\"ca-ES\",\"@id\":\"https:\\\/\\\/raed.academy\\\/ca\\\/#\\\/schema\\\/logo\\\/image\\\/\",\"url\":\"https:\\\/\\\/raed.academy\\\/wp-content\\\/uploads\\\/2017\\\/01\\\/cropped-logo_raed.png\",\"contentUrl\":\"https:\\\/\\\/raed.academy\\\/wp-content\\\/uploads\\\/2017\\\/01\\\/cropped-logo_raed.png\",\"width\":512,\"height\":512,\"caption\":\"Real Academia Europea de Doctores\"},\"image\":{\"@id\":\"https:\\\/\\\/raed.academy\\\/ca\\\/#\\\/schema\\\/logo\\\/image\\\/\"},\"sameAs\":[\"http:\\\/\\\/fb.me\\\/raed.academy\",\"https:\\\/\\\/x.com\\\/raedacademy\",\"https:\\\/\\\/www.instagram.com\\\/raed.academy\\\/\",\"https:\\\/\\\/www.youtube.com\\\/channel\\\/UCUYQwW2KrdirNWihxMDObwg\"]},{\"@type\":\"Person\",\"@id\":\"https:\\\/\\\/raed.academy\\\/ca\\\/#\\\/schema\\\/person\\\/5a755da80d1d979fd66ba745c8702927\",\"name\":\"RAED\",\"image\":{\"@type\":\"ImageObject\",\"inLanguage\":\"ca-ES\",\"@id\":\"https:\\\/\\\/secure.gravatar.com\\\/avatar\\\/19fdfdc0d67fb9c45714b703a2ac82251c4fcea3637f002ac3c9b74c0183583c?s=96&d=mm&r=g\",\"url\":\"https:\\\/\\\/secure.gravatar.com\\\/avatar\\\/19fdfdc0d67fb9c45714b703a2ac82251c4fcea3637f002ac3c9b74c0183583c?s=96&d=mm&r=g\",\"contentUrl\":\"https:\\\/\\\/secure.gravatar.com\\\/avatar\\\/19fdfdc0d67fb9c45714b703a2ac82251c4fcea3637f002ac3c9b74c0183583c?s=96&d=mm&r=g\",\"caption\":\"RAED\"}}]}<\/script>\n<!-- \/ Yoast SEO plugin. -->","yoast_head_json":{"title":"Premis Carles Ferrer Salat de Foment del Treball | Reial Acad\u00e8mia Europea de Doctors","description":"Premis Carles Ferrer Salat de Foment del Treball Nacional que Foment del Treball Nacional atorga anualment a a distingits en l'emprenedoria.","robots":{"index":"index","follow":"follow","max-snippet":"max-snippet:-1","max-image-preview":"max-image-preview:large","max-video-preview":"max-video-preview:-1"},"canonical":"https:\/\/raed.academy\/ca\/premis-carles-ferrer-salat-de-foment-del-treball\/","og_locale":"ca_ES","og_type":"article","og_title":"Premis Carles Ferrer Salat de Foment del Treball | Reial Acad\u00e8mia Europea de Doctors","og_description":"Premis Carles Ferrer Salat de Foment del Treball Nacional que Foment del Treball Nacional atorga anualment a a distingits en l'emprenedoria.","og_url":"https:\/\/raed.academy\/ca\/premis-carles-ferrer-salat-de-foment-del-treball\/","og_site_name":"Reial Acad\u00e8mia Europea de Doctors","article_publisher":"http:\/\/fb.me\/raed.academy","article_published_time":"2017-12-04T10:23:06+00:00","article_modified_time":"2017-12-07T10:45:56+00:00","og_image":[{"width":900,"height":337,"url":"https:\/\/raed.academy\/wp-content\/uploads\/2017\/12\/edificio-fomento-dstnNtc.jpg","type":"image\/jpeg"}],"author":"RAED","twitter_card":"summary_large_image","twitter_creator":"@raedacademy","twitter_site":"@raedacademy","twitter_misc":{"Written by":"RAED","Est. reading time":"1 minute"},"schema":{"@context":"https:\/\/schema.org","@graph":[{"@type":"Article","@id":"https:\/\/raed.academy\/ca\/premis-carles-ferrer-salat-de-foment-del-treball\/#article","isPartOf":{"@id":"https:\/\/raed.academy\/ca\/premis-carles-ferrer-salat-de-foment-del-treball\/"},"author":{"name":"RAED","@id":"https:\/\/raed.academy\/ca\/#\/schema\/person\/5a755da80d1d979fd66ba745c8702927"},"headline":"Premi a l&#8217;emprenedoria","datePublished":"2017-12-04T10:23:06+00:00","dateModified":"2017-12-07T10:45:56+00:00","mainEntityOfPage":{"@id":"https:\/\/raed.academy\/ca\/premis-carles-ferrer-salat-de-foment-del-treball\/"},"wordCount":226,"publisher":{"@id":"https:\/\/raed.academy\/ca\/#organization"},"image":{"@id":"https:\/\/raed.academy\/ca\/premis-carles-ferrer-salat-de-foment-del-treball\/#primaryimage"},"thumbnailUrl":"https:\/\/raed.academy\/wp-content\/uploads\/2017\/12\/edificio-fomento-dstnNtc.jpg","articleSection":["Uncategorized @ca"],"inLanguage":"ca-ES"},{"@type":"WebPage","@id":"https:\/\/raed.academy\/ca\/premis-carles-ferrer-salat-de-foment-del-treball\/","url":"https:\/\/raed.academy\/ca\/premis-carles-ferrer-salat-de-foment-del-treball\/","name":"Premis Carles Ferrer Salat de Foment del Treball | Reial Acad\u00e8mia Europea de Doctors","isPartOf":{"@id":"https:\/\/raed.academy\/ca\/#website"},"primaryImageOfPage":{"@id":"https:\/\/raed.academy\/ca\/premis-carles-ferrer-salat-de-foment-del-treball\/#primaryimage"},"image":{"@id":"https:\/\/raed.academy\/ca\/premis-carles-ferrer-salat-de-foment-del-treball\/#primaryimage"},"thumbnailUrl":"https:\/\/raed.academy\/wp-content\/uploads\/2017\/12\/edificio-fomento-dstnNtc.jpg","datePublished":"2017-12-04T10:23:06+00:00","dateModified":"2017-12-07T10:45:56+00:00","description":"Premis Carles Ferrer Salat de Foment del Treball Nacional que Foment del Treball Nacional atorga anualment a a distingits en l'emprenedoria.","breadcrumb":{"@id":"https:\/\/raed.academy\/ca\/premis-carles-ferrer-salat-de-foment-del-treball\/#breadcrumb"},"inLanguage":"ca-ES","potentialAction":[{"@type":"ReadAction","target":["https:\/\/raed.academy\/ca\/premis-carles-ferrer-salat-de-foment-del-treball\/"]}]},{"@type":"ImageObject","inLanguage":"ca-ES","@id":"https:\/\/raed.academy\/ca\/premis-carles-ferrer-salat-de-foment-del-treball\/#primaryimage","url":"https:\/\/raed.academy\/wp-content\/uploads\/2017\/12\/edificio-fomento-dstnNtc.jpg","contentUrl":"https:\/\/raed.academy\/wp-content\/uploads\/2017\/12\/edificio-fomento-dstnNtc.jpg","width":900,"height":337,"caption":"Edificio Fomento del Trabajo Nacional"},{"@type":"BreadcrumbList","@id":"https:\/\/raed.academy\/ca\/premis-carles-ferrer-salat-de-foment-del-treball\/#breadcrumb","itemListElement":[{"@type":"ListItem","position":1,"name":"Inicio","item":"https:\/\/raed.academy\/ca\/"},{"@type":"ListItem","position":2,"name":"Premi a l&#8217;emprenedoria"}]},{"@type":"WebSite","@id":"https:\/\/raed.academy\/ca\/#website","url":"https:\/\/raed.academy\/ca\/","name":"Reial Acad\u00e8mia Europea de Doctors","description":"Corporaci\u00f3n de derecho p\u00fablico de car\u00e1cter cient\u00edfico, t\u00e9cnico y art\u00edstico, que tiene por objeto la investigaci\u00f3n, el estudio, el fomento y la extensi\u00f3n del conocimiento en su sentido m\u00e1s amplio","publisher":{"@id":"https:\/\/raed.academy\/ca\/#organization"},"potentialAction":[{"@type":"SearchAction","target":{"@type":"EntryPoint","urlTemplate":"https:\/\/raed.academy\/ca\/?s={search_term_string}"},"query-input":{"@type":"PropertyValueSpecification","valueRequired":true,"valueName":"search_term_string"}}],"inLanguage":"ca-ES"},{"@type":"Organization","@id":"https:\/\/raed.academy\/ca\/#organization","name":"Real Academia Europea de Doctores","url":"https:\/\/raed.academy\/ca\/","logo":{"@type":"ImageObject","inLanguage":"ca-ES","@id":"https:\/\/raed.academy\/ca\/#\/schema\/logo\/image\/","url":"https:\/\/raed.academy\/wp-content\/uploads\/2017\/01\/cropped-logo_raed.png","contentUrl":"https:\/\/raed.academy\/wp-content\/uploads\/2017\/01\/cropped-logo_raed.png","width":512,"height":512,"caption":"Real Academia Europea de Doctores"},"image":{"@id":"https:\/\/raed.academy\/ca\/#\/schema\/logo\/image\/"},"sameAs":["http:\/\/fb.me\/raed.academy","https:\/\/x.com\/raedacademy","https:\/\/www.instagram.com\/raed.academy\/","https:\/\/www.youtube.com\/channel\/UCUYQwW2KrdirNWihxMDObwg"]},{"@type":"Person","@id":"https:\/\/raed.academy\/ca\/#\/schema\/person\/5a755da80d1d979fd66ba745c8702927","name":"RAED","image":{"@type":"ImageObject","inLanguage":"ca-ES","@id":"https:\/\/secure.gravatar.com\/avatar\/19fdfdc0d67fb9c45714b703a2ac82251c4fcea3637f002ac3c9b74c0183583c?s=96&d=mm&r=g","url":"https:\/\/secure.gravatar.com\/avatar\/19fdfdc0d67fb9c45714b703a2ac82251c4fcea3637f002ac3c9b74c0183583c?s=96&d=mm&r=g","contentUrl":"https:\/\/secure.gravatar.com\/avatar\/19fdfdc0d67fb9c45714b703a2ac82251c4fcea3637f002ac3c9b74c0183583c?s=96&d=mm&r=g","caption":"RAED"}}]}},"_links":{"self":[{"href":"https:\/\/raed.academy\/ca\/wp-json\/wp\/v2\/posts\/38533","targetHints":{"allow":["GET"]}}],"collection":[{"href":"https:\/\/raed.academy\/ca\/wp-json\/wp\/v2\/posts"}],"about":[{"href":"https:\/\/raed.academy\/ca\/wp-json\/wp\/v2\/types\/post"}],"author":[{"embeddable":true,"href":"https:\/\/raed.academy\/ca\/wp-json\/wp\/v2\/users\/12"}],"replies":[{"embeddable":true,"href":"https:\/\/raed.academy\/ca\/wp-json\/wp\/v2\/comments?post=38533"}],"version-history":[{"count":0,"href":"https:\/\/raed.academy\/ca\/wp-json\/wp\/v2\/posts\/38533\/revisions"}],"wp:featuredmedia":[{"embeddable":true,"href":"https:\/\/raed.academy\/ca\/wp-json\/wp\/v2\/media\/38480"}],"wp:attachment":[{"href":"https:\/\/raed.academy\/ca\/wp-json\/wp\/v2\/media?parent=38533"}],"wp:term":[{"taxonomy":"category","embeddable":true,"href":"https:\/\/raed.academy\/ca\/wp-json\/wp\/v2\/categories?post=38533"},{"taxonomy":"post_tag","embeddable":true,"href":"https:\/\/raed.academy\/ca\/wp-json\/wp\/v2\/tags?post=38533"}],"curies":[{"name":"wp","href":"https:\/\/api.w.org\/{rel}","templated":true}]}}