{"id":38531,"date":"2017-12-04T10:17:00","date_gmt":"2017-12-04T10:17:00","guid":{"rendered":"http:\/\/raed.academy\/?p=38531"},"modified":"2017-12-07T10:50:57","modified_gmt":"2017-12-07T10:50:57","slug":"una-sinia-del-segle-xxi","status":"publish","type":"post","link":"https:\/\/raed.academy\/ca\/una-sinia-del-segle-xxi\/","title":{"rendered":"Una s\u00ednia del segle XXI"},"content":{"rendered":"<p><img loading=\"lazy\" decoding=\"async\" class=\"alignleft wp-image-38443\" src=\"http:\/\/raed.academy\/wp-content\/uploads\/2017\/12\/portada-libro-La-Noria-del-Siglo-XXI-Xabier-A\u00f1overos.jpg\" alt=\"Portada del llibre &quot;La Noria del Siglo XXI&quot;, de Xabier A\u00f1overos Trias de Bes\" width=\"240\" height=\"348\" \/><\/p>\n<p><a href=\"http:\/\/raed.academy\/academicos\/dr-xabier-anoveros-trias-de-bes\/\" target=\"_blank\" rel=\"noopener\"><strong>Xabier A\u00f1overos<\/strong><\/a>, acad\u00e8mic de n\u00famero i vicepresident de la Junta de Govern de la <strong>Reial Acad\u00e8mia Europea de Doctors-Barcelona 1914<\/strong> (RAED), va presentar el passat 14 de novembre, al <a href=\"http:\/\/www.circuloecuestre.es\" target=\"_blank\" rel=\"noopener\"><strong>C\u00edrculo Ecuestre<\/strong><\/a> de Barcelona, \u200b\u200bel llibre <strong>&#8220;La noria del siglo XXI&#8221;<\/strong>, una novel\u00b7la escrita pel mateix acad\u00e8mic que segueix el mateix esquema novel\u00b7l\u00edstic que va fer servir <strong>Luis Romero<\/strong> a la seva obra <strong>&#8220;La noria&#8221;<\/strong> (Premi Nadal del 1951) per plasmar la vida de la Barcelona dels anys 40 del passat segle. Una societat de postguerra, amb les seves alegries, els seus problemes i les seves mis\u00e8ries.<\/p>\n<div id=\"attachment_38440\" style=\"width: 210px\" class=\"wp-caption alignright\"><img loading=\"lazy\" decoding=\"async\" aria-describedby=\"caption-attachment-38440\" class=\"wp-image-38440\" src=\"http:\/\/raed.academy\/wp-content\/uploads\/2017\/12\/Xabier-A\u00f1overos-Trias-de-Bes.jpg\" alt=\"Dr. Xabier A\u00f1overos Trias de Bes\" width=\"200\" height=\"177\" \/><p id=\"caption-attachment-38440\" class=\"wp-caption-text\">Dr. Xabier A\u00f1overos Trias de Bes<\/p><\/div>\n<p><strong>&#8220;La noria del siglo XXI&#8221;<\/strong> \u00e9s una novel\u00b7la coral en qu\u00e8 mitjan\u00e7ant 32 personatges es retrata la Barcelona actual, com batega, com es mou i com pensa. Una societat totalment diferent de la que fa 60 anys va retratar Luis Romero. Aquests 32 protagonistes es van engranant un a l&#8217;altre com les baules d&#8217;una cadena, fins que l&#8217;\u00faltim enlla\u00e7a amb el primer, tancant el cercle d&#8217;aquesta s\u00ednia urbana, en qu\u00e8 van apareixent els ambients, les preocupacions i necessitats dels seus protagonistes en les seves diferents capes socials de la Barcelona actual.<\/p>\n<p>La presentaci\u00f3 va anar a c\u00e0rrec del reconegut escriptor i economista <strong>Fernando Trias de Bes<\/strong>, qui va fer una elogiosa i original exposici\u00f3 de la novel\u00b7la de A\u00f1overos. L&#8217;acte va concloure amb unes paraules amb les que l&#8217;autor va explicar la g\u00e8nesi de la seva novel\u00b7la i d&#8217;agra\u00efment al seu il\u00b7lustre presentador.<\/p>\n","protected":false},"excerpt":{"rendered":"<p>Xabier A\u00f1overos, acad\u00e8mic de n\u00famero i vicepresident de la Junta de Govern de la Reial Acad\u00e8mia Europea de Doctors-Barcelona 1914 (RAED), va presentar el passat 14 de novembre, al C\u00edrculo Ecuestre de Barcelona, \u200b\u200bel llibre &#8220;La noria del siglo XXI&#8221;, una novel\u00b7la escrita pel mateix acad\u00e8mic que segueix el mateix esquema novel\u00b7l\u00edstic que va fer [&hellip;]<\/p>\n","protected":false},"author":12,"featured_media":0,"comment_status":"closed","ping_status":"closed","sticky":false,"template":"","format":"standard","meta":{"_et_pb_use_builder":"","_et_pb_old_content":"","_et_gb_content_width":"","footnotes":""},"categories":[72],"tags":[],"class_list":["post-38531","post","type-post","status-publish","format-standard","hentry","category-uncategorized-ca","et-doesnt-have-format-content","et_post_format-et-post-format-standard"],"yoast_head":"<!-- This site is optimized with the Yoast SEO plugin v27.4 - https:\/\/yoast.com\/product\/yoast-seo-wordpress\/ -->\n<title>Una s\u00ednia del segle XXI - Reial Acad\u00e8mia Europea de Doctors<\/title>\n<meta name=\"description\" content=\"&quot;La noria del siglo XXI&quot;, de Xabier A\u00f1overos, \u00e9s una novel\u00b7la coral en qu\u00e8 es retrata la Barcelona actual, com batega, com es mou i com pensa\" \/>\n<meta name=\"robots\" content=\"index, follow, max-snippet:-1, max-image-preview:large, max-video-preview:-1\" \/>\n<link rel=\"canonical\" href=\"https:\/\/raed.academy\/ca\/una-sinia-del-segle-xxi\/\" \/>\n<meta property=\"og:locale\" content=\"ca_ES\" \/>\n<meta property=\"og:type\" content=\"article\" \/>\n<meta property=\"og:title\" content=\"Una s\u00ednia del segle XXI - Reial Acad\u00e8mia Europea de Doctors\" \/>\n<meta property=\"og:description\" content=\"&quot;La noria del siglo XXI&quot;, de Xabier A\u00f1overos, \u00e9s una novel\u00b7la coral en qu\u00e8 es retrata la Barcelona actual, com batega, com es mou i com pensa\" \/>\n<meta property=\"og:url\" content=\"https:\/\/raed.academy\/ca\/una-sinia-del-segle-xxi\/\" \/>\n<meta property=\"og:site_name\" content=\"Reial Acad\u00e8mia Europea de Doctors\" \/>\n<meta property=\"article:publisher\" content=\"http:\/\/fb.me\/raed.academy\" \/>\n<meta property=\"article:published_time\" content=\"2017-12-04T10:17:00+00:00\" \/>\n<meta property=\"article:modified_time\" content=\"2017-12-07T10:50:57+00:00\" \/>\n<meta property=\"og:image\" content=\"http:\/\/raed.academy\/wp-content\/uploads\/2017\/12\/portada-libro-La-Noria-del-Siglo-XXI-Xabier-A\u00f1overos.jpg\" \/>\n<meta name=\"author\" content=\"RAED\" \/>\n<meta name=\"twitter:card\" content=\"summary_large_image\" \/>\n<meta name=\"twitter:creator\" content=\"@raedacademy\" \/>\n<meta name=\"twitter:site\" content=\"@raedacademy\" \/>\n<meta name=\"twitter:label1\" content=\"Written by\" \/>\n\t<meta name=\"twitter:data1\" content=\"RAED\" \/>\n\t<meta name=\"twitter:label2\" content=\"Est. reading time\" \/>\n\t<meta name=\"twitter:data2\" content=\"1 minute\" \/>\n<script type=\"application\/ld+json\" class=\"yoast-schema-graph\">{\"@context\":\"https:\\\/\\\/schema.org\",\"@graph\":[{\"@type\":\"Article\",\"@id\":\"https:\\\/\\\/raed.academy\\\/ca\\\/una-sinia-del-segle-xxi\\\/#article\",\"isPartOf\":{\"@id\":\"https:\\\/\\\/raed.academy\\\/ca\\\/una-sinia-del-segle-xxi\\\/\"},\"author\":{\"name\":\"RAED\",\"@id\":\"https:\\\/\\\/raed.academy\\\/ca\\\/#\\\/schema\\\/person\\\/5a755da80d1d979fd66ba745c8702927\"},\"headline\":\"Una s\u00ednia del segle XXI\",\"datePublished\":\"2017-12-04T10:17:00+00:00\",\"dateModified\":\"2017-12-07T10:50:57+00:00\",\"mainEntityOfPage\":{\"@id\":\"https:\\\/\\\/raed.academy\\\/ca\\\/una-sinia-del-segle-xxi\\\/\"},\"wordCount\":280,\"publisher\":{\"@id\":\"https:\\\/\\\/raed.academy\\\/ca\\\/#organization\"},\"articleSection\":[\"Uncategorized @ca\"],\"inLanguage\":\"ca-ES\"},{\"@type\":\"WebPage\",\"@id\":\"https:\\\/\\\/raed.academy\\\/ca\\\/una-sinia-del-segle-xxi\\\/\",\"url\":\"https:\\\/\\\/raed.academy\\\/ca\\\/una-sinia-del-segle-xxi\\\/\",\"name\":\"Una s\u00ednia del segle XXI - Reial Acad\u00e8mia Europea de Doctors\",\"isPartOf\":{\"@id\":\"https:\\\/\\\/raed.academy\\\/ca\\\/#website\"},\"datePublished\":\"2017-12-04T10:17:00+00:00\",\"dateModified\":\"2017-12-07T10:50:57+00:00\",\"description\":\"\\\"La noria del siglo XXI\\\", de Xabier A\u00f1overos, \u00e9s una novel\u00b7la coral en qu\u00e8 es retrata la Barcelona actual, com batega, com es mou i com pensa\",\"breadcrumb\":{\"@id\":\"https:\\\/\\\/raed.academy\\\/ca\\\/una-sinia-del-segle-xxi\\\/#breadcrumb\"},\"inLanguage\":\"ca-ES\",\"potentialAction\":[{\"@type\":\"ReadAction\",\"target\":[\"https:\\\/\\\/raed.academy\\\/ca\\\/una-sinia-del-segle-xxi\\\/\"]}]},{\"@type\":\"BreadcrumbList\",\"@id\":\"https:\\\/\\\/raed.academy\\\/ca\\\/una-sinia-del-segle-xxi\\\/#breadcrumb\",\"itemListElement\":[{\"@type\":\"ListItem\",\"position\":1,\"name\":\"Inicio\",\"item\":\"https:\\\/\\\/raed.academy\\\/ca\\\/\"},{\"@type\":\"ListItem\",\"position\":2,\"name\":\"Una s\u00ednia del segle XXI\"}]},{\"@type\":\"WebSite\",\"@id\":\"https:\\\/\\\/raed.academy\\\/ca\\\/#website\",\"url\":\"https:\\\/\\\/raed.academy\\\/ca\\\/\",\"name\":\"Reial Acad\u00e8mia Europea de Doctors\",\"description\":\"Corporaci\u00f3n de derecho p\u00fablico de car\u00e1cter cient\u00edfico, t\u00e9cnico y art\u00edstico, que tiene por objeto la investigaci\u00f3n, el estudio, el fomento y la extensi\u00f3n del conocimiento en su sentido m\u00e1s amplio\",\"publisher\":{\"@id\":\"https:\\\/\\\/raed.academy\\\/ca\\\/#organization\"},\"potentialAction\":[{\"@type\":\"SearchAction\",\"target\":{\"@type\":\"EntryPoint\",\"urlTemplate\":\"https:\\\/\\\/raed.academy\\\/ca\\\/?s={search_term_string}\"},\"query-input\":{\"@type\":\"PropertyValueSpecification\",\"valueRequired\":true,\"valueName\":\"search_term_string\"}}],\"inLanguage\":\"ca-ES\"},{\"@type\":\"Organization\",\"@id\":\"https:\\\/\\\/raed.academy\\\/ca\\\/#organization\",\"name\":\"Real Academia Europea de Doctores\",\"url\":\"https:\\\/\\\/raed.academy\\\/ca\\\/\",\"logo\":{\"@type\":\"ImageObject\",\"inLanguage\":\"ca-ES\",\"@id\":\"https:\\\/\\\/raed.academy\\\/ca\\\/#\\\/schema\\\/logo\\\/image\\\/\",\"url\":\"https:\\\/\\\/raed.academy\\\/wp-content\\\/uploads\\\/2017\\\/01\\\/cropped-logo_raed.png\",\"contentUrl\":\"https:\\\/\\\/raed.academy\\\/wp-content\\\/uploads\\\/2017\\\/01\\\/cropped-logo_raed.png\",\"width\":512,\"height\":512,\"caption\":\"Real Academia Europea de Doctores\"},\"image\":{\"@id\":\"https:\\\/\\\/raed.academy\\\/ca\\\/#\\\/schema\\\/logo\\\/image\\\/\"},\"sameAs\":[\"http:\\\/\\\/fb.me\\\/raed.academy\",\"https:\\\/\\\/x.com\\\/raedacademy\",\"https:\\\/\\\/www.instagram.com\\\/raed.academy\\\/\",\"https:\\\/\\\/www.youtube.com\\\/channel\\\/UCUYQwW2KrdirNWihxMDObwg\"]},{\"@type\":\"Person\",\"@id\":\"https:\\\/\\\/raed.academy\\\/ca\\\/#\\\/schema\\\/person\\\/5a755da80d1d979fd66ba745c8702927\",\"name\":\"RAED\",\"image\":{\"@type\":\"ImageObject\",\"inLanguage\":\"ca-ES\",\"@id\":\"https:\\\/\\\/secure.gravatar.com\\\/avatar\\\/19fdfdc0d67fb9c45714b703a2ac82251c4fcea3637f002ac3c9b74c0183583c?s=96&d=mm&r=g\",\"url\":\"https:\\\/\\\/secure.gravatar.com\\\/avatar\\\/19fdfdc0d67fb9c45714b703a2ac82251c4fcea3637f002ac3c9b74c0183583c?s=96&d=mm&r=g\",\"contentUrl\":\"https:\\\/\\\/secure.gravatar.com\\\/avatar\\\/19fdfdc0d67fb9c45714b703a2ac82251c4fcea3637f002ac3c9b74c0183583c?s=96&d=mm&r=g\",\"caption\":\"RAED\"}}]}<\/script>\n<!-- \/ Yoast SEO plugin. -->","yoast_head_json":{"title":"Una s\u00ednia del segle XXI - Reial Acad\u00e8mia Europea de Doctors","description":"\"La noria del siglo XXI\", de Xabier A\u00f1overos, \u00e9s una novel\u00b7la coral en qu\u00e8 es retrata la Barcelona actual, com batega, com es mou i com pensa","robots":{"index":"index","follow":"follow","max-snippet":"max-snippet:-1","max-image-preview":"max-image-preview:large","max-video-preview":"max-video-preview:-1"},"canonical":"https:\/\/raed.academy\/ca\/una-sinia-del-segle-xxi\/","og_locale":"ca_ES","og_type":"article","og_title":"Una s\u00ednia del segle XXI - Reial Acad\u00e8mia Europea de Doctors","og_description":"\"La noria del siglo XXI\", de Xabier A\u00f1overos, \u00e9s una novel\u00b7la coral en qu\u00e8 es retrata la Barcelona actual, com batega, com es mou i com pensa","og_url":"https:\/\/raed.academy\/ca\/una-sinia-del-segle-xxi\/","og_site_name":"Reial Acad\u00e8mia Europea de Doctors","article_publisher":"http:\/\/fb.me\/raed.academy","article_published_time":"2017-12-04T10:17:00+00:00","article_modified_time":"2017-12-07T10:50:57+00:00","og_image":[{"url":"http:\/\/raed.academy\/wp-content\/uploads\/2017\/12\/portada-libro-La-Noria-del-Siglo-XXI-Xabier-A\u00f1overos.jpg","type":"","width":"","height":""}],"author":"RAED","twitter_card":"summary_large_image","twitter_creator":"@raedacademy","twitter_site":"@raedacademy","twitter_misc":{"Written by":"RAED","Est. reading time":"1 minute"},"schema":{"@context":"https:\/\/schema.org","@graph":[{"@type":"Article","@id":"https:\/\/raed.academy\/ca\/una-sinia-del-segle-xxi\/#article","isPartOf":{"@id":"https:\/\/raed.academy\/ca\/una-sinia-del-segle-xxi\/"},"author":{"name":"RAED","@id":"https:\/\/raed.academy\/ca\/#\/schema\/person\/5a755da80d1d979fd66ba745c8702927"},"headline":"Una s\u00ednia del segle XXI","datePublished":"2017-12-04T10:17:00+00:00","dateModified":"2017-12-07T10:50:57+00:00","mainEntityOfPage":{"@id":"https:\/\/raed.academy\/ca\/una-sinia-del-segle-xxi\/"},"wordCount":280,"publisher":{"@id":"https:\/\/raed.academy\/ca\/#organization"},"articleSection":["Uncategorized @ca"],"inLanguage":"ca-ES"},{"@type":"WebPage","@id":"https:\/\/raed.academy\/ca\/una-sinia-del-segle-xxi\/","url":"https:\/\/raed.academy\/ca\/una-sinia-del-segle-xxi\/","name":"Una s\u00ednia del segle XXI - Reial Acad\u00e8mia Europea de Doctors","isPartOf":{"@id":"https:\/\/raed.academy\/ca\/#website"},"datePublished":"2017-12-04T10:17:00+00:00","dateModified":"2017-12-07T10:50:57+00:00","description":"\"La noria del siglo XXI\", de Xabier A\u00f1overos, \u00e9s una novel\u00b7la coral en qu\u00e8 es retrata la Barcelona actual, com batega, com es mou i com pensa","breadcrumb":{"@id":"https:\/\/raed.academy\/ca\/una-sinia-del-segle-xxi\/#breadcrumb"},"inLanguage":"ca-ES","potentialAction":[{"@type":"ReadAction","target":["https:\/\/raed.academy\/ca\/una-sinia-del-segle-xxi\/"]}]},{"@type":"BreadcrumbList","@id":"https:\/\/raed.academy\/ca\/una-sinia-del-segle-xxi\/#breadcrumb","itemListElement":[{"@type":"ListItem","position":1,"name":"Inicio","item":"https:\/\/raed.academy\/ca\/"},{"@type":"ListItem","position":2,"name":"Una s\u00ednia del segle XXI"}]},{"@type":"WebSite","@id":"https:\/\/raed.academy\/ca\/#website","url":"https:\/\/raed.academy\/ca\/","name":"Reial Acad\u00e8mia Europea de Doctors","description":"Corporaci\u00f3n de derecho p\u00fablico de car\u00e1cter cient\u00edfico, t\u00e9cnico y art\u00edstico, que tiene por objeto la investigaci\u00f3n, el estudio, el fomento y la extensi\u00f3n del conocimiento en su sentido m\u00e1s amplio","publisher":{"@id":"https:\/\/raed.academy\/ca\/#organization"},"potentialAction":[{"@type":"SearchAction","target":{"@type":"EntryPoint","urlTemplate":"https:\/\/raed.academy\/ca\/?s={search_term_string}"},"query-input":{"@type":"PropertyValueSpecification","valueRequired":true,"valueName":"search_term_string"}}],"inLanguage":"ca-ES"},{"@type":"Organization","@id":"https:\/\/raed.academy\/ca\/#organization","name":"Real Academia Europea de Doctores","url":"https:\/\/raed.academy\/ca\/","logo":{"@type":"ImageObject","inLanguage":"ca-ES","@id":"https:\/\/raed.academy\/ca\/#\/schema\/logo\/image\/","url":"https:\/\/raed.academy\/wp-content\/uploads\/2017\/01\/cropped-logo_raed.png","contentUrl":"https:\/\/raed.academy\/wp-content\/uploads\/2017\/01\/cropped-logo_raed.png","width":512,"height":512,"caption":"Real Academia Europea de Doctores"},"image":{"@id":"https:\/\/raed.academy\/ca\/#\/schema\/logo\/image\/"},"sameAs":["http:\/\/fb.me\/raed.academy","https:\/\/x.com\/raedacademy","https:\/\/www.instagram.com\/raed.academy\/","https:\/\/www.youtube.com\/channel\/UCUYQwW2KrdirNWihxMDObwg"]},{"@type":"Person","@id":"https:\/\/raed.academy\/ca\/#\/schema\/person\/5a755da80d1d979fd66ba745c8702927","name":"RAED","image":{"@type":"ImageObject","inLanguage":"ca-ES","@id":"https:\/\/secure.gravatar.com\/avatar\/19fdfdc0d67fb9c45714b703a2ac82251c4fcea3637f002ac3c9b74c0183583c?s=96&d=mm&r=g","url":"https:\/\/secure.gravatar.com\/avatar\/19fdfdc0d67fb9c45714b703a2ac82251c4fcea3637f002ac3c9b74c0183583c?s=96&d=mm&r=g","contentUrl":"https:\/\/secure.gravatar.com\/avatar\/19fdfdc0d67fb9c45714b703a2ac82251c4fcea3637f002ac3c9b74c0183583c?s=96&d=mm&r=g","caption":"RAED"}}]}},"_links":{"self":[{"href":"https:\/\/raed.academy\/ca\/wp-json\/wp\/v2\/posts\/38531","targetHints":{"allow":["GET"]}}],"collection":[{"href":"https:\/\/raed.academy\/ca\/wp-json\/wp\/v2\/posts"}],"about":[{"href":"https:\/\/raed.academy\/ca\/wp-json\/wp\/v2\/types\/post"}],"author":[{"embeddable":true,"href":"https:\/\/raed.academy\/ca\/wp-json\/wp\/v2\/users\/12"}],"replies":[{"embeddable":true,"href":"https:\/\/raed.academy\/ca\/wp-json\/wp\/v2\/comments?post=38531"}],"version-history":[{"count":0,"href":"https:\/\/raed.academy\/ca\/wp-json\/wp\/v2\/posts\/38531\/revisions"}],"wp:attachment":[{"href":"https:\/\/raed.academy\/ca\/wp-json\/wp\/v2\/media?parent=38531"}],"wp:term":[{"taxonomy":"category","embeddable":true,"href":"https:\/\/raed.academy\/ca\/wp-json\/wp\/v2\/categories?post=38531"},{"taxonomy":"post_tag","embeddable":true,"href":"https:\/\/raed.academy\/ca\/wp-json\/wp\/v2\/tags?post=38531"}],"curies":[{"name":"wp","href":"https:\/\/api.w.org\/{rel}","templated":true}]}}