{"id":36176,"date":"2017-10-17T09:58:22","date_gmt":"2017-10-17T09:58:22","guid":{"rendered":"http:\/\/raed.academy\/?p=36176"},"modified":"2017-11-15T12:24:10","modified_gmt":"2017-11-15T12:24:10","slug":"una-independencia-illegal-i-illegitima","status":"publish","type":"post","link":"https:\/\/raed.academy\/ca\/una-independencia-illegal-i-illegitima\/","title":{"rendered":"Il\u00b7legal i il\u00b7leg\u00edtima"},"content":{"rendered":"<p><a title=\"By miguelazo84 (Own work) [GFDL (http:\/\/www.gnu.org\/copyleft\/fdl.html), CC-BY-SA-3.0 (http:\/\/creativecommons.org\/licenses\/by-sa\/3.0\/) or CC BY-SA 2.5-2.0-1.0 (https:\/\/creativecommons.org\/licenses\/by-sa\/2.5-2.0-1.0)], via Wikimedia Commons\" href=\"https:\/\/commons.wikimedia.org\/wiki\/File%3AConstitucion_espanola_1978.JPG\"><img decoding=\"async\" class=\"alignleft\" src=\"https:\/\/upload.wikimedia.org\/wikipedia\/commons\/thumb\/f\/f7\/Constitucion_espanola_1978.JPG\/512px-Constitucion_espanola_1978.JPG\" alt=\"Constitucion espanola 1978\" width=\"512\" \/><\/a><a href=\"http:\/\/raed.academy\/ca\/academics\/dra-teresa-freixes-sanjuan\/\" target=\"_blank\" rel=\"noopener\"><strong>Teresa Freixes<\/strong><\/a>, catedr\u00e0tica de Dret Constitucional de la <a href=\"http:\/\/www.uab.edu\" target=\"_blank\" rel=\"noopener\"><strong>Universitat Aut\u00f2noma de Barcelona<\/strong><\/a>, \u200b\u200bacad\u00e8mica de n\u00famero de la <strong>Reial Acad\u00e8mia Europea de Doctors-Barcelona 1914<\/strong> (RAED) i fundadora i presidenta de la plataforma <a href=\"http:\/\/www.concordiacivica.org\" target=\"_blank\" rel=\"noopener\"><strong>Conc\u00f2rdia C\u00edvica<\/strong><\/a>, ha presentat a la RAED un article on denuncia l&#8217;argumentari i les pretensions del Govern de la Generalitat en les seves pol\u00edtiques independentistes.<\/p>\n<p>&#8220;A l&#8217;espera que vegem en qu\u00e8 queda el requeriment que ha estat efectuat pel president del Govern espanyol al president de la Generalitat, el secessionisme busca perllongar la situaci\u00f3 per, a la manera eslovena o, potser, kosovar, anar posant dempeus les estructures d&#8217;Estat i el control del territori que li permetin, en un temps no determinat, afrontar amb m\u00e9s avantatges l&#8217;efectivitat d&#8217;una independ\u00e8ncia a terminis fins que pugui ser considerada com a irreversible. Tot plegat constitueix un xantatge continuat que no pot ser acceptat de cap manera&#8221;, comen\u00e7a l&#8217;acad\u00e8mica seva reflexi\u00f3.<\/p>\n<div id=\"attachment_36055\" style=\"width: 409px\" class=\"wp-caption alignright\"><img loading=\"lazy\" decoding=\"async\" aria-describedby=\"caption-attachment-36055\" class=\"wp-image-36055\" src=\"http:\/\/raed.academy\/wp-content\/uploads\/2017\/10\/Teresa-Freixes.jpg\" alt=\"Teresa Freixes Sanju\u00e1n: Una independencia Il\u00b7legal i il\u00b7leg\u00edtima\" width=\"399\" height=\"266\" srcset=\"https:\/\/raed.academy\/wp-content\/uploads\/2017\/10\/Teresa-Freixes.jpg 500w, https:\/\/raed.academy\/wp-content\/uploads\/2017\/10\/Teresa-Freixes-300x200.jpg 300w\" sizes=\"(max-width: 399px) 100vw, 399px\" \/><p id=\"caption-attachment-36055\" class=\"wp-caption-text\">Dra. Teresa Freixes Sanju\u00e1n<\/p><\/div>\n<p>Per a Freixes, el Govern de l&#8217;Estat perd el temps dilucidant sobre si s&#8217;ha fet o no una declaraci\u00f3 unilateral d&#8217;independ\u00e8ncia per part de l&#8217;Executiu catal\u00e0. &#8220;Fa vergonya pensar que alg\u00fa pugui creure&#8217;s que Catalunya sigui una col\u00f2nia o que Espanya viola sistem\u00e0ticament els drets dels catalans, per m\u00e9s que s&#8217;esforcin alguns a llan\u00e7ar una imatge d&#8217;aquest tipus a l&#8217;exterior. Ning\u00fa se&#8217;ls creu ja&#8221;, prossegueix.<\/p>\n<p>La catedr\u00e0tica den\u00fancia com el Govern i el Parlament catalans estan sent suplantats en la presa de decisions per l&#8217;<strong>Associaci\u00f3 Nacional Catalana<\/strong>, <strong>\u00d2mnium Cultural<\/strong> i l&#8217;<strong>Associaci\u00f3 de Municipis per la Independ\u00e8ncia<\/strong>, entitats privades amb objectius propis. &#8220;Els hem vist presents en reunions pr\u00e8vies a la presa de decisions governamentals importants i ens preguntem que amb quina legitimitat, ja que ning\u00fa els ha elegit com a representants leg\u00edtims i legals&#8221;, denuncia. Pel que fa a la petici\u00f3 de mediaci\u00f3 per part de l&#8217;independentisme, Freixes veu un parany amb l&#8217;objectiu de legitimar una posici\u00f3 que ha violentat la llei. &#8220;La mediaci\u00f3 \u00e9s possible quan hi ha bona fe i igualtat d&#8217;armes i es realitza en el marc de la llei. Mai, en democr\u00e0cia, entre colpistes i un govern constitucional&#8221;, conclou.<\/p>\n<p>&nbsp;<\/p>\n<div class=\"atribucion\">Fotografia Constituci\u00f3 Espanyola 1978: Per miguelazo84 (Own work) [<a href=\"http:\/\/www.gnu.org\/copyleft\/fdl.html\" target=\"_blank\" rel=\"noopener\">GFDL<\/a>, <a href=\"http:\/\/creativecommons.org\/licenses\/by-sa\/3.0\/\" target=\"_blank\" rel=\"noopener\">CC-BY-SA-3.0<\/a> or <a href=\"https:\/\/creativecommons.org\/licenses\/by-sa\/2.5-2.0-1.0\" target=\"_blank\" rel=\"noopener\">CC BY-SA 2.5-2.0-1.0<\/a>], via Wikimedia Commons<\/div>\n<p>&nbsp;<\/p>\n","protected":false},"excerpt":{"rendered":"<p>Teresa Freixes, catedr\u00e0tica de Dret Constitucional de la Universitat Aut\u00f2noma de Barcelona, \u200b\u200bacad\u00e8mica de n\u00famero de la Reial Acad\u00e8mia Europea de Doctors-Barcelona 1914 (RAED) i fundadora i presidenta de la plataforma Conc\u00f2rdia C\u00edvica, ha presentat a la RAED un article on denuncia l&#8217;argumentari i les pretensions del Govern de la Generalitat en les seves pol\u00edtiques [&hellip;]<\/p>\n","protected":false},"author":12,"featured_media":0,"comment_status":"closed","ping_status":"closed","sticky":false,"template":"","format":"standard","meta":{"_et_pb_use_builder":"","_et_pb_old_content":"","_et_gb_content_width":"","footnotes":""},"categories":[176],"tags":[],"class_list":["post-36176","post","type-post","status-publish","format-standard","hentry","category-academics-a-la-societat","et-doesnt-have-format-content","et_post_format-et-post-format-standard"],"yoast_head":"<!-- This site is optimized with the Yoast SEO plugin v27.5 - https:\/\/yoast.com\/product\/yoast-seo-wordpress\/ -->\n<title>Una independencia Il\u00b7legal i il\u00b7leg\u00edtima | Reial Acad\u00e8mia Europea de Doctors<\/title>\n<meta name=\"description\" content=\"Teresa Freixes ha presentat a la RAED un article on denuncia l&#039;argumentari del Govern de la Generalitat en les seves pol\u00edtiques independentistes\" \/>\n<meta name=\"robots\" content=\"index, follow, max-snippet:-1, max-image-preview:large, max-video-preview:-1\" \/>\n<link rel=\"canonical\" href=\"https:\/\/raed.academy\/ca\/una-independencia-illegal-i-illegitima\/\" \/>\n<meta property=\"og:locale\" content=\"ca_ES\" \/>\n<meta property=\"og:type\" content=\"article\" \/>\n<meta property=\"og:title\" content=\"Una independencia Il\u00b7legal i il\u00b7leg\u00edtima | Reial Acad\u00e8mia Europea de Doctors\" \/>\n<meta property=\"og:description\" content=\"Teresa Freixes ha presentat a la RAED un article on denuncia l&#039;argumentari del Govern de la Generalitat en les seves pol\u00edtiques independentistes\" \/>\n<meta property=\"og:url\" content=\"https:\/\/raed.academy\/ca\/una-independencia-illegal-i-illegitima\/\" \/>\n<meta property=\"og:site_name\" content=\"Reial Acad\u00e8mia Europea de Doctors\" \/>\n<meta property=\"article:publisher\" content=\"http:\/\/fb.me\/raed.academy\" \/>\n<meta property=\"article:published_time\" content=\"2017-10-17T09:58:22+00:00\" \/>\n<meta property=\"article:modified_time\" content=\"2017-11-15T12:24:10+00:00\" \/>\n<meta property=\"og:image\" content=\"https:\/\/upload.wikimedia.org\/wikipedia\/commons\/thumb\/f\/f7\/Constitucion_espanola_1978.JPG\/512px-Constitucion_espanola_1978.JPG\" \/>\n<meta name=\"author\" content=\"RAED\" \/>\n<meta name=\"twitter:card\" content=\"summary_large_image\" \/>\n<meta name=\"twitter:creator\" content=\"@raedacademy\" \/>\n<meta name=\"twitter:site\" content=\"@raedacademy\" \/>\n<meta name=\"twitter:label1\" content=\"Written by\" \/>\n\t<meta name=\"twitter:data1\" content=\"RAED\" \/>\n\t<meta name=\"twitter:label2\" content=\"Est. reading time\" \/>\n\t<meta name=\"twitter:data2\" content=\"2 minutes\" \/>\n<script type=\"application\/ld+json\" class=\"yoast-schema-graph\">{\"@context\":\"https:\\\/\\\/schema.org\",\"@graph\":[{\"@type\":\"Article\",\"@id\":\"https:\\\/\\\/raed.academy\\\/ca\\\/una-independencia-illegal-i-illegitima\\\/#article\",\"isPartOf\":{\"@id\":\"https:\\\/\\\/raed.academy\\\/ca\\\/una-independencia-illegal-i-illegitima\\\/\"},\"author\":{\"name\":\"RAED\",\"@id\":\"https:\\\/\\\/raed.academy\\\/ca\\\/#\\\/schema\\\/person\\\/5a755da80d1d979fd66ba745c8702927\"},\"headline\":\"Il\u00b7legal i il\u00b7leg\u00edtima\",\"datePublished\":\"2017-10-17T09:58:22+00:00\",\"dateModified\":\"2017-11-15T12:24:10+00:00\",\"mainEntityOfPage\":{\"@id\":\"https:\\\/\\\/raed.academy\\\/ca\\\/una-independencia-illegal-i-illegitima\\\/\"},\"wordCount\":419,\"publisher\":{\"@id\":\"https:\\\/\\\/raed.academy\\\/ca\\\/#organization\"},\"image\":{\"@id\":\"https:\\\/\\\/raed.academy\\\/ca\\\/una-independencia-illegal-i-illegitima\\\/#primaryimage\"},\"thumbnailUrl\":\"https:\\\/\\\/upload.wikimedia.org\\\/wikipedia\\\/commons\\\/thumb\\\/f\\\/f7\\\/Constitucion_espanola_1978.JPG\\\/512px-Constitucion_espanola_1978.JPG\",\"articleSection\":[\"Acad\u00e8mics a la societat\"],\"inLanguage\":\"ca-ES\"},{\"@type\":\"WebPage\",\"@id\":\"https:\\\/\\\/raed.academy\\\/ca\\\/una-independencia-illegal-i-illegitima\\\/\",\"url\":\"https:\\\/\\\/raed.academy\\\/ca\\\/una-independencia-illegal-i-illegitima\\\/\",\"name\":\"Una independencia Il\u00b7legal i il\u00b7leg\u00edtima | Reial Acad\u00e8mia Europea de Doctors\",\"isPartOf\":{\"@id\":\"https:\\\/\\\/raed.academy\\\/ca\\\/#website\"},\"primaryImageOfPage\":{\"@id\":\"https:\\\/\\\/raed.academy\\\/ca\\\/una-independencia-illegal-i-illegitima\\\/#primaryimage\"},\"image\":{\"@id\":\"https:\\\/\\\/raed.academy\\\/ca\\\/una-independencia-illegal-i-illegitima\\\/#primaryimage\"},\"thumbnailUrl\":\"https:\\\/\\\/upload.wikimedia.org\\\/wikipedia\\\/commons\\\/thumb\\\/f\\\/f7\\\/Constitucion_espanola_1978.JPG\\\/512px-Constitucion_espanola_1978.JPG\",\"datePublished\":\"2017-10-17T09:58:22+00:00\",\"dateModified\":\"2017-11-15T12:24:10+00:00\",\"description\":\"Teresa Freixes ha presentat a la RAED un article on denuncia l'argumentari del Govern de la Generalitat en les seves pol\u00edtiques independentistes\",\"breadcrumb\":{\"@id\":\"https:\\\/\\\/raed.academy\\\/ca\\\/una-independencia-illegal-i-illegitima\\\/#breadcrumb\"},\"inLanguage\":\"ca-ES\",\"potentialAction\":[{\"@type\":\"ReadAction\",\"target\":[\"https:\\\/\\\/raed.academy\\\/ca\\\/una-independencia-illegal-i-illegitima\\\/\"]}]},{\"@type\":\"ImageObject\",\"inLanguage\":\"ca-ES\",\"@id\":\"https:\\\/\\\/raed.academy\\\/ca\\\/una-independencia-illegal-i-illegitima\\\/#primaryimage\",\"url\":\"https:\\\/\\\/upload.wikimedia.org\\\/wikipedia\\\/commons\\\/thumb\\\/f\\\/f7\\\/Constitucion_espanola_1978.JPG\\\/512px-Constitucion_espanola_1978.JPG\",\"contentUrl\":\"https:\\\/\\\/upload.wikimedia.org\\\/wikipedia\\\/commons\\\/thumb\\\/f\\\/f7\\\/Constitucion_espanola_1978.JPG\\\/512px-Constitucion_espanola_1978.JPG\"},{\"@type\":\"BreadcrumbList\",\"@id\":\"https:\\\/\\\/raed.academy\\\/ca\\\/una-independencia-illegal-i-illegitima\\\/#breadcrumb\",\"itemListElement\":[{\"@type\":\"ListItem\",\"position\":1,\"name\":\"Inicio\",\"item\":\"https:\\\/\\\/raed.academy\\\/ca\\\/\"},{\"@type\":\"ListItem\",\"position\":2,\"name\":\"Il\u00b7legal i il\u00b7leg\u00edtima\"}]},{\"@type\":\"WebSite\",\"@id\":\"https:\\\/\\\/raed.academy\\\/ca\\\/#website\",\"url\":\"https:\\\/\\\/raed.academy\\\/ca\\\/\",\"name\":\"Reial Acad\u00e8mia Europea de Doctors\",\"description\":\"Corporaci\u00f3n de derecho p\u00fablico de car\u00e1cter cient\u00edfico, t\u00e9cnico y art\u00edstico, que tiene por objeto la investigaci\u00f3n, el estudio, el fomento y la extensi\u00f3n del conocimiento en su sentido m\u00e1s amplio\",\"publisher\":{\"@id\":\"https:\\\/\\\/raed.academy\\\/ca\\\/#organization\"},\"potentialAction\":[{\"@type\":\"SearchAction\",\"target\":{\"@type\":\"EntryPoint\",\"urlTemplate\":\"https:\\\/\\\/raed.academy\\\/ca\\\/?s={search_term_string}\"},\"query-input\":{\"@type\":\"PropertyValueSpecification\",\"valueRequired\":true,\"valueName\":\"search_term_string\"}}],\"inLanguage\":\"ca-ES\"},{\"@type\":\"Organization\",\"@id\":\"https:\\\/\\\/raed.academy\\\/ca\\\/#organization\",\"name\":\"Real Academia Europea de Doctores\",\"url\":\"https:\\\/\\\/raed.academy\\\/ca\\\/\",\"logo\":{\"@type\":\"ImageObject\",\"inLanguage\":\"ca-ES\",\"@id\":\"https:\\\/\\\/raed.academy\\\/ca\\\/#\\\/schema\\\/logo\\\/image\\\/\",\"url\":\"https:\\\/\\\/raed.academy\\\/wp-content\\\/uploads\\\/2017\\\/01\\\/cropped-logo_raed.png\",\"contentUrl\":\"https:\\\/\\\/raed.academy\\\/wp-content\\\/uploads\\\/2017\\\/01\\\/cropped-logo_raed.png\",\"width\":512,\"height\":512,\"caption\":\"Real Academia Europea de Doctores\"},\"image\":{\"@id\":\"https:\\\/\\\/raed.academy\\\/ca\\\/#\\\/schema\\\/logo\\\/image\\\/\"},\"sameAs\":[\"http:\\\/\\\/fb.me\\\/raed.academy\",\"https:\\\/\\\/x.com\\\/raedacademy\",\"https:\\\/\\\/www.instagram.com\\\/raed.academy\\\/\",\"https:\\\/\\\/www.youtube.com\\\/channel\\\/UCUYQwW2KrdirNWihxMDObwg\"]},{\"@type\":\"Person\",\"@id\":\"https:\\\/\\\/raed.academy\\\/ca\\\/#\\\/schema\\\/person\\\/5a755da80d1d979fd66ba745c8702927\",\"name\":\"RAED\",\"image\":{\"@type\":\"ImageObject\",\"inLanguage\":\"ca-ES\",\"@id\":\"https:\\\/\\\/secure.gravatar.com\\\/avatar\\\/19fdfdc0d67fb9c45714b703a2ac82251c4fcea3637f002ac3c9b74c0183583c?s=96&d=mm&r=g\",\"url\":\"https:\\\/\\\/secure.gravatar.com\\\/avatar\\\/19fdfdc0d67fb9c45714b703a2ac82251c4fcea3637f002ac3c9b74c0183583c?s=96&d=mm&r=g\",\"contentUrl\":\"https:\\\/\\\/secure.gravatar.com\\\/avatar\\\/19fdfdc0d67fb9c45714b703a2ac82251c4fcea3637f002ac3c9b74c0183583c?s=96&d=mm&r=g\",\"caption\":\"RAED\"}}]}<\/script>\n<!-- \/ Yoast SEO plugin. -->","yoast_head_json":{"title":"Una independencia Il\u00b7legal i il\u00b7leg\u00edtima | Reial Acad\u00e8mia Europea de Doctors","description":"Teresa Freixes ha presentat a la RAED un article on denuncia l'argumentari del Govern de la Generalitat en les seves pol\u00edtiques independentistes","robots":{"index":"index","follow":"follow","max-snippet":"max-snippet:-1","max-image-preview":"max-image-preview:large","max-video-preview":"max-video-preview:-1"},"canonical":"https:\/\/raed.academy\/ca\/una-independencia-illegal-i-illegitima\/","og_locale":"ca_ES","og_type":"article","og_title":"Una independencia Il\u00b7legal i il\u00b7leg\u00edtima | Reial Acad\u00e8mia Europea de Doctors","og_description":"Teresa Freixes ha presentat a la RAED un article on denuncia l'argumentari del Govern de la Generalitat en les seves pol\u00edtiques independentistes","og_url":"https:\/\/raed.academy\/ca\/una-independencia-illegal-i-illegitima\/","og_site_name":"Reial Acad\u00e8mia Europea de Doctors","article_publisher":"http:\/\/fb.me\/raed.academy","article_published_time":"2017-10-17T09:58:22+00:00","article_modified_time":"2017-11-15T12:24:10+00:00","og_image":[{"url":"https:\/\/upload.wikimedia.org\/wikipedia\/commons\/thumb\/f\/f7\/Constitucion_espanola_1978.JPG\/512px-Constitucion_espanola_1978.JPG","type":"","width":"","height":""}],"author":"RAED","twitter_card":"summary_large_image","twitter_creator":"@raedacademy","twitter_site":"@raedacademy","twitter_misc":{"Written by":"RAED","Est. reading time":"2 minutes"},"schema":{"@context":"https:\/\/schema.org","@graph":[{"@type":"Article","@id":"https:\/\/raed.academy\/ca\/una-independencia-illegal-i-illegitima\/#article","isPartOf":{"@id":"https:\/\/raed.academy\/ca\/una-independencia-illegal-i-illegitima\/"},"author":{"name":"RAED","@id":"https:\/\/raed.academy\/ca\/#\/schema\/person\/5a755da80d1d979fd66ba745c8702927"},"headline":"Il\u00b7legal i il\u00b7leg\u00edtima","datePublished":"2017-10-17T09:58:22+00:00","dateModified":"2017-11-15T12:24:10+00:00","mainEntityOfPage":{"@id":"https:\/\/raed.academy\/ca\/una-independencia-illegal-i-illegitima\/"},"wordCount":419,"publisher":{"@id":"https:\/\/raed.academy\/ca\/#organization"},"image":{"@id":"https:\/\/raed.academy\/ca\/una-independencia-illegal-i-illegitima\/#primaryimage"},"thumbnailUrl":"https:\/\/upload.wikimedia.org\/wikipedia\/commons\/thumb\/f\/f7\/Constitucion_espanola_1978.JPG\/512px-Constitucion_espanola_1978.JPG","articleSection":["Acad\u00e8mics a la societat"],"inLanguage":"ca-ES"},{"@type":"WebPage","@id":"https:\/\/raed.academy\/ca\/una-independencia-illegal-i-illegitima\/","url":"https:\/\/raed.academy\/ca\/una-independencia-illegal-i-illegitima\/","name":"Una independencia Il\u00b7legal i il\u00b7leg\u00edtima | Reial Acad\u00e8mia Europea de Doctors","isPartOf":{"@id":"https:\/\/raed.academy\/ca\/#website"},"primaryImageOfPage":{"@id":"https:\/\/raed.academy\/ca\/una-independencia-illegal-i-illegitima\/#primaryimage"},"image":{"@id":"https:\/\/raed.academy\/ca\/una-independencia-illegal-i-illegitima\/#primaryimage"},"thumbnailUrl":"https:\/\/upload.wikimedia.org\/wikipedia\/commons\/thumb\/f\/f7\/Constitucion_espanola_1978.JPG\/512px-Constitucion_espanola_1978.JPG","datePublished":"2017-10-17T09:58:22+00:00","dateModified":"2017-11-15T12:24:10+00:00","description":"Teresa Freixes ha presentat a la RAED un article on denuncia l'argumentari del Govern de la Generalitat en les seves pol\u00edtiques independentistes","breadcrumb":{"@id":"https:\/\/raed.academy\/ca\/una-independencia-illegal-i-illegitima\/#breadcrumb"},"inLanguage":"ca-ES","potentialAction":[{"@type":"ReadAction","target":["https:\/\/raed.academy\/ca\/una-independencia-illegal-i-illegitima\/"]}]},{"@type":"ImageObject","inLanguage":"ca-ES","@id":"https:\/\/raed.academy\/ca\/una-independencia-illegal-i-illegitima\/#primaryimage","url":"https:\/\/upload.wikimedia.org\/wikipedia\/commons\/thumb\/f\/f7\/Constitucion_espanola_1978.JPG\/512px-Constitucion_espanola_1978.JPG","contentUrl":"https:\/\/upload.wikimedia.org\/wikipedia\/commons\/thumb\/f\/f7\/Constitucion_espanola_1978.JPG\/512px-Constitucion_espanola_1978.JPG"},{"@type":"BreadcrumbList","@id":"https:\/\/raed.academy\/ca\/una-independencia-illegal-i-illegitima\/#breadcrumb","itemListElement":[{"@type":"ListItem","position":1,"name":"Inicio","item":"https:\/\/raed.academy\/ca\/"},{"@type":"ListItem","position":2,"name":"Il\u00b7legal i il\u00b7leg\u00edtima"}]},{"@type":"WebSite","@id":"https:\/\/raed.academy\/ca\/#website","url":"https:\/\/raed.academy\/ca\/","name":"Reial Acad\u00e8mia Europea de Doctors","description":"Corporaci\u00f3n de derecho p\u00fablico de car\u00e1cter cient\u00edfico, t\u00e9cnico y art\u00edstico, que tiene por objeto la investigaci\u00f3n, el estudio, el fomento y la extensi\u00f3n del conocimiento en su sentido m\u00e1s amplio","publisher":{"@id":"https:\/\/raed.academy\/ca\/#organization"},"potentialAction":[{"@type":"SearchAction","target":{"@type":"EntryPoint","urlTemplate":"https:\/\/raed.academy\/ca\/?s={search_term_string}"},"query-input":{"@type":"PropertyValueSpecification","valueRequired":true,"valueName":"search_term_string"}}],"inLanguage":"ca-ES"},{"@type":"Organization","@id":"https:\/\/raed.academy\/ca\/#organization","name":"Real Academia Europea de Doctores","url":"https:\/\/raed.academy\/ca\/","logo":{"@type":"ImageObject","inLanguage":"ca-ES","@id":"https:\/\/raed.academy\/ca\/#\/schema\/logo\/image\/","url":"https:\/\/raed.academy\/wp-content\/uploads\/2017\/01\/cropped-logo_raed.png","contentUrl":"https:\/\/raed.academy\/wp-content\/uploads\/2017\/01\/cropped-logo_raed.png","width":512,"height":512,"caption":"Real Academia Europea de Doctores"},"image":{"@id":"https:\/\/raed.academy\/ca\/#\/schema\/logo\/image\/"},"sameAs":["http:\/\/fb.me\/raed.academy","https:\/\/x.com\/raedacademy","https:\/\/www.instagram.com\/raed.academy\/","https:\/\/www.youtube.com\/channel\/UCUYQwW2KrdirNWihxMDObwg"]},{"@type":"Person","@id":"https:\/\/raed.academy\/ca\/#\/schema\/person\/5a755da80d1d979fd66ba745c8702927","name":"RAED","image":{"@type":"ImageObject","inLanguage":"ca-ES","@id":"https:\/\/secure.gravatar.com\/avatar\/19fdfdc0d67fb9c45714b703a2ac82251c4fcea3637f002ac3c9b74c0183583c?s=96&d=mm&r=g","url":"https:\/\/secure.gravatar.com\/avatar\/19fdfdc0d67fb9c45714b703a2ac82251c4fcea3637f002ac3c9b74c0183583c?s=96&d=mm&r=g","contentUrl":"https:\/\/secure.gravatar.com\/avatar\/19fdfdc0d67fb9c45714b703a2ac82251c4fcea3637f002ac3c9b74c0183583c?s=96&d=mm&r=g","caption":"RAED"}}]}},"_links":{"self":[{"href":"https:\/\/raed.academy\/ca\/wp-json\/wp\/v2\/posts\/36176","targetHints":{"allow":["GET"]}}],"collection":[{"href":"https:\/\/raed.academy\/ca\/wp-json\/wp\/v2\/posts"}],"about":[{"href":"https:\/\/raed.academy\/ca\/wp-json\/wp\/v2\/types\/post"}],"author":[{"embeddable":true,"href":"https:\/\/raed.academy\/ca\/wp-json\/wp\/v2\/users\/12"}],"replies":[{"embeddable":true,"href":"https:\/\/raed.academy\/ca\/wp-json\/wp\/v2\/comments?post=36176"}],"version-history":[{"count":0,"href":"https:\/\/raed.academy\/ca\/wp-json\/wp\/v2\/posts\/36176\/revisions"}],"wp:attachment":[{"href":"https:\/\/raed.academy\/ca\/wp-json\/wp\/v2\/media?parent=36176"}],"wp:term":[{"taxonomy":"category","embeddable":true,"href":"https:\/\/raed.academy\/ca\/wp-json\/wp\/v2\/categories?post=36176"},{"taxonomy":"post_tag","embeddable":true,"href":"https:\/\/raed.academy\/ca\/wp-json\/wp\/v2\/tags?post=36176"}],"curies":[{"name":"wp","href":"https:\/\/api.w.org\/{rel}","templated":true}]}}