{"id":35072,"date":"2017-09-21T07:09:50","date_gmt":"2017-09-21T07:09:50","guid":{"rendered":"http:\/\/raed.academy\/?p=35072"},"modified":"2017-09-27T07:18:18","modified_gmt":"2017-09-27T07:18:18","slug":"gonzalez-santoyo-presideix-comite-cientific-del-xii-congres-internacional-gestio-qualitat-dret-i-competitivitat-empresarial","status":"publish","type":"post","link":"https:\/\/raed.academy\/ca\/gonzalez-santoyo-presideix-comite-cientific-del-xii-congres-internacional-gestio-qualitat-dret-i-competitivitat-empresarial\/","title":{"rendered":"Gonz\u00e1lez Santoyo presideix el Comit\u00e8 Cient\u00edfic del XII Congr\u00e9s Internacional de Gesti\u00f3, Qualitat, Dret i Competitivitat Empresarial"},"content":{"rendered":"<p><a href=\"http:\/\/raed.academy\/academicos\/dr-federico-gonzalez-santoyo\/\" target=\"_blank\" rel=\"noopener\"><strong>Federico Gonz\u00e1lez Santoyo<\/strong><\/a>, acad\u00e8mic corresponent per a M\u00e8xic de la <strong>Reial Acad\u00e8mia Europea de Doctors-Barcelona 1914<\/strong> (RAED) i president de la <a href=\"http:\/\/www.iaidres.org.mx\/\" target=\"_blank\" rel=\"noopener\"><strong>Il\u00b7lustre Acad\u00e8mia Iberoamericana de Doctors<\/strong><\/a>, lidera el Comit\u00e8 Cient\u00edfic del XII Congr\u00e9s Internacional de Gesti\u00f3, Qualitat, Dret i Competitivitat Empresarial que es realitzar\u00e0 a la ciutat mexicana de Morelia els propers 12 i 13 d&#8217;octubre.<\/p>\n<p>El congr\u00e9s est\u00e0 organitzat per la Il\u00b7lustre Acad\u00e8mia Iberoamericana de Doctors, l&#8217;<a href=\"http:\/\/www.facebook.com\/INIDE.SAC\/\" target=\"_blank\" rel=\"noopener\"><strong>Institut Iberoameric\u00e0 de Desenvolupament Empresarial<\/strong><\/a>, la <a href=\"http:\/\/www.umich.mx\" target=\"_blank\" rel=\"noopener\"><strong>Universitat Aut\u00f2noma de San Nicol\u00e1s de Hidalgo<\/strong><\/a>, la Sotssecretaria d&#8217;Educaci\u00f3 Superior de l&#8217;Estat de Michoac\u00e1n, l&#8217;<a href=\"http:\/\/www.tecpuruandiro.edu.mx\" target=\"_blank\" rel=\"noopener\"><strong>Institut Tecnol\u00f2gic d&#8217;Estudis Superiors de Puru\u00e1ndiro<\/strong><\/a>, l&#8217;<a href=\"http:\/\/its-purhepecha.edu.mx\" target=\"_blank\" rel=\"noopener\"><strong>Institut Tecnol\u00f2gic superior P&#8217;urh\u00e9pecha<\/strong><\/a>, la <a href=\"http:\/\/umin.mx\" target=\"_blank\" rel=\"noopener\"><strong>Universitat Mexicana d&#8217;Innovaci\u00f3 de Negocis<\/strong><\/a>, l&#8217;<a href=\"http:\/\/www.itess.edu.mx\" target=\"_blank\" rel=\"noopener\"><strong>Institut Tecnol\u00f2gic superior de Salvatierra<\/strong><\/a> i la societat <strong>Fegosa-Ingenier\u00eda Administrativa<\/strong>.<\/p>\n<p>Els seus objectius s\u00f3n la realitzaci\u00f3 de l&#8217;intercanvi cient\u00edfic, la cooperaci\u00f3 internacional entre les comunitats acad\u00e8miques i empresarials, la difusi\u00f3 de les aportacions cient\u00edfiques en els diversos camps de les ci\u00e8ncies econ\u00f2miques i empresarials, aix\u00ed com les ci\u00e8ncies jur\u00eddiques relacionades amb organitzacions, la gesti\u00f3 educativa, la qualitat, productivitat i competitivitat, optimitzaci\u00f3 de sistemes aix\u00ed com la Fuzzy Logic aplicada a l&#8217;empresa.<\/p>\n","protected":false},"excerpt":{"rendered":"<p>Federico Gonz\u00e1lez Santoyo, acad\u00e8mic corresponent per a M\u00e8xic de la Reial Acad\u00e8mia Europea de Doctors-Barcelona 1914 (RAED) i president de la Il\u00b7lustre Acad\u00e8mia Iberoamericana de Doctors, lidera el Comit\u00e8 Cient\u00edfic del XII Congr\u00e9s Internacional de Gesti\u00f3, Qualitat, Dret i Competitivitat Empresarial que es realitzar\u00e0 a la ciutat mexicana de Morelia els propers 12 i 13 [&hellip;]<\/p>\n","protected":false},"author":12,"featured_media":0,"comment_status":"closed","ping_status":"closed","sticky":false,"template":"","format":"standard","meta":{"_et_pb_use_builder":"","_et_pb_old_content":"","_et_gb_content_width":"","footnotes":""},"categories":[176],"tags":[],"class_list":["post-35072","post","type-post","status-publish","format-standard","hentry","category-academics-a-la-societat","et-doesnt-have-format-content","et_post_format-et-post-format-standard"],"yoast_head":"<!-- This site is optimized with the Yoast SEO plugin v27.4 - https:\/\/yoast.com\/product\/yoast-seo-wordpress\/ -->\n<title>Gonz\u00e1lez Santoyo presideix el Comit\u00e8 Cient\u00edfic del XII Congr\u00e9s Internacional de Gesti\u00f3, Qualitat, Dret i Competitivitat Empresarial - Reial Acad\u00e8mia Europea de Doctors<\/title>\n<meta name=\"robots\" content=\"index, follow, max-snippet:-1, max-image-preview:large, max-video-preview:-1\" \/>\n<link rel=\"canonical\" href=\"https:\/\/raed.academy\/ca\/gonzalez-santoyo-presideix-comite-cientific-del-xii-congres-internacional-gestio-qualitat-dret-i-competitivitat-empresarial\/\" \/>\n<meta property=\"og:locale\" content=\"ca_ES\" \/>\n<meta property=\"og:type\" content=\"article\" \/>\n<meta property=\"og:title\" content=\"Gonz\u00e1lez Santoyo presideix el Comit\u00e8 Cient\u00edfic del XII Congr\u00e9s Internacional de Gesti\u00f3, Qualitat, Dret i Competitivitat Empresarial - Reial Acad\u00e8mia Europea de Doctors\" \/>\n<meta property=\"og:description\" content=\"Federico Gonz\u00e1lez Santoyo, acad\u00e8mic corresponent per a M\u00e8xic de la Reial Acad\u00e8mia Europea de Doctors-Barcelona 1914 (RAED) i president de la Il\u00b7lustre Acad\u00e8mia Iberoamericana de Doctors, lidera el Comit\u00e8 Cient\u00edfic del XII Congr\u00e9s Internacional de Gesti\u00f3, Qualitat, Dret i Competitivitat Empresarial que es realitzar\u00e0 a la ciutat mexicana de Morelia els propers 12 i 13 [&hellip;]\" \/>\n<meta property=\"og:url\" content=\"https:\/\/raed.academy\/ca\/gonzalez-santoyo-presideix-comite-cientific-del-xii-congres-internacional-gestio-qualitat-dret-i-competitivitat-empresarial\/\" \/>\n<meta property=\"og:site_name\" content=\"Reial Acad\u00e8mia Europea de Doctors\" \/>\n<meta property=\"article:publisher\" content=\"http:\/\/fb.me\/raed.academy\" \/>\n<meta property=\"article:published_time\" content=\"2017-09-21T07:09:50+00:00\" \/>\n<meta property=\"article:modified_time\" content=\"2017-09-27T07:18:18+00:00\" \/>\n<meta name=\"author\" content=\"RAED\" \/>\n<meta name=\"twitter:card\" content=\"summary_large_image\" \/>\n<meta name=\"twitter:creator\" content=\"@raedacademy\" \/>\n<meta name=\"twitter:site\" content=\"@raedacademy\" \/>\n<meta name=\"twitter:label1\" content=\"Written by\" \/>\n\t<meta name=\"twitter:data1\" content=\"RAED\" \/>\n\t<meta name=\"twitter:label2\" content=\"Est. reading time\" \/>\n\t<meta name=\"twitter:data2\" content=\"1 minute\" \/>\n<script type=\"application\/ld+json\" class=\"yoast-schema-graph\">{\"@context\":\"https:\\\/\\\/schema.org\",\"@graph\":[{\"@type\":\"Article\",\"@id\":\"https:\\\/\\\/raed.academy\\\/ca\\\/gonzalez-santoyo-presideix-comite-cientific-del-xii-congres-internacional-gestio-qualitat-dret-i-competitivitat-empresarial\\\/#article\",\"isPartOf\":{\"@id\":\"https:\\\/\\\/raed.academy\\\/ca\\\/gonzalez-santoyo-presideix-comite-cientific-del-xii-congres-internacional-gestio-qualitat-dret-i-competitivitat-empresarial\\\/\"},\"author\":{\"name\":\"RAED\",\"@id\":\"https:\\\/\\\/raed.academy\\\/ca\\\/#\\\/schema\\\/person\\\/5a755da80d1d979fd66ba745c8702927\"},\"headline\":\"Gonz\u00e1lez Santoyo presideix el Comit\u00e8 Cient\u00edfic del XII Congr\u00e9s Internacional de Gesti\u00f3, Qualitat, Dret i Competitivitat Empresarial\",\"datePublished\":\"2017-09-21T07:09:50+00:00\",\"dateModified\":\"2017-09-27T07:18:18+00:00\",\"mainEntityOfPage\":{\"@id\":\"https:\\\/\\\/raed.academy\\\/ca\\\/gonzalez-santoyo-presideix-comite-cientific-del-xii-congres-internacional-gestio-qualitat-dret-i-competitivitat-empresarial\\\/\"},\"wordCount\":232,\"publisher\":{\"@id\":\"https:\\\/\\\/raed.academy\\\/ca\\\/#organization\"},\"articleSection\":[\"Acad\u00e8mics a la societat\"],\"inLanguage\":\"ca-ES\"},{\"@type\":\"WebPage\",\"@id\":\"https:\\\/\\\/raed.academy\\\/ca\\\/gonzalez-santoyo-presideix-comite-cientific-del-xii-congres-internacional-gestio-qualitat-dret-i-competitivitat-empresarial\\\/\",\"url\":\"https:\\\/\\\/raed.academy\\\/ca\\\/gonzalez-santoyo-presideix-comite-cientific-del-xii-congres-internacional-gestio-qualitat-dret-i-competitivitat-empresarial\\\/\",\"name\":\"Gonz\u00e1lez Santoyo presideix el Comit\u00e8 Cient\u00edfic del XII Congr\u00e9s Internacional de Gesti\u00f3, Qualitat, Dret i Competitivitat Empresarial - Reial Acad\u00e8mia Europea de Doctors\",\"isPartOf\":{\"@id\":\"https:\\\/\\\/raed.academy\\\/ca\\\/#website\"},\"datePublished\":\"2017-09-21T07:09:50+00:00\",\"dateModified\":\"2017-09-27T07:18:18+00:00\",\"breadcrumb\":{\"@id\":\"https:\\\/\\\/raed.academy\\\/ca\\\/gonzalez-santoyo-presideix-comite-cientific-del-xii-congres-internacional-gestio-qualitat-dret-i-competitivitat-empresarial\\\/#breadcrumb\"},\"inLanguage\":\"ca-ES\",\"potentialAction\":[{\"@type\":\"ReadAction\",\"target\":[\"https:\\\/\\\/raed.academy\\\/ca\\\/gonzalez-santoyo-presideix-comite-cientific-del-xii-congres-internacional-gestio-qualitat-dret-i-competitivitat-empresarial\\\/\"]}]},{\"@type\":\"BreadcrumbList\",\"@id\":\"https:\\\/\\\/raed.academy\\\/ca\\\/gonzalez-santoyo-presideix-comite-cientific-del-xii-congres-internacional-gestio-qualitat-dret-i-competitivitat-empresarial\\\/#breadcrumb\",\"itemListElement\":[{\"@type\":\"ListItem\",\"position\":1,\"name\":\"Inicio\",\"item\":\"https:\\\/\\\/raed.academy\\\/ca\\\/\"},{\"@type\":\"ListItem\",\"position\":2,\"name\":\"Gonz\u00e1lez Santoyo presideix el Comit\u00e8 Cient\u00edfic del XII Congr\u00e9s Internacional de Gesti\u00f3, Qualitat, Dret i Competitivitat Empresarial\"}]},{\"@type\":\"WebSite\",\"@id\":\"https:\\\/\\\/raed.academy\\\/ca\\\/#website\",\"url\":\"https:\\\/\\\/raed.academy\\\/ca\\\/\",\"name\":\"Reial Acad\u00e8mia Europea de Doctors\",\"description\":\"Corporaci\u00f3n de derecho p\u00fablico de car\u00e1cter cient\u00edfico, t\u00e9cnico y art\u00edstico, que tiene por objeto la investigaci\u00f3n, el estudio, el fomento y la extensi\u00f3n del conocimiento en su sentido m\u00e1s amplio\",\"publisher\":{\"@id\":\"https:\\\/\\\/raed.academy\\\/ca\\\/#organization\"},\"potentialAction\":[{\"@type\":\"SearchAction\",\"target\":{\"@type\":\"EntryPoint\",\"urlTemplate\":\"https:\\\/\\\/raed.academy\\\/ca\\\/?s={search_term_string}\"},\"query-input\":{\"@type\":\"PropertyValueSpecification\",\"valueRequired\":true,\"valueName\":\"search_term_string\"}}],\"inLanguage\":\"ca-ES\"},{\"@type\":\"Organization\",\"@id\":\"https:\\\/\\\/raed.academy\\\/ca\\\/#organization\",\"name\":\"Real Academia Europea de Doctores\",\"url\":\"https:\\\/\\\/raed.academy\\\/ca\\\/\",\"logo\":{\"@type\":\"ImageObject\",\"inLanguage\":\"ca-ES\",\"@id\":\"https:\\\/\\\/raed.academy\\\/ca\\\/#\\\/schema\\\/logo\\\/image\\\/\",\"url\":\"https:\\\/\\\/raed.academy\\\/wp-content\\\/uploads\\\/2017\\\/01\\\/cropped-logo_raed.png\",\"contentUrl\":\"https:\\\/\\\/raed.academy\\\/wp-content\\\/uploads\\\/2017\\\/01\\\/cropped-logo_raed.png\",\"width\":512,\"height\":512,\"caption\":\"Real Academia Europea de Doctores\"},\"image\":{\"@id\":\"https:\\\/\\\/raed.academy\\\/ca\\\/#\\\/schema\\\/logo\\\/image\\\/\"},\"sameAs\":[\"http:\\\/\\\/fb.me\\\/raed.academy\",\"https:\\\/\\\/x.com\\\/raedacademy\",\"https:\\\/\\\/www.instagram.com\\\/raed.academy\\\/\",\"https:\\\/\\\/www.youtube.com\\\/channel\\\/UCUYQwW2KrdirNWihxMDObwg\"]},{\"@type\":\"Person\",\"@id\":\"https:\\\/\\\/raed.academy\\\/ca\\\/#\\\/schema\\\/person\\\/5a755da80d1d979fd66ba745c8702927\",\"name\":\"RAED\",\"image\":{\"@type\":\"ImageObject\",\"inLanguage\":\"ca-ES\",\"@id\":\"https:\\\/\\\/secure.gravatar.com\\\/avatar\\\/19fdfdc0d67fb9c45714b703a2ac82251c4fcea3637f002ac3c9b74c0183583c?s=96&d=mm&r=g\",\"url\":\"https:\\\/\\\/secure.gravatar.com\\\/avatar\\\/19fdfdc0d67fb9c45714b703a2ac82251c4fcea3637f002ac3c9b74c0183583c?s=96&d=mm&r=g\",\"contentUrl\":\"https:\\\/\\\/secure.gravatar.com\\\/avatar\\\/19fdfdc0d67fb9c45714b703a2ac82251c4fcea3637f002ac3c9b74c0183583c?s=96&d=mm&r=g\",\"caption\":\"RAED\"}}]}<\/script>\n<!-- \/ Yoast SEO plugin. -->","yoast_head_json":{"title":"Gonz\u00e1lez Santoyo presideix el Comit\u00e8 Cient\u00edfic del XII Congr\u00e9s Internacional de Gesti\u00f3, Qualitat, Dret i Competitivitat Empresarial - Reial Acad\u00e8mia Europea de Doctors","robots":{"index":"index","follow":"follow","max-snippet":"max-snippet:-1","max-image-preview":"max-image-preview:large","max-video-preview":"max-video-preview:-1"},"canonical":"https:\/\/raed.academy\/ca\/gonzalez-santoyo-presideix-comite-cientific-del-xii-congres-internacional-gestio-qualitat-dret-i-competitivitat-empresarial\/","og_locale":"ca_ES","og_type":"article","og_title":"Gonz\u00e1lez Santoyo presideix el Comit\u00e8 Cient\u00edfic del XII Congr\u00e9s Internacional de Gesti\u00f3, Qualitat, Dret i Competitivitat Empresarial - Reial Acad\u00e8mia Europea de Doctors","og_description":"Federico Gonz\u00e1lez Santoyo, acad\u00e8mic corresponent per a M\u00e8xic de la Reial Acad\u00e8mia Europea de Doctors-Barcelona 1914 (RAED) i president de la Il\u00b7lustre Acad\u00e8mia Iberoamericana de Doctors, lidera el Comit\u00e8 Cient\u00edfic del XII Congr\u00e9s Internacional de Gesti\u00f3, Qualitat, Dret i Competitivitat Empresarial que es realitzar\u00e0 a la ciutat mexicana de Morelia els propers 12 i 13 [&hellip;]","og_url":"https:\/\/raed.academy\/ca\/gonzalez-santoyo-presideix-comite-cientific-del-xii-congres-internacional-gestio-qualitat-dret-i-competitivitat-empresarial\/","og_site_name":"Reial Acad\u00e8mia Europea de Doctors","article_publisher":"http:\/\/fb.me\/raed.academy","article_published_time":"2017-09-21T07:09:50+00:00","article_modified_time":"2017-09-27T07:18:18+00:00","author":"RAED","twitter_card":"summary_large_image","twitter_creator":"@raedacademy","twitter_site":"@raedacademy","twitter_misc":{"Written by":"RAED","Est. reading time":"1 minute"},"schema":{"@context":"https:\/\/schema.org","@graph":[{"@type":"Article","@id":"https:\/\/raed.academy\/ca\/gonzalez-santoyo-presideix-comite-cientific-del-xii-congres-internacional-gestio-qualitat-dret-i-competitivitat-empresarial\/#article","isPartOf":{"@id":"https:\/\/raed.academy\/ca\/gonzalez-santoyo-presideix-comite-cientific-del-xii-congres-internacional-gestio-qualitat-dret-i-competitivitat-empresarial\/"},"author":{"name":"RAED","@id":"https:\/\/raed.academy\/ca\/#\/schema\/person\/5a755da80d1d979fd66ba745c8702927"},"headline":"Gonz\u00e1lez Santoyo presideix el Comit\u00e8 Cient\u00edfic del XII Congr\u00e9s Internacional de Gesti\u00f3, Qualitat, Dret i Competitivitat Empresarial","datePublished":"2017-09-21T07:09:50+00:00","dateModified":"2017-09-27T07:18:18+00:00","mainEntityOfPage":{"@id":"https:\/\/raed.academy\/ca\/gonzalez-santoyo-presideix-comite-cientific-del-xii-congres-internacional-gestio-qualitat-dret-i-competitivitat-empresarial\/"},"wordCount":232,"publisher":{"@id":"https:\/\/raed.academy\/ca\/#organization"},"articleSection":["Acad\u00e8mics a la societat"],"inLanguage":"ca-ES"},{"@type":"WebPage","@id":"https:\/\/raed.academy\/ca\/gonzalez-santoyo-presideix-comite-cientific-del-xii-congres-internacional-gestio-qualitat-dret-i-competitivitat-empresarial\/","url":"https:\/\/raed.academy\/ca\/gonzalez-santoyo-presideix-comite-cientific-del-xii-congres-internacional-gestio-qualitat-dret-i-competitivitat-empresarial\/","name":"Gonz\u00e1lez Santoyo presideix el Comit\u00e8 Cient\u00edfic del XII Congr\u00e9s Internacional de Gesti\u00f3, Qualitat, Dret i Competitivitat Empresarial - Reial Acad\u00e8mia Europea de Doctors","isPartOf":{"@id":"https:\/\/raed.academy\/ca\/#website"},"datePublished":"2017-09-21T07:09:50+00:00","dateModified":"2017-09-27T07:18:18+00:00","breadcrumb":{"@id":"https:\/\/raed.academy\/ca\/gonzalez-santoyo-presideix-comite-cientific-del-xii-congres-internacional-gestio-qualitat-dret-i-competitivitat-empresarial\/#breadcrumb"},"inLanguage":"ca-ES","potentialAction":[{"@type":"ReadAction","target":["https:\/\/raed.academy\/ca\/gonzalez-santoyo-presideix-comite-cientific-del-xii-congres-internacional-gestio-qualitat-dret-i-competitivitat-empresarial\/"]}]},{"@type":"BreadcrumbList","@id":"https:\/\/raed.academy\/ca\/gonzalez-santoyo-presideix-comite-cientific-del-xii-congres-internacional-gestio-qualitat-dret-i-competitivitat-empresarial\/#breadcrumb","itemListElement":[{"@type":"ListItem","position":1,"name":"Inicio","item":"https:\/\/raed.academy\/ca\/"},{"@type":"ListItem","position":2,"name":"Gonz\u00e1lez Santoyo presideix el Comit\u00e8 Cient\u00edfic del XII Congr\u00e9s Internacional de Gesti\u00f3, Qualitat, Dret i Competitivitat Empresarial"}]},{"@type":"WebSite","@id":"https:\/\/raed.academy\/ca\/#website","url":"https:\/\/raed.academy\/ca\/","name":"Reial Acad\u00e8mia Europea de Doctors","description":"Corporaci\u00f3n de derecho p\u00fablico de car\u00e1cter cient\u00edfico, t\u00e9cnico y art\u00edstico, que tiene por objeto la investigaci\u00f3n, el estudio, el fomento y la extensi\u00f3n del conocimiento en su sentido m\u00e1s amplio","publisher":{"@id":"https:\/\/raed.academy\/ca\/#organization"},"potentialAction":[{"@type":"SearchAction","target":{"@type":"EntryPoint","urlTemplate":"https:\/\/raed.academy\/ca\/?s={search_term_string}"},"query-input":{"@type":"PropertyValueSpecification","valueRequired":true,"valueName":"search_term_string"}}],"inLanguage":"ca-ES"},{"@type":"Organization","@id":"https:\/\/raed.academy\/ca\/#organization","name":"Real Academia Europea de Doctores","url":"https:\/\/raed.academy\/ca\/","logo":{"@type":"ImageObject","inLanguage":"ca-ES","@id":"https:\/\/raed.academy\/ca\/#\/schema\/logo\/image\/","url":"https:\/\/raed.academy\/wp-content\/uploads\/2017\/01\/cropped-logo_raed.png","contentUrl":"https:\/\/raed.academy\/wp-content\/uploads\/2017\/01\/cropped-logo_raed.png","width":512,"height":512,"caption":"Real Academia Europea de Doctores"},"image":{"@id":"https:\/\/raed.academy\/ca\/#\/schema\/logo\/image\/"},"sameAs":["http:\/\/fb.me\/raed.academy","https:\/\/x.com\/raedacademy","https:\/\/www.instagram.com\/raed.academy\/","https:\/\/www.youtube.com\/channel\/UCUYQwW2KrdirNWihxMDObwg"]},{"@type":"Person","@id":"https:\/\/raed.academy\/ca\/#\/schema\/person\/5a755da80d1d979fd66ba745c8702927","name":"RAED","image":{"@type":"ImageObject","inLanguage":"ca-ES","@id":"https:\/\/secure.gravatar.com\/avatar\/19fdfdc0d67fb9c45714b703a2ac82251c4fcea3637f002ac3c9b74c0183583c?s=96&d=mm&r=g","url":"https:\/\/secure.gravatar.com\/avatar\/19fdfdc0d67fb9c45714b703a2ac82251c4fcea3637f002ac3c9b74c0183583c?s=96&d=mm&r=g","contentUrl":"https:\/\/secure.gravatar.com\/avatar\/19fdfdc0d67fb9c45714b703a2ac82251c4fcea3637f002ac3c9b74c0183583c?s=96&d=mm&r=g","caption":"RAED"}}]}},"_links":{"self":[{"href":"https:\/\/raed.academy\/ca\/wp-json\/wp\/v2\/posts\/35072","targetHints":{"allow":["GET"]}}],"collection":[{"href":"https:\/\/raed.academy\/ca\/wp-json\/wp\/v2\/posts"}],"about":[{"href":"https:\/\/raed.academy\/ca\/wp-json\/wp\/v2\/types\/post"}],"author":[{"embeddable":true,"href":"https:\/\/raed.academy\/ca\/wp-json\/wp\/v2\/users\/12"}],"replies":[{"embeddable":true,"href":"https:\/\/raed.academy\/ca\/wp-json\/wp\/v2\/comments?post=35072"}],"version-history":[{"count":0,"href":"https:\/\/raed.academy\/ca\/wp-json\/wp\/v2\/posts\/35072\/revisions"}],"wp:attachment":[{"href":"https:\/\/raed.academy\/ca\/wp-json\/wp\/v2\/media?parent=35072"}],"wp:term":[{"taxonomy":"category","embeddable":true,"href":"https:\/\/raed.academy\/ca\/wp-json\/wp\/v2\/categories?post=35072"},{"taxonomy":"post_tag","embeddable":true,"href":"https:\/\/raed.academy\/ca\/wp-json\/wp\/v2\/tags?post=35072"}],"curies":[{"name":"wp","href":"https:\/\/api.w.org\/{rel}","templated":true}]}}