{"id":33618,"date":"2017-09-05T15:49:22","date_gmt":"2017-09-05T15:49:22","guid":{"rendered":"http:\/\/raed.academy\/?p=33618\/"},"modified":"2017-09-06T16:14:14","modified_gmt":"2017-09-06T16:14:14","slug":"loida-bionica-ja-es-una-realitat","status":"publish","type":"post","link":"https:\/\/raed.academy\/ca\/loida-bionica-ja-es-una-realitat\/","title":{"rendered":"L&#8217;o\u00efda bi\u00f2nica ja \u00e9s una realitat"},"content":{"rendered":"<h2>&#8220;Si us donessin a escollir ser cecs o sords, escolliu la segona opci\u00f3&#8221;<\/h2>\n<p><a href=\"http:\/\/raed.academy\/ca\/academics\/dr-pedro-claros-blanch\/\" target=\"_blank\" rel=\"noopener\"><strong>Pedro Clar\u00f3s<\/strong><\/a>, acad\u00e8mic de n\u00famero i vicepresident de la Junta de Govern de la <strong>Reial Acad\u00e8mia Europea de Doctors-Barcelona 1914<\/strong> (RAED), va presentar en la confer\u00e8ncia de cloenda del III Acte Internacional de la RAED, que es va celebrar entre els passats 15 i 22 de juliol en diferents ciutats del B\u00e0ltic, els \u00faltims aven\u00e7os en implantologia coclear, que ja permeten tractar amb \u00e8xit la sordesa profunda i parlar en propietat d&#8217;una o\u00efda bi\u00f2nica. Clar\u00f3s va llegir la pon\u00e8ncia <strong>&#8220;La bioingenier\u00eda en el tratamiento de la sordera profunda&#8221;<\/strong>.<\/p>\n<div id=\"attachment_33655\" style=\"width: 511px\" class=\"wp-caption alignleft\"><img loading=\"lazy\" decoding=\"async\" aria-describedby=\"caption-attachment-33655\" class=\"wp-image-33655\" src=\"http:\/\/raed.academy\/wp-content\/uploads\/2017\/09\/Pedro-Claros-Blanch.jpg\" alt=\"Dr. Pedro Claros Blanch: implantologia coclear, o\u00efda bi\u00f2nica\" width=\"501\" height=\"334\" srcset=\"https:\/\/raed.academy\/wp-content\/uploads\/2017\/09\/Pedro-Claros-Blanch.jpg 700w, https:\/\/raed.academy\/wp-content\/uploads\/2017\/09\/Pedro-Claros-Blanch-300x200.jpg 300w\" sizes=\"(max-width: 501px) 100vw, 501px\" \/><p id=\"caption-attachment-33655\" class=\"wp-caption-text\">Dr. Pedro Claros Blanch<\/p><\/div>\n<p>&#8220;Quan a un sord profund se li fa un estudi amb resson\u00e0ncia magn\u00e8tica funcional i es recullen les imatges del c\u00f2rtex cerebral el primer que es descobreix \u00e9s que l&#8217;\u00e0rea cloquear no hauria de registrar cap activitat, per\u00f2 aix\u00f2 no \u00e9s aix\u00ed. El cervell t\u00e9 por de tenir espais buits, per tant els omple amb altres est\u00edmuls. Aix\u00f2 tamb\u00e9 pot explicar per qu\u00e8 els cecs adquireixen altres capacitats especials&#8221;, va explicar l&#8217;acad\u00e8mic, un dels m\u00e9s prestigiosos otorinolaring\u00f2legs espanyols.<\/p>\n<p><img loading=\"lazy\" decoding=\"async\" class=\"alignright wp-image-33658\" src=\"http:\/\/raed.academy\/wp-content\/uploads\/2017\/09\/publico-ponencia-Pedro-Clar\u00f3s-Blanch-El-o\u00eddo-bi\u00f3nico-ya-es-una-realidad.jpg\" alt=\"Pon\u00e8ncia Implantologia coclear, Dr. Pedro Clar\u00f3s Blanch\" width=\"400\" height=\"267\" srcset=\"https:\/\/raed.academy\/wp-content\/uploads\/2017\/09\/publico-ponencia-Pedro-Clar\u00f3s-Blanch-El-o\u00eddo-bi\u00f3nico-ya-es-una-realidad.jpg 650w, https:\/\/raed.academy\/wp-content\/uploads\/2017\/09\/publico-ponencia-Pedro-Clar\u00f3s-Blanch-El-o\u00eddo-bi\u00f3nico-ya-es-una-realidad-300x200.jpg 300w\" sizes=\"(max-width: 400px) 100vw, 400px\" \/>&#8220;Aix\u00f2 ens ha perm\u00e8s treballar i arribar al punt actual, en qu\u00e8 la sordesa ja es pot revertir mitjan\u00e7ant t\u00e8cniques de bioenginyeria -va prosseguir-. La tecnologia de l&#8217;implant coclear capta el so, el tracta amb electr\u00f2nica, estimula la c\u00f2clea i ho mana a la seva <span title=\"percepci\u00f3n en el \u00e1rea auditiva. Es el gran avance que jam\u00e1s se habr\u00eda podido conseguir en audiolog\u00eda y se merecer\u00eda ganar un premio Nobel. Los ni\u00f1os de dos a\u00f1os llegan a recuperar la totalidad de su percepci\u00f3n auditiva gracias a esta tecnolog\u00eda&quot;. \">percepci\u00f3 en l&#8217;\u00e0rea auditiva. \u00c9s el gran avan\u00e7 que mai s&#8217;hauria pogut aconseguir en audiologia i es mereixeria guanyar un premi Nobel. Els nens de dos anys arriben a recuperar la totalitat de la seva percepci\u00f3 auditiva gr\u00e0cies a aquesta tecnologia. Si us donessin a escollir entre ser cecs o sords, escolliu la segona opci\u00f3&#8221;.<\/span><\/p>\n<p>Clar\u00f3s va explicar com despr\u00e9s d&#8217;aconseguir la regeneraci\u00f3 total de l&#8217;o\u00efda en nens petits, les investigacions es centren ara en la recerca d&#8217;un el\u00e8ctrode que, a part d&#8217;estimular el\u00e8ctricament els ganglis nerviosos, pugui alliberar mitjan\u00e7ant unes microbombes neurotrofina a l&#8217;interior de la c\u00f2clea per seva regeneraci\u00f3. &#8220;Aix\u00f2 deixa un camp obert a seguir amb la millora d&#8217;un sistema que ha revolucionat el m\u00f3n dels sords&#8221;.<\/p>\n<p><a title=\"By BruceBlaus (Own work) [CC BY-SA 4.0 (http:\/\/creativecommons.org\/licenses\/by-sa\/4.0)], via Wikimedia Commons\" href=\"https:\/\/commons.wikimedia.org\/wiki\/File%3ACochlear_Implant.png\"><img decoding=\"async\" src=\"https:\/\/upload.wikimedia.org\/wikipedia\/commons\/thumb\/b\/bc\/Cochlear_Implant.png\/512px-Cochlear_Implant.png\" alt=\"Cochlear Implant\" width=\"512\" \/><\/a><\/p>\n","protected":false},"excerpt":{"rendered":"<p>&#8220;Si us donessin a escollir ser cecs o sords, escolliu la segona opci\u00f3&#8221; Pedro Clar\u00f3s, acad\u00e8mic de n\u00famero i vicepresident de la Junta de Govern de la Reial Acad\u00e8mia Europea de Doctors-Barcelona 1914 (RAED), va presentar en la confer\u00e8ncia de cloenda del III Acte Internacional de la RAED, que es va celebrar entre els passats [&hellip;]<\/p>\n","protected":false},"author":12,"featured_media":33660,"comment_status":"closed","ping_status":"closed","sticky":false,"template":"","format":"standard","meta":{"_et_pb_use_builder":"","_et_pb_old_content":"","_et_gb_content_width":"","footnotes":""},"categories":[72],"tags":[],"class_list":["post-33618","post","type-post","status-publish","format-standard","has-post-thumbnail","hentry","category-uncategorized-ca","et-has-post-format-content","et_post_format-et-post-format-standard"],"yoast_head":"<!-- This site is optimized with the Yoast SEO plugin v27.5 - https:\/\/yoast.com\/product\/yoast-seo-wordpress\/ -->\n<title>L&#039;o\u00efda bi\u00f2nica ja \u00e9s una realitat - Reial Acad\u00e8mia Europea de Doctors<\/title>\n<meta name=\"robots\" content=\"index, follow, max-snippet:-1, max-image-preview:large, max-video-preview:-1\" \/>\n<link rel=\"canonical\" href=\"https:\/\/raed.academy\/ca\/loida-bionica-ja-es-una-realitat\/\" \/>\n<meta property=\"og:locale\" content=\"ca_ES\" \/>\n<meta property=\"og:type\" content=\"article\" \/>\n<meta property=\"og:title\" content=\"L&#039;o\u00efda bi\u00f2nica ja \u00e9s una realitat - Reial Acad\u00e8mia Europea de Doctors\" \/>\n<meta property=\"og:description\" content=\"&#8220;Si us donessin a escollir ser cecs o sords, escolliu la segona opci\u00f3&#8221; Pedro Clar\u00f3s, acad\u00e8mic de n\u00famero i vicepresident de la Junta de Govern de la Reial Acad\u00e8mia Europea de Doctors-Barcelona 1914 (RAED), va presentar en la confer\u00e8ncia de cloenda del III Acte Internacional de la RAED, que es va celebrar entre els passats [&hellip;]\" \/>\n<meta property=\"og:url\" content=\"https:\/\/raed.academy\/ca\/loida-bionica-ja-es-una-realitat\/\" \/>\n<meta property=\"og:site_name\" content=\"Reial Acad\u00e8mia Europea de Doctors\" \/>\n<meta property=\"article:publisher\" content=\"http:\/\/fb.me\/raed.academy\" \/>\n<meta property=\"article:published_time\" content=\"2017-09-05T15:49:22+00:00\" \/>\n<meta property=\"article:modified_time\" content=\"2017-09-06T16:14:14+00:00\" \/>\n<meta property=\"og:image\" content=\"https:\/\/raed.academy\/wp-content\/uploads\/2017\/09\/Cochlear_Implant.jpg\" \/>\n\t<meta property=\"og:image:width\" content=\"750\" \/>\n\t<meta property=\"og:image:height\" content=\"281\" \/>\n\t<meta property=\"og:image:type\" content=\"image\/jpeg\" \/>\n<meta name=\"author\" content=\"RAED\" \/>\n<meta name=\"twitter:card\" content=\"summary_large_image\" \/>\n<meta name=\"twitter:creator\" content=\"@raedacademy\" \/>\n<meta name=\"twitter:site\" content=\"@raedacademy\" \/>\n<meta name=\"twitter:label1\" content=\"Written by\" \/>\n\t<meta name=\"twitter:data1\" content=\"RAED\" \/>\n\t<meta name=\"twitter:label2\" content=\"Est. reading time\" \/>\n\t<meta name=\"twitter:data2\" content=\"2 minutes\" \/>\n<script type=\"application\/ld+json\" class=\"yoast-schema-graph\">{\"@context\":\"https:\\\/\\\/schema.org\",\"@graph\":[{\"@type\":\"Article\",\"@id\":\"https:\\\/\\\/raed.academy\\\/ca\\\/loida-bionica-ja-es-una-realitat\\\/#article\",\"isPartOf\":{\"@id\":\"https:\\\/\\\/raed.academy\\\/ca\\\/loida-bionica-ja-es-una-realitat\\\/\"},\"author\":{\"name\":\"RAED\",\"@id\":\"https:\\\/\\\/raed.academy\\\/ca\\\/#\\\/schema\\\/person\\\/5a755da80d1d979fd66ba745c8702927\"},\"headline\":\"L&#8217;o\u00efda bi\u00f2nica ja \u00e9s una realitat\",\"datePublished\":\"2017-09-05T15:49:22+00:00\",\"dateModified\":\"2017-09-06T16:14:14+00:00\",\"mainEntityOfPage\":{\"@id\":\"https:\\\/\\\/raed.academy\\\/ca\\\/loida-bionica-ja-es-una-realitat\\\/\"},\"wordCount\":406,\"publisher\":{\"@id\":\"https:\\\/\\\/raed.academy\\\/ca\\\/#organization\"},\"image\":{\"@id\":\"https:\\\/\\\/raed.academy\\\/ca\\\/loida-bionica-ja-es-una-realitat\\\/#primaryimage\"},\"thumbnailUrl\":\"https:\\\/\\\/raed.academy\\\/wp-content\\\/uploads\\\/2017\\\/09\\\/Cochlear_Implant.jpg\",\"articleSection\":[\"Uncategorized @ca\"],\"inLanguage\":\"ca-ES\"},{\"@type\":\"WebPage\",\"@id\":\"https:\\\/\\\/raed.academy\\\/ca\\\/loida-bionica-ja-es-una-realitat\\\/\",\"url\":\"https:\\\/\\\/raed.academy\\\/ca\\\/loida-bionica-ja-es-una-realitat\\\/\",\"name\":\"L'o\u00efda bi\u00f2nica ja \u00e9s una realitat - Reial Acad\u00e8mia Europea de Doctors\",\"isPartOf\":{\"@id\":\"https:\\\/\\\/raed.academy\\\/ca\\\/#website\"},\"primaryImageOfPage\":{\"@id\":\"https:\\\/\\\/raed.academy\\\/ca\\\/loida-bionica-ja-es-una-realitat\\\/#primaryimage\"},\"image\":{\"@id\":\"https:\\\/\\\/raed.academy\\\/ca\\\/loida-bionica-ja-es-una-realitat\\\/#primaryimage\"},\"thumbnailUrl\":\"https:\\\/\\\/raed.academy\\\/wp-content\\\/uploads\\\/2017\\\/09\\\/Cochlear_Implant.jpg\",\"datePublished\":\"2017-09-05T15:49:22+00:00\",\"dateModified\":\"2017-09-06T16:14:14+00:00\",\"breadcrumb\":{\"@id\":\"https:\\\/\\\/raed.academy\\\/ca\\\/loida-bionica-ja-es-una-realitat\\\/#breadcrumb\"},\"inLanguage\":\"ca-ES\",\"potentialAction\":[{\"@type\":\"ReadAction\",\"target\":[\"https:\\\/\\\/raed.academy\\\/ca\\\/loida-bionica-ja-es-una-realitat\\\/\"]}]},{\"@type\":\"ImageObject\",\"inLanguage\":\"ca-ES\",\"@id\":\"https:\\\/\\\/raed.academy\\\/ca\\\/loida-bionica-ja-es-una-realitat\\\/#primaryimage\",\"url\":\"https:\\\/\\\/raed.academy\\\/wp-content\\\/uploads\\\/2017\\\/09\\\/Cochlear_Implant.jpg\",\"contentUrl\":\"https:\\\/\\\/raed.academy\\\/wp-content\\\/uploads\\\/2017\\\/09\\\/Cochlear_Implant.jpg\",\"width\":750,\"height\":281,\"caption\":\"Cochlear Implant\"},{\"@type\":\"BreadcrumbList\",\"@id\":\"https:\\\/\\\/raed.academy\\\/ca\\\/loida-bionica-ja-es-una-realitat\\\/#breadcrumb\",\"itemListElement\":[{\"@type\":\"ListItem\",\"position\":1,\"name\":\"Inicio\",\"item\":\"https:\\\/\\\/raed.academy\\\/ca\\\/\"},{\"@type\":\"ListItem\",\"position\":2,\"name\":\"L&#8217;o\u00efda bi\u00f2nica ja \u00e9s una realitat\"}]},{\"@type\":\"WebSite\",\"@id\":\"https:\\\/\\\/raed.academy\\\/ca\\\/#website\",\"url\":\"https:\\\/\\\/raed.academy\\\/ca\\\/\",\"name\":\"Reial Acad\u00e8mia Europea de Doctors\",\"description\":\"Corporaci\u00f3n de derecho p\u00fablico de car\u00e1cter cient\u00edfico, t\u00e9cnico y art\u00edstico, que tiene por objeto la investigaci\u00f3n, el estudio, el fomento y la extensi\u00f3n del conocimiento en su sentido m\u00e1s amplio\",\"publisher\":{\"@id\":\"https:\\\/\\\/raed.academy\\\/ca\\\/#organization\"},\"potentialAction\":[{\"@type\":\"SearchAction\",\"target\":{\"@type\":\"EntryPoint\",\"urlTemplate\":\"https:\\\/\\\/raed.academy\\\/ca\\\/?s={search_term_string}\"},\"query-input\":{\"@type\":\"PropertyValueSpecification\",\"valueRequired\":true,\"valueName\":\"search_term_string\"}}],\"inLanguage\":\"ca-ES\"},{\"@type\":\"Organization\",\"@id\":\"https:\\\/\\\/raed.academy\\\/ca\\\/#organization\",\"name\":\"Real Academia Europea de Doctores\",\"url\":\"https:\\\/\\\/raed.academy\\\/ca\\\/\",\"logo\":{\"@type\":\"ImageObject\",\"inLanguage\":\"ca-ES\",\"@id\":\"https:\\\/\\\/raed.academy\\\/ca\\\/#\\\/schema\\\/logo\\\/image\\\/\",\"url\":\"https:\\\/\\\/raed.academy\\\/wp-content\\\/uploads\\\/2017\\\/01\\\/cropped-logo_raed.png\",\"contentUrl\":\"https:\\\/\\\/raed.academy\\\/wp-content\\\/uploads\\\/2017\\\/01\\\/cropped-logo_raed.png\",\"width\":512,\"height\":512,\"caption\":\"Real Academia Europea de Doctores\"},\"image\":{\"@id\":\"https:\\\/\\\/raed.academy\\\/ca\\\/#\\\/schema\\\/logo\\\/image\\\/\"},\"sameAs\":[\"http:\\\/\\\/fb.me\\\/raed.academy\",\"https:\\\/\\\/x.com\\\/raedacademy\",\"https:\\\/\\\/www.instagram.com\\\/raed.academy\\\/\",\"https:\\\/\\\/www.youtube.com\\\/channel\\\/UCUYQwW2KrdirNWihxMDObwg\"]},{\"@type\":\"Person\",\"@id\":\"https:\\\/\\\/raed.academy\\\/ca\\\/#\\\/schema\\\/person\\\/5a755da80d1d979fd66ba745c8702927\",\"name\":\"RAED\",\"image\":{\"@type\":\"ImageObject\",\"inLanguage\":\"ca-ES\",\"@id\":\"https:\\\/\\\/secure.gravatar.com\\\/avatar\\\/19fdfdc0d67fb9c45714b703a2ac82251c4fcea3637f002ac3c9b74c0183583c?s=96&d=mm&r=g\",\"url\":\"https:\\\/\\\/secure.gravatar.com\\\/avatar\\\/19fdfdc0d67fb9c45714b703a2ac82251c4fcea3637f002ac3c9b74c0183583c?s=96&d=mm&r=g\",\"contentUrl\":\"https:\\\/\\\/secure.gravatar.com\\\/avatar\\\/19fdfdc0d67fb9c45714b703a2ac82251c4fcea3637f002ac3c9b74c0183583c?s=96&d=mm&r=g\",\"caption\":\"RAED\"}}]}<\/script>\n<!-- \/ Yoast SEO plugin. -->","yoast_head_json":{"title":"L'o\u00efda bi\u00f2nica ja \u00e9s una realitat - Reial Acad\u00e8mia Europea de Doctors","robots":{"index":"index","follow":"follow","max-snippet":"max-snippet:-1","max-image-preview":"max-image-preview:large","max-video-preview":"max-video-preview:-1"},"canonical":"https:\/\/raed.academy\/ca\/loida-bionica-ja-es-una-realitat\/","og_locale":"ca_ES","og_type":"article","og_title":"L'o\u00efda bi\u00f2nica ja \u00e9s una realitat - Reial Acad\u00e8mia Europea de Doctors","og_description":"&#8220;Si us donessin a escollir ser cecs o sords, escolliu la segona opci\u00f3&#8221; Pedro Clar\u00f3s, acad\u00e8mic de n\u00famero i vicepresident de la Junta de Govern de la Reial Acad\u00e8mia Europea de Doctors-Barcelona 1914 (RAED), va presentar en la confer\u00e8ncia de cloenda del III Acte Internacional de la RAED, que es va celebrar entre els passats [&hellip;]","og_url":"https:\/\/raed.academy\/ca\/loida-bionica-ja-es-una-realitat\/","og_site_name":"Reial Acad\u00e8mia Europea de Doctors","article_publisher":"http:\/\/fb.me\/raed.academy","article_published_time":"2017-09-05T15:49:22+00:00","article_modified_time":"2017-09-06T16:14:14+00:00","og_image":[{"width":750,"height":281,"url":"https:\/\/raed.academy\/wp-content\/uploads\/2017\/09\/Cochlear_Implant.jpg","type":"image\/jpeg"}],"author":"RAED","twitter_card":"summary_large_image","twitter_creator":"@raedacademy","twitter_site":"@raedacademy","twitter_misc":{"Written by":"RAED","Est. reading time":"2 minutes"},"schema":{"@context":"https:\/\/schema.org","@graph":[{"@type":"Article","@id":"https:\/\/raed.academy\/ca\/loida-bionica-ja-es-una-realitat\/#article","isPartOf":{"@id":"https:\/\/raed.academy\/ca\/loida-bionica-ja-es-una-realitat\/"},"author":{"name":"RAED","@id":"https:\/\/raed.academy\/ca\/#\/schema\/person\/5a755da80d1d979fd66ba745c8702927"},"headline":"L&#8217;o\u00efda bi\u00f2nica ja \u00e9s una realitat","datePublished":"2017-09-05T15:49:22+00:00","dateModified":"2017-09-06T16:14:14+00:00","mainEntityOfPage":{"@id":"https:\/\/raed.academy\/ca\/loida-bionica-ja-es-una-realitat\/"},"wordCount":406,"publisher":{"@id":"https:\/\/raed.academy\/ca\/#organization"},"image":{"@id":"https:\/\/raed.academy\/ca\/loida-bionica-ja-es-una-realitat\/#primaryimage"},"thumbnailUrl":"https:\/\/raed.academy\/wp-content\/uploads\/2017\/09\/Cochlear_Implant.jpg","articleSection":["Uncategorized @ca"],"inLanguage":"ca-ES"},{"@type":"WebPage","@id":"https:\/\/raed.academy\/ca\/loida-bionica-ja-es-una-realitat\/","url":"https:\/\/raed.academy\/ca\/loida-bionica-ja-es-una-realitat\/","name":"L'o\u00efda bi\u00f2nica ja \u00e9s una realitat - Reial Acad\u00e8mia Europea de Doctors","isPartOf":{"@id":"https:\/\/raed.academy\/ca\/#website"},"primaryImageOfPage":{"@id":"https:\/\/raed.academy\/ca\/loida-bionica-ja-es-una-realitat\/#primaryimage"},"image":{"@id":"https:\/\/raed.academy\/ca\/loida-bionica-ja-es-una-realitat\/#primaryimage"},"thumbnailUrl":"https:\/\/raed.academy\/wp-content\/uploads\/2017\/09\/Cochlear_Implant.jpg","datePublished":"2017-09-05T15:49:22+00:00","dateModified":"2017-09-06T16:14:14+00:00","breadcrumb":{"@id":"https:\/\/raed.academy\/ca\/loida-bionica-ja-es-una-realitat\/#breadcrumb"},"inLanguage":"ca-ES","potentialAction":[{"@type":"ReadAction","target":["https:\/\/raed.academy\/ca\/loida-bionica-ja-es-una-realitat\/"]}]},{"@type":"ImageObject","inLanguage":"ca-ES","@id":"https:\/\/raed.academy\/ca\/loida-bionica-ja-es-una-realitat\/#primaryimage","url":"https:\/\/raed.academy\/wp-content\/uploads\/2017\/09\/Cochlear_Implant.jpg","contentUrl":"https:\/\/raed.academy\/wp-content\/uploads\/2017\/09\/Cochlear_Implant.jpg","width":750,"height":281,"caption":"Cochlear Implant"},{"@type":"BreadcrumbList","@id":"https:\/\/raed.academy\/ca\/loida-bionica-ja-es-una-realitat\/#breadcrumb","itemListElement":[{"@type":"ListItem","position":1,"name":"Inicio","item":"https:\/\/raed.academy\/ca\/"},{"@type":"ListItem","position":2,"name":"L&#8217;o\u00efda bi\u00f2nica ja \u00e9s una realitat"}]},{"@type":"WebSite","@id":"https:\/\/raed.academy\/ca\/#website","url":"https:\/\/raed.academy\/ca\/","name":"Reial Acad\u00e8mia Europea de Doctors","description":"Corporaci\u00f3n de derecho p\u00fablico de car\u00e1cter cient\u00edfico, t\u00e9cnico y art\u00edstico, que tiene por objeto la investigaci\u00f3n, el estudio, el fomento y la extensi\u00f3n del conocimiento en su sentido m\u00e1s amplio","publisher":{"@id":"https:\/\/raed.academy\/ca\/#organization"},"potentialAction":[{"@type":"SearchAction","target":{"@type":"EntryPoint","urlTemplate":"https:\/\/raed.academy\/ca\/?s={search_term_string}"},"query-input":{"@type":"PropertyValueSpecification","valueRequired":true,"valueName":"search_term_string"}}],"inLanguage":"ca-ES"},{"@type":"Organization","@id":"https:\/\/raed.academy\/ca\/#organization","name":"Real Academia Europea de Doctores","url":"https:\/\/raed.academy\/ca\/","logo":{"@type":"ImageObject","inLanguage":"ca-ES","@id":"https:\/\/raed.academy\/ca\/#\/schema\/logo\/image\/","url":"https:\/\/raed.academy\/wp-content\/uploads\/2017\/01\/cropped-logo_raed.png","contentUrl":"https:\/\/raed.academy\/wp-content\/uploads\/2017\/01\/cropped-logo_raed.png","width":512,"height":512,"caption":"Real Academia Europea de Doctores"},"image":{"@id":"https:\/\/raed.academy\/ca\/#\/schema\/logo\/image\/"},"sameAs":["http:\/\/fb.me\/raed.academy","https:\/\/x.com\/raedacademy","https:\/\/www.instagram.com\/raed.academy\/","https:\/\/www.youtube.com\/channel\/UCUYQwW2KrdirNWihxMDObwg"]},{"@type":"Person","@id":"https:\/\/raed.academy\/ca\/#\/schema\/person\/5a755da80d1d979fd66ba745c8702927","name":"RAED","image":{"@type":"ImageObject","inLanguage":"ca-ES","@id":"https:\/\/secure.gravatar.com\/avatar\/19fdfdc0d67fb9c45714b703a2ac82251c4fcea3637f002ac3c9b74c0183583c?s=96&d=mm&r=g","url":"https:\/\/secure.gravatar.com\/avatar\/19fdfdc0d67fb9c45714b703a2ac82251c4fcea3637f002ac3c9b74c0183583c?s=96&d=mm&r=g","contentUrl":"https:\/\/secure.gravatar.com\/avatar\/19fdfdc0d67fb9c45714b703a2ac82251c4fcea3637f002ac3c9b74c0183583c?s=96&d=mm&r=g","caption":"RAED"}}]}},"_links":{"self":[{"href":"https:\/\/raed.academy\/ca\/wp-json\/wp\/v2\/posts\/33618","targetHints":{"allow":["GET"]}}],"collection":[{"href":"https:\/\/raed.academy\/ca\/wp-json\/wp\/v2\/posts"}],"about":[{"href":"https:\/\/raed.academy\/ca\/wp-json\/wp\/v2\/types\/post"}],"author":[{"embeddable":true,"href":"https:\/\/raed.academy\/ca\/wp-json\/wp\/v2\/users\/12"}],"replies":[{"embeddable":true,"href":"https:\/\/raed.academy\/ca\/wp-json\/wp\/v2\/comments?post=33618"}],"version-history":[{"count":0,"href":"https:\/\/raed.academy\/ca\/wp-json\/wp\/v2\/posts\/33618\/revisions"}],"wp:featuredmedia":[{"embeddable":true,"href":"https:\/\/raed.academy\/ca\/wp-json\/wp\/v2\/media\/33660"}],"wp:attachment":[{"href":"https:\/\/raed.academy\/ca\/wp-json\/wp\/v2\/media?parent=33618"}],"wp:term":[{"taxonomy":"category","embeddable":true,"href":"https:\/\/raed.academy\/ca\/wp-json\/wp\/v2\/categories?post=33618"},{"taxonomy":"post_tag","embeddable":true,"href":"https:\/\/raed.academy\/ca\/wp-json\/wp\/v2\/tags?post=33618"}],"curies":[{"name":"wp","href":"https:\/\/api.w.org\/{rel}","templated":true}]}}