{"id":31663,"date":"2017-08-01T06:18:41","date_gmt":"2017-08-01T06:18:41","guid":{"rendered":"http:\/\/raed.academy\/?p=31663\/"},"modified":"2017-09-03T16:37:59","modified_gmt":"2017-09-03T16:37:59","slug":"rafael-blesa-alzheimer-sindrome-de-down-inflamacio","status":"publish","type":"post","link":"https:\/\/raed.academy\/ca\/rafael-blesa-alzheimer-sindrome-de-down-inflamacio\/","title":{"rendered":"Esperan\u00e7ador estudi per diagnosticar i combatre l&#8217;Alzheimer"},"content":{"rendered":"<div id=\"attachment_31705\" style=\"width: 310px\" class=\"wp-caption alignright\"><img loading=\"lazy\" decoding=\"async\" aria-describedby=\"caption-attachment-31705\" class=\"wp-image-31705 size-medium\" src=\"http:\/\/raed.academy\/wp-content\/uploads\/2017\/08\/Rafael-Blesa-Gonz\u00e1lez-300x214.jpg\" alt=\"Rafael Blesa Gonz\u00e1lez. Esperan\u00e7ador estudi per diagnosticar i combatre l'Alzheimer\" width=\"300\" height=\"214\" srcset=\"https:\/\/raed.academy\/wp-content\/uploads\/2017\/08\/Rafael-Blesa-Gonz\u00e1lez-300x214.jpg 300w, https:\/\/raed.academy\/wp-content\/uploads\/2017\/08\/Rafael-Blesa-Gonz\u00e1lez.jpg 730w\" sizes=\"(max-width: 300px) 100vw, 300px\" \/><p id=\"caption-attachment-31705\" class=\"wp-caption-text\"><a href=\"http:\/\/raed.academy\/ca\/academics\/dr-rafael-blesa-gonzalez\" target=\"_blank\" rel=\"noopener\">Dr. Rafael Blesa Gonz\u00e1lez<\/a><\/p><\/div>\n<p>La relaci\u00f3 que existeix entre la s\u00edndrome de Down, l&#8217;Alzheimer i d&#8217;altres malalties neurodegeneratives poden ajudar a contribuir en el coneixement i la lluita contra aquestes patologies que afecten un elevat percentatge de la poblaci\u00f3 de m\u00e9s edat. Aix\u00ed ho va assegurar <a href=\"http:\/\/raed.academy\/ca\/academics\/dr-rafael-blesa-gonzalez\" target=\"_blank\" rel=\"noopener\"><strong>Rafael Blesa<\/strong><\/a>, acad\u00e8mic de n\u00famero de la <strong>Reial Acad\u00e8mia Europea de Doctors-Barcelona 1914<\/strong> (RAED), durant la seva intervenci\u00f3 al III Acte Internacional de la RAED, que es va celebrar entre els passats 15 i 22 de juliol a diverses ciutats del B\u00e0ltic.<\/p>\n<p>Blesa va presentar les conclusions d&#8217;un estudi que duen a terme la <a href=\"http:\/\/www.fcsd.org\" target=\"_blank\" rel=\"noopener\"><strong>Fundaci\u00f3 Catalana S\u00edndrome de Down<\/strong><\/a> i l&#8217;Hospital de Sant Pau de Barcelona, \u200b\u200bque ha determinat que un 85% de les persones amb s\u00edndrome de Down acaben desenvolupant la malaltia d&#8217;Alzheimer. &#8220;El proc\u00e9s comen\u00e7a 20 anys abans de l&#8217;inici dels primers s\u00edmptomes, quan hi ha una alteraci\u00f3 en la prote\u00efna amiloide, i ara, mitjan\u00e7ant una punci\u00f3 lumbar, podem saber qu\u00e8 est\u00e0 passant al cervell d&#8217;una persona i detectar la malaltia molts anys abans que es manifesti&#8221;, va explicar l&#8217;acad\u00e8mic.<\/p>\n<p>&#8220;El programa que actualment es desenvolupa amb persones amb s\u00edndrome de Down ajudar\u00e0 a con\u00e8ixer la complexitat d&#8217;aquesta malaltia, perqu\u00e8 nom\u00e9s coneixent-la podrem combatre-la amb efic\u00e0cia. La clau passa per fer un diagn\u00f2stic preco\u00e7&#8221;, va concloure.<\/p>\n","protected":false},"excerpt":{"rendered":"<p>La relaci\u00f3 que existeix entre la s\u00edndrome de Down, l&#8217;Alzheimer i d&#8217;altres malalties neurodegeneratives poden ajudar a contribuir en el coneixement i la lluita contra aquestes patologies que afecten un elevat percentatge de la poblaci\u00f3 de m\u00e9s edat. Aix\u00ed ho va assegurar Rafael Blesa, acad\u00e8mic de n\u00famero de la Reial Acad\u00e8mia Europea de Doctors-Barcelona 1914 [&hellip;]<\/p>\n","protected":false},"author":12,"featured_media":0,"comment_status":"closed","ping_status":"closed","sticky":false,"template":"","format":"standard","meta":{"_et_pb_use_builder":"","_et_pb_old_content":"","_et_gb_content_width":"","footnotes":""},"categories":[72],"tags":[],"class_list":["post-31663","post","type-post","status-publish","format-standard","hentry","category-uncategorized-ca","et-doesnt-have-format-content","et_post_format-et-post-format-standard"],"yoast_head":"<!-- This site is optimized with the Yoast SEO plugin v27.5 - https:\/\/yoast.com\/product\/yoast-seo-wordpress\/ -->\n<title>Esperan\u00e7ador estudi per combatre l&#039;Alzheimer | Reial Acad\u00e8mia Europea de Doctors<\/title>\n<meta name=\"description\" content=\"Rafael Blesa: Alzheimer, s\u00edndrome de Down i inflamaci\u00f3. Blesa presenta un esperan\u00e7ador estudi per diagnosticar i combatre la malaltia d&#039;Alzheimer.\" \/>\n<meta name=\"robots\" content=\"index, follow, max-snippet:-1, max-image-preview:large, max-video-preview:-1\" \/>\n<link rel=\"canonical\" href=\"https:\/\/raed.academy\/ca\/rafael-blesa-alzheimer-sindrome-de-down-inflamacio\/\" \/>\n<meta property=\"og:locale\" content=\"ca_ES\" \/>\n<meta property=\"og:type\" content=\"article\" \/>\n<meta property=\"og:title\" content=\"Esperan\u00e7ador estudi per combatre l&#039;Alzheimer | Reial Acad\u00e8mia Europea de Doctors\" \/>\n<meta property=\"og:description\" content=\"Rafael Blesa: Alzheimer, s\u00edndrome de Down i inflamaci\u00f3. Blesa presenta un esperan\u00e7ador estudi per diagnosticar i combatre la malaltia d&#039;Alzheimer.\" \/>\n<meta property=\"og:url\" content=\"https:\/\/raed.academy\/ca\/rafael-blesa-alzheimer-sindrome-de-down-inflamacio\/\" \/>\n<meta property=\"og:site_name\" content=\"Reial Acad\u00e8mia Europea de Doctors\" \/>\n<meta property=\"article:publisher\" content=\"http:\/\/fb.me\/raed.academy\" \/>\n<meta property=\"article:published_time\" content=\"2017-08-01T06:18:41+00:00\" \/>\n<meta property=\"article:modified_time\" content=\"2017-09-03T16:37:59+00:00\" \/>\n<meta property=\"og:image\" content=\"http:\/\/raed.academy\/wp-content\/uploads\/2017\/08\/Rafael-Blesa-Gonz\u00e1lez-300x214.jpg\" \/>\n<meta name=\"author\" content=\"RAED\" \/>\n<meta name=\"twitter:card\" content=\"summary_large_image\" \/>\n<meta name=\"twitter:creator\" content=\"@raedacademy\" \/>\n<meta name=\"twitter:site\" content=\"@raedacademy\" \/>\n<meta name=\"twitter:label1\" content=\"Written by\" \/>\n\t<meta name=\"twitter:data1\" content=\"RAED\" \/>\n\t<meta name=\"twitter:label2\" content=\"Est. reading time\" \/>\n\t<meta name=\"twitter:data2\" content=\"1 minute\" \/>\n<script type=\"application\/ld+json\" class=\"yoast-schema-graph\">{\"@context\":\"https:\\\/\\\/schema.org\",\"@graph\":[{\"@type\":\"Article\",\"@id\":\"https:\\\/\\\/raed.academy\\\/ca\\\/rafael-blesa-alzheimer-sindrome-de-down-inflamacio\\\/#article\",\"isPartOf\":{\"@id\":\"https:\\\/\\\/raed.academy\\\/ca\\\/rafael-blesa-alzheimer-sindrome-de-down-inflamacio\\\/\"},\"author\":{\"name\":\"RAED\",\"@id\":\"https:\\\/\\\/raed.academy\\\/ca\\\/#\\\/schema\\\/person\\\/5a755da80d1d979fd66ba745c8702927\"},\"headline\":\"Esperan\u00e7ador estudi per diagnosticar i combatre l&#8217;Alzheimer\",\"datePublished\":\"2017-08-01T06:18:41+00:00\",\"dateModified\":\"2017-09-03T16:37:59+00:00\",\"mainEntityOfPage\":{\"@id\":\"https:\\\/\\\/raed.academy\\\/ca\\\/rafael-blesa-alzheimer-sindrome-de-down-inflamacio\\\/\"},\"wordCount\":254,\"publisher\":{\"@id\":\"https:\\\/\\\/raed.academy\\\/ca\\\/#organization\"},\"articleSection\":[\"Uncategorized @ca\"],\"inLanguage\":\"ca-ES\"},{\"@type\":\"WebPage\",\"@id\":\"https:\\\/\\\/raed.academy\\\/ca\\\/rafael-blesa-alzheimer-sindrome-de-down-inflamacio\\\/\",\"url\":\"https:\\\/\\\/raed.academy\\\/ca\\\/rafael-blesa-alzheimer-sindrome-de-down-inflamacio\\\/\",\"name\":\"Esperan\u00e7ador estudi per combatre l'Alzheimer | Reial Acad\u00e8mia Europea de Doctors\",\"isPartOf\":{\"@id\":\"https:\\\/\\\/raed.academy\\\/ca\\\/#website\"},\"datePublished\":\"2017-08-01T06:18:41+00:00\",\"dateModified\":\"2017-09-03T16:37:59+00:00\",\"description\":\"Rafael Blesa: Alzheimer, s\u00edndrome de Down i inflamaci\u00f3. Blesa presenta un esperan\u00e7ador estudi per diagnosticar i combatre la malaltia d'Alzheimer.\",\"breadcrumb\":{\"@id\":\"https:\\\/\\\/raed.academy\\\/ca\\\/rafael-blesa-alzheimer-sindrome-de-down-inflamacio\\\/#breadcrumb\"},\"inLanguage\":\"ca-ES\",\"potentialAction\":[{\"@type\":\"ReadAction\",\"target\":[\"https:\\\/\\\/raed.academy\\\/ca\\\/rafael-blesa-alzheimer-sindrome-de-down-inflamacio\\\/\"]}]},{\"@type\":\"BreadcrumbList\",\"@id\":\"https:\\\/\\\/raed.academy\\\/ca\\\/rafael-blesa-alzheimer-sindrome-de-down-inflamacio\\\/#breadcrumb\",\"itemListElement\":[{\"@type\":\"ListItem\",\"position\":1,\"name\":\"Inicio\",\"item\":\"https:\\\/\\\/raed.academy\\\/ca\\\/\"},{\"@type\":\"ListItem\",\"position\":2,\"name\":\"Esperan\u00e7ador estudi per diagnosticar i combatre l&#8217;Alzheimer\"}]},{\"@type\":\"WebSite\",\"@id\":\"https:\\\/\\\/raed.academy\\\/ca\\\/#website\",\"url\":\"https:\\\/\\\/raed.academy\\\/ca\\\/\",\"name\":\"Reial Acad\u00e8mia Europea de Doctors\",\"description\":\"Corporaci\u00f3n de derecho p\u00fablico de car\u00e1cter cient\u00edfico, t\u00e9cnico y art\u00edstico, que tiene por objeto la investigaci\u00f3n, el estudio, el fomento y la extensi\u00f3n del conocimiento en su sentido m\u00e1s amplio\",\"publisher\":{\"@id\":\"https:\\\/\\\/raed.academy\\\/ca\\\/#organization\"},\"potentialAction\":[{\"@type\":\"SearchAction\",\"target\":{\"@type\":\"EntryPoint\",\"urlTemplate\":\"https:\\\/\\\/raed.academy\\\/ca\\\/?s={search_term_string}\"},\"query-input\":{\"@type\":\"PropertyValueSpecification\",\"valueRequired\":true,\"valueName\":\"search_term_string\"}}],\"inLanguage\":\"ca-ES\"},{\"@type\":\"Organization\",\"@id\":\"https:\\\/\\\/raed.academy\\\/ca\\\/#organization\",\"name\":\"Real Academia Europea de Doctores\",\"url\":\"https:\\\/\\\/raed.academy\\\/ca\\\/\",\"logo\":{\"@type\":\"ImageObject\",\"inLanguage\":\"ca-ES\",\"@id\":\"https:\\\/\\\/raed.academy\\\/ca\\\/#\\\/schema\\\/logo\\\/image\\\/\",\"url\":\"https:\\\/\\\/raed.academy\\\/wp-content\\\/uploads\\\/2017\\\/01\\\/cropped-logo_raed.png\",\"contentUrl\":\"https:\\\/\\\/raed.academy\\\/wp-content\\\/uploads\\\/2017\\\/01\\\/cropped-logo_raed.png\",\"width\":512,\"height\":512,\"caption\":\"Real Academia Europea de Doctores\"},\"image\":{\"@id\":\"https:\\\/\\\/raed.academy\\\/ca\\\/#\\\/schema\\\/logo\\\/image\\\/\"},\"sameAs\":[\"http:\\\/\\\/fb.me\\\/raed.academy\",\"https:\\\/\\\/x.com\\\/raedacademy\",\"https:\\\/\\\/www.instagram.com\\\/raed.academy\\\/\",\"https:\\\/\\\/www.youtube.com\\\/channel\\\/UCUYQwW2KrdirNWihxMDObwg\"]},{\"@type\":\"Person\",\"@id\":\"https:\\\/\\\/raed.academy\\\/ca\\\/#\\\/schema\\\/person\\\/5a755da80d1d979fd66ba745c8702927\",\"name\":\"RAED\",\"image\":{\"@type\":\"ImageObject\",\"inLanguage\":\"ca-ES\",\"@id\":\"https:\\\/\\\/secure.gravatar.com\\\/avatar\\\/19fdfdc0d67fb9c45714b703a2ac82251c4fcea3637f002ac3c9b74c0183583c?s=96&d=mm&r=g\",\"url\":\"https:\\\/\\\/secure.gravatar.com\\\/avatar\\\/19fdfdc0d67fb9c45714b703a2ac82251c4fcea3637f002ac3c9b74c0183583c?s=96&d=mm&r=g\",\"contentUrl\":\"https:\\\/\\\/secure.gravatar.com\\\/avatar\\\/19fdfdc0d67fb9c45714b703a2ac82251c4fcea3637f002ac3c9b74c0183583c?s=96&d=mm&r=g\",\"caption\":\"RAED\"}}]}<\/script>\n<!-- \/ Yoast SEO plugin. -->","yoast_head_json":{"title":"Esperan\u00e7ador estudi per combatre l'Alzheimer | Reial Acad\u00e8mia Europea de Doctors","description":"Rafael Blesa: Alzheimer, s\u00edndrome de Down i inflamaci\u00f3. Blesa presenta un esperan\u00e7ador estudi per diagnosticar i combatre la malaltia d'Alzheimer.","robots":{"index":"index","follow":"follow","max-snippet":"max-snippet:-1","max-image-preview":"max-image-preview:large","max-video-preview":"max-video-preview:-1"},"canonical":"https:\/\/raed.academy\/ca\/rafael-blesa-alzheimer-sindrome-de-down-inflamacio\/","og_locale":"ca_ES","og_type":"article","og_title":"Esperan\u00e7ador estudi per combatre l'Alzheimer | Reial Acad\u00e8mia Europea de Doctors","og_description":"Rafael Blesa: Alzheimer, s\u00edndrome de Down i inflamaci\u00f3. Blesa presenta un esperan\u00e7ador estudi per diagnosticar i combatre la malaltia d'Alzheimer.","og_url":"https:\/\/raed.academy\/ca\/rafael-blesa-alzheimer-sindrome-de-down-inflamacio\/","og_site_name":"Reial Acad\u00e8mia Europea de Doctors","article_publisher":"http:\/\/fb.me\/raed.academy","article_published_time":"2017-08-01T06:18:41+00:00","article_modified_time":"2017-09-03T16:37:59+00:00","og_image":[{"url":"http:\/\/raed.academy\/wp-content\/uploads\/2017\/08\/Rafael-Blesa-Gonz\u00e1lez-300x214.jpg","type":"","width":"","height":""}],"author":"RAED","twitter_card":"summary_large_image","twitter_creator":"@raedacademy","twitter_site":"@raedacademy","twitter_misc":{"Written by":"RAED","Est. reading time":"1 minute"},"schema":{"@context":"https:\/\/schema.org","@graph":[{"@type":"Article","@id":"https:\/\/raed.academy\/ca\/rafael-blesa-alzheimer-sindrome-de-down-inflamacio\/#article","isPartOf":{"@id":"https:\/\/raed.academy\/ca\/rafael-blesa-alzheimer-sindrome-de-down-inflamacio\/"},"author":{"name":"RAED","@id":"https:\/\/raed.academy\/ca\/#\/schema\/person\/5a755da80d1d979fd66ba745c8702927"},"headline":"Esperan\u00e7ador estudi per diagnosticar i combatre l&#8217;Alzheimer","datePublished":"2017-08-01T06:18:41+00:00","dateModified":"2017-09-03T16:37:59+00:00","mainEntityOfPage":{"@id":"https:\/\/raed.academy\/ca\/rafael-blesa-alzheimer-sindrome-de-down-inflamacio\/"},"wordCount":254,"publisher":{"@id":"https:\/\/raed.academy\/ca\/#organization"},"articleSection":["Uncategorized @ca"],"inLanguage":"ca-ES"},{"@type":"WebPage","@id":"https:\/\/raed.academy\/ca\/rafael-blesa-alzheimer-sindrome-de-down-inflamacio\/","url":"https:\/\/raed.academy\/ca\/rafael-blesa-alzheimer-sindrome-de-down-inflamacio\/","name":"Esperan\u00e7ador estudi per combatre l'Alzheimer | Reial Acad\u00e8mia Europea de Doctors","isPartOf":{"@id":"https:\/\/raed.academy\/ca\/#website"},"datePublished":"2017-08-01T06:18:41+00:00","dateModified":"2017-09-03T16:37:59+00:00","description":"Rafael Blesa: Alzheimer, s\u00edndrome de Down i inflamaci\u00f3. Blesa presenta un esperan\u00e7ador estudi per diagnosticar i combatre la malaltia d'Alzheimer.","breadcrumb":{"@id":"https:\/\/raed.academy\/ca\/rafael-blesa-alzheimer-sindrome-de-down-inflamacio\/#breadcrumb"},"inLanguage":"ca-ES","potentialAction":[{"@type":"ReadAction","target":["https:\/\/raed.academy\/ca\/rafael-blesa-alzheimer-sindrome-de-down-inflamacio\/"]}]},{"@type":"BreadcrumbList","@id":"https:\/\/raed.academy\/ca\/rafael-blesa-alzheimer-sindrome-de-down-inflamacio\/#breadcrumb","itemListElement":[{"@type":"ListItem","position":1,"name":"Inicio","item":"https:\/\/raed.academy\/ca\/"},{"@type":"ListItem","position":2,"name":"Esperan\u00e7ador estudi per diagnosticar i combatre l&#8217;Alzheimer"}]},{"@type":"WebSite","@id":"https:\/\/raed.academy\/ca\/#website","url":"https:\/\/raed.academy\/ca\/","name":"Reial Acad\u00e8mia Europea de Doctors","description":"Corporaci\u00f3n de derecho p\u00fablico de car\u00e1cter cient\u00edfico, t\u00e9cnico y art\u00edstico, que tiene por objeto la investigaci\u00f3n, el estudio, el fomento y la extensi\u00f3n del conocimiento en su sentido m\u00e1s amplio","publisher":{"@id":"https:\/\/raed.academy\/ca\/#organization"},"potentialAction":[{"@type":"SearchAction","target":{"@type":"EntryPoint","urlTemplate":"https:\/\/raed.academy\/ca\/?s={search_term_string}"},"query-input":{"@type":"PropertyValueSpecification","valueRequired":true,"valueName":"search_term_string"}}],"inLanguage":"ca-ES"},{"@type":"Organization","@id":"https:\/\/raed.academy\/ca\/#organization","name":"Real Academia Europea de Doctores","url":"https:\/\/raed.academy\/ca\/","logo":{"@type":"ImageObject","inLanguage":"ca-ES","@id":"https:\/\/raed.academy\/ca\/#\/schema\/logo\/image\/","url":"https:\/\/raed.academy\/wp-content\/uploads\/2017\/01\/cropped-logo_raed.png","contentUrl":"https:\/\/raed.academy\/wp-content\/uploads\/2017\/01\/cropped-logo_raed.png","width":512,"height":512,"caption":"Real Academia Europea de Doctores"},"image":{"@id":"https:\/\/raed.academy\/ca\/#\/schema\/logo\/image\/"},"sameAs":["http:\/\/fb.me\/raed.academy","https:\/\/x.com\/raedacademy","https:\/\/www.instagram.com\/raed.academy\/","https:\/\/www.youtube.com\/channel\/UCUYQwW2KrdirNWihxMDObwg"]},{"@type":"Person","@id":"https:\/\/raed.academy\/ca\/#\/schema\/person\/5a755da80d1d979fd66ba745c8702927","name":"RAED","image":{"@type":"ImageObject","inLanguage":"ca-ES","@id":"https:\/\/secure.gravatar.com\/avatar\/19fdfdc0d67fb9c45714b703a2ac82251c4fcea3637f002ac3c9b74c0183583c?s=96&d=mm&r=g","url":"https:\/\/secure.gravatar.com\/avatar\/19fdfdc0d67fb9c45714b703a2ac82251c4fcea3637f002ac3c9b74c0183583c?s=96&d=mm&r=g","contentUrl":"https:\/\/secure.gravatar.com\/avatar\/19fdfdc0d67fb9c45714b703a2ac82251c4fcea3637f002ac3c9b74c0183583c?s=96&d=mm&r=g","caption":"RAED"}}]}},"_links":{"self":[{"href":"https:\/\/raed.academy\/ca\/wp-json\/wp\/v2\/posts\/31663","targetHints":{"allow":["GET"]}}],"collection":[{"href":"https:\/\/raed.academy\/ca\/wp-json\/wp\/v2\/posts"}],"about":[{"href":"https:\/\/raed.academy\/ca\/wp-json\/wp\/v2\/types\/post"}],"author":[{"embeddable":true,"href":"https:\/\/raed.academy\/ca\/wp-json\/wp\/v2\/users\/12"}],"replies":[{"embeddable":true,"href":"https:\/\/raed.academy\/ca\/wp-json\/wp\/v2\/comments?post=31663"}],"version-history":[{"count":0,"href":"https:\/\/raed.academy\/ca\/wp-json\/wp\/v2\/posts\/31663\/revisions"}],"wp:attachment":[{"href":"https:\/\/raed.academy\/ca\/wp-json\/wp\/v2\/media?parent=31663"}],"wp:term":[{"taxonomy":"category","embeddable":true,"href":"https:\/\/raed.academy\/ca\/wp-json\/wp\/v2\/categories?post=31663"},{"taxonomy":"post_tag","embeddable":true,"href":"https:\/\/raed.academy\/ca\/wp-json\/wp\/v2\/tags?post=31663"}],"curies":[{"name":"wp","href":"https:\/\/api.w.org\/{rel}","templated":true}]}}