{"id":27852,"date":"2017-05-12T04:35:09","date_gmt":"2017-05-12T04:35:09","guid":{"rendered":"http:\/\/raed.academy\/?p=27852\/"},"modified":"2017-05-17T13:50:42","modified_gmt":"2017-05-17T13:50:42","slug":"els-experts-en-empresa-familiar-destaquen-la-necessitat-destablir-un-protocol-de-diagnosi-i-actuacio-abans-que-esclati-la-crisi-del-model","status":"publish","type":"post","link":"https:\/\/raed.academy\/ca\/els-experts-en-empresa-familiar-destaquen-la-necessitat-destablir-un-protocol-de-diagnosi-i-actuacio-abans-que-esclati-la-crisi-del-model\/","title":{"rendered":"Els experts en empresa familiar destaquen la necessitat d&#8217;establir un protocol de diagnosi i actuaci\u00f3 abans que esclati la crisi del model"},"content":{"rendered":"<h3><span id=\"result_box\" class=\"\" lang=\"ca\"><span title=\"Los expertos en empresa familiar reunidos por la Real Academia Europea de Doctores-Barcelona 1914 (RAED) e IESE el pasado 11 de mayo en Barcelona para tratar la &quot;Mejora de la viabilidad de las empresas familiares&quot; coincidieron en destacar la necesidad de estas sociedades de\"><img loading=\"lazy\" decoding=\"async\" class=\"alignleft wp-image-27912\" src=\"http:\/\/raed.academy\/wp-content\/uploads\/2017\/05\/debate-empresa-familiar.2017-05-11_2.jpg\" alt=\"\" width=\"450\" height=\"300\" srcset=\"https:\/\/raed.academy\/wp-content\/uploads\/2017\/05\/debate-empresa-familiar.2017-05-11_2.jpg 600w, https:\/\/raed.academy\/wp-content\/uploads\/2017\/05\/debate-empresa-familiar.2017-05-11_2-300x200.jpg 300w\" sizes=\"(max-width: 450px) 100vw, 450px\" \/>Els experts en empresa familiar reunits per la <strong>Reial Acad\u00e8mia Europea de Doctors-Barcelona 1914<\/strong> (RAED) i <a href=\"http:\/\/www.iese.edu\" target=\"_blank\" rel=\"noopener noreferrer\"><strong>IESE<\/strong> <\/a>el passat 11 de maig a Barcelona per tractar la <strong>&#8220;Millora de la viabilitat de les empreses familiars&#8221;<\/strong> van coincidir a destacar la necessitat d&#8217;aquestes societats de <\/span><span title=\"contar con una diagnosis y un protocolo de actuaci\u00f3n anticipada para resolver cualquier crisis del modelo antes de sufrir sus consecuencias. \">comptar amb una diagnosi i un protocol d&#8217;actuaci\u00f3 anticipada per resoldre qualsevol crisi del model abans de patir les conseq\u00fc\u00e8ncies.<\/span><\/span><\/h3>\n<h3><span id=\"result_box\" class=\"\" lang=\"ca\"><span title=\"Guillermo Perkins, profesor de IAE de la Universidad Austral de Argentina, explic\u00f3 que trabaja precisamente en la concreci\u00f3n de un modelo &quot;muy novedoso, que nos indica por d\u00f3nde pueden ir los problemas y, a partir de ah\u00ed, fijar las herramientas para ayudar a la\"><strong>Guillermo Perkins<\/strong>, professor d&#8217;<a href=\"https:\/\/www.iae.edu\" target=\"_blank\" rel=\"noopener noreferrer\"><strong>IAE<\/strong> <\/a>de la <a href=\"http:\/\/www.austral.edu.ar\" target=\"_blank\" rel=\"noopener noreferrer\"><strong>Universitat Austral de l&#8217;Argentina<\/strong><\/a>, va explicar que treballa precisament en la concreci\u00f3 d&#8217;un model &#8220;molt nou, que ens indica per on poden anar els problemes i, a partir d&#8217;aqu\u00ed, fixar les eines per ajudar a la <\/span><span title=\"familia en su la unidad, especialmente para acercar a las \u00faltimas generaciones de la sociedad a conjugar sus intereses&quot;. \">fam\u00edlia en la seva unitat, especialment per acostar a les \u00faltimes generacions de la societat a conjugar els seus interessos&#8221;.<\/span><\/span><\/h3>\n<h3><span id=\"result_box\" class=\"\" lang=\"ca\"><span title=\"Para Ricardo Aparicio, profesor de la Universidad Panamericana de M\u00e9xico, &quot;ante una crisis de desuni\u00f3n es importante que las familias prevean con tiempo posibles aliados que puedan ayudarles a que las sociedades no se rompan. Cuando no hay tiempo, puede ser que lleguen a soluciones\"><img loading=\"lazy\" decoding=\"async\" class=\"alignright size-full wp-image-27911\" src=\"http:\/\/raed.academy\/wp-content\/uploads\/2017\/05\/debate-empresa-familiar.2017-05-11_4.jpg\" alt=\"\" width=\"500\" height=\"333\" srcset=\"https:\/\/raed.academy\/wp-content\/uploads\/2017\/05\/debate-empresa-familiar.2017-05-11_4.jpg 500w, https:\/\/raed.academy\/wp-content\/uploads\/2017\/05\/debate-empresa-familiar.2017-05-11_4-300x200.jpg 300w\" sizes=\"(max-width: 500px) 100vw, 500px\" \/>Per a <strong>Ricardo Aparicio<\/strong>, professor de la <a href=\"http:\/\/www.up.edu.mex\" target=\"_blank\" rel=\"noopener noreferrer\"><strong>Universitat Panamericana<\/strong><\/a> de M\u00e8xic, &#8220;davant d&#8217;una crisi de desuni\u00f3 \u00e9s important que les fam\u00edlies prevegin amb temps possibles aliats que puguin ajudar-los a que les societats no es trenquin. Quan no hi ha temps, pot ser que arribin a solucions <\/span><span title=\"que tengan altos costes y hay que evitarlos&quot;. \">que tinguin alts costos i cal evitar-los&#8221;.<\/span><\/span><\/h3>\n<h3><span id=\"result_box\" class=\"\" lang=\"ca\"><span title=\"Arlette Urrea, profesora de la Universidad de Costa Rica, destac\u00f3 la necesidad de concretar &quot;la base fundamental de por qu\u00e9 se da la uni\u00f3n para poder seguir adelante y cu\u00e1les son las condiciones que favorecen esa uni\u00f3n para anteponerla ante cualquier crisis&quot;. \"><strong>Arlette Urrea<\/strong>, professora de la <a href=\"http:\/\/www.ucr.ac.cr\" target=\"_blank\" rel=\"noopener noreferrer\"><strong>Universitat de Costa Rica<\/strong><\/a>, va destacar la necessitat de concretar &#8220;la base fonamental de per qu\u00e8 es d\u00f3na la uni\u00f3 per poder seguir endavant i quines s\u00f3n les condicions que afavoreixen aquesta uni\u00f3 per anteponerla davant de qualsevol crisi&#8221;.<\/span><\/span><\/h3>\n<h3><span id=\"result_box\" class=\"\" lang=\"ca\"><span title=\"Finalmente, Miguel \u00c1ngel Gallo, profesor em\u00e9rito de IESE, acad\u00e9mico de la n\u00famero de la RAED y presidente de su Senado, alert\u00f3 sobre los principales motivos que generan la crisis del modelo de empresa familiar, sobre los que la sociedad debe incidir de forma espec\u00edfica.\">Finalment, <a href=\"http:\/\/raed.academy\/ca\/academics\/miguel-angel-gallo-laguna-de-rins\/\" target=\"_blank\" rel=\"noopener noreferrer\"><strong>Miguel \u00c1ngel Gallo<\/strong><\/a>, professor em\u00e8rit d&#8217;<a href=\"http:\/\/www.iese.edu\" target=\"_blank\" rel=\"noopener noreferrer\"><strong>IESE<\/strong><\/a>, acad\u00e8mic de la n\u00famero de la RAED i president del seu Senat, va alertar sobre els principals motius que generen la crisi del model d&#8217;empresa familiar, sobre els quals la societat ha d&#8217;incidir de forma espec\u00edfica. <\/span><span title=\"&quot;La ignorancia es uno de los principales -se\u00f1al\u00f3-. Hay muchas veces que los gestores de la empresa familiar tienen pocos conocimientos. Otro enemigo es la malicia, la astucia, porque hay miembros de la familia que no son tan buenos como deber\u00edan. Es\">&#8220;La ignor\u00e0ncia \u00e9s un dels principals -va assenyalar-. Hi ha moltes vegades que els gestors de l&#8217;empresa familiar tenen pocs coneixements. Un altre enemic \u00e9s la mal\u00edcia, l&#8217;ast\u00facia, perqu\u00e8 hi ha membres de la fam\u00edlia que no s\u00f3n tan bons com ho haurien de ser. \u00c9s <\/span><span title=\"importante establecer mecanismos para detectar y evitar estos comportamientos a tiempo&quot;. \">important establir mecanismes per detectar i evitar aquests comportaments a temps&#8221;.<\/span><\/span><\/h3>\n<h3><span id=\"result_box\" class=\"\" lang=\"ca\"><span title=\"La sesi\u00f3n ser\u00e1 conducida y moderada por Joan Francesc Corona, director del Instituto de la Empresa Familiar y acad\u00e9mico de n\u00famero de la RAED.\">La sessi\u00f3 va ser condu\u00efda i moderada per <a href=\"http:\/\/raed.academy\/ca\/academics\/dr-joan-francesc-corona-ramon\/\" target=\"_blank\" rel=\"noopener noreferrer\"><strong>Joan Francesc Corona<\/strong><\/a>, director de l&#8217;<a href=\"http:\/\/www.iefamiliar.com\" target=\"_blank\" rel=\"noopener noreferrer\"><strong>Institut de l&#8217;Empresa Familiar<\/strong><\/a> i acad\u00e8mic de n\u00famero de la RAED.<\/span><\/span><\/h3>\n","protected":false},"excerpt":{"rendered":"<p>Els experts en empresa familiar reunits per la Reial Acad\u00e8mia Europea de Doctors-Barcelona 1914 (RAED) i IESE el passat 11 de maig a Barcelona per tractar la &#8220;Millora de la viabilitat de les empreses familiars&#8221; van coincidir a destacar la necessitat d&#8217;aquestes societats de comptar amb una diagnosi i un protocol d&#8217;actuaci\u00f3 anticipada per resoldre [&hellip;]<\/p>\n","protected":false},"author":12,"featured_media":0,"comment_status":"closed","ping_status":"closed","sticky":false,"template":"","format":"standard","meta":{"_et_pb_use_builder":"","_et_pb_old_content":"","_et_gb_content_width":"","footnotes":""},"categories":[72],"tags":[],"class_list":["post-27852","post","type-post","status-publish","format-standard","hentry","category-uncategorized-ca","et-doesnt-have-format-content","et_post_format-et-post-format-standard"],"yoast_head":"<!-- This site is optimized with the Yoast SEO plugin v27.4 - https:\/\/yoast.com\/product\/yoast-seo-wordpress\/ -->\n<title>Els experts en empresa familiar destaquen la necessitat d&#039;establir un protocol de diagnosi i actuaci\u00f3 abans que esclati la crisi del model - Reial Acad\u00e8mia Europea de Doctors<\/title>\n<meta name=\"robots\" content=\"index, follow, max-snippet:-1, max-image-preview:large, max-video-preview:-1\" \/>\n<link rel=\"canonical\" href=\"https:\/\/raed.academy\/ca\/els-experts-en-empresa-familiar-destaquen-la-necessitat-destablir-un-protocol-de-diagnosi-i-actuacio-abans-que-esclati-la-crisi-del-model\/\" \/>\n<meta property=\"og:locale\" content=\"ca_ES\" \/>\n<meta property=\"og:type\" content=\"article\" \/>\n<meta property=\"og:title\" content=\"Els experts en empresa familiar destaquen la necessitat d&#039;establir un protocol de diagnosi i actuaci\u00f3 abans que esclati la crisi del model - Reial Acad\u00e8mia Europea de Doctors\" \/>\n<meta property=\"og:description\" content=\"Els experts en empresa familiar reunits per la Reial Acad\u00e8mia Europea de Doctors-Barcelona 1914 (RAED) i IESE el passat 11 de maig a Barcelona per tractar la &#8220;Millora de la viabilitat de les empreses familiars&#8221; van coincidir a destacar la necessitat d&#8217;aquestes societats de comptar amb una diagnosi i un protocol d&#8217;actuaci\u00f3 anticipada per resoldre [&hellip;]\" \/>\n<meta property=\"og:url\" content=\"https:\/\/raed.academy\/ca\/els-experts-en-empresa-familiar-destaquen-la-necessitat-destablir-un-protocol-de-diagnosi-i-actuacio-abans-que-esclati-la-crisi-del-model\/\" \/>\n<meta property=\"og:site_name\" content=\"Reial Acad\u00e8mia Europea de Doctors\" \/>\n<meta property=\"article:publisher\" content=\"http:\/\/fb.me\/raed.academy\" \/>\n<meta property=\"article:published_time\" content=\"2017-05-12T04:35:09+00:00\" \/>\n<meta property=\"article:modified_time\" content=\"2017-05-17T13:50:42+00:00\" \/>\n<meta property=\"og:image\" content=\"http:\/\/raed.academy\/wp-content\/uploads\/2017\/05\/debate-empresa-familiar.2017-05-11_2.jpg\" \/>\n<meta name=\"author\" content=\"RAED\" \/>\n<meta name=\"twitter:card\" content=\"summary_large_image\" \/>\n<meta name=\"twitter:creator\" content=\"@raedacademy\" \/>\n<meta name=\"twitter:site\" content=\"@raedacademy\" \/>\n<meta name=\"twitter:label1\" content=\"Written by\" \/>\n\t<meta name=\"twitter:data1\" content=\"RAED\" \/>\n\t<meta name=\"twitter:label2\" content=\"Est. reading time\" \/>\n\t<meta name=\"twitter:data2\" content=\"2 minutes\" \/>\n<script type=\"application\/ld+json\" class=\"yoast-schema-graph\">{\"@context\":\"https:\\\/\\\/schema.org\",\"@graph\":[{\"@type\":\"Article\",\"@id\":\"https:\\\/\\\/raed.academy\\\/ca\\\/els-experts-en-empresa-familiar-destaquen-la-necessitat-destablir-un-protocol-de-diagnosi-i-actuacio-abans-que-esclati-la-crisi-del-model\\\/#article\",\"isPartOf\":{\"@id\":\"https:\\\/\\\/raed.academy\\\/ca\\\/els-experts-en-empresa-familiar-destaquen-la-necessitat-destablir-un-protocol-de-diagnosi-i-actuacio-abans-que-esclati-la-crisi-del-model\\\/\"},\"author\":{\"name\":\"RAED\",\"@id\":\"https:\\\/\\\/raed.academy\\\/ca\\\/#\\\/schema\\\/person\\\/5a755da80d1d979fd66ba745c8702927\"},\"headline\":\"Els experts en empresa familiar destaquen la necessitat d&#8217;establir un protocol de diagnosi i actuaci\u00f3 abans que esclati la crisi del model\",\"datePublished\":\"2017-05-12T04:35:09+00:00\",\"dateModified\":\"2017-05-17T13:50:42+00:00\",\"mainEntityOfPage\":{\"@id\":\"https:\\\/\\\/raed.academy\\\/ca\\\/els-experts-en-empresa-familiar-destaquen-la-necessitat-destablir-un-protocol-de-diagnosi-i-actuacio-abans-que-esclati-la-crisi-del-model\\\/\"},\"wordCount\":402,\"publisher\":{\"@id\":\"https:\\\/\\\/raed.academy\\\/ca\\\/#organization\"},\"image\":{\"@id\":\"https:\\\/\\\/raed.academy\\\/ca\\\/els-experts-en-empresa-familiar-destaquen-la-necessitat-destablir-un-protocol-de-diagnosi-i-actuacio-abans-que-esclati-la-crisi-del-model\\\/#primaryimage\"},\"thumbnailUrl\":\"http:\\\/\\\/raed.academy\\\/wp-content\\\/uploads\\\/2017\\\/05\\\/debate-empresa-familiar.2017-05-11_2.jpg\",\"articleSection\":[\"Uncategorized @ca\"],\"inLanguage\":\"ca-ES\"},{\"@type\":\"WebPage\",\"@id\":\"https:\\\/\\\/raed.academy\\\/ca\\\/els-experts-en-empresa-familiar-destaquen-la-necessitat-destablir-un-protocol-de-diagnosi-i-actuacio-abans-que-esclati-la-crisi-del-model\\\/\",\"url\":\"https:\\\/\\\/raed.academy\\\/ca\\\/els-experts-en-empresa-familiar-destaquen-la-necessitat-destablir-un-protocol-de-diagnosi-i-actuacio-abans-que-esclati-la-crisi-del-model\\\/\",\"name\":\"Els experts en empresa familiar destaquen la necessitat d'establir un protocol de diagnosi i actuaci\u00f3 abans que esclati la crisi del model - Reial Acad\u00e8mia Europea de Doctors\",\"isPartOf\":{\"@id\":\"https:\\\/\\\/raed.academy\\\/ca\\\/#website\"},\"primaryImageOfPage\":{\"@id\":\"https:\\\/\\\/raed.academy\\\/ca\\\/els-experts-en-empresa-familiar-destaquen-la-necessitat-destablir-un-protocol-de-diagnosi-i-actuacio-abans-que-esclati-la-crisi-del-model\\\/#primaryimage\"},\"image\":{\"@id\":\"https:\\\/\\\/raed.academy\\\/ca\\\/els-experts-en-empresa-familiar-destaquen-la-necessitat-destablir-un-protocol-de-diagnosi-i-actuacio-abans-que-esclati-la-crisi-del-model\\\/#primaryimage\"},\"thumbnailUrl\":\"http:\\\/\\\/raed.academy\\\/wp-content\\\/uploads\\\/2017\\\/05\\\/debate-empresa-familiar.2017-05-11_2.jpg\",\"datePublished\":\"2017-05-12T04:35:09+00:00\",\"dateModified\":\"2017-05-17T13:50:42+00:00\",\"breadcrumb\":{\"@id\":\"https:\\\/\\\/raed.academy\\\/ca\\\/els-experts-en-empresa-familiar-destaquen-la-necessitat-destablir-un-protocol-de-diagnosi-i-actuacio-abans-que-esclati-la-crisi-del-model\\\/#breadcrumb\"},\"inLanguage\":\"ca-ES\",\"potentialAction\":[{\"@type\":\"ReadAction\",\"target\":[\"https:\\\/\\\/raed.academy\\\/ca\\\/els-experts-en-empresa-familiar-destaquen-la-necessitat-destablir-un-protocol-de-diagnosi-i-actuacio-abans-que-esclati-la-crisi-del-model\\\/\"]}]},{\"@type\":\"ImageObject\",\"inLanguage\":\"ca-ES\",\"@id\":\"https:\\\/\\\/raed.academy\\\/ca\\\/els-experts-en-empresa-familiar-destaquen-la-necessitat-destablir-un-protocol-de-diagnosi-i-actuacio-abans-que-esclati-la-crisi-del-model\\\/#primaryimage\",\"url\":\"http:\\\/\\\/raed.academy\\\/wp-content\\\/uploads\\\/2017\\\/05\\\/debate-empresa-familiar.2017-05-11_2.jpg\",\"contentUrl\":\"http:\\\/\\\/raed.academy\\\/wp-content\\\/uploads\\\/2017\\\/05\\\/debate-empresa-familiar.2017-05-11_2.jpg\"},{\"@type\":\"BreadcrumbList\",\"@id\":\"https:\\\/\\\/raed.academy\\\/ca\\\/els-experts-en-empresa-familiar-destaquen-la-necessitat-destablir-un-protocol-de-diagnosi-i-actuacio-abans-que-esclati-la-crisi-del-model\\\/#breadcrumb\",\"itemListElement\":[{\"@type\":\"ListItem\",\"position\":1,\"name\":\"Inicio\",\"item\":\"https:\\\/\\\/raed.academy\\\/ca\\\/\"},{\"@type\":\"ListItem\",\"position\":2,\"name\":\"Els experts en empresa familiar destaquen la necessitat d&#8217;establir un protocol de diagnosi i actuaci\u00f3 abans que esclati la crisi del model\"}]},{\"@type\":\"WebSite\",\"@id\":\"https:\\\/\\\/raed.academy\\\/ca\\\/#website\",\"url\":\"https:\\\/\\\/raed.academy\\\/ca\\\/\",\"name\":\"Reial Acad\u00e8mia Europea de Doctors\",\"description\":\"Corporaci\u00f3n de derecho p\u00fablico de car\u00e1cter cient\u00edfico, t\u00e9cnico y art\u00edstico, que tiene por objeto la investigaci\u00f3n, el estudio, el fomento y la extensi\u00f3n del conocimiento en su sentido m\u00e1s amplio\",\"publisher\":{\"@id\":\"https:\\\/\\\/raed.academy\\\/ca\\\/#organization\"},\"potentialAction\":[{\"@type\":\"SearchAction\",\"target\":{\"@type\":\"EntryPoint\",\"urlTemplate\":\"https:\\\/\\\/raed.academy\\\/ca\\\/?s={search_term_string}\"},\"query-input\":{\"@type\":\"PropertyValueSpecification\",\"valueRequired\":true,\"valueName\":\"search_term_string\"}}],\"inLanguage\":\"ca-ES\"},{\"@type\":\"Organization\",\"@id\":\"https:\\\/\\\/raed.academy\\\/ca\\\/#organization\",\"name\":\"Real Academia Europea de Doctores\",\"url\":\"https:\\\/\\\/raed.academy\\\/ca\\\/\",\"logo\":{\"@type\":\"ImageObject\",\"inLanguage\":\"ca-ES\",\"@id\":\"https:\\\/\\\/raed.academy\\\/ca\\\/#\\\/schema\\\/logo\\\/image\\\/\",\"url\":\"https:\\\/\\\/raed.academy\\\/wp-content\\\/uploads\\\/2017\\\/01\\\/cropped-logo_raed.png\",\"contentUrl\":\"https:\\\/\\\/raed.academy\\\/wp-content\\\/uploads\\\/2017\\\/01\\\/cropped-logo_raed.png\",\"width\":512,\"height\":512,\"caption\":\"Real Academia Europea de Doctores\"},\"image\":{\"@id\":\"https:\\\/\\\/raed.academy\\\/ca\\\/#\\\/schema\\\/logo\\\/image\\\/\"},\"sameAs\":[\"http:\\\/\\\/fb.me\\\/raed.academy\",\"https:\\\/\\\/x.com\\\/raedacademy\",\"https:\\\/\\\/www.instagram.com\\\/raed.academy\\\/\",\"https:\\\/\\\/www.youtube.com\\\/channel\\\/UCUYQwW2KrdirNWihxMDObwg\"]},{\"@type\":\"Person\",\"@id\":\"https:\\\/\\\/raed.academy\\\/ca\\\/#\\\/schema\\\/person\\\/5a755da80d1d979fd66ba745c8702927\",\"name\":\"RAED\",\"image\":{\"@type\":\"ImageObject\",\"inLanguage\":\"ca-ES\",\"@id\":\"https:\\\/\\\/secure.gravatar.com\\\/avatar\\\/19fdfdc0d67fb9c45714b703a2ac82251c4fcea3637f002ac3c9b74c0183583c?s=96&d=mm&r=g\",\"url\":\"https:\\\/\\\/secure.gravatar.com\\\/avatar\\\/19fdfdc0d67fb9c45714b703a2ac82251c4fcea3637f002ac3c9b74c0183583c?s=96&d=mm&r=g\",\"contentUrl\":\"https:\\\/\\\/secure.gravatar.com\\\/avatar\\\/19fdfdc0d67fb9c45714b703a2ac82251c4fcea3637f002ac3c9b74c0183583c?s=96&d=mm&r=g\",\"caption\":\"RAED\"}}]}<\/script>\n<!-- \/ Yoast SEO plugin. -->","yoast_head_json":{"title":"Els experts en empresa familiar destaquen la necessitat d'establir un protocol de diagnosi i actuaci\u00f3 abans que esclati la crisi del model - Reial Acad\u00e8mia Europea de Doctors","robots":{"index":"index","follow":"follow","max-snippet":"max-snippet:-1","max-image-preview":"max-image-preview:large","max-video-preview":"max-video-preview:-1"},"canonical":"https:\/\/raed.academy\/ca\/els-experts-en-empresa-familiar-destaquen-la-necessitat-destablir-un-protocol-de-diagnosi-i-actuacio-abans-que-esclati-la-crisi-del-model\/","og_locale":"ca_ES","og_type":"article","og_title":"Els experts en empresa familiar destaquen la necessitat d'establir un protocol de diagnosi i actuaci\u00f3 abans que esclati la crisi del model - Reial Acad\u00e8mia Europea de Doctors","og_description":"Els experts en empresa familiar reunits per la Reial Acad\u00e8mia Europea de Doctors-Barcelona 1914 (RAED) i IESE el passat 11 de maig a Barcelona per tractar la &#8220;Millora de la viabilitat de les empreses familiars&#8221; van coincidir a destacar la necessitat d&#8217;aquestes societats de comptar amb una diagnosi i un protocol d&#8217;actuaci\u00f3 anticipada per resoldre [&hellip;]","og_url":"https:\/\/raed.academy\/ca\/els-experts-en-empresa-familiar-destaquen-la-necessitat-destablir-un-protocol-de-diagnosi-i-actuacio-abans-que-esclati-la-crisi-del-model\/","og_site_name":"Reial Acad\u00e8mia Europea de Doctors","article_publisher":"http:\/\/fb.me\/raed.academy","article_published_time":"2017-05-12T04:35:09+00:00","article_modified_time":"2017-05-17T13:50:42+00:00","og_image":[{"url":"http:\/\/raed.academy\/wp-content\/uploads\/2017\/05\/debate-empresa-familiar.2017-05-11_2.jpg","type":"","width":"","height":""}],"author":"RAED","twitter_card":"summary_large_image","twitter_creator":"@raedacademy","twitter_site":"@raedacademy","twitter_misc":{"Written by":"RAED","Est. reading time":"2 minutes"},"schema":{"@context":"https:\/\/schema.org","@graph":[{"@type":"Article","@id":"https:\/\/raed.academy\/ca\/els-experts-en-empresa-familiar-destaquen-la-necessitat-destablir-un-protocol-de-diagnosi-i-actuacio-abans-que-esclati-la-crisi-del-model\/#article","isPartOf":{"@id":"https:\/\/raed.academy\/ca\/els-experts-en-empresa-familiar-destaquen-la-necessitat-destablir-un-protocol-de-diagnosi-i-actuacio-abans-que-esclati-la-crisi-del-model\/"},"author":{"name":"RAED","@id":"https:\/\/raed.academy\/ca\/#\/schema\/person\/5a755da80d1d979fd66ba745c8702927"},"headline":"Els experts en empresa familiar destaquen la necessitat d&#8217;establir un protocol de diagnosi i actuaci\u00f3 abans que esclati la crisi del model","datePublished":"2017-05-12T04:35:09+00:00","dateModified":"2017-05-17T13:50:42+00:00","mainEntityOfPage":{"@id":"https:\/\/raed.academy\/ca\/els-experts-en-empresa-familiar-destaquen-la-necessitat-destablir-un-protocol-de-diagnosi-i-actuacio-abans-que-esclati-la-crisi-del-model\/"},"wordCount":402,"publisher":{"@id":"https:\/\/raed.academy\/ca\/#organization"},"image":{"@id":"https:\/\/raed.academy\/ca\/els-experts-en-empresa-familiar-destaquen-la-necessitat-destablir-un-protocol-de-diagnosi-i-actuacio-abans-que-esclati-la-crisi-del-model\/#primaryimage"},"thumbnailUrl":"http:\/\/raed.academy\/wp-content\/uploads\/2017\/05\/debate-empresa-familiar.2017-05-11_2.jpg","articleSection":["Uncategorized @ca"],"inLanguage":"ca-ES"},{"@type":"WebPage","@id":"https:\/\/raed.academy\/ca\/els-experts-en-empresa-familiar-destaquen-la-necessitat-destablir-un-protocol-de-diagnosi-i-actuacio-abans-que-esclati-la-crisi-del-model\/","url":"https:\/\/raed.academy\/ca\/els-experts-en-empresa-familiar-destaquen-la-necessitat-destablir-un-protocol-de-diagnosi-i-actuacio-abans-que-esclati-la-crisi-del-model\/","name":"Els experts en empresa familiar destaquen la necessitat d'establir un protocol de diagnosi i actuaci\u00f3 abans que esclati la crisi del model - Reial Acad\u00e8mia Europea de Doctors","isPartOf":{"@id":"https:\/\/raed.academy\/ca\/#website"},"primaryImageOfPage":{"@id":"https:\/\/raed.academy\/ca\/els-experts-en-empresa-familiar-destaquen-la-necessitat-destablir-un-protocol-de-diagnosi-i-actuacio-abans-que-esclati-la-crisi-del-model\/#primaryimage"},"image":{"@id":"https:\/\/raed.academy\/ca\/els-experts-en-empresa-familiar-destaquen-la-necessitat-destablir-un-protocol-de-diagnosi-i-actuacio-abans-que-esclati-la-crisi-del-model\/#primaryimage"},"thumbnailUrl":"http:\/\/raed.academy\/wp-content\/uploads\/2017\/05\/debate-empresa-familiar.2017-05-11_2.jpg","datePublished":"2017-05-12T04:35:09+00:00","dateModified":"2017-05-17T13:50:42+00:00","breadcrumb":{"@id":"https:\/\/raed.academy\/ca\/els-experts-en-empresa-familiar-destaquen-la-necessitat-destablir-un-protocol-de-diagnosi-i-actuacio-abans-que-esclati-la-crisi-del-model\/#breadcrumb"},"inLanguage":"ca-ES","potentialAction":[{"@type":"ReadAction","target":["https:\/\/raed.academy\/ca\/els-experts-en-empresa-familiar-destaquen-la-necessitat-destablir-un-protocol-de-diagnosi-i-actuacio-abans-que-esclati-la-crisi-del-model\/"]}]},{"@type":"ImageObject","inLanguage":"ca-ES","@id":"https:\/\/raed.academy\/ca\/els-experts-en-empresa-familiar-destaquen-la-necessitat-destablir-un-protocol-de-diagnosi-i-actuacio-abans-que-esclati-la-crisi-del-model\/#primaryimage","url":"http:\/\/raed.academy\/wp-content\/uploads\/2017\/05\/debate-empresa-familiar.2017-05-11_2.jpg","contentUrl":"http:\/\/raed.academy\/wp-content\/uploads\/2017\/05\/debate-empresa-familiar.2017-05-11_2.jpg"},{"@type":"BreadcrumbList","@id":"https:\/\/raed.academy\/ca\/els-experts-en-empresa-familiar-destaquen-la-necessitat-destablir-un-protocol-de-diagnosi-i-actuacio-abans-que-esclati-la-crisi-del-model\/#breadcrumb","itemListElement":[{"@type":"ListItem","position":1,"name":"Inicio","item":"https:\/\/raed.academy\/ca\/"},{"@type":"ListItem","position":2,"name":"Els experts en empresa familiar destaquen la necessitat d&#8217;establir un protocol de diagnosi i actuaci\u00f3 abans que esclati la crisi del model"}]},{"@type":"WebSite","@id":"https:\/\/raed.academy\/ca\/#website","url":"https:\/\/raed.academy\/ca\/","name":"Reial Acad\u00e8mia Europea de Doctors","description":"Corporaci\u00f3n de derecho p\u00fablico de car\u00e1cter cient\u00edfico, t\u00e9cnico y art\u00edstico, que tiene por objeto la investigaci\u00f3n, el estudio, el fomento y la extensi\u00f3n del conocimiento en su sentido m\u00e1s amplio","publisher":{"@id":"https:\/\/raed.academy\/ca\/#organization"},"potentialAction":[{"@type":"SearchAction","target":{"@type":"EntryPoint","urlTemplate":"https:\/\/raed.academy\/ca\/?s={search_term_string}"},"query-input":{"@type":"PropertyValueSpecification","valueRequired":true,"valueName":"search_term_string"}}],"inLanguage":"ca-ES"},{"@type":"Organization","@id":"https:\/\/raed.academy\/ca\/#organization","name":"Real Academia Europea de Doctores","url":"https:\/\/raed.academy\/ca\/","logo":{"@type":"ImageObject","inLanguage":"ca-ES","@id":"https:\/\/raed.academy\/ca\/#\/schema\/logo\/image\/","url":"https:\/\/raed.academy\/wp-content\/uploads\/2017\/01\/cropped-logo_raed.png","contentUrl":"https:\/\/raed.academy\/wp-content\/uploads\/2017\/01\/cropped-logo_raed.png","width":512,"height":512,"caption":"Real Academia Europea de Doctores"},"image":{"@id":"https:\/\/raed.academy\/ca\/#\/schema\/logo\/image\/"},"sameAs":["http:\/\/fb.me\/raed.academy","https:\/\/x.com\/raedacademy","https:\/\/www.instagram.com\/raed.academy\/","https:\/\/www.youtube.com\/channel\/UCUYQwW2KrdirNWihxMDObwg"]},{"@type":"Person","@id":"https:\/\/raed.academy\/ca\/#\/schema\/person\/5a755da80d1d979fd66ba745c8702927","name":"RAED","image":{"@type":"ImageObject","inLanguage":"ca-ES","@id":"https:\/\/secure.gravatar.com\/avatar\/19fdfdc0d67fb9c45714b703a2ac82251c4fcea3637f002ac3c9b74c0183583c?s=96&d=mm&r=g","url":"https:\/\/secure.gravatar.com\/avatar\/19fdfdc0d67fb9c45714b703a2ac82251c4fcea3637f002ac3c9b74c0183583c?s=96&d=mm&r=g","contentUrl":"https:\/\/secure.gravatar.com\/avatar\/19fdfdc0d67fb9c45714b703a2ac82251c4fcea3637f002ac3c9b74c0183583c?s=96&d=mm&r=g","caption":"RAED"}}]}},"_links":{"self":[{"href":"https:\/\/raed.academy\/ca\/wp-json\/wp\/v2\/posts\/27852","targetHints":{"allow":["GET"]}}],"collection":[{"href":"https:\/\/raed.academy\/ca\/wp-json\/wp\/v2\/posts"}],"about":[{"href":"https:\/\/raed.academy\/ca\/wp-json\/wp\/v2\/types\/post"}],"author":[{"embeddable":true,"href":"https:\/\/raed.academy\/ca\/wp-json\/wp\/v2\/users\/12"}],"replies":[{"embeddable":true,"href":"https:\/\/raed.academy\/ca\/wp-json\/wp\/v2\/comments?post=27852"}],"version-history":[{"count":0,"href":"https:\/\/raed.academy\/ca\/wp-json\/wp\/v2\/posts\/27852\/revisions"}],"wp:attachment":[{"href":"https:\/\/raed.academy\/ca\/wp-json\/wp\/v2\/media?parent=27852"}],"wp:term":[{"taxonomy":"category","embeddable":true,"href":"https:\/\/raed.academy\/ca\/wp-json\/wp\/v2\/categories?post=27852"},{"taxonomy":"post_tag","embeddable":true,"href":"https:\/\/raed.academy\/ca\/wp-json\/wp\/v2\/tags?post=27852"}],"curies":[{"name":"wp","href":"https:\/\/api.w.org\/{rel}","templated":true}]}}