{"id":20601,"date":"2017-01-07T10:26:20","date_gmt":"2017-01-07T10:26:20","guid":{"rendered":"http:\/\/raed.academy\/?p=20601"},"modified":"2017-01-11T12:35:46","modified_gmt":"2017-01-11T12:35:46","slug":"la-reial-academia-europea-de-doctors-vol-obrir-el-seu-senat-a-la-societat-civil","status":"publish","type":"post","link":"https:\/\/raed.academy\/ca\/la-reial-academia-europea-de-doctors-vol-obrir-el-seu-senat-a-la-societat-civil\/","title":{"rendered":"La Reial Acad\u00e8mia Europea de Doctors vol obrir el seu Senat a la societat civil"},"content":{"rendered":"<h3><span id=\"result_box\" class=\"\" lang=\"ca\"><span title=\"Hacer del Senado un \u00f3rgano consultivo y de control abierto a la participaci\u00f3n de destacados miembros de la comunidad cient\u00edfica y la sociedad civil hasta ahora ajenos a la Academia.\">Fer del Senat un \u00f2rgan consultiu i de control obert a la participaci\u00f3 de destacats membres de la comunitat cient\u00edfica i la societat civil fins ara aliens a l&#8217;Acad\u00e8mia. <\/span><span title=\"Esa ser\u00e1 una de las propuestas que la Junta de Gobierno de la Real Academia Europea de Doctores-Barcelona 1914 (RAED) propondr\u00e1 en la Junta General Extraordinaria convocada del pr\u00f3ximo 17 de enero con el objeto de potenciar la actividad acad\u00e9mica y hacerla m\u00e1s accesible a la\">Aquesta ser\u00e0 una de les propostes que la Junta de Govern de la <strong>Reial Acad\u00e8mia Europea de Doctors-Barcelona 1914<\/strong> (RAED) proposar\u00e0 a la Junta General Extraordin\u00e0ria del proper 17 de gener amb l&#8217;objecte de potenciar l&#8217;activitat acad\u00e8mica i fer-la m\u00e9s accessible a la <\/span><span title=\"sociedad, siguiendo su mandato principal. \">societat, seguint el seu mandat principal.<\/span><\/span><\/h3>\n<h3><span id=\"result_box\" class=\"\" lang=\"ca\"><span class=\"\">La reforma<\/span> de la composici\u00f3 del Senat, que seguir\u00e0 sent un \u00f2rgan consultiu de la Junta de Govern no vinculant, permetr\u00e0 que puguin formar part d&#8217;ell persones interessades en difondre i potenciar l&#8217;activitat cient\u00edtica de la RAED.<\/span><\/h3>\n<h3><span id=\"result_box\" class=\"\" lang=\"ca\">D&#8217;altra banda, la Reial Acad\u00e8mia tamb\u00e9 pret\u00e9n obrir les portes a doctors europeus o vinculats al Vell Continent que no siguin ciutadans de la Uni\u00f3 Europea. Segons la reforma parcial proposta dels Estatuts, la RAED podr\u00e0 acollir al seu si &#8220;els ciutadans de qualsevol pa\u00eds europeu que estiguin en possessi\u00f3 del t\u00edtol de doctor expedit per una universitat de reconegut prestigi, a criteri de la RAED i que estiguin disposats a contribuir desinteressadament al progr\u00e9s de la humanitat, l&#8217;avan\u00e7 del pensament de la ra\u00f3 i la qualitat de la ci\u00e8ncia, de la filosofia, de la t\u00e8cnica o l&#8217;art&#8221;.<\/span><span id=\"result_box\" class=\"\" lang=\"ca\"><\/span><\/h3>\n","protected":false},"excerpt":{"rendered":"<p>Fer del Senat un \u00f2rgan consultiu i de control obert a la participaci\u00f3 de destacats membres de la comunitat cient\u00edfica i la societat civil fins ara aliens a l&#8217;Acad\u00e8mia. Aquesta ser\u00e0 una de les propostes que la Junta de Govern de la Reial Acad\u00e8mia Europea de Doctors-Barcelona 1914 (RAED) proposar\u00e0 a la Junta General Extraordin\u00e0ria [&hellip;]<\/p>\n","protected":false},"author":12,"featured_media":0,"comment_status":"closed","ping_status":"closed","sticky":false,"template":"","format":"standard","meta":{"_et_pb_use_builder":"","_et_pb_old_content":"","_et_gb_content_width":"","footnotes":""},"categories":[72],"tags":[],"class_list":["post-20601","post","type-post","status-publish","format-standard","hentry","category-uncategorized-ca","et-doesnt-have-format-content","et_post_format-et-post-format-standard"],"yoast_head":"<!-- This site is optimized with the Yoast SEO plugin v27.4 - https:\/\/yoast.com\/product\/yoast-seo-wordpress\/ -->\n<title>La Reial Acad\u00e8mia Europea de Doctors vol obrir el seu Senat a la societat civil - Reial Acad\u00e8mia Europea de Doctors<\/title>\n<meta name=\"robots\" content=\"index, follow, max-snippet:-1, max-image-preview:large, max-video-preview:-1\" \/>\n<link rel=\"canonical\" href=\"https:\/\/raed.academy\/ca\/la-reial-academia-europea-de-doctors-vol-obrir-el-seu-senat-a-la-societat-civil\/\" \/>\n<meta property=\"og:locale\" content=\"ca_ES\" \/>\n<meta property=\"og:type\" content=\"article\" \/>\n<meta property=\"og:title\" content=\"La Reial Acad\u00e8mia Europea de Doctors vol obrir el seu Senat a la societat civil - Reial Acad\u00e8mia Europea de Doctors\" \/>\n<meta property=\"og:description\" content=\"Fer del Senat un \u00f2rgan consultiu i de control obert a la participaci\u00f3 de destacats membres de la comunitat cient\u00edfica i la societat civil fins ara aliens a l&#8217;Acad\u00e8mia. Aquesta ser\u00e0 una de les propostes que la Junta de Govern de la Reial Acad\u00e8mia Europea de Doctors-Barcelona 1914 (RAED) proposar\u00e0 a la Junta General Extraordin\u00e0ria [&hellip;]\" \/>\n<meta property=\"og:url\" content=\"https:\/\/raed.academy\/ca\/la-reial-academia-europea-de-doctors-vol-obrir-el-seu-senat-a-la-societat-civil\/\" \/>\n<meta property=\"og:site_name\" content=\"Reial Acad\u00e8mia Europea de Doctors\" \/>\n<meta property=\"article:publisher\" content=\"http:\/\/fb.me\/raed.academy\" \/>\n<meta property=\"article:published_time\" content=\"2017-01-07T10:26:20+00:00\" \/>\n<meta property=\"article:modified_time\" content=\"2017-01-11T12:35:46+00:00\" \/>\n<meta name=\"author\" content=\"RAED\" \/>\n<meta name=\"twitter:card\" content=\"summary_large_image\" \/>\n<meta name=\"twitter:creator\" content=\"@raedacademy\" \/>\n<meta name=\"twitter:site\" content=\"@raedacademy\" \/>\n<meta name=\"twitter:label1\" content=\"Written by\" \/>\n\t<meta name=\"twitter:data1\" content=\"RAED\" \/>\n\t<meta name=\"twitter:label2\" content=\"Est. reading time\" \/>\n\t<meta name=\"twitter:data2\" content=\"1 minute\" \/>\n<script type=\"application\/ld+json\" class=\"yoast-schema-graph\">{\"@context\":\"https:\\\/\\\/schema.org\",\"@graph\":[{\"@type\":\"Article\",\"@id\":\"https:\\\/\\\/raed.academy\\\/ca\\\/la-reial-academia-europea-de-doctors-vol-obrir-el-seu-senat-a-la-societat-civil\\\/#article\",\"isPartOf\":{\"@id\":\"https:\\\/\\\/raed.academy\\\/ca\\\/la-reial-academia-europea-de-doctors-vol-obrir-el-seu-senat-a-la-societat-civil\\\/\"},\"author\":{\"name\":\"RAED\",\"@id\":\"https:\\\/\\\/raed.academy\\\/ca\\\/#\\\/schema\\\/person\\\/5a755da80d1d979fd66ba745c8702927\"},\"headline\":\"La Reial Acad\u00e8mia Europea de Doctors vol obrir el seu Senat a la societat civil\",\"datePublished\":\"2017-01-07T10:26:20+00:00\",\"dateModified\":\"2017-01-11T12:35:46+00:00\",\"mainEntityOfPage\":{\"@id\":\"https:\\\/\\\/raed.academy\\\/ca\\\/la-reial-academia-europea-de-doctors-vol-obrir-el-seu-senat-a-la-societat-civil\\\/\"},\"wordCount\":249,\"publisher\":{\"@id\":\"https:\\\/\\\/raed.academy\\\/ca\\\/#organization\"},\"articleSection\":[\"Uncategorized @ca\"],\"inLanguage\":\"ca-ES\"},{\"@type\":\"WebPage\",\"@id\":\"https:\\\/\\\/raed.academy\\\/ca\\\/la-reial-academia-europea-de-doctors-vol-obrir-el-seu-senat-a-la-societat-civil\\\/\",\"url\":\"https:\\\/\\\/raed.academy\\\/ca\\\/la-reial-academia-europea-de-doctors-vol-obrir-el-seu-senat-a-la-societat-civil\\\/\",\"name\":\"La Reial Acad\u00e8mia Europea de Doctors vol obrir el seu Senat a la societat civil - Reial Acad\u00e8mia Europea de Doctors\",\"isPartOf\":{\"@id\":\"https:\\\/\\\/raed.academy\\\/ca\\\/#website\"},\"datePublished\":\"2017-01-07T10:26:20+00:00\",\"dateModified\":\"2017-01-11T12:35:46+00:00\",\"breadcrumb\":{\"@id\":\"https:\\\/\\\/raed.academy\\\/ca\\\/la-reial-academia-europea-de-doctors-vol-obrir-el-seu-senat-a-la-societat-civil\\\/#breadcrumb\"},\"inLanguage\":\"ca-ES\",\"potentialAction\":[{\"@type\":\"ReadAction\",\"target\":[\"https:\\\/\\\/raed.academy\\\/ca\\\/la-reial-academia-europea-de-doctors-vol-obrir-el-seu-senat-a-la-societat-civil\\\/\"]}]},{\"@type\":\"BreadcrumbList\",\"@id\":\"https:\\\/\\\/raed.academy\\\/ca\\\/la-reial-academia-europea-de-doctors-vol-obrir-el-seu-senat-a-la-societat-civil\\\/#breadcrumb\",\"itemListElement\":[{\"@type\":\"ListItem\",\"position\":1,\"name\":\"Inicio\",\"item\":\"https:\\\/\\\/raed.academy\\\/ca\\\/\"},{\"@type\":\"ListItem\",\"position\":2,\"name\":\"La Reial Acad\u00e8mia Europea de Doctors vol obrir el seu Senat a la societat civil\"}]},{\"@type\":\"WebSite\",\"@id\":\"https:\\\/\\\/raed.academy\\\/ca\\\/#website\",\"url\":\"https:\\\/\\\/raed.academy\\\/ca\\\/\",\"name\":\"Reial Acad\u00e8mia Europea de Doctors\",\"description\":\"Corporaci\u00f3n de derecho p\u00fablico de car\u00e1cter cient\u00edfico, t\u00e9cnico y art\u00edstico, que tiene por objeto la investigaci\u00f3n, el estudio, el fomento y la extensi\u00f3n del conocimiento en su sentido m\u00e1s amplio\",\"publisher\":{\"@id\":\"https:\\\/\\\/raed.academy\\\/ca\\\/#organization\"},\"potentialAction\":[{\"@type\":\"SearchAction\",\"target\":{\"@type\":\"EntryPoint\",\"urlTemplate\":\"https:\\\/\\\/raed.academy\\\/ca\\\/?s={search_term_string}\"},\"query-input\":{\"@type\":\"PropertyValueSpecification\",\"valueRequired\":true,\"valueName\":\"search_term_string\"}}],\"inLanguage\":\"ca-ES\"},{\"@type\":\"Organization\",\"@id\":\"https:\\\/\\\/raed.academy\\\/ca\\\/#organization\",\"name\":\"Real Academia Europea de Doctores\",\"url\":\"https:\\\/\\\/raed.academy\\\/ca\\\/\",\"logo\":{\"@type\":\"ImageObject\",\"inLanguage\":\"ca-ES\",\"@id\":\"https:\\\/\\\/raed.academy\\\/ca\\\/#\\\/schema\\\/logo\\\/image\\\/\",\"url\":\"https:\\\/\\\/raed.academy\\\/wp-content\\\/uploads\\\/2017\\\/01\\\/cropped-logo_raed.png\",\"contentUrl\":\"https:\\\/\\\/raed.academy\\\/wp-content\\\/uploads\\\/2017\\\/01\\\/cropped-logo_raed.png\",\"width\":512,\"height\":512,\"caption\":\"Real Academia Europea de Doctores\"},\"image\":{\"@id\":\"https:\\\/\\\/raed.academy\\\/ca\\\/#\\\/schema\\\/logo\\\/image\\\/\"},\"sameAs\":[\"http:\\\/\\\/fb.me\\\/raed.academy\",\"https:\\\/\\\/x.com\\\/raedacademy\",\"https:\\\/\\\/www.instagram.com\\\/raed.academy\\\/\",\"https:\\\/\\\/www.youtube.com\\\/channel\\\/UCUYQwW2KrdirNWihxMDObwg\"]},{\"@type\":\"Person\",\"@id\":\"https:\\\/\\\/raed.academy\\\/ca\\\/#\\\/schema\\\/person\\\/5a755da80d1d979fd66ba745c8702927\",\"name\":\"RAED\",\"image\":{\"@type\":\"ImageObject\",\"inLanguage\":\"ca-ES\",\"@id\":\"https:\\\/\\\/secure.gravatar.com\\\/avatar\\\/19fdfdc0d67fb9c45714b703a2ac82251c4fcea3637f002ac3c9b74c0183583c?s=96&d=mm&r=g\",\"url\":\"https:\\\/\\\/secure.gravatar.com\\\/avatar\\\/19fdfdc0d67fb9c45714b703a2ac82251c4fcea3637f002ac3c9b74c0183583c?s=96&d=mm&r=g\",\"contentUrl\":\"https:\\\/\\\/secure.gravatar.com\\\/avatar\\\/19fdfdc0d67fb9c45714b703a2ac82251c4fcea3637f002ac3c9b74c0183583c?s=96&d=mm&r=g\",\"caption\":\"RAED\"}}]}<\/script>\n<!-- \/ Yoast SEO plugin. -->","yoast_head_json":{"title":"La Reial Acad\u00e8mia Europea de Doctors vol obrir el seu Senat a la societat civil - Reial Acad\u00e8mia Europea de Doctors","robots":{"index":"index","follow":"follow","max-snippet":"max-snippet:-1","max-image-preview":"max-image-preview:large","max-video-preview":"max-video-preview:-1"},"canonical":"https:\/\/raed.academy\/ca\/la-reial-academia-europea-de-doctors-vol-obrir-el-seu-senat-a-la-societat-civil\/","og_locale":"ca_ES","og_type":"article","og_title":"La Reial Acad\u00e8mia Europea de Doctors vol obrir el seu Senat a la societat civil - Reial Acad\u00e8mia Europea de Doctors","og_description":"Fer del Senat un \u00f2rgan consultiu i de control obert a la participaci\u00f3 de destacats membres de la comunitat cient\u00edfica i la societat civil fins ara aliens a l&#8217;Acad\u00e8mia. Aquesta ser\u00e0 una de les propostes que la Junta de Govern de la Reial Acad\u00e8mia Europea de Doctors-Barcelona 1914 (RAED) proposar\u00e0 a la Junta General Extraordin\u00e0ria [&hellip;]","og_url":"https:\/\/raed.academy\/ca\/la-reial-academia-europea-de-doctors-vol-obrir-el-seu-senat-a-la-societat-civil\/","og_site_name":"Reial Acad\u00e8mia Europea de Doctors","article_publisher":"http:\/\/fb.me\/raed.academy","article_published_time":"2017-01-07T10:26:20+00:00","article_modified_time":"2017-01-11T12:35:46+00:00","author":"RAED","twitter_card":"summary_large_image","twitter_creator":"@raedacademy","twitter_site":"@raedacademy","twitter_misc":{"Written by":"RAED","Est. reading time":"1 minute"},"schema":{"@context":"https:\/\/schema.org","@graph":[{"@type":"Article","@id":"https:\/\/raed.academy\/ca\/la-reial-academia-europea-de-doctors-vol-obrir-el-seu-senat-a-la-societat-civil\/#article","isPartOf":{"@id":"https:\/\/raed.academy\/ca\/la-reial-academia-europea-de-doctors-vol-obrir-el-seu-senat-a-la-societat-civil\/"},"author":{"name":"RAED","@id":"https:\/\/raed.academy\/ca\/#\/schema\/person\/5a755da80d1d979fd66ba745c8702927"},"headline":"La Reial Acad\u00e8mia Europea de Doctors vol obrir el seu Senat a la societat civil","datePublished":"2017-01-07T10:26:20+00:00","dateModified":"2017-01-11T12:35:46+00:00","mainEntityOfPage":{"@id":"https:\/\/raed.academy\/ca\/la-reial-academia-europea-de-doctors-vol-obrir-el-seu-senat-a-la-societat-civil\/"},"wordCount":249,"publisher":{"@id":"https:\/\/raed.academy\/ca\/#organization"},"articleSection":["Uncategorized @ca"],"inLanguage":"ca-ES"},{"@type":"WebPage","@id":"https:\/\/raed.academy\/ca\/la-reial-academia-europea-de-doctors-vol-obrir-el-seu-senat-a-la-societat-civil\/","url":"https:\/\/raed.academy\/ca\/la-reial-academia-europea-de-doctors-vol-obrir-el-seu-senat-a-la-societat-civil\/","name":"La Reial Acad\u00e8mia Europea de Doctors vol obrir el seu Senat a la societat civil - Reial Acad\u00e8mia Europea de Doctors","isPartOf":{"@id":"https:\/\/raed.academy\/ca\/#website"},"datePublished":"2017-01-07T10:26:20+00:00","dateModified":"2017-01-11T12:35:46+00:00","breadcrumb":{"@id":"https:\/\/raed.academy\/ca\/la-reial-academia-europea-de-doctors-vol-obrir-el-seu-senat-a-la-societat-civil\/#breadcrumb"},"inLanguage":"ca-ES","potentialAction":[{"@type":"ReadAction","target":["https:\/\/raed.academy\/ca\/la-reial-academia-europea-de-doctors-vol-obrir-el-seu-senat-a-la-societat-civil\/"]}]},{"@type":"BreadcrumbList","@id":"https:\/\/raed.academy\/ca\/la-reial-academia-europea-de-doctors-vol-obrir-el-seu-senat-a-la-societat-civil\/#breadcrumb","itemListElement":[{"@type":"ListItem","position":1,"name":"Inicio","item":"https:\/\/raed.academy\/ca\/"},{"@type":"ListItem","position":2,"name":"La Reial Acad\u00e8mia Europea de Doctors vol obrir el seu Senat a la societat civil"}]},{"@type":"WebSite","@id":"https:\/\/raed.academy\/ca\/#website","url":"https:\/\/raed.academy\/ca\/","name":"Reial Acad\u00e8mia Europea de Doctors","description":"Corporaci\u00f3n de derecho p\u00fablico de car\u00e1cter cient\u00edfico, t\u00e9cnico y art\u00edstico, que tiene por objeto la investigaci\u00f3n, el estudio, el fomento y la extensi\u00f3n del conocimiento en su sentido m\u00e1s amplio","publisher":{"@id":"https:\/\/raed.academy\/ca\/#organization"},"potentialAction":[{"@type":"SearchAction","target":{"@type":"EntryPoint","urlTemplate":"https:\/\/raed.academy\/ca\/?s={search_term_string}"},"query-input":{"@type":"PropertyValueSpecification","valueRequired":true,"valueName":"search_term_string"}}],"inLanguage":"ca-ES"},{"@type":"Organization","@id":"https:\/\/raed.academy\/ca\/#organization","name":"Real Academia Europea de Doctores","url":"https:\/\/raed.academy\/ca\/","logo":{"@type":"ImageObject","inLanguage":"ca-ES","@id":"https:\/\/raed.academy\/ca\/#\/schema\/logo\/image\/","url":"https:\/\/raed.academy\/wp-content\/uploads\/2017\/01\/cropped-logo_raed.png","contentUrl":"https:\/\/raed.academy\/wp-content\/uploads\/2017\/01\/cropped-logo_raed.png","width":512,"height":512,"caption":"Real Academia Europea de Doctores"},"image":{"@id":"https:\/\/raed.academy\/ca\/#\/schema\/logo\/image\/"},"sameAs":["http:\/\/fb.me\/raed.academy","https:\/\/x.com\/raedacademy","https:\/\/www.instagram.com\/raed.academy\/","https:\/\/www.youtube.com\/channel\/UCUYQwW2KrdirNWihxMDObwg"]},{"@type":"Person","@id":"https:\/\/raed.academy\/ca\/#\/schema\/person\/5a755da80d1d979fd66ba745c8702927","name":"RAED","image":{"@type":"ImageObject","inLanguage":"ca-ES","@id":"https:\/\/secure.gravatar.com\/avatar\/19fdfdc0d67fb9c45714b703a2ac82251c4fcea3637f002ac3c9b74c0183583c?s=96&d=mm&r=g","url":"https:\/\/secure.gravatar.com\/avatar\/19fdfdc0d67fb9c45714b703a2ac82251c4fcea3637f002ac3c9b74c0183583c?s=96&d=mm&r=g","contentUrl":"https:\/\/secure.gravatar.com\/avatar\/19fdfdc0d67fb9c45714b703a2ac82251c4fcea3637f002ac3c9b74c0183583c?s=96&d=mm&r=g","caption":"RAED"}}]}},"_links":{"self":[{"href":"https:\/\/raed.academy\/ca\/wp-json\/wp\/v2\/posts\/20601","targetHints":{"allow":["GET"]}}],"collection":[{"href":"https:\/\/raed.academy\/ca\/wp-json\/wp\/v2\/posts"}],"about":[{"href":"https:\/\/raed.academy\/ca\/wp-json\/wp\/v2\/types\/post"}],"author":[{"embeddable":true,"href":"https:\/\/raed.academy\/ca\/wp-json\/wp\/v2\/users\/12"}],"replies":[{"embeddable":true,"href":"https:\/\/raed.academy\/ca\/wp-json\/wp\/v2\/comments?post=20601"}],"version-history":[{"count":0,"href":"https:\/\/raed.academy\/ca\/wp-json\/wp\/v2\/posts\/20601\/revisions"}],"wp:attachment":[{"href":"https:\/\/raed.academy\/ca\/wp-json\/wp\/v2\/media?parent=20601"}],"wp:term":[{"taxonomy":"category","embeddable":true,"href":"https:\/\/raed.academy\/ca\/wp-json\/wp\/v2\/categories?post=20601"},{"taxonomy":"post_tag","embeddable":true,"href":"https:\/\/raed.academy\/ca\/wp-json\/wp\/v2\/tags?post=20601"}],"curies":[{"name":"wp","href":"https:\/\/api.w.org\/{rel}","templated":true}]}}