{"id":188935,"date":"2026-09-02T09:23:23","date_gmt":"2026-09-02T09:23:23","guid":{"rendered":"https:\/\/raed.academy\/?p=188935"},"modified":"2026-09-02T09:23:23","modified_gmt":"2026-09-02T09:23:23","slug":"leclipsi-albirat-amb-ulls-dastronom","status":"publish","type":"post","link":"https:\/\/raed.academy\/ca\/leclipsi-albirat-amb-ulls-dastronom\/","title":{"rendered":"L&#8217;eclipsi, albirat amb ulls d&#8217;astr\u00f2nom"},"content":{"rendered":"<p><img loading=\"lazy\" decoding=\"async\" class=\"aligncenter size-full wp-image-188252\" src=\"https:\/\/raed.academy\/wp-content\/uploads\/2026\/07\/luna-eclipse-lunar-pixabay.com-no-attr-2.91.webp\" alt=\"\" width=\"1600\" height=\"550\" srcset=\"https:\/\/raed.academy\/wp-content\/uploads\/2026\/07\/luna-eclipse-lunar-pixabay.com-no-attr-2.91.webp 1600w, https:\/\/raed.academy\/wp-content\/uploads\/2026\/07\/luna-eclipse-lunar-pixabay.com-no-attr-2.91-768x264.webp 768w, https:\/\/raed.academy\/wp-content\/uploads\/2026\/07\/luna-eclipse-lunar-pixabay.com-no-attr-2.91-1536x528.webp 1536w, https:\/\/raed.academy\/wp-content\/uploads\/2026\/07\/luna-eclipse-lunar-pixabay.com-no-attr-2.91-1080x371.webp 1080w\" sizes=\"(max-width: 1600px) 100vw, 1600px\" \/><\/p>\n<p>La <strong>Real Acad\u00e8mia Europea de Doctors<\/strong> i la <strong>Fundaci\u00f3 Pro Real Acad\u00e8mia Europea de Doctors<\/strong> van celebrar, entre els passats 11 i 13 d&#8217;agost juntament amb l&#8217;<strong>Acad\u00e8mia de Ci\u00e8ncies, Enginyeries i Humanitats de Lanzarote<\/strong>, la <strong>Reuni\u00f3 Acad\u00e8mica Eclipsi 2026<\/strong> al municipi burgal\u00e8s d&#8217;Arija. En la cita, acad\u00e8mics d&#8217;ambdues institucions van seguir l&#8217;eclipsi solar complet que es va poder observar el dia 12 en bona part de la Pen\u00ednsula Ib\u00e8rica en el marc d&#8217;unes jornades cient\u00edfiques en qu\u00e8 es van presentar diverses pon\u00e8ncies divulgatives relacionades amb l&#8217;astronomia i es van realitzar diverses observacions des d&#8217;un lloc privilegiat. La trobada va comptar amb el suport de l&#8217;<strong>Ajuntament d&#8217;Arija<\/strong>, a m\u00e9s del patrocini del <strong>Departament de Just\u00edcia i Qualitat Democr\u00e0tica<\/strong> de la <strong>Generalitat de Catalunya<\/strong>, la<strong> Fundaci\u00f3 La Caixa<\/strong> i l&#8217;<strong>Associaci\u00f3 de Fabricants i Distribu\u00efdors-AECOC<\/strong>.<\/p>\n<p>Despr\u00e9s de les paraules de benvinguda del president de la RAED, <a href=\"https:\/\/raed.academy\/academicos\/dr-alfredo-rocafort-nicolau\/\" target=\"_blank\" rel=\"noopener\"><em><strong>Alfredo Rocafort<\/strong><\/em><\/a>, i del president de l&#8217;Acad\u00e8mia de Lanzarote i acad\u00e8mic d&#8217;honor de la RAED, <a href=\"https:\/\/raed.academy\/academicos\/dr-francisco-gonzalez-de-posada\/\" target=\"_blank\" rel=\"noopener\"><em><strong>Francisco Gonz\u00e1lez de Posada<\/strong><\/em><\/a>, la Reuni\u00f3 Acad\u00e8mica va comptar amb una primera jornada en qu\u00e8 l&#8217;alcalde d&#8217;Arija i professor de la <strong>Universitat del Pa\u00eds Basc Josu Aramberri<\/strong> va ingressar com a acad\u00e8mic corresponent de l&#8217;Acad\u00e8mia de Lanzarote amb el discurs <strong>&#8220;Diferents formes de mirar l&#8217;eclipsi&#8221;<\/strong>. Una pon\u00e8ncia a la qual es van sumar <strong>&#8220;\u00c8tica i investigaci\u00f3 c\u00f2smica&#8221;<\/strong>, de <strong>Juan Jes\u00fas Gonz\u00e1lez Torres<\/strong>, tamb\u00e9 membre de l&#8217;Acad\u00e8mia de Lanzarote; <strong>&#8220;Els eclipsis artificials i altres formes d&#8217;observar el sol&#8221;<\/strong>, d&#8217;<strong>Abelardo Bethencourt<\/strong>, catedr\u00e0tic em\u00e8rit de la <strong>Universitat Polit\u00e8cnica de Madrid<\/strong> i tamb\u00e9 acad\u00e8mic, i <strong>&#8220;L&#8217;univers segons la cosmologia actual&#8221;<\/strong>, del mateix Gonz\u00e1lez de Posada. Per la seva banda, l&#8217;Ajuntament d&#8217;Arija va acollir l&#8217;exposici\u00f3 <strong>&#8220;Esperant l&#8217;Eclipsi de 2026 a Arija. Albert Einstein a Espanya, 1923&#8221;<\/strong>.<\/p>\n<p>Ja el 12 d&#8217;agost, les sessions van comptar amb les exposicions <strong>&#8220;Contemplaci\u00f3 de les Ll\u00e0grimes de Sant Lloren\u00e7&#8221;<\/strong>, d&#8217;<strong>Enrique de Ferra Fant\u00edn<\/strong>, astr\u00f2nom i membre de l&#8217;Acad\u00e8mia de Lanzarote; <strong>&#8220;Albirament de l&#8217;eclipsi&#8221;<\/strong>, de <strong>Juan Vicente P\u00e9rez Ortiz<\/strong>, president del <strong>Cercle Astron\u00f2mic Mediterrani<\/strong> i tamb\u00e9 acad\u00e8mic; <strong>&#8220;Models num\u00e8rics i contaminaci\u00f3 lum\u00ednica&#8221;<\/strong>, discurs amb qu\u00e8 <strong>Federico Pastor<\/strong>, president de l&#8217;<strong>Agrupaci\u00f3 Astron\u00f2mica d&#8217;Alacant<\/strong> va ingressar a l&#8217;Acad\u00e8mia can\u00e0ria; <strong>&#8220;El gran misteri de la corona solar&#8221;<\/strong>, de <strong>Pablo de Ferra<\/strong>, i <strong>&#8220;Astronomia i filosofia a l&#8217;Antiguitat Cl\u00e0ssica. Una relaci\u00f3 complicada&#8221;<\/strong>, discurs tamb\u00e9 d&#8217;ingr\u00e9s d&#8217;<strong>Alfonso Hernando Gonz\u00e1lez<\/strong> a l&#8217;Acad\u00e8mia de Lanzarote. Posteriorment, els assistents es van despla\u00e7ar al Monte Gurug\u00fa d&#8217;Arija per a l&#8217;albirament de l&#8217;eclipsi i, ja entrada la nit, a les platges de Vilga per a la visi\u00f3 de les Perseides.<\/p>\n<p>En l&#8217;\u00faltima jornada es van presentar els treballs <strong>&#8220;La ci\u00e8ncia espanyola davant Einstein i la Relativitat&#8221;<\/strong>, de <strong>Francisco Gonz\u00e1lez Redondo<\/strong>, membre de l&#8217;Acad\u00e8mia de Lanzarote i col\u00b7laborador habitual de la RAED; <strong>&#8220;L&#8217;eclipsi que va fer fam\u00f3s Einstein&#8221;<\/strong>, d&#8217;<strong>Albino Arenas<\/strong>, tamb\u00e9 membre de l&#8217;Acad\u00e8mia can\u00e0ria; <strong>&#8220;D&#8217;Apol\u00b7lo a Artemisa: la humanitat torna a la lluna&#8221;<\/strong>, de <strong>Jes\u00fas Mart\u00ednez Fr\u00edas<\/strong>, membre de l&#8217;Acad\u00e8mia can\u00e0ria, i <strong>&#8220;Qualitat ambiental i salut global&#8221;<\/strong>, de <a href=\"https:\/\/raed.academy\/academicos\/dra-maria-dels-angels-calvo-torras\/\" target=\"_blank\" rel=\"noopener\"><em><strong>Maria \u00c0ngels Calvo<\/strong><\/em><\/a>, vicepresidenta de la Real Acad\u00e8mia Europea de Doctors i acad\u00e8mica de l&#8217;Acad\u00e8mia de Lanzarote. Els actes es van cloure amb la cerim\u00f2nia d&#8217;ingr\u00e9s a la instituci\u00f3 can\u00e0ria de <strong>Ver\u00f3nica Arroyo<\/strong>, que va presentar una confer\u00e8ncia-concert <strong>&#8220;La construcci\u00f3 d&#8217;una escena musical completa des d&#8217;una sola int\u00e8rpret. Simultane\u00eftat entre veu soprano i viol\u00ed en format solista. Cl\u00e0ssica en clau multiinstrumental&#8221;<\/strong>.<\/p>\n","protected":false},"excerpt":{"rendered":"<p>La RAED i la seva Fundaci\u00f3 celebren, entre els passats 11 i 13 d&#8217;agost juntament amb l&#8217;Acad\u00e8mia de Ci\u00e8ncies, Enginyeries i Humanitats de Lanzarote, la Reuni\u00f3 Acad\u00e8mica Eclipse 2026 al municipi burgal\u00e8s d&#8217;Arija.<\/p>\n","protected":false},"author":16,"featured_media":188256,"comment_status":"closed","ping_status":"closed","sticky":false,"template":"","format":"standard","meta":{"_et_pb_use_builder":"","_et_pb_old_content":"","_et_gb_content_width":"","footnotes":""},"categories":[313,492],"tags":[],"class_list":["post-188935","post","type-post","status-publish","format-standard","has-post-thumbnail","hentry","category-cosmologia-ca","category-trobades-cientifiques-i-congressos","et-has-post-format-content","et_post_format-et-post-format-standard"],"yoast_head":"<!-- This site is optimized with the Yoast SEO plugin v28.4 - https:\/\/yoast.com\/product\/yoast-seo-wordpress\/ -->\n<title>L&#039;eclipsi, albirat amb ulls d&#039;astr\u00f2nom - Reial Acad\u00e8mia Europea de Doctors<\/title>\n<meta name=\"description\" content=\"La RAED i la seva Fundaci\u00f3 celebren, juntament amb l&#039;ACIHL, la Reuni\u00f3 Acad\u00e8mica Eclipse 2026 al municipi burgal\u00e8s d&#039;Arija\" \/>\n<meta name=\"robots\" content=\"index, follow, max-snippet:-1, max-image-preview:large, max-video-preview:-1\" \/>\n<link rel=\"canonical\" href=\"https:\/\/raed.academy\/ca\/leclipsi-albirat-amb-ulls-dastronom\/\" \/>\n<meta property=\"og:locale\" content=\"ca_ES\" \/>\n<meta property=\"og:type\" content=\"article\" \/>\n<meta property=\"og:title\" content=\"L&#039;eclipsi, albirat amb ulls d&#039;astr\u00f2nom - Reial Acad\u00e8mia Europea de Doctors\" \/>\n<meta property=\"og:description\" content=\"La RAED i la seva Fundaci\u00f3 celebren, juntament amb l&#039;ACIHL, la Reuni\u00f3 Acad\u00e8mica Eclipse 2026 al municipi burgal\u00e8s d&#039;Arija\" \/>\n<meta property=\"og:url\" content=\"https:\/\/raed.academy\/ca\/leclipsi-albirat-amb-ulls-dastronom\/\" \/>\n<meta property=\"og:site_name\" content=\"Reial Acad\u00e8mia Europea de Doctors\" \/>\n<meta property=\"article:publisher\" content=\"http:\/\/fb.me\/raed.academy\" \/>\n<meta property=\"article:published_time\" content=\"2026-09-02T09:23:23+00:00\" \/>\n<meta property=\"og:image\" content=\"https:\/\/raed.academy\/wp-content\/uploads\/2026\/07\/luna-eclipse-lunar-pixabay.com-no-attr-1.67.webp\" \/>\n\t<meta property=\"og:image:width\" content=\"800\" \/>\n\t<meta property=\"og:image:height\" content=\"480\" \/>\n\t<meta property=\"og:image:type\" content=\"image\/webp\" \/>\n<meta name=\"author\" content=\"Javier Rodr\u00edguez Sicilia\" \/>\n<meta name=\"twitter:card\" content=\"summary_large_image\" \/>\n<meta name=\"twitter:creator\" content=\"@raedacademy\" \/>\n<meta name=\"twitter:site\" content=\"@raedacademy\" \/>\n<meta name=\"twitter:label1\" content=\"Written by\" \/>\n\t<meta name=\"twitter:data1\" content=\"Javier Rodr\u00edguez Sicilia\" \/>\n\t<meta name=\"twitter:label2\" content=\"Est. reading time\" \/>\n\t<meta name=\"twitter:data2\" content=\"3 minutes\" \/>\n<script type=\"application\/ld+json\" class=\"yoast-schema-graph\">{\"@context\":\"https:\\\/\\\/schema.org\",\"@graph\":[{\"@type\":\"Article\",\"@id\":\"https:\\\/\\\/raed.academy\\\/ca\\\/leclipsi-albirat-amb-ulls-dastronom\\\/#article\",\"isPartOf\":{\"@id\":\"https:\\\/\\\/raed.academy\\\/ca\\\/leclipsi-albirat-amb-ulls-dastronom\\\/\"},\"author\":{\"name\":\"Javier Rodr\u00edguez Sicilia\",\"@id\":\"https:\\\/\\\/raed.academy\\\/ca\\\/#\\\/schema\\\/person\\\/31af80688d8a2644644f48b63aa77ee1\"},\"headline\":\"L&#8217;eclipsi, albirat amb ulls d&#8217;astr\u00f2nom\",\"datePublished\":\"2026-09-02T09:23:23+00:00\",\"mainEntityOfPage\":{\"@id\":\"https:\\\/\\\/raed.academy\\\/ca\\\/leclipsi-albirat-amb-ulls-dastronom\\\/\"},\"wordCount\":661,\"publisher\":{\"@id\":\"https:\\\/\\\/raed.academy\\\/ca\\\/#organization\"},\"image\":{\"@id\":\"https:\\\/\\\/raed.academy\\\/ca\\\/leclipsi-albirat-amb-ulls-dastronom\\\/#primaryimage\"},\"thumbnailUrl\":\"https:\\\/\\\/raed.academy\\\/wp-content\\\/uploads\\\/2026\\\/07\\\/luna-eclipse-lunar-pixabay.com-no-attr-1.67.webp\",\"articleSection\":[\"Cosmologia\",\"Trobades Cient\u00edfiques i Congressos\"],\"inLanguage\":\"ca-ES\"},{\"@type\":\"WebPage\",\"@id\":\"https:\\\/\\\/raed.academy\\\/ca\\\/leclipsi-albirat-amb-ulls-dastronom\\\/\",\"url\":\"https:\\\/\\\/raed.academy\\\/ca\\\/leclipsi-albirat-amb-ulls-dastronom\\\/\",\"name\":\"L'eclipsi, albirat amb ulls d'astr\u00f2nom - Reial Acad\u00e8mia Europea de Doctors\",\"isPartOf\":{\"@id\":\"https:\\\/\\\/raed.academy\\\/ca\\\/#website\"},\"primaryImageOfPage\":{\"@id\":\"https:\\\/\\\/raed.academy\\\/ca\\\/leclipsi-albirat-amb-ulls-dastronom\\\/#primaryimage\"},\"image\":{\"@id\":\"https:\\\/\\\/raed.academy\\\/ca\\\/leclipsi-albirat-amb-ulls-dastronom\\\/#primaryimage\"},\"thumbnailUrl\":\"https:\\\/\\\/raed.academy\\\/wp-content\\\/uploads\\\/2026\\\/07\\\/luna-eclipse-lunar-pixabay.com-no-attr-1.67.webp\",\"datePublished\":\"2026-09-02T09:23:23+00:00\",\"description\":\"La RAED i la seva Fundaci\u00f3 celebren, juntament amb l'ACIHL, la Reuni\u00f3 Acad\u00e8mica Eclipse 2026 al municipi burgal\u00e8s d'Arija\",\"breadcrumb\":{\"@id\":\"https:\\\/\\\/raed.academy\\\/ca\\\/leclipsi-albirat-amb-ulls-dastronom\\\/#breadcrumb\"},\"inLanguage\":\"ca-ES\",\"potentialAction\":[{\"@type\":\"ReadAction\",\"target\":[\"https:\\\/\\\/raed.academy\\\/ca\\\/leclipsi-albirat-amb-ulls-dastronom\\\/\"]}]},{\"@type\":\"ImageObject\",\"inLanguage\":\"ca-ES\",\"@id\":\"https:\\\/\\\/raed.academy\\\/ca\\\/leclipsi-albirat-amb-ulls-dastronom\\\/#primaryimage\",\"url\":\"https:\\\/\\\/raed.academy\\\/wp-content\\\/uploads\\\/2026\\\/07\\\/luna-eclipse-lunar-pixabay.com-no-attr-1.67.webp\",\"contentUrl\":\"https:\\\/\\\/raed.academy\\\/wp-content\\\/uploads\\\/2026\\\/07\\\/luna-eclipse-lunar-pixabay.com-no-attr-1.67.webp\",\"width\":800,\"height\":480},{\"@type\":\"BreadcrumbList\",\"@id\":\"https:\\\/\\\/raed.academy\\\/ca\\\/leclipsi-albirat-amb-ulls-dastronom\\\/#breadcrumb\",\"itemListElement\":[{\"@type\":\"ListItem\",\"position\":1,\"name\":\"Inicio\",\"item\":\"https:\\\/\\\/raed.academy\\\/ca\\\/\"},{\"@type\":\"ListItem\",\"position\":2,\"name\":\"L&#8217;eclipsi, albirat amb ulls d&#8217;astr\u00f2nom\"}]},{\"@type\":\"WebSite\",\"@id\":\"https:\\\/\\\/raed.academy\\\/ca\\\/#website\",\"url\":\"https:\\\/\\\/raed.academy\\\/ca\\\/\",\"name\":\"Reial Acad\u00e8mia Europea de Doctors\",\"description\":\"Corporaci\u00f3n de derecho p\u00fablico de car\u00e1cter cient\u00edfico, t\u00e9cnico y art\u00edstico, que tiene por objeto la investigaci\u00f3n, el estudio, el fomento y la extensi\u00f3n del conocimiento en su sentido m\u00e1s amplio\",\"publisher\":{\"@id\":\"https:\\\/\\\/raed.academy\\\/ca\\\/#organization\"},\"potentialAction\":[{\"@type\":\"SearchAction\",\"target\":{\"@type\":\"EntryPoint\",\"urlTemplate\":\"https:\\\/\\\/raed.academy\\\/ca\\\/?s={search_term_string}\"},\"query-input\":{\"@type\":\"PropertyValueSpecification\",\"valueRequired\":true,\"valueName\":\"search_term_string\"}}],\"inLanguage\":\"ca-ES\"},{\"@type\":\"Organization\",\"@id\":\"https:\\\/\\\/raed.academy\\\/ca\\\/#organization\",\"name\":\"Real Academia Europea de Doctores\",\"url\":\"https:\\\/\\\/raed.academy\\\/ca\\\/\",\"logo\":{\"@type\":\"ImageObject\",\"inLanguage\":\"ca-ES\",\"@id\":\"https:\\\/\\\/raed.academy\\\/ca\\\/#\\\/schema\\\/logo\\\/image\\\/\",\"url\":\"https:\\\/\\\/raed.academy\\\/wp-content\\\/uploads\\\/2017\\\/01\\\/cropped-logo_raed.png\",\"contentUrl\":\"https:\\\/\\\/raed.academy\\\/wp-content\\\/uploads\\\/2017\\\/01\\\/cropped-logo_raed.png\",\"width\":512,\"height\":512,\"caption\":\"Real Academia Europea de Doctores\"},\"image\":{\"@id\":\"https:\\\/\\\/raed.academy\\\/ca\\\/#\\\/schema\\\/logo\\\/image\\\/\"},\"sameAs\":[\"http:\\\/\\\/fb.me\\\/raed.academy\",\"https:\\\/\\\/x.com\\\/raedacademy\",\"https:\\\/\\\/www.instagram.com\\\/raed.academy\\\/\",\"https:\\\/\\\/www.youtube.com\\\/channel\\\/UCUYQwW2KrdirNWihxMDObwg\"]},{\"@type\":\"Person\",\"@id\":\"https:\\\/\\\/raed.academy\\\/ca\\\/#\\\/schema\\\/person\\\/31af80688d8a2644644f48b63aa77ee1\",\"name\":\"Javier Rodr\u00edguez Sicilia\",\"image\":{\"@type\":\"ImageObject\",\"inLanguage\":\"ca-ES\",\"@id\":\"https:\\\/\\\/secure.gravatar.com\\\/avatar\\\/702200af99a88a3d626bc9ca2ee9361fa6e582e4455b1e641d8576c963ca66d5?s=96&d=mm&r=g\",\"url\":\"https:\\\/\\\/secure.gravatar.com\\\/avatar\\\/702200af99a88a3d626bc9ca2ee9361fa6e582e4455b1e641d8576c963ca66d5?s=96&d=mm&r=g\",\"contentUrl\":\"https:\\\/\\\/secure.gravatar.com\\\/avatar\\\/702200af99a88a3d626bc9ca2ee9361fa6e582e4455b1e641d8576c963ca66d5?s=96&d=mm&r=g\",\"caption\":\"Javier Rodr\u00edguez Sicilia\"}}]}<\/script>\n<!-- \/ Yoast SEO plugin. -->","yoast_head_json":{"title":"L'eclipsi, albirat amb ulls d'astr\u00f2nom - Reial Acad\u00e8mia Europea de Doctors","description":"La RAED i la seva Fundaci\u00f3 celebren, juntament amb l'ACIHL, la Reuni\u00f3 Acad\u00e8mica Eclipse 2026 al municipi burgal\u00e8s d'Arija","robots":{"index":"index","follow":"follow","max-snippet":"max-snippet:-1","max-image-preview":"max-image-preview:large","max-video-preview":"max-video-preview:-1"},"canonical":"https:\/\/raed.academy\/ca\/leclipsi-albirat-amb-ulls-dastronom\/","og_locale":"ca_ES","og_type":"article","og_title":"L'eclipsi, albirat amb ulls d'astr\u00f2nom - Reial Acad\u00e8mia Europea de Doctors","og_description":"La RAED i la seva Fundaci\u00f3 celebren, juntament amb l'ACIHL, la Reuni\u00f3 Acad\u00e8mica Eclipse 2026 al municipi burgal\u00e8s d'Arija","og_url":"https:\/\/raed.academy\/ca\/leclipsi-albirat-amb-ulls-dastronom\/","og_site_name":"Reial Acad\u00e8mia Europea de Doctors","article_publisher":"http:\/\/fb.me\/raed.academy","article_published_time":"2026-09-02T09:23:23+00:00","og_image":[{"width":800,"height":480,"url":"https:\/\/raed.academy\/wp-content\/uploads\/2026\/07\/luna-eclipse-lunar-pixabay.com-no-attr-1.67.webp","type":"image\/webp"}],"author":"Javier Rodr\u00edguez Sicilia","twitter_card":"summary_large_image","twitter_creator":"@raedacademy","twitter_site":"@raedacademy","twitter_misc":{"Written by":"Javier Rodr\u00edguez Sicilia","Est. reading time":"3 minutes"},"schema":{"@context":"https:\/\/schema.org","@graph":[{"@type":"Article","@id":"https:\/\/raed.academy\/ca\/leclipsi-albirat-amb-ulls-dastronom\/#article","isPartOf":{"@id":"https:\/\/raed.academy\/ca\/leclipsi-albirat-amb-ulls-dastronom\/"},"author":{"name":"Javier Rodr\u00edguez Sicilia","@id":"https:\/\/raed.academy\/ca\/#\/schema\/person\/31af80688d8a2644644f48b63aa77ee1"},"headline":"L&#8217;eclipsi, albirat amb ulls d&#8217;astr\u00f2nom","datePublished":"2026-09-02T09:23:23+00:00","mainEntityOfPage":{"@id":"https:\/\/raed.academy\/ca\/leclipsi-albirat-amb-ulls-dastronom\/"},"wordCount":661,"publisher":{"@id":"https:\/\/raed.academy\/ca\/#organization"},"image":{"@id":"https:\/\/raed.academy\/ca\/leclipsi-albirat-amb-ulls-dastronom\/#primaryimage"},"thumbnailUrl":"https:\/\/raed.academy\/wp-content\/uploads\/2026\/07\/luna-eclipse-lunar-pixabay.com-no-attr-1.67.webp","articleSection":["Cosmologia","Trobades Cient\u00edfiques i Congressos"],"inLanguage":"ca-ES"},{"@type":"WebPage","@id":"https:\/\/raed.academy\/ca\/leclipsi-albirat-amb-ulls-dastronom\/","url":"https:\/\/raed.academy\/ca\/leclipsi-albirat-amb-ulls-dastronom\/","name":"L'eclipsi, albirat amb ulls d'astr\u00f2nom - Reial Acad\u00e8mia Europea de Doctors","isPartOf":{"@id":"https:\/\/raed.academy\/ca\/#website"},"primaryImageOfPage":{"@id":"https:\/\/raed.academy\/ca\/leclipsi-albirat-amb-ulls-dastronom\/#primaryimage"},"image":{"@id":"https:\/\/raed.academy\/ca\/leclipsi-albirat-amb-ulls-dastronom\/#primaryimage"},"thumbnailUrl":"https:\/\/raed.academy\/wp-content\/uploads\/2026\/07\/luna-eclipse-lunar-pixabay.com-no-attr-1.67.webp","datePublished":"2026-09-02T09:23:23+00:00","description":"La RAED i la seva Fundaci\u00f3 celebren, juntament amb l'ACIHL, la Reuni\u00f3 Acad\u00e8mica Eclipse 2026 al municipi burgal\u00e8s d'Arija","breadcrumb":{"@id":"https:\/\/raed.academy\/ca\/leclipsi-albirat-amb-ulls-dastronom\/#breadcrumb"},"inLanguage":"ca-ES","potentialAction":[{"@type":"ReadAction","target":["https:\/\/raed.academy\/ca\/leclipsi-albirat-amb-ulls-dastronom\/"]}]},{"@type":"ImageObject","inLanguage":"ca-ES","@id":"https:\/\/raed.academy\/ca\/leclipsi-albirat-amb-ulls-dastronom\/#primaryimage","url":"https:\/\/raed.academy\/wp-content\/uploads\/2026\/07\/luna-eclipse-lunar-pixabay.com-no-attr-1.67.webp","contentUrl":"https:\/\/raed.academy\/wp-content\/uploads\/2026\/07\/luna-eclipse-lunar-pixabay.com-no-attr-1.67.webp","width":800,"height":480},{"@type":"BreadcrumbList","@id":"https:\/\/raed.academy\/ca\/leclipsi-albirat-amb-ulls-dastronom\/#breadcrumb","itemListElement":[{"@type":"ListItem","position":1,"name":"Inicio","item":"https:\/\/raed.academy\/ca\/"},{"@type":"ListItem","position":2,"name":"L&#8217;eclipsi, albirat amb ulls d&#8217;astr\u00f2nom"}]},{"@type":"WebSite","@id":"https:\/\/raed.academy\/ca\/#website","url":"https:\/\/raed.academy\/ca\/","name":"Reial Acad\u00e8mia Europea de Doctors","description":"Corporaci\u00f3n de derecho p\u00fablico de car\u00e1cter cient\u00edfico, t\u00e9cnico y art\u00edstico, que tiene por objeto la investigaci\u00f3n, el estudio, el fomento y la extensi\u00f3n del conocimiento en su sentido m\u00e1s amplio","publisher":{"@id":"https:\/\/raed.academy\/ca\/#organization"},"potentialAction":[{"@type":"SearchAction","target":{"@type":"EntryPoint","urlTemplate":"https:\/\/raed.academy\/ca\/?s={search_term_string}"},"query-input":{"@type":"PropertyValueSpecification","valueRequired":true,"valueName":"search_term_string"}}],"inLanguage":"ca-ES"},{"@type":"Organization","@id":"https:\/\/raed.academy\/ca\/#organization","name":"Real Academia Europea de Doctores","url":"https:\/\/raed.academy\/ca\/","logo":{"@type":"ImageObject","inLanguage":"ca-ES","@id":"https:\/\/raed.academy\/ca\/#\/schema\/logo\/image\/","url":"https:\/\/raed.academy\/wp-content\/uploads\/2017\/01\/cropped-logo_raed.png","contentUrl":"https:\/\/raed.academy\/wp-content\/uploads\/2017\/01\/cropped-logo_raed.png","width":512,"height":512,"caption":"Real Academia Europea de Doctores"},"image":{"@id":"https:\/\/raed.academy\/ca\/#\/schema\/logo\/image\/"},"sameAs":["http:\/\/fb.me\/raed.academy","https:\/\/x.com\/raedacademy","https:\/\/www.instagram.com\/raed.academy\/","https:\/\/www.youtube.com\/channel\/UCUYQwW2KrdirNWihxMDObwg"]},{"@type":"Person","@id":"https:\/\/raed.academy\/ca\/#\/schema\/person\/31af80688d8a2644644f48b63aa77ee1","name":"Javier Rodr\u00edguez Sicilia","image":{"@type":"ImageObject","inLanguage":"ca-ES","@id":"https:\/\/secure.gravatar.com\/avatar\/702200af99a88a3d626bc9ca2ee9361fa6e582e4455b1e641d8576c963ca66d5?s=96&d=mm&r=g","url":"https:\/\/secure.gravatar.com\/avatar\/702200af99a88a3d626bc9ca2ee9361fa6e582e4455b1e641d8576c963ca66d5?s=96&d=mm&r=g","contentUrl":"https:\/\/secure.gravatar.com\/avatar\/702200af99a88a3d626bc9ca2ee9361fa6e582e4455b1e641d8576c963ca66d5?s=96&d=mm&r=g","caption":"Javier Rodr\u00edguez Sicilia"}}]}},"_links":{"self":[{"href":"https:\/\/raed.academy\/ca\/wp-json\/wp\/v2\/posts\/188935","targetHints":{"allow":["GET"]}}],"collection":[{"href":"https:\/\/raed.academy\/ca\/wp-json\/wp\/v2\/posts"}],"about":[{"href":"https:\/\/raed.academy\/ca\/wp-json\/wp\/v2\/types\/post"}],"author":[{"embeddable":true,"href":"https:\/\/raed.academy\/ca\/wp-json\/wp\/v2\/users\/16"}],"replies":[{"embeddable":true,"href":"https:\/\/raed.academy\/ca\/wp-json\/wp\/v2\/comments?post=188935"}],"version-history":[{"count":1,"href":"https:\/\/raed.academy\/ca\/wp-json\/wp\/v2\/posts\/188935\/revisions"}],"predecessor-version":[{"id":188936,"href":"https:\/\/raed.academy\/ca\/wp-json\/wp\/v2\/posts\/188935\/revisions\/188936"}],"wp:featuredmedia":[{"embeddable":true,"href":"https:\/\/raed.academy\/ca\/wp-json\/wp\/v2\/media\/188256"}],"wp:attachment":[{"href":"https:\/\/raed.academy\/ca\/wp-json\/wp\/v2\/media?parent=188935"}],"wp:term":[{"taxonomy":"category","embeddable":true,"href":"https:\/\/raed.academy\/ca\/wp-json\/wp\/v2\/categories?post=188935"},{"taxonomy":"post_tag","embeddable":true,"href":"https:\/\/raed.academy\/ca\/wp-json\/wp\/v2\/tags?post=188935"}],"curies":[{"name":"wp","href":"https:\/\/api.w.org\/{rel}","templated":true}]}}