{"id":188931,"date":"2026-09-02T09:15:00","date_gmt":"2026-09-02T09:15:00","guid":{"rendered":"https:\/\/raed.academy\/?p=188931"},"modified":"2026-09-02T09:15:00","modified_gmt":"2026-09-02T09:15:00","slug":"ceuta-darrera-parada","status":"publish","type":"post","link":"https:\/\/raed.academy\/ca\/ceuta-darrera-parada\/","title":{"rendered":"Ceuta, darrera parada"},"content":{"rendered":"<p><img loading=\"lazy\" decoding=\"async\" class=\"aligncenter size-full wp-image-188881\" src=\"https:\/\/raed.academy\/wp-content\/uploads\/2026\/08\/crisis-migratoria-Espana-Ceuta-carrusel.webp\" alt=\"\" width=\"1600\" height=\"550\" srcset=\"https:\/\/raed.academy\/wp-content\/uploads\/2026\/08\/crisis-migratoria-Espana-Ceuta-carrusel.webp 1600w, https:\/\/raed.academy\/wp-content\/uploads\/2026\/08\/crisis-migratoria-Espana-Ceuta-carrusel-768x264.webp 768w, https:\/\/raed.academy\/wp-content\/uploads\/2026\/08\/crisis-migratoria-Espana-Ceuta-carrusel-1536x528.webp 1536w, https:\/\/raed.academy\/wp-content\/uploads\/2026\/08\/crisis-migratoria-Espana-Ceuta-carrusel-1080x371.webp 1080w\" sizes=\"(max-width: 1600px) 100vw, 1600px\" \/><\/p>\n<p><strong><em><a href=\"https:\/\/raed.academy\/academicos\/dra-teresa-freixes-sanjuan\/\" target=\"_blank\" rel=\"noopener noreferrer\">Teresa Freixes<\/a><\/em><\/strong>, catedr\u00e0tica <strong>Jean Monnet<\/strong> ad personam, presidenta de l&#8217;organitzaci\u00f3 internacional <strong>Citizens pro Europe<\/strong>, vicepresidenta de la plataforma ciutadana <strong>Sociedad Civil Catalana<\/strong> i acad\u00e8mica de n\u00famero i vicepresidenta de la <strong>Junta de Govern<\/strong> de la <strong>Real Acad\u00e8mia Europea de Doctors<\/strong> (RAED), reflexiona sobre la crisi migrat\u00f2ria que pateix Espanya des de l&#8217;assalt massiu de ciutadans marroquins a la frontera de Ceuta els passats 30 i 31 de juliol i altres aspectes de l&#8217;actualitat espanyola en els articles<strong> &#8220;Qu\u00e8 fem amb els menors estrangers que s\u00f3n a Ceuta?&#8221;<\/strong>,<strong> &#8220;Ceuta, citt\u00e0 aperta&#8221;<\/strong>, <strong>&#8220;Fets hist\u00f2rics, fen\u00f2mens f\u00edsics i mem\u00f2ria<\/strong><strong>&#8220;<\/strong> i <strong>&#8220;Costa avall i sense dents&#8221;<\/strong>, publicats al portal especialitzat<strong> Art\u00edculo 14<\/strong> i el diari digital <strong>The Objective<\/strong> entre el 9 i el 25 d&#8217;agost.<\/p>\n<p>A &#8220;Qu\u00e8 fem amb els menors estrangers que s\u00f3n a Ceuta?&#8221;, l&#8217;experta jurista esbossa el dret internacional humanitari i les pol\u00edtiques d&#8217;asil per aclarir la destinaci\u00f3 que han de tenir els menors que van entrar il\u00b7legalment a la ciutat aut\u00f2noma i hi romanen sense empara. &#8220;\u00c9s realment sorprenent que els pol\u00edtics amb comandament en pla\u00e7a vulguin establir ja el repartiment o l&#8217;acollida dels menors no acompanyats que s\u00f3n a Ceuta entre les comunitats aut\u00f2nomes. Ni tan sols saben, encara, quants s\u00f3n, ja que, si el <strong>Govern<\/strong> d&#8217;Espanya parla d&#8217;uns 1.500, les autoritats ceutines i les organitzacions presents a la zona en comptabilitzen m\u00e9s de 4.000 i ja se&#8217;ls volen repartir. Tampoc no els han pogut identificar ni comprovar cient\u00edficament que es tracti realment de menors. No s&#8217;ha buscat les fam\u00edlies, tot i que sembla que n&#8217;hi ha que estan intentant trobar-los pels seus propis mitjans, mirant que tornin a casa seva&#8221;, explica.<\/p>\n<p>D&#8217;altra banda, a &#8220;Ceuta, citt\u00e0 aperta&#8221;, la vicepresidenta de la Real Acad\u00e8mia reclamava abans de la seva adopci\u00f3 l&#8217;aplicaci\u00f3 de la llei de Seguretat Nacional davant uns fets descontrolats despr\u00e9s de la irrupci\u00f3 d&#8217;unes 70.000 persones a la ciutat espanyola nord-africana. &#8220;Amb qu\u00e8 ens trobem ara? Ens trobem amb una ciutat espanyola situada al nord d&#8217;\u00c0frica enva\u00efda, que durant gaireb\u00e9 dos dies va ser una ciutat sense llei, aclaparada per una allau de gaireb\u00e9 tants estrangers com habitants, sense acc\u00e9s a la m\u00e9s m\u00ednima salubritat, sense aliments ni aigua, sense serveis sanitaris operatius per a un nombre tan gran de possibles usuaris, sense allotjament, sense possibilitats d&#8217;identificaci\u00f3 per individualitzar les necessitats administratives, sense garantia de seguretat ni respecte ni per als qui hi van entrar ni per als aut\u00f2ctons, econ\u00f2micament col\u00b7lapsada, vivint en pr\u00e0ctic desemparament, sense que aquells que tenen l&#8217;obligaci\u00f3 legal d&#8217;afrontar els fets es dignin a preocupar-se pel que deuen, uns per estar de vacances musicals i, altres, per estar pendents de l&#8217;eclipsi\u2026&#8221;, considera.<\/p>\n<div id=\"attachment_157831\" style=\"width: 610px\" class=\"wp-caption alignright\"><img loading=\"lazy\" decoding=\"async\" aria-describedby=\"caption-attachment-157831\" class=\"size-full wp-image-157831\" src=\"https:\/\/raed.academy\/wp-content\/uploads\/2025\/01\/Teresa-Freixes-dst.webp\" alt=\"Teresa Freixes\" width=\"600\" height=\"360\" srcset=\"https:\/\/raed.academy\/wp-content\/uploads\/2025\/01\/Teresa-Freixes-dst.webp 600w, https:\/\/raed.academy\/wp-content\/uploads\/2025\/01\/Teresa-Freixes-dst-440x264.webp 440w\" sizes=\"(max-width: 600px) 100vw, 600px\" \/><p id=\"caption-attachment-157831\" class=\"wp-caption-text\">Dra. Teresa Freixes<\/p><\/div>\n<p>A &#8220;Fets hist\u00f2rics, fen\u00f2mens f\u00edsics i mem\u00f2ria&#8221;, la presidenta de Citizens pro Europe porta al present, arran de la vinculaci\u00f3 amb determinats fets hist\u00f2rics dels terratr\u00e8mols que ha patit la prov\u00edncia de Granada en les \u00faltimes setmanes, l&#8217;exist\u00e8ncia al municipi lleidat\u00e0 d&#8217;Els Omells d&#8217;un camp de treball del <strong>Servei d&#8217;Investigaci\u00f3 Militar<\/strong> de la Rep\u00fablica. &#8220;Hi van ser enviats m\u00e9s de 600 presos de la pres\u00f3 Model de Barcelona, la majoria empresonats per motius pol\u00edtics (no eren combatents capturats en combat), per ser cat\u00f2lics o burgesos, homosexuals, falangistes, advocats, professors, metges, aix\u00ed com desertors o republicans contraris a la deriva que estava prenent el r\u00e8gim, especialment milicians del <strong>POUM<\/strong> i anarquistes, despr\u00e9s dels Fets de Maig de 1937. Segons m&#8217;explicaven els ve\u00efns d&#8217;Els Omells, tot i que no els agradava gens fer-ho i havien de treure&#8217;ls la informaci\u00f3 a comptagotes, pr\u00e0cticament tot el poble funcionava com un camp de concentraci\u00f3, sense que ells, tamb\u00e9 exhaustivament vigilats, poguessin prendre contacte amb els presos&#8221;, narra.<\/p>\n<p>Finalment, a &#8220;Costa avall i sense dents&#8221;, Freixes enumera una s\u00e8rie d&#8217;episodis que han portat el Govern a mantenir fr\u00e0gils equilibris parlamentaris sense arribar a exercir les seves funcions com correspondria a qualsevol govern democr\u00e0tic. &#8220;L&#8217;executiu sanchista pret\u00e9n governar sense tenir en compte que el nostre sistema constitucional respon als principis de les monarquies parlament\u00e0ries, no a populismes presidencialistes, que \u00e9s a qu\u00e8 ens volen habituar. \u00c9s molt possible que sigui aquesta al\u00b7l\u00e8rgia al <strong>Parlament<\/strong> el que hi ha darrere de no voler aplicar les normes adequades a la situaci\u00f3 de Ceuta, mitjan\u00e7ant la declaraci\u00f3 d&#8217;inter\u00e8s per a la seguretat nacional, que implicaria haver-la d&#8217;anar a explicar al <strong>Congr\u00e9s<\/strong>; per no fer-ho, en lloc de crear un comandament \u00fanic, que \u00e9s el que prescriu la llei, detallant-ne les atribucions, li posen el sambenito de coordinador al ministre <strong>\u00c1ngel Torres<\/strong> perqu\u00e8 s&#8217;ho faci amb la situaci\u00f3. Creatius s\u00ed que ho s\u00f3n. El dolent \u00e9s que aquest creacionisme \u00e9s poc operatiu&#8221;, conclou.<\/p>\n<p><strong><a href=\"https:\/\/www.articulo14.es\/opinion\/que-hacemos-con-los-menores-extranjeros-que-estan-en-ceuta-20260817.html\" target=\"_blank\" rel=\"noopener\">Llegir &#8220;Qu\u00e8 fem amb els menors estrangers que s\u00f3n a Ceuta?&#8221;<\/a><br \/>\n<\/strong><strong><a href=\"https:\/\/theobjective.com\/elsubjetivo\/opinion\/2026-08-09\/ceuta-citta-aperta-articulo-freixes\/\" target=\"_blank\" rel=\"noopener\">Llegir &#8220;Ceuta, citt\u00e0 aperta&#8221;<\/a><br \/>\n<\/strong><a href=\"https:\/\/theobjective.com\/elsubjetivo\/opinion\/2026-08-23\/hechos-historicos-fenomenos-fisicos-y-memoria-articulo-teresa-freixes\/\" target=\"_blank\" rel=\"noopener\"><strong>Llegir &#8220;Fets hist\u00f2rics, fen\u00f2mens f\u00edsics i mem\u00f2ria<\/strong><\/a><strong>&#8221;<br \/>\n<\/strong><a href=\"https:\/\/www.articulo14.es\/opinion\/cuesta-abajo-y-sin-dientes-20260825.html\" target=\"_blank\" rel=\"noopener\"><strong>Llegir &#8220;Costa avall i sense dents&#8221;<\/strong><\/a><\/p>\n","protected":false},"excerpt":{"rendered":"<p>Teresa Freixes reflexiona sobre la crisi migrat\u00f2ria que pateix Espanya des de l&#8217;assalt massiu de ciutadans marroquins a la frontera de Ceuta els 30 i 31 de juliol passats, i altres aspectes de l&#8217;actualitat espanyola, en els \u00faltims articles<\/p>\n","protected":false},"author":16,"featured_media":188885,"comment_status":"closed","ping_status":"closed","sticky":false,"template":"","format":"standard","meta":{"_et_pb_use_builder":"","_et_pb_old_content":"","_et_gb_content_width":"","footnotes":""},"categories":[350,225,242,404],"tags":[],"class_list":["post-188931","post","type-post","status-publish","format-standard","has-post-thumbnail","hentry","category-ciencies-politiques","category-dret","category-categ-historia","category-historia-nacional-ca","et-has-post-format-content","et_post_format-et-post-format-standard"],"yoast_head":"<!-- This site is optimized with the Yoast SEO plugin v28.4 - https:\/\/yoast.com\/product\/yoast-seo-wordpress\/ -->\n<title>Ceuta, darrera parada - Reial Acad\u00e8mia Europea de Doctors<\/title>\n<meta name=\"description\" content=\"&quot;Qu\u00e8 fem amb els menors estrangers que s\u00f3n a Ceuta?&quot;. Teresa Freixes sobre la crisi migrat\u00f2ria d&#039;Espanya des de l&#039;assalt massiu de ciutadans marroquins\" \/>\n<meta name=\"robots\" content=\"index, follow, max-snippet:-1, max-image-preview:large, max-video-preview:-1\" \/>\n<link rel=\"canonical\" href=\"https:\/\/raed.academy\/ca\/ceuta-darrera-parada\/\" \/>\n<meta property=\"og:locale\" content=\"ca_ES\" \/>\n<meta property=\"og:type\" content=\"article\" \/>\n<meta property=\"og:title\" content=\"Ceuta, darrera parada - Reial Acad\u00e8mia Europea de Doctors\" \/>\n<meta property=\"og:description\" content=\"&quot;Qu\u00e8 fem amb els menors estrangers que s\u00f3n a Ceuta?&quot;. Teresa Freixes sobre la crisi migrat\u00f2ria d&#039;Espanya des de l&#039;assalt massiu de ciutadans marroquins\" \/>\n<meta property=\"og:url\" content=\"https:\/\/raed.academy\/ca\/ceuta-darrera-parada\/\" \/>\n<meta property=\"og:site_name\" content=\"Reial Acad\u00e8mia Europea de Doctors\" \/>\n<meta property=\"article:publisher\" content=\"http:\/\/fb.me\/raed.academy\" \/>\n<meta property=\"article:published_time\" content=\"2026-09-02T09:15:00+00:00\" \/>\n<meta property=\"og:image\" content=\"https:\/\/raed.academy\/wp-content\/uploads\/2026\/08\/crisis-migratoria-Espana-Ceuta-dst.webp\" \/>\n\t<meta property=\"og:image:width\" content=\"600\" \/>\n\t<meta property=\"og:image:height\" content=\"360\" \/>\n\t<meta property=\"og:image:type\" content=\"image\/webp\" \/>\n<meta name=\"author\" content=\"Javier Rodr\u00edguez Sicilia\" \/>\n<meta name=\"twitter:card\" content=\"summary_large_image\" \/>\n<meta name=\"twitter:creator\" content=\"@raedacademy\" \/>\n<meta name=\"twitter:site\" content=\"@raedacademy\" \/>\n<meta name=\"twitter:label1\" content=\"Written by\" \/>\n\t<meta name=\"twitter:data1\" content=\"Javier Rodr\u00edguez Sicilia\" \/>\n\t<meta name=\"twitter:label2\" content=\"Est. reading time\" \/>\n\t<meta name=\"twitter:data2\" content=\"5 minutes\" \/>\n<script type=\"application\/ld+json\" class=\"yoast-schema-graph\">{\"@context\":\"https:\\\/\\\/schema.org\",\"@graph\":[{\"@type\":\"Article\",\"@id\":\"https:\\\/\\\/raed.academy\\\/ca\\\/ceuta-darrera-parada\\\/#article\",\"isPartOf\":{\"@id\":\"https:\\\/\\\/raed.academy\\\/ca\\\/ceuta-darrera-parada\\\/\"},\"author\":{\"name\":\"Javier Rodr\u00edguez Sicilia\",\"@id\":\"https:\\\/\\\/raed.academy\\\/ca\\\/#\\\/schema\\\/person\\\/31af80688d8a2644644f48b63aa77ee1\"},\"headline\":\"Ceuta, darrera parada\",\"datePublished\":\"2026-09-02T09:15:00+00:00\",\"mainEntityOfPage\":{\"@id\":\"https:\\\/\\\/raed.academy\\\/ca\\\/ceuta-darrera-parada\\\/\"},\"wordCount\":889,\"publisher\":{\"@id\":\"https:\\\/\\\/raed.academy\\\/ca\\\/#organization\"},\"image\":{\"@id\":\"https:\\\/\\\/raed.academy\\\/ca\\\/ceuta-darrera-parada\\\/#primaryimage\"},\"thumbnailUrl\":\"https:\\\/\\\/raed.academy\\\/wp-content\\\/uploads\\\/2026\\\/08\\\/crisis-migratoria-Espana-Ceuta-dst.webp\",\"articleSection\":[\"Ci\u00e8ncies pol\u00edtiques\",\"Dret\",\"Hist\u00f2ria\",\"Hist\u00f2ria nacional\"],\"inLanguage\":\"ca-ES\"},{\"@type\":\"WebPage\",\"@id\":\"https:\\\/\\\/raed.academy\\\/ca\\\/ceuta-darrera-parada\\\/\",\"url\":\"https:\\\/\\\/raed.academy\\\/ca\\\/ceuta-darrera-parada\\\/\",\"name\":\"Ceuta, darrera parada - Reial Acad\u00e8mia Europea de Doctors\",\"isPartOf\":{\"@id\":\"https:\\\/\\\/raed.academy\\\/ca\\\/#website\"},\"primaryImageOfPage\":{\"@id\":\"https:\\\/\\\/raed.academy\\\/ca\\\/ceuta-darrera-parada\\\/#primaryimage\"},\"image\":{\"@id\":\"https:\\\/\\\/raed.academy\\\/ca\\\/ceuta-darrera-parada\\\/#primaryimage\"},\"thumbnailUrl\":\"https:\\\/\\\/raed.academy\\\/wp-content\\\/uploads\\\/2026\\\/08\\\/crisis-migratoria-Espana-Ceuta-dst.webp\",\"datePublished\":\"2026-09-02T09:15:00+00:00\",\"description\":\"\\\"Qu\u00e8 fem amb els menors estrangers que s\u00f3n a Ceuta?\\\". Teresa Freixes sobre la crisi migrat\u00f2ria d'Espanya des de l'assalt massiu de ciutadans marroquins\",\"breadcrumb\":{\"@id\":\"https:\\\/\\\/raed.academy\\\/ca\\\/ceuta-darrera-parada\\\/#breadcrumb\"},\"inLanguage\":\"ca-ES\",\"potentialAction\":[{\"@type\":\"ReadAction\",\"target\":[\"https:\\\/\\\/raed.academy\\\/ca\\\/ceuta-darrera-parada\\\/\"]}]},{\"@type\":\"ImageObject\",\"inLanguage\":\"ca-ES\",\"@id\":\"https:\\\/\\\/raed.academy\\\/ca\\\/ceuta-darrera-parada\\\/#primaryimage\",\"url\":\"https:\\\/\\\/raed.academy\\\/wp-content\\\/uploads\\\/2026\\\/08\\\/crisis-migratoria-Espana-Ceuta-dst.webp\",\"contentUrl\":\"https:\\\/\\\/raed.academy\\\/wp-content\\\/uploads\\\/2026\\\/08\\\/crisis-migratoria-Espana-Ceuta-dst.webp\",\"width\":600,\"height\":360},{\"@type\":\"BreadcrumbList\",\"@id\":\"https:\\\/\\\/raed.academy\\\/ca\\\/ceuta-darrera-parada\\\/#breadcrumb\",\"itemListElement\":[{\"@type\":\"ListItem\",\"position\":1,\"name\":\"Inicio\",\"item\":\"https:\\\/\\\/raed.academy\\\/ca\\\/\"},{\"@type\":\"ListItem\",\"position\":2,\"name\":\"Ceuta, darrera parada\"}]},{\"@type\":\"WebSite\",\"@id\":\"https:\\\/\\\/raed.academy\\\/ca\\\/#website\",\"url\":\"https:\\\/\\\/raed.academy\\\/ca\\\/\",\"name\":\"Reial Acad\u00e8mia Europea de Doctors\",\"description\":\"Corporaci\u00f3n de derecho p\u00fablico de car\u00e1cter cient\u00edfico, t\u00e9cnico y art\u00edstico, que tiene por objeto la investigaci\u00f3n, el estudio, el fomento y la extensi\u00f3n del conocimiento en su sentido m\u00e1s amplio\",\"publisher\":{\"@id\":\"https:\\\/\\\/raed.academy\\\/ca\\\/#organization\"},\"potentialAction\":[{\"@type\":\"SearchAction\",\"target\":{\"@type\":\"EntryPoint\",\"urlTemplate\":\"https:\\\/\\\/raed.academy\\\/ca\\\/?s={search_term_string}\"},\"query-input\":{\"@type\":\"PropertyValueSpecification\",\"valueRequired\":true,\"valueName\":\"search_term_string\"}}],\"inLanguage\":\"ca-ES\"},{\"@type\":\"Organization\",\"@id\":\"https:\\\/\\\/raed.academy\\\/ca\\\/#organization\",\"name\":\"Real Academia Europea de Doctores\",\"url\":\"https:\\\/\\\/raed.academy\\\/ca\\\/\",\"logo\":{\"@type\":\"ImageObject\",\"inLanguage\":\"ca-ES\",\"@id\":\"https:\\\/\\\/raed.academy\\\/ca\\\/#\\\/schema\\\/logo\\\/image\\\/\",\"url\":\"https:\\\/\\\/raed.academy\\\/wp-content\\\/uploads\\\/2017\\\/01\\\/cropped-logo_raed.png\",\"contentUrl\":\"https:\\\/\\\/raed.academy\\\/wp-content\\\/uploads\\\/2017\\\/01\\\/cropped-logo_raed.png\",\"width\":512,\"height\":512,\"caption\":\"Real Academia Europea de Doctores\"},\"image\":{\"@id\":\"https:\\\/\\\/raed.academy\\\/ca\\\/#\\\/schema\\\/logo\\\/image\\\/\"},\"sameAs\":[\"http:\\\/\\\/fb.me\\\/raed.academy\",\"https:\\\/\\\/x.com\\\/raedacademy\",\"https:\\\/\\\/www.instagram.com\\\/raed.academy\\\/\",\"https:\\\/\\\/www.youtube.com\\\/channel\\\/UCUYQwW2KrdirNWihxMDObwg\"]},{\"@type\":\"Person\",\"@id\":\"https:\\\/\\\/raed.academy\\\/ca\\\/#\\\/schema\\\/person\\\/31af80688d8a2644644f48b63aa77ee1\",\"name\":\"Javier Rodr\u00edguez Sicilia\",\"image\":{\"@type\":\"ImageObject\",\"inLanguage\":\"ca-ES\",\"@id\":\"https:\\\/\\\/secure.gravatar.com\\\/avatar\\\/702200af99a88a3d626bc9ca2ee9361fa6e582e4455b1e641d8576c963ca66d5?s=96&d=mm&r=g\",\"url\":\"https:\\\/\\\/secure.gravatar.com\\\/avatar\\\/702200af99a88a3d626bc9ca2ee9361fa6e582e4455b1e641d8576c963ca66d5?s=96&d=mm&r=g\",\"contentUrl\":\"https:\\\/\\\/secure.gravatar.com\\\/avatar\\\/702200af99a88a3d626bc9ca2ee9361fa6e582e4455b1e641d8576c963ca66d5?s=96&d=mm&r=g\",\"caption\":\"Javier Rodr\u00edguez Sicilia\"}}]}<\/script>\n<!-- \/ Yoast SEO plugin. -->","yoast_head_json":{"title":"Ceuta, darrera parada - Reial Acad\u00e8mia Europea de Doctors","description":"\"Qu\u00e8 fem amb els menors estrangers que s\u00f3n a Ceuta?\". Teresa Freixes sobre la crisi migrat\u00f2ria d'Espanya des de l'assalt massiu de ciutadans marroquins","robots":{"index":"index","follow":"follow","max-snippet":"max-snippet:-1","max-image-preview":"max-image-preview:large","max-video-preview":"max-video-preview:-1"},"canonical":"https:\/\/raed.academy\/ca\/ceuta-darrera-parada\/","og_locale":"ca_ES","og_type":"article","og_title":"Ceuta, darrera parada - Reial Acad\u00e8mia Europea de Doctors","og_description":"\"Qu\u00e8 fem amb els menors estrangers que s\u00f3n a Ceuta?\". Teresa Freixes sobre la crisi migrat\u00f2ria d'Espanya des de l'assalt massiu de ciutadans marroquins","og_url":"https:\/\/raed.academy\/ca\/ceuta-darrera-parada\/","og_site_name":"Reial Acad\u00e8mia Europea de Doctors","article_publisher":"http:\/\/fb.me\/raed.academy","article_published_time":"2026-09-02T09:15:00+00:00","og_image":[{"width":600,"height":360,"url":"https:\/\/raed.academy\/wp-content\/uploads\/2026\/08\/crisis-migratoria-Espana-Ceuta-dst.webp","type":"image\/webp"}],"author":"Javier Rodr\u00edguez Sicilia","twitter_card":"summary_large_image","twitter_creator":"@raedacademy","twitter_site":"@raedacademy","twitter_misc":{"Written by":"Javier Rodr\u00edguez Sicilia","Est. reading time":"5 minutes"},"schema":{"@context":"https:\/\/schema.org","@graph":[{"@type":"Article","@id":"https:\/\/raed.academy\/ca\/ceuta-darrera-parada\/#article","isPartOf":{"@id":"https:\/\/raed.academy\/ca\/ceuta-darrera-parada\/"},"author":{"name":"Javier Rodr\u00edguez Sicilia","@id":"https:\/\/raed.academy\/ca\/#\/schema\/person\/31af80688d8a2644644f48b63aa77ee1"},"headline":"Ceuta, darrera parada","datePublished":"2026-09-02T09:15:00+00:00","mainEntityOfPage":{"@id":"https:\/\/raed.academy\/ca\/ceuta-darrera-parada\/"},"wordCount":889,"publisher":{"@id":"https:\/\/raed.academy\/ca\/#organization"},"image":{"@id":"https:\/\/raed.academy\/ca\/ceuta-darrera-parada\/#primaryimage"},"thumbnailUrl":"https:\/\/raed.academy\/wp-content\/uploads\/2026\/08\/crisis-migratoria-Espana-Ceuta-dst.webp","articleSection":["Ci\u00e8ncies pol\u00edtiques","Dret","Hist\u00f2ria","Hist\u00f2ria nacional"],"inLanguage":"ca-ES"},{"@type":"WebPage","@id":"https:\/\/raed.academy\/ca\/ceuta-darrera-parada\/","url":"https:\/\/raed.academy\/ca\/ceuta-darrera-parada\/","name":"Ceuta, darrera parada - Reial Acad\u00e8mia Europea de Doctors","isPartOf":{"@id":"https:\/\/raed.academy\/ca\/#website"},"primaryImageOfPage":{"@id":"https:\/\/raed.academy\/ca\/ceuta-darrera-parada\/#primaryimage"},"image":{"@id":"https:\/\/raed.academy\/ca\/ceuta-darrera-parada\/#primaryimage"},"thumbnailUrl":"https:\/\/raed.academy\/wp-content\/uploads\/2026\/08\/crisis-migratoria-Espana-Ceuta-dst.webp","datePublished":"2026-09-02T09:15:00+00:00","description":"\"Qu\u00e8 fem amb els menors estrangers que s\u00f3n a Ceuta?\". Teresa Freixes sobre la crisi migrat\u00f2ria d'Espanya des de l'assalt massiu de ciutadans marroquins","breadcrumb":{"@id":"https:\/\/raed.academy\/ca\/ceuta-darrera-parada\/#breadcrumb"},"inLanguage":"ca-ES","potentialAction":[{"@type":"ReadAction","target":["https:\/\/raed.academy\/ca\/ceuta-darrera-parada\/"]}]},{"@type":"ImageObject","inLanguage":"ca-ES","@id":"https:\/\/raed.academy\/ca\/ceuta-darrera-parada\/#primaryimage","url":"https:\/\/raed.academy\/wp-content\/uploads\/2026\/08\/crisis-migratoria-Espana-Ceuta-dst.webp","contentUrl":"https:\/\/raed.academy\/wp-content\/uploads\/2026\/08\/crisis-migratoria-Espana-Ceuta-dst.webp","width":600,"height":360},{"@type":"BreadcrumbList","@id":"https:\/\/raed.academy\/ca\/ceuta-darrera-parada\/#breadcrumb","itemListElement":[{"@type":"ListItem","position":1,"name":"Inicio","item":"https:\/\/raed.academy\/ca\/"},{"@type":"ListItem","position":2,"name":"Ceuta, darrera parada"}]},{"@type":"WebSite","@id":"https:\/\/raed.academy\/ca\/#website","url":"https:\/\/raed.academy\/ca\/","name":"Reial Acad\u00e8mia Europea de Doctors","description":"Corporaci\u00f3n de derecho p\u00fablico de car\u00e1cter cient\u00edfico, t\u00e9cnico y art\u00edstico, que tiene por objeto la investigaci\u00f3n, el estudio, el fomento y la extensi\u00f3n del conocimiento en su sentido m\u00e1s amplio","publisher":{"@id":"https:\/\/raed.academy\/ca\/#organization"},"potentialAction":[{"@type":"SearchAction","target":{"@type":"EntryPoint","urlTemplate":"https:\/\/raed.academy\/ca\/?s={search_term_string}"},"query-input":{"@type":"PropertyValueSpecification","valueRequired":true,"valueName":"search_term_string"}}],"inLanguage":"ca-ES"},{"@type":"Organization","@id":"https:\/\/raed.academy\/ca\/#organization","name":"Real Academia Europea de Doctores","url":"https:\/\/raed.academy\/ca\/","logo":{"@type":"ImageObject","inLanguage":"ca-ES","@id":"https:\/\/raed.academy\/ca\/#\/schema\/logo\/image\/","url":"https:\/\/raed.academy\/wp-content\/uploads\/2017\/01\/cropped-logo_raed.png","contentUrl":"https:\/\/raed.academy\/wp-content\/uploads\/2017\/01\/cropped-logo_raed.png","width":512,"height":512,"caption":"Real Academia Europea de Doctores"},"image":{"@id":"https:\/\/raed.academy\/ca\/#\/schema\/logo\/image\/"},"sameAs":["http:\/\/fb.me\/raed.academy","https:\/\/x.com\/raedacademy","https:\/\/www.instagram.com\/raed.academy\/","https:\/\/www.youtube.com\/channel\/UCUYQwW2KrdirNWihxMDObwg"]},{"@type":"Person","@id":"https:\/\/raed.academy\/ca\/#\/schema\/person\/31af80688d8a2644644f48b63aa77ee1","name":"Javier Rodr\u00edguez Sicilia","image":{"@type":"ImageObject","inLanguage":"ca-ES","@id":"https:\/\/secure.gravatar.com\/avatar\/702200af99a88a3d626bc9ca2ee9361fa6e582e4455b1e641d8576c963ca66d5?s=96&d=mm&r=g","url":"https:\/\/secure.gravatar.com\/avatar\/702200af99a88a3d626bc9ca2ee9361fa6e582e4455b1e641d8576c963ca66d5?s=96&d=mm&r=g","contentUrl":"https:\/\/secure.gravatar.com\/avatar\/702200af99a88a3d626bc9ca2ee9361fa6e582e4455b1e641d8576c963ca66d5?s=96&d=mm&r=g","caption":"Javier Rodr\u00edguez Sicilia"}}]}},"_links":{"self":[{"href":"https:\/\/raed.academy\/ca\/wp-json\/wp\/v2\/posts\/188931","targetHints":{"allow":["GET"]}}],"collection":[{"href":"https:\/\/raed.academy\/ca\/wp-json\/wp\/v2\/posts"}],"about":[{"href":"https:\/\/raed.academy\/ca\/wp-json\/wp\/v2\/types\/post"}],"author":[{"embeddable":true,"href":"https:\/\/raed.academy\/ca\/wp-json\/wp\/v2\/users\/16"}],"replies":[{"embeddable":true,"href":"https:\/\/raed.academy\/ca\/wp-json\/wp\/v2\/comments?post=188931"}],"version-history":[{"count":1,"href":"https:\/\/raed.academy\/ca\/wp-json\/wp\/v2\/posts\/188931\/revisions"}],"predecessor-version":[{"id":188934,"href":"https:\/\/raed.academy\/ca\/wp-json\/wp\/v2\/posts\/188931\/revisions\/188934"}],"wp:featuredmedia":[{"embeddable":true,"href":"https:\/\/raed.academy\/ca\/wp-json\/wp\/v2\/media\/188885"}],"wp:attachment":[{"href":"https:\/\/raed.academy\/ca\/wp-json\/wp\/v2\/media?parent=188931"}],"wp:term":[{"taxonomy":"category","embeddable":true,"href":"https:\/\/raed.academy\/ca\/wp-json\/wp\/v2\/categories?post=188931"},{"taxonomy":"post_tag","embeddable":true,"href":"https:\/\/raed.academy\/ca\/wp-json\/wp\/v2\/tags?post=188931"}],"curies":[{"name":"wp","href":"https:\/\/api.w.org\/{rel}","templated":true}]}}